{"id":105856,"date":"2026-09-03T09:33:24","date_gmt":"2026-09-03T09:33:24","guid":{"rendered":"https:\/\/www.shqiperia.com\/blog\/?p=105856"},"modified":"2026-09-03T09:33:24","modified_gmt":"2026-09-03T09:33:24","slug":"delegacioni-i-spak-zhvilloi-12-takime-te-nivelit-te-larte-me-homologe-nga-shba-kolumbia-ekuadori-ukraina-paraguaji-dhe-argjentina","status":"publish","type":"post","link":"https:\/\/www.shqiperia.com\/blog\/delegacioni-i-spak-zhvilloi-12-takime-te-nivelit-te-larte-me-homologe-nga-shba-kolumbia-ekuadori-ukraina-paraguaji-dhe-argjentina\/","title":{"rendered":"Delegacioni i SPAK zhvilloi 12 takime t\u00eb nivelit t\u00eb lart\u00eb me homolog\u00eb nga SHBA, Kolumbia, Ekuadori, Ukraina, Paraguaji dhe Argjentina."},"content":{"rendered":"<h5><img data-recalc-dims=\"1\" loading=\"lazy\" decoding=\"async\" data-attachment-id=\"105857\" data-permalink=\"https:\/\/www.shqiperia.com\/blog\/delegacioni-i-spak-zhvilloi-12-takime-te-nivelit-te-larte-me-homologe-nga-shba-kolumbia-ekuadori-ukraina-paraguaji-dhe-argjentina\/800-0-politike-fq-3-takimet-dea-6a992f9f405d5\/\" data-orig-file=\"https:\/\/i0.wp.com\/www.shqiperia.com\/blog\/wp-content\/uploads\/2026\/09\/800-0-politike-fq-3-takimet-dea-6a992f9f405d5.jpg?fit=800%2C447&amp;ssl=1\" data-orig-size=\"800,447\" data-comments-opened=\"1\" data-image-meta=\"{&quot;aperture&quot;:&quot;0&quot;,&quot;credit&quot;:&quot;&quot;,&quot;camera&quot;:&quot;&quot;,&quot;caption&quot;:&quot;&quot;,&quot;created_timestamp&quot;:&quot;0&quot;,&quot;copyright&quot;:&quot;&quot;,&quot;focal_length&quot;:&quot;0&quot;,&quot;iso&quot;:&quot;0&quot;,&quot;shutter_speed&quot;:&quot;0&quot;,&quot;title&quot;:&quot;&quot;,&quot;orientation&quot;:&quot;0&quot;}\" data-image-title=\"-800-0-politike-fq-3-takimet-dea-6a992f9f405d5\" data-image-description=\"\" data-image-caption=\"\" data-medium-file=\"https:\/\/i0.wp.com\/www.shqiperia.com\/blog\/wp-content\/uploads\/2026\/09\/800-0-politike-fq-3-takimet-dea-6a992f9f405d5.jpg?fit=300%2C168&amp;ssl=1\" data-large-file=\"https:\/\/i0.wp.com\/www.shqiperia.com\/blog\/wp-content\/uploads\/2026\/09\/800-0-politike-fq-3-takimet-dea-6a992f9f405d5.jpg?fit=800%2C447&amp;ssl=1\" class=\"alignnone  wp-image-105857\" alt=\"\" src=\"https:\/\/i0.wp.com\/www.shqiperia.com\/blog\/wp-content\/uploads\/2026\/09\/800-0-politike-fq-3-takimet-dea-6a992f9f405d5.jpg?resize=563%2C315&#038;ssl=1\" width=\"563\" height=\"315\" srcset=\"https:\/\/i0.wp.com\/www.shqiperia.com\/blog\/wp-content\/uploads\/2026\/09\/800-0-politike-fq-3-takimet-dea-6a992f9f405d5.jpg?resize=300%2C168&amp;ssl=1 300w, https:\/\/i0.wp.com\/www.shqiperia.com\/blog\/wp-content\/uploads\/2026\/09\/800-0-politike-fq-3-takimet-dea-6a992f9f405d5.jpg?resize=768%2C429&amp;ssl=1 768w, https:\/\/i0.wp.com\/www.shqiperia.com\/blog\/wp-content\/uploads\/2026\/09\/800-0-politike-fq-3-takimet-dea-6a992f9f405d5.jpg?resize=450%2C251&amp;ssl=1 450w, https:\/\/i0.wp.com\/www.shqiperia.com\/blog\/wp-content\/uploads\/2026\/09\/800-0-politike-fq-3-takimet-dea-6a992f9f405d5.jpg?resize=600%2C335&amp;ssl=1 600w, https:\/\/i0.wp.com\/www.shqiperia.com\/blog\/wp-content\/uploads\/2026\/09\/800-0-politike-fq-3-takimet-dea-6a992f9f405d5.jpg?resize=400%2C224&amp;ssl=1 400w, https:\/\/i0.wp.com\/www.shqiperia.com\/blog\/wp-content\/uploads\/2026\/09\/800-0-politike-fq-3-takimet-dea-6a992f9f405d5.jpg?w=800&amp;ssl=1 800w\" sizes=\"auto, (max-width: 563px) 100vw, 563px\" \/><\/h5>\n<h5>3 Shtator 2026<\/h5>\n<h5>Shqip\u00ebria, streh\u00eb p\u00ebr kartelet e drog\u00ebs, qeveria \u201cRama\u201d n\u00ebn sh\u00ebnjest\u00ebr t\u00eb Trump, SHBA fut SPAK-un n\u00eb operacionin gjigant global, 12 takime me DEA-n p\u00ebr &#8220;peshqit e m\u00ebdhenj&#8221;, \u00e7far\u00eb pritet t\u00eb ndodh\u00eb?<\/h5>\n<p>SPAK po hyn n\u00eb nj\u00eb faz\u00eb t\u00eb re t\u00eb bashk\u00ebpunimit nd\u00ebrkomb\u00ebtar kund\u00ebr trafikut t\u00eb drog\u00ebs dhe krimit t\u00eb organizuar. N\u00eb pak muaj, drejtuesi i Prokuroris\u00eb s\u00eb Posa\u00e7me, Klodian Braho, dhe prokuror\u00eb t\u00eb SPAK jan\u00eb b\u00ebr\u00eb pjes\u00eb e takimeve t\u00eb p\u00ebrs\u00ebritura t\u00eb strukturave amerikane t\u00eb antidrog\u00ebs, nd\u00ebrsa k\u00ebt\u00eb her\u00eb jan\u00eb ulur n\u00eb Buenos Aires n\u00eb konferenc\u00ebn nd\u00ebrkomb\u00ebtare IDEC40 t\u00eb organizuar nga DEA.<\/p>\n<p>N\u00eb k\u00ebt\u00eb forum nuk u diskutua thjesht p\u00ebr shk\u00ebmbim informacioni. Objektivi \u00ebsht\u00eb integrimi operacional, koordinimi dhe bashk\u00ebrendimi i veprimeve kund\u00ebr organizatave kriminale nd\u00ebrkomb\u00ebtare. Pas konferenc\u00ebs, delegacioni i SPAK zhvilloi 12 takime t\u00eb nivelit t\u00eb lart\u00eb me homolog\u00eb nga SHBA, Kolumbia, Ekuadori, Ukraina, Paraguaji dhe Argjentina.<\/p>\n<p>P\u00ebr Shqip\u00ebrin\u00eb, pjes\u00ebmarrja merr nj\u00eb tjet\u00ebr p\u00ebrmas\u00eb. DEA ka prej vitesh prani n\u00eb Tiran\u00eb dhe tashm\u00eb SPAK \u00ebsht\u00eb futur n\u00eb nj\u00eb mekaniz\u00ebm ku n\u00eb t\u00eb nj\u00ebjt\u00ebn tryez\u00eb jan\u00eb vendosur vendet ku prodhohen e tranzitohen droga dhe strukturat q\u00eb ndjekin rrjetet kriminale deri n\u00eb destinacionet europiane.<\/p>\n<p>Kolumbia dhe Ekuadori jan\u00eb ve\u00e7an\u00ebrisht t\u00eb r\u00ebnd\u00ebsish\u00ebm n\u00eb k\u00ebt\u00eb panoram\u00eb, pasi grupet shqiptare jan\u00eb p\u00ebrfshir\u00eb n\u00eb trafikun e kokain\u00ebs nga Amerika Latine drejt Europ\u00ebs, nd\u00ebrsa parat\u00eb e krijuara nga narkotrafiku lidhen me pastrimin e kapitalit, investime kriminale dhe dep\u00ebrtimin n\u00eb ekonomin\u00eb formale.<\/p>\n<p><strong>Politika dhe krimi<\/strong><\/p>\n<p>K\u00ebtu dosja e drog\u00ebs p\u00ebrplaset drejtp\u00ebrdrejt me politik\u00ebn shqiptare. Sepse n\u00ebse rrjetet kriminale shqiptare kan\u00eb arritur t\u00eb shtrihen deri n\u00eb Amerik\u00ebn Latine, t\u00eb l\u00ebvizin shuma marramend\u00ebse dhe t\u00eb rikthejn\u00eb kapitalin n\u00eb Shqip\u00ebri p\u00ebrmes investimeve, nd\u00ebrtimeve e kontratave publike, at\u00ebher\u00eb nuk mund t\u00eb flitet m\u00eb vet\u00ebm p\u00ebr trafikant\u00eb q\u00eb veprojn\u00eb jasht\u00eb sistemit.<\/p>\n<p>N\u00eb k\u00ebt\u00eb skenar, akuza ndaj qeveris\u00eb s\u00eb Edi Ram\u00ebs \u00ebsht\u00eb se krimi i organizuar nuk ka gjetur thjesht nj\u00eb shtet t\u00eb paaft\u00eb p\u00ebr ta ndalur, por nj\u00eb sistem ku mund t\u00eb krijoj\u00eb lidhje me pushtetin, t\u00eb siguroj\u00eb hap\u00ebsir\u00eb p\u00ebr bizneset e tij dhe t\u00eb ricikloj\u00eb parat\u00eb e drog\u00ebs n\u00eb ekonomin\u00eb shqiptare. Kjo e zhvendos p\u00ebrgjegj\u00ebsin\u00eb nga rruga te zyrat e shtetit. Tender\u00ebt publik\u00eb, lejet e nd\u00ebrtimit, investimet dhe pasurit\u00eb b\u00ebhen hallka ku duhet k\u00ebrkuar destinacioni i parave<\/p>\n<p>N\u00ebse persona t\u00eb lidhur me bot\u00ebn kriminale vazhdojn\u00eb t\u00eb ken\u00eb akses n\u00eb k\u00ebto mund\u00ebsi edhe kur ndodhen n\u00eb burg ose n\u00eb arrati, at\u00ebher\u00eb dyshimi nuk ndalet te organizatat q\u00eb trafikojn\u00eb drog\u00ebn. Ai shkon te njer\u00ebzit q\u00eb ua mund\u00ebsojn\u00eb k\u00ebtyre rrjeteve t\u00eb funksionojn\u00eb.<\/p>\n<p>N\u00eb k\u00ebt\u00eb pik\u00eb, emri i Edi Ram\u00ebs del n\u00eb qend\u00ebr t\u00eb p\u00ebrplasjes politike. Akuza q\u00eb ngrihet n\u00eb k\u00ebt\u00eb skenar \u00ebsht\u00eb se pushteti i tij ka toleruar, favorizuar ose leht\u00ebsuar krijimin e nj\u00eb terreni ku grupet kriminale mund t\u00eb shnd\u00ebrrojn\u00eb parat\u00eb e drog\u00ebs n\u00eb fuqi ekonomike dhe politike.<\/p>\n<p><strong>Zinxhiri<\/strong><\/p>\n<p>SPAK tashm\u00eb ka p\u00ebrpara nj\u00eb prov\u00eb shum\u00eb m\u00eb t\u00eb madhe se arrestimi i individ\u00ebve t\u00eb ve\u00e7ant\u00eb. Bashk\u00ebpunimi me DEA-n dhe autoritetet e Kolumbis\u00eb, Ekuadorit, Argjentin\u00ebs dhe vendeve t\u00eb tjera i jep mund\u00ebsin\u00eb Prokuroris\u00eb Speciale t\u00eb ndjek\u00eb t\u00eb gjith\u00eb zinxhirin: nga trafiku, te parat\u00eb, nga pastrimi, te investimet dhe nga kompanit\u00eb, te lidhjet politike. N\u00ebse dosjet nd\u00ebrkomb\u00ebtare sjellin n\u00eb Shqip\u00ebri emra, transferta, kompani dhe gjurm\u00eb financiare, at\u00ebher\u00eb hetimi nuk mund t\u00eb p\u00ebrfundoj\u00eb te nj\u00eb grup trafikant\u00ebsh.<\/p>\n<p>Ai duhet t\u00eb shkoj\u00eb te ata q\u00eb kan\u00eb p\u00ebrfituar nga ky sistem. Kjo \u00ebsht\u00eb edhe arsyeja pse zhvillimi n\u00eb Buenos Aires merr pesh\u00eb t\u00eb ve\u00e7ant\u00eb. SPAK nuk po bashk\u00ebpunon m\u00eb vet\u00ebm me partner\u00ebt europian\u00eb p\u00ebr krimin shqiptar. Prokuror\u00ebt shqiptar\u00eb po vendosen n\u00eb nj\u00eb rrjet nd\u00ebrkomb\u00ebtar ku ndiqen organizatat kriminale q\u00eb operojn\u00eb n\u00eb disa kontinente dhe ku Amerika Latine \u00ebsht\u00eb nj\u00eb prej pikave kryesore t\u00eb luft\u00ebs kund\u00ebr kokain\u00ebs.<\/p>\n<p>Nd\u00ebrkoh\u00eb, n\u00eb SHBA \u00ebsht\u00eb raportuar m\u00eb her\u00ebt edhe nisma e republikanit Joe Wilson n\u00eb Kongres, ku k\u00ebrkohet nj\u00eb raport i klasifikuar mbi p\u00ebrmasat e trafikut t\u00eb drog\u00ebs n\u00eb Shqip\u00ebri dhe rolin e qeveris\u00eb shqiptare n\u00eb leht\u00ebsimin apo mund\u00ebsimin e tij. Nisma amerikane e shton presionin mbi qeverin\u00eb Rama, pasi vendos n\u00eb fokus jo vet\u00ebm aktivitetin e grupeve kriminale, por edhe p\u00ebrgjegj\u00ebsin\u00eb e strukturave shtet\u00ebrore dhe politike p\u00ebr krijimin e kushteve q\u00eb mund t\u2019u ken\u00eb lejuar k\u00ebtyre rrjeteve t\u00eb fuqizohen.<\/p>\n<p><strong>Sinjali<\/strong><\/p>\n<p>Pra nga nj\u00ebra an\u00eb, SPAK futet n\u00eb zem\u00ebr t\u00eb operacionit nd\u00ebrkomb\u00ebtar t\u00eb DEA-s. Nga ana tjet\u00ebr, n\u00eb Kongresin amerikan k\u00ebrkohet q\u00eb institucionet amerikane t\u00eb hetojn\u00eb pik\u00ebrisht p\u00ebrmasat e trafikut t\u00eb drog\u00ebs n\u00eb Shqip\u00ebri dhe rolin e qeveris\u00eb. Presioni k\u00ebshtu nuk vjen m\u00eb vet\u00ebm nga Tirana. N\u00ebse bashk\u00ebpunimi nd\u00ebrkomb\u00ebtar prodhon prova p\u00ebr lidhjet mes grupeve shqiptare, parave t\u00eb kokain\u00ebs, investimeve dhe strukturave politike, at\u00ebher\u00eb dosja mund t\u00eb marr\u00eb nj\u00eb tjet\u00ebr drejtim.<\/p>\n<p>N\u00eb qend\u00ebr nuk do t\u00eb jet\u00eb m\u00eb vet\u00ebm pyetja se kush e trafikon drog\u00ebn, por kush e ka ndihmuar sistemin kriminal t\u00eb dep\u00ebrtoj\u00eb n\u00eb shtet. Dhe ky \u00ebsht\u00eb momenti ku SPAK do t\u00eb duhet t\u00eb tregoj\u00eb n\u00ebse lufta kund\u00ebr krimit t\u00eb organizuar ndalet te trafikant\u00ebt apo vazhdon deri te mb\u00ebshtet\u00ebsit, garantuesit dhe p\u00ebrfituesit politik\u00eb t\u00eb k\u00ebtij sistemi. N\u00eb skenarin m\u00eb t\u00eb r\u00ebnd\u00eb p\u00ebr qeverin\u00eb Rama, rruga e parave t\u00eb kokain\u00ebs nuk do t\u00eb p\u00ebrfundoj\u00eb te nj\u00eb magazin\u00eb, nj\u00eb port apo nj\u00eb grup kriminal.<\/p>\n<p>Ajo mund t\u00eb vazhdoj\u00eb p\u00ebrmes kompanive, investimeve, tender\u00ebve dhe lidhjeve t\u00eb pushtetit, duke e kthyer hetimin e SPAK n\u00eb nj\u00eb p\u00ebrplasje t\u00eb drejtp\u00ebrdrejt\u00eb me mekanizmin politik q\u00eb dyshohet se ka lejuar lul\u00ebzimin e tij. N\u00ebse Shqip\u00ebria \u00ebsht\u00eb kthyer n\u00eb nj\u00eb nyje t\u00eb r\u00ebnd\u00ebsishme t\u00eb rrjeteve nd\u00ebrkomb\u00ebtare t\u00eb drog\u00ebs, at\u00ebher\u00eb beteja e v\u00ebrtet\u00eb nuk \u00ebsht\u00eb m\u00eb vet\u00ebm kund\u00ebr mafias. \u00cbsht\u00eb p\u00ebr t\u00eb zbuluar se deri ku ka hyr\u00eb mafia n\u00eb shtet dhe sa lart shkon zinxhiri i mbrojtjes s\u00eb saj.<\/p>\n<p>Nga: Gazeta Sot<\/p>\n","protected":false},"excerpt":{"rendered":"<p>3 Shtator 2026 Shqip\u00ebria, streh\u00eb p\u00ebr kartelet e drog\u00ebs, qeveria \u201cRama\u201d n\u00ebn sh\u00ebnjest\u00ebr t\u00eb Trump, SHBA fut SPAK-un n\u00eb operacionin gjigant global, 12 takime me DEA-n p\u00ebr &#8220;peshqit e m\u00ebdhenj&#8221;, \u00e7far\u00eb pritet t\u00eb ndodh\u00eb? SPAK po hyn n\u00eb nj\u00eb faz\u00eb t\u00eb re t\u00eb bashk\u00ebpunimit nd\u00ebrkomb\u00ebtar kund\u00ebr trafikut t\u00eb drog\u00ebs dhe krimit t\u00eb organizuar. N\u00eb pak [&hellip;]<\/p>\n","protected":false},"author":9,"featured_media":105857,"comment_status":"open","ping_status":"open","sticky":false,"template":"","format":"standard","meta":{"jetpack_post_was_ever_published":false,"_jetpack_newsletter_access":"","_jetpack_dont_email_post_to_subs":false,"_jetpack_newsletter_tier_id":0,"_jetpack_memberships_contains_paywalled_content":false,"_jetpack_memberships_contains_paid_content":false,"footnotes":"","jetpack_publicize_message":"","jetpack_publicize_feature_enabled":true,"jetpack_social_post_already_shared":true,"jetpack_social_options":{"image_generator_settings":{"template":"highway","default_image_id":0,"font":"","enabled":false},"version":2}},"categories":[27,1,2,35],"tags":[],"class_list":["post-105856","post","type-post","status-publish","format-standard","has-post-thumbnail","hentry","category-blogu-i-udhetarit","category-njoftime-shtypi","category-politika","category-shoqerore"],"jetpack_publicize_connections":[],"jetpack_featured_media_url":"https:\/\/i0.wp.com\/www.shqiperia.com\/blog\/wp-content\/uploads\/2026\/09\/800-0-politike-fq-3-takimet-dea-6a992f9f405d5.jpg?fit=800%2C447&ssl=1","jetpack_sharing_enabled":true,"jetpack_shortlink":"https:\/\/wp.me\/p5Z6wp-rxm","jetpack-related-posts":[{"id":101762,"url":"https:\/\/www.shqiperia.com\/blog\/detaje-te-reja-nga-dosja-aruba-spak-zbardh-rolin-e-besnik-myftarit-si-mbulese-per-fshehjen-e-pasurive-te\/","url_meta":{"origin":105856,"position":0},"title":"Detaje t\u00eb reja nga dosja \u201cAruba\u201d, SPAK zbardh rolin e Besnik Myftarit si \u201cmbules\u00eb\u201d p\u00ebr fshehjen e pasurive t\u00eb\u2026","author":"Kurt Farka","date":"June 24, 2026","format":false,"excerpt":"Hetimet e Prokuroris\u00eb s\u00eb Posa\u00e7me Kund\u00ebr Korrupsionit dhe Krimit t\u00eb Organizuar (SPAK) p\u00ebr dosjen e njohur si \u201cAruba\u201d kan\u00eb \u00e7uar n\u00eb ekzekutimin e disa masave t\u00eb siguris\u00eb, nd\u00ebrsa mes personave p\u00ebr t\u00eb cil\u00ebt \u00ebsht\u00eb caktuar masa e arrestit n\u00eb munges\u00eb figuron edhe Besnik Myftari, ish-z\u00ebvend\u00ebsdrejtor i \u201cTop Channel\u201d. Sipas materialeve\u2026","rel":"","context":"In &quot;Blogu i Udh\u00ebtarit&quot;","block_context":{"text":"Blogu i Udh\u00ebtarit","link":"https:\/\/www.shqiperia.com\/blog\/category\/blogu-i-udhetarit\/"},"img":{"alt_text":"","src":"https:\/\/i0.wp.com\/www.shqiperia.com\/blog\/wp-content\/uploads\/2026\/06\/besnik-myftari.jpg?fit=795%2C429&ssl=1&resize=350%2C200","width":350,"height":200,"srcset":"https:\/\/i0.wp.com\/www.shqiperia.com\/blog\/wp-content\/uploads\/2026\/06\/besnik-myftari.jpg?fit=795%2C429&ssl=1&resize=350%2C200 1x, https:\/\/i0.wp.com\/www.shqiperia.com\/blog\/wp-content\/uploads\/2026\/06\/besnik-myftari.jpg?fit=795%2C429&ssl=1&resize=525%2C300 1.5x, https:\/\/i0.wp.com\/www.shqiperia.com\/blog\/wp-content\/uploads\/2026\/06\/besnik-myftari.jpg?fit=795%2C429&ssl=1&resize=700%2C400 2x"},"classes":[]},{"id":103103,"url":"https:\/\/www.shqiperia.com\/blog\/fox-news-cnn-the-new-york-times-cbs-news-the-times-anadolu-agency-mediat-nderkombetare-zbarkojne-ne-spak\/","url_meta":{"origin":105856,"position":1},"title":"Fox News, CNN, The New York Times, CBS News, The Times, Anadolu Agency\/ Mediat nd\u00ebrkomb\u00ebtare \u201czbarkojn\u00eb\u201d n\u00eb SPAK","author":"Kurt Farka","date":"July 22, 2026","format":false,"excerpt":"22 Korrik 2026 Interesi i mediave\u00a0nd\u00ebrkomb\u00ebtare p\u00ebr projektet n\u00eb\u00a0bregdetin shqiptar, t\u00eb\u00a0lidhura me Jared\u00a0Kushner, dh\u00ebndrin e Presidentit amerikan Donald\u00a0Trump, kan\u00eb sjell\u00eb\u00a0nj\u00eb bresh\u00ebri pyetjesh p\u00ebr Prokurorin\u00eb e Posa\u00e7me. Mediat si\u00a0Fox News, CNN, The New York\u00a0Times, CBS News, The Times, Anadolu\u00a0Agency\u00a0dhe disa t\u00eb tjera\u00a0kan\u00eb k\u00ebrkuar\u00a0konfirmim n\u00ebse Prokuroria\u00a0e\u00a0Posa\u00e7me po heton\u00a0projektet turistike n\u00eb\u00a0Sazan, Zv\u00ebrnec apo\u00a0Vjos\u00eb-Nart\u00eb,\u2026","rel":"","context":"In &quot;Blogu i Udh\u00ebtarit&quot;","block_context":{"text":"Blogu i Udh\u00ebtarit","link":"https:\/\/www.shqiperia.com\/blog\/category\/blogu-i-udhetarit\/"},"img":{"alt_text":"","src":"https:\/\/i0.wp.com\/www.shqiperia.com\/blog\/wp-content\/uploads\/2026\/07\/6a60cd6da34ec-1.png?fit=1200%2C630&ssl=1&resize=350%2C200","width":350,"height":200,"srcset":"https:\/\/i0.wp.com\/www.shqiperia.com\/blog\/wp-content\/uploads\/2026\/07\/6a60cd6da34ec-1.png?fit=1200%2C630&ssl=1&resize=350%2C200 1x, https:\/\/i0.wp.com\/www.shqiperia.com\/blog\/wp-content\/uploads\/2026\/07\/6a60cd6da34ec-1.png?fit=1200%2C630&ssl=1&resize=525%2C300 1.5x, https:\/\/i0.wp.com\/www.shqiperia.com\/blog\/wp-content\/uploads\/2026\/07\/6a60cd6da34ec-1.png?fit=1200%2C630&ssl=1&resize=700%2C400 2x, https:\/\/i0.wp.com\/www.shqiperia.com\/blog\/wp-content\/uploads\/2026\/07\/6a60cd6da34ec-1.png?fit=1200%2C630&ssl=1&resize=1050%2C600 3x"},"classes":[]},{"id":102363,"url":"https:\/\/www.shqiperia.com\/blog\/kulisat-maduro-i-venezueles-dhe-edi-rama-te-vetmit-lidere-shtetesh-qe-shpallen-krere-te-karteleve-te-droges\/","url_meta":{"origin":105856,"position":2},"title":"Kulisat, Maduro i Venezuel\u00ebs dhe Edi Rama t\u00eb vetmit lider\u00eb shtetesh q\u00eb shpallen krer\u00eb t\u00eb karteleve t\u00eb drog\u00ebs\u2026","author":"Kurt Farka","date":"July 8, 2026","format":false,"excerpt":"8 Korrik 2026 Nj\u00eb t\u00ebrmet i paprecedent\u00eb politik po dridh themelet e Tiran\u00ebs pas nj\u00eb l\u00ebvizjeje shokuese dhe \u201cbombastike\u201d t\u00eb nd\u00ebrmarr\u00eb direkt nga Uashingtoni zyrtar. Kongresmeni republikan, Joe Wilson, ka depozituar me urgjenc\u00eb ekstreme nj\u00eb amendament t\u00eb rrept\u00eb q\u00eb ka kaluar menj\u00ebher\u00eb n\u00eb Komisionet e Rregullores dhe Ligjeve n\u00eb Kongresin\u2026","rel":"","context":"In &quot;Blogu i Udh\u00ebtarit&quot;","block_context":{"text":"Blogu i Udh\u00ebtarit","link":"https:\/\/www.shqiperia.com\/blog\/category\/blogu-i-udhetarit\/"},"img":{"alt_text":"","src":"https:\/\/i0.wp.com\/www.shqiperia.com\/blog\/wp-content\/uploads\/2026\/07\/foto-7-3-1024x570-1.jpg?fit=1024%2C570&ssl=1&resize=350%2C200","width":350,"height":200,"srcset":"https:\/\/i0.wp.com\/www.shqiperia.com\/blog\/wp-content\/uploads\/2026\/07\/foto-7-3-1024x570-1.jpg?fit=1024%2C570&ssl=1&resize=350%2C200 1x, https:\/\/i0.wp.com\/www.shqiperia.com\/blog\/wp-content\/uploads\/2026\/07\/foto-7-3-1024x570-1.jpg?fit=1024%2C570&ssl=1&resize=525%2C300 1.5x, https:\/\/i0.wp.com\/www.shqiperia.com\/blog\/wp-content\/uploads\/2026\/07\/foto-7-3-1024x570-1.jpg?fit=1024%2C570&ssl=1&resize=700%2C400 2x"},"classes":[]},{"id":101633,"url":"https:\/\/www.shqiperia.com\/blog\/ambasadori-i-ri-i-shba-ne-tirane-cfare-tha-per-skenderbeun-dhe-shqiptaret-ne-senat\/","url_meta":{"origin":105856,"position":3},"title":"Ambasadori i ri i SHBA n\u00eb Tiran\u00eb, \u00e7far\u00eb tha p\u00ebr Sk\u00ebnderbeun dhe shqiptar\u00ebt n\u00eb Senat?","author":"Kurt Farka","date":"June 19, 2026","format":false,"excerpt":"Shqip\u00ebria do t\u00eb ket\u00eb s\u00eb shpejti ambasadorin e ri amerikan n\u00eb Tiran\u00eb. Senati i Shteteve t\u00eb Bashkuara ka konfirmuar zyrtarisht Eric Wendt n\u00eb postin e ambasadorit t\u00eb SHBA-s\u00eb n\u00eb Tiran\u00eb, duke i dh\u00ebn\u00eb fund procesit t\u00eb nominimit dhe miratimit t\u00eb tij n\u00eb institucionet amerikane. N\u00eb seanc\u00ebn e zhvilluar n\u00eb Senat,\u2026","rel":"","context":"In &quot;Blogu i Udh\u00ebtarit&quot;","block_context":{"text":"Blogu i Udh\u00ebtarit","link":"https:\/\/www.shqiperia.com\/blog\/category\/blogu-i-udhetarit\/"},"img":{"alt_text":"","src":"https:\/\/i0.wp.com\/www.shqiperia.com\/blog\/wp-content\/uploads\/2026\/06\/Ambasadori-i-ri-i-SHBA-ne-Tirane.jpg?resize=350%2C200&ssl=1","width":350,"height":200,"srcset":"https:\/\/i0.wp.com\/www.shqiperia.com\/blog\/wp-content\/uploads\/2026\/06\/Ambasadori-i-ri-i-SHBA-ne-Tirane.jpg?resize=350%2C200&ssl=1 1x, https:\/\/i0.wp.com\/www.shqiperia.com\/blog\/wp-content\/uploads\/2026\/06\/Ambasadori-i-ri-i-SHBA-ne-Tirane.jpg?resize=525%2C300&ssl=1 1.5x"},"classes":[]},{"id":101431,"url":"https:\/\/www.shqiperia.com\/blog\/dosja-aruba-detaje-tronditese-dhe-shuma-marramendese-pergjimet-e-spak-zbulojne-skemen-si-jane-perfituar-tokat-ne-zvernec\/","url_meta":{"origin":105856,"position":4},"title":"DOSJA \u2018ARUBA\u2019 \u2013 Detaje trondit\u00ebse dhe shuma marramend\u00ebse: &#8211; P\u00ebrgjimet e SPAK zbulojn\u00eb skem\u00ebn si jan\u00eb p\u00ebrfituar tokat n\u00eb Zv\u00ebrnec","author":"Kurt Farka","date":"June 13, 2026","format":false,"excerpt":"\u2018Samiti\u2019 i Arub\u00ebs Detajet e takimeve t\u00eb Artur Shehut n\u00eb Majorka, Gjermani, Aruba dhe Belgjik\u00eb u zbuluan dhe u v\u00ebzhguan nga nj\u00eb hetim evropian i vitit 2019 mbi aktivitetet kriminale t\u00eb \u201cKlanit Osmani\u201d. Dokumentet theksojn\u00eb se midis 24 dhe 31 janarit 2019, n\u00eb ishullin e Arub\u00ebs u zhvilluan v\u00ebzhgime t\u00eb\u2026","rel":"","context":"In &quot;Njoftime Shtypi&quot;","block_context":{"text":"Njoftime Shtypi","link":"https:\/\/www.shqiperia.com\/blog\/category\/njoftime-shtypi\/"},"img":{"alt_text":"","src":"https:\/\/i0.wp.com\/www.shqiperia.com\/blog\/wp-content\/uploads\/2026\/06\/Edi-Rama-2-1.jpg?fit=1200%2C800&ssl=1&resize=350%2C200","width":350,"height":200,"srcset":"https:\/\/i0.wp.com\/www.shqiperia.com\/blog\/wp-content\/uploads\/2026\/06\/Edi-Rama-2-1.jpg?fit=1200%2C800&ssl=1&resize=350%2C200 1x, https:\/\/i0.wp.com\/www.shqiperia.com\/blog\/wp-content\/uploads\/2026\/06\/Edi-Rama-2-1.jpg?fit=1200%2C800&ssl=1&resize=525%2C300 1.5x, https:\/\/i0.wp.com\/www.shqiperia.com\/blog\/wp-content\/uploads\/2026\/06\/Edi-Rama-2-1.jpg?fit=1200%2C800&ssl=1&resize=700%2C400 2x, https:\/\/i0.wp.com\/www.shqiperia.com\/blog\/wp-content\/uploads\/2026\/06\/Edi-Rama-2-1.jpg?fit=1200%2C800&ssl=1&resize=1050%2C600 3x"},"classes":[]},{"id":101441,"url":"https:\/\/www.shqiperia.com\/blog\/investigim-lidhjet-e-ndertuesit-ilir-shtufi-me-parate-e-kokaines\/","url_meta":{"origin":105856,"position":5},"title":"INVESTIGIM: &#8211; Lidhjet e nd\u00ebrtuesit Ilir Shtufi me parat\u00eb e kokain\u00ebs","author":"Kurt Farka","date":"June 13, 2026","format":false,"excerpt":"Nga Gjergj Erebara Nj\u00eb hetim i Prokuroris\u00eb s\u00eb Posa\u00e7me zbuloi se si dhjet\u00ebra miliona euro u qarkulluan nga trafiku i drog\u00ebs drejtp\u00ebrs\u00ebdrejti n\u00eb industrin\u00eb e nd\u00ebrtimit n\u00eb Tiran\u00eb, Vlor\u00eb e Palas\u00eb, ku kompanit\u00eb m\u00eb t\u00eb njohura t\u00eb nd\u00ebrtimit si dhe kullat m\u00eb ikonike t\u00eb Tiran\u00ebs, krahas vilave n\u00eb Green Coast,\u2026","rel":"","context":"In &quot;Blogu i Udh\u00ebtarit&quot;","block_context":{"text":"Blogu i Udh\u00ebtarit","link":"https:\/\/www.shqiperia.com\/blog\/category\/blogu-i-udhetarit\/"},"img":{"alt_text":"","src":"https:\/\/i0.wp.com\/www.shqiperia.com\/blog\/wp-content\/uploads\/2026\/06\/20220625_142710_250622033-3_2iwUFtR-1140x760-1.jpg?fit=1140%2C760&ssl=1&resize=350%2C200","width":350,"height":200,"srcset":"https:\/\/i0.wp.com\/www.shqiperia.com\/blog\/wp-content\/uploads\/2026\/06\/20220625_142710_250622033-3_2iwUFtR-1140x760-1.jpg?fit=1140%2C760&ssl=1&resize=350%2C200 1x, https:\/\/i0.wp.com\/www.shqiperia.com\/blog\/wp-content\/uploads\/2026\/06\/20220625_142710_250622033-3_2iwUFtR-1140x760-1.jpg?fit=1140%2C760&ssl=1&resize=525%2C300 1.5x, https:\/\/i0.wp.com\/www.shqiperia.com\/blog\/wp-content\/uploads\/2026\/06\/20220625_142710_250622033-3_2iwUFtR-1140x760-1.jpg?fit=1140%2C760&ssl=1&resize=700%2C400 2x, https:\/\/i0.wp.com\/www.shqiperia.com\/blog\/wp-content\/uploads\/2026\/06\/20220625_142710_250622033-3_2iwUFtR-1140x760-1.jpg?fit=1140%2C760&ssl=1&resize=1050%2C600 3x"},"classes":[]}],"_links":{"self":[{"href":"https:\/\/www.shqiperia.com\/blog\/wp-json\/wp\/v2\/posts\/105856","targetHints":{"allow":["GET"]}}],"collection":[{"href":"https:\/\/www.shqiperia.com\/blog\/wp-json\/wp\/v2\/posts"}],"about":[{"href":"https:\/\/www.shqiperia.com\/blog\/wp-json\/wp\/v2\/types\/post"}],"author":[{"embeddable":true,"href":"https:\/\/www.shqiperia.com\/blog\/wp-json\/wp\/v2\/users\/9"}],"replies":[{"embeddable":true,"href":"https:\/\/www.shqiperia.com\/blog\/wp-json\/wp\/v2\/comments?post=105856"}],"version-history":[{"count":1,"href":"https:\/\/www.shqiperia.com\/blog\/wp-json\/wp\/v2\/posts\/105856\/revisions"}],"predecessor-version":[{"id":105858,"href":"https:\/\/www.shqiperia.com\/blog\/wp-json\/wp\/v2\/posts\/105856\/revisions\/105858"}],"wp:featuredmedia":[{"embeddable":true,"href":"https:\/\/www.shqiperia.com\/blog\/wp-json\/wp\/v2\/media\/105857"}],"wp:attachment":[{"href":"https:\/\/www.shqiperia.com\/blog\/wp-json\/wp\/v2\/media?parent=105856"}],"wp:term":[{"taxonomy":"category","embeddable":true,"href":"https:\/\/www.shqiperia.com\/blog\/wp-json\/wp\/v2\/categories?post=105856"},{"taxonomy":"post_tag","embeddable":true,"href":"https:\/\/www.shqiperia.com\/blog\/wp-json\/wp\/v2\/tags?post=105856"}],"curies":[{"name":"wp","href":"https:\/\/api.w.org\/{rel}","templated":true}]}}