{"id":105853,"date":"2026-09-03T09:01:28","date_gmt":"2026-09-03T09:01:28","guid":{"rendered":"https:\/\/www.shqiperia.com\/blog\/?p=105853"},"modified":"2026-09-03T09:01:28","modified_gmt":"2026-09-03T09:01:28","slug":"shkencetaret-zbulojne-forcen-qe-po-e-can-ngadale-kontinentin-afrikan","status":"publish","type":"post","link":"https:\/\/www.shqiperia.com\/blog\/shkencetaret-zbulojne-forcen-qe-po-e-can-ngadale-kontinentin-afrikan\/","title":{"rendered":"Shkenc\u00ebtar\u00ebt zbulojn\u00eb forc\u00ebn q\u00eb po e \u00e7an ngadal\u00eb kontinentin afrikan"},"content":{"rendered":"<p><img data-recalc-dims=\"1\" loading=\"lazy\" decoding=\"async\" data-attachment-id=\"105854\" data-permalink=\"https:\/\/www.shqiperia.com\/blog\/shkencetaret-zbulojne-forcen-qe-po-e-can-ngadale-kontinentin-afrikan\/auto_earth-splitting-apart-continental-rift1788260988\/\" data-orig-file=\"https:\/\/i0.wp.com\/www.shqiperia.com\/blog\/wp-content\/uploads\/2026\/09\/auto_earth-splitting-apart-continental-rift1788260988.webp?fit=1920%2C1080&amp;ssl=1\" data-orig-size=\"1920,1080\" data-comments-opened=\"1\" data-image-meta=\"{&quot;aperture&quot;:&quot;0&quot;,&quot;credit&quot;:&quot;&quot;,&quot;camera&quot;:&quot;&quot;,&quot;caption&quot;:&quot;&quot;,&quot;created_timestamp&quot;:&quot;0&quot;,&quot;copyright&quot;:&quot;&quot;,&quot;focal_length&quot;:&quot;0&quot;,&quot;iso&quot;:&quot;0&quot;,&quot;shutter_speed&quot;:&quot;0&quot;,&quot;title&quot;:&quot;&quot;,&quot;orientation&quot;:&quot;0&quot;}\" data-image-title=\"auto_earth-splitting-apart-continental-rift1788260988\" data-image-description=\"\" data-image-caption=\"\" data-medium-file=\"https:\/\/i0.wp.com\/www.shqiperia.com\/blog\/wp-content\/uploads\/2026\/09\/auto_earth-splitting-apart-continental-rift1788260988.webp?fit=300%2C169&amp;ssl=1\" data-large-file=\"https:\/\/i0.wp.com\/www.shqiperia.com\/blog\/wp-content\/uploads\/2026\/09\/auto_earth-splitting-apart-continental-rift1788260988.webp?fit=1024%2C576&amp;ssl=1\" class=\"alignnone  wp-image-105854\" alt=\"\" src=\"https:\/\/i0.wp.com\/www.shqiperia.com\/blog\/wp-content\/uploads\/2026\/09\/auto_earth-splitting-apart-continental-rift1788260988.webp?resize=572%2C322&#038;ssl=1\" width=\"572\" height=\"322\" srcset=\"https:\/\/i0.wp.com\/www.shqiperia.com\/blog\/wp-content\/uploads\/2026\/09\/auto_earth-splitting-apart-continental-rift1788260988.webp?resize=300%2C169&amp;ssl=1 300w, https:\/\/i0.wp.com\/www.shqiperia.com\/blog\/wp-content\/uploads\/2026\/09\/auto_earth-splitting-apart-continental-rift1788260988.webp?resize=1024%2C576&amp;ssl=1 1024w, https:\/\/i0.wp.com\/www.shqiperia.com\/blog\/wp-content\/uploads\/2026\/09\/auto_earth-splitting-apart-continental-rift1788260988.webp?resize=768%2C432&amp;ssl=1 768w, https:\/\/i0.wp.com\/www.shqiperia.com\/blog\/wp-content\/uploads\/2026\/09\/auto_earth-splitting-apart-continental-rift1788260988.webp?resize=1536%2C864&amp;ssl=1 1536w, https:\/\/i0.wp.com\/www.shqiperia.com\/blog\/wp-content\/uploads\/2026\/09\/auto_earth-splitting-apart-continental-rift1788260988.webp?resize=450%2C253&amp;ssl=1 450w, https:\/\/i0.wp.com\/www.shqiperia.com\/blog\/wp-content\/uploads\/2026\/09\/auto_earth-splitting-apart-continental-rift1788260988.webp?resize=600%2C338&amp;ssl=1 600w, https:\/\/i0.wp.com\/www.shqiperia.com\/blog\/wp-content\/uploads\/2026\/09\/auto_earth-splitting-apart-continental-rift1788260988.webp?resize=1500%2C844&amp;ssl=1 1500w, https:\/\/i0.wp.com\/www.shqiperia.com\/blog\/wp-content\/uploads\/2026\/09\/auto_earth-splitting-apart-continental-rift1788260988.webp?resize=1300%2C731&amp;ssl=1 1300w, https:\/\/i0.wp.com\/www.shqiperia.com\/blog\/wp-content\/uploads\/2026\/09\/auto_earth-splitting-apart-continental-rift1788260988.webp?resize=400%2C225&amp;ssl=1 400w, https:\/\/i0.wp.com\/www.shqiperia.com\/blog\/wp-content\/uploads\/2026\/09\/auto_earth-splitting-apart-continental-rift1788260988.webp?w=1920&amp;ssl=1 1920w\" sizes=\"auto, (max-width: 572px) 100vw, 572px\" \/><\/p>\n<p><strong>3 Shtator 2026<\/strong><\/p>\n<p><strong>Nj\u00eb sht\u00ebllung\u00eb masive shk\u00ebmbinjsh t\u00eb nxeht\u00eb q\u00eb ngrihet nga thell\u00ebsit\u00eb e Tok\u00ebs mund t\u00eb shpjegoj\u00eb nj\u00eb model t\u00eb \u00e7uditsh\u00ebm l\u00ebvizjeje n\u00ebn Riftin e Afrik\u00ebs Lindore, ku kontinenti po t\u00ebrhiqet ngadal\u00eb n\u00eb drejtime t\u00eb kund\u00ebrta.<\/strong><\/p>\n<p>Modelet kompjuterike po i ndihmojn\u00eb shkenc\u00ebtar\u00ebt t\u00eb shpjegojn\u00eb nj\u00eb model t\u00eb \u00e7uditsh\u00ebm deformimi n\u00ebn Sistemin e Riftit t\u00eb Afrik\u00ebs Lindore. Rezultatet tregojn\u00eb se Superpluma Afrikane, nj\u00eb ngritje e madhe e materialit t\u00eb nxeht\u00eb t\u00eb mantelit nga thell\u00ebsit\u00eb e Tok\u00ebs, \u00ebsht\u00eb burimi i nj\u00eb l\u00ebvizjeje t\u00eb pazakont\u00eb q\u00eb zhvillohet paralelisht me riftin, si edhe i nj\u00eb modeli t\u00eb ngjash\u00ebm n\u00eb m\u00ebnyr\u00ebn se si val\u00ebt sizmike p\u00ebrhapen n\u00ebp\u00ebr shk\u00ebmbinjt\u00eb posht\u00eb tij.<\/p>\n<p>\u00c7arja kontinentale ndodh kur shtresa e jashtme e ngurt\u00eb e Tok\u00ebs fillon t\u00eb zgjatet dhe t\u00eb hollohet. Kjo shtres\u00eb e jashtme, e quajtur litosfer\u00eb, p\u00ebrfshin koren dhe pjes\u00ebn m\u00eb t\u00eb sip\u00ebrme t\u00eb mantelit.<\/p>\n<p>Nd\u00ebrsa litosfera t\u00ebrhiqet n\u00eb drejtime t\u00eb kund\u00ebrta, ajo mund t\u00eb sillet ndryshe n\u00eb var\u00ebsi t\u00eb shpejt\u00ebsis\u00eb dhe vendit ku aplikohet sforcimi. Pran\u00eb sip\u00ebrfaqes, shk\u00ebmbinjt\u00eb mund t\u00eb \u00e7ahen, duke krijuar \u00e7arje tektonike dhe t\u00ebrmete. M\u00eb thell\u00eb, materiali m\u00eb i nxeht\u00eb mund t\u00eb deformohet m\u00eb gradualisht.<\/p>\n<p>Gjeofizikania D. Sarah Stamps i krahason k\u00ebto sjellje t\u00eb ndryshme me Silly Putty.<\/p>\n<p><em>\u201cN\u00ebse e godet Silly Putty-n me nj\u00eb \u00e7eki\u00e7, ai mund t\u00eb \u00e7ahet dhe t\u00eb thyhet\u201d,<\/em><span>\u00a0<\/span>tha Stamps, profesoresh\u00eb e asociuar n\u00eb Departamentin e Gjeoshkencave, pjes\u00eb e Kolegjit t\u00eb Shkencave t\u00eb Virginia Tech.<span>\u00a0<\/span><em>\u201cPor n\u00ebse e t\u00ebrheq ngadal\u00eb, Silly Putty shtrihet. Pra, n\u00eb shkall\u00eb t\u00eb ndryshme kohore, litosfera e Tok\u00ebs sillet n\u00eb m\u00ebnyra t\u00eb ndryshme.\u201d<\/em><\/p>\n<p>N\u00eb shumic\u00ebn e rifteve kontinentale, deformimi ndjek nj\u00eb model relativisht t\u00eb parashikuesh\u00ebm. L\u00ebvizja m\u00eb e fort\u00eb p\u00ebrgjith\u00ebsisht ndodh pingul me riftin, n\u00eb drejtimin n\u00eb t\u00eb cilin korja po t\u00ebrhiqet.<\/p>\n<p>Sistemi i Riftit t\u00eb Afrik\u00ebs Lindore, sistemi m\u00eb i madh i riftit kontinental n\u00eb Tok\u00eb, shfaq v\u00ebrtet deformimin e pritsh\u00ebm pingul me riftin. Por Stamps zbuloi di\u00e7ka tjet\u00ebr pas m\u00eb shum\u00eb se 12 vitesh matjesh me GPS. Pjes\u00eb t\u00eb rajonit po deformoheshin gjithashtu n\u00eb nj\u00eb drejtim paralel me vet\u00eb riftin.<\/p>\n<p>Kjo l\u00ebvizje e papritur u b\u00eb nj\u00eb mister qendror p\u00ebr ekipin e saj n\u00eb Laboratorin e Gjeodezis\u00eb dhe Tektonofizik\u00ebs.<\/p>\n<p><strong>Nj\u00eb superplum\u00eb gjigante n\u00ebn Afrik\u00eb<\/strong><\/p>\n<p>N\u00eb nj\u00eb studim t\u00eb botuar n\u00eb Journal of Geophysical Research, studiuesit p\u00ebrdor\u00ebn modele termomekanike 3D p\u00ebr t\u00eb hetuar se \u00e7far\u00eb mund t\u00eb ishte duke prodhuar k\u00ebt\u00eb deformim t\u00eb pazakont\u00eb.<\/p>\n<p>Modelimi u zhvillua nga autori i par\u00eb, Tahiry Rajaonarison, studiues postdoktoral n\u00eb New Mexico Tech, i cili mori doktoratur\u00ebn n\u00eb Virginia Tech nd\u00ebrsa punonte n\u00eb laboratorin e Stamps.<\/p>\n<p>Simulimet tregojn\u00eb se l\u00ebvizja paralele me riftin lidhet me rrjedhjen e mantelit drejt veriut, e lidhur me Superplum\u00ebn Afrikane.<\/p>\n<p>Superpluma Afrikane \u00ebsht\u00eb nj\u00eb zon\u00eb gjigante e materialit t\u00eb mantelit q\u00eb ngrihet nga thell\u00ebsit\u00eb, e cila fillon thell\u00eb n\u00ebn Afrik\u00ebn jugper\u00ebndimore dhe shtrihet drejt verilindjes p\u00ebrtej kontinentit. Nd\u00ebrsa l\u00ebviz drejt veriut, ajo b\u00ebhet gradualisht m\u00eb e cek\u00ebt n\u00ebn sip\u00ebrfaqe.<\/p>\n<p>Sipas modeleve, kjo rrjedhje e thell\u00eb e mantelit mund t\u00eb shpjegoj\u00eb deformimin q\u00eb nuk p\u00ebrputhet me modelin m\u00eb t\u00eb thjesht\u00eb q\u00eb pritet nga nj\u00eb kontinent q\u00eb po shtrihet dhe po shk\u00ebputet.<\/p>\n<p><strong>Dy forca mund t\u00eb jen\u00eb duke form\u00ebsuar Riftin<\/strong><\/p>\n<p>Gjetjet shtojn\u00eb gjithashtu prova t\u00eb reja n\u00eb nj\u00eb debat t\u00eb gjat\u00eb mbi at\u00eb se \u00e7far\u00eb po e shkakton Sistemin e Riftit t\u00eb Afrik\u00ebs Lindore.<\/p>\n<p>Shkenc\u00ebtar\u00ebt jan\u00eb p\u00ebrqendruar p\u00ebrgjith\u00ebsisht n\u00eb dy mund\u00ebsi kryesore: forcat e lundrueshm\u00ebris\u00eb s\u00eb litosfer\u00ebs, forcat e t\u00ebrheqjes s\u00eb mantelit, ose nj\u00eb kombinim i t\u00eb dyjave.<\/p>\n<p>Forcat e lundrueshm\u00ebris\u00eb s\u00eb litosfer\u00ebs veprojn\u00eb relativisht pran\u00eb sip\u00ebrfaqes. Ato ndikohen nga ndryshimet n\u00eb lart\u00ebsi dhe dend\u00ebsi brenda litosfer\u00ebs. N\u00eb Afrik\u00ebn Lindore, nj\u00eb ve\u00e7ori e r\u00ebnd\u00ebsishme \u00ebsht\u00eb Superngritja Afrikane, nj\u00eb rajon i gjer\u00eb me topografi jasht\u00ebzakonisht t\u00eb lart\u00eb.<\/p>\n<p>Forcat e t\u00ebrheqjes s\u00eb mantelit burojn\u00eb m\u00eb thell\u00eb brenda Tok\u00ebs. Ato rezultojn\u00eb nga l\u00ebvizja e materialit t\u00eb mantelit n\u00ebn litosfer\u00eb dhe nga forcat q\u00eb manteli n\u00eb rrjedhje mund t\u00eb ushtroj\u00eb mbi pllak\u00ebn e ngurt\u00eb sip\u00ebr tij.<\/p>\n<p>Stamps filloi t\u00eb dokumentonte l\u00ebvizjen e pazakont\u00eb paralele me riftin kur punonte si studiuese postdoktorale. Ajo p\u00ebrdori stacione GPS q\u00eb merrnin sinjale nga m\u00eb shum\u00eb se 30 satelit\u00eb q\u00eb orbitonin Tok\u00ebn n\u00eb nj\u00eb larg\u00ebsi prej rreth 25 000 kilometrash.<\/p>\n<p>K\u00ebto matje ishin mjaft t\u00eb sakta p\u00ebr t\u00eb gjurmuar l\u00ebvizjen e sip\u00ebrfaqes n\u00eb shkall\u00eb milimetrike.<\/p>\n<p>V\u00ebzhgimet e saj e nd\u00ebrlikuan pamjen ekzistuese, sepse forcat e lundrueshm\u00ebris\u00eb pran\u00eb sip\u00ebrfaqes mund t\u00eb shpjegonin pjes\u00ebn m\u00eb t\u00eb madhe t\u00eb l\u00ebvizjes s\u00eb pritshme p\u00ebrgjat\u00eb riftit, por jo l\u00ebvizjen q\u00eb zhvillohej p\u00ebrgjat\u00eb tij.<\/p>\n<p><strong>Modelet e m\u00ebparshme tregonin nj\u00eb kombinim<\/strong><\/p>\n<p>N\u00eb nj\u00eb studim t\u00eb vitit 2021, ekipi p\u00ebrdori simulime llogarit\u00ebse 3D p\u00ebr t\u00eb testuar se si mund t\u00eb nd\u00ebrvepronin dy grupet e forcave.<\/p>\n<p>K\u00ebto modele sugjeronin se t\u00eb dyja mund t\u00eb ishin t\u00eb r\u00ebnd\u00ebsishme.<\/p>\n<p>Forcat e lundrueshm\u00ebris\u00eb s\u00eb litosfer\u00ebs dukeshin se shpjegonin deformimin m\u00eb t\u00eb njohur q\u00eb zhvillohej pingul me riftin. Megjithat\u00eb, ato nuk mund t\u00eb riprodhonin deformimin anormal q\u00eb Stamps kishte matur paralelisht me t\u00eb.<\/p>\n<p>Kjo i la studiuesit n\u00eb k\u00ebrkim t\u00eb nj\u00eb mekanizmi tjet\u00ebr.<\/p>\n<p>N\u00eb studimin e ri, Rajaonarison p\u00ebrdori s\u00ebrish modelimin termomekanik 3D, k\u00ebt\u00eb her\u00eb duke u p\u00ebrqendruar posa\u00e7\u00ebrisht te deformimi i pashpjeguar paralel me riftin.<\/p>\n<p>Modelet treguan se rrjedhja e mantelit drejt veriut, e lidhur me Superplum\u00ebn Afrikane, mund t\u00eb prodhonte l\u00ebvizjen e v\u00ebzhguar.<\/p>\n<p>Ato riprodhuan gjithashtu nj\u00eb tjet\u00ebr ve\u00e7ori t\u00eb r\u00ebnd\u00ebsishme n\u00ebn rift: anizotropin\u00eb sizmike paralele me riftin.<\/p>\n<p><strong>\u00c7far\u00eb zbulon anizotropia sizmike<\/strong><\/p>\n<p>Anizotropia sizmike i referohet nj\u00eb situate n\u00eb t\u00eb cil\u00ebn val\u00ebt sizmike p\u00ebrhapen ndryshe n\u00eb var\u00ebsi t\u00eb drejtimit n\u00eb t\u00eb cilin l\u00ebvizin n\u00ebp\u00ebr shk\u00ebmbinj.<\/p>\n<p>Kjo mund t\u00eb ndodh\u00eb kur mineralet dhe strukturat shk\u00ebmbore orientohen n\u00eb t\u00eb nj\u00ebjtin drejtim. Ky orientim mund t\u00eb krijohet nga rrjedhja e mantelit, nga zona t\u00eb shkrirjes ose nga struktura m\u00eb t\u00eb vjetra q\u00eb tashm\u00eb ndodhen n\u00eb litosfer\u00eb.<\/p>\n<p>N\u00eb k\u00ebt\u00eb rast, orientimi i shk\u00ebmbinjve p\u00ebrputhet me drejtimin e rrjedhjes s\u00eb mantelit drejt veriut t\u00eb Superplum\u00ebs Afrikane.<\/p>\n<p>Kjo p\u00ebrputhje ofron nj\u00eb tjet\u00ebr t\u00eb dh\u00ebn\u00eb se l\u00ebvizja e thell\u00eb e mantelit po ndikon n\u00eb deformimin e pazakont\u00eb t\u00eb v\u00ebrejtur n\u00eb sip\u00ebrfaqe.<\/p>\n<p><em>\u201cNe po themi se rrjedhja e mantelit nuk po drejton drejtimin lindje-per\u00ebndim, pingul me riftin, t\u00eb disa prej deformimeve, por se ajo mund t\u00eb jet\u00eb duke shkaktuar deformimin anormal drejt veriut, paralel me riftin\u201d,<\/em><span>\u00a0<\/span>tha Rajaonarison.<span>\u00a0<\/span><em>\u201cNe konfirmuam idet\u00eb e m\u00ebparshme se forcat e lundrueshm\u00ebris\u00eb s\u00eb litosfer\u00ebs po e drejtojn\u00eb riftin, por po sjellim nj\u00eb k\u00ebndv\u00ebshtrim t\u00eb ri se deformimi anormal mund t\u00eb ndodh\u00eb n\u00eb Afrik\u00ebn Lindore.\u201d<\/em><\/p>\n<p><strong>Nj\u00eb pamje m\u00eb komplekse e shk\u00ebputjes s\u00eb kontinentit<\/strong><\/p>\n<p>T\u00eb marra s\u00eb bashku, studimet sugjerojn\u00eb se asnj\u00eb forc\u00eb e vetme nuk \u00ebsht\u00eb p\u00ebrgjegj\u00ebse p\u00ebr gjith\u00e7ka q\u00eb po ndodh n\u00eb Sistemin e Riftit t\u00eb Afrik\u00ebs Lindore.<\/p>\n<p>Forcat m\u00eb t\u00eb cek\u00ebta t\u00eb lundrueshm\u00ebris\u00eb s\u00eb litosfer\u00ebs duket se luajn\u00eb nj\u00eb rol t\u00eb madh n\u00eb shtrirjen m\u00eb tipike t\u00eb riftit. N\u00eb t\u00eb nj\u00ebjt\u00ebn koh\u00eb, rrjedhja m\u00eb e thell\u00eb e mantelit, e lidhur me Superplum\u00ebn Afrikane, mund t\u00eb jet\u00eb p\u00ebrgjegj\u00ebse p\u00ebr deformimin e pazakont\u00eb drejt veriut dhe p\u00ebr gjurm\u00ebn sizmike n\u00ebn t\u00eb.<\/p>\n<p>T\u00eb kuptuarit se si nd\u00ebrveprojn\u00eb k\u00ebto forca \u00ebsht\u00eb i r\u00ebnd\u00ebsish\u00ebm, sepse Rifti i Afrik\u00ebs Lindore u ofron shkenc\u00ebtar\u00ebve nj\u00eb laborator natyror p\u00ebr t\u00eb studiuar se si kontinentet fillojn\u00eb t\u00eb shk\u00ebputen.<\/p>\n<p>Studiuesit kan\u00eb kaluar dekada duke u p\u00ebrpjekur t\u00eb kuptojn\u00eb zinxhirin e plot\u00eb t\u00eb proceseve t\u00eb p\u00ebrfshira n\u00eb \u00e7arjen kontinentale, nga l\u00ebvizja e mantelit t\u00eb thell\u00eb deri te \u00e7arjet dhe t\u00ebrmetet n\u00eb sip\u00ebrfaqe.<\/p>\n<p><em>\u201cJemi t\u00eb entuziazmuar p\u00ebr k\u00ebt\u00eb rezultat nga modelimi numerik i Dr. Rajaonarison, sepse ai ofron informacione t\u00eb reja mbi proceset komplekse q\u00eb form\u00ebsojn\u00eb sip\u00ebrfaqen e Tok\u00ebs p\u00ebrmes \u00e7arjes kontinentale\u201d,<span>\u00a0<\/span><\/em>tha Stamps.\/<a href=\"https:\/\/www.sciencedaily.com\/releases\/2026\/08\/260831015210.htm\">ScienceDaily<\/a><\/p>\n","protected":false},"excerpt":{"rendered":"<p>3 Shtator 2026 Nj\u00eb sht\u00ebllung\u00eb masive shk\u00ebmbinjsh t\u00eb nxeht\u00eb q\u00eb ngrihet nga thell\u00ebsit\u00eb e Tok\u00ebs mund t\u00eb shpjegoj\u00eb nj\u00eb model t\u00eb \u00e7uditsh\u00ebm l\u00ebvizjeje n\u00ebn Riftin e Afrik\u00ebs Lindore, ku kontinenti po t\u00ebrhiqet ngadal\u00eb n\u00eb drejtime t\u00eb kund\u00ebrta. Modelet kompjuterike po i ndihmojn\u00eb shkenc\u00ebtar\u00ebt t\u00eb shpjegojn\u00eb nj\u00eb model t\u00eb \u00e7uditsh\u00ebm deformimi n\u00ebn Sistemin e Riftit t\u00eb [&hellip;]<\/p>\n","protected":false},"author":9,"featured_media":105854,"comment_status":"open","ping_status":"open","sticky":false,"template":"","format":"standard","meta":{"jetpack_post_was_ever_published":false,"_jetpack_newsletter_access":"","_jetpack_dont_email_post_to_subs":false,"_jetpack_newsletter_tier_id":0,"_jetpack_memberships_contains_paywalled_content":false,"_jetpack_memberships_contains_paid_content":false,"footnotes":"","jetpack_publicize_message":"","jetpack_publicize_feature_enabled":true,"jetpack_social_post_already_shared":true,"jetpack_social_options":{"image_generator_settings":{"template":"highway","default_image_id":0,"font":"","enabled":false},"version":2}},"categories":[27,1],"tags":[],"class_list":["post-105853","post","type-post","status-publish","format-standard","has-post-thumbnail","hentry","category-blogu-i-udhetarit","category-njoftime-shtypi"],"jetpack_publicize_connections":[],"jetpack_featured_media_url":"https:\/\/i0.wp.com\/www.shqiperia.com\/blog\/wp-content\/uploads\/2026\/09\/auto_earth-splitting-apart-continental-rift1788260988.webp?fit=1920%2C1080&ssl=1","jetpack_sharing_enabled":true,"jetpack_shortlink":"https:\/\/wp.me\/p5Z6wp-rxj","jetpack-related-posts":[{"id":100770,"url":"https:\/\/www.shqiperia.com\/blog\/shkencetaret-konfirmojne-kontinentin-e-tete-te-fshehur-nen-paqesor-zealandia-sfidon-harten-tradicionale-te-botes\/","url_meta":{"origin":105853,"position":0},"title":"Shkenc\u00ebtar\u00ebt konfirmojn\u00eb \u201ckontinentin e tet\u00eb\u201d t\u00eb fshehur n\u00ebn Paq\u00ebsor, Zealandia sfidon hart\u00ebn tradicionale t\u00eb bot\u00ebs","author":"Kurt Farka","date":"May 30, 2026","format":false,"excerpt":"30 Maji 2026 Nj\u00eb mas\u00eb e madhe toke e zhytur n\u00ebn Paq\u00ebsorin Jugor ka rikthyer debatin shkencor mbi ndarjen tradicionale t\u00eb kontinenteve, pasi studiuesit kan\u00eb konfirmuar se ajo plot\u00ebson kriteret p\u00ebr t\u2019u konsideruar si \u201ckontinenti i tet\u00eb\u201d i Tok\u00ebs. B\u00ebhet fjal\u00eb p\u00ebr Zealandia-n, nj\u00eb struktur\u00eb gjeologjike gjigante q\u00eb ndodhet kryesisht\u2026","rel":"","context":"In &quot;Blogu i Udh\u00ebtarit&quot;","block_context":{"text":"Blogu i Udh\u00ebtarit","link":"https:\/\/www.shqiperia.com\/blog\/category\/blogu-i-udhetarit\/"},"img":{"alt_text":"","src":"https:\/\/i0.wp.com\/www.shqiperia.com\/blog\/wp-content\/uploads\/2026\/05\/68648eb1-8-ipeiros-1.jpg?fit=1124%2C675&ssl=1&resize=350%2C200","width":350,"height":200,"srcset":"https:\/\/i0.wp.com\/www.shqiperia.com\/blog\/wp-content\/uploads\/2026\/05\/68648eb1-8-ipeiros-1.jpg?fit=1124%2C675&ssl=1&resize=350%2C200 1x, https:\/\/i0.wp.com\/www.shqiperia.com\/blog\/wp-content\/uploads\/2026\/05\/68648eb1-8-ipeiros-1.jpg?fit=1124%2C675&ssl=1&resize=525%2C300 1.5x, https:\/\/i0.wp.com\/www.shqiperia.com\/blog\/wp-content\/uploads\/2026\/05\/68648eb1-8-ipeiros-1.jpg?fit=1124%2C675&ssl=1&resize=700%2C400 2x, https:\/\/i0.wp.com\/www.shqiperia.com\/blog\/wp-content\/uploads\/2026\/05\/68648eb1-8-ipeiros-1.jpg?fit=1124%2C675&ssl=1&resize=1050%2C600 3x"},"classes":[]},{"id":103837,"url":"https:\/\/www.shqiperia.com\/blog\/hulumtimi-ndryshimi-i-klimes-po-ngadaleson-rrotullimin-e-tokes\/","url_meta":{"origin":105853,"position":1},"title":"Hulumtimi: Ndryshimi i klim\u00ebs po ngadal\u00ebson rrotullimin e Tok\u00ebs","author":"Kurt Farka","date":"August 5, 2026","format":false,"excerpt":"5 Gusht 2026 Shkenc\u00ebtar\u00ebt nga Austria dhe Zvicra pohojn\u00eb se nj\u00eb hulumtim i ri ka konfirmuar se ndryshimi i klim\u00ebs ndikon n\u00eb gjat\u00ebsin\u00eb e dit\u00ebs s\u00eb Tok\u00ebs, duke treguar se rrotullimi i saj \u00ebsht\u00eb ngadal\u00ebsuar m\u00eb shum\u00eb n\u00eb dekadat e fundit sesa n\u00eb pothuajse \u00e7do periudh\u00eb tjet\u00ebr n\u00eb miliona vjet.\u2026","rel":"","context":"In &quot;Blogu i Udh\u00ebtarit&quot;","block_context":{"text":"Blogu i Udh\u00ebtarit","link":"https:\/\/www.shqiperia.com\/blog\/category\/blogu-i-udhetarit\/"},"img":{"alt_text":"","src":"https:\/\/i0.wp.com\/www.shqiperia.com\/blog\/wp-content\/uploads\/2026\/08\/auto_Screenshot_181773834543.jpg?fit=900%2C555&ssl=1&resize=350%2C200","width":350,"height":200,"srcset":"https:\/\/i0.wp.com\/www.shqiperia.com\/blog\/wp-content\/uploads\/2026\/08\/auto_Screenshot_181773834543.jpg?fit=900%2C555&ssl=1&resize=350%2C200 1x, https:\/\/i0.wp.com\/www.shqiperia.com\/blog\/wp-content\/uploads\/2026\/08\/auto_Screenshot_181773834543.jpg?fit=900%2C555&ssl=1&resize=525%2C300 1.5x, https:\/\/i0.wp.com\/www.shqiperia.com\/blog\/wp-content\/uploads\/2026\/08\/auto_Screenshot_181773834543.jpg?fit=900%2C555&ssl=1&resize=700%2C400 2x"},"classes":[]},{"id":103805,"url":"https:\/\/www.shqiperia.com\/blog\/toka-po-behet-me-e-erret-shkencetaret-japin-alarmin-ngrohja-globale-po-pershpejton-ndryshimin-e-planetit\/","url_meta":{"origin":105853,"position":2},"title":"Toka po b\u00ebhet m\u00eb e err\u00ebt, shkenc\u00ebtar\u00ebt japin alarmin: &#8211; Ngrohja globale po p\u00ebrshpejton ndryshimin e planetit","author":"Kurt Farka","date":"August 4, 2026","format":false,"excerpt":"4 Gusht 2026 Ndryshimi i klim\u00ebs nuk po matet vet\u00ebm p\u00ebrmes rritjes s\u00eb temperaturave. Nj\u00eb tjet\u00ebr tregues shqet\u00ebsues q\u00eb po v\u00ebzhgojn\u00eb shkenc\u00ebtar\u00ebt \u00ebsht\u00eb edhe ndryshimi i shk\u00eblqimit t\u00eb Tok\u00ebs: planeti po humbet gradualisht aft\u00ebsin\u00eb e tij natyrore p\u00ebr t\u00eb reflektuar rrezet e Diellit drejt hap\u00ebsir\u00ebs. Ky fenomen njihet si ulja\u2026","rel":"","context":"In &quot;Blogu i Udh\u00ebtarit&quot;","block_context":{"text":"Blogu i Udh\u00ebtarit","link":"https:\/\/www.shqiperia.com\/blog\/category\/blogu-i-udhetarit\/"},"img":{"alt_text":"","src":"https:\/\/i0.wp.com\/www.shqiperia.com\/blog\/wp-content\/uploads\/2026\/08\/b78dde7c-ap19227568082481.jpg?fit=1200%2C720&ssl=1&resize=350%2C200","width":350,"height":200,"srcset":"https:\/\/i0.wp.com\/www.shqiperia.com\/blog\/wp-content\/uploads\/2026\/08\/b78dde7c-ap19227568082481.jpg?fit=1200%2C720&ssl=1&resize=350%2C200 1x, https:\/\/i0.wp.com\/www.shqiperia.com\/blog\/wp-content\/uploads\/2026\/08\/b78dde7c-ap19227568082481.jpg?fit=1200%2C720&ssl=1&resize=525%2C300 1.5x, https:\/\/i0.wp.com\/www.shqiperia.com\/blog\/wp-content\/uploads\/2026\/08\/b78dde7c-ap19227568082481.jpg?fit=1200%2C720&ssl=1&resize=700%2C400 2x, https:\/\/i0.wp.com\/www.shqiperia.com\/blog\/wp-content\/uploads\/2026\/08\/b78dde7c-ap19227568082481.jpg?fit=1200%2C720&ssl=1&resize=1050%2C600 3x"},"classes":[]},{"id":100345,"url":"https:\/\/www.shqiperia.com\/blog\/shkencetaret-zbulojne-misterin-e-bermudes-pse-ishulli-nuk-fundoset-prej-miliona-vitesh\/","url_meta":{"origin":105853,"position":3},"title":"Shkenc\u00ebtar\u00ebt zbulojn\u00eb misterin e Bermud\u00ebs, pse ishulli \u201cnuk fundoset\u201d prej miliona vitesh","author":"Kurt Farka","date":"May 16, 2026","format":false,"excerpt":"16 Maji 2026 Bermuda ka magjepsur prej dekadash opinionin publik p\u00ebr shkak t\u00eb legjendave dhe teorive q\u00eb lidhen me Bermuda Triangle, zon\u00ebn fam\u00ebkeqe t\u00eb lidhur me zhdukje misterioze dhe incidente t\u00eb pashpjegueshme. Por p\u00ebrtej miteve dhe teorive konspirative, shkenc\u00ebtar\u00ebt prej vitesh jan\u00eb p\u00ebrballur edhe me nj\u00eb tjet\u00ebr mister: si ka\u2026","rel":"","context":"In &quot;Njoftime Shtypi&quot;","block_context":{"text":"Njoftime Shtypi","link":"https:\/\/www.shqiperia.com\/blog\/category\/njoftime-shtypi\/"},"img":{"alt_text":"","src":"https:\/\/i0.wp.com\/www.shqiperia.com\/blog\/wp-content\/uploads\/2026\/05\/f5814f6c-bermuda-1.jpg?fit=1200%2C720&ssl=1&resize=350%2C200","width":350,"height":200,"srcset":"https:\/\/i0.wp.com\/www.shqiperia.com\/blog\/wp-content\/uploads\/2026\/05\/f5814f6c-bermuda-1.jpg?fit=1200%2C720&ssl=1&resize=350%2C200 1x, https:\/\/i0.wp.com\/www.shqiperia.com\/blog\/wp-content\/uploads\/2026\/05\/f5814f6c-bermuda-1.jpg?fit=1200%2C720&ssl=1&resize=525%2C300 1.5x, https:\/\/i0.wp.com\/www.shqiperia.com\/blog\/wp-content\/uploads\/2026\/05\/f5814f6c-bermuda-1.jpg?fit=1200%2C720&ssl=1&resize=700%2C400 2x, https:\/\/i0.wp.com\/www.shqiperia.com\/blog\/wp-content\/uploads\/2026\/05\/f5814f6c-bermuda-1.jpg?fit=1200%2C720&ssl=1&resize=1050%2C600 3x"},"classes":[]},{"id":104895,"url":"https:\/\/www.shqiperia.com\/blog\/nuk-kemi-pare-kurre-dicka-te-tille-el-nino-alarmon-shkencetaret-2027-do-te-jete-viti-me-i-nxehte-ndonjehere\/","url_meta":{"origin":105853,"position":4},"title":"\u201cNuk kemi par\u00eb kurr\u00eb di\u00e7ka t\u00eb till\u00eb\u201d\/ El Ni\u00f1o alarmon shkenc\u00ebtar\u00ebt, 2027 do t\u00eb jet\u00eb viti m\u00eb i nxeht\u00eb ndonj\u00ebher\u00eb","author":"Kurt Farka","date":"August 21, 2026","format":false,"excerpt":"21 Gusht 2026 Fenomeni El Ni\u00f1o q\u00eb po zhvillohet n\u00eb Oqeanin Paq\u00ebsor mund t\u00eb jet\u00eb m\u00eb i fuqishmi i regjistruar n\u00eb koh\u00ebt moderne, paralajm\u00ebrojn\u00eb ekspert\u00ebt e Met Office, sh\u00ebrbimit meteorologjik britanik. Fenomeni natyror klimatik pritet t\u00eb ndikoj\u00eb n\u00eb rritjen e temperaturave mesatare globale dhe t\u00eb shtoj\u00eb rrezikun p\u00ebr episode t\u00eb\u2026","rel":"","context":"In &quot;Blogu i Udh\u00ebtarit&quot;","block_context":{"text":"Blogu i Udh\u00ebtarit","link":"https:\/\/www.shqiperia.com\/blog\/category\/blogu-i-udhetarit\/"},"img":{"alt_text":"","src":"https:\/\/i0.wp.com\/www.shqiperia.com\/blog\/wp-content\/uploads\/2026\/08\/IMG_2857.webp?fit=976%2C549&ssl=1&resize=350%2C200","width":350,"height":200,"srcset":"https:\/\/i0.wp.com\/www.shqiperia.com\/blog\/wp-content\/uploads\/2026\/08\/IMG_2857.webp?fit=976%2C549&ssl=1&resize=350%2C200 1x, https:\/\/i0.wp.com\/www.shqiperia.com\/blog\/wp-content\/uploads\/2026\/08\/IMG_2857.webp?fit=976%2C549&ssl=1&resize=525%2C300 1.5x, https:\/\/i0.wp.com\/www.shqiperia.com\/blog\/wp-content\/uploads\/2026\/08\/IMG_2857.webp?fit=976%2C549&ssl=1&resize=700%2C400 2x"},"classes":[]},{"id":103754,"url":"https:\/\/www.shqiperia.com\/blog\/pergatituni-per-el-nino-paralajmerimi-i-okb-se-2027-ta-mund-te-jete-viti-me-i-nxehte-ne-dekada\/","url_meta":{"origin":105853,"position":5},"title":"P\u00ebrgatituni p\u00ebr El Ni\u00f1o! Paralajm\u00ebrimi i OKB-s\u00eb: &#8211; 2027-ta mund t\u00eb jet\u00eb viti m\u00eb i nxeht\u00eb n\u00eb dekada","author":"Kurt Farka","date":"August 4, 2026","format":false,"excerpt":"4 Gusht 2026 Organizata e Kombeve t\u00eb Bashkuara ka paralajm\u00ebruar se nj\u00eb faz\u00eb e re e fenomenit klimatik El Ni\u00f1o mund t\u00eb nis\u00eb brenda pak jav\u00ebsh dhe t\u00eb forcohet gjat\u00eb vitit 2026, duke rritur ndjesh\u00ebm temperaturat globale n\u00eb nj\u00eb koh\u00eb kur planeti po p\u00ebrballet tashm\u00eb me ndikimet e ndryshimeve klimatike.\u2026","rel":"","context":"In &quot;Blogu i Udh\u00ebtarit&quot;","block_context":{"text":"Blogu i Udh\u00ebtarit","link":"https:\/\/www.shqiperia.com\/blog\/category\/blogu-i-udhetarit\/"},"img":{"alt_text":"","src":"https:\/\/i0.wp.com\/www.shqiperia.com\/blog\/wp-content\/uploads\/2026\/08\/auto_el-nino-1024x5751780389452-1.jpg?fit=900%2C505&ssl=1&resize=350%2C200","width":350,"height":200,"srcset":"https:\/\/i0.wp.com\/www.shqiperia.com\/blog\/wp-content\/uploads\/2026\/08\/auto_el-nino-1024x5751780389452-1.jpg?fit=900%2C505&ssl=1&resize=350%2C200 1x, https:\/\/i0.wp.com\/www.shqiperia.com\/blog\/wp-content\/uploads\/2026\/08\/auto_el-nino-1024x5751780389452-1.jpg?fit=900%2C505&ssl=1&resize=525%2C300 1.5x, https:\/\/i0.wp.com\/www.shqiperia.com\/blog\/wp-content\/uploads\/2026\/08\/auto_el-nino-1024x5751780389452-1.jpg?fit=900%2C505&ssl=1&resize=700%2C400 2x"},"classes":[]}],"_links":{"self":[{"href":"https:\/\/www.shqiperia.com\/blog\/wp-json\/wp\/v2\/posts\/105853","targetHints":{"allow":["GET"]}}],"collection":[{"href":"https:\/\/www.shqiperia.com\/blog\/wp-json\/wp\/v2\/posts"}],"about":[{"href":"https:\/\/www.shqiperia.com\/blog\/wp-json\/wp\/v2\/types\/post"}],"author":[{"embeddable":true,"href":"https:\/\/www.shqiperia.com\/blog\/wp-json\/wp\/v2\/users\/9"}],"replies":[{"embeddable":true,"href":"https:\/\/www.shqiperia.com\/blog\/wp-json\/wp\/v2\/comments?post=105853"}],"version-history":[{"count":1,"href":"https:\/\/www.shqiperia.com\/blog\/wp-json\/wp\/v2\/posts\/105853\/revisions"}],"predecessor-version":[{"id":105855,"href":"https:\/\/www.shqiperia.com\/blog\/wp-json\/wp\/v2\/posts\/105853\/revisions\/105855"}],"wp:featuredmedia":[{"embeddable":true,"href":"https:\/\/www.shqiperia.com\/blog\/wp-json\/wp\/v2\/media\/105854"}],"wp:attachment":[{"href":"https:\/\/www.shqiperia.com\/blog\/wp-json\/wp\/v2\/media?parent=105853"}],"wp:term":[{"taxonomy":"category","embeddable":true,"href":"https:\/\/www.shqiperia.com\/blog\/wp-json\/wp\/v2\/categories?post=105853"},{"taxonomy":"post_tag","embeddable":true,"href":"https:\/\/www.shqiperia.com\/blog\/wp-json\/wp\/v2\/tags?post=105853"}],"curies":[{"name":"wp","href":"https:\/\/api.w.org\/{rel}","templated":true}]}}