{"id":105846,"date":"2026-09-03T08:38:52","date_gmt":"2026-09-03T08:38:52","guid":{"rendered":"https:\/\/www.shqiperia.com\/blog\/?p=105846"},"modified":"2026-09-03T08:44:56","modified_gmt":"2026-09-03T08:44:56","slug":"zjarri-perfshin-nje-siperfaqe-pyjore-ne-iballe-te-fushe-arrezit","status":"publish","type":"post","link":"https:\/\/www.shqiperia.com\/blog\/zjarri-perfshin-nje-siperfaqe-pyjore-ne-iballe-te-fushe-arrezit\/","title":{"rendered":"Zjarri p\u00ebrfshin nj\u00eb sip\u00ebrfaqe pyjore n\u00eb Iball\u00eb t\u00eb Fush\u00eb-Arr\u00ebzit"},"content":{"rendered":"<p><img data-recalc-dims=\"1\" loading=\"lazy\" decoding=\"async\" data-attachment-id=\"105850\" data-permalink=\"https:\/\/www.shqiperia.com\/blog\/zjarri-perfshin-nje-siperfaqe-pyjore-ne-iballe-te-fushe-arrezit\/640-0-1784536046xzjarr3-136\/\" data-orig-file=\"https:\/\/i0.wp.com\/www.shqiperia.com\/blog\/wp-content\/uploads\/2026\/09\/640-0-1784536046xzjarr3-136.jpg?fit=640%2C376&amp;ssl=1\" data-orig-size=\"640,376\" data-comments-opened=\"1\" data-image-meta=\"{&quot;aperture&quot;:&quot;0&quot;,&quot;credit&quot;:&quot;&quot;,&quot;camera&quot;:&quot;&quot;,&quot;caption&quot;:&quot;&quot;,&quot;created_timestamp&quot;:&quot;0&quot;,&quot;copyright&quot;:&quot;&quot;,&quot;focal_length&quot;:&quot;0&quot;,&quot;iso&quot;:&quot;0&quot;,&quot;shutter_speed&quot;:&quot;0&quot;,&quot;title&quot;:&quot;&quot;,&quot;orientation&quot;:&quot;0&quot;}\" data-image-title=\"-640-0-1784536046xzjarr3-136\" data-image-description=\"\" data-image-caption=\"\" data-medium-file=\"https:\/\/i0.wp.com\/www.shqiperia.com\/blog\/wp-content\/uploads\/2026\/09\/640-0-1784536046xzjarr3-136.jpg?fit=300%2C176&amp;ssl=1\" data-large-file=\"https:\/\/i0.wp.com\/www.shqiperia.com\/blog\/wp-content\/uploads\/2026\/09\/640-0-1784536046xzjarr3-136.jpg?fit=640%2C376&amp;ssl=1\" class=\"alignnone wp-image-105850\" alt=\"\" src=\"https:\/\/i0.wp.com\/www.shqiperia.com\/blog\/wp-content\/uploads\/2026\/09\/640-0-1784536046xzjarr3-136.jpg?resize=564%2C331&#038;ssl=1\" width=\"564\" height=\"331\" srcset=\"https:\/\/i0.wp.com\/www.shqiperia.com\/blog\/wp-content\/uploads\/2026\/09\/640-0-1784536046xzjarr3-136.jpg?resize=300%2C176&amp;ssl=1 300w, https:\/\/i0.wp.com\/www.shqiperia.com\/blog\/wp-content\/uploads\/2026\/09\/640-0-1784536046xzjarr3-136.jpg?resize=450%2C264&amp;ssl=1 450w, https:\/\/i0.wp.com\/www.shqiperia.com\/blog\/wp-content\/uploads\/2026\/09\/640-0-1784536046xzjarr3-136.jpg?resize=600%2C353&amp;ssl=1 600w, https:\/\/i0.wp.com\/www.shqiperia.com\/blog\/wp-content\/uploads\/2026\/09\/640-0-1784536046xzjarr3-136.jpg?resize=400%2C235&amp;ssl=1 400w, https:\/\/i0.wp.com\/www.shqiperia.com\/blog\/wp-content\/uploads\/2026\/09\/640-0-1784536046xzjarr3-136.jpg?w=640&amp;ssl=1 640w\" sizes=\"auto, (max-width: 564px) 100vw, 564px\" \/><\/p>\n<p>3 Shtator 2026<\/p>\n<p>Nj\u00eb vat\u00ebr e fuqishme zjarri vijon t\u00eb jet\u00eb aktive prej mbr\u00ebmjes s\u00eb djeshme n\u00eb zon\u00ebn e Iball\u00ebs, duke shkrumbuar nj\u00eb sip\u00ebrfaqe t\u00eb konsiderueshme pyjore mbi lagjen Gere.<\/p>\n<p>Terreni tejet i thyer dhe i v\u00ebshtir\u00eb ka b\u00ebr\u00eb t\u00eb pamundur nd\u00ebrhyrjen e drejtp\u00ebrdrejt\u00eb t\u00eb forcave zjarrfik\u00ebse t\u00eb Fush\u00eb-Arr\u00ebzit, t\u00eb cilat jan\u00eb pozicionuar n\u00eb nj\u00eb distanc\u00eb sigurie pran\u00eb qendr\u00ebs s\u00eb nj\u00ebsis\u00eb administrative. Gjat\u00eb gjith\u00eb nat\u00ebs, banor\u00ebt e zon\u00ebs dhe punonj\u00ebsit e sh\u00ebrbimit pyjor kan\u00eb luftuar me mjete rrethanore p\u00ebr t\u00eb ndaluar avancimin e flak\u00ebve drejt zonave t\u00eb banuara.<\/p>\n<p>Operacioni nga ajri dhe dyshimet p\u00ebr zjarrv\u00ebnie P\u00ebr t\u00eb v\u00ebn\u00eb n\u00ebn kontroll situat\u00ebn, n\u00eb or\u00ebt e fundit \u00ebsht\u00eb angazhuar edhe nj\u00eb helikopter i Ministris\u00eb s\u00eb Mbrojtjes, i cili po kryen nd\u00ebrhyrje nga ajri p\u00ebr t\u00eb kufizuar perimetrin e zjarrit q\u00eb ka prekur kryesisht shkurre dhe bim\u00ebsi t\u00eb ul\u00ebt.<\/p>\n<p>Paralelisht me p\u00ebrpjekjet p\u00ebr shuarjen, autoritetet kan\u00eb nisur hetimet p\u00ebr zbardhjen e shkaqeve t\u00eb k\u00ebtij incidenti. Dyshimet e para t\u00eb grupit hetimor sugjerojn\u00eb se zjarri mund t\u00eb jet\u00eb i q\u00ebllimsh\u00ebm, duke shtuar nevoj\u00ebn p\u00ebr masa m\u00eb t\u00eb rrepta ndaj autor\u00ebve t\u00eb mundsh\u00ebm t\u00eb k\u00ebsaj katastrofe mjedisore.<\/p>\n<p>Ende nuk dihen shkaqet e zjarrit.<\/p>\n","protected":false},"excerpt":{"rendered":"<p>3 Shtator 2026 Nj\u00eb vat\u00ebr e fuqishme zjarri vijon t\u00eb jet\u00eb aktive prej mbr\u00ebmjes s\u00eb djeshme n\u00eb zon\u00ebn e Iball\u00ebs, duke shkrumbuar nj\u00eb sip\u00ebrfaqe t\u00eb konsiderueshme pyjore mbi lagjen Gere. Terreni tejet i thyer dhe i v\u00ebshtir\u00eb ka b\u00ebr\u00eb t\u00eb pamundur nd\u00ebrhyrjen e drejtp\u00ebrdrejt\u00eb t\u00eb forcave zjarrfik\u00ebse t\u00eb Fush\u00eb-Arr\u00ebzit, t\u00eb cilat jan\u00eb pozicionuar n\u00eb nj\u00eb [&hellip;]<\/p>\n","protected":false},"author":9,"featured_media":105850,"comment_status":"open","ping_status":"open","sticky":false,"template":"","format":"standard","meta":{"jetpack_post_was_ever_published":false,"_jetpack_newsletter_access":"","_jetpack_dont_email_post_to_subs":false,"_jetpack_newsletter_tier_id":0,"_jetpack_memberships_contains_paywalled_content":false,"_jetpack_memberships_contains_paid_content":false,"footnotes":"","jetpack_publicize_message":"","jetpack_publicize_feature_enabled":true,"jetpack_social_post_already_shared":true,"jetpack_social_options":{"image_generator_settings":{"template":"highway","default_image_id":0,"font":"","enabled":false},"version":2}},"categories":[27,1,35],"tags":[],"class_list":["post-105846","post","type-post","status-publish","format-standard","has-post-thumbnail","hentry","category-blogu-i-udhetarit","category-njoftime-shtypi","category-shoqerore"],"jetpack_publicize_connections":[],"jetpack_featured_media_url":"https:\/\/i0.wp.com\/www.shqiperia.com\/blog\/wp-content\/uploads\/2026\/09\/640-0-1784536046xzjarr3-136.jpg?fit=640%2C376&ssl=1","jetpack_sharing_enabled":true,"jetpack_shortlink":"https:\/\/wp.me\/p5Z6wp-rxc","jetpack-related-posts":[{"id":102964,"url":"https:\/\/www.shqiperia.com\/blog\/flaket-pushtojne-pyjet-e-iballes-kerkohet-nderhyrja-me-helikopter\/","url_meta":{"origin":105846,"position":0},"title":"Flak\u00ebt pushtojn\u00eb pyjet e Iball\u00ebs! K\u00ebrkohet nd\u00ebrhyrja me helikopter","author":"Kurt Farka","date":"July 20, 2026","format":false,"excerpt":"20 Korrik 2026 Nj\u00eb zjarr i p\u00ebrmasave t\u00eb m\u00ebdha ka p\u00ebrfshir\u00eb nj\u00eb sip\u00ebrfaqe pyjore n\u00eb Iballe t\u00eb Fush\u00eb-Arr\u00ebzit, mbi lagjen Gere, duke v\u00ebshtir\u00ebsuar nd\u00ebrhyrjen e forcave zjarrfik\u00ebse. P\u00ebr shkak t\u00eb terrenit t\u00eb thyer malor, zjarrfik\u00ebsit e Fush\u00eb-Arr\u00ebzit nuk kan\u00eb mundur t\u00eb dep\u00ebrtojn\u00eb n\u00eb vatr\u00ebn e zjarrit dhe jan\u00eb stacionuar n\u00eb\u2026","rel":"","context":"In &quot;Blogu i Udh\u00ebtarit&quot;","block_context":{"text":"Blogu i Udh\u00ebtarit","link":"https:\/\/www.shqiperia.com\/blog\/category\/blogu-i-udhetarit\/"},"img":{"alt_text":"","src":"https:\/\/i0.wp.com\/www.shqiperia.com\/blog\/wp-content\/uploads\/2026\/07\/zjarr-mal-skenderaj.jpg?fit=1200%2C900&ssl=1&resize=350%2C200","width":350,"height":200,"srcset":"https:\/\/i0.wp.com\/www.shqiperia.com\/blog\/wp-content\/uploads\/2026\/07\/zjarr-mal-skenderaj.jpg?fit=1200%2C900&ssl=1&resize=350%2C200 1x, https:\/\/i0.wp.com\/www.shqiperia.com\/blog\/wp-content\/uploads\/2026\/07\/zjarr-mal-skenderaj.jpg?fit=1200%2C900&ssl=1&resize=525%2C300 1.5x, https:\/\/i0.wp.com\/www.shqiperia.com\/blog\/wp-content\/uploads\/2026\/07\/zjarr-mal-skenderaj.jpg?fit=1200%2C900&ssl=1&resize=700%2C400 2x, https:\/\/i0.wp.com\/www.shqiperia.com\/blog\/wp-content\/uploads\/2026\/07\/zjarr-mal-skenderaj.jpg?fit=1200%2C900&ssl=1&resize=1050%2C600 3x"},"classes":[]},{"id":105192,"url":"https:\/\/www.shqiperia.com\/blog\/dajti-nuk-gjen-qetesi-nga-flaket-siperfaqe-e-madhe-pyjore-perfshihet-nga-zjarri\/","url_meta":{"origin":105846,"position":1},"title":"DAJTI NUK GJEN QET\u00cbSI NGA FLAK\u00cbT\/ Sip\u00ebrfaqe e madhe pyjore p\u00ebrfshihet nga zjarri","author":"Kurt Farka","date":"August 25, 2026","format":false,"excerpt":"25 Gusht 2026 Nj\u00eb zjarr ka p\u00ebrfshir\u00eb nj\u00eb sip\u00ebrfaqe t\u00eb konsiderueshme me pyje n\u00eb malin e Dajtit, n\u00eb Tiran\u00eb. Flak\u00ebt jan\u00eb p\u00ebrhapur n\u00eb nj\u00eb hap\u00ebsir\u00eb t\u00eb gjer\u00eb, duke v\u00ebn\u00eb n\u00eb rrezik zon\u00ebn pyjore. P\u00ebr shuarjen e zjarrit po nd\u00ebrhyhet edhe nga ajri. Zjarri ka 10 dit\u00eb q\u00eb vazhdon n\u00eb Dajt\u2026","rel":"","context":"In &quot;Blogu i Udh\u00ebtarit&quot;","block_context":{"text":"Blogu i Udh\u00ebtarit","link":"https:\/\/www.shqiperia.com\/blog\/category\/blogu-i-udhetarit\/"},"img":{"alt_text":"","src":"https:\/\/i0.wp.com\/www.shqiperia.com\/blog\/wp-content\/uploads\/2026\/08\/Vazhdon-Zjarri-ne-Dajt-25-Gusht-2026.jpg?fit=640%2C370&ssl=1&resize=350%2C200","width":350,"height":200,"srcset":"https:\/\/i0.wp.com\/www.shqiperia.com\/blog\/wp-content\/uploads\/2026\/08\/Vazhdon-Zjarri-ne-Dajt-25-Gusht-2026.jpg?fit=640%2C370&ssl=1&resize=350%2C200 1x, https:\/\/i0.wp.com\/www.shqiperia.com\/blog\/wp-content\/uploads\/2026\/08\/Vazhdon-Zjarri-ne-Dajt-25-Gusht-2026.jpg?fit=640%2C370&ssl=1&resize=525%2C300 1.5x"},"classes":[]},{"id":24972,"url":"https:\/\/www.shqiperia.com\/blog\/zjarr-ne-puke-bashkia-fushe-arres-ne-nje-siperfaqe-te-madhe-pyjore\/","url_meta":{"origin":105846,"position":2},"title":"Zjarr ne Puke, Bashkia Fushe Arres, ne nje siperfaqe te madhe Pyjore","author":"Kurt Farka","date":"August 22, 2019","format":false,"excerpt":"Zjarr ne Puke, Bashkia Fushe Arres, ne nje siperfaqe te madhe Pyjore Fatkeqesi Natyrore: - Zjarr ne Puke, Bashkia Fushe Arres, ne nje siperfaqe te madhe Pyjore Zjarri ka filluar \u00a0n\u00eb vendin e quajtur K\u00ebsollat e Do\u00e7it (poshte Krrabit), siper fshatit Lumardh rreth 500 m. larg nga Prrezi, n\u00eb pyll\u2026","rel":"","context":"In &quot;Blogu i Udh\u00ebtarit&quot;","block_context":{"text":"Blogu i Udh\u00ebtarit","link":"https:\/\/www.shqiperia.com\/blog\/category\/blogu-i-udhetarit\/"},"img":{"alt_text":"","src":"https:\/\/i0.wp.com\/www.shqiperia.com\/blog\/wp-content\/uploads\/2019\/08\/Foto-Ilustruese-1.jpg?fit=410%2C242&ssl=1&resize=350%2C200","width":350,"height":200},"classes":[]},{"id":105407,"url":"https:\/\/www.shqiperia.com\/blog\/zjarri-ne-vranisht-te-vlores-perfshihet-nga-flaket-nje-banese-digjen-dhe-disa-hektare-siperfaqe-pyjore\/","url_meta":{"origin":105846,"position":3},"title":"Zjarri n\u00eb Vranisht t\u00eb Vlor\u00ebs, p\u00ebrfshihet nga flak\u00ebt nj\u00eb banes\u00eb, digjen dhe disa hektar\u00eb sip\u00ebrfaqe pyjore","author":"Kurt Farka","date":"August 28, 2026","format":false,"excerpt":"28 Gusht 2026 Nj\u00eb banes\u00eb e pabanuar \u00ebsht\u00eb p\u00ebrfshir\u00eb nga flak\u00ebt, nd\u00ebrsa zjarri ka p\u00ebrfshir\u00eb disa hektar\u00eb me pisha dhe sip\u00ebrfaqe pyjore n\u00eb fshatin Vranisht t\u00eb bashkis\u00eb Himar\u00eb. Situata paraqitet e v\u00ebshtir\u00eb p\u00ebr shkak t\u00eb er\u00ebrave t\u00eb forta dhe temperaturave t\u00eb larta, nd\u00ebrsa flak\u00ebt vijojn\u00eb t\u00eb jen\u00eb aktive dhe rrezikojn\u00eb\u2026","rel":"","context":"In &quot;Blogu i Udh\u00ebtarit&quot;","block_context":{"text":"Blogu i Udh\u00ebtarit","link":"https:\/\/www.shqiperia.com\/blog\/category\/blogu-i-udhetarit\/"},"img":{"alt_text":"","src":"https:\/\/i0.wp.com\/www.shqiperia.com\/blog\/wp-content\/uploads\/2026\/08\/Untitled-design-42.webp?fit=1200%2C675&ssl=1&resize=350%2C200","width":350,"height":200,"srcset":"https:\/\/i0.wp.com\/www.shqiperia.com\/blog\/wp-content\/uploads\/2026\/08\/Untitled-design-42.webp?fit=1200%2C675&ssl=1&resize=350%2C200 1x, https:\/\/i0.wp.com\/www.shqiperia.com\/blog\/wp-content\/uploads\/2026\/08\/Untitled-design-42.webp?fit=1200%2C675&ssl=1&resize=525%2C300 1.5x, https:\/\/i0.wp.com\/www.shqiperia.com\/blog\/wp-content\/uploads\/2026\/08\/Untitled-design-42.webp?fit=1200%2C675&ssl=1&resize=700%2C400 2x, https:\/\/i0.wp.com\/www.shqiperia.com\/blog\/wp-content\/uploads\/2026\/08\/Untitled-design-42.webp?fit=1200%2C675&ssl=1&resize=1050%2C600 3x"},"classes":[]},{"id":104350,"url":"https:\/\/www.shqiperia.com\/blog\/zjarri-ne-prisken-e-madhe-merr-permasa-te-medha-nje-shtepi-e-djegur-dhe-familje-te-evakuuara-shkrumbohet-siperfaqe-e-madhe-pyjesh-dhe-ullishtesh\/","url_meta":{"origin":105846,"position":4},"title":"Zjarri n\u00eb Prisk\u00ebn e Madhe merr p\u00ebrmasa t\u00eb m\u00ebdha, nj\u00eb sht\u00ebpi e djegur dhe familje t\u00eb evakuuara. Shkrumbohet sip\u00ebrfaqe e madhe pyjesh dhe ullishtesh","author":"Kurt Farka","date":"August 13, 2026","format":false,"excerpt":"13 Gusht 2026 Zjarri q\u00eb prej dit\u00ebsh vijon t\u00eb jet\u00eb aktiv n\u00eb zon\u00ebn e Prisk\u00ebs s\u00eb Madhe ka marr\u00eb p\u00ebrmasa m\u00eb t\u00eb m\u00ebdha dhe \u00ebsht\u00eb p\u00ebrhapur edhe n\u00eb drejtim t\u00eb Lundr\u00ebs, Fark\u00ebs s\u00eb Madhe dhe Gurr\u00ebs, duke rritur ndjesh\u00ebm rrezikun p\u00ebr banor\u00ebt dhe pronat e tyre. Flak\u00ebt kan\u00eb p\u00ebrfshir\u00eb sip\u00ebrfaqe\u2026","rel":"","context":"In &quot;Blogu i Udh\u00ebtarit&quot;","block_context":{"text":"Blogu i Udh\u00ebtarit","link":"https:\/\/www.shqiperia.com\/blog\/category\/blogu-i-udhetarit\/"},"img":{"alt_text":"","src":"https:\/\/i0.wp.com\/www.shqiperia.com\/blog\/wp-content\/uploads\/2026\/08\/Zjarri-ne-Prisken-e-Madhe.webp?fit=1200%2C675&ssl=1&resize=350%2C200","width":350,"height":200,"srcset":"https:\/\/i0.wp.com\/www.shqiperia.com\/blog\/wp-content\/uploads\/2026\/08\/Zjarri-ne-Prisken-e-Madhe.webp?fit=1200%2C675&ssl=1&resize=350%2C200 1x, https:\/\/i0.wp.com\/www.shqiperia.com\/blog\/wp-content\/uploads\/2026\/08\/Zjarri-ne-Prisken-e-Madhe.webp?fit=1200%2C675&ssl=1&resize=525%2C300 1.5x, https:\/\/i0.wp.com\/www.shqiperia.com\/blog\/wp-content\/uploads\/2026\/08\/Zjarri-ne-Prisken-e-Madhe.webp?fit=1200%2C675&ssl=1&resize=700%2C400 2x, https:\/\/i0.wp.com\/www.shqiperia.com\/blog\/wp-content\/uploads\/2026\/08\/Zjarri-ne-Prisken-e-Madhe.webp?fit=1200%2C675&ssl=1&resize=1050%2C600 3x"},"classes":[]},{"id":104409,"url":"https:\/\/www.shqiperia.com\/blog\/11-dite-lufte-me-flaket-zjarret-mbajne-te-pushtuar-malet-e-librazhdit-dhe-prrenjasit-dhjetera-zjarrfikes-ne-terren\/","url_meta":{"origin":105846,"position":5},"title":"11 dit\u00eb luft\u00eb me flak\u00ebt! Zjarret mbajn\u00eb t\u00eb \u201cpushtuar \u201d malet e Librazhdit dhe Prrenjasit, dhjet\u00ebra zjarrfik\u00ebs n\u00eb terren","author":"Kurt Farka","date":"August 14, 2026","format":false,"excerpt":"14 Gusht 2026 Zjarret vijojn\u00eb t\u00eb mbajn\u00eb n\u00eb gatishm\u00ebri sh\u00ebrbimet zjarrfik\u00ebse n\u00eb zonat pyjore. N\u00eb Malin e Dardh\u00ebs, n\u00eb Nj\u00ebsin\u00eb Administrative Hotolisht t\u00eb Bashkis\u00eb Librazhd, nj\u00eb vat\u00ebr zjarri ka k\u00ebrkuar nd\u00ebrhyrje t\u00eb pand\u00ebrprer\u00eb p\u00ebr 11 dit\u00eb me radh\u00eb, nd\u00ebrsa autoritetet raportojn\u00eb se situata tashm\u00eb \u00ebsht\u00eb izoluar dhe po monitorohet. Sipas\u2026","rel":"","context":"In &quot;Blogu i Udh\u00ebtarit&quot;","block_context":{"text":"Blogu i Udh\u00ebtarit","link":"https:\/\/www.shqiperia.com\/blog\/category\/blogu-i-udhetarit\/"},"img":{"alt_text":"","src":"https:\/\/i0.wp.com\/www.shqiperia.com\/blog\/wp-content\/uploads\/2026\/08\/zjrri-ne-elbasan.jpg?fit=661%2C428&ssl=1&resize=350%2C200","width":350,"height":200,"srcset":"https:\/\/i0.wp.com\/www.shqiperia.com\/blog\/wp-content\/uploads\/2026\/08\/zjrri-ne-elbasan.jpg?fit=661%2C428&ssl=1&resize=350%2C200 1x, https:\/\/i0.wp.com\/www.shqiperia.com\/blog\/wp-content\/uploads\/2026\/08\/zjrri-ne-elbasan.jpg?fit=661%2C428&ssl=1&resize=525%2C300 1.5x"},"classes":[]}],"_links":{"self":[{"href":"https:\/\/www.shqiperia.com\/blog\/wp-json\/wp\/v2\/posts\/105846","targetHints":{"allow":["GET"]}}],"collection":[{"href":"https:\/\/www.shqiperia.com\/blog\/wp-json\/wp\/v2\/posts"}],"about":[{"href":"https:\/\/www.shqiperia.com\/blog\/wp-json\/wp\/v2\/types\/post"}],"author":[{"embeddable":true,"href":"https:\/\/www.shqiperia.com\/blog\/wp-json\/wp\/v2\/users\/9"}],"replies":[{"embeddable":true,"href":"https:\/\/www.shqiperia.com\/blog\/wp-json\/wp\/v2\/comments?post=105846"}],"version-history":[{"count":4,"href":"https:\/\/www.shqiperia.com\/blog\/wp-json\/wp\/v2\/posts\/105846\/revisions"}],"predecessor-version":[{"id":105852,"href":"https:\/\/www.shqiperia.com\/blog\/wp-json\/wp\/v2\/posts\/105846\/revisions\/105852"}],"wp:featuredmedia":[{"embeddable":true,"href":"https:\/\/www.shqiperia.com\/blog\/wp-json\/wp\/v2\/media\/105850"}],"wp:attachment":[{"href":"https:\/\/www.shqiperia.com\/blog\/wp-json\/wp\/v2\/media?parent=105846"}],"wp:term":[{"taxonomy":"category","embeddable":true,"href":"https:\/\/www.shqiperia.com\/blog\/wp-json\/wp\/v2\/categories?post=105846"},{"taxonomy":"post_tag","embeddable":true,"href":"https:\/\/www.shqiperia.com\/blog\/wp-json\/wp\/v2\/tags?post=105846"}],"curies":[{"name":"wp","href":"https:\/\/api.w.org\/{rel}","templated":true}]}}