{"id":105843,"date":"2026-09-03T08:15:30","date_gmt":"2026-09-03T08:15:30","guid":{"rendered":"https:\/\/www.shqiperia.com\/blog\/?p=105843"},"modified":"2026-09-03T08:17:08","modified_gmt":"2026-09-03T08:17:08","slug":"protesta-kunder-qeverise-hyn-ne-diten-e-96-te-syte-te-7-shtatori-paralajmerohet-pershkallezim-i-aksionit","status":"publish","type":"post","link":"https:\/\/www.shqiperia.com\/blog\/protesta-kunder-qeverise-hyn-ne-diten-e-96-te-syte-te-7-shtatori-paralajmerohet-pershkallezim-i-aksionit\/","title":{"rendered":"Protesta kund\u00ebr qeveris\u00eb hyn n\u00eb dit\u00ebn e 96-t\u00eb, syt\u00eb te 7 shtatori! Paralajm\u00ebrohet p\u00ebrshkall\u00ebzim i aksionit"},"content":{"rendered":"<p><img data-recalc-dims=\"1\" loading=\"lazy\" decoding=\"async\" data-attachment-id=\"105844\" data-permalink=\"https:\/\/www.shqiperia.com\/blog\/protesta-kunder-qeverise-hyn-ne-diten-e-96-te-syte-te-7-shtatori-paralajmerohet-pershkallezim-i-aksionit\/protesta-95-studentet-4-433x300\/\" data-orig-file=\"https:\/\/i0.wp.com\/www.shqiperia.com\/blog\/wp-content\/uploads\/2026\/09\/protesta-95-studentet-4-433x300-1.jpeg?fit=433%2C300&amp;ssl=1\" data-orig-size=\"433,300\" data-comments-opened=\"1\" data-image-meta=\"{&quot;aperture&quot;:&quot;0&quot;,&quot;credit&quot;:&quot;&quot;,&quot;camera&quot;:&quot;&quot;,&quot;caption&quot;:&quot;&quot;,&quot;created_timestamp&quot;:&quot;0&quot;,&quot;copyright&quot;:&quot;&quot;,&quot;focal_length&quot;:&quot;0&quot;,&quot;iso&quot;:&quot;0&quot;,&quot;shutter_speed&quot;:&quot;0&quot;,&quot;title&quot;:&quot;&quot;,&quot;orientation&quot;:&quot;0&quot;}\" data-image-title=\"protesta-95-studentet-4-433&#215;300\" data-image-description=\"\" data-image-caption=\"\" data-medium-file=\"https:\/\/i0.wp.com\/www.shqiperia.com\/blog\/wp-content\/uploads\/2026\/09\/protesta-95-studentet-4-433x300-1.jpeg?fit=300%2C208&amp;ssl=1\" data-large-file=\"https:\/\/i0.wp.com\/www.shqiperia.com\/blog\/wp-content\/uploads\/2026\/09\/protesta-95-studentet-4-433x300-1.jpeg?fit=433%2C300&amp;ssl=1\" class=\"alignnone wp-image-105844\" alt=\"\" src=\"https:\/\/i0.wp.com\/www.shqiperia.com\/blog\/wp-content\/uploads\/2026\/09\/protesta-95-studentet-4-433x300-1.jpeg?resize=538%2C373&#038;ssl=1\" width=\"538\" height=\"373\" srcset=\"https:\/\/i0.wp.com\/www.shqiperia.com\/blog\/wp-content\/uploads\/2026\/09\/protesta-95-studentet-4-433x300-1.jpeg?resize=300%2C208&amp;ssl=1 300w, https:\/\/i0.wp.com\/www.shqiperia.com\/blog\/wp-content\/uploads\/2026\/09\/protesta-95-studentet-4-433x300-1.jpeg?resize=400%2C277&amp;ssl=1 400w, https:\/\/i0.wp.com\/www.shqiperia.com\/blog\/wp-content\/uploads\/2026\/09\/protesta-95-studentet-4-433x300-1.jpeg?w=433&amp;ssl=1 433w\" sizes=\"auto, (max-width: 538px) 100vw, 538px\" \/><\/p>\n<p>3 Shtator 2026<\/p>\n<p>Protesta vijon sot n\u00eb dit\u00ebn e 96-t\u00eb, nd\u00ebrsa mbetet p\u00ebr t\u2019u par\u00eb n\u00ebse dit\u00ebt n\u00eb vijim do t\u00eb sjellin nj\u00eb p\u00ebrshkall\u00ebzim t\u00eb m\u00ebtejsh\u00ebm t\u00eb p\u00ebrplasjeve apo forma t\u00eb reja t\u00eb mosbindjes civile.<\/p>\n<p><strong>Protesta qytetare kund\u00ebr qeveris\u00eb hyn sot n\u00eb dit\u00ebn e 96-t\u00eb. K\u00ebrkesa kryesore e protestuesve mbetet dor\u00ebheqja e kryeministrit Edi Rama, nd\u00ebrsa dit\u00ebt e fundit aksioni \u00ebsht\u00eb shoq\u00ebruar me tensione, p\u00ebrplasje me policin\u00eb dhe paralajm\u00ebrime p\u00ebr zgjerimin e formave t\u00eb mosbindjes civile.<\/strong><\/p>\n<p>Dita e 95-t\u00eb e protest\u00ebs, e zhvilluar t\u00eb m\u00ebrkur\u00ebn, nisi n\u00eb sheshin \u201cSk\u00ebnderbej\u201d, ku u mblodh\u00ebn qytetar\u00eb dhe aktivist\u00eb. Prej aty, protestuesit marshuan drejt Kryeministris\u00eb, duke p\u00ebrs\u00ebritur thirrjet kund\u00ebr qeveris\u00eb dhe k\u00ebrkes\u00ebn p\u00ebr largimin e Edi Ram\u00ebs.<\/p>\n<p>M\u00eb pas, protesta u zhvendos drejt Bllokut t\u00eb Siguris\u00eb, ku ndodhen 14 personat e arrestuar nj\u00eb dit\u00eb m\u00eb par\u00eb, pas p\u00ebrplasjeve pran\u00eb Kryeministris\u00eb.<\/p>\n<p>Gjat\u00eb marshimit u d\u00ebgjuan thirrje si \u201cJu erdhi fundi\u201d, \u201cShqip\u00ebria k\u00ebrkon revolucion\u201d dhe \u201cRama, jep dor\u00ebheqjen\u201d.<\/p>\n<p>Protesta e s\u00eb m\u00ebrkur\u00ebs u zhvillua vet\u00ebm nj\u00eb dit\u00eb pas p\u00ebrplasjeve m\u00eb t\u00eb forta t\u00eb regjistruara gjat\u00eb k\u00ebtij aksioni. N\u00eb dit\u00ebn e 94-t\u00eb, pasi protestuesit m\u00ebsuan se kryeministri Rama ndodhej n\u00eb zyr\u00ebn e tij, nj\u00eb pjes\u00eb e tyre u pozicionuan pran\u00eb hyrje-daljeve t\u00eb godin\u00ebs, ku q\u00ebndruan p\u00ebr rreth dy or\u00eb.<\/p>\n<p>N\u00eb zon\u00eb u shtuan forcat e policis\u00eb, p\u00ebrfshir\u00eb efektiv\u00eb t\u00eb FNSH-s\u00eb, nd\u00ebrsa autoritetet vendos\u00ebn n\u00eb terren edhe nj\u00eb autobot me uj\u00eb. Pas tensioneve dhe p\u00ebrplasjeve, disa protestues u shoq\u00ebruan n\u00eb komisariate.<\/p>\n<p>Nd\u00ebrkoh\u00eb, v\u00ebmendja e protestuesve \u00ebsht\u00eb p\u00ebrqendruar te 7 shtatori, kur protesta pritet t\u00eb sh\u00ebnoj\u00eb dit\u00ebn e 100-t\u00eb.<\/p>\n<p>Gjat\u00eb tubimit t\u00eb s\u00eb m\u00ebrkur\u00ebs u paralajm\u00ebrua nj\u00eb mobilizim m\u00eb i madh p\u00ebr k\u00ebt\u00eb dat\u00eb. Protestuesit kan\u00eb deklaruar se synojn\u00eb t\u00eb rrethojn\u00eb t\u00eb gjith\u00eb godin\u00ebn e Kryeministris\u00eb, duke e cil\u00ebsuar dit\u00ebn e 100-t\u00eb si nj\u00eb tjet\u00ebr pik\u00eb t\u00eb r\u00ebnd\u00ebsishme t\u00eb aksionit t\u00eb tyre.<\/p>\n<p>Protesta vijon sot n\u00eb dit\u00ebn e 96-t\u00eb, nd\u00ebrsa mbetet p\u00ebr t\u2019u par\u00eb n\u00ebse dit\u00ebt n\u00eb vijim do t\u00eb sjellin nj\u00eb p\u00ebrshkall\u00ebzim t\u00eb m\u00ebtejsh\u00ebm t\u00eb p\u00ebrplasjeve apo forma t\u00eb reja t\u00eb mosbindjes civile.<\/p>\n","protected":false},"excerpt":{"rendered":"<p>3 Shtator 2026 Protesta vijon sot n\u00eb dit\u00ebn e 96-t\u00eb, nd\u00ebrsa mbetet p\u00ebr t\u2019u par\u00eb n\u00ebse dit\u00ebt n\u00eb vijim do t\u00eb sjellin nj\u00eb p\u00ebrshkall\u00ebzim t\u00eb m\u00ebtejsh\u00ebm t\u00eb p\u00ebrplasjeve apo forma t\u00eb reja t\u00eb mosbindjes civile. Protesta qytetare kund\u00ebr qeveris\u00eb hyn sot n\u00eb dit\u00ebn e 96-t\u00eb. K\u00ebrkesa kryesore e protestuesve mbetet dor\u00ebheqja e kryeministrit Edi Rama, [&hellip;]<\/p>\n","protected":false},"author":9,"featured_media":105844,"comment_status":"open","ping_status":"open","sticky":false,"template":"","format":"standard","meta":{"jetpack_post_was_ever_published":false,"_jetpack_newsletter_access":"","_jetpack_dont_email_post_to_subs":false,"_jetpack_newsletter_tier_id":0,"_jetpack_memberships_contains_paywalled_content":false,"_jetpack_memberships_contains_paid_content":false,"footnotes":"","jetpack_publicize_message":"","jetpack_publicize_feature_enabled":true,"jetpack_social_post_already_shared":true,"jetpack_social_options":{"image_generator_settings":{"template":"highway","default_image_id":0,"font":"","enabled":false},"version":2}},"categories":[27,10,1,2,35],"tags":[],"class_list":["post-105843","post","type-post","status-publish","format-standard","has-post-thumbnail","hentry","category-blogu-i-udhetarit","category-kultura","category-njoftime-shtypi","category-politika","category-shoqerore"],"jetpack_publicize_connections":[],"jetpack_featured_media_url":"https:\/\/i0.wp.com\/www.shqiperia.com\/blog\/wp-content\/uploads\/2026\/09\/protesta-95-studentet-4-433x300-1.jpeg?fit=433%2C300&ssl=1","jetpack_sharing_enabled":true,"jetpack_shortlink":"https:\/\/wp.me\/p5Z6wp-rx9","jetpack-related-posts":[{"id":105595,"url":"https:\/\/www.shqiperia.com\/blog\/rama-lamtumire-shqiptaret-nuk-ndalen-dita-e-93-te-e-protestes-kunder-edi-rames\/","url_meta":{"origin":105843,"position":0},"title":"\u2018Rama Lamtumir\u00eb\/ Shqiptar\u00ebt nuk ndalen, dita e 93-t\u00eb e protest\u00ebs kund\u00ebr Edi Ram\u00ebs","author":"Kurt Farka","date":"August 31, 2026","format":false,"excerpt":"31 Gusht 2926 Protesta qytetare kund\u00ebr qeveris\u00eb Rama hyn sot n\u00eb dit\u00ebn e saj t\u00eb 93-t\u00eb radhazi, duke sh\u00ebnuar mbi tre muaj mobilizim t\u00eb pand\u00ebrprer\u00eb n\u00eb rrug\u00ebt e Tiran\u00ebs. Qytetar\u00ebt pritet t\u00eb mblidhen s\u00ebrish n\u00eb sheshin \u2018Sk\u00ebnderbej\u2019, p\u00ebr t\u00eb marshuar m\u00eb pas p\u00ebrgjat\u00eb Bulevardit \u2018D\u00ebshmor\u00ebt e Kombit\u2019 drejt Kryeministris\u00eb, aty\u2026","rel":"","context":"In &quot;Blogu i Udh\u00ebtarit&quot;","block_context":{"text":"Blogu i Udh\u00ebtarit","link":"https:\/\/www.shqiperia.com\/blog\/category\/blogu-i-udhetarit\/"},"img":{"alt_text":"","src":"https:\/\/i0.wp.com\/www.shqiperia.com\/blog\/wp-content\/uploads\/2026\/08\/auto_protesta-1-11788193327.jpg?fit=900%2C602&ssl=1&resize=350%2C200","width":350,"height":200,"srcset":"https:\/\/i0.wp.com\/www.shqiperia.com\/blog\/wp-content\/uploads\/2026\/08\/auto_protesta-1-11788193327.jpg?fit=900%2C602&ssl=1&resize=350%2C200 1x, https:\/\/i0.wp.com\/www.shqiperia.com\/blog\/wp-content\/uploads\/2026\/08\/auto_protesta-1-11788193327.jpg?fit=900%2C602&ssl=1&resize=525%2C300 1.5x, https:\/\/i0.wp.com\/www.shqiperia.com\/blog\/wp-content\/uploads\/2026\/08\/auto_protesta-1-11788193327.jpg?fit=900%2C602&ssl=1&resize=700%2C400 2x"},"classes":[]},{"id":103106,"url":"https:\/\/www.shqiperia.com\/blog\/revolta-ne-diten-e-53-te-kunder-qeverise-shqiptaret-kerkojne-doreheqjen-e-panegociueshme-te-rames-dhe-kastes-politike\/","url_meta":{"origin":105843,"position":1},"title":"Revolta n\u00eb dit\u00ebn e 53-t\u00eb kund\u00ebr qeveris\u00eb\/ Shqiptar\u00ebt k\u00ebrkojn\u00eb dor\u00ebheqjen e panegociueshme t\u00eb Ram\u00ebs dhe kast\u00ebs politike","author":"Kurt Farka","date":"July 22, 2026","format":false,"excerpt":"22 Korrik 2026 L\u00ebvizja qytetare kund\u00ebr qeveris\u00eb vijon edhe sot n\u00eb Tiran\u00eb, u mbajt protesta e 53-t\u00eb radhazi me k\u00ebrkes\u00ebn kryesore p\u00ebr dor\u00ebheqjen e kryeministrit Edi Rama dhe largimin e qeveris\u00eb. Ashtu si n\u00eb dit\u00ebt e m\u00ebparshme, protesta pritet t\u00eb nis\u00eb n\u00eb or\u00ebn 19:00, n\u00eb sheshin \u201cSk\u00ebnderbej\u201d, ku m\u00eb pas\u2026","rel":"","context":"In &quot;Blogu i Udh\u00ebtarit&quot;","block_context":{"text":"Blogu i Udh\u00ebtarit","link":"https:\/\/www.shqiperia.com\/blog\/category\/blogu-i-udhetarit\/"},"img":{"alt_text":"","src":"https:\/\/i0.wp.com\/www.shqiperia.com\/blog\/wp-content\/uploads\/2026\/07\/protesta-e-4-korrikut1.jpg?fit=832%2C556&ssl=1&resize=350%2C200","width":350,"height":200,"srcset":"https:\/\/i0.wp.com\/www.shqiperia.com\/blog\/wp-content\/uploads\/2026\/07\/protesta-e-4-korrikut1.jpg?fit=832%2C556&ssl=1&resize=350%2C200 1x, https:\/\/i0.wp.com\/www.shqiperia.com\/blog\/wp-content\/uploads\/2026\/07\/protesta-e-4-korrikut1.jpg?fit=832%2C556&ssl=1&resize=525%2C300 1.5x, https:\/\/i0.wp.com\/www.shqiperia.com\/blog\/wp-content\/uploads\/2026\/07\/protesta-e-4-korrikut1.jpg?fit=832%2C556&ssl=1&resize=700%2C400 2x"},"classes":[]},{"id":103852,"url":"https:\/\/www.shqiperia.com\/blog\/sot-dita-e-67-e-protestes-kunder-rames\/","url_meta":{"origin":105843,"position":2},"title":"Sot dita e 67 e protest\u00ebs kund\u00ebr Ram\u00ebs","author":"Kurt Farka","date":"August 5, 2026","format":false,"excerpt":"5 Gusht 2026 Dita e 67-t\u00eb e protest\u00ebs, qytetar\u00ebt marshojn\u00eb s\u00ebrish drejt Kryeministris\u00eb: \u201cRama, jep dor\u00ebheqjen\u201d Protesta qytetare kund\u00ebr qeveris\u00eb hyn sot n\u00eb dit\u00ebn e 67-t\u00eb radhazi, nd\u00ebrsa qytetar\u00ebt pritet t\u00eb mblidhen s\u00ebrish n\u00eb mbr\u00ebmje n\u00eb sheshin \u201cSk\u00ebnderbej\u201d. Pas grumbullimit n\u00eb shesh, protestuesit do t\u00eb marshojn\u00eb drejt Kryeministris\u00eb, ku do\u2026","rel":"","context":"In &quot;Blogu i Udh\u00ebtarit&quot;","block_context":{"text":"Blogu i Udh\u00ebtarit","link":"https:\/\/www.shqiperia.com\/blog\/category\/blogu-i-udhetarit\/"},"img":{"alt_text":"","src":"https:\/\/i0.wp.com\/www.shqiperia.com\/blog\/wp-content\/uploads\/2026\/08\/auto_Protesta-foto-masive11785863100.jpg?fit=900%2C506&ssl=1&resize=350%2C200","width":350,"height":200,"srcset":"https:\/\/i0.wp.com\/www.shqiperia.com\/blog\/wp-content\/uploads\/2026\/08\/auto_Protesta-foto-masive11785863100.jpg?fit=900%2C506&ssl=1&resize=350%2C200 1x, https:\/\/i0.wp.com\/www.shqiperia.com\/blog\/wp-content\/uploads\/2026\/08\/auto_Protesta-foto-masive11785863100.jpg?fit=900%2C506&ssl=1&resize=525%2C300 1.5x, https:\/\/i0.wp.com\/www.shqiperia.com\/blog\/wp-content\/uploads\/2026\/08\/auto_Protesta-foto-masive11785863100.jpg?fit=900%2C506&ssl=1&resize=700%2C400 2x"},"classes":[]},{"id":104105,"url":"https:\/\/www.shqiperia.com\/blog\/71-dite-revolte-kombetare-kunder-kastes-politike-qytetaret-te-vendosur-deri-ne-realizimin-e-objektivave\/","url_meta":{"origin":105843,"position":3},"title":"71 dit\u00eb revolt\u00eb komb\u00ebtare kund\u00ebr Kast\u00ebs politike, qytetar\u00ebt t\u00eb vendosur deri n\u00eb realizimin e objektivave","author":"Kurt Farka","date":"August 10, 2026","format":false,"excerpt":"10 Gusht 2026 Protesta qytetare kund\u00ebr qeveris\u00eb dhe klas\u00ebs politike do t\u00eb vijoj\u00eb edhe sot, duke hyr\u00eb n\u00eb dit\u00ebn e 71-t\u00eb. Qytetar\u00ebt edhe k\u00ebt\u00eb t\u00eb die; pritet t\u00eb mblidhen n\u00eb sheshin \u201cSk\u00ebnderbej\u201d, nga ku do t\u00eb marshojn\u00eb drejt Kryeministris\u00eb. K\u00ebrkesa kryesore e protestuesve mbetet dor\u00ebheqja e kryeministrit Edi Rama. Protesta,\u2026","rel":"","context":"In &quot;Blogu i Udh\u00ebtarit&quot;","block_context":{"text":"Blogu i Udh\u00ebtarit","link":"https:\/\/www.shqiperia.com\/blog\/category\/blogu-i-udhetarit\/"},"img":{"alt_text":"","src":"https:\/\/i0.wp.com\/www.shqiperia.com\/blog\/wp-content\/uploads\/2026\/08\/auto_Protesta-foto-masive11785863100-1.jpg?fit=900%2C506&ssl=1&resize=350%2C200","width":350,"height":200,"srcset":"https:\/\/i0.wp.com\/www.shqiperia.com\/blog\/wp-content\/uploads\/2026\/08\/auto_Protesta-foto-masive11785863100-1.jpg?fit=900%2C506&ssl=1&resize=350%2C200 1x, https:\/\/i0.wp.com\/www.shqiperia.com\/blog\/wp-content\/uploads\/2026\/08\/auto_Protesta-foto-masive11785863100-1.jpg?fit=900%2C506&ssl=1&resize=525%2C300 1.5x, https:\/\/i0.wp.com\/www.shqiperia.com\/blog\/wp-content\/uploads\/2026\/08\/auto_Protesta-foto-masive11785863100-1.jpg?fit=900%2C506&ssl=1&resize=700%2C400 2x"},"classes":[]},{"id":103320,"url":"https:\/\/www.shqiperia.com\/blog\/asgje-nuk-e-ndal-revolten-protesta-antiqeveritare-hyn-sot-ne-diten-e-59-te-qytetaret-thirrje-rames-jep-doreheqjen\/","url_meta":{"origin":105843,"position":4},"title":"Asgj\u00eb nuk e ndal revolt\u00ebn, protesta antiqeveritare hyn sot n\u00eb dit\u00ebn e 59-t\u00eb, qytetar\u00ebt thirrje Ram\u00ebs: Jep dor\u00ebheqjen!","author":"Kurt Farka","date":"July 28, 2026","format":false,"excerpt":"28 Korrik 2026 Protesta antiqeveritare hyn sot n\u00eb dit\u00ebn e saj t\u00eb 59-t\u00eb, nd\u00ebrsa organizator\u00ebt kan\u00eb paralajm\u00ebruar se tubimet do t\u00eb vijojn\u00eb edhe k\u00ebt\u00eb t\u00eb mart\u00eb, duke k\u00ebmb\u00ebngulur se nuk do t\u00eb t\u00ebrhiqen deri n\u00eb plot\u00ebsimin e k\u00ebrkes\u00ebs s\u00eb tyre p\u00ebr largimin e kryeministrit Edi Rama. Dita e 58-t\u00eb e\u2026","rel":"","context":"In &quot;Blogu i Udh\u00ebtarit&quot;","block_context":{"text":"Blogu i Udh\u00ebtarit","link":"https:\/\/www.shqiperia.com\/blog\/category\/blogu-i-udhetarit\/"},"img":{"alt_text":"","src":"https:\/\/i0.wp.com\/www.shqiperia.com\/blog\/wp-content\/uploads\/2026\/07\/protesta-4-673x450-1-2-1-300x201.jpg?resize=350%2C200&ssl=1","width":350,"height":200,"srcset":"https:\/\/i0.wp.com\/www.shqiperia.com\/blog\/wp-content\/uploads\/2026\/07\/protesta-4-673x450-1-2-1-300x201.jpg?resize=350%2C200&ssl=1 1x, https:\/\/i0.wp.com\/www.shqiperia.com\/blog\/wp-content\/uploads\/2026\/07\/protesta-4-673x450-1-2-1-300x201.jpg?resize=525%2C300&ssl=1 1.5x, https:\/\/i0.wp.com\/www.shqiperia.com\/blog\/wp-content\/uploads\/2026\/07\/protesta-4-673x450-1-2-1-300x201.jpg?resize=700%2C400&ssl=1 2x"},"classes":[]},{"id":104559,"url":"https:\/\/www.shqiperia.com\/blog\/sonte-qytetaret-dhe-pjesetaret-e-diaspores-pritet-te-mblidhen-serish-ne-shesh\/","url_meta":{"origin":105843,"position":5},"title":"Sonte qytetar\u00ebt dhe pjes\u00ebtar\u00ebt e diaspor\u00ebs pritet t\u00eb mblidhen s\u00ebrish n\u00eb shesh","author":"Kurt Farka","date":"August 16, 2026","format":false,"excerpt":"16 Gusht 2026 Protesta e 78-t\u00eb masive kund\u00ebr qeveris\u00eb dhe kryeministrit, diaspora i bashkohet s\u00ebrish sot qytetar\u00ebve n\u00eb shesh: Rama, jep dor\u00ebheqjen! Protesta qytetare kund\u00ebr qeveris\u00eb dhe kryeministrit Edi Rama sh\u00ebnon sot, 16 gusht, dit\u00ebn e 78-t\u00eb t\u00eb saj, nd\u00ebrsa n\u00eb shesh pritet s\u00ebrish nj\u00eb pjes\u00ebmarrje e konsiderueshme edhe nga\u2026","rel":"","context":"In &quot;Blogu i Udh\u00ebtarit&quot;","block_context":{"text":"Blogu i Udh\u00ebtarit","link":"https:\/\/www.shqiperia.com\/blog\/category\/blogu-i-udhetarit\/"},"img":{"alt_text":"","src":"https:\/\/i0.wp.com\/www.shqiperia.com\/blog\/wp-content\/uploads\/2026\/08\/protesta-dita-e-77-diaspora-14.jpeg?fit=1200%2C900&ssl=1&resize=350%2C200","width":350,"height":200,"srcset":"https:\/\/i0.wp.com\/www.shqiperia.com\/blog\/wp-content\/uploads\/2026\/08\/protesta-dita-e-77-diaspora-14.jpeg?fit=1200%2C900&ssl=1&resize=350%2C200 1x, https:\/\/i0.wp.com\/www.shqiperia.com\/blog\/wp-content\/uploads\/2026\/08\/protesta-dita-e-77-diaspora-14.jpeg?fit=1200%2C900&ssl=1&resize=525%2C300 1.5x, https:\/\/i0.wp.com\/www.shqiperia.com\/blog\/wp-content\/uploads\/2026\/08\/protesta-dita-e-77-diaspora-14.jpeg?fit=1200%2C900&ssl=1&resize=700%2C400 2x, https:\/\/i0.wp.com\/www.shqiperia.com\/blog\/wp-content\/uploads\/2026\/08\/protesta-dita-e-77-diaspora-14.jpeg?fit=1200%2C900&ssl=1&resize=1050%2C600 3x"},"classes":[]}],"_links":{"self":[{"href":"https:\/\/www.shqiperia.com\/blog\/wp-json\/wp\/v2\/posts\/105843","targetHints":{"allow":["GET"]}}],"collection":[{"href":"https:\/\/www.shqiperia.com\/blog\/wp-json\/wp\/v2\/posts"}],"about":[{"href":"https:\/\/www.shqiperia.com\/blog\/wp-json\/wp\/v2\/types\/post"}],"author":[{"embeddable":true,"href":"https:\/\/www.shqiperia.com\/blog\/wp-json\/wp\/v2\/users\/9"}],"replies":[{"embeddable":true,"href":"https:\/\/www.shqiperia.com\/blog\/wp-json\/wp\/v2\/comments?post=105843"}],"version-history":[{"count":1,"href":"https:\/\/www.shqiperia.com\/blog\/wp-json\/wp\/v2\/posts\/105843\/revisions"}],"predecessor-version":[{"id":105845,"href":"https:\/\/www.shqiperia.com\/blog\/wp-json\/wp\/v2\/posts\/105843\/revisions\/105845"}],"wp:featuredmedia":[{"embeddable":true,"href":"https:\/\/www.shqiperia.com\/blog\/wp-json\/wp\/v2\/media\/105844"}],"wp:attachment":[{"href":"https:\/\/www.shqiperia.com\/blog\/wp-json\/wp\/v2\/media?parent=105843"}],"wp:term":[{"taxonomy":"category","embeddable":true,"href":"https:\/\/www.shqiperia.com\/blog\/wp-json\/wp\/v2\/categories?post=105843"},{"taxonomy":"post_tag","embeddable":true,"href":"https:\/\/www.shqiperia.com\/blog\/wp-json\/wp\/v2\/tags?post=105843"}],"curies":[{"name":"wp","href":"https:\/\/api.w.org\/{rel}","templated":true}]}}