{"id":105832,"date":"2026-09-03T01:25:56","date_gmt":"2026-09-03T01:25:56","guid":{"rendered":"https:\/\/www.shqiperia.com\/blog\/?p=105832"},"modified":"2026-09-03T01:25:56","modified_gmt":"2026-09-03T01:25:56","slug":"eurodeputetja-tineke-strik-shqiperia-rrezikon-negociatat-shkak-betonizimi-i-zonave-te-mbrojtura-korrupsioni-e-dhuna-ndaj-protestuesve","status":"publish","type":"post","link":"https:\/\/www.shqiperia.com\/blog\/eurodeputetja-tineke-strik-shqiperia-rrezikon-negociatat-shkak-betonizimi-i-zonave-te-mbrojtura-korrupsioni-e-dhuna-ndaj-protestuesve\/","title":{"rendered":"Eurodeputetja Tineke Strik: &#8211; Shqip\u00ebria rrezikon negociatat shkak betonizimi i zonave t\u00eb mbrojtura, korrupsioni e dhuna ndaj protestuesve"},"content":{"rendered":"<div id=\"attachment_105834\" style=\"width: 648px\" class=\"wp-caption alignnone\"><img data-recalc-dims=\"1\" loading=\"lazy\" decoding=\"async\" aria-describedby=\"caption-attachment-105834\" data-attachment-id=\"105834\" data-permalink=\"https:\/\/www.shqiperia.com\/blog\/eurodeputetja-tineke-strik-shqiperia-rrezikon-negociatat-shkak-betonizimi-i-zonave-te-mbrojtura-korrupsioni-e-dhuna-ndaj-protestuesve\/eurodeputetja-tineke-strik\/\" data-orig-file=\"https:\/\/i0.wp.com\/www.shqiperia.com\/blog\/wp-content\/uploads\/2026\/09\/Eurodeputetja-Tineke-Strik.jpg?fit=1024%2C694&amp;ssl=1\" data-orig-size=\"1024,694\" data-comments-opened=\"1\" data-image-meta=\"{&quot;aperture&quot;:&quot;0&quot;,&quot;credit&quot;:&quot;&quot;,&quot;camera&quot;:&quot;&quot;,&quot;caption&quot;:&quot;&quot;,&quot;created_timestamp&quot;:&quot;1788398450&quot;,&quot;copyright&quot;:&quot;&quot;,&quot;focal_length&quot;:&quot;0&quot;,&quot;iso&quot;:&quot;0&quot;,&quot;shutter_speed&quot;:&quot;0&quot;,&quot;title&quot;:&quot;&quot;,&quot;orientation&quot;:&quot;0&quot;}\" data-image-title=\"Eurodeputetja Tineke Strik\" data-image-description=\"\" data-image-caption=\"&lt;p&gt;Eurodeputetja  Tineke Strik&lt;\/p&gt;\n\" data-medium-file=\"https:\/\/i0.wp.com\/www.shqiperia.com\/blog\/wp-content\/uploads\/2026\/09\/Eurodeputetja-Tineke-Strik.jpg?fit=300%2C203&amp;ssl=1\" data-large-file=\"https:\/\/i0.wp.com\/www.shqiperia.com\/blog\/wp-content\/uploads\/2026\/09\/Eurodeputetja-Tineke-Strik.jpg?fit=1024%2C694&amp;ssl=1\" class=\" wp-image-105834\" alt=\"\" src=\"https:\/\/i0.wp.com\/www.shqiperia.com\/blog\/wp-content\/uploads\/2026\/09\/Eurodeputetja-Tineke-Strik.jpg?resize=638%2C432&#038;ssl=1\" width=\"638\" height=\"432\" srcset=\"https:\/\/i0.wp.com\/www.shqiperia.com\/blog\/wp-content\/uploads\/2026\/09\/Eurodeputetja-Tineke-Strik.jpg?resize=300%2C203&amp;ssl=1 300w, https:\/\/i0.wp.com\/www.shqiperia.com\/blog\/wp-content\/uploads\/2026\/09\/Eurodeputetja-Tineke-Strik.jpg?resize=768%2C521&amp;ssl=1 768w, https:\/\/i0.wp.com\/www.shqiperia.com\/blog\/wp-content\/uploads\/2026\/09\/Eurodeputetja-Tineke-Strik.jpg?resize=450%2C305&amp;ssl=1 450w, https:\/\/i0.wp.com\/www.shqiperia.com\/blog\/wp-content\/uploads\/2026\/09\/Eurodeputetja-Tineke-Strik.jpg?resize=600%2C407&amp;ssl=1 600w, https:\/\/i0.wp.com\/www.shqiperia.com\/blog\/wp-content\/uploads\/2026\/09\/Eurodeputetja-Tineke-Strik.jpg?resize=235%2C160&amp;ssl=1 235w, https:\/\/i0.wp.com\/www.shqiperia.com\/blog\/wp-content\/uploads\/2026\/09\/Eurodeputetja-Tineke-Strik.jpg?resize=400%2C271&amp;ssl=1 400w, https:\/\/i0.wp.com\/www.shqiperia.com\/blog\/wp-content\/uploads\/2026\/09\/Eurodeputetja-Tineke-Strik.jpg?w=1024&amp;ssl=1 1024w\" sizes=\"auto, (max-width: 638px) 100vw, 638px\" \/><p id=\"caption-attachment-105834\" class=\"wp-caption-text\">Eurodeputetja Tineke Strik<\/p><\/div>\n<p>3 Shtator 2026<\/p>\n<p><em><strong>Sipas Strik, ligjet europiane jan\u00eb kristal t\u00eb qarta kur b\u00ebhet fjal\u00eb p\u00ebr ndalimin e nd\u00ebrtimeve shkat\u00ebrruese n\u00eb rezervatet natyrore, ku theksoi se qeveria ka miratuar legjislacion q\u00eb bie ndesh drejtp\u00ebrdrejt me k\u00ebto standarde, duke minuar k\u00ebshtu thelbin e procesit t\u00eb integrimit.<\/strong><\/em><\/p>\n<p>N\u00eb nj\u00eb moment kritik p\u00ebr t\u00eb ardhmen europiane t\u00eb Shqip\u00ebris\u00eb, eurodeputetja holandeze Tineke Strik ka l\u00ebshuar nj\u00eb s\u00ebr\u00eb paralajm\u00ebrimesh t\u00eb forta drejtuar qeveris\u00eb shqiptare gjat\u00eb nj\u00eb interviste .<\/p>\n<p>Teksa b\u00ebri nj\u00eb analiz\u00eb t\u00eb zhvillimeve t\u00eb fundit politike, sociale dhe mjedisore n\u00eb vend, Strik ofroi nj\u00eb pasqyr\u00eb t\u00eb zymt\u00eb t\u00eb perceptimit q\u00eb Parlamenti Europian ka aktualisht p\u00ebr sundimin e ligjit n\u00eb Shqip\u00ebri.<\/p>\n<p>Nga betonizimi i zonave t\u00eb mbrojtura natyrore deri te dhuna e ushtruar ndaj protestuesve dhe kultura e pand\u00ebshkueshm\u00ebris\u00eb n\u00eb nivelet e larta, mesazhi i eurodeputetes ishte i qart\u00eb: n\u00ebse nuk ka nj\u00eb ndryshim rr\u00ebnj\u00ebsor t\u00eb kursit, Bashkimi Europian mund t\u00eb detyrohet t\u00eb pezulloj\u00eb negociatat e an\u00ebtar\u00ebsimit.<\/p>\n<p>Nj\u00eb nga pikat kryesore t\u00eb ngritura gjat\u00eb intervist\u00ebs ishte d\u00ebmtimi i peizazheve t\u00eb \u00e7muara natyrore t\u00eb Shqip\u00ebris\u00eb, me theks t\u00eb ve\u00e7ant\u00eb te zonat si Vjosa dhe Narta. Eurodeputetja zbuloi se kishte vizituar Shqip\u00ebrin\u00eb rreth tre muaj m\u00eb par\u00eb p\u00ebr t\u00eb par\u00eb nga af\u00ebr d\u00ebmet q\u00eb po i shkaktohen ekosistemit nga projektet masive t\u00eb nd\u00ebrtimit t\u00eb qeveris\u00eb shqiptare.<\/p>\n<p>Sipas Strik, ligjet europiane jan\u00eb kristal t\u00eb qarta kur b\u00ebhet fjal\u00eb p\u00ebr ndalimin e nd\u00ebrtimeve shkat\u00ebrruese n\u00eb rezervatet natyrore, ku theksoi se qeveria ka miratuar legjislacion q\u00eb bie ndesh drejtp\u00ebrdrejt me k\u00ebto standarde, duke minuar k\u00ebshtu thelbin e procesit t\u00eb integrimit.<\/p>\n<p>Megjithat\u00eb, ajo vler\u00ebsoi qytetar\u00ebt shqiptar\u00eb q\u00eb kan\u00eb protestuar paq\u00ebsisht, duke demonstruar nj\u00eb vullnet t\u00eb hekurt p\u00ebr t\u00eb mbrojtur natyr\u00ebn dhe duke p\u00ebrcjell\u00eb mesazhin e qart\u00eb se \u201cShqip\u00ebria nuk \u00ebsht\u00eb n\u00eb shitje\u201d.<\/p>\n<p>Strik theksoi se e drejta p\u00ebr t\u00eb protestuar dhe p\u00ebr t\u00eb shprehur pak\u00ebnaq\u00ebsi ndaj qeveris\u00eb \u00ebsht\u00eb nj\u00eb nga shtyllat m\u00eb thelb\u00ebsore t\u00eb Bashkimit Europian, nd\u00ebrsa kritikoi ashp\u00ebr kryeministrin Edi Rama, duke deklaruar se ai ka injoruar totalisht k\u00ebrkesat legjitime t\u00eb qytetar\u00ebve, duke u sjell\u00eb me arroganc\u00eb dhe duke i injoruar ata plot\u00ebsisht.<\/p>\n<p>M\u00eb e r\u00ebnda, sipas saj, \u00ebsht\u00eb fakti se qeveria po p\u00ebrdor nj\u00eb qasje joproporcionale, duke i provokuar dhe ushtruar dhun\u00eb ndaj protestuesve. P\u00ebr k\u00ebt\u00eb arsye, nj\u00eb let\u00ebr urgjente i \u00ebsht\u00eb d\u00ebrguar Komisioneres p\u00ebr Zgjerim, Marta Kos, duke i k\u00ebrkuar monitorim t\u00eb rrept\u00eb t\u00eb sjelljes s\u00eb qeveris\u00eb shqiptare.<\/p>\n<p>Strik u ndal edhe te fakti n\u00ebse Shqip\u00ebris\u00eb i rrezikohen negociatatme BE-n\u00eb, ku tha p\u00ebrgjigjja e eurodeputetes ishte e prer\u00eb. Ajo paralajm\u00ebroi se Bashkimi Europian ka nj\u00eb pushtet t\u00eb jasht\u00ebzakonsh\u00ebm mbi Shqip\u00ebrin\u00eb, pik\u00ebrisht p\u00ebr shkak t\u00eb d\u00ebshir\u00ebs s\u00eb ethshme t\u00eb vendit p\u00ebr t\u2019u an\u00ebtar\u00ebsuar.<\/p>\n<p>Strik deklaroi se n\u00ebse kryeministri Rama nuk p\u00ebrmir\u00ebson politikat e tij, nuk ndalon korrupsionin masiv dhe nuk mbron natyr\u00ebn, at\u00ebher\u00eb negociatat e an\u00ebtar\u00ebsimit duhet t\u00eb pezullohen. Ky p\u00ebrb\u00ebn mjetin m\u00eb t\u00eb fuqish\u00ebm q\u00eb BE-ja ka n\u00eb dispozicion dhe, sipas eurodeputetes, Brukseli nuk duhet t\u00eb ngurroj\u00eb ta p\u00ebrdor\u00eb at\u00eb n\u00eb t\u00eb mir\u00eb t\u00eb vet\u00eb popullit shqiptar.<\/p>\n","protected":false},"excerpt":{"rendered":"<p>3 Shtator 2026 Sipas Strik, ligjet europiane jan\u00eb kristal t\u00eb qarta kur b\u00ebhet fjal\u00eb p\u00ebr ndalimin e nd\u00ebrtimeve shkat\u00ebrruese n\u00eb rezervatet natyrore, ku theksoi se qeveria ka miratuar legjislacion q\u00eb bie ndesh drejtp\u00ebrdrejt me k\u00ebto standarde, duke minuar k\u00ebshtu thelbin e procesit t\u00eb integrimit. N\u00eb nj\u00eb moment kritik p\u00ebr t\u00eb ardhmen europiane t\u00eb Shqip\u00ebris\u00eb, eurodeputetja [&hellip;]<\/p>\n","protected":false},"author":9,"featured_media":105834,"comment_status":"open","ping_status":"open","sticky":false,"template":"","format":"standard","meta":{"jetpack_post_was_ever_published":false,"_jetpack_newsletter_access":"","_jetpack_dont_email_post_to_subs":false,"_jetpack_newsletter_tier_id":0,"_jetpack_memberships_contains_paywalled_content":false,"_jetpack_memberships_contains_paid_content":false,"footnotes":"","jetpack_publicize_message":"","jetpack_publicize_feature_enabled":true,"jetpack_social_post_already_shared":true,"jetpack_social_options":{"image_generator_settings":{"template":"highway","default_image_id":0,"font":"","enabled":false},"version":2}},"categories":[27,1,2,35],"tags":[],"class_list":["post-105832","post","type-post","status-publish","format-standard","has-post-thumbnail","hentry","category-blogu-i-udhetarit","category-njoftime-shtypi","category-politika","category-shoqerore"],"jetpack_publicize_connections":[],"jetpack_featured_media_url":"https:\/\/i0.wp.com\/www.shqiperia.com\/blog\/wp-content\/uploads\/2026\/09\/Eurodeputetja-Tineke-Strik.jpg?fit=1024%2C694&ssl=1","jetpack_sharing_enabled":true,"jetpack_shortlink":"https:\/\/wp.me\/p5Z6wp-rwY","jetpack-related-posts":[{"id":102082,"url":"https:\/\/www.shqiperia.com\/blog\/protestuesit-u-terhoqen-zvarre-para-kuvendit-eurodeputetja-paulus-reagon-pas-perplasjeve-ne-tirane-dhuna-0820-01-07-2026-a-a-protestuesit-u-terhoqen-zvarre-para-kuvendit-eurodeputetja\/","url_meta":{"origin":105832,"position":0},"title":"Protestuesit u t\u00ebrhoq\u00ebn zvarr\u00eb para Kuvendit, eurodeputetja Paulus reagon pas p\u00ebrplasjeve n\u00eb Tiran\u00eb: Dhuna\u2026   08:20 | 01\/07\/2026 A A Protestuesit u t\u00ebrhoq\u00ebn zvarr\u00eb para Kuvendit, eurodeputetja Paulus reagon pas p\u00ebrplasjeve n\u00eb Tiran\u00eb: Dhuna\u2026 Eurodeputetja","author":"Kurt Farka","date":"July 1, 2026","format":false,"excerpt":"1 Korrik 2026 Eurodeputetja gjermane e grupit t\u00eb t\u00eb Gjelb\u00ebrve n\u00eb Parlamentin Evropian, Jutta Paulus, ka reaguar pas incidenteve mes protestuesve dhe policis\u00eb n\u00eb Tiran\u00eb, duke theksuar se \u00e7do form\u00eb dhune \u00ebsht\u00eb e papranueshme. N\u00eb nj\u00eb prononcim p\u00ebr Politico, Paulus tha se kishte marr\u00eb pjes\u00eb n\u00eb protest\u00ebn e s\u00eb h\u00ebn\u00ebs,\u2026","rel":"","context":"In &quot;Blogu i Udh\u00ebtarit&quot;","block_context":{"text":"Blogu i Udh\u00ebtarit","link":"https:\/\/www.shqiperia.com\/blog\/category\/blogu-i-udhetarit\/"},"img":{"alt_text":"","src":"https:\/\/i0.wp.com\/www.shqiperia.com\/blog\/wp-content\/uploads\/2026\/07\/polici-qellon-gent-prognin-1140x570-1.jpg?fit=1140%2C570&ssl=1&resize=350%2C200","width":350,"height":200,"srcset":"https:\/\/i0.wp.com\/www.shqiperia.com\/blog\/wp-content\/uploads\/2026\/07\/polici-qellon-gent-prognin-1140x570-1.jpg?fit=1140%2C570&ssl=1&resize=350%2C200 1x, https:\/\/i0.wp.com\/www.shqiperia.com\/blog\/wp-content\/uploads\/2026\/07\/polici-qellon-gent-prognin-1140x570-1.jpg?fit=1140%2C570&ssl=1&resize=525%2C300 1.5x, https:\/\/i0.wp.com\/www.shqiperia.com\/blog\/wp-content\/uploads\/2026\/07\/polici-qellon-gent-prognin-1140x570-1.jpg?fit=1140%2C570&ssl=1&resize=700%2C400 2x, https:\/\/i0.wp.com\/www.shqiperia.com\/blog\/wp-content\/uploads\/2026\/07\/polici-qellon-gent-prognin-1140x570-1.jpg?fit=1140%2C570&ssl=1&resize=1050%2C600 3x"},"classes":[]},{"id":102602,"url":"https:\/\/www.shqiperia.com\/blog\/eurodeputetja-holandeze-protestuesit-po-mbrojne-vlerat-evropiane-edi-rama-po-i-rrezikon\/","url_meta":{"origin":105832,"position":1},"title":"Eurodeputetja holandeze: &#8211; Protestuesit po mbrojn\u00eb vlerat evropiane, Edi Rama po i rrezikon","author":"Kurt Farka","date":"July 13, 2026","format":false,"excerpt":"13 Korrik 2026 Tineke Strik, eurodeputetja q\u00eb drejtoi nj\u00eb mision faktmbledh\u00ebs p\u00ebr \u00e7\u00ebshtjet mjedisore n\u00eb Shqip\u00ebri, thot\u00eb se an\u00ebtar\u00ebsimi i Shqip\u00ebris\u00eb n\u00eb Bashkimin Evropian \u00ebsht\u00eb n\u00eb rrezik n\u00ebse qeveria nuk ndryshon kursin p\u00ebr zonat e mbrojtura. Eurodeputetja holandeze Tineke Strik iu bashkua protestuesve n\u00eb rrug\u00ebt e Tiran\u00ebs n\u00eb fund t\u00eb\u2026","rel":"","context":"In &quot;Blogu i Udh\u00ebtarit&quot;","block_context":{"text":"Blogu i Udh\u00ebtarit","link":"https:\/\/www.shqiperia.com\/blog\/category\/blogu-i-udhetarit\/"},"img":{"alt_text":"","src":"https:\/\/i0.wp.com\/www.shqiperia.com\/blog\/wp-content\/uploads\/2026\/07\/auto_eurodeputetja1783928239.png?fit=900%2C625&ssl=1&resize=350%2C200","width":350,"height":200,"srcset":"https:\/\/i0.wp.com\/www.shqiperia.com\/blog\/wp-content\/uploads\/2026\/07\/auto_eurodeputetja1783928239.png?fit=900%2C625&ssl=1&resize=350%2C200 1x, https:\/\/i0.wp.com\/www.shqiperia.com\/blog\/wp-content\/uploads\/2026\/07\/auto_eurodeputetja1783928239.png?fit=900%2C625&ssl=1&resize=525%2C300 1.5x, https:\/\/i0.wp.com\/www.shqiperia.com\/blog\/wp-content\/uploads\/2026\/07\/auto_eurodeputetja1783928239.png?fit=900%2C625&ssl=1&resize=700%2C400 2x"},"classes":[]},{"id":102121,"url":"https:\/\/www.shqiperia.com\/blog\/raport-trondites-i-grupit-te-pe-qe-inspektoi-zvernecin-jane-demtuar-rende-dunat-dhe-ligatinat-eshte-bllokuar-lidhja-mes-detit-dhe-lagunes\/","url_meta":{"origin":105832,"position":2},"title":"Raport trondit\u00ebs i grupit t\u00eb PE q\u00eb inspektoi Zv\u00ebrnecin: &#8211; Jan\u00eb d\u00ebmtuar r\u00ebnd\u00eb dunat dhe ligatinat, \u00ebsht\u00eb bllokuar lidhja mes detit dhe lagun\u00ebs","author":"Kurt Farka","date":"July 2, 2026","format":false,"excerpt":"2 Korrik 2026 N\u00eb p\u00ebrfundim t\u00eb vizit\u00ebs faktmbledh\u00ebse, deputet\u00ebt e Parlamentit Europian thon\u00eb se qeveria shqiptare nuk u dha garanci q\u00eb zona e mbrojtur n\u00eb Zv\u00ebrnec nuk do t\u00eb shkat\u00ebrrohet nga nj\u00eb projekt p\u00ebr nd\u00ebrtimin e nj\u00eb resorti turistik, q\u00eb u b\u00eb shkak p\u00ebr protestat masive n\u00eb vend q\u00eb k\u00ebrkojn\u00eb\u2026","rel":"","context":"In &quot;Blogu i Udh\u00ebtarit&quot;","block_context":{"text":"Blogu i Udh\u00ebtarit","link":"https:\/\/www.shqiperia.com\/blog\/category\/blogu-i-udhetarit\/"},"img":{"alt_text":"","src":"https:\/\/i0.wp.com\/www.shqiperia.com\/blog\/wp-content\/uploads\/2026\/07\/Screenshot_20260701_183210_Gallery.jpg?fit=720%2C543&ssl=1&resize=350%2C200","width":350,"height":200,"srcset":"https:\/\/i0.wp.com\/www.shqiperia.com\/blog\/wp-content\/uploads\/2026\/07\/Screenshot_20260701_183210_Gallery.jpg?fit=720%2C543&ssl=1&resize=350%2C200 1x, https:\/\/i0.wp.com\/www.shqiperia.com\/blog\/wp-content\/uploads\/2026\/07\/Screenshot_20260701_183210_Gallery.jpg?fit=720%2C543&ssl=1&resize=525%2C300 1.5x, https:\/\/i0.wp.com\/www.shqiperia.com\/blog\/wp-content\/uploads\/2026\/07\/Screenshot_20260701_183210_Gallery.jpg?fit=720%2C543&ssl=1&resize=700%2C400 2x"},"classes":[]},{"id":102069,"url":"https:\/\/www.shqiperia.com\/blog\/zv-presidenti-i-pe-e-quan-qeverisjen-e-rames-diktature\/","url_meta":{"origin":105832,"position":3},"title":"Zv.Presidenti i PE e quan qeverisjen e Ram\u00ebs \u201cdiktatur\u00eb\u201d.","author":"Kurt Farka","date":"June 30, 2026","format":false,"excerpt":"30 Qershor 2026 Partia Socialiste tentoi t\u00eb ndikonte vot\u00ebn e eurodeputet\u00ebve p\u00ebr amendamentet e rezolut\u00ebs s\u00eb Parlamentit Europian, ku k\u00ebrkohej mbrojtja e lagun\u00ebs Vjos\u00eb-Nart\u00eb dhe vendosjen e moratoriumit p\u00ebr nd\u00ebrtimet n\u00eb Zonat e Mbrojtura deri n\u00eb shfuqizim t\u00eb dispozitave ligjore q\u00eb i kan\u00eb hapur udh\u00eb shkat\u00ebrrimit t\u00eb tyre. N\u00eb podiumin\u2026","rel":"","context":"In &quot;Blogu i Udh\u00ebtarit&quot;","block_context":{"text":"Blogu i Udh\u00ebtarit","link":"https:\/\/www.shqiperia.com\/blog\/category\/blogu-i-udhetarit\/"},"img":{"alt_text":"","src":"https:\/\/i0.wp.com\/www.shqiperia.com\/blog\/wp-content\/uploads\/2026\/06\/PHOTO-2026-06-29-21-15-25-750x595-1.jpg?fit=750%2C595&ssl=1&resize=350%2C200","width":350,"height":200,"srcset":"https:\/\/i0.wp.com\/www.shqiperia.com\/blog\/wp-content\/uploads\/2026\/06\/PHOTO-2026-06-29-21-15-25-750x595-1.jpg?fit=750%2C595&ssl=1&resize=350%2C200 1x, https:\/\/i0.wp.com\/www.shqiperia.com\/blog\/wp-content\/uploads\/2026\/06\/PHOTO-2026-06-29-21-15-25-750x595-1.jpg?fit=750%2C595&ssl=1&resize=525%2C300 1.5x, https:\/\/i0.wp.com\/www.shqiperia.com\/blog\/wp-content\/uploads\/2026\/06\/PHOTO-2026-06-29-21-15-25-750x595-1.jpg?fit=750%2C595&ssl=1&resize=700%2C400 2x"},"classes":[]},{"id":102015,"url":"https:\/\/www.shqiperia.com\/blog\/eurodeputetja-gjermane-paulus-edi-rama-me-dergoi-email-per-te-mos-votuar-amendamentin-zeri-i-protestes-do-shkoje-ne-bruksel\/","url_meta":{"origin":105832,"position":4},"title":"Eurodeputetja gjermane Paulus: &#8211; Edi Rama m\u00eb d\u00ebrgoi email p\u00ebr t\u00eb mos votuar amendamentin! &#8211; Z\u00ebri i protest\u00ebs do shkoj\u00eb n\u00eb Bruksel!","author":"Kurt Farka","date":"June 30, 2026","format":false,"excerpt":"30 Qershor 2026 N\u00eb protest\u00ebn masive p\u00ebrpara Kryeministris\u00eb ka marr\u00eb fjal\u00ebn edhe eurodeputetja gjermane, Jutta Paulus, e cila ka l\u00ebshuar akuza t\u00eb drejtp\u00ebrdrejta ndaj kryeministrit Edi Rama, duke zbuluar edhe nj\u00eb prapasken\u00eb nga Brukseli. Ajo p\u00ebrg\u00ebzoi qytetar\u00ebt p\u00ebr q\u00ebndres\u00ebn dhe theksoi se pasurit\u00eb natyrore t\u00eb vendit nuk mund t\u00eb shkat\u00ebrrohen\u2026","rel":"","context":"In &quot;Blogu i Udh\u00ebtarit&quot;","block_context":{"text":"Blogu i Udh\u00ebtarit","link":"https:\/\/www.shqiperia.com\/blog\/category\/blogu-i-udhetarit\/"},"img":{"alt_text":"","src":"https:\/\/i0.wp.com\/www.shqiperia.com\/blog\/wp-content\/uploads\/2026\/06\/456456546456.jpg?fit=1049%2C555&ssl=1&resize=350%2C200","width":350,"height":200,"srcset":"https:\/\/i0.wp.com\/www.shqiperia.com\/blog\/wp-content\/uploads\/2026\/06\/456456546456.jpg?fit=1049%2C555&ssl=1&resize=350%2C200 1x, https:\/\/i0.wp.com\/www.shqiperia.com\/blog\/wp-content\/uploads\/2026\/06\/456456546456.jpg?fit=1049%2C555&ssl=1&resize=525%2C300 1.5x, https:\/\/i0.wp.com\/www.shqiperia.com\/blog\/wp-content\/uploads\/2026\/06\/456456546456.jpg?fit=1049%2C555&ssl=1&resize=700%2C400 2x"},"classes":[]},{"id":101812,"url":"https:\/\/www.shqiperia.com\/blog\/eurodeputetja-me-29-qershor-do-te-jem-ne-proteste\/","url_meta":{"origin":105832,"position":5},"title":"Eurodeputetja: &#8211; M\u00eb 29 qershor do t\u00eb jem n\u00eb protest\u00eb!","author":"Kurt Farka","date":"June 25, 2026","format":false,"excerpt":"25 Qershor 2026 Delegacioni i BE \u201czbarkon\u201d n\u00eb Tiran\u00eb. Protestat q\u00eb k\u00ebrkojn\u00eb dor\u00ebheqjen e kryeministrit Edi Rama dhe largimin e qeveris\u00eb s\u00eb tij kan\u00eb hyr\u00eb n\u00eb dit\u00ebn e 26-t\u00eb, nd\u00ebrsa zhvillimet e fundit po t\u00ebrheqin gjithnj\u00eb e m\u00eb shum\u00eb v\u00ebmendjen nd\u00ebrkomb\u00ebtare. Mobilizimi qytetar po vazhdon \u00e7do dit\u00eb n\u00eb Tiran\u00eb, nd\u00ebrsa\u2026","rel":"","context":"In &quot;Blogu i Udh\u00ebtarit&quot;","block_context":{"text":"Blogu i Udh\u00ebtarit","link":"https:\/\/www.shqiperia.com\/blog\/category\/blogu-i-udhetarit\/"},"img":{"alt_text":"","src":"https:\/\/i0.wp.com\/www.shqiperia.com\/blog\/wp-content\/uploads\/2026\/06\/Capture-146-2.jpg?fit=646%2C340&ssl=1&resize=350%2C200","width":350,"height":200,"srcset":"https:\/\/i0.wp.com\/www.shqiperia.com\/blog\/wp-content\/uploads\/2026\/06\/Capture-146-2.jpg?fit=646%2C340&ssl=1&resize=350%2C200 1x, https:\/\/i0.wp.com\/www.shqiperia.com\/blog\/wp-content\/uploads\/2026\/06\/Capture-146-2.jpg?fit=646%2C340&ssl=1&resize=525%2C300 1.5x"},"classes":[]}],"_links":{"self":[{"href":"https:\/\/www.shqiperia.com\/blog\/wp-json\/wp\/v2\/posts\/105832","targetHints":{"allow":["GET"]}}],"collection":[{"href":"https:\/\/www.shqiperia.com\/blog\/wp-json\/wp\/v2\/posts"}],"about":[{"href":"https:\/\/www.shqiperia.com\/blog\/wp-json\/wp\/v2\/types\/post"}],"author":[{"embeddable":true,"href":"https:\/\/www.shqiperia.com\/blog\/wp-json\/wp\/v2\/users\/9"}],"replies":[{"embeddable":true,"href":"https:\/\/www.shqiperia.com\/blog\/wp-json\/wp\/v2\/comments?post=105832"}],"version-history":[{"count":1,"href":"https:\/\/www.shqiperia.com\/blog\/wp-json\/wp\/v2\/posts\/105832\/revisions"}],"predecessor-version":[{"id":105835,"href":"https:\/\/www.shqiperia.com\/blog\/wp-json\/wp\/v2\/posts\/105832\/revisions\/105835"}],"wp:featuredmedia":[{"embeddable":true,"href":"https:\/\/www.shqiperia.com\/blog\/wp-json\/wp\/v2\/media\/105834"}],"wp:attachment":[{"href":"https:\/\/www.shqiperia.com\/blog\/wp-json\/wp\/v2\/media?parent=105832"}],"wp:term":[{"taxonomy":"category","embeddable":true,"href":"https:\/\/www.shqiperia.com\/blog\/wp-json\/wp\/v2\/categories?post=105832"},{"taxonomy":"post_tag","embeddable":true,"href":"https:\/\/www.shqiperia.com\/blog\/wp-json\/wp\/v2\/tags?post=105832"}],"curies":[{"name":"wp","href":"https:\/\/api.w.org\/{rel}","templated":true}]}}