{"id":105828,"date":"2026-09-03T01:19:41","date_gmt":"2026-09-03T01:19:41","guid":{"rendered":"https:\/\/www.shqiperia.com\/blog\/?p=105828"},"modified":"2026-09-03T01:19:41","modified_gmt":"2026-09-03T01:19:41","slug":"dha-doreheqjen-si-minister-avokati-rumano-evis-sala-eshte-nen-hetim-nga-spak","status":"publish","type":"post","link":"https:\/\/www.shqiperia.com\/blog\/dha-doreheqjen-si-minister-avokati-rumano-evis-sala-eshte-nen-hetim-nga-spak\/","title":{"rendered":"Dha dor\u00ebheqjen si minister, avokati Rumano: &#8211; Evis Sala \u00ebsht\u00eb n\u00ebn hetim nga SPAK"},"content":{"rendered":"<div id=\"attachment_105830\" style=\"width: 669px\" class=\"wp-caption alignnone\"><img data-recalc-dims=\"1\" loading=\"lazy\" decoding=\"async\" aria-describedby=\"caption-attachment-105830\" data-attachment-id=\"105830\" data-permalink=\"https:\/\/www.shqiperia.com\/blog\/dha-doreheqjen-si-minister-avokati-rumano-evis-sala-eshte-nen-hetim-nga-spak\/avokati-gentian-rumano-2\/\" data-orig-file=\"https:\/\/i0.wp.com\/www.shqiperia.com\/blog\/wp-content\/uploads\/2026\/09\/Avokati-Gentian-Rumano-1.jpg?fit=722%2C452&amp;ssl=1\" data-orig-size=\"722,452\" data-comments-opened=\"1\" data-image-meta=\"{&quot;aperture&quot;:&quot;0&quot;,&quot;credit&quot;:&quot;&quot;,&quot;camera&quot;:&quot;&quot;,&quot;caption&quot;:&quot;&quot;,&quot;created_timestamp&quot;:&quot;0&quot;,&quot;copyright&quot;:&quot;&quot;,&quot;focal_length&quot;:&quot;0&quot;,&quot;iso&quot;:&quot;0&quot;,&quot;shutter_speed&quot;:&quot;0&quot;,&quot;title&quot;:&quot;&quot;,&quot;orientation&quot;:&quot;0&quot;}\" data-image-title=\"Avokati Gentian Rumano\" data-image-description=\"\" data-image-caption=\"&lt;p&gt;Avokati Gentian Rumano&lt;\/p&gt;\n\" data-medium-file=\"https:\/\/i0.wp.com\/www.shqiperia.com\/blog\/wp-content\/uploads\/2026\/09\/Avokati-Gentian-Rumano-1.jpg?fit=300%2C188&amp;ssl=1\" data-large-file=\"https:\/\/i0.wp.com\/www.shqiperia.com\/blog\/wp-content\/uploads\/2026\/09\/Avokati-Gentian-Rumano-1.jpg?fit=722%2C452&amp;ssl=1\" class=\" wp-image-105830\" alt=\"\" src=\"https:\/\/i0.wp.com\/www.shqiperia.com\/blog\/wp-content\/uploads\/2026\/09\/Avokati-Gentian-Rumano-1.jpg?resize=659%2C413&#038;ssl=1\" width=\"659\" height=\"413\" srcset=\"https:\/\/i0.wp.com\/www.shqiperia.com\/blog\/wp-content\/uploads\/2026\/09\/Avokati-Gentian-Rumano-1.jpg?resize=300%2C188&amp;ssl=1 300w, https:\/\/i0.wp.com\/www.shqiperia.com\/blog\/wp-content\/uploads\/2026\/09\/Avokati-Gentian-Rumano-1.jpg?resize=450%2C282&amp;ssl=1 450w, https:\/\/i0.wp.com\/www.shqiperia.com\/blog\/wp-content\/uploads\/2026\/09\/Avokati-Gentian-Rumano-1.jpg?resize=600%2C376&amp;ssl=1 600w, https:\/\/i0.wp.com\/www.shqiperia.com\/blog\/wp-content\/uploads\/2026\/09\/Avokati-Gentian-Rumano-1.jpg?resize=400%2C250&amp;ssl=1 400w, https:\/\/i0.wp.com\/www.shqiperia.com\/blog\/wp-content\/uploads\/2026\/09\/Avokati-Gentian-Rumano-1.jpg?w=722&amp;ssl=1 722w\" sizes=\"auto, (max-width: 659px) 100vw, 659px\" \/><p id=\"caption-attachment-105830\" class=\"wp-caption-text\">Avokati Gentian Rumano<\/p><\/div>\n<p><span>3 Shtator 2026<\/span><\/p>\n<p><span>Avokati Gentian Rumano ka hedhur akuza t\u00eb forta pas dor\u00ebheqjes s\u00eb Evis Sal\u00ebs nga posti i ministres s\u00eb Sh\u00ebndet\u00ebsis\u00eb.<\/span><\/p>\n<p><span>N\u00eb nj\u00eb intervist\u00eb p\u00ebr Eurone\u00ebs, Rumano ka deklaruar se Sala \u00ebsht\u00eb n\u00ebn hetim nga Prokuroria e Posa\u00e7me (SPAK), duke ngritur pik\u00ebpyetje mbi arsyet e largimit t\u00eb saj nga detyra.Deklarata vjen pak pas njoftimit t\u00eb Sal\u00ebs se ka l\u00ebn\u00eb postin p\u00ebr shkak t\u00eb angazhimeve nd\u00ebrkomb\u00ebtare n\u00eb fush\u00ebn e onkologjis\u00eb, inteligjenc\u00ebs artificiale dhe inovacionit.<\/span><\/p>\n<p><span>P\u00ebr momentin, akuza e avokatit Rumano p\u00ebr nj\u00eb hetim nga SPAK ndaj ish-ministres mbetet p\u00ebr t\u2019u konfirmuar zyrtarisht nga organet e drejt\u00ebsis\u00eb.<\/span><\/p>\n","protected":false},"excerpt":{"rendered":"<p>3 Shtator 2026 Avokati Gentian Rumano ka hedhur akuza t\u00eb forta pas dor\u00ebheqjes s\u00eb Evis Sal\u00ebs nga posti i ministres s\u00eb Sh\u00ebndet\u00ebsis\u00eb. N\u00eb nj\u00eb intervist\u00eb p\u00ebr Eurone\u00ebs, Rumano ka deklaruar se Sala \u00ebsht\u00eb n\u00ebn hetim nga Prokuroria e Posa\u00e7me (SPAK), duke ngritur pik\u00ebpyetje mbi arsyet e largimit t\u00eb saj nga detyra.Deklarata vjen pak pas njoftimit [&hellip;]<\/p>\n","protected":false},"author":9,"featured_media":105829,"comment_status":"open","ping_status":"open","sticky":false,"template":"","format":"standard","meta":{"jetpack_post_was_ever_published":false,"_jetpack_newsletter_access":"","_jetpack_dont_email_post_to_subs":false,"_jetpack_newsletter_tier_id":0,"_jetpack_memberships_contains_paywalled_content":false,"_jetpack_memberships_contains_paid_content":false,"footnotes":"","jetpack_publicize_message":"","jetpack_publicize_feature_enabled":true,"jetpack_social_post_already_shared":true,"jetpack_social_options":{"image_generator_settings":{"template":"highway","default_image_id":0,"font":"","enabled":false},"version":2}},"categories":[27,35],"tags":[],"class_list":["post-105828","post","type-post","status-publish","format-standard","has-post-thumbnail","hentry","category-blogu-i-udhetarit","category-shoqerore"],"jetpack_publicize_connections":[],"jetpack_featured_media_url":"https:\/\/i0.wp.com\/www.shqiperia.com\/blog\/wp-content\/uploads\/2026\/09\/Avokati-Gentian-Rumano.jpg?fit=722%2C452&ssl=1","jetpack_sharing_enabled":true,"jetpack_shortlink":"https:\/\/wp.me\/p5Z6wp-rwU","jetpack-related-posts":[{"id":100442,"url":"https:\/\/www.shqiperia.com\/blog\/gjkko-rrezon-prokurorine-e-posacme-rikthen-per-hetim-dosjen-e-irena-gjokes\/","url_meta":{"origin":105828,"position":0},"title":"GJKKO rr\u00ebzon Prokurorin\u00eb e Posa\u00e7me, rikthen p\u00ebr hetim dosjen e Irena Gjokes","author":"Kurt Farka","date":"May 19, 2026","format":false,"excerpt":"19 Maji 2026 Gjykata e Posa\u00e7me ka rikthyer p\u00ebr hetim n\u00eb SPAK \u00e7\u00ebshtjen e gjyqtares Irena Gjoka, p\u00ebr t\u00eb cil\u00ebn Prokuroria e Posa\u00e7ne kishte k\u00ebrkuar pushimin e \u00e7\u00ebshtjes, por Gjykata ka hedhur posht\u00eb k\u00ebrkes\u00ebn. Avokati Genc Gjokutaj n\u00eb nj\u00eb prononcim p\u00ebr mediat tha se ky \u00ebsht\u00eb nj\u00eb vendim serioz, pasi\u2026","rel":"","context":"In &quot;Njoftime Shtypi&quot;","block_context":{"text":"Njoftime Shtypi","link":"https:\/\/www.shqiperia.com\/blog\/category\/njoftime-shtypi\/"},"img":{"alt_text":"","src":"https:\/\/i0.wp.com\/www.shqiperia.com\/blog\/wp-content\/uploads\/2026\/05\/Irena-Gjoka.jpg?fit=770%2C558&ssl=1&resize=350%2C200","width":350,"height":200,"srcset":"https:\/\/i0.wp.com\/www.shqiperia.com\/blog\/wp-content\/uploads\/2026\/05\/Irena-Gjoka.jpg?fit=770%2C558&ssl=1&resize=350%2C200 1x, https:\/\/i0.wp.com\/www.shqiperia.com\/blog\/wp-content\/uploads\/2026\/05\/Irena-Gjoka.jpg?fit=770%2C558&ssl=1&resize=525%2C300 1.5x, https:\/\/i0.wp.com\/www.shqiperia.com\/blog\/wp-content\/uploads\/2026\/05\/Irena-Gjoka.jpg?fit=770%2C558&ssl=1&resize=700%2C400 2x"},"classes":[]},{"id":105767,"url":"https:\/\/www.shqiperia.com\/blog\/doreheqja-e-ministres-evis-sala-u-largua-per-ti-hapur-rruge-dorezimit-te-shendetesise-tek-miku-izraelit-i-rames\/","url_meta":{"origin":105828,"position":1},"title":"Dor\u00ebheqja e ministres Evis Sala: U largua p\u00ebr t\u2019i hapur rrug\u00eb dor\u00ebzimit t\u00eb sh\u00ebndet\u00ebsis\u00eb tek miku izraelit i Ram\u00ebs!","author":"Kurt Farka","date":"September 2, 2026","format":false,"excerpt":"2 Shtator 2026 N\u00eb nj\u00eb reagim n\u00eb rrjete sociale, K\u00eblli\u00e7i thot\u00eb se dor\u00ebheqja e Evis Sal\u00ebs nga posti i ministres s\u00eb Sh\u00ebndet\u00ebsis\u00eb lidhet me kund\u00ebrshtimin e k\u00ebtij projekti. \u00a0K\u00eblli\u00e7i thekson se n\u00eb k\u00ebt\u00eb skem\u00eb ka interesa t\u00eb biznesmenit izraelit Sani Sanilevich, q\u00eb sipas t\u00eb cilit, \u00ebsht\u00eb mik i kryeministrit Edi\u2026","rel":"","context":"In &quot;Blogu i Udh\u00ebtarit&quot;","block_context":{"text":"Blogu i Udh\u00ebtarit","link":"https:\/\/www.shqiperia.com\/blog\/category\/blogu-i-udhetarit\/"},"img":{"alt_text":"","src":"https:\/\/i0.wp.com\/www.shqiperia.com\/blog\/wp-content\/uploads\/2026\/09\/rama-programi-ps-2-1.png?fit=768%2C430&ssl=1&resize=350%2C200","width":350,"height":200,"srcset":"https:\/\/i0.wp.com\/www.shqiperia.com\/blog\/wp-content\/uploads\/2026\/09\/rama-programi-ps-2-1.png?fit=768%2C430&ssl=1&resize=350%2C200 1x, https:\/\/i0.wp.com\/www.shqiperia.com\/blog\/wp-content\/uploads\/2026\/09\/rama-programi-ps-2-1.png?fit=768%2C430&ssl=1&resize=525%2C300 1.5x, https:\/\/i0.wp.com\/www.shqiperia.com\/blog\/wp-content\/uploads\/2026\/09\/rama-programi-ps-2-1.png?fit=768%2C430&ssl=1&resize=700%2C400 2x"},"classes":[]},{"id":105573,"url":"https:\/\/www.shqiperia.com\/blog\/pajisjet-izraelite-qe-bllokuan-tiktok-un-dyshohet-se-pergjuan-spak-un-nen-hetim-igli-tafa-dhe-gentian-sala\/","url_meta":{"origin":105828,"position":2},"title":"Pajisjet izraelite q\u00eb bllokuan TikTok-un dyshohet se p\u00ebrgjuan SPAK-un, n\u00ebn hetim Igli Tafa dhe Gentian Sala","author":"Kurt Farka","date":"August 31, 2026","format":false,"excerpt":"31 Gusht 2026 Nj\u00eb hetim i fort\u00eb \u00a0i Prokuroris\u00eb s\u00eb Posa\u00e7me po zhvillohet mbi instalimin dhe p\u00ebrdorimin e pajisjeve izraelite \u201cDeep Packet Inspection\u201d n\u00eb rrjetet e komunikimeve elektronike shqiptare gjat\u00eb vitit 2025. Burime konfidenciale brenda Byros\u00eb Komb\u00ebtare t\u00eb Hetimit i than\u00eb redaktorit t\u00eb Publik.al se SPAK ka regjistruar nj\u00eb \u00e7\u00ebshtje\u2026","rel":"","context":"In &quot;Blogu i Udh\u00ebtarit&quot;","block_context":{"text":"Blogu i Udh\u00ebtarit","link":"https:\/\/www.shqiperia.com\/blog\/category\/blogu-i-udhetarit\/"},"img":{"alt_text":"","src":"https:\/\/i0.wp.com\/www.shqiperia.com\/blog\/wp-content\/uploads\/2026\/08\/640-0-f0f9f5fdd848216169a3b5ae991e4098.png?fit=640%2C336&ssl=1&resize=350%2C200","width":350,"height":200,"srcset":"https:\/\/i0.wp.com\/www.shqiperia.com\/blog\/wp-content\/uploads\/2026\/08\/640-0-f0f9f5fdd848216169a3b5ae991e4098.png?fit=640%2C336&ssl=1&resize=350%2C200 1x, https:\/\/i0.wp.com\/www.shqiperia.com\/blog\/wp-content\/uploads\/2026\/08\/640-0-f0f9f5fdd848216169a3b5ae991e4098.png?fit=640%2C336&ssl=1&resize=525%2C300 1.5x"},"classes":[]},{"id":103074,"url":"https:\/\/www.shqiperia.com\/blog\/hijet-e-grupit-te-fuqishem-aruba-pas-koncesionit-te-aksit-milot-balldren-zbulohet-emri-i-biznesmenit-nen-hetim\/","url_meta":{"origin":105828,"position":3},"title":"Hijet e grupit t\u00eb fuqish\u00ebm \u201cAruba\u201d pas koncesionit t\u00eb aksit Milot-Balldren, zbulohet emri i biznesmenit n\u00ebn hetim\u2026]","author":"Kurt Farka","date":"July 22, 2026","format":false,"excerpt":"22 Korrik 2026 Hijet e grupit t\u00eb fuqish\u00ebm \u201cAruba\u201d pas koncesionit t\u00eb aksit Milot-Balldren, zbulohet emri i biznesmenit n\u00ebn hetim, pjes\u00eb e kontrat\u00ebs 365 milion\u00eb euro, ja shumat marramend\u00ebse q\u00eb ka marr\u00eb nga buxheti i shtetit, plasin akuzat a njoftuar n\u00ebnshkrimin e kontrat\u00ebs koncesionare p\u00ebr nd\u00ebrtimin e aksit rrugor Milot-Balldren,\u2026","rel":"","context":"In &quot;Blogu i Udh\u00ebtarit&quot;","block_context":{"text":"Blogu i Udh\u00ebtarit","link":"https:\/\/www.shqiperia.com\/blog\/category\/blogu-i-udhetarit\/"},"img":{"alt_text":"","src":"https:\/\/i0.wp.com\/www.shqiperia.com\/blog\/wp-content\/uploads\/2026\/07\/foto-2-4-1051x570-1.jpg?fit=1051%2C570&ssl=1&resize=350%2C200","width":350,"height":200,"srcset":"https:\/\/i0.wp.com\/www.shqiperia.com\/blog\/wp-content\/uploads\/2026\/07\/foto-2-4-1051x570-1.jpg?fit=1051%2C570&ssl=1&resize=350%2C200 1x, https:\/\/i0.wp.com\/www.shqiperia.com\/blog\/wp-content\/uploads\/2026\/07\/foto-2-4-1051x570-1.jpg?fit=1051%2C570&ssl=1&resize=525%2C300 1.5x, https:\/\/i0.wp.com\/www.shqiperia.com\/blog\/wp-content\/uploads\/2026\/07\/foto-2-4-1051x570-1.jpg?fit=1051%2C570&ssl=1&resize=700%2C400 2x, https:\/\/i0.wp.com\/www.shqiperia.com\/blog\/wp-content\/uploads\/2026\/07\/foto-2-4-1051x570-1.jpg?fit=1051%2C570&ssl=1&resize=1050%2C600 3x"},"classes":[]},{"id":103815,"url":"https:\/\/www.shqiperia.com\/blog\/mbi-100-udhetime-te-padeklaruara-dosja-e-re-e-spak-qe-mund-ti-sjelle-veliajt-akuza-te-tjera\/","url_meta":{"origin":105828,"position":4},"title":"Mbi 100 udh\u00ebtime t\u00eb padeklaruara? Dosja e re e SPAK q\u00eb mund t\u2019i sjell\u00eb Veliajt akuza t\u00eb tjera","author":"Kurt Farka","date":"August 5, 2026","format":false,"excerpt":"5 Gusht 2026 Nd\u00ebrsa p\u00ebrpiqet t\u00eb dal\u00eb nga paraburgimi dhe po p\u00ebrballet me gjykimin p\u00ebr 13 akuza penale n\u00eb GJKKO, nj\u00eb tjet\u00ebr front hetimor po ngushton rrethin ndaj Erion Veliajt. SPAK po thellon verifikimet p\u00ebr t\u00eb gjitha udh\u00ebtimet jasht\u00eb vendit t\u00eb kryebashkiakut t\u00eb Tiran\u00ebs gjat\u00eb viteve 2022-2023, si edhe p\u00ebr\u2026","rel":"","context":"In &quot;Njoftime Shtypi&quot;","block_context":{"text":"Njoftime Shtypi","link":"https:\/\/www.shqiperia.com\/blog\/category\/njoftime-shtypi\/"},"img":{"alt_text":"","src":"https:\/\/i0.wp.com\/www.shqiperia.com\/blog\/wp-content\/uploads\/2026\/08\/640-0-fc07e3b9c04416e9975863855ce9bba2.png?fit=640%2C336&ssl=1&resize=350%2C200","width":350,"height":200,"srcset":"https:\/\/i0.wp.com\/www.shqiperia.com\/blog\/wp-content\/uploads\/2026\/08\/640-0-fc07e3b9c04416e9975863855ce9bba2.png?fit=640%2C336&ssl=1&resize=350%2C200 1x, https:\/\/i0.wp.com\/www.shqiperia.com\/blog\/wp-content\/uploads\/2026\/08\/640-0-fc07e3b9c04416e9975863855ce9bba2.png?fit=640%2C336&ssl=1&resize=525%2C300 1.5x"},"classes":[]},{"id":102316,"url":"https:\/\/www.shqiperia.com\/blog\/spak-zbarkon-ne-kadaster-nen-hetim-drejtues-dhe-zyrtare-te-larte\/","url_meta":{"origin":105828,"position":5},"title":"SPAK zbarkon n\u00eb Kadast\u00ebr, n\u00ebn hetim drejtues dhe zyrtar\u00eb t\u00eb lart\u00eb","author":"Kurt Farka","date":"July 6, 2026","format":false,"excerpt":"6 Korrik 2026 Byroja Komb\u00ebtore e Hetimit (BKH), ka zbarkuar n\u00eb ASHK, nj\u00eb nga institucionet m\u00eb t\u00eb akuzuara p\u00ebr korrupsion dhe veprime t\u00eb kund\u00ebrligjshme. Sipas burimeve kontrollet jan\u00eb n\u00eb kuad\u00ebr t\u00eb nj\u00eb hetimi t\u00eb gjer\u00eb p\u00ebr disa drejtues dhe zyrtar\u00eb t\u00eb Kadastr\u00ebs n\u00eb disa qytete t\u00eb vendit. Dyshohet p\u00ebr nj\u00eb\u2026","rel":"","context":"In &quot;Blogu i Udh\u00ebtarit&quot;","block_context":{"text":"Blogu i Udh\u00ebtarit","link":"https:\/\/www.shqiperia.com\/blog\/category\/blogu-i-udhetarit\/"},"img":{"alt_text":"","src":"https:\/\/i0.wp.com\/www.shqiperia.com\/blog\/wp-content\/uploads\/2026\/07\/640-0-foto-8-900x570-1783340685-e1783344868937.jpeg?fit=562%2C405&ssl=1&resize=350%2C200","width":350,"height":200,"srcset":"https:\/\/i0.wp.com\/www.shqiperia.com\/blog\/wp-content\/uploads\/2026\/07\/640-0-foto-8-900x570-1783340685-e1783344868937.jpeg?fit=562%2C405&ssl=1&resize=350%2C200 1x, https:\/\/i0.wp.com\/www.shqiperia.com\/blog\/wp-content\/uploads\/2026\/07\/640-0-foto-8-900x570-1783340685-e1783344868937.jpeg?fit=562%2C405&ssl=1&resize=525%2C300 1.5x"},"classes":[]}],"_links":{"self":[{"href":"https:\/\/www.shqiperia.com\/blog\/wp-json\/wp\/v2\/posts\/105828","targetHints":{"allow":["GET"]}}],"collection":[{"href":"https:\/\/www.shqiperia.com\/blog\/wp-json\/wp\/v2\/posts"}],"about":[{"href":"https:\/\/www.shqiperia.com\/blog\/wp-json\/wp\/v2\/types\/post"}],"author":[{"embeddable":true,"href":"https:\/\/www.shqiperia.com\/blog\/wp-json\/wp\/v2\/users\/9"}],"replies":[{"embeddable":true,"href":"https:\/\/www.shqiperia.com\/blog\/wp-json\/wp\/v2\/comments?post=105828"}],"version-history":[{"count":1,"href":"https:\/\/www.shqiperia.com\/blog\/wp-json\/wp\/v2\/posts\/105828\/revisions"}],"predecessor-version":[{"id":105831,"href":"https:\/\/www.shqiperia.com\/blog\/wp-json\/wp\/v2\/posts\/105828\/revisions\/105831"}],"wp:featuredmedia":[{"embeddable":true,"href":"https:\/\/www.shqiperia.com\/blog\/wp-json\/wp\/v2\/media\/105829"}],"wp:attachment":[{"href":"https:\/\/www.shqiperia.com\/blog\/wp-json\/wp\/v2\/media?parent=105828"}],"wp:term":[{"taxonomy":"category","embeddable":true,"href":"https:\/\/www.shqiperia.com\/blog\/wp-json\/wp\/v2\/categories?post=105828"},{"taxonomy":"post_tag","embeddable":true,"href":"https:\/\/www.shqiperia.com\/blog\/wp-json\/wp\/v2\/tags?post=105828"}],"curies":[{"name":"wp","href":"https:\/\/api.w.org\/{rel}","templated":true}]}}