{"id":105825,"date":"2026-09-03T01:05:49","date_gmt":"2026-09-03T01:05:49","guid":{"rendered":"https:\/\/www.shqiperia.com\/blog\/?p=105825"},"modified":"2026-09-03T01:05:49","modified_gmt":"2026-09-03T01:05:49","slug":"zbulim-i-rralle-ne-turqi-zbulohet-punishte-minerare-9-mije-vjecare","status":"publish","type":"post","link":"https:\/\/www.shqiperia.com\/blog\/zbulim-i-rralle-ne-turqi-zbulohet-punishte-minerare-9-mije-vjecare\/","title":{"rendered":"Zbulim i rrall\u00eb n\u00eb Turqi, zbulohet punishte minerare 9 mij\u00eb-vje\u00e7are"},"content":{"rendered":"<p><img data-recalc-dims=\"1\" loading=\"lazy\" decoding=\"async\" data-attachment-id=\"105826\" data-permalink=\"https:\/\/www.shqiperia.com\/blog\/zbulim-i-rralle-ne-turqi-zbulohet-punishte-minerare-9-mije-vjecare\/auto_thumbs_b_c_fe98b053e6168ef4ee39d508046752d71788262850\/\" data-orig-file=\"https:\/\/i0.wp.com\/www.shqiperia.com\/blog\/wp-content\/uploads\/2026\/09\/auto_thumbs_b_c_fe98b053e6168ef4ee39d508046752d71788262850.webp?fit=864%2C486&amp;ssl=1\" data-orig-size=\"864,486\" data-comments-opened=\"1\" data-image-meta=\"{&quot;aperture&quot;:&quot;0&quot;,&quot;credit&quot;:&quot;&quot;,&quot;camera&quot;:&quot;&quot;,&quot;caption&quot;:&quot;&quot;,&quot;created_timestamp&quot;:&quot;0&quot;,&quot;copyright&quot;:&quot;&quot;,&quot;focal_length&quot;:&quot;0&quot;,&quot;iso&quot;:&quot;0&quot;,&quot;shutter_speed&quot;:&quot;0&quot;,&quot;title&quot;:&quot;&quot;,&quot;orientation&quot;:&quot;0&quot;}\" data-image-title=\"auto_thumbs_b_c_fe98b053e6168ef4ee39d508046752d71788262850\" data-image-description=\"\" data-image-caption=\"\" data-medium-file=\"https:\/\/i0.wp.com\/www.shqiperia.com\/blog\/wp-content\/uploads\/2026\/09\/auto_thumbs_b_c_fe98b053e6168ef4ee39d508046752d71788262850.webp?fit=300%2C169&amp;ssl=1\" data-large-file=\"https:\/\/i0.wp.com\/www.shqiperia.com\/blog\/wp-content\/uploads\/2026\/09\/auto_thumbs_b_c_fe98b053e6168ef4ee39d508046752d71788262850.webp?fit=864%2C486&amp;ssl=1\" class=\"alignnone  wp-image-105826\" alt=\"\" src=\"https:\/\/i0.wp.com\/www.shqiperia.com\/blog\/wp-content\/uploads\/2026\/09\/auto_thumbs_b_c_fe98b053e6168ef4ee39d508046752d71788262850.webp?resize=678%2C382&#038;ssl=1\" width=\"678\" height=\"382\" srcset=\"https:\/\/i0.wp.com\/www.shqiperia.com\/blog\/wp-content\/uploads\/2026\/09\/auto_thumbs_b_c_fe98b053e6168ef4ee39d508046752d71788262850.webp?resize=300%2C169&amp;ssl=1 300w, https:\/\/i0.wp.com\/www.shqiperia.com\/blog\/wp-content\/uploads\/2026\/09\/auto_thumbs_b_c_fe98b053e6168ef4ee39d508046752d71788262850.webp?resize=768%2C432&amp;ssl=1 768w, https:\/\/i0.wp.com\/www.shqiperia.com\/blog\/wp-content\/uploads\/2026\/09\/auto_thumbs_b_c_fe98b053e6168ef4ee39d508046752d71788262850.webp?resize=450%2C253&amp;ssl=1 450w, https:\/\/i0.wp.com\/www.shqiperia.com\/blog\/wp-content\/uploads\/2026\/09\/auto_thumbs_b_c_fe98b053e6168ef4ee39d508046752d71788262850.webp?resize=600%2C338&amp;ssl=1 600w, https:\/\/i0.wp.com\/www.shqiperia.com\/blog\/wp-content\/uploads\/2026\/09\/auto_thumbs_b_c_fe98b053e6168ef4ee39d508046752d71788262850.webp?resize=400%2C225&amp;ssl=1 400w, https:\/\/i0.wp.com\/www.shqiperia.com\/blog\/wp-content\/uploads\/2026\/09\/auto_thumbs_b_c_fe98b053e6168ef4ee39d508046752d71788262850.webp?w=864&amp;ssl=1 864w\" sizes=\"auto, (max-width: 678px) 100vw, 678px\" \/><\/p>\n<p><strong>3 Shtator 2026<\/strong><\/p>\n<p><strong>Arkeolog\u00ebt kan\u00eb zbuluar nj\u00eb punishte minierash prej rreth 5 metrash katror\u00eb q\u00eb daton q\u00eb nga viti 6900-6800 para Krishtit n\u00eb Cayonu Tepesi, nj\u00eb vendbanim prehistorik n\u00eb Turqin\u00eb juglindore q\u00eb ofron prova t\u00eb r\u00ebnd\u00ebsishme t\u00eb kalimit n\u00eb jet\u00ebn e vendosur dhe bujq\u00ebsin\u00eb e hershme.<\/strong><\/p>\n<p>Ministri i Kultur\u00ebs dhe Turizmit Mehmet Nuri Ersoy tha t\u00eb mart\u00ebn se zbulimi n\u00eb rrethin Ergani t\u00eb provinc\u00ebs Diyarbak\u0131r p\u00ebrfshinte malakit t\u00eb pap\u00ebrpunuar dhe gjysm\u00eb t\u00eb p\u00ebrpunuar, copa malakiti t\u00eb p\u00ebrpunuara, rruaza bakri dhe objekte t\u00eb tjera bakri, si dhe nj\u00eb zon\u00eb pune t\u00eb shtruar me gur\u00eb.<\/p>\n<p>Zbulimi shton prova se njer\u00ebzit n\u00eb Cayonu punonin me bak\u00ebr dhe malakit q\u00eb n\u00eb vitin 9100 para Krishtit, duke sugjeruar se vendbanimi kishte nj\u00eb tradit\u00eb t\u00eb gjat\u00eb t\u00eb p\u00ebrpunimit t\u00eb mineraleve dhe p\u00ebrpunimit t\u00eb hersh\u00ebm t\u00eb metaleve.<\/p>\n<p><em>\u201cZbulimi i ri zbulon se tradita e minierave k\u00ebtu vazhdoi p\u00ebr af\u00ebrsisht 2,000 vjet dhe se aktivitetet e specializuara t\u00eb prodhimit kryheshin n\u00eb zona t\u00eb caktuara pune\u201d,<\/em><span>\u00a0<\/span>tha Ersoy n\u00eb nj\u00eb postim n\u00eb platform\u00ebn turke t\u00eb mediave sociale NSosyal.<\/p>\n<p>Cayonu, i vendosur n\u00eb rr\u00ebz\u00eb t\u00eb Maleve Taurus, \u00ebsht\u00eb nj\u00eb nga vendet kryesore arkeologjike p\u00ebr t\u00eb kuptuar periudh\u00ebn neolitike, kur komunitetet n\u00eb rajon p\u00ebrvet\u00ebsuan gjithnj\u00eb e m\u00eb shum\u00eb stile jetese t\u00eb vendosura, bujq\u00ebsi dhe forma t\u00eb specializuara t\u00eb prodhimit.<\/p>\n<p>D\u00ebshmi e nj\u00eb zone t\u00eb organizuar prodhimi<\/p>\n<p>Sipas ministris\u00eb, ekipi i g\u00ebrmimeve, i udh\u00ebhequr nga Savas Sar\u0131altun i Universitetit Canakkale Onsekiz Mart, e gjeti punishten n\u00eb pjes\u00ebn per\u00ebndimore t\u00eb vendbanimit.<\/p>\n<p>T\u00eb pakt\u00ebn gjasht\u00eb vrima shtyllash u identifikuan rreth nj\u00eb sip\u00ebrfaqeje prej rreth 5 metrash katror\u00eb, nd\u00ebrsa n\u00eb qend\u00ebr t\u00eb saj u gjet nj\u00eb sip\u00ebrfaqe pune e shtruar me gur\u00eb. Rregullimi sugjeron q\u00eb zona mund t\u00eb ket\u00eb qen\u00eb e mbuluar nga nj\u00eb struktur\u00eb hijeje dhe e organizuar q\u00ebllimisht p\u00ebr aktivitete prodhimi.<\/p>\n<p>Tet\u00ebmb\u00ebdhjet\u00eb cop\u00ebza malakiti u gjet\u00ebn n\u00eb qend\u00ebr t\u00eb punishtes, me 24-25 mostra t\u00eb tjera malakiti t\u00eb gjetura brenda dhe p\u00ebrreth struktur\u00ebs. Numri i gjetjeve t\u00eb malakitit dhe bakrit nga zona m\u00eb e gjer\u00eb e punimeve ka arritur n\u00eb rreth 42.<\/p>\n<p>Gjetjet p\u00ebrfshijn\u00eb malakit t\u00eb pap\u00ebrpunuar, material q\u00eb ishte p\u00ebrpunuar pjes\u00ebrisht dhe ishte p\u00ebrfunduar, si dhe rruaza bakri dhe objekte t\u00eb tjera bakri.<\/p>\n<p>Kombinimi i l\u00ebnd\u00ebs s\u00eb par\u00eb dhe objekteve n\u00eb faza t\u00eb ndryshme t\u00eb prodhimit n\u00eb t\u00eb nj\u00ebjt\u00ebn zon\u00eb ofron prova se aktivitetet e p\u00ebrpunimit dhe prodhimit zhvilloheshin n\u00eb vend, n\u00eb vend q\u00eb materialet thjesht t\u00eb silleshin atje si produkte t\u00eb gatshme.<\/p>\n<p><strong>Nj\u00eb histori e gjat\u00eb ndryshimesh kulturore<\/strong><\/p>\n<p>Sezoni i g\u00ebrmimeve t\u00eb vitit 2026 ka prodhuar gjithashtu prova t\u00eb reja t\u00eb vazhdim\u00ebsis\u00eb kulturore n\u00eb Cayonu.<\/p>\n<p>Arkeolog\u00ebt q\u00eb punonin n\u00eb zon\u00ebn per\u00ebndimore gjet\u00ebn qeramik\u00eb me cil\u00ebsi t\u00eb lart\u00eb t\u00eb lidhur me fazat e hershme t\u00eb Neolitit t\u00eb Qeramik\u00ebs dhe kultur\u00ebs Proto-Hassuna.<\/p>\n<p>Gjetjet datohen p\u00ebrkoh\u00ebsisht rreth viteve 6800-6600 p.e.s. Kronologjia e tyre do t\u00eb p\u00ebrpunohet n\u00ebp\u00ebrmjet analizave t\u00eb vazhdueshme t\u00eb radiokarbonit dhe analizave t\u00eb tjera arkeometrike.<\/p>\n<p>Punishtja e minierave konsiderohet si nj\u00eb nga zbulimet m\u00eb t\u00eb r\u00ebnd\u00ebsishme t\u00eb sezonit t\u00eb g\u00ebrmimeve t\u00eb k\u00ebtij viti, sepse arkitektura e saj mund t\u00eb identifikohet si nj\u00eb zon\u00eb e dedikuar prodhimi, nd\u00ebrsa l\u00ebnd\u00ebt e para dhe produktet n\u00eb faza t\u00eb ndryshme t\u00eb prodhimit u gjet\u00ebn s\u00eb bashku dhe punishtja mund t\u00eb dokumentohet si nj\u00eb nj\u00ebsi e plot\u00eb.\/<a href=\"https:\/\/www.aa.com.tr\/en\/turkiye\/9-000-year-old-mining-workshop-found-in-turkiye\/4043827\">AA<\/a><\/p>\n","protected":false},"excerpt":{"rendered":"<p>3 Shtator 2026 Arkeolog\u00ebt kan\u00eb zbuluar nj\u00eb punishte minierash prej rreth 5 metrash katror\u00eb q\u00eb daton q\u00eb nga viti 6900-6800 para Krishtit n\u00eb Cayonu Tepesi, nj\u00eb vendbanim prehistorik n\u00eb Turqin\u00eb juglindore q\u00eb ofron prova t\u00eb r\u00ebnd\u00ebsishme t\u00eb kalimit n\u00eb jet\u00ebn e vendosur dhe bujq\u00ebsin\u00eb e hershme. Ministri i Kultur\u00ebs dhe Turizmit Mehmet Nuri Ersoy tha [&hellip;]<\/p>\n","protected":false},"author":9,"featured_media":105826,"comment_status":"open","ping_status":"open","sticky":false,"template":"","format":"standard","meta":{"jetpack_post_was_ever_published":false,"_jetpack_newsletter_access":"","_jetpack_dont_email_post_to_subs":false,"_jetpack_newsletter_tier_id":0,"_jetpack_memberships_contains_paywalled_content":false,"_jetpack_memberships_contains_paid_content":false,"footnotes":"","jetpack_publicize_message":"","jetpack_publicize_feature_enabled":true,"jetpack_social_post_already_shared":true,"jetpack_social_options":{"image_generator_settings":{"template":"highway","default_image_id":0,"font":"","enabled":false},"version":2}},"categories":[27,85,10,35,86],"tags":[],"class_list":["post-105825","post","type-post","status-publish","format-standard","has-post-thumbnail","hentry","category-blogu-i-udhetarit","category-histori","category-kultura","category-shoqerore","category-trashegimi-kulturore"],"jetpack_publicize_connections":[],"jetpack_featured_media_url":"https:\/\/i0.wp.com\/www.shqiperia.com\/blog\/wp-content\/uploads\/2026\/09\/auto_thumbs_b_c_fe98b053e6168ef4ee39d508046752d71788262850.webp?fit=864%2C486&ssl=1","jetpack_sharing_enabled":true,"jetpack_shortlink":"https:\/\/wp.me\/p5Z6wp-rwR","jetpack-related-posts":[{"id":104197,"url":"https:\/\/www.shqiperia.com\/blog\/anija-romake-2100-vjecare-me-500-amfora-gjendet-ne-brigjet-e-sicilise\/","url_meta":{"origin":105825,"position":0},"title":"Anija romake 2100-vje\u00e7are me 500 amfora gjendet n\u00eb brigjet e Si\u00e7ilis\u00eb","author":"Kurt Farka","date":"August 11, 2026","format":false,"excerpt":"11 Gusht 2026 Nj\u00eb anije e mbytur romake 2,100-vje\u00e7are q\u00eb mbante rreth 500 amfora \u00ebsht\u00eb zbuluar 3 milje larg brigjeve t\u00eb Mazara del Vallo n\u00eb Si\u00e7ili. Skuadra italiane e mbrojtjes s\u00eb trash\u00ebgimis\u00eb kulturore t\u00eb Karabinier\u00ebve hetoi rr\u00ebnojat me ndihm\u00ebn e zhyt\u00ebsve dhe kamerave n\u00ebnujore, pasi mori nj\u00eb informacion nga peshkatar\u00ebt.\u2026","rel":"","context":"In &quot;Blogu i Udh\u00ebtarit&quot;","block_context":{"text":"Blogu i Udh\u00ebtarit","link":"https:\/\/www.shqiperia.com\/blog\/category\/blogu-i-udhetarit\/"},"img":{"alt_text":"","src":"https:\/\/i0.wp.com\/www.shqiperia.com\/blog\/wp-content\/uploads\/2026\/08\/auto_ANIJA1786383635-1.png?fit=900%2C414&ssl=1&resize=350%2C200","width":350,"height":200,"srcset":"https:\/\/i0.wp.com\/www.shqiperia.com\/blog\/wp-content\/uploads\/2026\/08\/auto_ANIJA1786383635-1.png?fit=900%2C414&ssl=1&resize=350%2C200 1x, https:\/\/i0.wp.com\/www.shqiperia.com\/blog\/wp-content\/uploads\/2026\/08\/auto_ANIJA1786383635-1.png?fit=900%2C414&ssl=1&resize=525%2C300 1.5x, https:\/\/i0.wp.com\/www.shqiperia.com\/blog\/wp-content\/uploads\/2026\/08\/auto_ANIJA1786383635-1.png?fit=900%2C414&ssl=1&resize=700%2C400 2x"},"classes":[]},{"id":100091,"url":"https:\/\/www.shqiperia.com\/blog\/zbulohet-objekti-masiv-qe-pershkruan-faraonin-mendohet-se-ka-sfiduar-moisiun-gjate-eksodit\/","url_meta":{"origin":105825,"position":1},"title":"Zbulohet objekti masiv q\u00eb p\u00ebrshkruan faraonin, mendohet se ka sfiduar Moisiun gjat\u00eb Eksodit","author":"Kurt Farka","date":"May 10, 2026","format":false,"excerpt":"10 Maji 2026 Arkeolog\u00ebt n\u00eb Egjipt zbuluan s\u00eb fundmi nj\u00eb statuj\u00eb masive q\u00eb besohet se p\u00ebrshkruan mbretin Ramses II, faraonin q\u00eb besohet t\u00eb jet\u00eb nj\u00eb personazh i r\u00ebnd\u00ebsish\u00ebm n\u00eb Dhiat\u00ebn e Vjet\u00ebr. Statuja u gjet n\u00eb vendin Tel Pharaoh n\u00eb Qendr\u00ebn Husseiniya, Guvernatori i Sharqia, tha Ministria egjiptiane e Turizmit\u2026","rel":"","context":"In &quot;Blogu i Udh\u00ebtarit&quot;","block_context":{"text":"Blogu i Udh\u00ebtarit","link":"https:\/\/www.shqiperia.com\/blog\/category\/blogu-i-udhetarit\/"},"img":{"alt_text":"","src":"https:\/\/i0.wp.com\/www.shqiperia.com\/blog\/wp-content\/uploads\/2026\/05\/auto_FARAONI1777830684.webp?fit=720%2C405&ssl=1&resize=350%2C200","width":350,"height":200,"srcset":"https:\/\/i0.wp.com\/www.shqiperia.com\/blog\/wp-content\/uploads\/2026\/05\/auto_FARAONI1777830684.webp?fit=720%2C405&ssl=1&resize=350%2C200 1x, https:\/\/i0.wp.com\/www.shqiperia.com\/blog\/wp-content\/uploads\/2026\/05\/auto_FARAONI1777830684.webp?fit=720%2C405&ssl=1&resize=525%2C300 1.5x, https:\/\/i0.wp.com\/www.shqiperia.com\/blog\/wp-content\/uploads\/2026\/05\/auto_FARAONI1777830684.webp?fit=720%2C405&ssl=1&resize=700%2C400 2x"},"classes":[]},{"id":105153,"url":"https:\/\/www.shqiperia.com\/blog\/zbulim-i-rralle-prane-murit-te-madh-te-kines\/","url_meta":{"origin":105825,"position":2},"title":"Zbulim i rrall\u00eb pran\u00eb Murit t\u00eb Madh t\u00eb Kin\u00ebs&#8230;","author":"Kurt Farka","date":"August 25, 2026","format":false,"excerpt":"25 Gusht 2026 Nj\u00eb en\u00eb bronzi e vulosur prej rreth 2,300 vitesh ka ruajtur brenda saj nj\u00eb zbulim t\u00eb pazakont\u00eb, 3.74 litra t\u00eb nj\u00eb pijeje alkoolike t\u00eb lasht\u00eb, t\u00eb ngjashme me birr\u00ebn. Zbulimi \u00ebsht\u00eb b\u00ebr\u00eb nga arkeolog\u00ebt n\u00eb varrez\u00ebn Shanjiabao, n\u00eb rajonin Ningxia Hui t\u00eb Kin\u00ebs, pran\u00eb nj\u00eb prej segmenteve\u2026","rel":"","context":"In &quot;Blogu i Udh\u00ebtarit&quot;","block_context":{"text":"Blogu i Udh\u00ebtarit","link":"https:\/\/www.shqiperia.com\/blog\/category\/blogu-i-udhetarit\/"},"img":{"alt_text":"","src":"https:\/\/i0.wp.com\/www.shqiperia.com\/blog\/wp-content\/uploads\/2026\/08\/640-0-4c5bd957a0010e4b79341d51bc61be38.jpg?fit=640%2C360&ssl=1&resize=350%2C200","width":350,"height":200,"srcset":"https:\/\/i0.wp.com\/www.shqiperia.com\/blog\/wp-content\/uploads\/2026\/08\/640-0-4c5bd957a0010e4b79341d51bc61be38.jpg?fit=640%2C360&ssl=1&resize=350%2C200 1x, https:\/\/i0.wp.com\/www.shqiperia.com\/blog\/wp-content\/uploads\/2026\/08\/640-0-4c5bd957a0010e4b79341d51bc61be38.jpg?fit=640%2C360&ssl=1&resize=525%2C300 1.5x"},"classes":[]},{"id":100475,"url":"https:\/\/www.shqiperia.com\/blog\/nje-zbulim-historik-ne-siri-punetori-i-ndertimit-gjen-varre-te-lashta-1500-vjecare\/","url_meta":{"origin":105825,"position":3},"title":"Nj\u00eb zbulim historik n\u00eb Siri\/ Pun\u00ebtori i nd\u00ebrtimit gjen varre t\u00eb lashta 1500-vje\u00e7are","author":"Kurt Farka","date":"May 20, 2026","format":false,"excerpt":"20 Maji 2026 Nj\u00eb pun\u00ebtor nd\u00ebrtimi zbuloi nj\u00eb kompleks varresh 1,500-vje\u00e7ar, nd\u00ebrsa po hiqte rr\u00ebnojat e shkat\u00ebrruara nga lufta. Zbulimi i pabesuesh\u00ebm i nj\u00eb kompleksi t\u00eb lasht\u00eb varresh bizantine u gjet n\u00eb provinc\u00ebn siriane t\u00eb Idlibit n\u00eb veri t\u00eb vendit. Ato u gjet\u00ebn nga nj\u00eb pun\u00ebtor nd\u00ebrtimi i cili po\u2026","rel":"","context":"In &quot;Arte&quot;","block_context":{"text":"Arte","link":"https:\/\/www.shqiperia.com\/blog\/category\/arte\/"},"img":{"alt_text":"","src":"https:\/\/i0.wp.com\/www.shqiperia.com\/blog\/wp-content\/uploads\/2026\/05\/image-2-3.webp?fit=800%2C533&ssl=1&resize=350%2C200","width":350,"height":200,"srcset":"https:\/\/i0.wp.com\/www.shqiperia.com\/blog\/wp-content\/uploads\/2026\/05\/image-2-3.webp?fit=800%2C533&ssl=1&resize=350%2C200 1x, https:\/\/i0.wp.com\/www.shqiperia.com\/blog\/wp-content\/uploads\/2026\/05\/image-2-3.webp?fit=800%2C533&ssl=1&resize=525%2C300 1.5x, https:\/\/i0.wp.com\/www.shqiperia.com\/blog\/wp-content\/uploads\/2026\/05\/image-2-3.webp?fit=800%2C533&ssl=1&resize=700%2C400 2x"},"classes":[]},{"id":103253,"url":"https:\/\/www.shqiperia.com\/blog\/poloni-po-ecte-ne-pyll-dhe-gjeti-nje-shpate-2700-vjecare-te-ngulur-drejt-ne-toke\/","url_meta":{"origin":105825,"position":4},"title":"Poloni &#8211; Po ecte n\u00eb pyll dhe gjeti nj\u00eb shpat\u00eb 2,700-vje\u00e7are t\u00eb ngulur drejt n\u00eb tok\u00eb","author":"Kurt Farka","date":"July 26, 2026","format":false,"excerpt":"]26 Korrik 2026 Nj\u00eb zbulim i jasht\u00ebzakonsh\u00ebm arkeologjik ka habitur studiuesit n\u00eb Poloni, pasi nj\u00eb burr\u00eb q\u00eb po k\u00ebrkonte me detektor metalesh n\u00eb nj\u00eb pyll pran\u00eb Gdanskut zbuloi nj\u00eb shpat\u00eb bronzi rreth 2700-vje\u00e7are, t\u00eb vendosur n\u00eb m\u00ebnyr\u00eb t\u00eb pazakont\u00eb drejt n\u00eb tok\u00eb. Zbuluesi amator po kryente nj\u00eb k\u00ebrkim rutin\u00eb kur\u2026","rel":"","context":"In &quot;Blogu i Udh\u00ebtarit&quot;","block_context":{"text":"Blogu i Udh\u00ebtarit","link":"https:\/\/www.shqiperia.com\/blog\/category\/blogu-i-udhetarit\/"},"img":{"alt_text":"","src":"https:\/\/i0.wp.com\/www.shqiperia.com\/blog\/wp-content\/uploads\/2026\/07\/shpata-1.jpg?fit=782%2C430&ssl=1&resize=350%2C200","width":350,"height":200,"srcset":"https:\/\/i0.wp.com\/www.shqiperia.com\/blog\/wp-content\/uploads\/2026\/07\/shpata-1.jpg?fit=782%2C430&ssl=1&resize=350%2C200 1x, https:\/\/i0.wp.com\/www.shqiperia.com\/blog\/wp-content\/uploads\/2026\/07\/shpata-1.jpg?fit=782%2C430&ssl=1&resize=525%2C300 1.5x, https:\/\/i0.wp.com\/www.shqiperia.com\/blog\/wp-content\/uploads\/2026\/07\/shpata-1.jpg?fit=782%2C430&ssl=1&resize=700%2C400 2x"},"classes":[]},{"id":105016,"url":"https:\/\/www.shqiperia.com\/blog\/si-ishte-jeta-ne-babilonine-e-lashte\/","url_meta":{"origin":105825,"position":5},"title":"Si ishte jeta n\u00eb Babilonin\u00eb e lasht\u00eb?","author":"Kurt Farka","date":"August 23, 2026","format":false,"excerpt":"23 Gusht 2026 Qyteti i Babilonis\u00eb, q\u00eb ndodhej pran\u00eb lumit Eufrat n\u00eb Mesopotamin\u00eb e Poshtme, arriti kulmin e epok\u00ebs s\u00eb tij t\u00eb hershme gjat\u00eb mbret\u00ebrimit t\u00eb mbretit Hammurabi (1792-1750 para Krishtit). N\u00ebn sundimin e tij, kryeqyteti i perandoris\u00eb babilonase u konsolidua si nj\u00eb qend\u00ebr kozmopolite, duke t\u00ebrhequr emigrant\u00eb nga i\u2026","rel":"","context":"In &quot;Blogu i Udh\u00ebtarit&quot;","block_context":{"text":"Blogu i Udh\u00ebtarit","link":"https:\/\/www.shqiperia.com\/blog\/category\/blogu-i-udhetarit\/"},"img":{"alt_text":"","src":"https:\/\/i0.wp.com\/www.shqiperia.com\/blog\/wp-content\/uploads\/2026\/08\/auto_2b870853-bc02-4e29-82f6-b74d627ae4101756814369-1.jpg?fit=900%2C646&ssl=1&resize=350%2C200","width":350,"height":200,"srcset":"https:\/\/i0.wp.com\/www.shqiperia.com\/blog\/wp-content\/uploads\/2026\/08\/auto_2b870853-bc02-4e29-82f6-b74d627ae4101756814369-1.jpg?fit=900%2C646&ssl=1&resize=350%2C200 1x, https:\/\/i0.wp.com\/www.shqiperia.com\/blog\/wp-content\/uploads\/2026\/08\/auto_2b870853-bc02-4e29-82f6-b74d627ae4101756814369-1.jpg?fit=900%2C646&ssl=1&resize=525%2C300 1.5x, https:\/\/i0.wp.com\/www.shqiperia.com\/blog\/wp-content\/uploads\/2026\/08\/auto_2b870853-bc02-4e29-82f6-b74d627ae4101756814369-1.jpg?fit=900%2C646&ssl=1&resize=700%2C400 2x"},"classes":[]}],"_links":{"self":[{"href":"https:\/\/www.shqiperia.com\/blog\/wp-json\/wp\/v2\/posts\/105825","targetHints":{"allow":["GET"]}}],"collection":[{"href":"https:\/\/www.shqiperia.com\/blog\/wp-json\/wp\/v2\/posts"}],"about":[{"href":"https:\/\/www.shqiperia.com\/blog\/wp-json\/wp\/v2\/types\/post"}],"author":[{"embeddable":true,"href":"https:\/\/www.shqiperia.com\/blog\/wp-json\/wp\/v2\/users\/9"}],"replies":[{"embeddable":true,"href":"https:\/\/www.shqiperia.com\/blog\/wp-json\/wp\/v2\/comments?post=105825"}],"version-history":[{"count":1,"href":"https:\/\/www.shqiperia.com\/blog\/wp-json\/wp\/v2\/posts\/105825\/revisions"}],"predecessor-version":[{"id":105827,"href":"https:\/\/www.shqiperia.com\/blog\/wp-json\/wp\/v2\/posts\/105825\/revisions\/105827"}],"wp:featuredmedia":[{"embeddable":true,"href":"https:\/\/www.shqiperia.com\/blog\/wp-json\/wp\/v2\/media\/105826"}],"wp:attachment":[{"href":"https:\/\/www.shqiperia.com\/blog\/wp-json\/wp\/v2\/media?parent=105825"}],"wp:term":[{"taxonomy":"category","embeddable":true,"href":"https:\/\/www.shqiperia.com\/blog\/wp-json\/wp\/v2\/categories?post=105825"},{"taxonomy":"post_tag","embeddable":true,"href":"https:\/\/www.shqiperia.com\/blog\/wp-json\/wp\/v2\/tags?post=105825"}],"curies":[{"name":"wp","href":"https:\/\/api.w.org\/{rel}","templated":true}]}}