{"id":105819,"date":"2026-09-03T00:57:47","date_gmt":"2026-09-03T00:57:47","guid":{"rendered":"https:\/\/www.shqiperia.com\/blog\/?p=105819"},"modified":"2026-09-03T00:58:43","modified_gmt":"2026-09-03T00:58:43","slug":"kryeziu-6-deputetet-e-ldk-se-se-kane-me-emrin-e-bekim-sejdiut-por-me-kurtin","status":"publish","type":"post","link":"https:\/\/www.shqiperia.com\/blog\/kryeziu-6-deputetet-e-ldk-se-se-kane-me-emrin-e-bekim-sejdiut-por-me-kurtin\/","title":{"rendered":"Kryeziu: &#8211; 6 deputet\u00ebt e LDK-s\u00eb s\u2019e kan\u00eb me emrin e Bekim Sejdiut, por me Kurtin"},"content":{"rendered":"<div id=\"attachment_105820\" style=\"width: 630px\" class=\"wp-caption alignnone\"><img data-recalc-dims=\"1\" loading=\"lazy\" decoding=\"async\" aria-describedby=\"caption-attachment-105820\" data-attachment-id=\"105820\" data-permalink=\"https:\/\/www.shqiperia.com\/blog\/kryeziu-6-deputetet-e-ldk-se-se-kane-me-emrin-e-bekim-sejdiut-por-me-kurtin\/capture-417\/\" data-orig-file=\"https:\/\/i0.wp.com\/www.shqiperia.com\/blog\/wp-content\/uploads\/2026\/09\/Capture-417.jpg?fit=951%2C579&amp;ssl=1\" data-orig-size=\"951,579\" data-comments-opened=\"1\" data-image-meta=\"{&quot;aperture&quot;:&quot;0&quot;,&quot;credit&quot;:&quot;Praktikant&quot;,&quot;camera&quot;:&quot;&quot;,&quot;caption&quot;:&quot;&quot;,&quot;created_timestamp&quot;:&quot;1658439639&quot;,&quot;copyright&quot;:&quot;&quot;,&quot;focal_length&quot;:&quot;0&quot;,&quot;iso&quot;:&quot;0&quot;,&quot;shutter_speed&quot;:&quot;0&quot;,&quot;title&quot;:&quot;&quot;,&quot;orientation&quot;:&quot;0&quot;}\" data-image-title=\"Arbresh\u00eb Kryeziu-Hyseni\" data-image-description=\"\" data-image-caption=\"&lt;p&gt; Arbresh\u00eb Kryeziu-Hyseni&lt;\/p&gt;\n\" data-medium-file=\"https:\/\/i0.wp.com\/www.shqiperia.com\/blog\/wp-content\/uploads\/2026\/09\/Capture-417.jpg?fit=300%2C183&amp;ssl=1\" data-large-file=\"https:\/\/i0.wp.com\/www.shqiperia.com\/blog\/wp-content\/uploads\/2026\/09\/Capture-417.jpg?fit=951%2C579&amp;ssl=1\" class=\" wp-image-105820\" alt=\"\" src=\"https:\/\/i0.wp.com\/www.shqiperia.com\/blog\/wp-content\/uploads\/2026\/09\/Capture-417.jpg?resize=620%2C378&#038;ssl=1\" width=\"620\" height=\"378\" srcset=\"https:\/\/i0.wp.com\/www.shqiperia.com\/blog\/wp-content\/uploads\/2026\/09\/Capture-417.jpg?resize=300%2C183&amp;ssl=1 300w, https:\/\/i0.wp.com\/www.shqiperia.com\/blog\/wp-content\/uploads\/2026\/09\/Capture-417.jpg?resize=768%2C468&amp;ssl=1 768w, https:\/\/i0.wp.com\/www.shqiperia.com\/blog\/wp-content\/uploads\/2026\/09\/Capture-417.jpg?resize=450%2C274&amp;ssl=1 450w, https:\/\/i0.wp.com\/www.shqiperia.com\/blog\/wp-content\/uploads\/2026\/09\/Capture-417.jpg?resize=600%2C365&amp;ssl=1 600w, https:\/\/i0.wp.com\/www.shqiperia.com\/blog\/wp-content\/uploads\/2026\/09\/Capture-417.jpg?resize=400%2C244&amp;ssl=1 400w, https:\/\/i0.wp.com\/www.shqiperia.com\/blog\/wp-content\/uploads\/2026\/09\/Capture-417.jpg?w=951&amp;ssl=1 951w\" sizes=\"auto, (max-width: 620px) 100vw, 620px\" \/><p id=\"caption-attachment-105820\" class=\"wp-caption-text\">Arbresh\u00eb Kryeziu-Hyseni<\/p><\/div>\n<p><span lang=\"SQ\">3 Shtator 2026<\/span><\/p>\n<p><span lang=\"SQ\">Deputetja e L\u00ebvizjes Vet\u00ebvendosje, Arbresh\u00eb Kryeziu-Hyseni, ka th\u00ebn\u00eb se 6 deputet\u00ebt e Lidhjes Demokratike t\u00eb Kosov\u00ebs, q\u00eb jan\u00eb deklaruar kund\u00ebr kandidatur\u00ebs s\u00eb Bekim Sjediut p\u00ebr president, nuk jan\u00eb kund\u00ebr tij, por kund\u00ebr kryeministrit n\u00eb detyr\u00eb Albin Kurti.\u00a0<\/span><\/p>\n<p><span lang=\"SQ\">Ajo ka th\u00ebn\u00eb se p\u00ebr ta nuk \u00ebsht\u00eb problemi emri i presidentit.\u00a0<\/span><\/p>\n<p><span lang=\"SQ\">\u201cNuk mendoj q\u00eb k\u00ebta jan\u00eb t\u00ebrhequr sepse nuk jan\u00eb dakord q\u00eb t\u00eb mb\u00ebshtetet zot\u00ebri Bekim Sejdiu, un\u00eb mendoj q\u00eb k\u00ebta jan\u00eb t\u00ebrhequr sepse k\u00ebta nuk duan q\u00eb n\u00eb asnj\u00eb m\u00ebnyr\u00eb t\u00eb ket\u00eb nj\u00eb qeveri me n\u00eb krye kryeministrin Kurti\u201d, \u00ebsht\u00eb shprehur Kryeziu-Hyseni n\u00eb nj\u00eb intervist\u00eb n\u00eb emisionin \u201cInterkativ\u201d t\u00eb KTV-s\u00eb.<\/span><\/p>\n<p><span lang=\"SQ\">Ajo ka th\u00ebn\u00eb se 6 deputet\u00ebt e LDK-s\u00eb q\u00eb jan\u00eb kund\u00ebr Sejdiut, Avdullah Hoti, Hykmete Bajrami, Arben Gashi, Kujtim Shala, Armend Zemaj e Janina Ymeri, jan\u00eb pakic\u00eb n\u00eb LDK dhe se shumica e An\u00ebtar\u00ebsis\u00eb e mb\u00ebshtet marr\u00ebveshjen me VV-n\u00eb p\u00ebr presidentin.\u00a0<\/span><\/p>\n<p><span lang=\"SQ\">\u201cAta jan\u00eb t\u00ebrhequr p\u00ebr ta pamund\u00ebsuar zgjedhjen e presidentit dhe rrjedhimisht p\u00ebr ta quar vendin n\u00eb nj\u00eb proces t\u00eb ri zgjedhore\u201d, \u00ebsht\u00eb shprehur Kryeziu-Hyseni.\u00a0<\/span><\/p>\n<p><span lang=\"SQ\">Ajo ka theksuar se Kurti ka provuar q\u00eb t\u00eb takohet edhe me udh\u00ebheq\u00ebsit e PDK-s\u00eb e Aleanc\u00ebs, por se ata nuk kan\u00eb pranuar t\u00eb p\u00ebrfshihen n\u00eb nj\u00eb marr\u00ebveshje p\u00ebr zgjedhjen e presidentit.<\/span><\/p>\n<p><span lang=\"SQ\">Megjith\u00ebk\u00ebt\u00eb ajo ka th\u00ebn\u00eb se VV-ja do t\u00eb b\u00ebj\u00eb p\u00ebrpjekje maksimale, si\u00e7 \u00ebsht\u00eb shprehur, deri n\u00eb minut\u00ebn e fundit, p\u00ebr t\u00eb gjetur mund\u00ebsin\u00eb q\u00eb presidenti i ri t\u00eb zgjidhet.\u00a0<\/span><\/p>\n<p><span lang=\"SQ\">\u201cSigurisht q\u00eb numrat duhet t\u00eb k\u00ebrkohen n\u00eb mesin e deputet\u00ebve dhe nuk mund t\u00eb drejtohet gishti vet\u00ebm nga L\u00ebvizja Vet\u00ebvendosje, si\u00e7 po e b\u00ebjn\u00eb AAK, PDK, plus k\u00ebta 6 deputet\u00eb q\u00eb i jan\u00eb bashkuar k\u00ebtij grupi t\u00eb deputet\u00ebve q\u00eb refuzojn\u00eb t\u00eb marrin pjes\u00eb n\u00eb \u00e7\u00ebshtjen e zgjedhjes s\u00eb presidentit\u201d, ka deklaruar Kryeziu-Hyseni, duke shtuar se kjo \u00ebsht\u00eb p\u00ebrgjegj\u00ebsi e secilit pa dallim. \u00a0<\/span><\/p>\n<p><span lang=\"SQ\">Ajo ka deklaruar se do t\u00eb besoj\u00eb q\u00eb do t\u00eb gjinden edhe 6 deputet\u00eb n\u00eb mesin e partive opozitare q\u00eb do t\u00eb votojn\u00eb p\u00ebr zgjedhjen e presidentit.<\/span><\/p>\n<p><span lang=\"SQ\">\u201cDua t\u00eb besoj, dua t\u00eb mbaj\u00eb shpres\u00eb, q\u00eb deri n\u00eb minut\u00ebn e fundit, t\u00eb pakt\u00ebn 6 deputet\u00eb do t\u00eb reflektojn\u00eb, sepse \u00ebsht\u00eb situat\u00eb e jasht\u00ebzakonshme, shum\u00eb serioze, muaji shtator \u00ebsht\u00eb muaji i cili do t\u00eb na p\u00ebrcjell\u00eb me procese shum\u00eb t\u00eb r\u00ebnd\u00ebsishme p\u00ebr vendin dhe besoj q\u00eb \u00ebsht\u00eb tep\u00ebr keq q\u00eb Kosova t\u00eb mbetet pa institucione me mandat t\u00eb plot\u00eb\u201d, ka theksuar Kryeziu-Hyseni.<\/span><\/p>\n<p><span lang=\"SQ\">Kryetari i LDK-s\u00eb Lumir Abdixhiku t\u00eb mart\u00ebn pas mbledhjes s\u00eb Grupit Parlamentar t\u00eb LDK-s\u00eb, tha se 6 prej 18 deputet\u00ebve t\u00eb k\u00ebsaj partie kan\u00eb deklaruar se nuk do ta mb\u00ebshtesin kandidatur\u00ebn e Bekim Sejdiut p\u00ebr president.<\/span><\/p>\n<p><span lang=\"SQ\">Abdixhiku dhe kryetari i LVV-s\u00eb, Albin Kurti jan\u00eb takuar t\u00eb m\u00ebrkur\u00ebn pasdite p\u00ebr t\u00eb diskutuar, si\u00e7 kan\u00eb th\u00ebn\u00eb, zhvillimet q\u00eb pasuan pas pajtueshm\u00ebris\u00eb p\u00ebr kandidatin p\u00ebr president. Abdixhiku ka folur shkurt pas takimit, nd\u00ebrsa m\u00eb her\u00ebt n\u00eb nj\u00eb postim ka kritikuar gjasht\u00eb koleg\u00ebt q\u00eb kan\u00eb th\u00ebn\u00eb se nuk do ta votojn\u00eb Bekim Sejdiun, e q\u00eb sipas tij ishte n\u00eb fakt kandidat i propozuar nga LDK-ja. Ai ka ironizuar me arsyetimin e tyre se do t\u00eb jemi opozit\u00eb, duke th\u00ebn\u00eb se ky ka qen\u00eb q\u00ebndrim edhe i LDK-s\u00eb.<\/span><\/p>\n<p><span lang=\"SQ\">Me votat e 74 deputet\u00ebve q\u00eb besohet se jan\u00eb n\u00eb favor t\u00eb zgjedhjes s\u00eb Bekim Sejdiut president, nuk mund t\u00eb evitohen zgjedhjet e reja t\u00eb parakohshme.<\/span><\/p>\n","protected":false},"excerpt":{"rendered":"<p>3 Shtator 2026 Deputetja e L\u00ebvizjes Vet\u00ebvendosje, Arbresh\u00eb Kryeziu-Hyseni, ka th\u00ebn\u00eb se 6 deputet\u00ebt e Lidhjes Demokratike t\u00eb Kosov\u00ebs, q\u00eb jan\u00eb deklaruar kund\u00ebr kandidatur\u00ebs s\u00eb Bekim Sjediut p\u00ebr president, nuk jan\u00eb kund\u00ebr tij, por kund\u00ebr kryeministrit n\u00eb detyr\u00eb Albin Kurti.\u00a0 Ajo ka th\u00ebn\u00eb se p\u00ebr ta nuk \u00ebsht\u00eb problemi emri i presidentit.\u00a0 \u201cNuk mendoj q\u00eb [&hellip;]<\/p>\n","protected":false},"author":9,"featured_media":105820,"comment_status":"open","ping_status":"open","sticky":false,"template":"","format":"standard","meta":{"jetpack_post_was_ever_published":false,"_jetpack_newsletter_access":"","_jetpack_dont_email_post_to_subs":false,"_jetpack_newsletter_tier_id":0,"_jetpack_memberships_contains_paywalled_content":false,"_jetpack_memberships_contains_paid_content":false,"footnotes":"","jetpack_publicize_message":"","jetpack_publicize_feature_enabled":true,"jetpack_social_post_already_shared":true,"jetpack_social_options":{"image_generator_settings":{"template":"highway","default_image_id":0,"font":"","enabled":false},"version":2}},"categories":[27,1,2,35],"tags":[],"class_list":["post-105819","post","type-post","status-publish","format-standard","has-post-thumbnail","hentry","category-blogu-i-udhetarit","category-njoftime-shtypi","category-politika","category-shoqerore"],"jetpack_publicize_connections":[],"jetpack_featured_media_url":"https:\/\/i0.wp.com\/www.shqiperia.com\/blog\/wp-content\/uploads\/2026\/09\/Capture-417.jpg?fit=951%2C579&ssl=1","jetpack_sharing_enabled":true,"jetpack_shortlink":"https:\/\/wp.me\/p5Z6wp-rwL","jetpack-related-posts":[{"id":103241,"url":"https:\/\/www.shqiperia.com\/blog\/rama-pranon-korrupsionin-ne-administrate-ata-jane-qe-kerkojne-para-e-ryshfet\/","url_meta":{"origin":105819,"position":0},"title":"Rama pranon korrupsionin n\u00eb administrat\u00eb: &#8211; Ata jan\u00eb q\u00eb k\u00ebrkojn\u00eb para e ryshfet\u2026","author":"Kurt Farka","date":"July 26, 2026","format":false,"excerpt":"26 Korrik 2026 ... Mungesa e empatis\u00eb s\u00eb njer\u00ebzve t\u00eb shtetit \u00ebsht\u00eb b\u00ebr\u00eb e padurueshme, arroganca e njer\u00ebzve pa gjak q\u00eb u flasin si t\u00eb ken\u00eb karrige n\u00eb vend t\u00eb fytyr\u00ebs dhe fytyr\u00ebn e kan\u00eb t\u00eb parkuar n\u00eb vend t\u00eb prapanic\u00ebs, dhe k\u00ebtu nuk po flas p\u00ebr ata q\u00eb k\u00ebrkojn\u00eb\u2026","rel":"","context":"In &quot;Kultura&quot;","block_context":{"text":"Kultura","link":"https:\/\/www.shqiperia.com\/blog\/category\/kultura\/"},"img":{"alt_text":"","src":"https:\/\/i0.wp.com\/www.shqiperia.com\/blog\/wp-content\/uploads\/2026\/07\/800-0-6a64828616056.jpg?fit=800%2C476&ssl=1&resize=350%2C200","width":350,"height":200,"srcset":"https:\/\/i0.wp.com\/www.shqiperia.com\/blog\/wp-content\/uploads\/2026\/07\/800-0-6a64828616056.jpg?fit=800%2C476&ssl=1&resize=350%2C200 1x, https:\/\/i0.wp.com\/www.shqiperia.com\/blog\/wp-content\/uploads\/2026\/07\/800-0-6a64828616056.jpg?fit=800%2C476&ssl=1&resize=525%2C300 1.5x, https:\/\/i0.wp.com\/www.shqiperia.com\/blog\/wp-content\/uploads\/2026\/07\/800-0-6a64828616056.jpg?fit=800%2C476&ssl=1&resize=700%2C400 2x"},"classes":[]},{"id":105814,"url":"https:\/\/www.shqiperia.com\/blog\/kurti-marreveshja-per-sejdiun-mbetet-ne-fuqi-synojme-ti-shmangim-zgjedhjet\/","url_meta":{"origin":105819,"position":1},"title":"Kurti: Marr\u00ebveshja p\u00ebr Sejdiun mbetet n\u00eb fuqi, synojm\u00eb t\u2019i shmangim zgjedhjet","author":"Kurt Farka","date":"September 3, 2026","format":false,"excerpt":"3 shtator 2026, ora 22:44. Kryeministri n\u00eb detyr\u00eb dhe kryetari i L\u00ebvizjes Vet\u00ebvendosje, Albin Kurti, ka deklaruar se marr\u00ebveshja politike e arritur me Lidhjen Demokratike t\u00eb Kosov\u00ebs p\u00ebr zgjedhjen e presidentit vazhdon t\u00eb jet\u00eb n\u00eb qend\u00ebr t\u00eb diskutimeve, nd\u00ebrsa ka b\u00ebr\u00eb t\u00eb ditur se propozimi i LVV-s\u00eb mbetet profesori Bekim\u2026","rel":"","context":"In &quot;Blogu i Udh\u00ebtarit&quot;","block_context":{"text":"Blogu i Udh\u00ebtarit","link":"https:\/\/www.shqiperia.com\/blog\/category\/blogu-i-udhetarit\/"},"img":{"alt_text":"","src":"https:\/\/i0.wp.com\/www.shqiperia.com\/blog\/wp-content\/uploads\/2026\/09\/2018-02-flamur-jpg.webp?fit=1200%2C675&ssl=1&resize=350%2C200","width":350,"height":200,"srcset":"https:\/\/i0.wp.com\/www.shqiperia.com\/blog\/wp-content\/uploads\/2026\/09\/2018-02-flamur-jpg.webp?fit=1200%2C675&ssl=1&resize=350%2C200 1x, https:\/\/i0.wp.com\/www.shqiperia.com\/blog\/wp-content\/uploads\/2026\/09\/2018-02-flamur-jpg.webp?fit=1200%2C675&ssl=1&resize=525%2C300 1.5x, https:\/\/i0.wp.com\/www.shqiperia.com\/blog\/wp-content\/uploads\/2026\/09\/2018-02-flamur-jpg.webp?fit=1200%2C675&ssl=1&resize=700%2C400 2x, https:\/\/i0.wp.com\/www.shqiperia.com\/blog\/wp-content\/uploads\/2026\/09\/2018-02-flamur-jpg.webp?fit=1200%2C675&ssl=1&resize=1050%2C600 3x"},"classes":[]},{"id":102322,"url":"https:\/\/www.shqiperia.com\/blog\/alimehmeti-rama-eshte-ne-momentin-e-tij-me-te-keq-qeveria-teknike-zgjidhja-e-vetme-per-krizen\/","url_meta":{"origin":105819,"position":2},"title":"Alimehmeti: &#8211; Rama \u00ebsht\u00eb n\u00eb momentin e tij m\u00eb t\u00eb keq, qeveria teknike zgjidhja e vetme p\u00ebr kriz\u00ebn","author":"Kurt Farka","date":"July 6, 2026","format":false,"excerpt":"6 Korrik 2026 Alimehmeti thot\u00eb se kryeministri po p\u00ebrpiqet t\u00eb largoj\u00eb v\u00ebmendjen nga akuzat ndaj tij, nd\u00ebrsa zgjidhja, mbetet largimi i Ram\u00ebs dhe krijimi i nj\u00eb qeverie teknike \u201cRama \u00ebsht\u00eb n\u00eb momentin e tij m\u00eb t\u00eb keq dhe, si \u00e7do bish\u00eb e plagosur, tenton t\u00eb b\u00ebj\u00eb sa m\u00eb shum\u00eb d\u00ebme\u201d,\u00a0u\u2026","rel":"","context":"In &quot;Blogu i Udh\u00ebtarit&quot;","block_context":{"text":"Blogu i Udh\u00ebtarit","link":"https:\/\/www.shqiperia.com\/blog\/category\/blogu-i-udhetarit\/"},"img":{"alt_text":"","src":"https:\/\/i0.wp.com\/www.shqiperia.com\/blog\/wp-content\/uploads\/2026\/07\/Ilir-Alimehmeti.webp?fit=660%2C330&ssl=1&resize=350%2C200","width":350,"height":200,"srcset":"https:\/\/i0.wp.com\/www.shqiperia.com\/blog\/wp-content\/uploads\/2026\/07\/Ilir-Alimehmeti.webp?fit=660%2C330&ssl=1&resize=350%2C200 1x, https:\/\/i0.wp.com\/www.shqiperia.com\/blog\/wp-content\/uploads\/2026\/07\/Ilir-Alimehmeti.webp?fit=660%2C330&ssl=1&resize=525%2C300 1.5x"},"classes":[]},{"id":100208,"url":"https:\/\/www.shqiperia.com\/blog\/gazetarja-erisa-kryeziu-parku-i-liqenit-po-kafshohet-nga-kullat-jane-marre-mbi-40-hektare-hapesire-publike\/","url_meta":{"origin":105819,"position":3},"title":"Gazetarja Erisa Kryeziu: &#8211; Parku i Liqenit, po \u201ckafshohet\u201d nga kullat. &#8211; Jan\u00eb marr\u00eb mbi 40 hektar\u00eb hap\u00ebsir\u00eb publike.","author":"Kurt Farka","date":"May 13, 2026","format":false,"excerpt":"13 Maji 2026 Gazetarja Erisa Kryeziu, foli p\u00ebr zhvillimin urban t\u00eb Tiran\u00ebs dhe problemet q\u00eb sipas saj po krijohen nga nd\u00ebrtimet masive dhe moszbatimi i planit urbanistik t\u00eb kryeqytetit. Kryeziu u ndal te dokumentari \u201cTirana Vertikale\u201d, i cili trajton m\u00ebnyr\u00ebn se si qyteti po humbet hap\u00ebsirat publike dhe po orientohet\u2026","rel":"","context":"In &quot;Blogu i Udh\u00ebtarit&quot;","block_context":{"text":"Blogu i Udh\u00ebtarit","link":"https:\/\/www.shqiperia.com\/blog\/category\/blogu-i-udhetarit\/"},"img":{"alt_text":"","src":"https:\/\/i0.wp.com\/www.shqiperia.com\/blog\/wp-content\/uploads\/2026\/05\/Erisa-Kryeziu.jpg?fit=984%2C694&ssl=1&resize=350%2C200","width":350,"height":200,"srcset":"https:\/\/i0.wp.com\/www.shqiperia.com\/blog\/wp-content\/uploads\/2026\/05\/Erisa-Kryeziu.jpg?fit=984%2C694&ssl=1&resize=350%2C200 1x, https:\/\/i0.wp.com\/www.shqiperia.com\/blog\/wp-content\/uploads\/2026\/05\/Erisa-Kryeziu.jpg?fit=984%2C694&ssl=1&resize=525%2C300 1.5x, https:\/\/i0.wp.com\/www.shqiperia.com\/blog\/wp-content\/uploads\/2026\/05\/Erisa-Kryeziu.jpg?fit=984%2C694&ssl=1&resize=700%2C400 2x"},"classes":[]},{"id":103861,"url":"https:\/\/www.shqiperia.com\/blog\/ja-si-kasta-e-korruptuar-politike-ne-tirane-eshte-hedhur-ne-sulm-per-te-shpetuar-pasurite-e-tyre-grid-rroji-zbulon\/","url_meta":{"origin":105819,"position":4},"title":"Ja si kasta e korruptuar politike n\u00eb Tiran\u00eb \u00ebsht\u00eb hedhur n\u00eb sulm p\u00ebr t\u00eb shp\u00ebtuar pasurit\u00eb e tyre, Grid Rroji zbulon\u2026","author":"Kurt Farka","date":"August 6, 2026","format":false,"excerpt":"6 Gusht 2026 Grid Rroji zbulon t\u00eb fshehta, nga plani i koordinuar \u201ci peshave t\u00eb r\u00ebnda\u201d socialiste\u00a0 kund\u00ebr Ram\u00ebs, te emrat q\u00eb po b\u00ebjn\u00eb gati n\u00eb prapasken\u00eb p\u00ebr t\u00eb ruajtur pushtetin. Grid Rroji, pedagog i shkencave politike n\u00eb universitetin CUNY-New York n\u00eb Shtetet e Bashkuara t\u00eb Amerik\u00ebs ngre pretendime p\u00ebr\u2026","rel":"","context":"In &quot;Njoftime Shtypi&quot;","block_context":{"text":"Njoftime Shtypi","link":"https:\/\/www.shqiperia.com\/blog\/category\/njoftime-shtypi\/"},"img":{"alt_text":"","src":"https:\/\/i0.wp.com\/www.shqiperia.com\/blog\/wp-content\/uploads\/2026\/08\/foto-3-1-1140x570-1.jpg?fit=1140%2C570&ssl=1&resize=350%2C200","width":350,"height":200,"srcset":"https:\/\/i0.wp.com\/www.shqiperia.com\/blog\/wp-content\/uploads\/2026\/08\/foto-3-1-1140x570-1.jpg?fit=1140%2C570&ssl=1&resize=350%2C200 1x, https:\/\/i0.wp.com\/www.shqiperia.com\/blog\/wp-content\/uploads\/2026\/08\/foto-3-1-1140x570-1.jpg?fit=1140%2C570&ssl=1&resize=525%2C300 1.5x, https:\/\/i0.wp.com\/www.shqiperia.com\/blog\/wp-content\/uploads\/2026\/08\/foto-3-1-1140x570-1.jpg?fit=1140%2C570&ssl=1&resize=700%2C400 2x, https:\/\/i0.wp.com\/www.shqiperia.com\/blog\/wp-content\/uploads\/2026\/08\/foto-3-1-1140x570-1.jpg?fit=1140%2C570&ssl=1&resize=1050%2C600 3x"},"classes":[]},{"id":101893,"url":"https:\/\/www.shqiperia.com\/blog\/spartak-ngjela-paralajmeron-fundin-e-edi-rames-ja-levizja-e-gabuar-qe-do-ta-coje-kryeministrin-para-spak-ut\/","url_meta":{"origin":105819,"position":5},"title":"Spartak Ngjela paralajm\u00ebron fundin e Edi Ram\u00ebs, ja l\u00ebvizja e gabuar q\u00eb do ta \u00e7oj\u00eb kryeministrin para SPAK-ut","author":"Kurt Farka","date":"June 27, 2026","format":false,"excerpt":"28 Qershor 2026 Avokati i njohur, Spartak Ngjela, ka reaguar dje ashp\u00ebr n\u00eb rrjetet sociale, duke l\u00ebshuar paralajm\u00ebrime t\u00eb r\u00ebnda p\u00ebr telashe t\u00eb m\u00ebdha politike dhe juridike ndaj kryeministrit Edi Rama. P\u00ebrmes nj\u00eb analize t\u00eb prer\u00eb, z. Ngjela ka theksuar se Gjiri i Vlor\u00ebs dhe Ishulli i Sazanit p\u00ebrb\u00ebjn\u00eb territore\u2026","rel":"","context":"In &quot;Blogu i Udh\u00ebtarit&quot;","block_context":{"text":"Blogu i Udh\u00ebtarit","link":"https:\/\/www.shqiperia.com\/blog\/category\/blogu-i-udhetarit\/"},"img":{"alt_text":"","src":"https:\/\/i0.wp.com\/www.shqiperia.com\/blog\/wp-content\/uploads\/2026\/06\/ngjela-rama-1-1.jpg?fit=863%2C432&ssl=1&resize=350%2C200","width":350,"height":200,"srcset":"https:\/\/i0.wp.com\/www.shqiperia.com\/blog\/wp-content\/uploads\/2026\/06\/ngjela-rama-1-1.jpg?fit=863%2C432&ssl=1&resize=350%2C200 1x, https:\/\/i0.wp.com\/www.shqiperia.com\/blog\/wp-content\/uploads\/2026\/06\/ngjela-rama-1-1.jpg?fit=863%2C432&ssl=1&resize=525%2C300 1.5x, https:\/\/i0.wp.com\/www.shqiperia.com\/blog\/wp-content\/uploads\/2026\/06\/ngjela-rama-1-1.jpg?fit=863%2C432&ssl=1&resize=700%2C400 2x"},"classes":[]}],"_links":{"self":[{"href":"https:\/\/www.shqiperia.com\/blog\/wp-json\/wp\/v2\/posts\/105819","targetHints":{"allow":["GET"]}}],"collection":[{"href":"https:\/\/www.shqiperia.com\/blog\/wp-json\/wp\/v2\/posts"}],"about":[{"href":"https:\/\/www.shqiperia.com\/blog\/wp-json\/wp\/v2\/types\/post"}],"author":[{"embeddable":true,"href":"https:\/\/www.shqiperia.com\/blog\/wp-json\/wp\/v2\/users\/9"}],"replies":[{"embeddable":true,"href":"https:\/\/www.shqiperia.com\/blog\/wp-json\/wp\/v2\/comments?post=105819"}],"version-history":[{"count":2,"href":"https:\/\/www.shqiperia.com\/blog\/wp-json\/wp\/v2\/posts\/105819\/revisions"}],"predecessor-version":[{"id":105822,"href":"https:\/\/www.shqiperia.com\/blog\/wp-json\/wp\/v2\/posts\/105819\/revisions\/105822"}],"wp:featuredmedia":[{"embeddable":true,"href":"https:\/\/www.shqiperia.com\/blog\/wp-json\/wp\/v2\/media\/105820"}],"wp:attachment":[{"href":"https:\/\/www.shqiperia.com\/blog\/wp-json\/wp\/v2\/media?parent=105819"}],"wp:term":[{"taxonomy":"category","embeddable":true,"href":"https:\/\/www.shqiperia.com\/blog\/wp-json\/wp\/v2\/categories?post=105819"},{"taxonomy":"post_tag","embeddable":true,"href":"https:\/\/www.shqiperia.com\/blog\/wp-json\/wp\/v2\/tags?post=105819"}],"curies":[{"name":"wp","href":"https:\/\/api.w.org\/{rel}","templated":true}]}}