{"id":105814,"date":"2026-09-03T00:49:26","date_gmt":"2026-09-03T00:49:26","guid":{"rendered":"https:\/\/www.shqiperia.com\/blog\/?p=105814"},"modified":"2026-09-03T00:49:42","modified_gmt":"2026-09-03T00:49:42","slug":"kurti-marreveshja-per-sejdiun-mbetet-ne-fuqi-synojme-ti-shmangim-zgjedhjet","status":"publish","type":"post","link":"https:\/\/www.shqiperia.com\/blog\/kurti-marreveshja-per-sejdiun-mbetet-ne-fuqi-synojme-ti-shmangim-zgjedhjet\/","title":{"rendered":"Kurti: Marr\u00ebveshja p\u00ebr Sejdiun mbetet n\u00eb fuqi, synojm\u00eb t\u2019i shmangim zgjedhjet"},"content":{"rendered":"<p><img data-recalc-dims=\"1\" loading=\"lazy\" decoding=\"async\" data-attachment-id=\"105815\" data-permalink=\"https:\/\/www.shqiperia.com\/blog\/kurti-marreveshja-per-sejdiun-mbetet-ne-fuqi-synojme-ti-shmangim-zgjedhjet\/2018-02-flamur-jpg-2\/\" data-orig-file=\"https:\/\/i0.wp.com\/www.shqiperia.com\/blog\/wp-content\/uploads\/2026\/09\/2018-02-flamur-jpg.webp?fit=1600%2C900&amp;ssl=1\" data-orig-size=\"1600,900\" data-comments-opened=\"1\" data-image-meta=\"{&quot;aperture&quot;:&quot;0&quot;,&quot;credit&quot;:&quot;&quot;,&quot;camera&quot;:&quot;&quot;,&quot;caption&quot;:&quot;&quot;,&quot;created_timestamp&quot;:&quot;0&quot;,&quot;copyright&quot;:&quot;&quot;,&quot;focal_length&quot;:&quot;0&quot;,&quot;iso&quot;:&quot;0&quot;,&quot;shutter_speed&quot;:&quot;0&quot;,&quot;title&quot;:&quot;&quot;,&quot;orientation&quot;:&quot;0&quot;}\" data-image-title=\"2018-02-flamur-jpg\" data-image-description=\"\" data-image-caption=\"\" data-medium-file=\"https:\/\/i0.wp.com\/www.shqiperia.com\/blog\/wp-content\/uploads\/2026\/09\/2018-02-flamur-jpg.webp?fit=300%2C169&amp;ssl=1\" data-large-file=\"https:\/\/i0.wp.com\/www.shqiperia.com\/blog\/wp-content\/uploads\/2026\/09\/2018-02-flamur-jpg.webp?fit=1024%2C576&amp;ssl=1\" class=\"alignnone wp-image-105815\" alt=\"\" src=\"https:\/\/i0.wp.com\/www.shqiperia.com\/blog\/wp-content\/uploads\/2026\/09\/2018-02-flamur-jpg.webp?resize=714%2C402&#038;ssl=1\" width=\"714\" height=\"402\" srcset=\"https:\/\/i0.wp.com\/www.shqiperia.com\/blog\/wp-content\/uploads\/2026\/09\/2018-02-flamur-jpg.webp?resize=300%2C169&amp;ssl=1 300w, https:\/\/i0.wp.com\/www.shqiperia.com\/blog\/wp-content\/uploads\/2026\/09\/2018-02-flamur-jpg.webp?resize=1024%2C576&amp;ssl=1 1024w, https:\/\/i0.wp.com\/www.shqiperia.com\/blog\/wp-content\/uploads\/2026\/09\/2018-02-flamur-jpg.webp?resize=768%2C432&amp;ssl=1 768w, https:\/\/i0.wp.com\/www.shqiperia.com\/blog\/wp-content\/uploads\/2026\/09\/2018-02-flamur-jpg.webp?resize=1536%2C864&amp;ssl=1 1536w, https:\/\/i0.wp.com\/www.shqiperia.com\/blog\/wp-content\/uploads\/2026\/09\/2018-02-flamur-jpg.webp?resize=450%2C253&amp;ssl=1 450w, https:\/\/i0.wp.com\/www.shqiperia.com\/blog\/wp-content\/uploads\/2026\/09\/2018-02-flamur-jpg.webp?resize=600%2C338&amp;ssl=1 600w, https:\/\/i0.wp.com\/www.shqiperia.com\/blog\/wp-content\/uploads\/2026\/09\/2018-02-flamur-jpg.webp?resize=1500%2C844&amp;ssl=1 1500w, https:\/\/i0.wp.com\/www.shqiperia.com\/blog\/wp-content\/uploads\/2026\/09\/2018-02-flamur-jpg.webp?resize=1300%2C731&amp;ssl=1 1300w, https:\/\/i0.wp.com\/www.shqiperia.com\/blog\/wp-content\/uploads\/2026\/09\/2018-02-flamur-jpg.webp?resize=400%2C225&amp;ssl=1 400w, https:\/\/i0.wp.com\/www.shqiperia.com\/blog\/wp-content\/uploads\/2026\/09\/2018-02-flamur-jpg.webp?w=1600&amp;ssl=1 1600w\" sizes=\"auto, (max-width: 714px) 100vw, 714px\" \/><\/p>\n<p><span>3 shtator 2026, ora 22:44.<\/span><\/p>\n<p>Kryeministri n\u00eb detyr\u00eb dhe kryetari i L\u00ebvizjes Vet\u00ebvendosje, Albin Kurti, ka deklaruar se marr\u00ebveshja politike e arritur me Lidhjen Demokratike t\u00eb Kosov\u00ebs p\u00ebr zgjedhjen e presidentit vazhdon t\u00eb jet\u00eb n\u00eb qend\u00ebr t\u00eb diskutimeve, nd\u00ebrsa ka b\u00ebr\u00eb t\u00eb ditur se propozimi i LVV-s\u00eb mbetet profesori Bekim Sejdiu.<br \/>\nKurti i b\u00ebri k\u00ebto deklarata pas takimit me p\u00ebrfaq\u00ebsuesit e komuniteteve joshumic\u00eb n\u00eb Kuvend, duke th\u00ebn\u00eb se edhe deputet\u00ebt e pakicave shprehen keqardhje q\u00eb marr\u00ebveshja me LDK-n\u00eb nuk \u00ebsht\u00eb zbatuar.<\/p>\n<p>\u201cKemi pasur diskutime p\u00ebr marr\u00ebveshjen politike q\u00eb kemi arritur me LDK-n\u00eb p\u00ebr emrin e p\u00ebrve\u00e7\u00ebm t\u00eb presidentit, p\u00ebr t\u00eb cilin jemi dakorduar tashm\u00eb, p\u00ebr profesorin Bekim Sejdiu. Ata ndajn\u00eb keqardhje q\u00eb marr\u00ebveshja nuk po mund t\u00eb realizohet sepse gjasht\u00eb deputet\u00eb t\u00eb LDK-s\u00eb nuk e respektojn\u00eb k\u00ebt\u00eb marr\u00ebveshje\u201d, tha Kurti.<\/p>\n<p>Ai tregoi se n\u00eb takim kan\u00eb marr\u00eb pjes\u00eb dhjet\u00eb p\u00ebrfaq\u00ebsues, pes\u00eb prej t\u00eb cil\u00ebve jan\u00eb pjes\u00eb e qeveris\u00eb dhe pes\u00eb t\u00eb tjer\u00eb t\u00eb legjislatur\u00ebs s\u00eb ardhshme.<\/p>\n<p>\u201cIshim dhjet\u00eb veta, pes\u00eb jemi n\u00eb qeveri, pes\u00eb n\u00eb Kuvendin e legjislatur\u00ebs s\u00eb ardhshme. Jan\u00eb dy boshnjak\u00eb, dy turq, dy egjiptian dhe nga nj\u00eb serb, ashkali dhe rom. I fal\u00ebnderova p\u00ebr kontributin q\u00eb japin dhe do t\u00eb vazhdojm\u00eb t\u00eb ecim tutje bashk\u00eb duke u p\u00ebrpjekur q\u00eb t\u2019i evitojm\u00eb zgjedhjet, tash q\u00eb kemi marr\u00ebveshje\u201d, u shpreh ai.<\/p>\n<p>Kurti tha se situata politike \u00ebsht\u00eb b\u00ebr\u00eb m\u00eb e v\u00ebshtir\u00eb, sidomos pas zhvillimeve t\u00eb fundit, por sipas tij ka pasur edhe progres.<\/p>\n<p>\u201cDje pasdite ndodhi nj\u00eb zhvillim negativ, por kemi pasur progres\u201d, deklaroi Kurti, duke shtuar se n\u00eb k\u00ebt\u00eb legjislatur\u00eb ka m\u00eb shum\u00eb vota n\u00eb dispozicion p\u00ebr zgjedhjen e presidentit krahasuar me t\u00eb kaluar\u00ebn.<\/p>\n<p>Kurti b\u00ebri t\u00eb ditur se do t\u00eb zhvilloj\u00eb konsultime me Kryesin\u00eb e L\u00ebvizjes Vet\u00ebvendosje p\u00ebr hapat e m\u00ebtejm\u00eb.<\/p>\n<p>Ai foli edhe p\u00ebr takimin me kryetarin e LDK-s\u00eb, Lumir Abdixhiku, duke treguar se diskutimi \u00ebsht\u00eb fokusuar n\u00eb gjendjen brenda k\u00ebsaj partie dhe n\u00eb mund\u00ebsit\u00eb p\u00ebr t\u00eb gjetur nj\u00eb zgjidhje.<\/p>\n<p>\u201cNga kryetari Abdixhiku jam njoftuar mbi situat\u00ebn q\u00eb ekziston n\u00eb subjektin e tij. Gjithashtu e njoftova edhe un\u00eb p\u00ebr diskutimet me GP t\u00eb LVV. Tash na duhet nj\u00eb mbledhje e re e Kryesis\u00eb p\u00ebr t\u00eb par\u00eb se cilat jan\u00eb mund\u00ebsit\u00eb q\u00eb t\u00eb ecim p\u00ebrpara. Vazhdojm\u00eb t\u00eb jemi optimist\u00eb, ndon\u00ebse situata \u00ebsht\u00eb m\u00eb e v\u00ebshtir\u00eb se m\u00eb par\u00eb\u201d, tha ai.<\/p>\n<p>I pyetur p\u00ebr emrin konkret q\u00eb po propozohet p\u00ebr postin e presidentit, Kurti e p\u00ebrs\u00ebriti se b\u00ebhet fjal\u00eb p\u00ebr profesorin Bekim Sejdiu.<\/p>\n<p>\u201cJemi marr\u00eb vesh, i kemi pasur autorizimet p\u00ebr t\u00eb negociuar. Negociatat kan\u00eb rezultuar, shyqyr, me marr\u00ebveshje, por duket se dikush e ka pasur shum\u00eb m\u00eb shum\u00eb problem q\u00eb kemi arritur marr\u00ebveshje, sesa kur nuk kishim marr\u00ebveshje\u201d, theksoi Kurti.\/RTK Li.<\/p>\n<p>Nga: Gazeta Koha, Prishtin\u00eb<\/p>\n","protected":false},"excerpt":{"rendered":"<p>3 shtator 2026, ora 22:44. Kryeministri n\u00eb detyr\u00eb dhe kryetari i L\u00ebvizjes Vet\u00ebvendosje, Albin Kurti, ka deklaruar se marr\u00ebveshja politike e arritur me Lidhjen Demokratike t\u00eb Kosov\u00ebs p\u00ebr zgjedhjen e presidentit vazhdon t\u00eb jet\u00eb n\u00eb qend\u00ebr t\u00eb diskutimeve, nd\u00ebrsa ka b\u00ebr\u00eb t\u00eb ditur se propozimi i LVV-s\u00eb mbetet profesori Bekim Sejdiu. Kurti i b\u00ebri k\u00ebto [&hellip;]<\/p>\n","protected":false},"author":9,"featured_media":105815,"comment_status":"open","ping_status":"open","sticky":false,"template":"","format":"standard","meta":{"jetpack_post_was_ever_published":false,"_jetpack_newsletter_access":"","_jetpack_dont_email_post_to_subs":false,"_jetpack_newsletter_tier_id":0,"_jetpack_memberships_contains_paywalled_content":false,"_jetpack_memberships_contains_paid_content":false,"footnotes":"","jetpack_publicize_message":"","jetpack_publicize_feature_enabled":true,"jetpack_social_post_already_shared":true,"jetpack_social_options":{"image_generator_settings":{"template":"highway","default_image_id":0,"font":"","enabled":false},"version":2}},"categories":[27,1,2,35],"tags":[],"class_list":["post-105814","post","type-post","status-publish","format-standard","has-post-thumbnail","hentry","category-blogu-i-udhetarit","category-njoftime-shtypi","category-politika","category-shoqerore"],"jetpack_publicize_connections":[],"jetpack_featured_media_url":"https:\/\/i0.wp.com\/www.shqiperia.com\/blog\/wp-content\/uploads\/2026\/09\/2018-02-flamur-jpg.webp?fit=1600%2C900&ssl=1","jetpack_sharing_enabled":true,"jetpack_shortlink":"https:\/\/wp.me\/p5Z6wp-rwG","jetpack-related-posts":[{"id":105819,"url":"https:\/\/www.shqiperia.com\/blog\/kryeziu-6-deputetet-e-ldk-se-se-kane-me-emrin-e-bekim-sejdiut-por-me-kurtin\/","url_meta":{"origin":105814,"position":0},"title":"Kryeziu: &#8211; 6 deputet\u00ebt e LDK-s\u00eb s\u2019e kan\u00eb me emrin e Bekim Sejdiut, por me Kurtin","author":"Kurt Farka","date":"September 3, 2026","format":false,"excerpt":"3 Shtator 2026 Deputetja e L\u00ebvizjes Vet\u00ebvendosje, Arbresh\u00eb Kryeziu-Hyseni, ka th\u00ebn\u00eb se 6 deputet\u00ebt e Lidhjes Demokratike t\u00eb Kosov\u00ebs, q\u00eb jan\u00eb deklaruar kund\u00ebr kandidatur\u00ebs s\u00eb Bekim Sjediut p\u00ebr president, nuk jan\u00eb kund\u00ebr tij, por kund\u00ebr kryeministrit n\u00eb detyr\u00eb Albin Kurti.\u00a0 Ajo ka th\u00ebn\u00eb se p\u00ebr ta nuk \u00ebsht\u00eb problemi emri\u2026","rel":"","context":"In &quot;Blogu i Udh\u00ebtarit&quot;","block_context":{"text":"Blogu i Udh\u00ebtarit","link":"https:\/\/www.shqiperia.com\/blog\/category\/blogu-i-udhetarit\/"},"img":{"alt_text":"","src":"https:\/\/i0.wp.com\/www.shqiperia.com\/blog\/wp-content\/uploads\/2026\/09\/Capture-417.jpg?fit=951%2C579&ssl=1&resize=350%2C200","width":350,"height":200,"srcset":"https:\/\/i0.wp.com\/www.shqiperia.com\/blog\/wp-content\/uploads\/2026\/09\/Capture-417.jpg?fit=951%2C579&ssl=1&resize=350%2C200 1x, https:\/\/i0.wp.com\/www.shqiperia.com\/blog\/wp-content\/uploads\/2026\/09\/Capture-417.jpg?fit=951%2C579&ssl=1&resize=525%2C300 1.5x, https:\/\/i0.wp.com\/www.shqiperia.com\/blog\/wp-content\/uploads\/2026\/09\/Capture-417.jpg?fit=951%2C579&ssl=1&resize=700%2C400 2x"},"classes":[]},{"id":105569,"url":"https:\/\/www.shqiperia.com\/blog\/albin-kurti-dhe-lumir-abdixhiku-arrijne-marreveshjen-ja-emri-i-kandidatit-per-president-te-kosoves\/","url_meta":{"origin":105814,"position":1},"title":"Albin Kurti dhe Lumir Abdixhiku arrijn\u00eb marr\u00ebveshjen, ja emri i kandidatit p\u00ebr President t\u00eb Kosov\u00ebs","author":"Kurt Farka","date":"August 31, 2026","format":false,"excerpt":"31 Gusht 2026 Kryetari i L\u00ebvizjes Vet\u00ebvendosje, Albin Kurti dhe ai i LDK-s\u00eb, Lumir Abdixhiku kan\u00eb arritur marr\u00ebveshjen p\u00ebr presidentin. Ata kane rene dakord qe kandidati p\u00ebr president t\u00eb jet\u00eb\u00a0Bekim Sejdiu. Abdixhiku deklaroi per mediat se\u00a0bisedimet nuk kan\u00eb qen\u00eb t\u00eb lehta, por kan\u00eb qen\u00eb shteruese dhe se pal\u00ebt kan\u00eb qen\u00eb\u2026","rel":"","context":"In &quot;Blogu i Udh\u00ebtarit&quot;","block_context":{"text":"Blogu i Udh\u00ebtarit","link":"https:\/\/www.shqiperia.com\/blog\/category\/blogu-i-udhetarit\/"},"img":{"alt_text":"","src":"https:\/\/i0.wp.com\/www.shqiperia.com\/blog\/wp-content\/uploads\/2026\/08\/1-1.webp?fit=852%2C480&ssl=1&resize=350%2C200","width":350,"height":200,"srcset":"https:\/\/i0.wp.com\/www.shqiperia.com\/blog\/wp-content\/uploads\/2026\/08\/1-1.webp?fit=852%2C480&ssl=1&resize=350%2C200 1x, https:\/\/i0.wp.com\/www.shqiperia.com\/blog\/wp-content\/uploads\/2026\/08\/1-1.webp?fit=852%2C480&ssl=1&resize=525%2C300 1.5x, https:\/\/i0.wp.com\/www.shqiperia.com\/blog\/wp-content\/uploads\/2026\/08\/1-1.webp?fit=852%2C480&ssl=1&resize=700%2C400 2x"},"classes":[]},{"id":103973,"url":"https:\/\/www.shqiperia.com\/blog\/negociatat-e-deshtuara-ne-kosove-ldk-kerkon-presidentin-per-vjosa-osmanin-kurti-i-ofron-vetem-minist\/","url_meta":{"origin":105814,"position":2},"title":"Negociatat e d\u00ebshtuara n\u00eb Kosov\u00eb. LDK k\u00ebrkon Presidentin p\u00ebr Vjosa Osmanin, Kurti i ofron vet\u00ebm minist","author":"Kurt Farka","date":"August 8, 2026","format":false,"excerpt":"8 Gusht 2026 Seanca p\u00ebr konstituimin e Kuvendit t\u00eb Kosov\u00ebs do t\u00eb mbahet s\u00ebrish so n\u00eb or\u00ebn 11:00. Posti i presidentit \u00ebsht\u00eb shkaktari i mosmarr\u00ebveshjes mes L\u00ebvizjes Vet\u00ebvendosje dhe Lidhjes Demokratike t\u00eb Kosov\u00ebs. Edhe takimi i s\u00eb m\u00ebrkur\u00ebs mes Albin Kurtit dhe Lumir Abdixhikut, i mbajtur n\u00eb or\u00ebt e fundit\u2026","rel":"","context":"In &quot;Blogu i Udh\u00ebtarit&quot;","block_context":{"text":"Blogu i Udh\u00ebtarit","link":"https:\/\/www.shqiperia.com\/blog\/category\/blogu-i-udhetarit\/"},"img":{"alt_text":"","src":"https:\/\/i0.wp.com\/www.shqiperia.com\/blog\/wp-content\/uploads\/2026\/08\/554747-800x450-1.webp?fit=800%2C450&ssl=1&resize=350%2C200","width":350,"height":200,"srcset":"https:\/\/i0.wp.com\/www.shqiperia.com\/blog\/wp-content\/uploads\/2026\/08\/554747-800x450-1.webp?fit=800%2C450&ssl=1&resize=350%2C200 1x, https:\/\/i0.wp.com\/www.shqiperia.com\/blog\/wp-content\/uploads\/2026\/08\/554747-800x450-1.webp?fit=800%2C450&ssl=1&resize=525%2C300 1.5x, https:\/\/i0.wp.com\/www.shqiperia.com\/blog\/wp-content\/uploads\/2026\/08\/554747-800x450-1.webp?fit=800%2C450&ssl=1&resize=700%2C400 2x"},"classes":[]},{"id":101704,"url":"https:\/\/www.shqiperia.com\/blog\/me-romantizma-politike-srrezohet-rama-shperthen-ashper-analisti-rruga-e-vetme-per-ta-larguar-dhuna\/","url_meta":{"origin":105814,"position":3},"title":"\u2018Me \u2018romantizma\u2019 politik\u00eb s\u2019rr\u00ebzohet Rama\u2019\/ \u2018Shp\u00ebrthen\u2019 ashp\u00ebr analisti: &#8211; Rruga e vetme p\u00ebr ta larguar, dhuna","author":"Kurt Farka","date":"June 22, 2026","format":false,"excerpt":"P\u00ebr analistin Andi Bushati, k\u00ebrkesat paq\u00ebsore t\u00eb qytetar\u00ebve n\u00eb shesh p\u00ebrfaq\u00ebsojn\u00eb thjesht nj\u00eb \u2018romantiz\u00ebm politik\u2019, i cili nuk gjen zgjidhje p\u00ebrball\u00eb nj\u00eb kryeministri q\u00eb nuk ka nd\u00ebrmend t\u00eb l\u00ebshoj\u00eb pushtetin. I ftuar n\u00eb nje studio televizive Bushati tha se pavar\u00ebsisht se \u00e7do kriz\u00eb rrug\u00ebdalje, t\u00ebrheqha e nj\u00eb lideri dhe reagimi\u2026","rel":"","context":"In &quot;Njoftime Shtypi&quot;","block_context":{"text":"Njoftime Shtypi","link":"https:\/\/www.shqiperia.com\/blog\/category\/njoftime-shtypi\/"},"img":{"alt_text":"","src":"https:\/\/i0.wp.com\/www.shqiperia.com\/blog\/wp-content\/uploads\/2026\/06\/andi-bushati.jpg?fit=1024%2C570&ssl=1&resize=350%2C200","width":350,"height":200,"srcset":"https:\/\/i0.wp.com\/www.shqiperia.com\/blog\/wp-content\/uploads\/2026\/06\/andi-bushati.jpg?fit=1024%2C570&ssl=1&resize=350%2C200 1x, https:\/\/i0.wp.com\/www.shqiperia.com\/blog\/wp-content\/uploads\/2026\/06\/andi-bushati.jpg?fit=1024%2C570&ssl=1&resize=525%2C300 1.5x, https:\/\/i0.wp.com\/www.shqiperia.com\/blog\/wp-content\/uploads\/2026\/06\/andi-bushati.jpg?fit=1024%2C570&ssl=1&resize=700%2C400 2x"},"classes":[]},{"id":101721,"url":"https:\/\/www.shqiperia.com\/blog\/plas-lufta-ne-ps-rama-nxjerr-romina-kukon-per-te-sulmuar-elisa-spiropalin-po-kryen-atentat-ndaj-rruges-se\/","url_meta":{"origin":105814,"position":4},"title":"Plas \u201clufta\u201d n\u00eb PS, Rama nxjerr Romina Kukon p\u00ebr t\u00eb sulmuar Elisa Spiropalin: &#8211; Po kryen \u2018atentat\u2019 ndaj rrug\u00ebs s\u00eb\u2026","author":"Kurt Farka","date":"June 23, 2026","format":false,"excerpt":"23 Qershor 2026 Deputetja e Partis\u00eb Socialiste, Romina Kuko, n\u00eb nj\u00eb analiz\u00eb t\u00eb gjat\u00eb mbi protestat e bulevardit, i ka dh\u00ebn\u00eb nj\u00eb p\u00ebrgjigje shteruese edhe koleges s\u00eb saj socialiste, Elisa Spiropali, ish-ministres s\u00eb Jashtme, e cila n\u00eb m\u00ebrzi pas shkarkimit ka gjetur frym\u00ebzim te flamingot p\u00ebr nj\u00eb marr\u00ebveshje t\u00eb re\u2026","rel":"","context":"In &quot;Blogu i Udh\u00ebtarit&quot;","block_context":{"text":"Blogu i Udh\u00ebtarit","link":"https:\/\/www.shqiperia.com\/blog\/category\/blogu-i-udhetarit\/"},"img":{"alt_text":"","src":"https:\/\/i0.wp.com\/www.shqiperia.com\/blog\/wp-content\/uploads\/2026\/06\/640-0-1776673700xelisa-doganat-756.jpg?fit=640%2C360&ssl=1&resize=350%2C200","width":350,"height":200,"srcset":"https:\/\/i0.wp.com\/www.shqiperia.com\/blog\/wp-content\/uploads\/2026\/06\/640-0-1776673700xelisa-doganat-756.jpg?fit=640%2C360&ssl=1&resize=350%2C200 1x, https:\/\/i0.wp.com\/www.shqiperia.com\/blog\/wp-content\/uploads\/2026\/06\/640-0-1776673700xelisa-doganat-756.jpg?fit=640%2C360&ssl=1&resize=525%2C300 1.5x"},"classes":[]},{"id":69130,"url":"https:\/\/www.shqiperia.com\/blog\/serbia-te-pranoi-pavaresine-e-kosoves-fillojne-ditet-e-veshtira-per-beogradin-shba-be-po-shuajne-cdo-plan-te-vucicit-per-prishtinen\/","url_meta":{"origin":105814,"position":5},"title":"Serbia te pranoi pavar\u00ebsin\u00eb e Kosov\u00ebs. Fillojn\u00eb dit\u00ebt e v\u00ebshtira p\u00ebr Beogradin. &#8211; SHBA-BE po shuajn\u00eb \u00e7do plan t\u00eb Vu\u00e7i\u00e7it p\u00ebr Prishtin\u00ebn","author":"Kurt Farka","date":"March 7, 2023","format":false,"excerpt":"7 Mars 2023 Nga Elmas BOGDANI Presidenti i Serbis\u00eb, Aleksand\u00ebr Vu\u00e7i\u00e7, po gjendet n\u00eb nj\u00eb situat\u00eb shum\u00eb t\u00eb v\u00ebshtir\u00eb, pasi nd\u00ebrkomb\u00ebtar\u00ebt n\u00eb jav\u00ebt n\u00eb vazhdim nuk do ta tolerojn\u00eb politik\u00ebn e tij me dy karrige. P\u00ebrve\u00e7 Per\u00ebndimit, Vu\u00e7i\u00e7 po p\u00ebrballet edhe me nj\u00eb presion t\u00eb fort\u00eb brenda Beogradit. Ish-presidenti i\u2026","rel":"","context":"In &quot;Blogu i Udh\u00ebtarit&quot;","block_context":{"text":"Blogu i Udh\u00ebtarit","link":"https:\/\/www.shqiperia.com\/blog\/category\/blogu-i-udhetarit\/"},"img":{"alt_text":"","src":"https:\/\/i0.wp.com\/www.shqiperia.com\/blog\/wp-content\/uploads\/2023\/03\/800-0-64071742ab77b.png?fit=800%2C425&ssl=1&resize=350%2C200","width":350,"height":200,"srcset":"https:\/\/i0.wp.com\/www.shqiperia.com\/blog\/wp-content\/uploads\/2023\/03\/800-0-64071742ab77b.png?fit=800%2C425&ssl=1&resize=350%2C200 1x, https:\/\/i0.wp.com\/www.shqiperia.com\/blog\/wp-content\/uploads\/2023\/03\/800-0-64071742ab77b.png?fit=800%2C425&ssl=1&resize=525%2C300 1.5x, https:\/\/i0.wp.com\/www.shqiperia.com\/blog\/wp-content\/uploads\/2023\/03\/800-0-64071742ab77b.png?fit=800%2C425&ssl=1&resize=700%2C400 2x"},"classes":[]}],"_links":{"self":[{"href":"https:\/\/www.shqiperia.com\/blog\/wp-json\/wp\/v2\/posts\/105814","targetHints":{"allow":["GET"]}}],"collection":[{"href":"https:\/\/www.shqiperia.com\/blog\/wp-json\/wp\/v2\/posts"}],"about":[{"href":"https:\/\/www.shqiperia.com\/blog\/wp-json\/wp\/v2\/types\/post"}],"author":[{"embeddable":true,"href":"https:\/\/www.shqiperia.com\/blog\/wp-json\/wp\/v2\/users\/9"}],"replies":[{"embeddable":true,"href":"https:\/\/www.shqiperia.com\/blog\/wp-json\/wp\/v2\/comments?post=105814"}],"version-history":[{"count":2,"href":"https:\/\/www.shqiperia.com\/blog\/wp-json\/wp\/v2\/posts\/105814\/revisions"}],"predecessor-version":[{"id":105817,"href":"https:\/\/www.shqiperia.com\/blog\/wp-json\/wp\/v2\/posts\/105814\/revisions\/105817"}],"wp:featuredmedia":[{"embeddable":true,"href":"https:\/\/www.shqiperia.com\/blog\/wp-json\/wp\/v2\/media\/105815"}],"wp:attachment":[{"href":"https:\/\/www.shqiperia.com\/blog\/wp-json\/wp\/v2\/media?parent=105814"}],"wp:term":[{"taxonomy":"category","embeddable":true,"href":"https:\/\/www.shqiperia.com\/blog\/wp-json\/wp\/v2\/categories?post=105814"},{"taxonomy":"post_tag","embeddable":true,"href":"https:\/\/www.shqiperia.com\/blog\/wp-json\/wp\/v2\/tags?post=105814"}],"curies":[{"name":"wp","href":"https:\/\/api.w.org\/{rel}","templated":true}]}}