{"id":105811,"date":"2026-09-03T00:40:44","date_gmt":"2026-09-03T00:40:44","guid":{"rendered":"https:\/\/www.shqiperia.com\/blog\/?p=105811"},"modified":"2026-09-03T01:00:14","modified_gmt":"2026-09-03T01:00:14","slug":"ditmir-bushati-qytetaret-kunder-modelit-grabitqar-zemerimi-ndaj-pushtetit-smund-te-shperfillet-me-protesta-hapi-debatin-se-si-eshte-qeverisur-shqiperia-kerkojne-fu","status":"publish","type":"post","link":"https:\/\/www.shqiperia.com\/blog\/ditmir-bushati-qytetaret-kunder-modelit-grabitqar-zemerimi-ndaj-pushtetit-smund-te-shperfillet-me-protesta-hapi-debatin-se-si-eshte-qeverisur-shqiperia-kerkojne-fu\/","title":{"rendered":"Ditmir Bushati: &#8211; Qytetar\u00ebt kund\u00ebr \u201cmodelit grabitqar\u201d, zem\u00ebrimi ndaj pushtetit s\u2019mund t\u00eb shp\u00ebrfillet m\u00eb! &#8211; Protesta hapi debatin se si \u00ebsht\u00eb qeverisur Shqip\u00ebria! &#8211; K\u00ebrkojn\u00eb fundin e korrupsionit\u2026"},"content":{"rendered":"<p><img data-recalc-dims=\"1\" loading=\"lazy\" decoding=\"async\" data-attachment-id=\"105812\" data-permalink=\"https:\/\/www.shqiperia.com\/blog\/ditmir-bushati-qytetaret-kunder-modelit-grabitqar-zemerimi-ndaj-pushtetit-smund-te-shperfillet-me-protesta-hapi-debatin-se-si-eshte-qeverisur-shqiperia-kerkojne-fu\/img_7476\/\" data-orig-file=\"https:\/\/i0.wp.com\/www.shqiperia.com\/blog\/wp-content\/uploads\/2026\/09\/img_7476.jpg?fit=900%2C481&amp;ssl=1\" data-orig-size=\"900,481\" data-comments-opened=\"1\" data-image-meta=\"{&quot;aperture&quot;:&quot;0&quot;,&quot;credit&quot;:&quot;&quot;,&quot;camera&quot;:&quot;&quot;,&quot;caption&quot;:&quot;&quot;,&quot;created_timestamp&quot;:&quot;0&quot;,&quot;copyright&quot;:&quot;&quot;,&quot;focal_length&quot;:&quot;0&quot;,&quot;iso&quot;:&quot;0&quot;,&quot;shutter_speed&quot;:&quot;0&quot;,&quot;title&quot;:&quot;&quot;,&quot;orientation&quot;:&quot;1&quot;}\" data-image-title=\"img_7476\" data-image-description=\"\" data-image-caption=\"\" data-medium-file=\"https:\/\/i0.wp.com\/www.shqiperia.com\/blog\/wp-content\/uploads\/2026\/09\/img_7476.jpg?fit=300%2C160&amp;ssl=1\" data-large-file=\"https:\/\/i0.wp.com\/www.shqiperia.com\/blog\/wp-content\/uploads\/2026\/09\/img_7476.jpg?fit=900%2C481&amp;ssl=1\" class=\"alignnone wp-image-105812\" alt=\"\" src=\"https:\/\/i0.wp.com\/www.shqiperia.com\/blog\/wp-content\/uploads\/2026\/09\/img_7476.jpg?resize=716%2C382&#038;ssl=1\" width=\"716\" height=\"382\" srcset=\"https:\/\/i0.wp.com\/www.shqiperia.com\/blog\/wp-content\/uploads\/2026\/09\/img_7476.jpg?resize=300%2C160&amp;ssl=1 300w, https:\/\/i0.wp.com\/www.shqiperia.com\/blog\/wp-content\/uploads\/2026\/09\/img_7476.jpg?resize=768%2C410&amp;ssl=1 768w, https:\/\/i0.wp.com\/www.shqiperia.com\/blog\/wp-content\/uploads\/2026\/09\/img_7476.jpg?resize=450%2C241&amp;ssl=1 450w, https:\/\/i0.wp.com\/www.shqiperia.com\/blog\/wp-content\/uploads\/2026\/09\/img_7476.jpg?resize=600%2C321&amp;ssl=1 600w, https:\/\/i0.wp.com\/www.shqiperia.com\/blog\/wp-content\/uploads\/2026\/09\/img_7476.jpg?resize=400%2C214&amp;ssl=1 400w, https:\/\/i0.wp.com\/www.shqiperia.com\/blog\/wp-content\/uploads\/2026\/09\/img_7476.jpg?w=900&amp;ssl=1 900w\" sizes=\"auto, (max-width: 716px) 100vw, 716px\" \/><\/p>\n<p><strong>3 Shtator 2026<\/strong><\/p>\n<p><strong>Nga Ditmir Bushati<\/strong><\/p>\n<p><strong>Sikurse shum\u00eb prej revolucioneve t\u00eb Europ\u00ebs Lindore, protestat n\u00eb Shqip\u00ebri nuk nis\u00ebn me nj\u00eb fjalim politik apo me nj\u00eb plan. Ato nis\u00ebn me nj\u00eb pamje. N\u00eb maj, nj\u00eb protestues paq\u00ebsor n\u00eb fshatin bregdetar jugor t\u00eb Zv\u00ebrnecit u t\u00ebrhoq zvarr\u00eb nga roje private sigurie, nd\u00ebrsa punonj\u00ebsit e policis\u00eb q\u00ebndronin m\u00ebnjan\u00eb, teksa mjetet e nd\u00ebrtimit nisnin pun\u00ebn p\u00ebr nj\u00eb projekt resorti luksoz t\u00eb mb\u00ebshtetur nga vajza dhe dh\u00ebndri i Trump-it, Ivanka dhe Jared Kushner, dhe i p\u00ebrkrahur fuqish\u00ebm nga qeveria shqiptare.<\/strong><\/p>\n<p>Projekti synon ta shnd\u00ebrroj\u00eb nj\u00eb brez bregdetar t\u00eb \u00e7muar dhe t\u00eb ndjesh\u00ebm nga pik\u00ebpamja mjedisore \u2014 nj\u00eb vend folezimi p\u00ebr flamingot \u2014 n\u00eb nj\u00eb k\u00ebnd arg\u00ebtimi p\u00ebr t\u00eb pasurit e bot\u00ebs. \u00c7do pjes\u00eb e tij zgjon indinjat\u00eb n\u00eb nj\u00eb vend ku t\u00eb ardhurat mbeten t\u00eb vogla, nd\u00ebrkoh\u00eb q\u00eb nj\u00eb pakic\u00eb e zgjedhur duket se p\u00ebrparon.<\/p>\n<p>Titujt e pron\u00ebsis\u00eb mbi tok\u00ebn n\u00eb fjal\u00eb jan\u00eb t\u00eb kontestuar. Kjo nuk p\u00ebrb\u00ebn ndonj\u00eb risi n\u00eb Shqip\u00ebri, ku pretendimet rivale shpesh mbivendosen. Pronari i pretenduar akuzohet p\u00ebr falsifikim t\u00eb dokumenteve t\u00eb pron\u00ebsis\u00eb. Ai \u00ebsht\u00eb v\u00ebn\u00eb gjithashtu n\u00ebn hetim nga Prokuroria e Posa\u00e7me kund\u00ebr Korrupsionit dhe Krimit t\u00eb Organizuar p\u00ebr pastrim parash dhe trafik nd\u00ebrkomb\u00ebtar kokaine.<\/p>\n<p>Gardhi n\u00eb plazh. Pamund\u00ebsia p\u00ebr t\u00eb dal\u00eb n\u00eb det. Bandit\u00ebt si simbol i lidhjeve t\u00eb krimit t\u00eb organizuar me politik\u00ebn dhe me oligark\u00ebt. Betoni q\u00eb po gllab\u00ebron vij\u00ebn bregdetare. P\u00ebr shum\u00eb shqiptar\u00eb, ajo sken\u00eb p\u00ebrmblodhi nj\u00eb ndjesi q\u00eb ishte krijuar prej vitesh, e ushqyer mbi t\u00eb gjitha nga nd\u00ebrtimet n\u00eb Tiran\u00eb dhe p\u00ebrgjat\u00eb bregdetit. Asgj\u00eb prej k\u00ebsaj nuk ishte abstrakte. Njer\u00ebzit e jetojn\u00eb at\u00eb \u00e7do dit\u00eb. Atyre nuk u duhej nj\u00eb ideologji p\u00ebr ta kuptuar.<\/p>\n<p>Ajo q\u00eb pasoi ishte nj\u00eb reaksion zinxhir q\u00eb nxori n\u00eb pah sa shum\u00eb pak\u00ebnaq\u00ebsi popullore ishte grumbulluar. P\u00ebr tre muaj me radh\u00eb, edhe pse n\u00eb kushtet e nj\u00eb vale nxehti perv\u00eblues, mij\u00ebra shqiptar\u00eb kan\u00eb dal\u00eb \u00e7do dit\u00eb n\u00eb rrug\u00eb p\u00ebr t\u00eb k\u00ebrkuar m\u00eb shum\u00eb llogaridh\u00ebnie dhe fundin e korrupsionit. Shqiptar\u00ebt q\u00eb jetojn\u00eb jasht\u00eb vendit, t\u00eb cil\u00ebt p\u00ebrb\u00ebjn\u00eb rreth nj\u00eb t\u00eb tret\u00ebn e popullsis\u00eb, kan\u00eb ndihmuar n\u00eb mbajtjen e protest\u00ebs.<\/p>\n<p>Protesta pasqyron nj\u00eb ndjesi q\u00eb \u00ebsht\u00eb nd\u00ebrtuar prej vitesh n\u00eb shum\u00eb shtresa t\u00eb shoq\u00ebris\u00eb: kund\u00ebrshtimin ndaj nj\u00eb modeli grabitqar t\u00eb kapitalizmit, t\u00eb ngritur n\u00eb kurriz t\u00eb brezave t\u00eb shkuar dhe t\u00eb ardhsh\u00ebm \u2014 duke konsumuar kontributin e t\u00eb par\u00ebve dhe duke shkat\u00ebrruar perspektiv\u00ebn e t\u00eb dyt\u00ebve. Par\u00eb n\u00eb k\u00ebt\u00eb m\u00ebnyr\u00eb, projekti i Zv\u00ebrnecit \u00ebsht\u00eb pika e fundit e durimit dhe nj\u00ebkoh\u00ebsisht nj\u00eb lente p\u00ebrmes s\u00eb cil\u00ebs t\u00eb gjith\u00eb shqiptar\u00ebt mund t\u00eb kuptojn\u00eb se si jan\u00eb qeverisur. Furit\u00eb q\u00eb ai ka \u00e7liruar kan\u00eb hapur nj\u00eb debat komb\u00ebtar p\u00ebr t\u00eb ardhmen e vendit: si duhet t\u00eb zhvillohet Shqip\u00ebria, si duhet t\u00eb merren vendimet dhe n\u00ebse qytetar\u00ebt besojn\u00eb se ato vendime merren n\u00eb interesin e tyre.<\/p>\n<p>Ky mund t\u00eb d\u00ebshmohet si nj\u00eb moment vendimtar n\u00eb historin\u00eb e Shqip\u00ebris\u00eb, i krahasuesh\u00ebm me r\u00ebnien e komunizmit dhe t\u00eb shtr\u00ebngimit t\u00eb tij si dar\u00eb mbi politik\u00ebn, kultur\u00ebn dhe jet\u00ebn e p\u00ebrditshme n\u00eb vendin tim. Njer\u00ebzit q\u00eb udh\u00ebheqin k\u00ebto demonstrata t\u00eb p\u00ebrditshme kan\u00eb lindur pas asaj r\u00ebnieje. Ata nuk u rrit\u00ebn me frik\u00ebn apo me reflekset e epok\u00ebs komuniste. Ata jan\u00eb rritur n\u00eb nj\u00eb Shqip\u00ebri t\u00eb hapur: kan\u00eb udh\u00ebtuar, kan\u00eb studiuar dhe kan\u00eb nd\u00ebrtuar jet\u00eb t\u00eb lidhura me Europ\u00ebn dhe me bot\u00ebn e gjer\u00eb. Ata nuk e masin Shqip\u00ebrin\u00eb e sotme me t\u00eb kaluar\u00ebn e saj. E masin me at\u00eb q\u00eb besojn\u00eb se vendi i tyre \u00ebsht\u00eb i aft\u00eb t\u00eb b\u00ebhet.<\/p>\n<p>K\u00ebrkesat e tyre nuk jan\u00eb as radikale, as ideologjike. Shqiptar\u00ebt duan nj\u00eb demokraci funksionale me udh\u00ebheq\u00ebs q\u00eb e shohin veten si sh\u00ebrb\u00ebtor\u00eb t\u00eb popullit. Duan institucione t\u00eb cilave mund t\u2019u besojn\u00eb, vendime transparente, ligje q\u00eb zbatohen nj\u00ebsoj p\u00ebr t\u00eb gjith\u00eb dhe bindjen se pasurit\u00eb publike administrohen n\u00eb dobi t\u00eb shumic\u00ebs e jo t\u00eb nj\u00eb pakice t\u00eb privilegjuar.<\/p>\n<p>Deri tani, qeveria nuk u \u00ebsht\u00eb p\u00ebrgjigjur k\u00ebrkesave t\u00eb protestuesve, dhe as nuk ka arritur ta shuaj at\u00eb. \u00cbsht\u00eb josh\u00ebse ta p\u00ebrshkruash p\u00ebrgjigjen e qeveris\u00eb si t\u00ebrheqje. Po aq josh\u00ebse \u00ebsht\u00eb ta hedh\u00ebsh posht\u00eb si teat\u00ebr. N\u00eb qershor, qeveria i vendosi protestuesit n\u00eb kategorit\u00eb e manipulimit t\u00eb luft\u00ebs hibride, t\u00eb nj\u00eb \u201cproletariati algoritmik\u201d ose t\u00eb armiq\u00ebsis\u00eb s\u00eb thjesht\u00eb. N\u00eb korrik, ajo e p\u00ebrmbysi repertorin e qershorit pa e mohuar plot\u00ebsisht at\u00eb. Pranoi nj\u00eb diagnoz\u00eb t\u00eb pjesshme, t\u00eb shoq\u00ebruar me nj\u00eb kur\u00eb t\u00eb pjesshme. U p\u00ebrpoq, pa sukses, t\u00eb p\u00ebrvet\u00ebsonte fjalorin e protest\u00ebs pa hequr dor\u00eb nga projekti dhe pa rishikuar logjik\u00ebn e zhvillimit q\u00eb prodhoi pak\u00ebnaq\u00ebsin\u00eb.<\/p>\n<p>Po aq e r\u00ebnd\u00ebsishme \u00ebsht\u00eb t\u00eb kuptohet se \u00e7far\u00eb nuk jan\u00eb k\u00ebto protesta.<\/p>\n<p>Pavar\u00ebsisht v\u00ebmendjes ndaj familjes Trump dhe zhvillimit t\u00eb resortit, k\u00ebto demonstrata nuk p\u00ebrb\u00ebjn\u00eb nj\u00eb refuzim t\u00eb investimeve t\u00eb huaja, as t\u00eb nj\u00eb resorti luksoz n\u00eb vetvete. Kjo \u00ebsht\u00eb nj\u00eb revolt\u00eb qytetare pa udh\u00ebheq\u00ebs kund\u00ebr m\u00ebnyr\u00ebs se si funksionon pushteti, dhe nj\u00eb paralajm\u00ebrim se zem\u00ebrimi publik nuk mund t\u00eb shp\u00ebrfillet m\u00eb.<\/p>\n<p>Shqip\u00ebria mbetet, ndoshta, shoq\u00ebria m\u00eb pro-amerikane n\u00eb Europ\u00eb, e form\u00ebsuar nga dekada miq\u00ebsie dhe mir\u00ebnjohjeje ndaj Shteteve t\u00eb Bashkuara, dhe e p\u00ebrkushtuar fort ndaj aleanc\u00ebs euroatlantike. Shqiptar\u00ebt e din\u00eb se investimet e huaja, turizmi dhe sip\u00ebrmarrja private jan\u00eb thelb\u00ebsore p\u00ebr rritjen ekonomike.<\/p>\n<p>Pyetja \u00ebsht\u00eb n\u00ebse zhvillimi mund t\u00eb shoq\u00ebrohet me transparenc\u00eb, llogaridh\u00ebnie dhe besim publik. K\u00ebto parime nuk jan\u00eb pengesa p\u00ebr investimet. N\u00eb afat t\u00eb gjat\u00eb, ato jan\u00eb nd\u00ebr garancit\u00eb m\u00eb t\u00eb forta t\u00eb tyre.<\/p>\n<p>Flamingoja q\u00eb \u00ebsht\u00eb lidhur me k\u00ebto protesta \u00ebsht\u00eb vet\u00ebm nj\u00eb simbol. Vet\u00eb l\u00ebvizja ka t\u00eb b\u00ebj\u00eb me di\u00e7ka shum\u00eb m\u00eb t\u00eb madhe: me bindjen se trash\u00ebgimia natyrore e Shqip\u00ebris\u00eb, institucionet e saj publike dhe e ardhmja e saj meritojn\u00eb administrim t\u00eb kujdessh\u00ebm. \u00cbsht\u00eb hera e par\u00eb q\u00eb shqiptar\u00ebt ndihen se mund ta form\u00ebsojn\u00eb debatin komb\u00ebtar pa pritur q\u00eb partit\u00eb politike t\u00eb marrin drejtimin. P\u00ebrvoja na m\u00ebson se demokracia varet jo vet\u00ebm nga zgjedhjet, por edhe nga qytetaria aktive mes tyre.<\/p>\n<p>Ngjarjet q\u00eb po shpalosen n\u00eb Shqip\u00ebri jan\u00eb m\u00eb shum\u00eb se nj\u00eb \u00e7\u00ebshtje e brendshme dhe meritojn\u00eb t\u00eb lidhen m\u00eb ngusht\u00eb me procesin e integrimit n\u00eb BE. Prej vitesh, diskutimet p\u00ebr rrug\u00ebn e Shqip\u00ebris\u00eb drejt an\u00ebtar\u00ebsimit n\u00eb BE jan\u00eb p\u00ebrqendruar te shqet\u00ebsimet e njohura: shteti i s\u00eb drejt\u00ebs, korrupsioni, kapja oligarkike e shtetit, krimi i organizuar dhe dob\u00ebsia institucionale. Protestuesit shqiptar\u00eb po k\u00ebrkojn\u00eb ndryshim pik\u00ebrisht n\u00eb k\u00ebto fusha. Ata po b\u00ebjn\u00eb at\u00eb q\u00eb b\u00ebjn\u00eb qytetar\u00ebt e p\u00ebrgjegjsh\u00ebm n\u00eb \u00e7do demokraci. Heshtja e BE-s\u00eb, e mbajtur si q\u00ebndrim institucional, duhet t\u2019i l\u00ebr\u00eb vendin nj\u00eb mbik\u00ebqyrjeje t\u00eb rrept\u00eb por t\u00eb drejt\u00eb, q\u00eb mb\u00ebshtet shoq\u00ebrin\u00eb shqiptare n\u00eb p\u00ebrmbushjen e standardeve europiane.<\/p>\n<p>Q\u00eb nga r\u00ebnia e komunizmit n\u00eb vitin 1990, Shqip\u00ebria ka b\u00ebr\u00eb p\u00ebrparim t\u00eb jasht\u00ebzakonsh\u00ebm. Ajo u an\u00ebtar\u00ebsua n\u00eb NATO, forcoi partneritetin me Shtetet e Bashkuara, sh\u00ebrbeu si spiranc\u00eb stabiliteti n\u00eb Europ\u00ebn Juglindore dhe iu afrua vazhdimisht BE-s\u00eb. Faza e ardhshme e suksesit t\u00eb Shqip\u00ebris\u00eb do t\u00eb varet nga di\u00e7ka tjet\u00ebr. Rritja ekonomike duhet t\u00eb shoq\u00ebrohet me institucione q\u00eb g\u00ebzojn\u00eb besimin e publikut dhe me nj\u00eb kultur\u00eb politike q\u00eb e mir\u00ebpret llogaridh\u00ebnien n\u00eb vend q\u00eb t\u2019i frik\u00ebsohet asaj.<\/p>\n<p>Analiz\u00eb e botuar p\u00ebr revist\u00ebn International Politics and Society www.ips-journal.eu<\/p>\n","protected":false},"excerpt":{"rendered":"<p>3 Shtator 2026 Nga Ditmir Bushati Sikurse shum\u00eb prej revolucioneve t\u00eb Europ\u00ebs Lindore, protestat n\u00eb Shqip\u00ebri nuk nis\u00ebn me nj\u00eb fjalim politik apo me nj\u00eb plan. Ato nis\u00ebn me nj\u00eb pamje. N\u00eb maj, nj\u00eb protestues paq\u00ebsor n\u00eb fshatin bregdetar jugor t\u00eb Zv\u00ebrnecit u t\u00ebrhoq zvarr\u00eb nga roje private sigurie, nd\u00ebrsa punonj\u00ebsit e policis\u00eb q\u00ebndronin m\u00ebnjan\u00eb, [&hellip;]<\/p>\n","protected":false},"author":9,"featured_media":105812,"comment_status":"open","ping_status":"open","sticky":false,"template":"","format":"standard","meta":{"jetpack_post_was_ever_published":false,"_jetpack_newsletter_access":"","_jetpack_dont_email_post_to_subs":false,"_jetpack_newsletter_tier_id":0,"_jetpack_memberships_contains_paywalled_content":false,"_jetpack_memberships_contains_paid_content":false,"footnotes":"","jetpack_publicize_message":"","jetpack_publicize_feature_enabled":true,"jetpack_social_post_already_shared":true,"jetpack_social_options":{"image_generator_settings":{"template":"highway","default_image_id":0,"font":"","enabled":false},"version":2}},"categories":[27,10,1,2,35],"tags":[],"class_list":["post-105811","post","type-post","status-publish","format-standard","has-post-thumbnail","hentry","category-blogu-i-udhetarit","category-kultura","category-njoftime-shtypi","category-politika","category-shoqerore"],"jetpack_publicize_connections":[],"jetpack_featured_media_url":"https:\/\/i0.wp.com\/www.shqiperia.com\/blog\/wp-content\/uploads\/2026\/09\/img_7476.jpg?fit=900%2C481&ssl=1","jetpack_sharing_enabled":true,"jetpack_shortlink":"https:\/\/wp.me\/p5Z6wp-rwD","jetpack-related-posts":[{"id":104977,"url":"https:\/\/www.shqiperia.com\/blog\/ditmir-bushati-hapesirat-publike-jane-privatizuar-nga-nje-grusht-njerezish\/","url_meta":{"origin":105811,"position":0},"title":"Ditmir Bushati: &#8211; Hap\u00ebsirat publike jan\u00eb \u201cprivatizuar\u201d nga nj\u00eb grusht njer\u00ebzish!","author":"Kurt Farka","date":"August 22, 2026","format":false,"excerpt":"22 Gusht 2026 Ish-ministri i Jasht\u00ebm, Ditmir Bushati ka komentuar protestat q\u00eb prej 84 dit\u00ebsh k\u00ebrkojn\u00eb dor\u00ebheqjen e Edi Ram\u00ebs, duke i cil\u00ebsuar ato si nd\u00ebr l\u00ebvizjet m\u00eb masive q\u00eb jan\u00eb par\u00eb n\u00eb vend q\u00eb prej r\u00ebnies s\u00eb komunizmit. Bushati argumentoi p\u00ebr TheNewsAgents se pas protestave q\u00ebndron nj\u00eb pak\u00ebnaq\u00ebsi shum\u00eb\u2026","rel":"","context":"In &quot;Blogu i Udh\u00ebtarit&quot;","block_context":{"text":"Blogu i Udh\u00ebtarit","link":"https:\/\/www.shqiperia.com\/blog\/category\/blogu-i-udhetarit\/"},"img":{"alt_text":"","src":"https:\/\/i0.wp.com\/www.shqiperia.com\/blog\/wp-content\/uploads\/2026\/08\/bushati.jpg?fit=799%2C498&ssl=1&resize=350%2C200","width":350,"height":200,"srcset":"https:\/\/i0.wp.com\/www.shqiperia.com\/blog\/wp-content\/uploads\/2026\/08\/bushati.jpg?fit=799%2C498&ssl=1&resize=350%2C200 1x, https:\/\/i0.wp.com\/www.shqiperia.com\/blog\/wp-content\/uploads\/2026\/08\/bushati.jpg?fit=799%2C498&ssl=1&resize=525%2C300 1.5x, https:\/\/i0.wp.com\/www.shqiperia.com\/blog\/wp-content\/uploads\/2026\/08\/bushati.jpg?fit=799%2C498&ssl=1&resize=700%2C400 2x"},"classes":[]},{"id":102553,"url":"https:\/\/www.shqiperia.com\/blog\/ish-ministri-ditmir-bushati-model-i-vjeteruar-dhe-i-deshtuar-qeverises\/","url_meta":{"origin":105811,"position":1},"title":"Ish-ministri Ditmir Bushati:  &#8211; Model i vjet\u00ebruar dhe i d\u00ebshtuar qeveris\u00ebs.","author":"Kurt Farka","date":"July 12, 2026","format":false,"excerpt":"12 Korrok 2026 Ish-ministri i Pun\u00ebve t\u00eb Jashtme, Ditmir Bushati, ka reaguar me nj\u00eb q\u00ebndrim t\u00eb fort\u00eb dhe kritik lidhur me situat\u00ebn e fundit politike dhe sociale n\u00eb vend, duke u ndalur specifikisht te debati i nxeht\u00eb mes protestave disajavore t\u00eb qytetar\u00ebve dhe koncertit t\u00eb shum\u00ebp\u00ebrfolur t\u00eb mb\u00ebshtetur nga qeveria\u2026","rel":"","context":"In &quot;Blogu i Udh\u00ebtarit&quot;","block_context":{"text":"Blogu i Udh\u00ebtarit","link":"https:\/\/www.shqiperia.com\/blog\/category\/blogu-i-udhetarit\/"},"img":{"alt_text":"","src":"https:\/\/i0.wp.com\/www.shqiperia.com\/blog\/wp-content\/uploads\/2026\/07\/Ditmir-Bushatii.jpg?fit=768%2C438&ssl=1&resize=350%2C200","width":350,"height":200,"srcset":"https:\/\/i0.wp.com\/www.shqiperia.com\/blog\/wp-content\/uploads\/2026\/07\/Ditmir-Bushatii.jpg?fit=768%2C438&ssl=1&resize=350%2C200 1x, https:\/\/i0.wp.com\/www.shqiperia.com\/blog\/wp-content\/uploads\/2026\/07\/Ditmir-Bushatii.jpg?fit=768%2C438&ssl=1&resize=525%2C300 1.5x, https:\/\/i0.wp.com\/www.shqiperia.com\/blog\/wp-content\/uploads\/2026\/07\/Ditmir-Bushatii.jpg?fit=768%2C438&ssl=1&resize=700%2C400 2x"},"classes":[]},{"id":102286,"url":"https:\/\/www.shqiperia.com\/blog\/ditmir-bushati-fryma-e-revoltes-nuk-do-te-shuhet\/","url_meta":{"origin":105811,"position":2},"title":"Ditmir Bushati: &#8211; Fryma e revolt\u00ebs nuk do t\u00eb shuhet","author":"Kurt Farka","date":"July 6, 2026","format":false,"excerpt":"6 Korrik 2026 Nga Ditmir Bushati E ARDHMJA \u00cbSHT\u00cb K\u00cbTU Kudo ku kam udh\u00ebtuar gjat\u00eb k\u00ebtyre jav\u00ebve p\u00ebr arsye pune, n\u00eb takime apo telefonata me miq anemban\u00eb bot\u00ebs, jam ndier krenar\u00eb p\u00ebr fjal\u00ebt e mira q\u00eb kam d\u00ebgjuar p\u00ebr Shqip\u00ebrin\u00eb. Pasqyrimi i protestave disa javore nga mediat prestigjioze nd\u00ebrkomb\u00ebtare e\u2026","rel":"","context":"In &quot;Blogu i Udh\u00ebtarit&quot;","block_context":{"text":"Blogu i Udh\u00ebtarit","link":"https:\/\/www.shqiperia.com\/blog\/category\/blogu-i-udhetarit\/"},"img":{"alt_text":"","src":"https:\/\/i0.wp.com\/www.shqiperia.com\/blog\/wp-content\/uploads\/2026\/07\/Capture-71-1.jpg?fit=1195%2C681&ssl=1&resize=350%2C200","width":350,"height":200,"srcset":"https:\/\/i0.wp.com\/www.shqiperia.com\/blog\/wp-content\/uploads\/2026\/07\/Capture-71-1.jpg?fit=1195%2C681&ssl=1&resize=350%2C200 1x, https:\/\/i0.wp.com\/www.shqiperia.com\/blog\/wp-content\/uploads\/2026\/07\/Capture-71-1.jpg?fit=1195%2C681&ssl=1&resize=525%2C300 1.5x, https:\/\/i0.wp.com\/www.shqiperia.com\/blog\/wp-content\/uploads\/2026\/07\/Capture-71-1.jpg?fit=1195%2C681&ssl=1&resize=700%2C400 2x, https:\/\/i0.wp.com\/www.shqiperia.com\/blog\/wp-content\/uploads\/2026\/07\/Capture-71-1.jpg?fit=1195%2C681&ssl=1&resize=1050%2C600 3x"},"classes":[]},{"id":101704,"url":"https:\/\/www.shqiperia.com\/blog\/me-romantizma-politike-srrezohet-rama-shperthen-ashper-analisti-rruga-e-vetme-per-ta-larguar-dhuna\/","url_meta":{"origin":105811,"position":3},"title":"\u2018Me \u2018romantizma\u2019 politik\u00eb s\u2019rr\u00ebzohet Rama\u2019\/ \u2018Shp\u00ebrthen\u2019 ashp\u00ebr analisti: &#8211; Rruga e vetme p\u00ebr ta larguar, dhuna","author":"Kurt Farka","date":"June 22, 2026","format":false,"excerpt":"P\u00ebr analistin Andi Bushati, k\u00ebrkesat paq\u00ebsore t\u00eb qytetar\u00ebve n\u00eb shesh p\u00ebrfaq\u00ebsojn\u00eb thjesht nj\u00eb \u2018romantiz\u00ebm politik\u2019, i cili nuk gjen zgjidhje p\u00ebrball\u00eb nj\u00eb kryeministri q\u00eb nuk ka nd\u00ebrmend t\u00eb l\u00ebshoj\u00eb pushtetin. I ftuar n\u00eb nje studio televizive Bushati tha se pavar\u00ebsisht se \u00e7do kriz\u00eb rrug\u00ebdalje, t\u00ebrheqha e nj\u00eb lideri dhe reagimi\u2026","rel":"","context":"In &quot;Njoftime Shtypi&quot;","block_context":{"text":"Njoftime Shtypi","link":"https:\/\/www.shqiperia.com\/blog\/category\/njoftime-shtypi\/"},"img":{"alt_text":"","src":"https:\/\/i0.wp.com\/www.shqiperia.com\/blog\/wp-content\/uploads\/2026\/06\/andi-bushati.jpg?fit=1024%2C570&ssl=1&resize=350%2C200","width":350,"height":200,"srcset":"https:\/\/i0.wp.com\/www.shqiperia.com\/blog\/wp-content\/uploads\/2026\/06\/andi-bushati.jpg?fit=1024%2C570&ssl=1&resize=350%2C200 1x, https:\/\/i0.wp.com\/www.shqiperia.com\/blog\/wp-content\/uploads\/2026\/06\/andi-bushati.jpg?fit=1024%2C570&ssl=1&resize=525%2C300 1.5x, https:\/\/i0.wp.com\/www.shqiperia.com\/blog\/wp-content\/uploads\/2026\/06\/andi-bushati.jpg?fit=1024%2C570&ssl=1&resize=700%2C400 2x"},"classes":[]},{"id":103688,"url":"https:\/\/www.shqiperia.com\/blog\/skandali-me-automjetet-e-ushtrise-megavjedhja-e-shekullit-si-u-perdor-cifti-yaffet-veliu-nga-edi-rama-per-te\/","url_meta":{"origin":105811,"position":4},"title":"Skandali me automjetet e ushtris\u00eb megavjedhja e shekullit, si u p\u00ebrdor \u00e7ifti Yaffet-Veliu nga Edi Rama p\u00ebr t\u00eb\u2026","author":"Kurt Farka","date":"August 3, 2026","format":false,"excerpt":"3 Gusht 2026 Skandali me automjetet e ushtris\u00eb megavjedhja e shekullit, si u p\u00ebrdor \u00e7ifti Yaffet-Veliu nga Edi Rama p\u00ebr t\u00eb grabitur miliona euro pa tender, del n\u00eb shesh mashtrimi i kryeministrit me mjetet e importuara nga Japonia\u00a0 q\u00eb po i shet si prodhim Made in Albania Afera e mjeteve\u2026","rel":"","context":"In &quot;Blogu i Udh\u00ebtarit&quot;","block_context":{"text":"Blogu i Udh\u00ebtarit","link":"https:\/\/www.shqiperia.com\/blog\/category\/blogu-i-udhetarit\/"},"img":{"alt_text":"","src":"https:\/\/i0.wp.com\/www.shqiperia.com\/blog\/wp-content\/uploads\/2026\/08\/foto-5-681x570-1.png?fit=661%2C416&ssl=1&resize=350%2C200","width":350,"height":200,"srcset":"https:\/\/i0.wp.com\/www.shqiperia.com\/blog\/wp-content\/uploads\/2026\/08\/foto-5-681x570-1.png?fit=661%2C416&ssl=1&resize=350%2C200 1x, https:\/\/i0.wp.com\/www.shqiperia.com\/blog\/wp-content\/uploads\/2026\/08\/foto-5-681x570-1.png?fit=661%2C416&ssl=1&resize=525%2C300 1.5x"},"classes":[]},{"id":101707,"url":"https:\/\/www.shqiperia.com\/blog\/vetmia-e-lartesive-a-po-e-leshon-partia-edin-para-revolucionit-te-flamingove-detajet-e-mbledhjes-ne-pallatin-e-kongreseve\/","url_meta":{"origin":105811,"position":5},"title":"\u200bVetmia e lart\u00ebsive: A po e l\u00ebshon partia Edin para \u201cRevolucionit t\u00eb Flamingove\u201d? Detajet e mbledhjes n\u00eb Pallatin e Kongreseve","author":"Kurt Farka","date":"June 22, 2026","format":false,"excerpt":"... \u201cVet\u00ebm Taulant Balla m\u00eb ka q\u00ebndruar n\u00eb krah duke mbajtur q\u00ebndrime n\u00eb rrjetet sociale,\u201d m\u00ebsohet t\u00eb ket\u00eb th\u00ebn\u00eb kryeministri. Ankesat publike t\u00eb kryeministrit se protestuesit e \u201cRevolucionit t\u00eb Flamingove\u201d nuk e kan\u00eb me korrupsionin dhe arroganc\u00ebn, por kan\u00eb r\u00ebn\u00eb \u201cviktim\u00eb e algoritmeve\u201d, duket se jan\u00eb vet\u00ebm maja e ajsbergut.\u2026","rel":"","context":"In &quot;Blogu i Udh\u00ebtarit&quot;","block_context":{"text":"Blogu i Udh\u00ebtarit","link":"https:\/\/www.shqiperia.com\/blog\/category\/blogu-i-udhetarit\/"},"img":{"alt_text":"","src":"https:\/\/i0.wp.com\/www.shqiperia.com\/blog\/wp-content\/uploads\/2026\/06\/640-0-img-1855-1782078791.jpeg?fit=640%2C360&ssl=1&resize=350%2C200","width":350,"height":200,"srcset":"https:\/\/i0.wp.com\/www.shqiperia.com\/blog\/wp-content\/uploads\/2026\/06\/640-0-img-1855-1782078791.jpeg?fit=640%2C360&ssl=1&resize=350%2C200 1x, https:\/\/i0.wp.com\/www.shqiperia.com\/blog\/wp-content\/uploads\/2026\/06\/640-0-img-1855-1782078791.jpeg?fit=640%2C360&ssl=1&resize=525%2C300 1.5x"},"classes":[]}],"_links":{"self":[{"href":"https:\/\/www.shqiperia.com\/blog\/wp-json\/wp\/v2\/posts\/105811","targetHints":{"allow":["GET"]}}],"collection":[{"href":"https:\/\/www.shqiperia.com\/blog\/wp-json\/wp\/v2\/posts"}],"about":[{"href":"https:\/\/www.shqiperia.com\/blog\/wp-json\/wp\/v2\/types\/post"}],"author":[{"embeddable":true,"href":"https:\/\/www.shqiperia.com\/blog\/wp-json\/wp\/v2\/users\/9"}],"replies":[{"embeddable":true,"href":"https:\/\/www.shqiperia.com\/blog\/wp-json\/wp\/v2\/comments?post=105811"}],"version-history":[{"count":2,"href":"https:\/\/www.shqiperia.com\/blog\/wp-json\/wp\/v2\/posts\/105811\/revisions"}],"predecessor-version":[{"id":105823,"href":"https:\/\/www.shqiperia.com\/blog\/wp-json\/wp\/v2\/posts\/105811\/revisions\/105823"}],"wp:featuredmedia":[{"embeddable":true,"href":"https:\/\/www.shqiperia.com\/blog\/wp-json\/wp\/v2\/media\/105812"}],"wp:attachment":[{"href":"https:\/\/www.shqiperia.com\/blog\/wp-json\/wp\/v2\/media?parent=105811"}],"wp:term":[{"taxonomy":"category","embeddable":true,"href":"https:\/\/www.shqiperia.com\/blog\/wp-json\/wp\/v2\/categories?post=105811"},{"taxonomy":"post_tag","embeddable":true,"href":"https:\/\/www.shqiperia.com\/blog\/wp-json\/wp\/v2\/tags?post=105811"}],"curies":[{"name":"wp","href":"https:\/\/api.w.org\/{rel}","templated":true}]}}