{"id":105806,"date":"2026-09-02T23:30:47","date_gmt":"2026-09-02T23:30:47","guid":{"rendered":"https:\/\/www.shqiperia.com\/blog\/?p=105806"},"modified":"2026-09-03T01:00:58","modified_gmt":"2026-09-03T01:00:58","slug":"del-ne-shitje-monedha-perkujtimore-me-portretin-e-donald-trumpit-per-250-vjetorin-e-vendit","status":"publish","type":"post","link":"https:\/\/www.shqiperia.com\/blog\/del-ne-shitje-monedha-perkujtimore-me-portretin-e-donald-trumpit-per-250-vjetorin-e-vendit\/","title":{"rendered":"Del n\u00eb shitje monedha p\u00ebrkujtimore me portretin e Donald Trumpit p\u00ebr 250-vjetorin e vendit"},"content":{"rendered":"<p data-a11y-orig-inline=\"\" data-a11y-base-fs=\"18\"><img data-recalc-dims=\"1\" loading=\"lazy\" decoding=\"async\" data-attachment-id=\"105808\" data-permalink=\"https:\/\/www.shqiperia.com\/blog\/del-ne-shitje-monedha-perkujtimore-me-portretin-e-donald-trumpit-per-250-vjetorin-e-vendit\/640-0-screenshot-2026-09-02-185724-1788368254\/\" data-orig-file=\"https:\/\/i0.wp.com\/www.shqiperia.com\/blog\/wp-content\/uploads\/2026\/09\/640-0-screenshot-2026-09-02-185724-1788368254.png?fit=640%2C362&amp;ssl=1\" data-orig-size=\"640,362\" data-comments-opened=\"1\" data-image-meta=\"{&quot;aperture&quot;:&quot;0&quot;,&quot;credit&quot;:&quot;&quot;,&quot;camera&quot;:&quot;&quot;,&quot;caption&quot;:&quot;&quot;,&quot;created_timestamp&quot;:&quot;0&quot;,&quot;copyright&quot;:&quot;&quot;,&quot;focal_length&quot;:&quot;0&quot;,&quot;iso&quot;:&quot;0&quot;,&quot;shutter_speed&quot;:&quot;0&quot;,&quot;title&quot;:&quot;&quot;,&quot;orientation&quot;:&quot;0&quot;}\" data-image-title=\"-640-0-screenshot-2026-09-02-185724-1788368254\" data-image-description=\"\" data-image-caption=\"\" data-medium-file=\"https:\/\/i0.wp.com\/www.shqiperia.com\/blog\/wp-content\/uploads\/2026\/09\/640-0-screenshot-2026-09-02-185724-1788368254.png?fit=300%2C170&amp;ssl=1\" data-large-file=\"https:\/\/i0.wp.com\/www.shqiperia.com\/blog\/wp-content\/uploads\/2026\/09\/640-0-screenshot-2026-09-02-185724-1788368254.png?fit=640%2C362&amp;ssl=1\" class=\"alignnone wp-image-105808\" alt=\"\" src=\"https:\/\/i0.wp.com\/www.shqiperia.com\/blog\/wp-content\/uploads\/2026\/09\/640-0-screenshot-2026-09-02-185724-1788368254.png?resize=632%2C358&#038;ssl=1\" width=\"632\" height=\"358\" srcset=\"https:\/\/i0.wp.com\/www.shqiperia.com\/blog\/wp-content\/uploads\/2026\/09\/640-0-screenshot-2026-09-02-185724-1788368254.png?resize=300%2C170&amp;ssl=1 300w, https:\/\/i0.wp.com\/www.shqiperia.com\/blog\/wp-content\/uploads\/2026\/09\/640-0-screenshot-2026-09-02-185724-1788368254.png?resize=450%2C255&amp;ssl=1 450w, https:\/\/i0.wp.com\/www.shqiperia.com\/blog\/wp-content\/uploads\/2026\/09\/640-0-screenshot-2026-09-02-185724-1788368254.png?resize=600%2C339&amp;ssl=1 600w, https:\/\/i0.wp.com\/www.shqiperia.com\/blog\/wp-content\/uploads\/2026\/09\/640-0-screenshot-2026-09-02-185724-1788368254.png?resize=400%2C226&amp;ssl=1 400w, https:\/\/i0.wp.com\/www.shqiperia.com\/blog\/wp-content\/uploads\/2026\/09\/640-0-screenshot-2026-09-02-185724-1788368254.png?w=640&amp;ssl=1 640w\" sizes=\"auto, (max-width: 632px) 100vw, 632px\" \/><\/p>\n<p data-a11y-orig-inline=\"\" data-a11y-base-fs=\"18\">3 Shtator 2026<\/p>\n<p data-a11y-orig-inline=\"\" data-a11y-base-fs=\"18\">Nj\u00eb monedh\u00eb p\u00ebrkujtimore prej nj\u00eb dollari me portretin e Presidentit t\u00eb SHBA-s\u00eb, Donald Trump, ka dal\u00eb n\u00eb shitje n\u00eb kuad\u00ebr t\u00eb p\u00ebrgatitjeve p\u00ebr 250-vjetorin e themelimit t\u00eb Shteteve t\u00eb Bashkuara.<\/p>\n<p data-a11y-orig-inline=\"\" data-a11y-base-fs=\"18\">Sipas AFP-s\u00eb, monedhat mund t\u00eb blihen n\u00eb pako prej 25 ose 100 cop\u00ebsh. Paketat kushtojn\u00eb p\u00ebrkat\u00ebsisht 61 dhe 154 dollar\u00eb.N\u00eb nj\u00ebr\u00ebn an\u00eb t\u00eb monedh\u00ebs \u00ebsht\u00eb paraqitur nj\u00eb shqiponj\u00eb, simboli i Shteteve t\u00eb Bashkuara, nd\u00ebrsa n\u00eb an\u00ebn tjet\u00ebr ndodhet portreti i Trumpit. Imazhi ngjason me portretin e tij zyrtar, i cili \u00ebsht\u00eb frym\u00ebzuar nga nj\u00eb fotografi e b\u00ebr\u00eb nga policia gjat\u00eb hetimeve n\u00eb Gjeorgji p\u00ebr akuzat lidhur me nd\u00ebrhyrjen e dyshuar n\u00eb zgjedhjet presidenciale t\u00eb vitit 2020.<\/p>\n<p data-a11y-orig-inline=\"\" data-a11y-base-fs=\"18\">Monedha u miratua n\u00eb mesin e marsit nga Komisioni i Arteve t\u00eb Bukura, an\u00ebtar\u00ebt e t\u00eb cilit jan\u00eb em\u00ebruar nga Trump.<\/p>\n<p data-a11y-orig-inline=\"\" data-a11y-base-fs=\"18\">\u201cNd\u00ebrsa i afrohemi 250-vjetorit, ne po projektojm\u00eb monedha q\u00eb simbolizojn\u00eb frym\u00ebn e vendit ton\u00eb dhe demokracin\u00eb ton\u00eb\u201d, deklaroi n\u00eb at\u00eb koh\u00eb zyrtari i Thesarit amerikan, Brandon Rich.<\/p>\n<p data-a11y-orig-inline=\"\" data-a11y-base-fs=\"18\">\u201cNuk ka portret m\u00eb ikonik p\u00ebr k\u00ebto monedha sesa ai i Presidentit Donald Trump\u201d, shtoi ai.<\/p>\n<p data-a11y-orig-inline=\"\" data-a11y-base-fs=\"18\">Por vendimi ka shkaktuar edhe debate. N\u00eb fund t\u00eb shkurtit, Komiteti K\u00ebshillimor i Qytetar\u00ebve p\u00ebr Monedhat (CCAC), nj\u00eb tjet\u00ebr organ q\u00eb jep mendime p\u00ebr monedhat e reja, refuzoi t\u00eb shqyrtonte nj\u00eb propozim p\u00ebr prerjen e nj\u00eb monedhe me imazhin e Trumpit.<\/p>\n<p data-a11y-orig-inline=\"\" data-a11y-base-fs=\"18\">Donald Scarinci, nj\u00eb nga an\u00ebtar\u00ebt e CCAC, argumentoi se q\u00eb nga Deklarata e Pavar\u00ebsis\u00eb n\u00eb vitin 1776, Shtetet e Bashkuara nuk kan\u00eb prer\u00eb monedha me imazhin e nj\u00eb udh\u00ebheq\u00ebsi t\u00eb zgjedhur n\u00eb m\u00ebnyr\u00eb demokratike gjat\u00eb koh\u00ebs q\u00eb ai \u00ebsht\u00eb n\u00eb detyr\u00eb.<\/p>\n<p data-a11y-orig-inline=\"\" data-a11y-base-fs=\"18\">\u201cVet\u00ebm kombet e sunduara nga mbret\u00ebr ose diktator\u00eb vendosin imazhin e udh\u00ebheq\u00ebsve t\u00eb tyre n\u00eb monedhat e tyre\u201d, komentoi Scarinci.<\/p>\n<p data-a11y-orig-inline=\"\" data-a11y-base-fs=\"18\">Megjithat\u00eb, monedha me portretin e Trumpit tashm\u00eb \u00ebsht\u00eb hedhur n\u00eb qarkullim si pjes\u00eb e festimeve p\u00ebr 250-vjetorin e Shteteve t\u00eb Bashkuara, duke e kthyer at\u00eb n\u00eb nj\u00eb objekt t\u00eb ve\u00e7ant\u00eb p\u00ebr koleksionist\u00ebt.<\/p>\n","protected":false},"excerpt":{"rendered":"<p>3 Shtator 2026 Nj\u00eb monedh\u00eb p\u00ebrkujtimore prej nj\u00eb dollari me portretin e Presidentit t\u00eb SHBA-s\u00eb, Donald Trump, ka dal\u00eb n\u00eb shitje n\u00eb kuad\u00ebr t\u00eb p\u00ebrgatitjeve p\u00ebr 250-vjetorin e themelimit t\u00eb Shteteve t\u00eb Bashkuara. Sipas AFP-s\u00eb, monedhat mund t\u00eb blihen n\u00eb pako prej 25 ose 100 cop\u00ebsh. Paketat kushtojn\u00eb p\u00ebrkat\u00ebsisht 61 dhe 154 dollar\u00eb.N\u00eb nj\u00ebr\u00ebn an\u00eb [&hellip;]<\/p>\n","protected":false},"author":9,"featured_media":105808,"comment_status":"open","ping_status":"open","sticky":false,"template":"","format":"standard","meta":{"jetpack_post_was_ever_published":false,"_jetpack_newsletter_access":"","_jetpack_dont_email_post_to_subs":false,"_jetpack_newsletter_tier_id":0,"_jetpack_memberships_contains_paywalled_content":false,"_jetpack_memberships_contains_paid_content":false,"footnotes":"","jetpack_publicize_message":"","jetpack_publicize_feature_enabled":true,"jetpack_social_post_already_shared":true,"jetpack_social_options":{"image_generator_settings":{"template":"highway","default_image_id":0,"font":"","enabled":false},"version":2}},"categories":[27,85,10,14],"tags":[],"class_list":["post-105806","post","type-post","status-publish","format-standard","has-post-thumbnail","hentry","category-blogu-i-udhetarit","category-histori","category-kultura","category-press-releases"],"jetpack_publicize_connections":[],"jetpack_featured_media_url":"https:\/\/i0.wp.com\/www.shqiperia.com\/blog\/wp-content\/uploads\/2026\/09\/640-0-screenshot-2026-09-02-185724-1788368254.png?fit=640%2C362&ssl=1","jetpack_sharing_enabled":true,"jetpack_shortlink":"https:\/\/wp.me\/p5Z6wp-rwy","jetpack-related-posts":[{"id":102372,"url":"https:\/\/www.shqiperia.com\/blog\/groenlanda-i-pergjigjet-trump-nuk-eshte-ne-shitje-te-ardhmen-e-vendosim-ne\/","url_meta":{"origin":105806,"position":0},"title":"Groenlanda i p\u00ebrgjigjet Trump: &#8211; Nuk \u00ebsht\u00eb n\u00eb shitje, t\u00eb ardhmen e vendosim ne","author":"Kurt Farka","date":"July 8, 2026","format":false,"excerpt":"8 Korrik 2026 Kryeministri i Groenland\u00ebs, Jens-Frederik Nielsen, ka reaguar ndaj deklaratave t\u00eb fundit t\u00eb Presidentit amerikan Donald Trump, duke ritheksuar se territori autonom nuk \u00ebsht\u00eb n\u00eb shitje dhe se e ardhmja e tij do t\u00eb vendoset vet\u00ebm nga populli i Groenland\u00ebs. P\u00ebrmes nj\u00eb postimi n\u00eb Facebook, Nielsen deklaroi se\u2026","rel":"","context":"In &quot;Njoftime Shtypi&quot;","block_context":{"text":"Njoftime Shtypi","link":"https:\/\/www.shqiperia.com\/blog\/category\/njoftime-shtypi\/"},"img":{"alt_text":"","src":"https:\/\/i0.wp.com\/www.shqiperia.com\/blog\/wp-content\/uploads\/2026\/07\/646-462-759f65d7cfcb68669c89ee672530add3.webp?fit=646%2C462&ssl=1&resize=350%2C200","width":350,"height":200,"srcset":"https:\/\/i0.wp.com\/www.shqiperia.com\/blog\/wp-content\/uploads\/2026\/07\/646-462-759f65d7cfcb68669c89ee672530add3.webp?fit=646%2C462&ssl=1&resize=350%2C200 1x, https:\/\/i0.wp.com\/www.shqiperia.com\/blog\/wp-content\/uploads\/2026\/07\/646-462-759f65d7cfcb68669c89ee672530add3.webp?fit=646%2C462&ssl=1&resize=525%2C300 1.5x"},"classes":[]},{"id":101558,"url":"https:\/\/www.shqiperia.com\/blog\/shba-feston-250-vjetorin-e-pavaresise-vanhorn-miqesia-shqiptaro-amerikane-eshte-me-e-forte-se-kurre\/","url_meta":{"origin":105806,"position":1},"title":"SHBA feston 250-vjetorin e Pavar\u00ebsis\u00eb, VanHorn: &#8211; Miq\u00ebsia shqiptaro-amerikane \u00ebsht\u00eb m\u00eb e fort\u00eb se kurr\u00eb!","author":"Kurt Farka","date":"June 17, 2026","format":false,"excerpt":"\u201cShqiptar\u00ebt e njohin mir\u00eb d\u00ebshir\u00ebn p\u00ebr liri. Udh\u00ebtimi i k\u00ebtij vendi nga shtypja drejt demokracis\u00eb dhe aleanc\u00ebs per\u00ebndimore \u00ebsht\u00eb nj\u00eb histori frym\u00ebzuese, e nd\u00ebrtuar mbi guximin dhe sakrific\u00ebn e qytetar\u00ebve t\u00eb tij\u201d, tha VanHorn. N\u00eb nj\u00eb atmosfer\u00eb festive dhe simbolike, Ambasada e Shteteve t\u00eb Bashkuara n\u00eb Tiran\u00eb organizoi pritjen me\u2026","rel":"","context":"In &quot;Blogu i Udh\u00ebtarit&quot;","block_context":{"text":"Blogu i Udh\u00ebtarit","link":"https:\/\/www.shqiperia.com\/blog\/category\/blogu-i-udhetarit\/"},"img":{"alt_text":"","src":"https:\/\/i0.wp.com\/www.shqiperia.com\/blog\/wp-content\/uploads\/2026\/06\/f3647b9e-3193-4ac9-b6e6-60489d9f355e-770x404-1.jpg?fit=770%2C404&ssl=1&resize=350%2C200","width":350,"height":200,"srcset":"https:\/\/i0.wp.com\/www.shqiperia.com\/blog\/wp-content\/uploads\/2026\/06\/f3647b9e-3193-4ac9-b6e6-60489d9f355e-770x404-1.jpg?fit=770%2C404&ssl=1&resize=350%2C200 1x, https:\/\/i0.wp.com\/www.shqiperia.com\/blog\/wp-content\/uploads\/2026\/06\/f3647b9e-3193-4ac9-b6e6-60489d9f355e-770x404-1.jpg?fit=770%2C404&ssl=1&resize=525%2C300 1.5x, https:\/\/i0.wp.com\/www.shqiperia.com\/blog\/wp-content\/uploads\/2026\/06\/f3647b9e-3193-4ac9-b6e6-60489d9f355e-770x404-1.jpg?fit=770%2C404&ssl=1&resize=700%2C400 2x"},"classes":[]},{"id":104000,"url":"https:\/\/www.shqiperia.com\/blog\/rama-si-putini-lubonja-per-gazeten-franceze-krimi-i-organizuar-eshte-integruar-ne-qeveri-be-mbyll-syte\/","url_meta":{"origin":105806,"position":2},"title":"&#8216;Rama si Putini&#8217;\/ Lubonja p\u00ebr gazet\u00ebn franceze: &#8211; Krimi i organizuar \u00ebsht\u00eb integruar n\u00eb qeveri, BE mbyll syt\u00eb","author":"Kurt Farka","date":"August 8, 2026","format":false,"excerpt":"8 Gusht 2026 \u201cRevolucioni i flamingove\u201d vazhdon n\u00eb Shqip\u00ebri p\u00ebr t\u00eb protestuar kund\u00ebr nj\u00eb projekti imobiliar t\u00eb mb\u00ebshtetur nga Jared Kushner, dh\u00ebndri i Donald Trumpit. Nj\u00eb tjet\u00ebr protest\u00eb \u00ebsht\u00eb parashikuar n\u00eb Tiran\u00eb k\u00ebt\u00eb t\u00eb shtun\u00eb, m\u00eb 8 gusht. Sipas historianit shqiptar Fatos Lubonj\u00ebs, popullsia po shpreh kund\u00ebrshtimin ndaj regjimit kleptokratik\u2026","rel":"","context":"In &quot;Blogu i Udh\u00ebtarit&quot;","block_context":{"text":"Blogu i Udh\u00ebtarit","link":"https:\/\/www.shqiperia.com\/blog\/category\/blogu-i-udhetarit\/"},"img":{"alt_text":"","src":"https:\/\/i0.wp.com\/www.shqiperia.com\/blog\/wp-content\/uploads\/2026\/08\/auto_rama-51786175542.webp?fit=1000%2C600&ssl=1&resize=350%2C200","width":350,"height":200,"srcset":"https:\/\/i0.wp.com\/www.shqiperia.com\/blog\/wp-content\/uploads\/2026\/08\/auto_rama-51786175542.webp?fit=1000%2C600&ssl=1&resize=350%2C200 1x, https:\/\/i0.wp.com\/www.shqiperia.com\/blog\/wp-content\/uploads\/2026\/08\/auto_rama-51786175542.webp?fit=1000%2C600&ssl=1&resize=525%2C300 1.5x, https:\/\/i0.wp.com\/www.shqiperia.com\/blog\/wp-content\/uploads\/2026\/08\/auto_rama-51786175542.webp?fit=1000%2C600&ssl=1&resize=700%2C400 2x"},"classes":[]},{"id":101824,"url":"https:\/\/www.shqiperia.com\/blog\/trump-iu-prish-gjumin-zyrtareve-te-korruptuar-ne-shqiperi-shba-mban-ne-fuqi-dekretin-e-hekurt-per-ballkanin\/","url_meta":{"origin":105806,"position":3},"title":"Trump \u201ciu prish gjumin\u201d zyrtar\u00ebve t\u00eb korruptuar n\u00eb Shqip\u00ebri, SHBA mban n\u00eb fuqi dekretin e \u201chekurt\u201d p\u00ebr Ballkanin\u2026","author":"Kurt Farka","date":"June 25, 2026","format":false,"excerpt":"25 Qershor 2026 Presidenti i Shteteve t\u00eb Bashkuara t\u00eb Amerik\u00ebs, Donald Trump ka rikthyer furtun\u00ebn n\u00eb politik\u00ebn shqiptare, duke ngjallur nj\u00eb val\u00eb ankthi q\u00eb po p\u00ebrhapet me shpejt\u00ebsi n\u00eb t\u00eb gjitha an\u00ebt e sken\u00ebs politike dhe ve\u00e7an\u00ebrisht tek pushtetar\u00ebt e p\u00ebrfshir\u00eb n\u00eb afera korruptive. Me ambasad\u00ebn amerikane n\u00eb Tiran\u00eb q\u00eb\u2026","rel":"","context":"In &quot;Blogu i Udh\u00ebtarit&quot;","block_context":{"text":"Blogu i Udh\u00ebtarit","link":"https:\/\/www.shqiperia.com\/blog\/category\/blogu-i-udhetarit\/"},"img":{"alt_text":"","src":"https:\/\/i0.wp.com\/www.shqiperia.com\/blog\/wp-content\/uploads\/2026\/06\/5uh5-1097x570-1.jpg?fit=1097%2C570&ssl=1&resize=350%2C200","width":350,"height":200,"srcset":"https:\/\/i0.wp.com\/www.shqiperia.com\/blog\/wp-content\/uploads\/2026\/06\/5uh5-1097x570-1.jpg?fit=1097%2C570&ssl=1&resize=350%2C200 1x, https:\/\/i0.wp.com\/www.shqiperia.com\/blog\/wp-content\/uploads\/2026\/06\/5uh5-1097x570-1.jpg?fit=1097%2C570&ssl=1&resize=525%2C300 1.5x, https:\/\/i0.wp.com\/www.shqiperia.com\/blog\/wp-content\/uploads\/2026\/06\/5uh5-1097x570-1.jpg?fit=1097%2C570&ssl=1&resize=700%2C400 2x, https:\/\/i0.wp.com\/www.shqiperia.com\/blog\/wp-content\/uploads\/2026\/06\/5uh5-1097x570-1.jpg?fit=1097%2C570&ssl=1&resize=1050%2C600 3x"},"classes":[]},{"id":105173,"url":"https:\/\/www.shqiperia.com\/blog\/resorti-ne-shqiperi-demokratet-ne-shba-zgjerojne-hetimin-ndaj-dhendrit-te-donald-trump\/","url_meta":{"origin":105806,"position":4},"title":"Resorti n\u00eb Shqip\u00ebri, demokrat\u00ebt n\u00eb SHBA zgjerojn\u00eb hetimin ndaj dh\u00ebndrit t\u00eb Donald Trump","author":"Kurt Farka","date":"August 25, 2026","format":false,"excerpt":"25 Gusht 2026 Nga: Gazeta Dita. Demokrat\u00ebt n\u00eb Komisionin e Drejt\u00ebsis\u00eb t\u00eb Dhom\u00ebs s\u00eb P\u00ebrfaq\u00ebsuesve po zgjerojn\u00eb hetimin e tyre ndaj Jared Kushnerit, dh\u00ebndrit t\u00eb presidentit Donald Trump dhe t\u00eb d\u00ebrguarit t\u00eb tij p\u00ebr paqen n\u00eb Gaza, p\u00ebr t\u00eb shqyrtuar edhe nj\u00eb resort luksoz q\u00eb ai d\u00ebshiron t\u00eb nd\u00ebrtoj\u00eb n\u00eb\u2026","rel":"","context":"In &quot;Blogu i Udh\u00ebtarit&quot;","block_context":{"text":"Blogu i Udh\u00ebtarit","link":"https:\/\/www.shqiperia.com\/blog\/category\/blogu-i-udhetarit\/"},"img":{"alt_text":"","src":"https:\/\/i0.wp.com\/www.shqiperia.com\/blog\/wp-content\/uploads\/2026\/08\/178e908f728d30e531306d14ce608cd5w-c808747650srd_q80.jpg?fit=1200%2C675&ssl=1&resize=350%2C200","width":350,"height":200,"srcset":"https:\/\/i0.wp.com\/www.shqiperia.com\/blog\/wp-content\/uploads\/2026\/08\/178e908f728d30e531306d14ce608cd5w-c808747650srd_q80.jpg?fit=1200%2C675&ssl=1&resize=350%2C200 1x, https:\/\/i0.wp.com\/www.shqiperia.com\/blog\/wp-content\/uploads\/2026\/08\/178e908f728d30e531306d14ce608cd5w-c808747650srd_q80.jpg?fit=1200%2C675&ssl=1&resize=525%2C300 1.5x, https:\/\/i0.wp.com\/www.shqiperia.com\/blog\/wp-content\/uploads\/2026\/08\/178e908f728d30e531306d14ce608cd5w-c808747650srd_q80.jpg?fit=1200%2C675&ssl=1&resize=700%2C400 2x, https:\/\/i0.wp.com\/www.shqiperia.com\/blog\/wp-content\/uploads\/2026\/08\/178e908f728d30e531306d14ce608cd5w-c808747650srd_q80.jpg?fit=1200%2C675&ssl=1&resize=1050%2C600 3x"},"classes":[]},{"id":103870,"url":"https:\/\/www.shqiperia.com\/blog\/nga-dita-e-sotme-shqiperia-ka-ambasador-te-shba-se-eric-p-wendt\/","url_meta":{"origin":105806,"position":5},"title":"Nga dita e sotme Shqiperia ka Ambasador te SHBA-s\u00eb Eric P. Wendt","author":"Kurt Farka","date":"August 6, 2026","format":false,"excerpt":"6 Gusht 2026 Senati i Shteteve t\u00eb Bashkuara ka konfirmuar sot Eric P. Wendt si ambasador t\u00eb ri t\u00eb SHBA-s\u00eb n\u00eb Shqip\u00ebri. Sipas rezultatit zyrtar t\u00eb publikuar nga Senati amerikan, kandidatura e Wendt u miratua. Votimi u zhvillua n\u00eb seanc\u00eb plenare t\u00eb Senatit dhe p\u00ebrb\u00ebn miratimin p\u00ebrfundimtar t\u00eb em\u00ebrimit t\u00eb\u2026","rel":"","context":"In &quot;Blogu i Udh\u00ebtarit&quot;","block_context":{"text":"Blogu i Udh\u00ebtarit","link":"https:\/\/www.shqiperia.com\/blog\/category\/blogu-i-udhetarit\/"},"img":{"alt_text":"","src":"https:\/\/i0.wp.com\/www.shqiperia.com\/blog\/wp-content\/uploads\/2026\/08\/eric-wendt_sd.jpg?fit=1200%2C675&ssl=1&resize=350%2C200","width":350,"height":200,"srcset":"https:\/\/i0.wp.com\/www.shqiperia.com\/blog\/wp-content\/uploads\/2026\/08\/eric-wendt_sd.jpg?fit=1200%2C675&ssl=1&resize=350%2C200 1x, https:\/\/i0.wp.com\/www.shqiperia.com\/blog\/wp-content\/uploads\/2026\/08\/eric-wendt_sd.jpg?fit=1200%2C675&ssl=1&resize=525%2C300 1.5x, https:\/\/i0.wp.com\/www.shqiperia.com\/blog\/wp-content\/uploads\/2026\/08\/eric-wendt_sd.jpg?fit=1200%2C675&ssl=1&resize=700%2C400 2x, https:\/\/i0.wp.com\/www.shqiperia.com\/blog\/wp-content\/uploads\/2026\/08\/eric-wendt_sd.jpg?fit=1200%2C675&ssl=1&resize=1050%2C600 3x"},"classes":[]}],"_links":{"self":[{"href":"https:\/\/www.shqiperia.com\/blog\/wp-json\/wp\/v2\/posts\/105806","targetHints":{"allow":["GET"]}}],"collection":[{"href":"https:\/\/www.shqiperia.com\/blog\/wp-json\/wp\/v2\/posts"}],"about":[{"href":"https:\/\/www.shqiperia.com\/blog\/wp-json\/wp\/v2\/types\/post"}],"author":[{"embeddable":true,"href":"https:\/\/www.shqiperia.com\/blog\/wp-json\/wp\/v2\/users\/9"}],"replies":[{"embeddable":true,"href":"https:\/\/www.shqiperia.com\/blog\/wp-json\/wp\/v2\/comments?post=105806"}],"version-history":[{"count":2,"href":"https:\/\/www.shqiperia.com\/blog\/wp-json\/wp\/v2\/posts\/105806\/revisions"}],"predecessor-version":[{"id":105824,"href":"https:\/\/www.shqiperia.com\/blog\/wp-json\/wp\/v2\/posts\/105806\/revisions\/105824"}],"wp:featuredmedia":[{"embeddable":true,"href":"https:\/\/www.shqiperia.com\/blog\/wp-json\/wp\/v2\/media\/105808"}],"wp:attachment":[{"href":"https:\/\/www.shqiperia.com\/blog\/wp-json\/wp\/v2\/media?parent=105806"}],"wp:term":[{"taxonomy":"category","embeddable":true,"href":"https:\/\/www.shqiperia.com\/blog\/wp-json\/wp\/v2\/categories?post=105806"},{"taxonomy":"post_tag","embeddable":true,"href":"https:\/\/www.shqiperia.com\/blog\/wp-json\/wp\/v2\/tags?post=105806"}],"curies":[{"name":"wp","href":"https:\/\/api.w.org\/{rel}","templated":true}]}}