{"id":105803,"date":"2026-09-02T23:26:29","date_gmt":"2026-09-02T23:26:29","guid":{"rendered":"https:\/\/www.shqiperia.com\/blog\/?p=105803"},"modified":"2026-09-02T23:26:29","modified_gmt":"2026-09-02T23:26:29","slug":"gati-te-zhvendosim-palestinezet-nga-gaza-deklarata-e-forte-presim-vetem-miratimin-e-shba-se","status":"publish","type":"post","link":"https:\/\/www.shqiperia.com\/blog\/gati-te-zhvendosim-palestinezet-nga-gaza-deklarata-e-forte-presim-vetem-miratimin-e-shba-se\/","title":{"rendered":"&#8220;Gati t\u00eb zhvendosim palestinez\u00ebt nga Gaza&#8221;\/ Deklarata e fort\u00eb: &#8211; Presim vet\u00ebm miratimin e SHBA-s\u00eb"},"content":{"rendered":"<p><img data-recalc-dims=\"1\" loading=\"lazy\" decoding=\"async\" data-attachment-id=\"105804\" data-permalink=\"https:\/\/www.shqiperia.com\/blog\/gati-te-zhvendosim-palestinezet-nga-gaza-deklarata-e-forte-presim-vetem-miratimin-e-shba-se\/640-0-0d1bedb529c51d5b7ac9fde3ac3e777e\/\" data-orig-file=\"https:\/\/i0.wp.com\/www.shqiperia.com\/blog\/wp-content\/uploads\/2026\/09\/640-0-0d1bedb529c51d5b7ac9fde3ac3e777e.webp?fit=640%2C359&amp;ssl=1\" data-orig-size=\"640,359\" data-comments-opened=\"1\" data-image-meta=\"{&quot;aperture&quot;:&quot;0&quot;,&quot;credit&quot;:&quot;&quot;,&quot;camera&quot;:&quot;&quot;,&quot;caption&quot;:&quot;&quot;,&quot;created_timestamp&quot;:&quot;0&quot;,&quot;copyright&quot;:&quot;&quot;,&quot;focal_length&quot;:&quot;0&quot;,&quot;iso&quot;:&quot;0&quot;,&quot;shutter_speed&quot;:&quot;0&quot;,&quot;title&quot;:&quot;&quot;,&quot;orientation&quot;:&quot;0&quot;}\" data-image-title=\"-640-0-0d1bedb529c51d5b7ac9fde3ac3e777e\" data-image-description=\"\" data-image-caption=\"\" data-medium-file=\"https:\/\/i0.wp.com\/www.shqiperia.com\/blog\/wp-content\/uploads\/2026\/09\/640-0-0d1bedb529c51d5b7ac9fde3ac3e777e.webp?fit=300%2C168&amp;ssl=1\" data-large-file=\"https:\/\/i0.wp.com\/www.shqiperia.com\/blog\/wp-content\/uploads\/2026\/09\/640-0-0d1bedb529c51d5b7ac9fde3ac3e777e.webp?fit=640%2C359&amp;ssl=1\" class=\"alignnone  wp-image-105804\" alt=\"\" src=\"https:\/\/i0.wp.com\/www.shqiperia.com\/blog\/wp-content\/uploads\/2026\/09\/640-0-0d1bedb529c51d5b7ac9fde3ac3e777e.webp?resize=679%2C380&#038;ssl=1\" width=\"679\" height=\"380\" srcset=\"https:\/\/i0.wp.com\/www.shqiperia.com\/blog\/wp-content\/uploads\/2026\/09\/640-0-0d1bedb529c51d5b7ac9fde3ac3e777e.webp?resize=300%2C168&amp;ssl=1 300w, https:\/\/i0.wp.com\/www.shqiperia.com\/blog\/wp-content\/uploads\/2026\/09\/640-0-0d1bedb529c51d5b7ac9fde3ac3e777e.webp?resize=450%2C252&amp;ssl=1 450w, https:\/\/i0.wp.com\/www.shqiperia.com\/blog\/wp-content\/uploads\/2026\/09\/640-0-0d1bedb529c51d5b7ac9fde3ac3e777e.webp?resize=600%2C337&amp;ssl=1 600w, https:\/\/i0.wp.com\/www.shqiperia.com\/blog\/wp-content\/uploads\/2026\/09\/640-0-0d1bedb529c51d5b7ac9fde3ac3e777e.webp?resize=400%2C224&amp;ssl=1 400w, https:\/\/i0.wp.com\/www.shqiperia.com\/blog\/wp-content\/uploads\/2026\/09\/640-0-0d1bedb529c51d5b7ac9fde3ac3e777e.webp?w=640&amp;ssl=1 640w\" sizes=\"auto, (max-width: 679px) 100vw, 679px\" \/><\/p>\n<p><span>2 Shtator 2026<\/span><\/p>\n<p><span>Nga OraNews<\/span><\/p>\n<p class=\"wp-block-paragraph\" data-a11y-orig-inline=\"\" data-a11y-base-fs=\"18\">Izraeli \u00ebsht\u00eb i gatsh\u00ebm t\u00eb zhvendos\u00eb banor\u00ebt palestinez\u00eb nga Rripi i Gaz\u00ebs, n\u00ebse Shtetet e Bashkuara japin miratimin p\u00ebr nj\u00eb plan t\u00eb till\u00eb. Deklarata \u00ebsht\u00eb b\u00ebr\u00eb nga ministri izraelit i Mbrojtjes, Israel Katz, i cili tha se qeveria \u00ebsht\u00eb p\u00ebrgatitur p\u00ebr transportimin e palestinez\u00ebve \u201cnga deti dhe ajri\u201d.<\/p>\n<p class=\"wp-block-paragraph\" data-a11y-orig-inline=\"\" data-a11y-base-fs=\"18\">Sipas Katz, nj\u00eb zgjidhje p\u00ebr situat\u00ebn n\u00eb Gaza nuk mund t\u00eb arrihet pa largimin e nj\u00eb pjese t\u00eb popullsis\u00eb nga enklava. Ministri izraelit pretendoi gjithashtu se shumica e banor\u00ebve t\u00eb Gaz\u00ebs d\u00ebshirojn\u00eb t\u00eb largohen, por se Hamasi i pengon. Ai nuk paraqiti prova p\u00ebr k\u00ebt\u00eb pretendim.<\/p>\n<p class=\"wp-block-paragraph\" data-a11y-orig-inline=\"\" data-a11y-base-fs=\"18\">Mediat e huaja raportojn\u00eb se, Katz ka th\u00ebn\u00eb se ideja e propozuar m\u00eb her\u00ebt nga presidenti amerikan Donald Trump p\u00ebr zhvendosjen e palestinez\u00ebve nga Gaza nuk \u00ebsht\u00eb braktisur, por \u00ebsht\u00eb vendosur n\u00eb pritje p\u00ebr shkak t\u00eb kund\u00ebrshtimit nga vendet arabe. Sipas tij, plani vazhdon t\u00eb diskutohet.<\/p>\n<p class=\"wp-block-paragraph\" data-a11y-orig-inline=\"\" data-a11y-base-fs=\"18\">Trump kishte propozuar vitin e kaluar zhvendosjen e rreth dy milion\u00eb palestinez\u00ebve nga Gaza drejt vendeve t\u00eb tjera, p\u00ebrfshir\u00eb Egjiptin dhe Jordanin\u00eb. Propozimi u p\u00ebrball me kund\u00ebrshtime t\u00eb forta nd\u00ebrkomb\u00ebtare. Katz theksoi se Izraelit i nevojitet mb\u00ebshtetja e SHBA-s\u00eb p\u00ebr zbatimin e nj\u00eb plani t\u00eb till\u00eb dhe se miratimi amerikan mund t\u00eb lidhet me ecurin\u00eb e negociatave t\u00eb paqes dhe p\u00ebrmbushjen e detyrimeve nga Hamasi.<\/p>\n<p class=\"wp-block-paragraph\" data-a11y-orig-inline=\"\" data-a11y-base-fs=\"18\">Nd\u00ebrkoh\u00eb, ideja e zhvendosjes s\u00eb palestinez\u00ebve nga Gaza ka shkaktuar reagime t\u00eb ashpra, nd\u00ebrsa zhvendosja e detyruar e civil\u00ebve konsiderohet krim lufte sipas s\u00eb drejt\u00ebs nd\u00ebrkomb\u00ebtare. Lufta n\u00eb Gaza ka shkaktuar nj\u00eb kriz\u00eb t\u00eb r\u00ebnd\u00eb humanitare dhe zhvendosje masive t\u00eb popullsis\u00eb. Konflikti nisi pas sulmit t\u00eb Hamasit ndaj Izraelit m\u00eb 7 tetor 2023, nd\u00ebrsa ofensiva izraelite n\u00eb enklav\u00eb ka shkaktuar dhjet\u00ebra mij\u00ebra viktima palestineze.<\/p>\n","protected":false},"excerpt":{"rendered":"<p>2 Shtator 2026 Nga OraNews Izraeli \u00ebsht\u00eb i gatsh\u00ebm t\u00eb zhvendos\u00eb banor\u00ebt palestinez\u00eb nga Rripi i Gaz\u00ebs, n\u00ebse Shtetet e Bashkuara japin miratimin p\u00ebr nj\u00eb plan t\u00eb till\u00eb. Deklarata \u00ebsht\u00eb b\u00ebr\u00eb nga ministri izraelit i Mbrojtjes, Israel Katz, i cili tha se qeveria \u00ebsht\u00eb p\u00ebrgatitur p\u00ebr transportimin e palestinez\u00ebve \u201cnga deti dhe ajri\u201d. Sipas Katz, [&hellip;]<\/p>\n","protected":false},"author":9,"featured_media":105804,"comment_status":"open","ping_status":"open","sticky":false,"template":"","format":"standard","meta":{"jetpack_post_was_ever_published":false,"_jetpack_newsletter_access":"","_jetpack_dont_email_post_to_subs":false,"_jetpack_newsletter_tier_id":0,"_jetpack_memberships_contains_paywalled_content":false,"_jetpack_memberships_contains_paid_content":false,"footnotes":"","jetpack_publicize_message":"","jetpack_publicize_feature_enabled":true,"jetpack_social_post_already_shared":true,"jetpack_social_options":{"image_generator_settings":{"template":"highway","default_image_id":0,"font":"","enabled":false},"version":2}},"categories":[27,1,35],"tags":[],"class_list":["post-105803","post","type-post","status-publish","format-standard","has-post-thumbnail","hentry","category-blogu-i-udhetarit","category-njoftime-shtypi","category-shoqerore"],"jetpack_publicize_connections":[],"jetpack_featured_media_url":"https:\/\/i0.wp.com\/www.shqiperia.com\/blog\/wp-content\/uploads\/2026\/09\/640-0-0d1bedb529c51d5b7ac9fde3ac3e777e.webp?fit=640%2C359&ssl=1","jetpack_sharing_enabled":true,"jetpack_shortlink":"https:\/\/wp.me\/p5Z6wp-rwv","jetpack-related-posts":[{"id":89147,"url":"https:\/\/www.shqiperia.com\/blog\/plani-per-gazen-ministri-izraelit-palestinezet-te-strehohen-ne-spanje-norvegji-dhe-irlande-pas-largimit\/","url_meta":{"origin":105803,"position":0},"title":"Plani p\u00ebr Gaz\u00ebn, ministri izraelit: &#8211; Palestinez\u00ebt t\u00eb strehohen n\u00eb Spanj\u00eb, Norvegji dhe Irland\u00eb pas largimit","author":"Kurt Farka","date":"February 6, 2025","format":false,"excerpt":"6 Shkurt 2025 Ministri izraelit i Mbrojtjes, Israel Katz, ka udh\u00ebzuar Forcat e Mbrojtjes t\u00eb Izraelit (IDF) t\u00eb p\u00ebrgatisin nj\u00eb plan p\u00ebr t\u00eb inkurajuar palestinez\u00ebt t\u00eb largohen nga Gaza, sipas nj\u00eb postimi q\u00eb ai b\u00ebri n\u00eb X t\u00eb enjten. Ministri sugjeroi gjithashtu q\u00eb refugjat\u00ebt duhet t\u00eb pranohen nga vendet evropiane\u2026","rel":"","context":"In &quot;Blogu i Udh\u00ebtarit&quot;","block_context":{"text":"Blogu i Udh\u00ebtarit","link":"https:\/\/www.shqiperia.com\/blog\/category\/blogu-i-udhetarit\/"},"img":{"alt_text":"","src":"https:\/\/i0.wp.com\/www.shqiperia.com\/blog\/wp-content\/uploads\/2025\/02\/Pelestinezet-kthehen-shtepit-ku-kane-lindur.jpg?fit=900%2C506&ssl=1&resize=350%2C200","width":350,"height":200,"srcset":"https:\/\/i0.wp.com\/www.shqiperia.com\/blog\/wp-content\/uploads\/2025\/02\/Pelestinezet-kthehen-shtepit-ku-kane-lindur.jpg?fit=900%2C506&ssl=1&resize=350%2C200 1x, https:\/\/i0.wp.com\/www.shqiperia.com\/blog\/wp-content\/uploads\/2025\/02\/Pelestinezet-kthehen-shtepit-ku-kane-lindur.jpg?fit=900%2C506&ssl=1&resize=525%2C300 1.5x, https:\/\/i0.wp.com\/www.shqiperia.com\/blog\/wp-content\/uploads\/2025\/02\/Pelestinezet-kthehen-shtepit-ku-kane-lindur.jpg?fit=900%2C506&ssl=1&resize=700%2C400 2x"},"classes":[]},{"id":95932,"url":"https:\/\/www.shqiperia.com\/blog\/ministri-izraelit-del-kunder-planit-te-trump-dhe-netanyahut-izraeli-nuk-do-largohet-kurre-nga-gaza\/","url_meta":{"origin":105803,"position":1},"title":"Ministri izraelit del kund\u00ebr planit t\u00eb Trump dhe Netanyahut: &#8211; Izraeli nuk do largohet kurr\u00eb nga Gaza!","author":"Kurt Farka","date":"December 24, 2025","format":false,"excerpt":"24 Dhjetor 2025 Izraeli \u201cnuk do t\u00eb largohet kurr\u00eb nga Gaza\u201d, tha Ministri i Mbrojtjes, Izrael Katz, duke menduar p\u00ebr iden\u00eb e rivendosjes s\u00eb vendbanimeve t\u00eb paligjshme n\u00eb enklav\u00ebn palestineze. V\u00ebrejtjet shkaktuan reagime t\u00eb gjera, duke e b\u00ebr\u00eb Katz t\u00eb t\u00ebrhiqej disi nga pohimi i tij. Ministri e b\u00ebri deklarat\u00ebn\u2026","rel":"","context":"In &quot;Blogu i Udh\u00ebtarit&quot;","block_context":{"text":"Blogu i Udh\u00ebtarit","link":"https:\/\/www.shqiperia.com\/blog\/category\/blogu-i-udhetarit\/"},"img":{"alt_text":"","src":"https:\/\/i0.wp.com\/www.shqiperia.com\/blog\/wp-content\/uploads\/2025\/12\/2025-07-04t084507z-877350946-rc2iffaijr1b-rtrmadp-3-israel-palestinians-gaza-scaled.jpg?fit=1200%2C800&ssl=1&resize=350%2C200","width":350,"height":200,"srcset":"https:\/\/i0.wp.com\/www.shqiperia.com\/blog\/wp-content\/uploads\/2025\/12\/2025-07-04t084507z-877350946-rc2iffaijr1b-rtrmadp-3-israel-palestinians-gaza-scaled.jpg?fit=1200%2C800&ssl=1&resize=350%2C200 1x, https:\/\/i0.wp.com\/www.shqiperia.com\/blog\/wp-content\/uploads\/2025\/12\/2025-07-04t084507z-877350946-rc2iffaijr1b-rtrmadp-3-israel-palestinians-gaza-scaled.jpg?fit=1200%2C800&ssl=1&resize=525%2C300 1.5x, https:\/\/i0.wp.com\/www.shqiperia.com\/blog\/wp-content\/uploads\/2025\/12\/2025-07-04t084507z-877350946-rc2iffaijr1b-rtrmadp-3-israel-palestinians-gaza-scaled.jpg?fit=1200%2C800&ssl=1&resize=700%2C400 2x, https:\/\/i0.wp.com\/www.shqiperia.com\/blog\/wp-content\/uploads\/2025\/12\/2025-07-04t084507z-877350946-rc2iffaijr1b-rtrmadp-3-israel-palestinians-gaza-scaled.jpg?fit=1200%2C800&ssl=1&resize=1050%2C600 3x"},"classes":[]},{"id":93781,"url":"https:\/\/www.shqiperia.com\/blog\/operacioni-i-izraelit-ne-gaza-ne-kulmin-e-tij-ultimatumi-pengjet-duhet-te-dorezohen-tani\/","url_meta":{"origin":105803,"position":2},"title":"Operacioni i Izraelit n\u00eb Gaza n\u00eb kulmin e tij, ultimatumi: Pengjet duhet t\u00eb dor\u00ebzohen tani!","author":"Kurt Farka","date":"September 16, 2025","format":false,"excerpt":"16 Shtator 2025 Operacioni tok\u00ebsor i ushtris\u00eb izraelite n\u00eb Rripin e Gaz\u00ebs \u00ebsht\u00eb n\u00eb kulmin e tij, nd\u00ebrsa forcat ajrore izraelite po bombardojn\u00eb edhe Jemenin, duke p\u00ebrshkall\u00ebzuar agresionin Forcat izraelite po shkat\u00ebrrojn\u00eb at\u00eb q\u00eb ka mbetur n\u00eb Qytetin e Gaz\u00ebs, nd\u00ebrsa palestinez\u00ebt p\u00ebrshkruajn\u00eb bombardimet m\u00eb t\u00eb r\u00ebnda me t\u00eb cilat\u2026","rel":"","context":"In &quot;Blogu i Udh\u00ebtarit&quot;","block_context":{"text":"Blogu i Udh\u00ebtarit","link":"https:\/\/www.shqiperia.com\/blog\/category\/blogu-i-udhetarit\/"},"img":{"alt_text":"","src":"https:\/\/i0.wp.com\/www.shqiperia.com\/blog\/wp-content\/uploads\/2025\/09\/gaza-6.jpg?fit=900%2C502&ssl=1&resize=350%2C200","width":350,"height":200,"srcset":"https:\/\/i0.wp.com\/www.shqiperia.com\/blog\/wp-content\/uploads\/2025\/09\/gaza-6.jpg?fit=900%2C502&ssl=1&resize=350%2C200 1x, https:\/\/i0.wp.com\/www.shqiperia.com\/blog\/wp-content\/uploads\/2025\/09\/gaza-6.jpg?fit=900%2C502&ssl=1&resize=525%2C300 1.5x, https:\/\/i0.wp.com\/www.shqiperia.com\/blog\/wp-content\/uploads\/2025\/09\/gaza-6.jpg?fit=900%2C502&ssl=1&resize=700%2C400 2x"},"classes":[]},{"id":89115,"url":"https:\/\/www.shqiperia.com\/blog\/izraeli-udhezon-ushtrine-te-pergatise-plane-per-largimin-e-palestinezeve-nga-gaza\/","url_meta":{"origin":105803,"position":3},"title":"Izraeli udh\u00ebzon ushtrin\u00eb t\u00eb p\u00ebrgatis\u00eb plane p\u00ebr largimin e palestinez\u00ebve nga Gaza","author":"Kurt Farka","date":"February 6, 2025","format":false,"excerpt":"6 Shkurt 2025 Ministri i Mbrojtjes izraelit tha se ka udh\u00ebzuar ushtrin\u00eb q\u00eb t\u00eb p\u00ebrgatis\u00eb plane q\u00eb nj\u00eb num\u00ebr i madh i palestinez\u00ebve t\u00eb largohen \u201cn\u00eb m\u00ebnyr\u00eb vullnetare\u201d nga Rripi i Gaz\u00ebs, n\u00eb linj\u00eb me propozimin e presidentit amerikan, Donald Trump, p\u00ebr territorin e shkat\u00ebrruar nga lufta. Ministri izraelit i\u2026","rel":"","context":"In &quot;Blogu i Udh\u00ebtarit&quot;","block_context":{"text":"Blogu i Udh\u00ebtarit","link":"https:\/\/www.shqiperia.com\/blog\/category\/blogu-i-udhetarit\/"},"img":{"alt_text":"","src":"https:\/\/i0.wp.com\/www.shqiperia.com\/blog\/wp-content\/uploads\/2025\/02\/640-0-7622f499213430c8df81e7805073d3be.jpg?fit=640%2C360&ssl=1&resize=350%2C200","width":350,"height":200,"srcset":"https:\/\/i0.wp.com\/www.shqiperia.com\/blog\/wp-content\/uploads\/2025\/02\/640-0-7622f499213430c8df81e7805073d3be.jpg?fit=640%2C360&ssl=1&resize=350%2C200 1x, https:\/\/i0.wp.com\/www.shqiperia.com\/blog\/wp-content\/uploads\/2025\/02\/640-0-7622f499213430c8df81e7805073d3be.jpg?fit=640%2C360&ssl=1&resize=525%2C300 1.5x"},"classes":[]},{"id":93350,"url":"https:\/\/www.shqiperia.com\/blog\/izraeli-nis-ofensiven-ne-qytetin-e-gazesnderpriten-ndihmat-humanitare\/","url_meta":{"origin":105803,"position":4},"title":"Izraeli nis ofensiv\u00ebn n\u00eb qytetin e Gaz\u00ebs,nd\u00ebrpriten ndihmat humanitare","author":"Kurt Farka","date":"August 29, 2025","format":false,"excerpt":"29 Gusht 2025 Pas disa jav\u00ebsh p\u00ebrgatitjesh, forcat izraelite po hyjn\u00eb n\u00eb Gaza p\u00ebr t\u00eb pushtuar qytetin. Izraeli e ka shpallur qytetin nj\u00eb \u2018zon\u00eb t\u00eb rrezikshme luftimi\u2019 dhe ka ndaluar nd\u00ebrprerjet p\u00ebr d\u00ebrgesat e ndihm\u00ebs humanitare. \u201cPauza taktike lokale n\u00eb aktivitetin ushtarak nuk do t\u00eb zbatohet n\u00eb zon\u00ebn e Qytetit\u2026","rel":"","context":"In &quot;Blogu i Udh\u00ebtarit&quot;","block_context":{"text":"Blogu i Udh\u00ebtarit","link":"https:\/\/www.shqiperia.com\/blog\/category\/blogu-i-udhetarit\/"},"img":{"alt_text":"","src":"https:\/\/i0.wp.com\/www.shqiperia.com\/blog\/wp-content\/uploads\/2025\/08\/GAZA-5.jpg?fit=1064%2C525&ssl=1&resize=350%2C200","width":350,"height":200,"srcset":"https:\/\/i0.wp.com\/www.shqiperia.com\/blog\/wp-content\/uploads\/2025\/08\/GAZA-5.jpg?fit=1064%2C525&ssl=1&resize=350%2C200 1x, https:\/\/i0.wp.com\/www.shqiperia.com\/blog\/wp-content\/uploads\/2025\/08\/GAZA-5.jpg?fit=1064%2C525&ssl=1&resize=525%2C300 1.5x, https:\/\/i0.wp.com\/www.shqiperia.com\/blog\/wp-content\/uploads\/2025\/08\/GAZA-5.jpg?fit=1064%2C525&ssl=1&resize=700%2C400 2x, https:\/\/i0.wp.com\/www.shqiperia.com\/blog\/wp-content\/uploads\/2025\/08\/GAZA-5.jpg?fit=1064%2C525&ssl=1&resize=1050%2C600 3x"},"classes":[]},{"id":88550,"url":"https:\/\/www.shqiperia.com\/blog\/do-te-rrezoj-qeverine-nese-izraeli-nuk-pushton-gazen-armepushimi-me-hamasin-nuk-pritet-mire-ministri-izraelit-shperthen\/","url_meta":{"origin":105803,"position":5},"title":"&#8220;Do t\u00eb rr\u00ebzoj qeverin\u00eb n\u00ebse Izraeli nuk pushton Gaz\u00ebn&#8221;! &#8211; Arm\u00ebpushimi me Hamasin nuk pritet mir\u00eb, ministri izraelit shp\u00ebrthen","author":"Kurt Farka","date":"January 19, 2025","format":false,"excerpt":"18 Janar 2025 Ministri izraelit i financave t\u00eb ekstremit t\u00eb djatht\u00eb, Bezalel Smotrich, i cili \u00ebsht\u00eb kreu i Partis\u00eb Sioniste Fetare, thuhet se i ka b\u00ebr\u00eb thirrje Izraelit t\u00eb pushtoj\u00eb Rripin e Gaz\u00ebs dhe t\u00eb vendos\u00eb nj\u00eb qeveri ushtarake, duke k\u00ebrc\u00ebnuar se do t\u00eb rr\u00ebzoj\u00eb qeverin\u00eb n\u00ebse kjo nuk ndodh.\u2026","rel":"","context":"In &quot;Blogu i Udh\u00ebtarit&quot;","block_context":{"text":"Blogu i Udh\u00ebtarit","link":"https:\/\/www.shqiperia.com\/blog\/category\/blogu-i-udhetarit\/"},"img":{"alt_text":"","src":"https:\/\/i0.wp.com\/www.shqiperia.com\/blog\/wp-content\/uploads\/2025\/01\/ap24158087329777-1-1536x1024-1.jpg?fit=1200%2C796&ssl=1&resize=350%2C200","width":350,"height":200,"srcset":"https:\/\/i0.wp.com\/www.shqiperia.com\/blog\/wp-content\/uploads\/2025\/01\/ap24158087329777-1-1536x1024-1.jpg?fit=1200%2C796&ssl=1&resize=350%2C200 1x, https:\/\/i0.wp.com\/www.shqiperia.com\/blog\/wp-content\/uploads\/2025\/01\/ap24158087329777-1-1536x1024-1.jpg?fit=1200%2C796&ssl=1&resize=525%2C300 1.5x, https:\/\/i0.wp.com\/www.shqiperia.com\/blog\/wp-content\/uploads\/2025\/01\/ap24158087329777-1-1536x1024-1.jpg?fit=1200%2C796&ssl=1&resize=700%2C400 2x, https:\/\/i0.wp.com\/www.shqiperia.com\/blog\/wp-content\/uploads\/2025\/01\/ap24158087329777-1-1536x1024-1.jpg?fit=1200%2C796&ssl=1&resize=1050%2C600 3x"},"classes":[]}],"_links":{"self":[{"href":"https:\/\/www.shqiperia.com\/blog\/wp-json\/wp\/v2\/posts\/105803","targetHints":{"allow":["GET"]}}],"collection":[{"href":"https:\/\/www.shqiperia.com\/blog\/wp-json\/wp\/v2\/posts"}],"about":[{"href":"https:\/\/www.shqiperia.com\/blog\/wp-json\/wp\/v2\/types\/post"}],"author":[{"embeddable":true,"href":"https:\/\/www.shqiperia.com\/blog\/wp-json\/wp\/v2\/users\/9"}],"replies":[{"embeddable":true,"href":"https:\/\/www.shqiperia.com\/blog\/wp-json\/wp\/v2\/comments?post=105803"}],"version-history":[{"count":1,"href":"https:\/\/www.shqiperia.com\/blog\/wp-json\/wp\/v2\/posts\/105803\/revisions"}],"predecessor-version":[{"id":105805,"href":"https:\/\/www.shqiperia.com\/blog\/wp-json\/wp\/v2\/posts\/105803\/revisions\/105805"}],"wp:featuredmedia":[{"embeddable":true,"href":"https:\/\/www.shqiperia.com\/blog\/wp-json\/wp\/v2\/media\/105804"}],"wp:attachment":[{"href":"https:\/\/www.shqiperia.com\/blog\/wp-json\/wp\/v2\/media?parent=105803"}],"wp:term":[{"taxonomy":"category","embeddable":true,"href":"https:\/\/www.shqiperia.com\/blog\/wp-json\/wp\/v2\/categories?post=105803"},{"taxonomy":"post_tag","embeddable":true,"href":"https:\/\/www.shqiperia.com\/blog\/wp-json\/wp\/v2\/tags?post=105803"}],"curies":[{"name":"wp","href":"https:\/\/api.w.org\/{rel}","templated":true}]}}