{"id":105800,"date":"2026-09-02T23:14:23","date_gmt":"2026-09-02T23:14:23","guid":{"rendered":"https:\/\/www.shqiperia.com\/blog\/?p=105800"},"modified":"2026-09-02T23:14:23","modified_gmt":"2026-09-02T23:14:23","slug":"nderroi-jete-prof-muharrem-dezhgiu","status":"publish","type":"post","link":"https:\/\/www.shqiperia.com\/blog\/nderroi-jete-prof-muharrem-dezhgiu\/","title":{"rendered":"Nd\u00ebrroi jet\u00eb Prof. Muharrem Dezhgiu"},"content":{"rendered":"<div id=\"attachment_105801\" style=\"width: 693px\" class=\"wp-caption alignnone\"><img data-recalc-dims=\"1\" loading=\"lazy\" decoding=\"async\" aria-describedby=\"caption-attachment-105801\" data-attachment-id=\"105801\" data-permalink=\"https:\/\/www.shqiperia.com\/blog\/nderroi-jete-prof-muharrem-dezhgiu\/muharrem-dezhgiu\/\" data-orig-file=\"https:\/\/i0.wp.com\/www.shqiperia.com\/blog\/wp-content\/uploads\/2026\/09\/Muharrem-Dezhgiu.jpg?fit=780%2C440&amp;ssl=1\" data-orig-size=\"780,440\" data-comments-opened=\"1\" data-image-meta=\"{&quot;aperture&quot;:&quot;0&quot;,&quot;credit&quot;:&quot;&quot;,&quot;camera&quot;:&quot;&quot;,&quot;caption&quot;:&quot;&quot;,&quot;created_timestamp&quot;:&quot;0&quot;,&quot;copyright&quot;:&quot;&quot;,&quot;focal_length&quot;:&quot;0&quot;,&quot;iso&quot;:&quot;0&quot;,&quot;shutter_speed&quot;:&quot;0&quot;,&quot;title&quot;:&quot;&quot;,&quot;orientation&quot;:&quot;0&quot;}\" data-image-title=\"Muharrem Dezhgiu\" data-image-description=\"\" data-image-caption=\"&lt;p&gt;Muharrem Dezhgiu&lt;\/p&gt;\n\" data-medium-file=\"https:\/\/i0.wp.com\/www.shqiperia.com\/blog\/wp-content\/uploads\/2026\/09\/Muharrem-Dezhgiu.jpg?fit=300%2C169&amp;ssl=1\" data-large-file=\"https:\/\/i0.wp.com\/www.shqiperia.com\/blog\/wp-content\/uploads\/2026\/09\/Muharrem-Dezhgiu.jpg?fit=780%2C440&amp;ssl=1\" class=\" wp-image-105801\" alt=\"\" src=\"https:\/\/i0.wp.com\/www.shqiperia.com\/blog\/wp-content\/uploads\/2026\/09\/Muharrem-Dezhgiu.jpg?resize=683%2C385&#038;ssl=1\" width=\"683\" height=\"385\" srcset=\"https:\/\/i0.wp.com\/www.shqiperia.com\/blog\/wp-content\/uploads\/2026\/09\/Muharrem-Dezhgiu.jpg?resize=300%2C169&amp;ssl=1 300w, https:\/\/i0.wp.com\/www.shqiperia.com\/blog\/wp-content\/uploads\/2026\/09\/Muharrem-Dezhgiu.jpg?resize=768%2C433&amp;ssl=1 768w, https:\/\/i0.wp.com\/www.shqiperia.com\/blog\/wp-content\/uploads\/2026\/09\/Muharrem-Dezhgiu.jpg?resize=450%2C254&amp;ssl=1 450w, https:\/\/i0.wp.com\/www.shqiperia.com\/blog\/wp-content\/uploads\/2026\/09\/Muharrem-Dezhgiu.jpg?resize=600%2C338&amp;ssl=1 600w, https:\/\/i0.wp.com\/www.shqiperia.com\/blog\/wp-content\/uploads\/2026\/09\/Muharrem-Dezhgiu.jpg?resize=400%2C226&amp;ssl=1 400w, https:\/\/i0.wp.com\/www.shqiperia.com\/blog\/wp-content\/uploads\/2026\/09\/Muharrem-Dezhgiu.jpg?w=780&amp;ssl=1 780w\" sizes=\"auto, (max-width: 683px) 100vw, 683px\" \/><p id=\"caption-attachment-105801\" class=\"wp-caption-text\">Muharrem Dezhgiu<\/p><\/div>\n<p><span>2 Shtator 2026<\/span><\/p>\n<p><span>Sapo e mora vesh se qenka nda nga jeta i nderuari Prof. Muharrem Dezhgiu, bir i Gurit t\u00eb Bardh\u00eb, t\u00eb Pjet\u00ebr Budit. Pas ikjes n\u00eb amshim t\u00eb Rakip Laskut, poetit, historianit, njeriut q\u00eb mbeti n\u00eb fjal\u00ebn mjesht\u00ebrore, pas ikjes s\u00eb Abdi Balet\u00ebs, diplomatit, politikanit, publicistit, e mbi t\u00eb gjitha orator i pashoq, shuhet edhe i treti bir i nderuar i Gurit t\u00eb Bardh\u00eb. <\/span><\/p>\n<p><span>T\u00eb gjith\u00eb e ndjejm\u00eb humbjen e thelle, por pesha ndjehet aty ku lind\u00ebn, ashtu sic edhe ndjehen krenar per bijte e tyre, t\u00eb mir\u00eb dhe t\u00eb spikatur n\u00eb fusha t\u00eb caktuara. I kam njohur q\u00eb t\u00eb tre, dhe kam patur miq\u00ebsi t\u00eb mir\u00eb, te sinqerte. <\/span><\/p>\n<p><span>Me prof. Muharrem Dezhgiu, kam patur njohje te aferte qysh n\u00eb vitin 1995. Njeri i mir\u00eb dhe buzagas, nuk kishte shans t\u00eb keqkuptohesh me t\u00eb. Historian shembullor, p\u00ebr nj\u00eb periudh\u00eb t\u00eb nd\u00ebrlikuar si koha e Luft\u00ebs s\u00eb Dyt\u00eb Bot\u00ebrore, megjithat\u00eb me kurajo dhe p\u00ebrgjegj\u00ebsi shkencore nuk ngurroj t\u00eb jap q\u00ebndrimin, n\u00eb lumtesa dhe libra shkencore. <\/span><\/p>\n<p><span>Kam patur fatin t\u00eb kemi rastisur bashk\u00eb n\u00eb konferenca p\u00ebr Gjergj Kastriot Sk\u00ebnderbeun, p\u00ebr Pjet\u00ebr Budin, p\u00ebr Gurin e Bardh\u00eb, ku kam prekur nga af\u00ebr dijen dhe konsekuenc\u00ebn e profit. Fati i shkenc\u00ebtarit, q\u00eb mund ta kesh pran\u00eb kur kthehesh t\u00eb lexosh pun\u00ebt e shumta shkencore. <\/span><\/p>\n<p><span>Paqe prof! N\u00eb mendjen time, mbetesh njeriu model, shkenc\u00ebtari q\u00eb la gjurm\u00eb me vlera.<\/span><\/p>\n<p>Njoftim nga Behar Gjoka<\/p>\n","protected":false},"excerpt":{"rendered":"<p>2 Shtator 2026 Sapo e mora vesh se qenka nda nga jeta i nderuari Prof. Muharrem Dezhgiu, bir i Gurit t\u00eb Bardh\u00eb, t\u00eb Pjet\u00ebr Budit. Pas ikjes n\u00eb amshim t\u00eb Rakip Laskut, poetit, historianit, njeriut q\u00eb mbeti n\u00eb fjal\u00ebn mjesht\u00ebrore, pas ikjes s\u00eb Abdi Balet\u00ebs, diplomatit, politikanit, publicistit, e mbi t\u00eb gjitha orator i pashoq, [&hellip;]<\/p>\n","protected":false},"author":9,"featured_media":105801,"comment_status":"open","ping_status":"open","sticky":false,"template":"","format":"standard","meta":{"jetpack_post_was_ever_published":false,"_jetpack_newsletter_access":"","_jetpack_dont_email_post_to_subs":false,"_jetpack_newsletter_tier_id":0,"_jetpack_memberships_contains_paywalled_content":false,"_jetpack_memberships_contains_paid_content":false,"footnotes":"","jetpack_publicize_message":"","jetpack_publicize_feature_enabled":true,"jetpack_social_post_already_shared":true,"jetpack_social_options":{"image_generator_settings":{"template":"highway","default_image_id":0,"font":"","enabled":false},"version":2}},"categories":[27,10,1,35],"tags":[],"class_list":["post-105800","post","type-post","status-publish","format-standard","has-post-thumbnail","hentry","category-blogu-i-udhetarit","category-kultura","category-njoftime-shtypi","category-shoqerore"],"jetpack_publicize_connections":[],"jetpack_featured_media_url":"https:\/\/i0.wp.com\/www.shqiperia.com\/blog\/wp-content\/uploads\/2026\/09\/Muharrem-Dezhgiu.jpg?fit=780%2C440&ssl=1","jetpack_sharing_enabled":true,"jetpack_shortlink":"https:\/\/wp.me\/p5Z6wp-rws","jetpack-related-posts":[{"id":101351,"url":"https:\/\/www.shqiperia.com\/blog\/arkeologji-vendbanimi-i-zvernecit-mund-te-krahasohet-e-barazohet-me-kulturat-me-te-zhvilluara-paleolitike-te-evropes-musteriane-e-salutriane\/","url_meta":{"origin":105800,"position":0},"title":"Arkeologji: &#8211; Prof. Korkuti: &#8211; Vendbanimi i Zv\u00ebrnecit, mund t\u00eb krahasohet e barazohet me kulturat me t\u00eb zhvilluara paleolitike t\u00eb Evrop\u00ebs (Musteriane e Salutriane).","author":"Kurt Farka","date":"June 10, 2026","format":false,"excerpt":"10 Qershor 2026 Zbulime te Specialistit te Trashegimise Novruz Bajramaj. \"Gjat\u00eb muajit qershor t\u00eb k\u00ebsaj vere (viti 2016) pata nj\u00eb k\u00ebnaq\u00ebsi t\u00eb ve\u00e7ant\u00eb; s\u00eb bashku me kolegun e vjet\u00ebr, mjeshtrin e monumenteve Novrus Bajrami, vizituam disa stacione paleolitike t\u00eb reja dhe u njoh\u00ebm me gjetjet, veglat e strallit, t\u00eb zbuluara\u2026","rel":"","context":"In &quot;Blogu i Udh\u00ebtarit&quot;","block_context":{"text":"Blogu i Udh\u00ebtarit","link":"https:\/\/www.shqiperia.com\/blog\/category\/blogu-i-udhetarit\/"},"img":{"alt_text":"","src":"https:\/\/i0.wp.com\/www.shqiperia.com\/blog\/wp-content\/uploads\/2026\/06\/Novruz-Bajramaj.jpg?fit=960%2C720&ssl=1&resize=350%2C200","width":350,"height":200,"srcset":"https:\/\/i0.wp.com\/www.shqiperia.com\/blog\/wp-content\/uploads\/2026\/06\/Novruz-Bajramaj.jpg?fit=960%2C720&ssl=1&resize=350%2C200 1x, https:\/\/i0.wp.com\/www.shqiperia.com\/blog\/wp-content\/uploads\/2026\/06\/Novruz-Bajramaj.jpg?fit=960%2C720&ssl=1&resize=525%2C300 1.5x, https:\/\/i0.wp.com\/www.shqiperia.com\/blog\/wp-content\/uploads\/2026\/06\/Novruz-Bajramaj.jpg?fit=960%2C720&ssl=1&resize=700%2C400 2x"},"classes":[]},{"id":12570,"url":"https:\/\/www.shqiperia.com\/blog\/heroi-i-katert-i-kodres-se-kuqe-muharrem-llanaj-i-katerti-i-kodres-se-kuqe\/","url_meta":{"origin":105800,"position":1},"title":"Heroi i kat\u00ebrt i Kodr\u00ebs s\u00eb Kuqe: Muharrem Llanaj &#8211; i kat\u00ebrti i \u201cKodr\u00ebs s\u00eb Kuqe&#8221;.","author":"Kurt Farka","date":"October 12, 2018","format":false,"excerpt":"Heroi i kat\u00ebrt i Kodr\u00ebs s\u00eb Kuqe: Muharrem Llanaj - i kat\u00ebrti i \u201cKodr\u00ebs s\u00eb Kuqe\". \u00a0 Nga Duro Mustafai. - Edhe pse ishte nj\u00eb nga komunist\u00ebt dhe partizan\u00ebt e or\u00ebve t\u00eb para, edhe pse kish luftuar n\u00eb krah t\u00eb Vojo Kushit e shok\u00ebve t\u00eb tjer\u00eb, n\u00eb at\u00eb betej\u00ebn e\u2026","rel":"","context":"In &quot;Blogu i Udh\u00ebtarit&quot;","block_context":{"text":"Blogu i Udh\u00ebtarit","link":"https:\/\/www.shqiperia.com\/blog\/category\/blogu-i-udhetarit\/"},"img":{"alt_text":"","src":"https:\/\/i0.wp.com\/www.shqiperia.com\/blog\/wp-content\/uploads\/2018\/10\/Muharrem-Llanaj.png?fit=444%2C269&ssl=1&resize=350%2C200","width":350,"height":200},"classes":[]},{"id":105523,"url":"https:\/\/www.shqiperia.com\/blog\/trajneri-maran-nuk-kam-frike-nga-veshtiresite-shqiperia-i-ka-te-gjitha-letrat-nuk-flet-per-lojtaret\/","url_meta":{"origin":105800,"position":2},"title":"Trajneri Maran: &#8211; Nuk kam frik\u00eb nga v\u00ebshtir\u00ebsit\u00eb, Shqip\u00ebria i ka t\u00eb gjitha letrat, Nuk flet per lojtaret","author":"Kurt Farka","date":"August 30, 2026","format":false,"excerpt":"30 Gusht 2026 Trajneri i Komb\u00ebtares shqiptare, Rolando Maran, flet ekskluzivisht p\u00ebr Top Channel n\u00eb nj\u00eb intervist\u00eb me gazetarin Endi Tufa, ku prek t\u00eb gjitha temat e aktualitetit t\u00eb kuqezinjve n\u00eb prag t\u00eb nisjes s\u00eb ndeshjeve zyrtare. Maran flet p\u00ebr periudh\u00ebn e gjat\u00eb t\u00eb p\u00ebrgatitjeve, ndryshimet e shumta n\u00eb skuadrat\u2026","rel":"","context":"In &quot;Njoftime Shtypi&quot;","block_context":{"text":"Njoftime Shtypi","link":"https:\/\/www.shqiperia.com\/blog\/category\/njoftime-shtypi\/"},"img":{"alt_text":"","src":"https:\/\/i0.wp.com\/www.shqiperia.com\/blog\/wp-content\/uploads\/2026\/08\/Rolando-Maran.webp?fit=800%2C450&ssl=1&resize=350%2C200","width":350,"height":200,"srcset":"https:\/\/i0.wp.com\/www.shqiperia.com\/blog\/wp-content\/uploads\/2026\/08\/Rolando-Maran.webp?fit=800%2C450&ssl=1&resize=350%2C200 1x, https:\/\/i0.wp.com\/www.shqiperia.com\/blog\/wp-content\/uploads\/2026\/08\/Rolando-Maran.webp?fit=800%2C450&ssl=1&resize=525%2C300 1.5x, https:\/\/i0.wp.com\/www.shqiperia.com\/blog\/wp-content\/uploads\/2026\/08\/Rolando-Maran.webp?fit=800%2C450&ssl=1&resize=700%2C400 2x"},"classes":[]},{"id":102803,"url":"https:\/\/www.shqiperia.com\/blog\/masaker-mjedisore-ne-sevran-te-skraparit-firma-rrafshon-pyllin-pa-patur-leje-punetoret-e-pranojne-para-kameres\/","url_meta":{"origin":105800,"position":3},"title":"Masak\u00ebr mjedisore n\u00eb Sevran t\u00eb Skraparit, firma rrafshon pyllin pa patur leje. &#8211; Pun\u00ebtor\u00ebt e pranojn\u00eb para kamer\u00ebs","author":"Kurt Farka","date":"July 17, 2026","format":false,"excerpt":"17 Korrik 2026 Nj\u00eb masak\u00ebr mjedisore po ndodh n\u00eb malin e Sevranit n\u00eb Skrapar, aty ku nj\u00eb kompani e licencuar p\u00ebr shfryt\u00ebzimin e pyllit dyshohet se ka prer\u00eb pa kriter qindra pem\u00eb, duke shkelur procedurat ligjore q\u00eb rregullojn\u00eb administrimin e fondit pyjor. Pamjet e siguruara nga emisioni \u00a0Fiks Fare tregojn\u00eb\u2026","rel":"","context":"In &quot;Blogu i Udh\u00ebtarit&quot;","block_context":{"text":"Blogu i Udh\u00ebtarit","link":"https:\/\/www.shqiperia.com\/blog\/category\/blogu-i-udhetarit\/"},"img":{"alt_text":"","src":"https:\/\/i0.wp.com\/www.shqiperia.com\/blog\/wp-content\/uploads\/2026\/07\/Still1201_00001_sd-1200x675-1.webp?fit=1200%2C675&ssl=1&resize=350%2C200","width":350,"height":200,"srcset":"https:\/\/i0.wp.com\/www.shqiperia.com\/blog\/wp-content\/uploads\/2026\/07\/Still1201_00001_sd-1200x675-1.webp?fit=1200%2C675&ssl=1&resize=350%2C200 1x, https:\/\/i0.wp.com\/www.shqiperia.com\/blog\/wp-content\/uploads\/2026\/07\/Still1201_00001_sd-1200x675-1.webp?fit=1200%2C675&ssl=1&resize=525%2C300 1.5x, https:\/\/i0.wp.com\/www.shqiperia.com\/blog\/wp-content\/uploads\/2026\/07\/Still1201_00001_sd-1200x675-1.webp?fit=1200%2C675&ssl=1&resize=700%2C400 2x, https:\/\/i0.wp.com\/www.shqiperia.com\/blog\/wp-content\/uploads\/2026\/07\/Still1201_00001_sd-1200x675-1.webp?fit=1200%2C675&ssl=1&resize=1050%2C600 3x"},"classes":[]},{"id":4578,"url":"https:\/\/www.shqiperia.com\/blog\/muharrem-gurra-autor-i-100-teksteve-te-kenges-popullore-tironase\/","url_meta":{"origin":105800,"position":4},"title":"MUHARREM GURRA &#8211; AUTOR I 100 TEKSTEVE TE KENGES POPULLORE TIRONASE. &#8211;","author":"Kurt Farka","date":"March 10, 2018","format":false,"excerpt":"-I KENOJM TE BUKRIT VEN I KENOJM TIRONES TON RAHMET SHPIRTI MUHARREM PER KTO KONGE QE NA KE LON. Muharrem Gurra lindi me 10 Dhjetor 1915 ne Tirone, ne nje familje te mesme qytetare me tradita muzikore. Mesimet e para ne muzike i mori prane Bandes Mbreterore ne vitet 1934-1938\u2026","rel":"","context":"In &quot;Arte&quot;","block_context":{"text":"Arte","link":"https:\/\/www.shqiperia.com\/blog\/category\/arte\/"},"img":{"alt_text":"","src":"https:\/\/i0.wp.com\/www.shqiperia.com\/blog\/wp-content\/uploads\/2018\/03\/1-muharrem-gurra.jpg?fit=514%2C431&ssl=1&resize=350%2C200","width":350,"height":200},"classes":[]},{"id":105534,"url":"https:\/\/www.shqiperia.com\/blog\/indianet-ne-serat-shqiptare-te-rinjte-braktisin-bujqesine-bizneset-plotesojne-mungesat-me-punetore-te-huaj\/","url_meta":{"origin":105800,"position":5},"title":"Indian\u00ebt n\u00eb serat shqiptare, t\u00eb rinjt\u00eb braktisin bujq\u00ebsin\u00eb, bizneset plot\u00ebsojn\u00eb mungesat me pun\u00ebtor\u00eb t\u00eb huaj","author":"Kurt Farka","date":"August 30, 2026","format":false,"excerpt":"30 Gusht 2026 Bujq\u00ebsia intensive k\u00ebrkon miliona fidane q\u00eb t\u00eb mbillen nga veriu n\u00eb jug t\u00eb Shqip\u00ebris\u00eb, sepse edhe ne po zgjerohemi drejt prodhimit n\u00eb sera. Dikur k\u00ebto fidane mbilleshin nga duart e pun\u00ebtor\u00ebve tan\u00eb, nd\u00ebrsa sot po mbillen e po rriten nga duart e indian\u00ebve. \u201cEmri im \u00ebsht\u00eb Ashu.\u2026","rel":"","context":"In &quot;Blogu i Udh\u00ebtarit&quot;","block_context":{"text":"Blogu i Udh\u00ebtarit","link":"https:\/\/www.shqiperia.com\/blog\/category\/blogu-i-udhetarit\/"},"img":{"alt_text":"","src":"https:\/\/i0.wp.com\/www.shqiperia.com\/blog\/wp-content\/uploads\/2026\/08\/images-1_sd-7-800x450-1.webp?fit=800%2C450&ssl=1&resize=350%2C200","width":350,"height":200,"srcset":"https:\/\/i0.wp.com\/www.shqiperia.com\/blog\/wp-content\/uploads\/2026\/08\/images-1_sd-7-800x450-1.webp?fit=800%2C450&ssl=1&resize=350%2C200 1x, https:\/\/i0.wp.com\/www.shqiperia.com\/blog\/wp-content\/uploads\/2026\/08\/images-1_sd-7-800x450-1.webp?fit=800%2C450&ssl=1&resize=525%2C300 1.5x, https:\/\/i0.wp.com\/www.shqiperia.com\/blog\/wp-content\/uploads\/2026\/08\/images-1_sd-7-800x450-1.webp?fit=800%2C450&ssl=1&resize=700%2C400 2x"},"classes":[]}],"_links":{"self":[{"href":"https:\/\/www.shqiperia.com\/blog\/wp-json\/wp\/v2\/posts\/105800","targetHints":{"allow":["GET"]}}],"collection":[{"href":"https:\/\/www.shqiperia.com\/blog\/wp-json\/wp\/v2\/posts"}],"about":[{"href":"https:\/\/www.shqiperia.com\/blog\/wp-json\/wp\/v2\/types\/post"}],"author":[{"embeddable":true,"href":"https:\/\/www.shqiperia.com\/blog\/wp-json\/wp\/v2\/users\/9"}],"replies":[{"embeddable":true,"href":"https:\/\/www.shqiperia.com\/blog\/wp-json\/wp\/v2\/comments?post=105800"}],"version-history":[{"count":1,"href":"https:\/\/www.shqiperia.com\/blog\/wp-json\/wp\/v2\/posts\/105800\/revisions"}],"predecessor-version":[{"id":105802,"href":"https:\/\/www.shqiperia.com\/blog\/wp-json\/wp\/v2\/posts\/105800\/revisions\/105802"}],"wp:featuredmedia":[{"embeddable":true,"href":"https:\/\/www.shqiperia.com\/blog\/wp-json\/wp\/v2\/media\/105801"}],"wp:attachment":[{"href":"https:\/\/www.shqiperia.com\/blog\/wp-json\/wp\/v2\/media?parent=105800"}],"wp:term":[{"taxonomy":"category","embeddable":true,"href":"https:\/\/www.shqiperia.com\/blog\/wp-json\/wp\/v2\/categories?post=105800"},{"taxonomy":"post_tag","embeddable":true,"href":"https:\/\/www.shqiperia.com\/blog\/wp-json\/wp\/v2\/tags?post=105800"}],"curies":[{"name":"wp","href":"https:\/\/api.w.org\/{rel}","templated":true}]}}