{"id":105797,"date":"2026-09-02T23:05:54","date_gmt":"2026-09-02T23:05:54","guid":{"rendered":"https:\/\/www.shqiperia.com\/blog\/?p=105797"},"modified":"2026-09-02T23:05:54","modified_gmt":"2026-09-02T23:05:54","slug":"doreheqja-e-evis-sales-alimehmeti-duhet-ti-tregoje-publikut-shkakun-e-vertete-te-largimit-te-denoncoje-tradhetine-e-kryeministrit","status":"publish","type":"post","link":"https:\/\/www.shqiperia.com\/blog\/doreheqja-e-evis-sales-alimehmeti-duhet-ti-tregoje-publikut-shkakun-e-vertete-te-largimit-te-denoncoje-tradhetine-e-kryeministrit\/","title":{"rendered":"Dor\u00ebheqja e Evis Sal\u00ebs, Alimehmeti: &#8211; Duhet t\u2019i tregoj\u00eb publikut shkakun e v\u00ebrtet\u00eb t\u00eb largimit! &#8211; T\u00eb denoncoj\u00eb tradh\u00ebtin\u00eb e kryeministrit"},"content":{"rendered":"<div id=\"attachment_105798\" style=\"width: 600px\" class=\"wp-caption alignnone\"><img data-recalc-dims=\"1\" loading=\"lazy\" decoding=\"async\" aria-describedby=\"caption-attachment-105798\" data-attachment-id=\"105798\" data-permalink=\"https:\/\/www.shqiperia.com\/blog\/doreheqja-e-evis-sales-alimehmeti-duhet-ti-tregoje-publikut-shkakun-e-vertete-te-largimit-te-denoncoje-tradhetine-e-kryeministrit\/photo_2026-09-02_15-53-08\/\" data-orig-file=\"https:\/\/i0.wp.com\/www.shqiperia.com\/blog\/wp-content\/uploads\/2026\/09\/photo_2026-09-02_15-53-08.jpg?fit=1280%2C790&amp;ssl=1\" data-orig-size=\"1280,790\" data-comments-opened=\"1\" data-image-meta=\"{&quot;aperture&quot;:&quot;0&quot;,&quot;credit&quot;:&quot;&quot;,&quot;camera&quot;:&quot;&quot;,&quot;caption&quot;:&quot;&quot;,&quot;created_timestamp&quot;:&quot;0&quot;,&quot;copyright&quot;:&quot;&quot;,&quot;focal_length&quot;:&quot;0&quot;,&quot;iso&quot;:&quot;0&quot;,&quot;shutter_speed&quot;:&quot;0&quot;,&quot;title&quot;:&quot;&quot;,&quot;orientation&quot;:&quot;0&quot;}\" data-image-title=\"Evis Sala\" data-image-description=\"\" data-image-caption=\"&lt;p&gt;Evis Sala&lt;\/p&gt;\n\" data-medium-file=\"https:\/\/i0.wp.com\/www.shqiperia.com\/blog\/wp-content\/uploads\/2026\/09\/photo_2026-09-02_15-53-08.jpg?fit=300%2C185&amp;ssl=1\" data-large-file=\"https:\/\/i0.wp.com\/www.shqiperia.com\/blog\/wp-content\/uploads\/2026\/09\/photo_2026-09-02_15-53-08.jpg?fit=1024%2C632&amp;ssl=1\" class=\" wp-image-105798\" alt=\"Evis Sala\" src=\"https:\/\/i0.wp.com\/www.shqiperia.com\/blog\/wp-content\/uploads\/2026\/09\/photo_2026-09-02_15-53-08.jpg?resize=590%2C364&#038;ssl=1\" width=\"590\" height=\"364\" srcset=\"https:\/\/i0.wp.com\/www.shqiperia.com\/blog\/wp-content\/uploads\/2026\/09\/photo_2026-09-02_15-53-08.jpg?resize=300%2C185&amp;ssl=1 300w, https:\/\/i0.wp.com\/www.shqiperia.com\/blog\/wp-content\/uploads\/2026\/09\/photo_2026-09-02_15-53-08.jpg?resize=1024%2C632&amp;ssl=1 1024w, https:\/\/i0.wp.com\/www.shqiperia.com\/blog\/wp-content\/uploads\/2026\/09\/photo_2026-09-02_15-53-08.jpg?resize=768%2C474&amp;ssl=1 768w, https:\/\/i0.wp.com\/www.shqiperia.com\/blog\/wp-content\/uploads\/2026\/09\/photo_2026-09-02_15-53-08.jpg?resize=450%2C278&amp;ssl=1 450w, https:\/\/i0.wp.com\/www.shqiperia.com\/blog\/wp-content\/uploads\/2026\/09\/photo_2026-09-02_15-53-08.jpg?resize=600%2C370&amp;ssl=1 600w, https:\/\/i0.wp.com\/www.shqiperia.com\/blog\/wp-content\/uploads\/2026\/09\/photo_2026-09-02_15-53-08.jpg?resize=400%2C247&amp;ssl=1 400w, https:\/\/i0.wp.com\/www.shqiperia.com\/blog\/wp-content\/uploads\/2026\/09\/photo_2026-09-02_15-53-08.jpg?w=1280&amp;ssl=1 1280w\" sizes=\"auto, (max-width: 590px) 100vw, 590px\" \/><p id=\"caption-attachment-105798\" class=\"wp-caption-text\">Evis Sala<\/p><\/div>\n<p>2 Shtator 2026<\/p>\n<p>An\u00ebtari i Kryesis\u00eb s\u00eb PD-s\u00eb, Ili Alimehmeti ka ngritur pik\u00ebpyetje n\u00eb lidhje me dor\u00ebheqjen e Evis Sal\u00ebs si ministre e Sh\u00ebndet\u00ebsis\u00eb dhe Mir\u00ebqenies Sociale. N\u00eb nj\u00eb reagim n\u00eb rrjete sociale, Alimehmeti shkruan se Sala do t\u00eb duhet q\u00eb t\u00eb sqaroj\u00eb publikun p\u00ebr shkakun e v\u00ebrtet\u00eb t\u00eb dor\u00ebheqjes.<\/p>\n<p>\u201cIku me kok\u00ebn posht\u00eb apo iku me kok\u00ebn lart znj. Evis Sala nga drejtimi i Ministris\u00eb s\u00eb Sh\u00ebndet\u00ebsis\u00eb?\u201d shkruan Alimehmeti, duke shtuar se largimi nuk mund t\u00eb justifikohet p\u00ebr angazhime nd\u00ebrkomb\u00ebtare profesionale n\u00eb nj\u00eb koh\u00eb kur ka marr\u00eb p\u00ebrsip\u00ebr t\u00eb udh\u00ebheq\u00eb nj\u00eb institucion t\u00eb r\u00ebnd\u00ebsish\u00ebm.<\/p>\n<p>\u201cKurrsesi nuk mund t\u00eb pranohet q\u00eb largimi b\u00ebhet p\u00ebr angazhime personale profesionale nd\u00ebrkomb\u00ebtare, se kjo do t\u00eb thot\u00eb q\u00eb kurr\u00eb nuk e ka pasur prioritet interesin publik kundrejt atij vetiak! Un\u00eb nuk e besoj k\u00ebt\u00eb! Por kush \u00ebsht\u00eb shkaku i v\u00ebrtet\u00eb i largimit t\u00eb saj?\u201d, shkruan m\u00eb tej, duke ngritur disa pyetje.<\/p>\n<p>\u201cVuri re q\u00eb nuk kishte aft\u00ebsi n\u00eb at\u00eb drejtim politik? Plasi ndonj\u00eb skandal madhor q\u00eb e largoi? Pati ndonj\u00eb presion madhor ndaj saj? Nuk ishte dakord p\u00ebr m\u00ebnyr\u00ebn e udh\u00ebheqjes s\u00eb qeveris\u00eb? P\u00ebr t\u00eb ruajtur integritetin e figur\u00ebs s\u00eb saj profesionale, nevojitet q\u00eb ajo vet\u00eb t\u00eb sqaroj\u00eb publikun!\u201d, shton ai.<\/p>\n<p>Alimehmeti p\u00ebrmend gjithashtu edhe spekulimet se ajo ka dh\u00ebn\u00eb dor\u00ebheqjen p\u00ebr shkak se nuk firmosi nj\u00eb projektligj korruptiv.<\/p>\n<p>\u201cBurimet mediatike dhe korridoret e Ministris\u00eb s\u00eb Sh\u00ebndet\u00ebsis\u00eb konvergojn\u00eb drejt mosdakord\u00ebsis\u00eb s\u00eb saj p\u00ebr te firmosur nj\u00eb projektligj q\u00eb i dor\u00ebzon nj\u00eb dore t\u00eb vetme t\u00eb gjith\u00eb sh\u00ebndet\u00ebsin\u00eb me koncesionet, tenderat dhe kontratat e saj!\u201d<\/p>\n<p>Ai shton se n\u00ebse jan\u00eb t\u00eb v\u00ebrteta k\u00ebto spekulime, ish ministrja duhet ta denoncoj\u00eb publikisht tradhtin\u00eb q\u00eb po i b\u00ebn kryeministri sh\u00ebndet\u00ebsis\u00eb duke e dh\u00ebn\u00eb n\u00eb nj\u00eb dor\u00eb t\u00eb vetme.<\/p>\n<p>REAGIMI I PLOTE:<\/p>\n<p>Iku me kok\u00ebn posht\u00eb apo iku me kok\u00ebn lart znj. Evis Sala nga drejtimi i Ministris\u00eb s\u00eb Sh\u00ebndet\u00ebsis\u00eb?<\/p>\n<p>Kur merret p\u00ebrsip\u00ebr udh\u00ebheqja e nj\u00eb institucioni kaq t\u00eb r\u00ebnd\u00ebsish\u00ebm q\u00eb ka p\u00ebrsip\u00ebr barr\u00ebn e sh\u00ebrbimit sh\u00ebndet\u00ebsor, \u00e7dokush vet\u00ebkupton q\u00eb ka ngarkesa, presione dhe lodhje t\u00eb skajshme profesionale, politike dhe n\u00eb fund edhe familjare dhe individuale!<\/p>\n<p>Kurrsesi nuk mund t\u00eb pranohet q\u00eb largimi b\u00ebhet p\u00ebr angazhime personale profesionale nd\u00ebrkomb\u00ebtare, se kjo do t\u00eb thot\u00eb q\u00eb kurr\u00eb nuk e ka pasur prioritet interesin publik kundrejt atij vetiak!<\/p>\n<p>Un\u00eb nuk e besoj k\u00ebt\u00eb!<\/p>\n<p>Por kush \u00ebsht\u00eb shkaku i v\u00ebrtet\u00eb i largimit t\u00eb saj?<\/p>\n<p>Vuri re q\u00eb nuk kishte aft\u00ebsi n\u00eb at\u00eb drejtim politik?<\/p>\n<p>Plasi ndonj\u00eb skandal madhor q\u00eb e largoi?<\/p>\n<p>Pati ndonj\u00eb presion madhor ndaj saj?<\/p>\n<p>Nuk ishte dakord p\u00ebr m\u00ebnyr\u00ebn e udh\u00ebheqjes s\u00eb qeveris\u00eb?<\/p>\n<p>P\u00ebr t\u00eb ruajtur integritetin e figur\u00ebs s\u00eb saj profesionale, nevojitet q\u00eb ajo vet\u00eb t\u00eb sqaroj\u00eb publikun!<\/p>\n<p>Burimet mediatike dhe korridoret e Ministris\u00eb s\u00eb Sh\u00ebndet\u00ebsis\u00eb konvergojn\u00eb drejt mosdakord\u00ebsis\u00eb s\u00eb saj p\u00ebr te firmosur nj\u00eb projektligj q\u00eb i dor\u00ebzon nj\u00eb dore t\u00eb vetme t\u00eb gjith\u00eb sh\u00ebndet\u00ebsin\u00eb me koncesionet, tenderat dhe kontratat e saj!<\/p>\n<p>N\u00ebse kjo \u00ebsht\u00eb e v\u00ebrteta e largimit t\u00eb saj, ajo duhet t\u00eb ngrihet n\u00eb lart\u00ebsin\u00eb e detyr\u00ebs q\u00eb kishte, t\u00eb dal\u00eb me kok\u00ebn lart dhe integritetin e ruajtur e ta denoncoj\u00eb k\u00ebt\u00eb tradh\u00ebti ndaj sh\u00ebndet\u00ebsis\u00eb q\u00eb b\u00ebn kryeministri!<\/p>\n<p>T\u00eb gjith\u00eb do t\u2019i themi \u201cBravo t\u00eb qoft\u00eb, kaq mund t\u00eb b\u00ebje n\u00eb k\u00ebt\u00eb sistem t\u00eb kalbur!\u201d.<\/p>\n<p>N\u00ebse kjo \u00ebsht\u00eb e v\u00ebrteta dhe ajo largohet pa folur, do t\u00eb thot\u00eb q\u00eb me mosveprim ajo \u00ebsht\u00eb dakord q\u00eb kjo megaafer\u00eb gjithsesi t\u00eb ndodh\u00eb por jo me firm\u00ebn e saj q\u00eb t\u00eb mos ket\u00eb pasoja juridike p\u00ebr t\u00eb personalisht!<\/p>\n<p>N\u00eb k\u00ebt\u00eb rast rezulton se ajo, si shum\u00eb shfryt\u00ebzues dhe abuzues t\u00eb tjer\u00eb, mendon vet\u00ebm p\u00ebr veten e saj dhe nuk ka pasur kurr\u00eb interesin publik t\u00eb sh\u00ebndetit n\u00eb prioritet!<\/p>\n<p>Kok\u00ebn lart apo kok\u00ebn posht\u00eb n\u00eb dalje p\u00ebr veten e saj do ta vendos\u00eb vet\u00eb ajo!<\/p>\n<p>Fatkeq\u00ebsisht n\u00eb nj\u00eb vit t\u00eb plot\u00eb diellor nuk arriti dot t\u00eb l\u00ebr\u00eb as gjurm\u00ebn m\u00eb t\u00eb vog\u00ebl t\u00eb p\u00ebrmir\u00ebsimit t\u00eb sistemit sh\u00ebndet\u00ebsor, por vet\u00ebm fraza \u201cdo t\u00eb presim t\u00eb dh\u00ebna\u201d, \u201cdo t\u00eb presim deri n\u00eb fund t\u00eb vitit\u201d, \u201cnuk kam pasur nevoj\u00eb p\u00ebr ila\u00e7e dhe nuk e di q\u00eb jan\u00eb rritur \u00e7mimet\u201d, e t\u00eb tjera si k\u00ebto!<\/p>\n<p>T\u00eb vaft\u00eb mbar\u00eb angazhimi nd\u00ebrkomb\u00ebtar, se p\u00ebr angazhimin komb\u00ebtar m\u00eb mir\u00eb t\u00eb mos flitet m\u00eb!<\/p>\n","protected":false},"excerpt":{"rendered":"<p>2 Shtator 2026 An\u00ebtari i Kryesis\u00eb s\u00eb PD-s\u00eb, Ili Alimehmeti ka ngritur pik\u00ebpyetje n\u00eb lidhje me dor\u00ebheqjen e Evis Sal\u00ebs si ministre e Sh\u00ebndet\u00ebsis\u00eb dhe Mir\u00ebqenies Sociale. N\u00eb nj\u00eb reagim n\u00eb rrjete sociale, Alimehmeti shkruan se Sala do t\u00eb duhet q\u00eb t\u00eb sqaroj\u00eb publikun p\u00ebr shkakun e v\u00ebrtet\u00eb t\u00eb dor\u00ebheqjes. \u201cIku me kok\u00ebn posht\u00eb apo [&hellip;]<\/p>\n","protected":false},"author":9,"featured_media":105798,"comment_status":"open","ping_status":"open","sticky":false,"template":"","format":"standard","meta":{"jetpack_post_was_ever_published":false,"_jetpack_newsletter_access":"","_jetpack_dont_email_post_to_subs":false,"_jetpack_newsletter_tier_id":0,"_jetpack_memberships_contains_paywalled_content":false,"_jetpack_memberships_contains_paid_content":false,"footnotes":"","jetpack_publicize_message":"","jetpack_publicize_feature_enabled":true,"jetpack_social_post_already_shared":true,"jetpack_social_options":{"image_generator_settings":{"template":"highway","default_image_id":0,"font":"","enabled":false},"version":2}},"categories":[27,10,1,2,35],"tags":[],"class_list":["post-105797","post","type-post","status-publish","format-standard","has-post-thumbnail","hentry","category-blogu-i-udhetarit","category-kultura","category-njoftime-shtypi","category-politika","category-shoqerore"],"jetpack_publicize_connections":[],"jetpack_featured_media_url":"https:\/\/i0.wp.com\/www.shqiperia.com\/blog\/wp-content\/uploads\/2026\/09\/photo_2026-09-02_15-53-08.jpg?fit=1280%2C790&ssl=1","jetpack_sharing_enabled":true,"jetpack_shortlink":"https:\/\/wp.me\/p5Z6wp-rwp","jetpack-related-posts":[{"id":105763,"url":"https:\/\/www.shqiperia.com\/blog\/doreheqja-e-ministres-se-shendetesise-gazetari-stafa-zbulon-detaje-kryeministri-i-ka-kerkuar-qe-te-firmose-ceshtjen-e-superkompanise-por-nuk-ka-pranuar\/","url_meta":{"origin":105797,"position":0},"title":"Dor\u00ebheqja e ministres s\u00eb sh\u00ebndet\u00ebsis\u00eb, gazetari Stafa zbulon detaje: &#8211; Kryeministri i ka k\u00ebrkuar q\u00eb t\u00eb firmos\u00eb \u00e7\u00ebshtjen e superkompanis\u00eb, por nuk ka pranuar","author":"Kurt Farka","date":"September 2, 2026","format":false,"excerpt":"2 Shtator 2026 Gazetari Osman Stafa, i ftuar n\u00eb nje studio televizive ka komentuar dor\u00ebheqjen e ministres s\u00eb Sh\u00ebndet\u00ebsis\u00eb, Evis Sala. Stafa shprehet se dor\u00ebheqja e Sal\u00ebs ka qen\u00eb e paramenduar. Ai shton se Sala nuk ka qen\u00eb e sinqert\u00eb as n\u00eb ikje. Dhe nj\u00ebher\u00eb thekson se situata n\u00eb spitale\u2026","rel":"","context":"In &quot;Blogu i Udh\u00ebtarit&quot;","block_context":{"text":"Blogu i Udh\u00ebtarit","link":"https:\/\/www.shqiperia.com\/blog\/category\/blogu-i-udhetarit\/"},"img":{"alt_text":"","src":"https:\/\/i0.wp.com\/www.shqiperia.com\/blog\/wp-content\/uploads\/2026\/09\/Evis-Sala.png?fit=910%2C584&ssl=1&resize=350%2C200","width":350,"height":200,"srcset":"https:\/\/i0.wp.com\/www.shqiperia.com\/blog\/wp-content\/uploads\/2026\/09\/Evis-Sala.png?fit=910%2C584&ssl=1&resize=350%2C200 1x, https:\/\/i0.wp.com\/www.shqiperia.com\/blog\/wp-content\/uploads\/2026\/09\/Evis-Sala.png?fit=910%2C584&ssl=1&resize=525%2C300 1.5x, https:\/\/i0.wp.com\/www.shqiperia.com\/blog\/wp-content\/uploads\/2026\/09\/Evis-Sala.png?fit=910%2C584&ssl=1&resize=700%2C400 2x"},"classes":[]},{"id":105775,"url":"https:\/\/www.shqiperia.com\/blog\/ministrja-e-shendetesise-jep-doreheqjen-nuk-pranoi-te-firmoste-privatizimin-e-radhes\/","url_meta":{"origin":105797,"position":1},"title":"Ministrja e Sh\u00ebndet\u00ebsis\u00eb jep dor\u00ebheqjen: &#8211; Nuk pranoi t\u00eb firmoste privatizimin e radh\u00ebs","author":"Kurt Farka","date":"September 2, 2026","format":false,"excerpt":"2 Shtator 2026 Ministrja e Sh\u00ebndet\u00ebsis\u00eb dhe Mir\u00ebqenies Sociale, Evis Sala deklaroi t\u00eb m\u00ebrkur\u00ebn se ka dh\u00ebn\u00eb dor\u00ebheqjen nga detyra q\u00eb e mbajti p\u00ebr nj\u00eb vit n\u00eb kabinetin e kryeministrit Edi Rama. N\u00eb nj\u00eb status n\u00eb platform\u00ebn X, ajo njoftoi se do t\u2019i kthehej angazhimeve t\u00eb saj nd\u00ebrkomb\u00ebtare n\u00eb fush\u00ebn\u2026","rel":"","context":"In &quot;Blogu i Udh\u00ebtarit&quot;","block_context":{"text":"Blogu i Udh\u00ebtarit","link":"https:\/\/www.shqiperia.com\/blog\/category\/blogu-i-udhetarit\/"},"img":{"alt_text":"","src":"https:\/\/i0.wp.com\/www.shqiperia.com\/blog\/wp-content\/uploads\/2026\/09\/img_20260326_2334296739439616224099668.png?fit=1147%2C768&ssl=1&resize=350%2C200","width":350,"height":200,"srcset":"https:\/\/i0.wp.com\/www.shqiperia.com\/blog\/wp-content\/uploads\/2026\/09\/img_20260326_2334296739439616224099668.png?fit=1147%2C768&ssl=1&resize=350%2C200 1x, https:\/\/i0.wp.com\/www.shqiperia.com\/blog\/wp-content\/uploads\/2026\/09\/img_20260326_2334296739439616224099668.png?fit=1147%2C768&ssl=1&resize=525%2C300 1.5x, https:\/\/i0.wp.com\/www.shqiperia.com\/blog\/wp-content\/uploads\/2026\/09\/img_20260326_2334296739439616224099668.png?fit=1147%2C768&ssl=1&resize=700%2C400 2x, https:\/\/i0.wp.com\/www.shqiperia.com\/blog\/wp-content\/uploads\/2026\/09\/img_20260326_2334296739439616224099668.png?fit=1147%2C768&ssl=1&resize=1050%2C600 3x"},"classes":[]},{"id":105767,"url":"https:\/\/www.shqiperia.com\/blog\/doreheqja-e-ministres-evis-sala-u-largua-per-ti-hapur-rruge-dorezimit-te-shendetesise-tek-miku-izraelit-i-rames\/","url_meta":{"origin":105797,"position":2},"title":"Dor\u00ebheqja e ministres Evis Sala: U largua p\u00ebr t\u2019i hapur rrug\u00eb dor\u00ebzimit t\u00eb sh\u00ebndet\u00ebsis\u00eb tek miku izraelit i Ram\u00ebs!","author":"Kurt Farka","date":"September 2, 2026","format":false,"excerpt":"2 Shtator 2026 N\u00eb nj\u00eb reagim n\u00eb rrjete sociale, K\u00eblli\u00e7i thot\u00eb se dor\u00ebheqja e Evis Sal\u00ebs nga posti i ministres s\u00eb Sh\u00ebndet\u00ebsis\u00eb lidhet me kund\u00ebrshtimin e k\u00ebtij projekti. \u00a0K\u00eblli\u00e7i thekson se n\u00eb k\u00ebt\u00eb skem\u00eb ka interesa t\u00eb biznesmenit izraelit Sani Sanilevich, q\u00eb sipas t\u00eb cilit, \u00ebsht\u00eb mik i kryeministrit Edi\u2026","rel":"","context":"In &quot;Blogu i Udh\u00ebtarit&quot;","block_context":{"text":"Blogu i Udh\u00ebtarit","link":"https:\/\/www.shqiperia.com\/blog\/category\/blogu-i-udhetarit\/"},"img":{"alt_text":"","src":"https:\/\/i0.wp.com\/www.shqiperia.com\/blog\/wp-content\/uploads\/2026\/09\/rama-programi-ps-2-1.png?fit=768%2C430&ssl=1&resize=350%2C200","width":350,"height":200,"srcset":"https:\/\/i0.wp.com\/www.shqiperia.com\/blog\/wp-content\/uploads\/2026\/09\/rama-programi-ps-2-1.png?fit=768%2C430&ssl=1&resize=350%2C200 1x, https:\/\/i0.wp.com\/www.shqiperia.com\/blog\/wp-content\/uploads\/2026\/09\/rama-programi-ps-2-1.png?fit=768%2C430&ssl=1&resize=525%2C300 1.5x, https:\/\/i0.wp.com\/www.shqiperia.com\/blog\/wp-content\/uploads\/2026\/09\/rama-programi-ps-2-1.png?fit=768%2C430&ssl=1&resize=700%2C400 2x"},"classes":[]},{"id":101698,"url":"https:\/\/www.shqiperia.com\/blog\/spiropali-i-pergjigjet-rames-pas-fjalimit-te-djeshem-mblidh-trute-e-kokes\/","url_meta":{"origin":105797,"position":3},"title":"Spiropali i p\u00ebrgjigjet Ram\u00ebs pas fjalimit t\u00eb djesh\u00ebm: &#8211; Mblidh trut\u00eb e kok\u00ebs!","author":"Kurt Farka","date":"June 22, 2026","format":false,"excerpt":"Nd\u00ebrsa n\u00eb Tiran\u00eb zhvillohet dita e 22-t\u00eb e protestave masive radhazi q\u00eb k\u00ebrkojn\u00eb largimin e kryeministrit Edi Rama, ka ardhur nj\u00eb reagim nga radh\u00ebt e mazhoranc\u00ebs. P\u00ebrmes nj\u00eb postimi n\u00eb rrjetin e saj social Facebook, deputetja e Partis\u00eb Socialiste, Elisa Spiropali, ka folur p\u00ebr nj\u00eb \u201cMarr\u00ebveshje t\u00eb Re\u201d dhe nevoj\u00ebn\u2026","rel":"","context":"In &quot;Blogu i Udh\u00ebtarit&quot;","block_context":{"text":"Blogu i Udh\u00ebtarit","link":"https:\/\/www.shqiperia.com\/blog\/category\/blogu-i-udhetarit\/"},"img":{"alt_text":"","src":"https:\/\/i0.wp.com\/www.shqiperia.com\/blog\/wp-content\/uploads\/2026\/06\/wewewe-770x428-1.jpg?fit=770%2C428&ssl=1&resize=350%2C200","width":350,"height":200,"srcset":"https:\/\/i0.wp.com\/www.shqiperia.com\/blog\/wp-content\/uploads\/2026\/06\/wewewe-770x428-1.jpg?fit=770%2C428&ssl=1&resize=350%2C200 1x, https:\/\/i0.wp.com\/www.shqiperia.com\/blog\/wp-content\/uploads\/2026\/06\/wewewe-770x428-1.jpg?fit=770%2C428&ssl=1&resize=525%2C300 1.5x, https:\/\/i0.wp.com\/www.shqiperia.com\/blog\/wp-content\/uploads\/2026\/06\/wewewe-770x428-1.jpg?fit=770%2C428&ssl=1&resize=700%2C400 2x"},"classes":[]},{"id":101785,"url":"https:\/\/www.shqiperia.com\/blog\/ngjela-rama-ben-sikur-nuk-e-kupton-se-e-ka-opinionin-publik-kunder-te-jape-doreheqjen-po-demton-shqiperine\/","url_meta":{"origin":105797,"position":4},"title":"Ngjela: &#8211; Rama b\u00ebn sikur nuk e kupton se e ka opinionin publik kund\u00ebr\u201d. &#8211; T\u00eb jap\u00eb dor\u00ebheqjen, po d\u00ebmton Shqip\u00ebrin\u00eb","author":"Kurt Farka","date":"June 25, 2026","format":false,"excerpt":"25 Qershor 2025 Prej m\u00eb shum\u00eb se tre jav\u00ebsh protestuesit kan\u00eb dal\u00eb masivisht n\u00eb sheshe p\u00ebr t\u00eb k\u00ebrkuar dor\u00ebheqjen e qeveris\u00eb dhe nj\u00eb qeveri t\u00eb re tranzitore, apolitike. P\u00ebrmes nj\u00eb postimi n\u00eb rrjetet sociale avokati Spartak Ngjela ka deklaruar se Rama nuk di kufirin mes partis\u00eb dhe tij dhe po\u2026","rel":"","context":"In &quot;Blogu i Udh\u00ebtarit&quot;","block_context":{"text":"Blogu i Udh\u00ebtarit","link":"https:\/\/www.shqiperia.com\/blog\/category\/blogu-i-udhetarit\/"},"img":{"alt_text":"","src":"https:\/\/i0.wp.com\/www.shqiperia.com\/blog\/wp-content\/uploads\/2026\/06\/ngjela-rama-.jpg?fit=863%2C432&ssl=1&resize=350%2C200","width":350,"height":200,"srcset":"https:\/\/i0.wp.com\/www.shqiperia.com\/blog\/wp-content\/uploads\/2026\/06\/ngjela-rama-.jpg?fit=863%2C432&ssl=1&resize=350%2C200 1x, https:\/\/i0.wp.com\/www.shqiperia.com\/blog\/wp-content\/uploads\/2026\/06\/ngjela-rama-.jpg?fit=863%2C432&ssl=1&resize=525%2C300 1.5x, https:\/\/i0.wp.com\/www.shqiperia.com\/blog\/wp-content\/uploads\/2026\/06\/ngjela-rama-.jpg?fit=863%2C432&ssl=1&resize=700%2C400 2x"},"classes":[]},{"id":104510,"url":"https:\/\/www.shqiperia.com\/blog\/denoncimi-i-alimehmetit-skandali-50-milione-euro-i-dializes\/","url_meta":{"origin":105797,"position":5},"title":"Denoncimi i Alimehmetit: &#8211; Skandali 50 milion\u00eb euro i dializ\u00ebs","author":"Kurt Farka","date":"August 15, 2026","format":false,"excerpt":"15 Gusht 2026 Mjeku Ilir Alimehmeti ka ngritur akuza t\u00eb forta p\u00ebr sh\u00ebrbimin e dializ\u00ebs n\u00eb Shqip\u00ebri, duke e cil\u00ebsuar si nj\u00eb skandal me vler\u00eb rreth 50 milion\u00eb euro dhe duke akuzuar qeverin\u00eb se po p\u00ebrgatit tenderin e radh\u00ebs p\u00ebr k\u00ebt\u00eb sh\u00ebrbim. N\u00eb nj\u00eb deklarat\u00eb nga selia blu, Alimehmeti thot\u00eb\u2026","rel":"","context":"In &quot;Blogu i Udh\u00ebtarit&quot;","block_context":{"text":"Blogu i Udh\u00ebtarit","link":"https:\/\/www.shqiperia.com\/blog\/category\/blogu-i-udhetarit\/"},"img":{"alt_text":"","src":"https:\/\/i0.wp.com\/www.shqiperia.com\/blog\/wp-content\/uploads\/2026\/08\/WhatsApp-Image-2026-08-15-at-14.28.15-1536x1025-1.jpeg?fit=1200%2C801&ssl=1&resize=350%2C200","width":350,"height":200,"srcset":"https:\/\/i0.wp.com\/www.shqiperia.com\/blog\/wp-content\/uploads\/2026\/08\/WhatsApp-Image-2026-08-15-at-14.28.15-1536x1025-1.jpeg?fit=1200%2C801&ssl=1&resize=350%2C200 1x, https:\/\/i0.wp.com\/www.shqiperia.com\/blog\/wp-content\/uploads\/2026\/08\/WhatsApp-Image-2026-08-15-at-14.28.15-1536x1025-1.jpeg?fit=1200%2C801&ssl=1&resize=525%2C300 1.5x, https:\/\/i0.wp.com\/www.shqiperia.com\/blog\/wp-content\/uploads\/2026\/08\/WhatsApp-Image-2026-08-15-at-14.28.15-1536x1025-1.jpeg?fit=1200%2C801&ssl=1&resize=700%2C400 2x, https:\/\/i0.wp.com\/www.shqiperia.com\/blog\/wp-content\/uploads\/2026\/08\/WhatsApp-Image-2026-08-15-at-14.28.15-1536x1025-1.jpeg?fit=1200%2C801&ssl=1&resize=1050%2C600 3x"},"classes":[]}],"_links":{"self":[{"href":"https:\/\/www.shqiperia.com\/blog\/wp-json\/wp\/v2\/posts\/105797","targetHints":{"allow":["GET"]}}],"collection":[{"href":"https:\/\/www.shqiperia.com\/blog\/wp-json\/wp\/v2\/posts"}],"about":[{"href":"https:\/\/www.shqiperia.com\/blog\/wp-json\/wp\/v2\/types\/post"}],"author":[{"embeddable":true,"href":"https:\/\/www.shqiperia.com\/blog\/wp-json\/wp\/v2\/users\/9"}],"replies":[{"embeddable":true,"href":"https:\/\/www.shqiperia.com\/blog\/wp-json\/wp\/v2\/comments?post=105797"}],"version-history":[{"count":1,"href":"https:\/\/www.shqiperia.com\/blog\/wp-json\/wp\/v2\/posts\/105797\/revisions"}],"predecessor-version":[{"id":105799,"href":"https:\/\/www.shqiperia.com\/blog\/wp-json\/wp\/v2\/posts\/105797\/revisions\/105799"}],"wp:featuredmedia":[{"embeddable":true,"href":"https:\/\/www.shqiperia.com\/blog\/wp-json\/wp\/v2\/media\/105798"}],"wp:attachment":[{"href":"https:\/\/www.shqiperia.com\/blog\/wp-json\/wp\/v2\/media?parent=105797"}],"wp:term":[{"taxonomy":"category","embeddable":true,"href":"https:\/\/www.shqiperia.com\/blog\/wp-json\/wp\/v2\/categories?post=105797"},{"taxonomy":"post_tag","embeddable":true,"href":"https:\/\/www.shqiperia.com\/blog\/wp-json\/wp\/v2\/tags?post=105797"}],"curies":[{"name":"wp","href":"https:\/\/api.w.org\/{rel}","templated":true}]}}