{"id":105794,"date":"2026-09-02T22:58:47","date_gmt":"2026-09-02T22:58:47","guid":{"rendered":"https:\/\/www.shqiperia.com\/blog\/?p=105794"},"modified":"2026-09-02T22:58:47","modified_gmt":"2026-09-02T22:58:47","slug":"dje-proteste-me-mesazh-te-qarte-i-riu-ne-proteste-ne-7-shtator-te-rrethojme-kryeministrine-rama-iken-vetem-me-aeroplan-per-te-mos-u-kthyer-me","status":"publish","type":"post","link":"https:\/\/www.shqiperia.com\/blog\/dje-proteste-me-mesazh-te-qarte-i-riu-ne-proteste-ne-7-shtator-te-rrethojme-kryeministrine-rama-iken-vetem-me-aeroplan-per-te-mos-u-kthyer-me\/","title":{"rendered":"\u201cDje, protest\u00eb me mesazh t\u00eb qart\u00eb\u201d, i riu n\u00eb protest\u00eb: N\u00eb 7 shtator t\u00eb rrethojm\u00eb kryeministrin\u00eb! Rama ik\u00ebn vet\u00ebm me aeroplan p\u00ebr t\u00eb mos u kthyer m\u00eb!"},"content":{"rendered":"<p><img data-recalc-dims=\"1\" loading=\"lazy\" decoding=\"async\" data-attachment-id=\"105795\" data-permalink=\"https:\/\/www.shqiperia.com\/blog\/dje-proteste-me-mesazh-te-qarte-i-riu-ne-proteste-ne-7-shtator-te-rrethojme-kryeministrine-rama-iken-vetem-me-aeroplan-per-te-mos-u-kthyer-me\/attachment\/324324324324\/\" data-orig-file=\"https:\/\/i0.wp.com\/www.shqiperia.com\/blog\/wp-content\/uploads\/2026\/09\/324324324324.jpg?fit=1138%2C495&amp;ssl=1\" data-orig-size=\"1138,495\" data-comments-opened=\"1\" data-image-meta=\"{&quot;aperture&quot;:&quot;0&quot;,&quot;credit&quot;:&quot;Redaksia&quot;,&quot;camera&quot;:&quot;&quot;,&quot;caption&quot;:&quot;&quot;,&quot;created_timestamp&quot;:&quot;1788379900&quot;,&quot;copyright&quot;:&quot;&quot;,&quot;focal_length&quot;:&quot;0&quot;,&quot;iso&quot;:&quot;0&quot;,&quot;shutter_speed&quot;:&quot;0&quot;,&quot;title&quot;:&quot;&quot;,&quot;orientation&quot;:&quot;0&quot;}\" data-image-title=\"324324324324\" data-image-description=\"\" data-image-caption=\"\" data-medium-file=\"https:\/\/i0.wp.com\/www.shqiperia.com\/blog\/wp-content\/uploads\/2026\/09\/324324324324.jpg?fit=300%2C130&amp;ssl=1\" data-large-file=\"https:\/\/i0.wp.com\/www.shqiperia.com\/blog\/wp-content\/uploads\/2026\/09\/324324324324.jpg?fit=1024%2C445&amp;ssl=1\" class=\"alignnone  wp-image-105795\" alt=\"\" src=\"https:\/\/i0.wp.com\/www.shqiperia.com\/blog\/wp-content\/uploads\/2026\/09\/324324324324.jpg?resize=621%2C269&#038;ssl=1\" width=\"621\" height=\"269\" srcset=\"https:\/\/i0.wp.com\/www.shqiperia.com\/blog\/wp-content\/uploads\/2026\/09\/324324324324.jpg?resize=300%2C130&amp;ssl=1 300w, https:\/\/i0.wp.com\/www.shqiperia.com\/blog\/wp-content\/uploads\/2026\/09\/324324324324.jpg?resize=1024%2C445&amp;ssl=1 1024w, https:\/\/i0.wp.com\/www.shqiperia.com\/blog\/wp-content\/uploads\/2026\/09\/324324324324.jpg?resize=768%2C334&amp;ssl=1 768w, https:\/\/i0.wp.com\/www.shqiperia.com\/blog\/wp-content\/uploads\/2026\/09\/324324324324.jpg?resize=450%2C196&amp;ssl=1 450w, https:\/\/i0.wp.com\/www.shqiperia.com\/blog\/wp-content\/uploads\/2026\/09\/324324324324.jpg?resize=600%2C261&amp;ssl=1 600w, https:\/\/i0.wp.com\/www.shqiperia.com\/blog\/wp-content\/uploads\/2026\/09\/324324324324.jpg?resize=400%2C174&amp;ssl=1 400w, https:\/\/i0.wp.com\/www.shqiperia.com\/blog\/wp-content\/uploads\/2026\/09\/324324324324.jpg?w=1138&amp;ssl=1 1138w\" sizes=\"auto, (max-width: 621px) 100vw, 621px\" \/><\/p>\n<p>2 Shtator 2026<\/p>\n<p>K\u00ebt\u00eb t\u00eb m\u00ebrkur\u00eb mbahet protesta e 95-t\u00eb para kryeministris\u00eb, me synimin e vet\u00ebm largimin e qeveris\u00eb Rama<\/p>\n<p>Nj\u00eb i ri u shpreh se protesta e djeshme ishte paralajm\u00ebrim, nd\u00ebrsa theksoi se rrethimi i kryeministris\u00eb n\u00eb 7 shtator do b\u00ebnte q\u00eb Rama t\u00eb largohet nga godina p\u00ebrfundimisht.<\/p>\n<p>\u201cN\u00eb dit\u00ebn e 94, i dol\u00ebm p\u00ebrball\u00eb Ram\u00ebs, kok\u00ebs s\u00eb krimit dhe i treguam se nuk ikim derisa t\u00eb ik\u00ebsh ti. Sot mesa duket \u00ebsht\u00eb kujdesur t\u00eb ik\u00eb nga zyra para se t\u00eb vijm\u00eb ne. K\u00ebshtu q\u00eb t\u00eb gjith\u00eb duhet t\u00eb jemi gati n\u00eb \u00e7do moment e dit\u00eb q\u00eb kur ta shohim si kok\u00ebn e krimit dhe korrupsionit, \u00ebsht\u00eb detyra qytetare q\u00eb t\u2019i dalim para dhe t\u2019i tregojm\u00eb se nuk kemi frik\u00eb.<\/p>\n<p>Dje u detyrua t\u00eb ik\u00eb si mi. Ne do t\u00eb q\u00ebndrojm\u00eb derisa ai dhe qeveria e tij t\u00eb largohet. Dua t\u2019i them Edi Ram\u00ebs se ajo q\u00eb ke par\u00eb p\u00ebr 95 dit\u00eb, ajo q\u00eb ke par\u00eb dje, nuk \u00ebsht\u00eb asgj\u00eb sepse nuk ke par\u00eb asgj\u00eb akoma. 7 shtator n\u00eb 100 dit\u00ebshin e k\u00ebsaj rezistence paq\u00ebsore, i b\u00ebj thirrje \u00e7do shqiptari q\u00eb jo vet\u00ebm t\u00eb bllokojn\u00eb hyrjen e kryeministris\u00eb, por ta rrethojn\u00eb t\u00eb gjith\u00ebn.<\/p>\n<p>N\u00ebse dje i bllokuam hyrjen kur ai u largua si mi duke rrethuar t\u00eb gjith\u00eb kryeministrin\u00eb, ai mund t\u00eb largohet me nj\u00eb helikopter p\u00ebr t\u00eb mos u kthyer m\u00eb. Ne e kemi me Edi Ram\u00ebn si koka e krimit dhe korrupsionit jo me institucionin\u201d, tha ai.<\/p>\n","protected":false},"excerpt":{"rendered":"<p>2 Shtator 2026 K\u00ebt\u00eb t\u00eb m\u00ebrkur\u00eb mbahet protesta e 95-t\u00eb para kryeministris\u00eb, me synimin e vet\u00ebm largimin e qeveris\u00eb Rama Nj\u00eb i ri u shpreh se protesta e djeshme ishte paralajm\u00ebrim, nd\u00ebrsa theksoi se rrethimi i kryeministris\u00eb n\u00eb 7 shtator do b\u00ebnte q\u00eb Rama t\u00eb largohet nga godina p\u00ebrfundimisht. \u201cN\u00eb dit\u00ebn e 94, i dol\u00ebm [&hellip;]<\/p>\n","protected":false},"author":9,"featured_media":105795,"comment_status":"open","ping_status":"open","sticky":false,"template":"","format":"standard","meta":{"jetpack_post_was_ever_published":false,"_jetpack_newsletter_access":"","_jetpack_dont_email_post_to_subs":false,"_jetpack_newsletter_tier_id":0,"_jetpack_memberships_contains_paywalled_content":false,"_jetpack_memberships_contains_paid_content":false,"footnotes":"","jetpack_publicize_message":"","jetpack_publicize_feature_enabled":true,"jetpack_social_post_already_shared":true,"jetpack_social_options":{"image_generator_settings":{"template":"highway","default_image_id":0,"font":"","enabled":false},"version":2}},"categories":[27,1,2,35],"tags":[],"class_list":["post-105794","post","type-post","status-publish","format-standard","has-post-thumbnail","hentry","category-blogu-i-udhetarit","category-njoftime-shtypi","category-politika","category-shoqerore"],"jetpack_publicize_connections":[],"jetpack_featured_media_url":"https:\/\/i0.wp.com\/www.shqiperia.com\/blog\/wp-content\/uploads\/2026\/09\/324324324324.jpg?fit=1138%2C495&ssl=1","jetpack_sharing_enabled":true,"jetpack_shortlink":"https:\/\/wp.me\/p5Z6wp-rwm","jetpack-related-posts":[{"id":105565,"url":"https:\/\/www.shqiperia.com\/blog\/duhet-te-mobilizohemi-per-mosbindje-civile-me-12-shtator-diaspora-zbarkon-fuqimisht-ne-tirane\/","url_meta":{"origin":105794,"position":0},"title":"&#8220;Duhet t\u00eb mobilizohemi p\u00ebr mosbindje civile&#8221;\/ M\u00eb 12 shtator diaspora &#8216;zbarkon&#8217; fuqimisht n\u00eb Tiran\u00eb.","author":"Kurt Farka","date":"August 31, 2026","format":false,"excerpt":"31 Gusht 2026 Aktivisti shqiptar q\u00eb jeton n\u00eb Britani, Ilir Dedej, i ftuar ne nje lidhje te drejteperdrejte televizive ka komentuar protestat kund\u00ebr qeveris\u00eb, duke deklaruar se pas 93 dit\u00ebsh mobilizimi qytetar, sipas tij, pushteti i kryeministrit Edi Rama \u00ebsht\u00eb dob\u00ebsuar. Dedej tha se protesta duhet t\u00eb shkoj\u00eb p\u00ebrtej tubimeve\u2026","rel":"","context":"In &quot;Blogu i Udh\u00ebtarit&quot;","block_context":{"text":"Blogu i Udh\u00ebtarit","link":"https:\/\/www.shqiperia.com\/blog\/category\/blogu-i-udhetarit\/"},"img":{"alt_text":"","src":"https:\/\/i0.wp.com\/www.shqiperia.com\/blog\/wp-content\/uploads\/2026\/08\/Mijera-emigrante-shqiptare-proteste-ne-Londer.-Foto-Arkiv.jpg?fit=1200%2C675&ssl=1&resize=350%2C200","width":350,"height":200,"srcset":"https:\/\/i0.wp.com\/www.shqiperia.com\/blog\/wp-content\/uploads\/2026\/08\/Mijera-emigrante-shqiptare-proteste-ne-Londer.-Foto-Arkiv.jpg?fit=1200%2C675&ssl=1&resize=350%2C200 1x, https:\/\/i0.wp.com\/www.shqiperia.com\/blog\/wp-content\/uploads\/2026\/08\/Mijera-emigrante-shqiptare-proteste-ne-Londer.-Foto-Arkiv.jpg?fit=1200%2C675&ssl=1&resize=525%2C300 1.5x, https:\/\/i0.wp.com\/www.shqiperia.com\/blog\/wp-content\/uploads\/2026\/08\/Mijera-emigrante-shqiptare-proteste-ne-Londer.-Foto-Arkiv.jpg?fit=1200%2C675&ssl=1&resize=700%2C400 2x, https:\/\/i0.wp.com\/www.shqiperia.com\/blog\/wp-content\/uploads\/2026\/08\/Mijera-emigrante-shqiptare-proteste-ne-Londer.-Foto-Arkiv.jpg?fit=1200%2C675&ssl=1&resize=1050%2C600 3x"},"classes":[]},{"id":102701,"url":"https:\/\/www.shqiperia.com\/blog\/pjesemarrje-masive-mbyllet-protesta-e-45-te-per-doreheqjen-e-rames-qytetaret-thirrje-nga-bulevardi-ju-erdhi-fundi\/","url_meta":{"origin":105794,"position":1},"title":"Pjes\u00ebmarrje masive! Mbyllet protesta e 45-t\u00eb p\u00ebr dor\u00ebheqjen e Ram\u00ebs. Qytetar\u00ebt thirrje nga Bulevardi: Ju erdhi fundi!","author":"Kurt Farka","date":"July 14, 2026","format":false,"excerpt":"14 Korrik 2026 Shqip\u00ebria mbajti sot dit\u00ebn e 45-t\u00eb t\u00eb protestave qytetare, nd\u00ebrsa organizator\u00ebt kan\u00eb b\u00ebr\u00eb t\u00eb qart\u00eb se revolta nuk do t\u00eb ndalet, pavar\u00ebsisht temperaturave t\u00eb larta apo sezonit turistik. Edhe k\u00ebt\u00eb mbr\u00ebmje qytetar\u00ebt u mblodhen para Kryeministris\u00eb, duke k\u00ebrkuar dor\u00ebheqjen e kryeministrit Edi Rama dhe ndryshimin e sistemit\u2026","rel":"","context":"In &quot;Blogu i Udh\u00ebtarit&quot;","block_context":{"text":"Blogu i Udh\u00ebtarit","link":"https:\/\/www.shqiperia.com\/blog\/category\/blogu-i-udhetarit\/"},"img":{"alt_text":"","src":"https:\/\/i0.wp.com\/www.shqiperia.com\/blog\/wp-content\/uploads\/2026\/07\/protesta-masive-1.jpg?fit=1083%2C641&ssl=1&resize=350%2C200","width":350,"height":200,"srcset":"https:\/\/i0.wp.com\/www.shqiperia.com\/blog\/wp-content\/uploads\/2026\/07\/protesta-masive-1.jpg?fit=1083%2C641&ssl=1&resize=350%2C200 1x, https:\/\/i0.wp.com\/www.shqiperia.com\/blog\/wp-content\/uploads\/2026\/07\/protesta-masive-1.jpg?fit=1083%2C641&ssl=1&resize=525%2C300 1.5x, https:\/\/i0.wp.com\/www.shqiperia.com\/blog\/wp-content\/uploads\/2026\/07\/protesta-masive-1.jpg?fit=1083%2C641&ssl=1&resize=700%2C400 2x, https:\/\/i0.wp.com\/www.shqiperia.com\/blog\/wp-content\/uploads\/2026\/07\/protesta-masive-1.jpg?fit=1083%2C641&ssl=1&resize=1050%2C600 3x"},"classes":[]},{"id":102279,"url":"https:\/\/www.shqiperia.com\/blog\/protesta-e-te-shtunes-me-arkivolin-e-edi-rames-mesazh-kercenues-me-simbolin-e-rrezimit-te\/","url_meta":{"origin":105794,"position":2},"title":"Protesta e t\u00eb shtun\u00ebs me arkivolin e Edi Ram\u00ebs, mesazh k\u00ebrc\u00ebnues me simbolin e rr\u00ebzimit t\u00eb","author":"Kurt Farka","date":"July 6, 2026","format":false,"excerpt":"6 Korrik 2026 Pasi protestuesit nxor\u00ebn k\u00ebt\u00eb fundjav\u00eb (t\u00eb shtun\u00ebn e 4 korrikut) n\u00eb bulevard arkivolin me mbishkrimin \u201cArkivoli politik i Edi Ram\u00ebs\u201d, kryeministri duket se \u00ebsht\u00eb n\u00eb panik dhe i d\u00ebshp\u00ebruar n\u00eb reagimin e tij t\u00eb par\u00eb mbi ngjarjen.\u00a0 Z. Rama, i cili deri dje i p\u00ebrshkruante protestat si\u2026","rel":"","context":"In &quot;Blogu i Udh\u00ebtarit&quot;","block_context":{"text":"Blogu i Udh\u00ebtarit","link":"https:\/\/www.shqiperia.com\/blog\/category\/blogu-i-udhetarit\/"},"img":{"alt_text":"","src":"https:\/\/i0.wp.com\/www.shqiperia.com\/blog\/wp-content\/uploads\/2026\/07\/foto-4-1-1140x570-1.jpg?fit=1140%2C570&ssl=1&resize=350%2C200","width":350,"height":200,"srcset":"https:\/\/i0.wp.com\/www.shqiperia.com\/blog\/wp-content\/uploads\/2026\/07\/foto-4-1-1140x570-1.jpg?fit=1140%2C570&ssl=1&resize=350%2C200 1x, https:\/\/i0.wp.com\/www.shqiperia.com\/blog\/wp-content\/uploads\/2026\/07\/foto-4-1-1140x570-1.jpg?fit=1140%2C570&ssl=1&resize=525%2C300 1.5x, https:\/\/i0.wp.com\/www.shqiperia.com\/blog\/wp-content\/uploads\/2026\/07\/foto-4-1-1140x570-1.jpg?fit=1140%2C570&ssl=1&resize=700%2C400 2x, https:\/\/i0.wp.com\/www.shqiperia.com\/blog\/wp-content\/uploads\/2026\/07\/foto-4-1-1140x570-1.jpg?fit=1140%2C570&ssl=1&resize=1050%2C600 3x"},"classes":[]},{"id":101151,"url":"https:\/\/www.shqiperia.com\/blog\/ik-sa-me-shpejt-o-kriminel-o-hajdut-gent-progni-para-kryeministrise-protesta-nuk-eshte-vetem-per-zvernecin\/","url_meta":{"origin":105794,"position":3},"title":"\u201cIk sa m\u00eb shpejt o kriminel, o hajdut!\u201d\/ Gent Progni para Kryeministris\u00eb: Protesta nuk \u00ebsht\u00eb vet\u00ebm p\u00ebr Zv\u00ebrnecin","author":"Kurt Farka","date":"June 5, 2026","format":false,"excerpt":"5 Qershor 2026 Eksperti i IT dhe protestuesi Gent Progni ka marr\u00eb fjal\u00ebn n\u00eb tubimin masiv qytetar para Kryeministris\u00eb Progni \u00ebsht\u00eb shprehur se kjo protest\u00eb nuk kufizohet vet\u00ebm me kauz\u00ebn e Zv\u00ebrnecit. Ai theksoi se sot jan\u00eb edhe m\u00eb shum\u00eb protestues dhe nes\u00ebr do t\u00eb ket\u00eb s\u00ebrish m\u00eb tep\u00ebr. Progni\u2026","rel":"","context":"In &quot;Blogu i Udh\u00ebtarit&quot;","block_context":{"text":"Blogu i Udh\u00ebtarit","link":"https:\/\/www.shqiperia.com\/blog\/category\/blogu-i-udhetarit\/"},"img":{"alt_text":"","src":"https:\/\/i0.wp.com\/www.shqiperia.com\/blog\/wp-content\/uploads\/2026\/06\/protesta-ne-bulevard-4-qershor-2026-300x132.jpg?resize=350%2C200&ssl=1","width":350,"height":200,"srcset":"https:\/\/i0.wp.com\/www.shqiperia.com\/blog\/wp-content\/uploads\/2026\/06\/protesta-ne-bulevard-4-qershor-2026-300x132.jpg?resize=350%2C200&ssl=1 1x, https:\/\/i0.wp.com\/www.shqiperia.com\/blog\/wp-content\/uploads\/2026\/06\/protesta-ne-bulevard-4-qershor-2026-300x132.jpg?resize=525%2C300&ssl=1 1.5x, https:\/\/i0.wp.com\/www.shqiperia.com\/blog\/wp-content\/uploads\/2026\/06\/protesta-ne-bulevard-4-qershor-2026-300x132.jpg?resize=700%2C400&ssl=1 2x"},"classes":[]},{"id":105204,"url":"https:\/\/www.shqiperia.com\/blog\/foto-nga-protesta-dita-e-87te-pjesmarrje-masive-nuk-ndalemi-deri-ne-largimin-e-rames\/","url_meta":{"origin":105794,"position":4},"title":"Foto nga protesta, dita e 87=t\u00eb, pjesmarrje masive &#8211; Nuk ndalemi deri n\u00eb largimin e Ram\u00ebs","author":"Kurt Farka","date":"August 26, 2026","format":false,"excerpt":"26 Gusht 2026 \u00cbsht\u00eb zhvilluar n\u00eb dit\u00ebn e 87-t\u00eb protesta qytetare para Kryeministris\u00eb, ku p\u00ebr gati 3 muaj k\u00ebrkohet dor\u00ebheqja e Edi Ram\u00ebs. Pas grumbullimit n\u00eb sheshin \u201cSk\u00ebnderbej\u201d, qytetar\u00ebt marshuan drejt Kryeministris\u00eb, ku u mbajt\u00ebn edhe fjalimet e protestuesve. Gjat\u00eb protest\u00ebs, profesori Lush Susaj dha nj\u00eb mesazh t\u00eb fort\u00eb, duke\u2026","rel":"","context":"In &quot;Blogu i Udh\u00ebtarit&quot;","block_context":{"text":"Blogu i Udh\u00ebtarit","link":"https:\/\/www.shqiperia.com\/blog\/category\/blogu-i-udhetarit\/"},"img":{"alt_text":"","src":"https:\/\/i0.wp.com\/www.shqiperia.com\/blog\/wp-content\/uploads\/2026\/08\/Dita-e-87-te-e-Protestes.-25-Gusht-2026.jpg?fit=900%2C600&ssl=1&resize=350%2C200","width":350,"height":200,"srcset":"https:\/\/i0.wp.com\/www.shqiperia.com\/blog\/wp-content\/uploads\/2026\/08\/Dita-e-87-te-e-Protestes.-25-Gusht-2026.jpg?fit=900%2C600&ssl=1&resize=350%2C200 1x, https:\/\/i0.wp.com\/www.shqiperia.com\/blog\/wp-content\/uploads\/2026\/08\/Dita-e-87-te-e-Protestes.-25-Gusht-2026.jpg?fit=900%2C600&ssl=1&resize=525%2C300 1.5x, https:\/\/i0.wp.com\/www.shqiperia.com\/blog\/wp-content\/uploads\/2026\/08\/Dita-e-87-te-e-Protestes.-25-Gusht-2026.jpg?fit=900%2C600&ssl=1&resize=700%2C400 2x"},"classes":[]},{"id":102232,"url":"https:\/\/www.shqiperia.com\/blog\/protesta-nuk-kemi-plan-te-ulemi-ne-tryeze-jo-negociata-me-ramen\/","url_meta":{"origin":105794,"position":5},"title":"Protesta &#8211; Nuk kemi plan t\u00eb ulemi n\u00eb tryez\u00eb, jo negociata me Ram\u00ebn.","author":"Kurt Farka","date":"July 4, 2026","format":false,"excerpt":"4 Korrik 2026 Aktivisti Erjon Murataj ka deklaruar se protestuesit nuk kan\u00eb nd\u00ebrmend q\u00eb t\u00eb ulen n\u00eb nj\u00eb tryez\u00eb p\u00ebr t\u00eb negociuar me kryeministrin Rama. I ftuar n\u00eb News24, aktivisti p\u00ebrs\u00ebriti q\u00ebndrimin e pal\u00ebkundur t\u00eb dor\u00ebheqjes s\u00eb kryeministrit Rama. Madje e k\u00ebshilloi q\u00eb dor\u00ebheqjen kreu i qeveris\u00eb t\u2019ia b\u00ebj\u00eb dhurat\u00eb\u2026","rel":"","context":"In &quot;Blogu i Udh\u00ebtarit&quot;","block_context":{"text":"Blogu i Udh\u00ebtarit","link":"https:\/\/www.shqiperia.com\/blog\/category\/blogu-i-udhetarit\/"},"img":{"alt_text":"","src":"https:\/\/i0.wp.com\/www.shqiperia.com\/blog\/wp-content\/uploads\/2026\/07\/erjon-murataj.jpg?fit=645%2C468&ssl=1&resize=350%2C200","width":350,"height":200,"srcset":"https:\/\/i0.wp.com\/www.shqiperia.com\/blog\/wp-content\/uploads\/2026\/07\/erjon-murataj.jpg?fit=645%2C468&ssl=1&resize=350%2C200 1x, https:\/\/i0.wp.com\/www.shqiperia.com\/blog\/wp-content\/uploads\/2026\/07\/erjon-murataj.jpg?fit=645%2C468&ssl=1&resize=525%2C300 1.5x"},"classes":[]}],"_links":{"self":[{"href":"https:\/\/www.shqiperia.com\/blog\/wp-json\/wp\/v2\/posts\/105794","targetHints":{"allow":["GET"]}}],"collection":[{"href":"https:\/\/www.shqiperia.com\/blog\/wp-json\/wp\/v2\/posts"}],"about":[{"href":"https:\/\/www.shqiperia.com\/blog\/wp-json\/wp\/v2\/types\/post"}],"author":[{"embeddable":true,"href":"https:\/\/www.shqiperia.com\/blog\/wp-json\/wp\/v2\/users\/9"}],"replies":[{"embeddable":true,"href":"https:\/\/www.shqiperia.com\/blog\/wp-json\/wp\/v2\/comments?post=105794"}],"version-history":[{"count":1,"href":"https:\/\/www.shqiperia.com\/blog\/wp-json\/wp\/v2\/posts\/105794\/revisions"}],"predecessor-version":[{"id":105796,"href":"https:\/\/www.shqiperia.com\/blog\/wp-json\/wp\/v2\/posts\/105794\/revisions\/105796"}],"wp:featuredmedia":[{"embeddable":true,"href":"https:\/\/www.shqiperia.com\/blog\/wp-json\/wp\/v2\/media\/105795"}],"wp:attachment":[{"href":"https:\/\/www.shqiperia.com\/blog\/wp-json\/wp\/v2\/media?parent=105794"}],"wp:term":[{"taxonomy":"category","embeddable":true,"href":"https:\/\/www.shqiperia.com\/blog\/wp-json\/wp\/v2\/categories?post=105794"},{"taxonomy":"post_tag","embeddable":true,"href":"https:\/\/www.shqiperia.com\/blog\/wp-json\/wp\/v2\/tags?post=105794"}],"curies":[{"name":"wp","href":"https:\/\/api.w.org\/{rel}","templated":true}]}}