{"id":105791,"date":"2026-09-02T22:54:30","date_gmt":"2026-09-02T22:54:30","guid":{"rendered":"https:\/\/www.shqiperia.com\/blog\/?p=105791"},"modified":"2026-09-02T22:54:30","modified_gmt":"2026-09-02T22:54:30","slug":"revolta-kunder-qeverise-studentet-i-bashkohen-protestes-para-kryeministrise-organizohuni-te-gjithe-kombi-na-therret","status":"publish","type":"post","link":"https:\/\/www.shqiperia.com\/blog\/revolta-kunder-qeverise-studentet-i-bashkohen-protestes-para-kryeministrise-organizohuni-te-gjithe-kombi-na-therret\/","title":{"rendered":"Revolta kund\u00ebr qeveris\u00eb\/ Student\u00ebt i bashkohen protest\u00ebs para Kryeministris\u00eb: Organizohuni t\u00eb gjith\u00eb, kombi na th\u00ebrret"},"content":{"rendered":"<p><img data-recalc-dims=\"1\" loading=\"lazy\" decoding=\"async\" data-attachment-id=\"105792\" data-permalink=\"https:\/\/www.shqiperia.com\/blog\/revolta-kunder-qeverise-studentet-i-bashkohen-protestes-para-kryeministrise-organizohuni-te-gjithe-kombi-na-therret\/studentet1-2\/\" data-orig-file=\"https:\/\/i0.wp.com\/www.shqiperia.com\/blog\/wp-content\/uploads\/2026\/09\/studentet1.jpg?fit=1187%2C567&amp;ssl=1\" data-orig-size=\"1187,567\" data-comments-opened=\"1\" data-image-meta=\"{&quot;aperture&quot;:&quot;0&quot;,&quot;credit&quot;:&quot;&quot;,&quot;camera&quot;:&quot;&quot;,&quot;caption&quot;:&quot;&quot;,&quot;created_timestamp&quot;:&quot;0&quot;,&quot;copyright&quot;:&quot;&quot;,&quot;focal_length&quot;:&quot;0&quot;,&quot;iso&quot;:&quot;0&quot;,&quot;shutter_speed&quot;:&quot;0&quot;,&quot;title&quot;:&quot;&quot;,&quot;orientation&quot;:&quot;0&quot;}\" data-image-title=\"studentet1\" data-image-description=\"\" data-image-caption=\"\" data-medium-file=\"https:\/\/i0.wp.com\/www.shqiperia.com\/blog\/wp-content\/uploads\/2026\/09\/studentet1.jpg?fit=300%2C143&amp;ssl=1\" data-large-file=\"https:\/\/i0.wp.com\/www.shqiperia.com\/blog\/wp-content\/uploads\/2026\/09\/studentet1.jpg?fit=1024%2C489&amp;ssl=1\" class=\"alignnone  wp-image-105792\" alt=\"\" src=\"https:\/\/i0.wp.com\/www.shqiperia.com\/blog\/wp-content\/uploads\/2026\/09\/studentet1.jpg?resize=684%2C326&#038;ssl=1\" width=\"684\" height=\"326\" srcset=\"https:\/\/i0.wp.com\/www.shqiperia.com\/blog\/wp-content\/uploads\/2026\/09\/studentet1.jpg?resize=300%2C143&amp;ssl=1 300w, https:\/\/i0.wp.com\/www.shqiperia.com\/blog\/wp-content\/uploads\/2026\/09\/studentet1.jpg?resize=1024%2C489&amp;ssl=1 1024w, https:\/\/i0.wp.com\/www.shqiperia.com\/blog\/wp-content\/uploads\/2026\/09\/studentet1.jpg?resize=768%2C367&amp;ssl=1 768w, https:\/\/i0.wp.com\/www.shqiperia.com\/blog\/wp-content\/uploads\/2026\/09\/studentet1.jpg?resize=450%2C215&amp;ssl=1 450w, https:\/\/i0.wp.com\/www.shqiperia.com\/blog\/wp-content\/uploads\/2026\/09\/studentet1.jpg?resize=600%2C287&amp;ssl=1 600w, https:\/\/i0.wp.com\/www.shqiperia.com\/blog\/wp-content\/uploads\/2026\/09\/studentet1.jpg?resize=400%2C191&amp;ssl=1 400w, https:\/\/i0.wp.com\/www.shqiperia.com\/blog\/wp-content\/uploads\/2026\/09\/studentet1.jpg?w=1187&amp;ssl=1 1187w\" sizes=\"auto, (max-width: 684px) 100vw, 684px\" \/><\/p>\n<p>2 Shtator 2026<\/p>\n<p>Student\u00ebt i jan\u00eb bashkuar qytetar\u00ebve q\u00eb prej 95 dit\u00ebsh protestojn\u00eb para Kryeministris\u00eb, duke k\u00ebrkuar dor\u00ebheqjen e kryeministrit Edi Rama.<\/p>\n<p>T\u00eb pranish\u00ebm n\u00eb protest\u00eb, student\u00ebt mbanin pankarta me mesazhet \u201cBashkohuni student\u00eb, kombi na th\u00ebrret\u201d dhe \u201cStudent\u00ebt jan\u00eb k\u00ebtu\u201d.<\/p>\n<p>N\u00eb momentin q\u00eb student\u00ebt iu bashkuan protestuesve, nga turma u d\u00ebgjuan brohoritjet \u201cPa rini nuk ka Shqip\u00ebri\u201d.<\/p>\n<p>Protestat vijojn\u00eb prej 95 dit\u00ebsh, nd\u00ebrsa organizator\u00ebt kan\u00eb paralajm\u00ebruar p\u00ebrshkall\u00ebzim t\u00eb tyre n\u00eb dit\u00ebt n\u00eb vijim.<\/p>\n","protected":false},"excerpt":{"rendered":"<p>2 Shtator 2026 Student\u00ebt i jan\u00eb bashkuar qytetar\u00ebve q\u00eb prej 95 dit\u00ebsh protestojn\u00eb para Kryeministris\u00eb, duke k\u00ebrkuar dor\u00ebheqjen e kryeministrit Edi Rama. T\u00eb pranish\u00ebm n\u00eb protest\u00eb, student\u00ebt mbanin pankarta me mesazhet \u201cBashkohuni student\u00eb, kombi na th\u00ebrret\u201d dhe \u201cStudent\u00ebt jan\u00eb k\u00ebtu\u201d. N\u00eb momentin q\u00eb student\u00ebt iu bashkuan protestuesve, nga turma u d\u00ebgjuan brohoritjet \u201cPa rini nuk [&hellip;]<\/p>\n","protected":false},"author":9,"featured_media":105792,"comment_status":"open","ping_status":"open","sticky":false,"template":"","format":"standard","meta":{"jetpack_post_was_ever_published":false,"_jetpack_newsletter_access":"","_jetpack_dont_email_post_to_subs":false,"_jetpack_newsletter_tier_id":0,"_jetpack_memberships_contains_paywalled_content":false,"_jetpack_memberships_contains_paid_content":false,"footnotes":"","jetpack_publicize_message":"","jetpack_publicize_feature_enabled":true,"jetpack_social_post_already_shared":true,"jetpack_social_options":{"image_generator_settings":{"template":"highway","default_image_id":0,"font":"","enabled":false},"version":2}},"categories":[27,1,2,35],"tags":[],"class_list":["post-105791","post","type-post","status-publish","format-standard","has-post-thumbnail","hentry","category-blogu-i-udhetarit","category-njoftime-shtypi","category-politika","category-shoqerore"],"jetpack_publicize_connections":[],"jetpack_featured_media_url":"https:\/\/i0.wp.com\/www.shqiperia.com\/blog\/wp-content\/uploads\/2026\/09\/studentet1.jpg?fit=1187%2C567&ssl=1","jetpack_sharing_enabled":true,"jetpack_shortlink":"https:\/\/wp.me\/p5Z6wp-rwj","jetpack-related-posts":[{"id":101206,"url":"https:\/\/www.shqiperia.com\/blog\/protestuesit-ne-kor-rama-jepe-doreheqjen-edhe-studentet-e-diaspores-do-i-kesh-ketu\/","url_meta":{"origin":105791,"position":0},"title":"Protestuesit n\u00eb kor: Rama jepe dor\u00ebheqjen! &#8211; Edhe student\u00ebt e diaspor\u00ebs do i kesh k\u00ebtu","author":"Kurt Farka","date":"June 6, 2026","format":false,"excerpt":"6 Qershor 2026 Rama jepe dor\u00ebheqjen, Rama jep dor\u00ebheqjen! Rama jep dor\u00ebheqjen!\u2019 Ishte thirrja me z\u00eb t\u00eb lart\u00eb e protestuesve mbr\u00ebmjen e sotme para kryeministris\u00eb. Protesta e nisur n\u00eb or\u00ebn 18:00 vijon ende edhe tani n\u00eb or\u00ebn 21:40 minuta. Nj\u00eb student duke marr\u00eb fjal\u00ebn n\u00eb podiumin e improvizuar para kryeministris\u00eb\u2026","rel":"","context":"In &quot;Blogu i Udh\u00ebtarit&quot;","block_context":{"text":"Blogu i Udh\u00ebtarit","link":"https:\/\/www.shqiperia.com\/blog\/category\/blogu-i-udhetarit\/"},"img":{"alt_text":"","src":"https:\/\/i0.wp.com\/www.shqiperia.com\/blog\/wp-content\/uploads\/2026\/06\/800-0-1780775936xcapturepng-938.png?fit=800%2C507&ssl=1&resize=350%2C200","width":350,"height":200,"srcset":"https:\/\/i0.wp.com\/www.shqiperia.com\/blog\/wp-content\/uploads\/2026\/06\/800-0-1780775936xcapturepng-938.png?fit=800%2C507&ssl=1&resize=350%2C200 1x, https:\/\/i0.wp.com\/www.shqiperia.com\/blog\/wp-content\/uploads\/2026\/06\/800-0-1780775936xcapturepng-938.png?fit=800%2C507&ssl=1&resize=525%2C300 1.5x, https:\/\/i0.wp.com\/www.shqiperia.com\/blog\/wp-content\/uploads\/2026\/06\/800-0-1780775936xcapturepng-938.png?fit=800%2C507&ssl=1&resize=700%2C400 2x"},"classes":[]},{"id":101004,"url":"https:\/\/www.shqiperia.com\/blog\/thirrja-e-forte-nga-protesta-per-te-rinjte-mos-u-largoni-nga-shqiperia-duhet-te-ike-rama-studentet-nderrojne-qeverine\/","url_meta":{"origin":105791,"position":1},"title":"Thirrja e fort\u00eb nga protesta p\u00ebr t\u00eb rinjt\u00eb: Mos u largoni nga Shqip\u00ebria, duhet t\u00eb ik\u00eb Rama! Student\u00ebt nd\u00ebrrojn\u00eb qeverin\u00eb!","author":"Kurt Farka","date":"June 3, 2026","format":false,"excerpt":"3 Qershor 2026 Thirrje t\u00eb forta vijn\u00eb nga protesta para Kryeministris\u00eb q\u00eb po mbahet kund\u00ebr projektit t\u00eb Zv\u00ebrnecit dhe jo vet\u00ebm. Nj\u00eb i ri iu ka b\u00ebr\u00eb thirrje shqiptar\u00ebve q\u00eb t\u00eb mos ikin nga vendi i tyre, nd\u00ebrsa ai q\u00eb duhet t\u00eb ik\u00eb \u00ebsht\u00eb vet\u00ebm Rama Madje ai ta se\u2026","rel":"","context":"In &quot;Kultura&quot;","block_context":{"text":"Kultura","link":"https:\/\/www.shqiperia.com\/blog\/category\/kultura\/"},"img":{"alt_text":"","src":"https:\/\/i0.wp.com\/www.shqiperia.com\/blog\/wp-content\/uploads\/2026\/06\/protesta-zvernces.jpeg?fit=675%2C450&ssl=1&resize=350%2C200","width":350,"height":200,"srcset":"https:\/\/i0.wp.com\/www.shqiperia.com\/blog\/wp-content\/uploads\/2026\/06\/protesta-zvernces.jpeg?fit=675%2C450&ssl=1&resize=350%2C200 1x, https:\/\/i0.wp.com\/www.shqiperia.com\/blog\/wp-content\/uploads\/2026\/06\/protesta-zvernces.jpeg?fit=675%2C450&ssl=1&resize=525%2C300 1.5x"},"classes":[]},{"id":100002,"url":"https:\/\/www.shqiperia.com\/blog\/studentet-e-helmuar-ne-spital-aku-po-fsheh-provat-e-ushqimit-te-kontaminuar\/","url_meta":{"origin":105791,"position":2},"title":"Student\u00ebt e helmuar n\u00eb spital. &#8211; AKU po fsheh provat e ushqimit t\u00eb kontaminuar?","author":"Kurt Farka","date":"May 7, 2026","format":false,"excerpt":"7 Maji 2026 Nga Alketa \u00c7eku. Thellohet skandali i helmimit masiv t\u00eb kursant\u00ebve t\u00eb Akademis\u00eb s\u00eb Siguris\u00eb n\u00eb Sauk. Nd\u00ebrsa dhjet\u00ebra student\u00eb p\u00ebrfunduan n\u00eb spital me simptoma t\u00eb r\u00ebnda helmimi, dyshimet tashm\u00eb nuk bien vet\u00ebm mbi ushqimin e konsumuar, por edhe mbi m\u00ebnyr\u00ebn se si po administrohet i gjith\u00eb procesi\u2026","rel":"","context":"In &quot;Blogu i Udh\u00ebtarit&quot;","block_context":{"text":"Blogu i Udh\u00ebtarit","link":"https:\/\/www.shqiperia.com\/blog\/category\/blogu-i-udhetarit\/"},"img":{"alt_text":"","src":"https:\/\/i0.wp.com\/www.shqiperia.com\/blog\/wp-content\/uploads\/2026\/05\/600-388-cover-aku-analizat-tek-akademia-1778166220.jpg?fit=600%2C388&ssl=1&resize=350%2C200","width":350,"height":200,"srcset":"https:\/\/i0.wp.com\/www.shqiperia.com\/blog\/wp-content\/uploads\/2026\/05\/600-388-cover-aku-analizat-tek-akademia-1778166220.jpg?fit=600%2C388&ssl=1&resize=350%2C200 1x, https:\/\/i0.wp.com\/www.shqiperia.com\/blog\/wp-content\/uploads\/2026\/05\/600-388-cover-aku-analizat-tek-akademia-1778166220.jpg?fit=600%2C388&ssl=1&resize=525%2C300 1.5x"},"classes":[]},{"id":102018,"url":"https:\/\/www.shqiperia.com\/blog\/studentet-mesazh-te-forte-rames-shpalosin-banderolen-gjigande-ne-universitetin-politeknik\/","url_meta":{"origin":105791,"position":3},"title":"Student\u00ebt mesazh t\u00eb fort\u00eb Ram\u00ebs, shpalosin banderol\u00ebn gjigande n\u00eb Universitetin Politeknik","author":"Kurt Farka","date":"June 30, 2026","format":false,"excerpt":"30 Qershor 2026 Nj\u00eb grup student\u00ebsh kan\u00eb shpalosur nj\u00eb banderol\u00eb gjigante ku shkruhet \u201cJu erdhi fundi\u201d!, \u201cShqip\u00ebria nuk \u00ebsht\u00eb n\u00eb shitje\u201d. Bnaderola u shpalos n\u00eb ballkonin e Universitetit Politeknik. N\u00eb shenj\u00eb revolte u ndez\u00ebn edhe flakadan\u00eb. Ky ka qen\u00eb edhe nj\u00eb moment i fort\u00eb dhe kulminant n\u00eb protest\u00eb. Ky ishte\u2026","rel":"","context":"In &quot;Blogu i Udh\u00ebtarit&quot;","block_context":{"text":"Blogu i Udh\u00ebtarit","link":"https:\/\/www.shqiperia.com\/blog\/category\/blogu-i-udhetarit\/"},"img":{"alt_text":"","src":"https:\/\/i0.wp.com\/www.shqiperia.com\/blog\/wp-content\/uploads\/2026\/06\/flakadane-1.jpg?fit=1200%2C587&ssl=1&resize=350%2C200","width":350,"height":200,"srcset":"https:\/\/i0.wp.com\/www.shqiperia.com\/blog\/wp-content\/uploads\/2026\/06\/flakadane-1.jpg?fit=1200%2C587&ssl=1&resize=350%2C200 1x, https:\/\/i0.wp.com\/www.shqiperia.com\/blog\/wp-content\/uploads\/2026\/06\/flakadane-1.jpg?fit=1200%2C587&ssl=1&resize=525%2C300 1.5x, https:\/\/i0.wp.com\/www.shqiperia.com\/blog\/wp-content\/uploads\/2026\/06\/flakadane-1.jpg?fit=1200%2C587&ssl=1&resize=700%2C400 2x, https:\/\/i0.wp.com\/www.shqiperia.com\/blog\/wp-content\/uploads\/2026\/06\/flakadane-1.jpg?fit=1200%2C587&ssl=1&resize=1050%2C600 3x"},"classes":[]},{"id":100500,"url":"https:\/\/www.shqiperia.com\/blog\/shqiptaria-eshte-me-shkupin-studentet-njoftojne-proteste-ne-sheshin-skenderbej-marshojme-drejt-ambasades-se-maqedonise-se-veriut-ne-tirane\/","url_meta":{"origin":105791,"position":4},"title":"\u201cShqiptaria \u00ebsht\u00eb me Shkupin\u201d\/ Student\u00ebt njoftojn\u00eb protest\u00eb n\u00eb sheshin \u201cSk\u00ebnderbej\u201d: &#8211; Marshojm\u00eb drejt Ambasad\u00ebs s\u00eb Maqedonis\u00eb s\u00eb Veriut n\u00eb Tiran\u00eb","author":"Kurt Farka","date":"May 20, 2026","format":false,"excerpt":"20 Maji 2026 Student\u00ebt shqiptar\u00eb kan\u00eb paralajm\u00ebruar organizimin e nj\u00eb proteste m\u00eb 26 maj n\u00eb Sheshin \u201cSk\u00ebnderbej\u201d n\u00eb Tiran\u00eb, n\u00eb shenj\u00eb solidariteti me zhvillimet e fundit q\u00eb lidhen me \u00e7\u00ebshtjen e gjuh\u00ebs shqipe n\u00eb Maqedonin\u00eb e Veriut. Nisma vjen vet\u00ebm dy dit\u00eb pas protest\u00ebs s\u00eb mbajtur n\u00eb Shkup, ku nj\u00eb\u2026","rel":"","context":"In &quot;Blogu i Udh\u00ebtarit&quot;","block_context":{"text":"Blogu i Udh\u00ebtarit","link":"https:\/\/www.shqiperia.com\/blog\/category\/blogu-i-udhetarit\/"},"img":{"alt_text":"","src":"https:\/\/i0.wp.com\/www.shqiperia.com\/blog\/wp-content\/uploads\/2026\/05\/Capture-126.jpg?fit=699%2C385&ssl=1&resize=350%2C200","width":350,"height":200,"srcset":"https:\/\/i0.wp.com\/www.shqiperia.com\/blog\/wp-content\/uploads\/2026\/05\/Capture-126.jpg?fit=699%2C385&ssl=1&resize=350%2C200 1x, https:\/\/i0.wp.com\/www.shqiperia.com\/blog\/wp-content\/uploads\/2026\/05\/Capture-126.jpg?fit=699%2C385&ssl=1&resize=525%2C300 1.5x"},"classes":[]},{"id":55205,"url":"https:\/\/www.shqiperia.com\/blog\/studentet-e-ubt-ne-kembe-drejt-qendres-se-tiranes-ndalen-te-ministria-e-arsimit-do-jemi-para-kryeministrise\/","url_meta":{"origin":105791,"position":5},"title":"Student\u00ebt e UBT n\u00eb k\u00ebmb\u00eb drejt qendr\u00ebs s\u00eb Tiran\u00ebs, ndalen te Ministria e Arsimit:- Do jemi para Kryeministris\u00eb!","author":"Kurt Farka","date":"March 11, 2022","format":false,"excerpt":"Student\u00ebt e UBT n\u00eb k\u00ebmb\u00eb drejt qendr\u00ebs s\u00eb Tiran\u00ebs, ndalen te Ministria e Arsimit:- Do jemi para Kryeministris\u00eb! - 11.03.22 Student\u00ebt e Universitetit Bujq\u00ebsor t\u00eb Tiran\u00ebs kan\u00eb bllokuar rrug\u00ebn dhe po marshojn\u00eb drejt qendr\u00ebs s\u00eb Tiran\u00ebs p\u00ebr t\u00eb protestuar p\u00ebr rritjen e \u00e7mimit t\u00eb naft\u00ebs. Me thirrjet \u201cUBT proteston\u201d, \u201cngrihuni\u2026","rel":"","context":"In &quot;Blogu i Udh\u00ebtarit&quot;","block_context":{"text":"Blogu i Udh\u00ebtarit","link":"https:\/\/www.shqiperia.com\/blog\/category\/blogu-i-udhetarit\/"},"img":{"alt_text":"","src":"https:\/\/i0.wp.com\/www.shqiperia.com\/blog\/wp-content\/uploads\/2022\/03\/Studentet-e-UBT-ne-kembe-drejt-qendres-se-Tiranes-Do-jemi-para-Kryeministrise-3.png?fit=768%2C433&ssl=1&resize=350%2C200","width":350,"height":200,"srcset":"https:\/\/i0.wp.com\/www.shqiperia.com\/blog\/wp-content\/uploads\/2022\/03\/Studentet-e-UBT-ne-kembe-drejt-qendres-se-Tiranes-Do-jemi-para-Kryeministrise-3.png?fit=768%2C433&ssl=1&resize=350%2C200 1x, https:\/\/i0.wp.com\/www.shqiperia.com\/blog\/wp-content\/uploads\/2022\/03\/Studentet-e-UBT-ne-kembe-drejt-qendres-se-Tiranes-Do-jemi-para-Kryeministrise-3.png?fit=768%2C433&ssl=1&resize=525%2C300 1.5x, https:\/\/i0.wp.com\/www.shqiperia.com\/blog\/wp-content\/uploads\/2022\/03\/Studentet-e-UBT-ne-kembe-drejt-qendres-se-Tiranes-Do-jemi-para-Kryeministrise-3.png?fit=768%2C433&ssl=1&resize=700%2C400 2x"},"classes":[]}],"_links":{"self":[{"href":"https:\/\/www.shqiperia.com\/blog\/wp-json\/wp\/v2\/posts\/105791","targetHints":{"allow":["GET"]}}],"collection":[{"href":"https:\/\/www.shqiperia.com\/blog\/wp-json\/wp\/v2\/posts"}],"about":[{"href":"https:\/\/www.shqiperia.com\/blog\/wp-json\/wp\/v2\/types\/post"}],"author":[{"embeddable":true,"href":"https:\/\/www.shqiperia.com\/blog\/wp-json\/wp\/v2\/users\/9"}],"replies":[{"embeddable":true,"href":"https:\/\/www.shqiperia.com\/blog\/wp-json\/wp\/v2\/comments?post=105791"}],"version-history":[{"count":1,"href":"https:\/\/www.shqiperia.com\/blog\/wp-json\/wp\/v2\/posts\/105791\/revisions"}],"predecessor-version":[{"id":105793,"href":"https:\/\/www.shqiperia.com\/blog\/wp-json\/wp\/v2\/posts\/105791\/revisions\/105793"}],"wp:featuredmedia":[{"embeddable":true,"href":"https:\/\/www.shqiperia.com\/blog\/wp-json\/wp\/v2\/media\/105792"}],"wp:attachment":[{"href":"https:\/\/www.shqiperia.com\/blog\/wp-json\/wp\/v2\/media?parent=105791"}],"wp:term":[{"taxonomy":"category","embeddable":true,"href":"https:\/\/www.shqiperia.com\/blog\/wp-json\/wp\/v2\/categories?post=105791"},{"taxonomy":"post_tag","embeddable":true,"href":"https:\/\/www.shqiperia.com\/blog\/wp-json\/wp\/v2\/tags?post=105791"}],"curies":[{"name":"wp","href":"https:\/\/api.w.org\/{rel}","templated":true}]}}