{"id":105787,"date":"2026-09-02T22:51:17","date_gmt":"2026-09-02T22:51:17","guid":{"rendered":"https:\/\/www.shqiperia.com\/blog\/?p=105787"},"modified":"2026-09-02T22:51:17","modified_gmt":"2026-09-02T22:51:17","slug":"protesta-kunder-rames-nuk-jeni-vetem-qytetaret-mberrijne-te-blloku-i-sigurise-jehojne-thirrjet-lironi-cunat-lironi-gocat","status":"publish","type":"post","link":"https:\/\/www.shqiperia.com\/blog\/protesta-kunder-rames-nuk-jeni-vetem-qytetaret-mberrijne-te-blloku-i-sigurise-jehojne-thirrjet-lironi-cunat-lironi-gocat\/","title":{"rendered":"Protesta kund\u00ebr Ram\u00ebs\/ \u201cNuk jeni vet\u00ebm\u201d, qytetar\u00ebt mb\u00ebrrijn\u00eb t\u00eb Blloku i Siguris\u00eb, jehojn\u00eb thirrjet: Lironi \u00e7unat, lironi gocat"},"content":{"rendered":"<p><img data-recalc-dims=\"1\" loading=\"lazy\" decoding=\"async\" data-attachment-id=\"105789\" data-permalink=\"https:\/\/www.shqiperia.com\/blog\/protesta-kunder-rames-nuk-jeni-vetem-qytetaret-mberrijne-te-blloku-i-sigurise-jehojne-thirrjet-lironi-cunat-lironi-gocat\/mine-pezaaaaaaaaaaaaaaaa\/\" data-orig-file=\"https:\/\/i0.wp.com\/www.shqiperia.com\/blog\/wp-content\/uploads\/2026\/09\/mine-pezaaaaaaaaaaaaaaaa.jpg?fit=1249%2C613&amp;ssl=1\" data-orig-size=\"1249,613\" data-comments-opened=\"1\" data-image-meta=\"{&quot;aperture&quot;:&quot;0&quot;,&quot;credit&quot;:&quot;Redaksia&quot;,&quot;camera&quot;:&quot;&quot;,&quot;caption&quot;:&quot;&quot;,&quot;created_timestamp&quot;:&quot;1788386404&quot;,&quot;copyright&quot;:&quot;&quot;,&quot;focal_length&quot;:&quot;0&quot;,&quot;iso&quot;:&quot;0&quot;,&quot;shutter_speed&quot;:&quot;0&quot;,&quot;title&quot;:&quot;&quot;,&quot;orientation&quot;:&quot;0&quot;}\" data-image-title=\"mine-pezaaaaaaaaaaaaaaaa\" data-image-description=\"\" data-image-caption=\"\" data-medium-file=\"https:\/\/i0.wp.com\/www.shqiperia.com\/blog\/wp-content\/uploads\/2026\/09\/mine-pezaaaaaaaaaaaaaaaa.jpg?fit=300%2C147&amp;ssl=1\" data-large-file=\"https:\/\/i0.wp.com\/www.shqiperia.com\/blog\/wp-content\/uploads\/2026\/09\/mine-pezaaaaaaaaaaaaaaaa.jpg?fit=1024%2C503&amp;ssl=1\" class=\"alignnone  wp-image-105789\" alt=\"\" src=\"https:\/\/i0.wp.com\/www.shqiperia.com\/blog\/wp-content\/uploads\/2026\/09\/mine-pezaaaaaaaaaaaaaaaa.jpg?resize=612%2C300&#038;ssl=1\" width=\"612\" height=\"300\" srcset=\"https:\/\/i0.wp.com\/www.shqiperia.com\/blog\/wp-content\/uploads\/2026\/09\/mine-pezaaaaaaaaaaaaaaaa.jpg?resize=300%2C147&amp;ssl=1 300w, https:\/\/i0.wp.com\/www.shqiperia.com\/blog\/wp-content\/uploads\/2026\/09\/mine-pezaaaaaaaaaaaaaaaa.jpg?resize=1024%2C503&amp;ssl=1 1024w, https:\/\/i0.wp.com\/www.shqiperia.com\/blog\/wp-content\/uploads\/2026\/09\/mine-pezaaaaaaaaaaaaaaaa.jpg?resize=768%2C377&amp;ssl=1 768w, https:\/\/i0.wp.com\/www.shqiperia.com\/blog\/wp-content\/uploads\/2026\/09\/mine-pezaaaaaaaaaaaaaaaa.jpg?resize=450%2C221&amp;ssl=1 450w, https:\/\/i0.wp.com\/www.shqiperia.com\/blog\/wp-content\/uploads\/2026\/09\/mine-pezaaaaaaaaaaaaaaaa.jpg?resize=600%2C294&amp;ssl=1 600w, https:\/\/i0.wp.com\/www.shqiperia.com\/blog\/wp-content\/uploads\/2026\/09\/mine-pezaaaaaaaaaaaaaaaa.jpg?resize=400%2C196&amp;ssl=1 400w, https:\/\/i0.wp.com\/www.shqiperia.com\/blog\/wp-content\/uploads\/2026\/09\/mine-pezaaaaaaaaaaaaaaaa.jpg?w=1249&amp;ssl=1 1249w\" sizes=\"auto, (max-width: 612px) 100vw, 612px\" \/><\/p>\n<p>2 Shtator 2026<\/p>\n<p>\u201cNuk jeni vet\u00ebm\u201d, kan\u00eb qen\u00eb k\u00ebto thirrjet e protestuesve nd\u00ebrsa kan\u00eb mb\u00ebrritur te Blloku i Siguris\u00eb, n\u00eb rrug\u00ebn Mine Peza, ku ndodhen edhe protestuesit e arrestuar.<\/p>\n<p>Ata jan\u00eb shprehur n\u00eb mb\u00ebshtetje t\u00eb protestuesve t\u00eb arrestuar, nd\u00ebrsa b\u00ebjn\u00eb thirrje p\u00ebr lirimin e tyre,<\/p>\n<p>Gjithashtu qytetar\u00ebt b\u00ebjn\u00eb thirrje p\u00ebr arrestimin e kryeministrit Edi Rama, t\u00eb cilin e akuzojn\u00eb p\u00ebr korrupsion.<\/p>\n<p>95 dit\u00eb n\u00eb shesh. 95 dit\u00eb rezistenc\u00eb, q\u00ebndres\u00eb kund\u00ebr t\u00eb gjith\u00eb klas\u00ebs s\u00eb vjet\u00ebr politike.<\/p>\n<p>Gjat\u00eb marshimit kan\u00eb vijuar thirrjet: \u201cJu erdhi fundi\u201d, \u201cShqip\u00ebria k\u00ebrkon revolucion\u201d, \u201cRama jepe dor\u00ebheqjen\u201d.<\/p>\n","protected":false},"excerpt":{"rendered":"<p>2 Shtator 2026 \u201cNuk jeni vet\u00ebm\u201d, kan\u00eb qen\u00eb k\u00ebto thirrjet e protestuesve nd\u00ebrsa kan\u00eb mb\u00ebrritur te Blloku i Siguris\u00eb, n\u00eb rrug\u00ebn Mine Peza, ku ndodhen edhe protestuesit e arrestuar. Ata jan\u00eb shprehur n\u00eb mb\u00ebshtetje t\u00eb protestuesve t\u00eb arrestuar, nd\u00ebrsa b\u00ebjn\u00eb thirrje p\u00ebr lirimin e tyre, Gjithashtu qytetar\u00ebt b\u00ebjn\u00eb thirrje p\u00ebr arrestimin e kryeministrit Edi Rama, [&hellip;]<\/p>\n","protected":false},"author":9,"featured_media":105789,"comment_status":"open","ping_status":"open","sticky":false,"template":"","format":"standard","meta":{"jetpack_post_was_ever_published":false,"_jetpack_newsletter_access":"","_jetpack_dont_email_post_to_subs":false,"_jetpack_newsletter_tier_id":0,"_jetpack_memberships_contains_paywalled_content":false,"_jetpack_memberships_contains_paid_content":false,"footnotes":"","jetpack_publicize_message":"","jetpack_publicize_feature_enabled":true,"jetpack_social_post_already_shared":true,"jetpack_social_options":{"image_generator_settings":{"template":"highway","default_image_id":0,"font":"","enabled":false},"version":2}},"categories":[27,1,2,35],"tags":[],"class_list":["post-105787","post","type-post","status-publish","format-standard","has-post-thumbnail","hentry","category-blogu-i-udhetarit","category-njoftime-shtypi","category-politika","category-shoqerore"],"jetpack_publicize_connections":[],"jetpack_featured_media_url":"https:\/\/i0.wp.com\/www.shqiperia.com\/blog\/wp-content\/uploads\/2026\/09\/mine-pezaaaaaaaaaaaaaaaa.jpg?fit=1249%2C613&ssl=1","jetpack_sharing_enabled":true,"jetpack_shortlink":"https:\/\/wp.me\/p5Z6wp-rwf","jetpack-related-posts":[{"id":103320,"url":"https:\/\/www.shqiperia.com\/blog\/asgje-nuk-e-ndal-revolten-protesta-antiqeveritare-hyn-sot-ne-diten-e-59-te-qytetaret-thirrje-rames-jep-doreheqjen\/","url_meta":{"origin":105787,"position":0},"title":"Asgj\u00eb nuk e ndal revolt\u00ebn, protesta antiqeveritare hyn sot n\u00eb dit\u00ebn e 59-t\u00eb, qytetar\u00ebt thirrje Ram\u00ebs: Jep dor\u00ebheqjen!","author":"Kurt Farka","date":"July 28, 2026","format":false,"excerpt":"28 Korrik 2026 Protesta antiqeveritare hyn sot n\u00eb dit\u00ebn e saj t\u00eb 59-t\u00eb, nd\u00ebrsa organizator\u00ebt kan\u00eb paralajm\u00ebruar se tubimet do t\u00eb vijojn\u00eb edhe k\u00ebt\u00eb t\u00eb mart\u00eb, duke k\u00ebmb\u00ebngulur se nuk do t\u00eb t\u00ebrhiqen deri n\u00eb plot\u00ebsimin e k\u00ebrkes\u00ebs s\u00eb tyre p\u00ebr largimin e kryeministrit Edi Rama. Dita e 58-t\u00eb e\u2026","rel":"","context":"In &quot;Blogu i Udh\u00ebtarit&quot;","block_context":{"text":"Blogu i Udh\u00ebtarit","link":"https:\/\/www.shqiperia.com\/blog\/category\/blogu-i-udhetarit\/"},"img":{"alt_text":"","src":"https:\/\/i0.wp.com\/www.shqiperia.com\/blog\/wp-content\/uploads\/2026\/07\/protesta-4-673x450-1-2-1-300x201.jpg?resize=350%2C200&ssl=1","width":350,"height":200,"srcset":"https:\/\/i0.wp.com\/www.shqiperia.com\/blog\/wp-content\/uploads\/2026\/07\/protesta-4-673x450-1-2-1-300x201.jpg?resize=350%2C200&ssl=1 1x, https:\/\/i0.wp.com\/www.shqiperia.com\/blog\/wp-content\/uploads\/2026\/07\/protesta-4-673x450-1-2-1-300x201.jpg?resize=525%2C300&ssl=1 1.5x, https:\/\/i0.wp.com\/www.shqiperia.com\/blog\/wp-content\/uploads\/2026\/07\/protesta-4-673x450-1-2-1-300x201.jpg?resize=700%2C400&ssl=1 2x"},"classes":[]},{"id":105418,"url":"https:\/\/www.shqiperia.com\/blog\/protesta-qytetare-kunder-qeverisjes-pjesmarrje-masive-thirrjet-gjate-marshimit-revolucio\/","url_meta":{"origin":105787,"position":1},"title":"Protesta qytetare kund\u00ebr qeverisjes, pjesmarrje masive, thirrjet gjat\u00eb marshimit: Revolucio","author":"Kurt Farka","date":"August 29, 2026","format":false,"excerpt":"29 Gusht 2026 Megjithse data 28 gusht ishte nj\u00eb nga dit\u00ebt me t\u00eb nxehta t\u00eb kasaj vere pjesmarrja n\u00eb protest\u00ebn e dit\u00ebs s\u00eb 90 ishte masive. Marshimi i qytetar\u00ebve n\u00eb dit\u00ebn e 90-t\u00eb t\u00eb protest\u00ebs ka vijuar n\u00eb rrug\u00ebt e Tiran\u00ebs, me protestuesit q\u00eb kan\u00eb p\u00ebrcjell\u00eb mesazhet e tyre kund\u00ebr\u2026","rel":"","context":"In &quot;Blogu i Udh\u00ebtarit&quot;","block_context":{"text":"Blogu i Udh\u00ebtarit","link":"https:\/\/www.shqiperia.com\/blog\/category\/blogu-i-udhetarit\/"},"img":{"alt_text":"","src":"https:\/\/i0.wp.com\/www.shqiperia.com\/blog\/wp-content\/uploads\/2026\/08\/Protesta-28-Gusht-2026.jpeg?fit=800%2C450&ssl=1&resize=350%2C200","width":350,"height":200,"srcset":"https:\/\/i0.wp.com\/www.shqiperia.com\/blog\/wp-content\/uploads\/2026\/08\/Protesta-28-Gusht-2026.jpeg?fit=800%2C450&ssl=1&resize=350%2C200 1x, https:\/\/i0.wp.com\/www.shqiperia.com\/blog\/wp-content\/uploads\/2026\/08\/Protesta-28-Gusht-2026.jpeg?fit=800%2C450&ssl=1&resize=525%2C300 1.5x, https:\/\/i0.wp.com\/www.shqiperia.com\/blog\/wp-content\/uploads\/2026\/08\/Protesta-28-Gusht-2026.jpeg?fit=800%2C450&ssl=1&resize=700%2C400 2x"},"classes":[]},{"id":102701,"url":"https:\/\/www.shqiperia.com\/blog\/pjesemarrje-masive-mbyllet-protesta-e-45-te-per-doreheqjen-e-rames-qytetaret-thirrje-nga-bulevardi-ju-erdhi-fundi\/","url_meta":{"origin":105787,"position":2},"title":"Pjes\u00ebmarrje masive! Mbyllet protesta e 45-t\u00eb p\u00ebr dor\u00ebheqjen e Ram\u00ebs. Qytetar\u00ebt thirrje nga Bulevardi: Ju erdhi fundi!","author":"Kurt Farka","date":"July 14, 2026","format":false,"excerpt":"14 Korrik 2026 Shqip\u00ebria mbajti sot dit\u00ebn e 45-t\u00eb t\u00eb protestave qytetare, nd\u00ebrsa organizator\u00ebt kan\u00eb b\u00ebr\u00eb t\u00eb qart\u00eb se revolta nuk do t\u00eb ndalet, pavar\u00ebsisht temperaturave t\u00eb larta apo sezonit turistik. Edhe k\u00ebt\u00eb mbr\u00ebmje qytetar\u00ebt u mblodhen para Kryeministris\u00eb, duke k\u00ebrkuar dor\u00ebheqjen e kryeministrit Edi Rama dhe ndryshimin e sistemit\u2026","rel":"","context":"In &quot;Blogu i Udh\u00ebtarit&quot;","block_context":{"text":"Blogu i Udh\u00ebtarit","link":"https:\/\/www.shqiperia.com\/blog\/category\/blogu-i-udhetarit\/"},"img":{"alt_text":"","src":"https:\/\/i0.wp.com\/www.shqiperia.com\/blog\/wp-content\/uploads\/2026\/07\/protesta-masive-1.jpg?fit=1083%2C641&ssl=1&resize=350%2C200","width":350,"height":200,"srcset":"https:\/\/i0.wp.com\/www.shqiperia.com\/blog\/wp-content\/uploads\/2026\/07\/protesta-masive-1.jpg?fit=1083%2C641&ssl=1&resize=350%2C200 1x, https:\/\/i0.wp.com\/www.shqiperia.com\/blog\/wp-content\/uploads\/2026\/07\/protesta-masive-1.jpg?fit=1083%2C641&ssl=1&resize=525%2C300 1.5x, https:\/\/i0.wp.com\/www.shqiperia.com\/blog\/wp-content\/uploads\/2026\/07\/protesta-masive-1.jpg?fit=1083%2C641&ssl=1&resize=700%2C400 2x, https:\/\/i0.wp.com\/www.shqiperia.com\/blog\/wp-content\/uploads\/2026\/07\/protesta-masive-1.jpg?fit=1083%2C641&ssl=1&resize=1050%2C600 3x"},"classes":[]},{"id":103697,"url":"https:\/\/www.shqiperia.com\/blog\/rezistence-qendrueshmeri-qytetari-mbyllet-protesta-e-65-kunder-rames-shqiptaret-te-vendosur-neser-me-shume\/","url_meta":{"origin":105787,"position":3},"title":"\u201cRezistenc\u00eb, q\u00ebndrueshm\u00ebri, qytetari\u201d\/ Mbyllet protesta e 65 kund\u00ebr Ram\u00ebs! Shqiptar\u00ebt t\u00eb vendosur: &#8211; Nes\u00ebr m\u00eb shum\u00eb","author":"Kurt Farka","date":"August 3, 2026","format":false,"excerpt":"3 Gusht 2026 \u201cNes\u00ebr m\u00eb shum\u00eb\u201d, me k\u00ebto thirrje \u00ebsht\u00eb mbyllur protesta e sotme kund\u00ebr kryeministrit Edi Rama. P\u00ebr 65 dit\u00eb me radh\u00eb qytetar\u00ebt nuk i kan\u00eb ndalur protestat, nd\u00ebrsa k\u00ebrkojn\u00eb dor\u00ebheqjen e panegociueshme t\u00eb kryeministrit Edi Rama. Nj\u00eb protest\u00eb q\u00eb ka treguar rezistenc\u00eb, q\u00ebndrueshm\u00ebri e qytetari. Protestuesit shprehen gjithashtu\u2026","rel":"","context":"In &quot;Blogu i Udh\u00ebtarit&quot;","block_context":{"text":"Blogu i Udh\u00ebtarit","link":"https:\/\/www.shqiperia.com\/blog\/category\/blogu-i-udhetarit\/"},"img":{"alt_text":"","src":"https:\/\/i0.wp.com\/www.shqiperia.com\/blog\/wp-content\/uploads\/2026\/08\/protesta798-1140x487-1.jpg?fit=1140%2C487&ssl=1&resize=350%2C200","width":350,"height":200,"srcset":"https:\/\/i0.wp.com\/www.shqiperia.com\/blog\/wp-content\/uploads\/2026\/08\/protesta798-1140x487-1.jpg?fit=1140%2C487&ssl=1&resize=350%2C200 1x, https:\/\/i0.wp.com\/www.shqiperia.com\/blog\/wp-content\/uploads\/2026\/08\/protesta798-1140x487-1.jpg?fit=1140%2C487&ssl=1&resize=525%2C300 1.5x, https:\/\/i0.wp.com\/www.shqiperia.com\/blog\/wp-content\/uploads\/2026\/08\/protesta798-1140x487-1.jpg?fit=1140%2C487&ssl=1&resize=700%2C400 2x, https:\/\/i0.wp.com\/www.shqiperia.com\/blog\/wp-content\/uploads\/2026\/08\/protesta798-1140x487-1.jpg?fit=1140%2C487&ssl=1&resize=1050%2C600 3x"},"classes":[]},{"id":103263,"url":"https:\/\/www.shqiperia.com\/blog\/neser-te-parlamenti-dita-e-57-te-e-revoltes-qytetaret-mbushen-serish-sheshin-dhe-iu-pergjigjen-rames-te-japim-besen-nuk-ikim-pa-te-te-larguar\/","url_meta":{"origin":105787,"position":4},"title":"\u201cNes\u00ebr te Parlamenti!\u201d \u2013 Dita e 57-t\u00eb e revolt\u00ebs, qytetar\u00ebt mbush\u00ebn s\u00ebrish sheshin dhe iu p\u00ebrgjigj\u00ebn Ram\u00ebs: &#8211; T\u00eb japim bes\u00ebn, nuk ikim pa t\u00eb t\u00eb larguar!","author":"Kurt Farka","date":"July 26, 2026","format":false,"excerpt":"26 Korrik 2026 Qytetar\u00ebt u mblodh\u00ebn p\u00ebrpara Kryeministris\u00eb n\u00eb dit\u00ebn e 57-t\u00eb t\u00eb revolt\u00ebs s\u00eb tyre ndaj kryeministrit Edi Rama dhe qeveris\u00eb s\u00eb tij. Ata iu p\u00ebrgjigjen kryeministrit edhe p\u00ebr dokumentin e tij q\u00eb nxori, t\u00eb titulluar \u201cBesa\u201d. Nd\u00ebrsa artikuluan problemet me t\u00eb cilat p\u00ebrballen, qytetar\u00ebt ritheksuan se ata nuk\u2026","rel":"","context":"In &quot;Blogu i Udh\u00ebtarit&quot;","block_context":{"text":"Blogu i Udh\u00ebtarit","link":"https:\/\/www.shqiperia.com\/blog\/category\/blogu-i-udhetarit\/"},"img":{"alt_text":"","src":"https:\/\/i0.wp.com\/www.shqiperia.com\/blog\/wp-content\/uploads\/2026\/07\/WhatsApp-Image-2026-07-26-at-19.30.01.jpeg?fit=1200%2C740&ssl=1&resize=350%2C200","width":350,"height":200,"srcset":"https:\/\/i0.wp.com\/www.shqiperia.com\/blog\/wp-content\/uploads\/2026\/07\/WhatsApp-Image-2026-07-26-at-19.30.01.jpeg?fit=1200%2C740&ssl=1&resize=350%2C200 1x, https:\/\/i0.wp.com\/www.shqiperia.com\/blog\/wp-content\/uploads\/2026\/07\/WhatsApp-Image-2026-07-26-at-19.30.01.jpeg?fit=1200%2C740&ssl=1&resize=525%2C300 1.5x, https:\/\/i0.wp.com\/www.shqiperia.com\/blog\/wp-content\/uploads\/2026\/07\/WhatsApp-Image-2026-07-26-at-19.30.01.jpeg?fit=1200%2C740&ssl=1&resize=700%2C400 2x, https:\/\/i0.wp.com\/www.shqiperia.com\/blog\/wp-content\/uploads\/2026\/07\/WhatsApp-Image-2026-07-26-at-19.30.01.jpeg?fit=1200%2C740&ssl=1&resize=1050%2C600 3x"},"classes":[]},{"id":105727,"url":"https:\/\/www.shqiperia.com\/blog\/protestuesit-thirrje-ndaj-efektiveve-polici-ketu-na-ke-ti-mbron-krimin-dhe-jo-ne-arrestoni-ramen\/","url_meta":{"origin":105787,"position":5},"title":"Protestuesit thirrje ndaj efektiv\u00ebve: &#8211; Polici k\u00ebtu na ke, ti mbron krimin dhe jo ne! Arrestoni Ram\u00ebn!","author":"Kurt Farka","date":"September 1, 2026","format":false,"excerpt":"1 Shtator 2026 P\u00ebrball\u00eb kordonit policor t\u00eb vendosur para Kryeministris\u00eb, protestuesit kan\u00eb vijuar me thirrjet ndaj efektiv\u00ebve, nd\u00ebrsa situata mbetet e tensionuar. Qytetar\u00ebt, t\u00eb cil\u00ebt kan\u00eb bllokuar hyrjen kryesore t\u00eb godin\u00ebs, u jan\u00eb drejtuar efektiv\u00ebve t\u00eb policis\u00eb me thirrje, duke kund\u00ebrshtuar nd\u00ebrhyrjen e tyre p\u00ebr largimin e protestuesve. \u201cPolici, k\u00ebtu\u2026","rel":"","context":"In &quot;Blogu i Udh\u00ebtarit&quot;","block_context":{"text":"Blogu i Udh\u00ebtarit","link":"https:\/\/www.shqiperia.com\/blog\/category\/blogu-i-udhetarit\/"},"img":{"alt_text":"","src":"https:\/\/i0.wp.com\/www.shqiperia.com\/blog\/wp-content\/uploads\/2026\/09\/640-360-zbarkooo-770x367-6a9718c706029-1.jpg?fit=640%2C360&ssl=1&resize=350%2C200","width":350,"height":200,"srcset":"https:\/\/i0.wp.com\/www.shqiperia.com\/blog\/wp-content\/uploads\/2026\/09\/640-360-zbarkooo-770x367-6a9718c706029-1.jpg?fit=640%2C360&ssl=1&resize=350%2C200 1x, https:\/\/i0.wp.com\/www.shqiperia.com\/blog\/wp-content\/uploads\/2026\/09\/640-360-zbarkooo-770x367-6a9718c706029-1.jpg?fit=640%2C360&ssl=1&resize=525%2C300 1.5x"},"classes":[]}],"_links":{"self":[{"href":"https:\/\/www.shqiperia.com\/blog\/wp-json\/wp\/v2\/posts\/105787","targetHints":{"allow":["GET"]}}],"collection":[{"href":"https:\/\/www.shqiperia.com\/blog\/wp-json\/wp\/v2\/posts"}],"about":[{"href":"https:\/\/www.shqiperia.com\/blog\/wp-json\/wp\/v2\/types\/post"}],"author":[{"embeddable":true,"href":"https:\/\/www.shqiperia.com\/blog\/wp-json\/wp\/v2\/users\/9"}],"replies":[{"embeddable":true,"href":"https:\/\/www.shqiperia.com\/blog\/wp-json\/wp\/v2\/comments?post=105787"}],"version-history":[{"count":1,"href":"https:\/\/www.shqiperia.com\/blog\/wp-json\/wp\/v2\/posts\/105787\/revisions"}],"predecessor-version":[{"id":105790,"href":"https:\/\/www.shqiperia.com\/blog\/wp-json\/wp\/v2\/posts\/105787\/revisions\/105790"}],"wp:featuredmedia":[{"embeddable":true,"href":"https:\/\/www.shqiperia.com\/blog\/wp-json\/wp\/v2\/media\/105789"}],"wp:attachment":[{"href":"https:\/\/www.shqiperia.com\/blog\/wp-json\/wp\/v2\/media?parent=105787"}],"wp:term":[{"taxonomy":"category","embeddable":true,"href":"https:\/\/www.shqiperia.com\/blog\/wp-json\/wp\/v2\/categories?post=105787"},{"taxonomy":"post_tag","embeddable":true,"href":"https:\/\/www.shqiperia.com\/blog\/wp-json\/wp\/v2\/tags?post=105787"}],"curies":[{"name":"wp","href":"https:\/\/api.w.org\/{rel}","templated":true}]}}