{"id":105778,"date":"2026-09-02T15:59:58","date_gmt":"2026-09-02T15:59:58","guid":{"rendered":"https:\/\/www.shqiperia.com\/blog\/?p=105778"},"modified":"2026-09-02T15:59:58","modified_gmt":"2026-09-02T15:59:58","slug":"banka-boterore-ne-shqiperi-56-e-te-anketuarve-e-shohin-korrupsionin-si-pengesen-kryesore","status":"publish","type":"post","link":"https:\/\/www.shqiperia.com\/blog\/banka-boterore-ne-shqiperi-56-e-te-anketuarve-e-shohin-korrupsionin-si-pengesen-kryesore\/","title":{"rendered":"Banka Bot\u00ebrore: N\u00eb Shqip\u00ebri 56% e t\u00eb anketuarve e shohin korrupsionin si penges\u00ebn kryesore"},"content":{"rendered":"<div id=\"attachment_105780\" style=\"width: 659px\" class=\"wp-caption alignnone\"><img data-recalc-dims=\"1\" loading=\"lazy\" decoding=\"async\" aria-describedby=\"caption-attachment-105780\" data-attachment-id=\"105780\" data-permalink=\"https:\/\/www.shqiperia.com\/blog\/banka-boterore-ne-shqiperi-56-e-te-anketuarve-e-shohin-korrupsionin-si-pengesen-kryesore\/edi-rama-luftojme-korrupsioni-karikature-fragment\/\" data-orig-file=\"https:\/\/i0.wp.com\/www.shqiperia.com\/blog\/wp-content\/uploads\/2026\/09\/Edi-Rama-Luftojme-Korrupsioni-karikature-fragment.jpg?fit=509%2C435&amp;ssl=1\" data-orig-size=\"509,435\" data-comments-opened=\"1\" data-image-meta=\"{&quot;aperture&quot;:&quot;0&quot;,&quot;credit&quot;:&quot;&quot;,&quot;camera&quot;:&quot;&quot;,&quot;caption&quot;:&quot;&quot;,&quot;created_timestamp&quot;:&quot;0&quot;,&quot;copyright&quot;:&quot;&quot;,&quot;focal_length&quot;:&quot;0&quot;,&quot;iso&quot;:&quot;0&quot;,&quot;shutter_speed&quot;:&quot;0&quot;,&quot;title&quot;:&quot;&quot;,&quot;orientation&quot;:&quot;1&quot;}\" data-image-title=\"Edi Rama Luftojm\u00eb Korrupsionin, karikatur\u00eb (fragment)\" data-image-description=\"\" data-image-caption=\"&lt;p&gt;Edi Rama Luftojm\u00eb Korrupsionin, karikatur\u00eb (fragment)&lt;\/p&gt;\n\" data-medium-file=\"https:\/\/i0.wp.com\/www.shqiperia.com\/blog\/wp-content\/uploads\/2026\/09\/Edi-Rama-Luftojme-Korrupsioni-karikature-fragment.jpg?fit=300%2C256&amp;ssl=1\" data-large-file=\"https:\/\/i0.wp.com\/www.shqiperia.com\/blog\/wp-content\/uploads\/2026\/09\/Edi-Rama-Luftojme-Korrupsioni-karikature-fragment.jpg?fit=509%2C435&amp;ssl=1\" class=\" wp-image-105780\" alt=\"\" src=\"https:\/\/i0.wp.com\/www.shqiperia.com\/blog\/wp-content\/uploads\/2026\/09\/Edi-Rama-Luftojme-Korrupsioni-karikature-fragment.jpg?resize=649%2C554&#038;ssl=1\" width=\"649\" height=\"554\" srcset=\"https:\/\/i0.wp.com\/www.shqiperia.com\/blog\/wp-content\/uploads\/2026\/09\/Edi-Rama-Luftojme-Korrupsioni-karikature-fragment.jpg?resize=300%2C256&amp;ssl=1 300w, https:\/\/i0.wp.com\/www.shqiperia.com\/blog\/wp-content\/uploads\/2026\/09\/Edi-Rama-Luftojme-Korrupsioni-karikature-fragment.jpg?resize=450%2C385&amp;ssl=1 450w, https:\/\/i0.wp.com\/www.shqiperia.com\/blog\/wp-content\/uploads\/2026\/09\/Edi-Rama-Luftojme-Korrupsioni-karikature-fragment.jpg?resize=400%2C342&amp;ssl=1 400w, https:\/\/i0.wp.com\/www.shqiperia.com\/blog\/wp-content\/uploads\/2026\/09\/Edi-Rama-Luftojme-Korrupsioni-karikature-fragment.jpg?w=509&amp;ssl=1 509w\" sizes=\"auto, (max-width: 649px) 100vw, 649px\" \/><p id=\"caption-attachment-105780\" class=\"wp-caption-text\">Edi Rama Luftojm\u00eb Korrupsionin, karikatur\u00eb (fragment)<\/p><\/div>\n<p data-a11y-orig-inline=\"\" data-a11y-base-fs=\"18\">2 Shtator 2026<\/p>\n<p data-a11y-orig-inline=\"\" data-a11y-base-fs=\"18\">Korrupsioni shihet si pengesa kryesore q\u00eb frenon reformat ekonomike dhe sociale n\u00eb Shqip\u00ebri.<\/p>\n<p data-a11y-orig-inline=\"\" data-a11y-base-fs=\"18\">Ky \u00ebsht\u00eb nj\u00eb nga p\u00ebrfundimet m\u00eb t\u00eb forta t\u00eb anket\u00ebs s\u00eb Bank\u00ebs Bot\u00ebrore p\u00ebr vitin 2026, ku 56 p\u00ebr qind e t\u00eb pyeturve e rendisin korrupsionin si faktorin kryesor q\u00eb ngadal\u00ebson ose pengon reformat n\u00eb vend.<\/p>\n<p data-a11y-orig-inline=\"\" data-a11y-base-fs=\"18\">Pas tij renditen kapacitetet e pamjaftueshme t\u00eb qeveris\u00eb me 35 p\u00ebr qind, mungesa e llogaridh\u00ebnies me 34 p\u00ebr qind dhe presionet apo pengesat politike me 33 p\u00ebr qind.<\/p>\n<p data-a11y-orig-inline=\"\" data-a11y-base-fs=\"18\">Problemi shfaqet po aq fort edhe kur pyetja zhvendoset tek sfidat e biznesit.<\/p>\n<p data-a11y-orig-inline=\"\" data-a11y-base-fs=\"18\">Sipas anket\u00ebs, 52 p\u00ebr qind e t\u00eb pyeturve konsiderojn\u00eb munges\u00ebn e fuqis\u00eb pun\u00ebtore dhe po 52 p\u00ebr qind p\u00ebrmendin korrupsionin.<\/p>\n<p data-a11y-orig-inline=\"\" data-a11y-base-fs=\"18\">Sipas t\u00eb dh\u00ebnave, 47 p\u00ebr qind p\u00ebrmendin mjedisin rregullator dhe 39 p\u00ebr qind aksesin n\u00eb financim.<\/p>\n<p data-a11y-orig-inline=\"\" data-a11y-base-fs=\"18\">Raporti evidenton edhe fushat ku k\u00ebrkohet m\u00eb shum\u00eb mb\u00ebshtetje p\u00ebr zhvillimin e Shqip\u00ebris\u00eb.<\/p>\n<p data-a11y-orig-inline=\"\" data-a11y-base-fs=\"18\">Bujq\u00ebsia dhe siguria ushqimore kryesojn\u00eb me 49 p\u00ebr qind, t\u00eb ndjekura nga arsimi me 47 p\u00ebr qind, sh\u00ebndet\u00ebsia me 36 p\u00ebr qind dhe pun\u00ebsimi me 34 p\u00ebr qind.<\/p>\n<div id=\"attachment_105781\" style=\"width: 772px\" class=\"wp-caption alignnone\"><img data-recalc-dims=\"1\" loading=\"lazy\" decoding=\"async\" aria-describedby=\"caption-attachment-105781\" data-attachment-id=\"105781\" data-permalink=\"https:\/\/www.shqiperia.com\/blog\/banka-boterore-ne-shqiperi-56-e-te-anketuarve-e-shohin-korrupsionin-si-pengesen-kryesore\/edi-rama-luftojme-korrupsioni-karikature-nga-bujar-kapexhiu\/\" data-orig-file=\"https:\/\/i0.wp.com\/www.shqiperia.com\/blog\/wp-content\/uploads\/2026\/09\/Edi-Rama-Luftojme-Korrupsioni.-karikature-nga-Bujar-Kapexhiu.jpg?fit=509%2C720&amp;ssl=1\" data-orig-size=\"509,720\" data-comments-opened=\"1\" data-image-meta=\"{&quot;aperture&quot;:&quot;0&quot;,&quot;credit&quot;:&quot;&quot;,&quot;camera&quot;:&quot;&quot;,&quot;caption&quot;:&quot;&quot;,&quot;created_timestamp&quot;:&quot;0&quot;,&quot;copyright&quot;:&quot;&quot;,&quot;focal_length&quot;:&quot;0&quot;,&quot;iso&quot;:&quot;0&quot;,&quot;shutter_speed&quot;:&quot;0&quot;,&quot;title&quot;:&quot;&quot;,&quot;orientation&quot;:&quot;0&quot;}\" data-image-title=\"Edi Rama Luftojm\u00eb Korrupsioni. karikatur\u00eb nga Bujar Kapexhiu\" data-image-description=\"\" data-image-caption=\"&lt;p&gt;Edi Rama Luftojm\u00eb Korrupsioni. karikatur\u00eb nga Bujar Kapexhiu&lt;\/p&gt;\n\" data-medium-file=\"https:\/\/i0.wp.com\/www.shqiperia.com\/blog\/wp-content\/uploads\/2026\/09\/Edi-Rama-Luftojme-Korrupsioni.-karikature-nga-Bujar-Kapexhiu.jpg?fit=212%2C300&amp;ssl=1\" data-large-file=\"https:\/\/i0.wp.com\/www.shqiperia.com\/blog\/wp-content\/uploads\/2026\/09\/Edi-Rama-Luftojme-Korrupsioni.-karikature-nga-Bujar-Kapexhiu.jpg?fit=509%2C720&amp;ssl=1\" class=\" wp-image-105781\" alt=\"\" src=\"https:\/\/i0.wp.com\/www.shqiperia.com\/blog\/wp-content\/uploads\/2026\/09\/Edi-Rama-Luftojme-Korrupsioni.-karikature-nga-Bujar-Kapexhiu.jpg?resize=762%2C1079&#038;ssl=1\" width=\"762\" height=\"1079\" srcset=\"https:\/\/i0.wp.com\/www.shqiperia.com\/blog\/wp-content\/uploads\/2026\/09\/Edi-Rama-Luftojme-Korrupsioni.-karikature-nga-Bujar-Kapexhiu.jpg?resize=212%2C300&amp;ssl=1 212w, https:\/\/i0.wp.com\/www.shqiperia.com\/blog\/wp-content\/uploads\/2026\/09\/Edi-Rama-Luftojme-Korrupsioni.-karikature-nga-Bujar-Kapexhiu.jpg?resize=450%2C637&amp;ssl=1 450w, https:\/\/i0.wp.com\/www.shqiperia.com\/blog\/wp-content\/uploads\/2026\/09\/Edi-Rama-Luftojme-Korrupsioni.-karikature-nga-Bujar-Kapexhiu.jpg?resize=400%2C566&amp;ssl=1 400w, https:\/\/i0.wp.com\/www.shqiperia.com\/blog\/wp-content\/uploads\/2026\/09\/Edi-Rama-Luftojme-Korrupsioni.-karikature-nga-Bujar-Kapexhiu.jpg?w=509&amp;ssl=1 509w\" sizes=\"auto, (max-width: 762px) 100vw, 762px\" \/><p id=\"caption-attachment-105781\" class=\"wp-caption-text\">Edi Rama Luftojm\u00eb Korrupsioni. karikatur\u00eb nga Bujar Kapexhiu<\/p><\/div>\n<p data-a11y-orig-inline=\"\" data-a11y-base-fs=\"18\">Infrastruktura digjitale vler\u00ebsohet si prioritet nga 32 p\u00ebr qind e t\u00eb anketuarve.<\/p>\n<p data-a11y-orig-inline=\"\" data-a11y-base-fs=\"18\">P\u00ebr krijimin e vendeve t\u00eb reja t\u00eb pun\u00ebs, turizmi shihet si sektori me potencialin m\u00eb t\u00eb madh, por me k\u00ebrkes\u00ebn q\u00eb t\u00eb mos mbetet i varur vet\u00ebm nga sezoni veror.<\/p>\n<p data-a11y-orig-inline=\"\" data-a11y-base-fs=\"18\">Pas tij p\u00ebrmenden bujq\u00ebsia dhe agrop\u00ebrpunimi, teknologjia e informacionit, sh\u00ebrbimet digjitale, energjia e rinovueshme dhe infrastruktura.<\/p>\n<p data-a11y-orig-inline=\"\" data-a11y-base-fs=\"18\">N\u00eb t\u00eb nj\u00ebjt\u00ebn koh\u00eb, t\u00eb anketuarit k\u00ebrkojn\u00eb nga Banka Bot\u00ebrore m\u00eb shum\u00eb fokus te zbatimi konkret i reformave, rezultate t\u00eb matshme, m\u00eb pak burokraci dhe bashk\u00ebpunim m\u00eb t\u00eb gjer\u00eb me biznesin, pushtetin vendor, shoq\u00ebrin\u00eb civile dhe universitetet.<\/p>\n<p data-a11y-orig-inline=\"\" data-a11y-base-fs=\"18\">Anketa e Bank\u00ebs Bot\u00ebrore u zhvillua nga marsi deri n\u00eb maj t\u00eb k\u00ebtij viti. Nga 680 persona t\u00eb ftuar, mor\u00ebn pjes\u00eb 219 p\u00ebrfaq\u00ebsues t\u00eb institucioneve publike, sektorit privat, shoq\u00ebris\u00eb civile, organizatave nd\u00ebrkomb\u00ebtare, medias dhe akademis\u00eb.<\/p>\n","protected":false},"excerpt":{"rendered":"<p>2 Shtator 2026 Korrupsioni shihet si pengesa kryesore q\u00eb frenon reformat ekonomike dhe sociale n\u00eb Shqip\u00ebri. Ky \u00ebsht\u00eb nj\u00eb nga p\u00ebrfundimet m\u00eb t\u00eb forta t\u00eb anket\u00ebs s\u00eb Bank\u00ebs Bot\u00ebrore p\u00ebr vitin 2026, ku 56 p\u00ebr qind e t\u00eb pyeturve e rendisin korrupsionin si faktorin kryesor q\u00eb ngadal\u00ebson ose pengon reformat n\u00eb vend. Pas tij renditen [&hellip;]<\/p>\n","protected":false},"author":9,"featured_media":105780,"comment_status":"open","ping_status":"open","sticky":false,"template":"","format":"standard","meta":{"jetpack_post_was_ever_published":false,"_jetpack_newsletter_access":"","_jetpack_dont_email_post_to_subs":false,"_jetpack_newsletter_tier_id":0,"_jetpack_memberships_contains_paywalled_content":false,"_jetpack_memberships_contains_paid_content":false,"footnotes":"","jetpack_publicize_message":"","jetpack_publicize_feature_enabled":true,"jetpack_social_post_already_shared":true,"jetpack_social_options":{"image_generator_settings":{"template":"highway","default_image_id":0,"font":"","enabled":false},"version":2}},"categories":[27,1,2,35],"tags":[],"class_list":["post-105778","post","type-post","status-publish","format-standard","has-post-thumbnail","hentry","category-blogu-i-udhetarit","category-njoftime-shtypi","category-politika","category-shoqerore"],"jetpack_publicize_connections":[],"jetpack_featured_media_url":"https:\/\/i0.wp.com\/www.shqiperia.com\/blog\/wp-content\/uploads\/2026\/09\/Edi-Rama-Luftojme-Korrupsioni-karikature-fragment.jpg?fit=509%2C435&ssl=1","jetpack_sharing_enabled":true,"jetpack_shortlink":"https:\/\/wp.me\/p5Z6wp-rw6","jetpack-related-posts":[{"id":103060,"url":"https:\/\/www.shqiperia.com\/blog\/si-u-shnderrua-shqiperia-ne-vendin-me-koston-e-larte-te-jeteses-ne-ballkan-brenda-nje-dekade\/","url_meta":{"origin":105778,"position":0},"title":"Si u shnd\u00ebrrua Shqip\u00ebria n\u00eb vendin me koston e lart\u00eb t\u00eb jetes\u00ebs n\u00eb Ballkan brenda nj\u00eb dekade","author":"Kurt Farka","date":"July 22, 2026","format":false,"excerpt":"22 Korrik 2026 Nga Klodian Tomorri N\u00eb vitin 2013 Shqip\u00ebria ishte vendi i dyt\u00eb me koston m\u00eb t\u00eb lir\u00eb t\u00eb jetes\u00ebs n\u00eb Europ\u00eb. Sipas Eurostat, kur Edi Rama u ul n\u00eb kolltukun e kryeministrit, kostoja e jetes\u00ebs n\u00eb Shqip\u00ebri ishte sa 49.6 p\u00ebr qind e Bashkimit Europian duke u renditur\u2026","rel":"","context":"In &quot;Blogu i Udh\u00ebtarit&quot;","block_context":{"text":"Blogu i Udh\u00ebtarit","link":"https:\/\/www.shqiperia.com\/blog\/category\/blogu-i-udhetarit\/"},"img":{"alt_text":"","src":"https:\/\/i0.wp.com\/www.shqiperia.com\/blog\/wp-content\/uploads\/2026\/07\/Screenshot_20260721_161340_Facebook.jpg?fit=720%2C582&ssl=1&resize=350%2C200","width":350,"height":200,"srcset":"https:\/\/i0.wp.com\/www.shqiperia.com\/blog\/wp-content\/uploads\/2026\/07\/Screenshot_20260721_161340_Facebook.jpg?fit=720%2C582&ssl=1&resize=350%2C200 1x, https:\/\/i0.wp.com\/www.shqiperia.com\/blog\/wp-content\/uploads\/2026\/07\/Screenshot_20260721_161340_Facebook.jpg?fit=720%2C582&ssl=1&resize=525%2C300 1.5x, https:\/\/i0.wp.com\/www.shqiperia.com\/blog\/wp-content\/uploads\/2026\/07\/Screenshot_20260721_161340_Facebook.jpg?fit=720%2C582&ssl=1&resize=700%2C400 2x"},"classes":[]},{"id":105581,"url":"https:\/\/www.shqiperia.com\/blog\/organizata-europiane-hap-gjyq-ne-shqiperi-per-te-mbledhur-borxhet\/","url_meta":{"origin":105778,"position":1},"title":"Organizata Europiane hap gjyq n\u00eb Shqip\u00ebri p\u00ebr t\u00eb mbledhur borxhet","author":"Kurt Farka","date":"August 31, 2026","format":false,"excerpt":"31 Gusht 2026 Mes viktimave t\u00eb shumta financiare t\u00eb kompanis\u00eb flamur t\u00eb Shqip\u00ebris\u00eb, Air Albania, me sa duket \u00ebsht\u00eb edhe Eurocontrol. Organizata Europiane p\u00ebr Sigurin\u00eb e Navigimit Ajror ka hapur nj\u00eb gjyq n\u00eb Shqip\u00ebri p\u00ebr t\u00eb mbledhur borxhet e papaguara q\u00eb Air Albania ka ndaj saj. Nuk dihet se sa\u2026","rel":"","context":"In &quot;Blogu i Udh\u00ebtarit&quot;","block_context":{"text":"Blogu i Udh\u00ebtarit","link":"https:\/\/www.shqiperia.com\/blog\/category\/blogu-i-udhetarit\/"},"img":{"alt_text":"","src":"https:\/\/i0.wp.com\/www.shqiperia.com\/blog\/wp-content\/uploads\/2026\/08\/auto_-900-0-1788162559xsinua-8821788173393.jpg?fit=787%2C508&ssl=1&resize=350%2C200","width":350,"height":200,"srcset":"https:\/\/i0.wp.com\/www.shqiperia.com\/blog\/wp-content\/uploads\/2026\/08\/auto_-900-0-1788162559xsinua-8821788173393.jpg?fit=787%2C508&ssl=1&resize=350%2C200 1x, https:\/\/i0.wp.com\/www.shqiperia.com\/blog\/wp-content\/uploads\/2026\/08\/auto_-900-0-1788162559xsinua-8821788173393.jpg?fit=787%2C508&ssl=1&resize=525%2C300 1.5x, https:\/\/i0.wp.com\/www.shqiperia.com\/blog\/wp-content\/uploads\/2026\/08\/auto_-900-0-1788162559xsinua-8821788173393.jpg?fit=787%2C508&ssl=1&resize=700%2C400 2x"},"classes":[]},{"id":102762,"url":"https:\/\/www.shqiperia.com\/blog\/mbi-50-te-turisteve-i-kemi-nga-kosova-pritet-te-shpenzojne-rreth-200-milione-euro\/","url_meta":{"origin":105778,"position":2},"title":"Mbi 50% t\u00eb turist\u00ebve i kemi nga Kosova, pritet t\u00eb shpenzojn\u00eb rreth 200 milion\u00eb euro","author":"Kurt Farka","date":"July 16, 2026","format":false,"excerpt":"16 Korrik 2026 Edhe k\u00ebt\u00eb ver\u00eb, Shqip\u00ebria po vazhdon t\u00eb mbetet destinacioni kryesor p\u00ebr pushimet e qytetar\u00ebve t\u00eb Kosov\u00ebs. P\u00ebrfaq\u00ebsues t\u00eb sektorit t\u00eb turizmit dhe biznesit thon\u00eb se interesimi nuk ka r\u00ebn\u00eb, nd\u00ebrsa vler\u00ebsojn\u00eb se pas nj\u00eb periudhe kur shum\u00eb qytetar\u00eb provuan destinacione t\u00eb tjera evropiane pas liberalizimit t\u00eb vizave,\u2026","rel":"","context":"In &quot;Blogu i Udh\u00ebtarit&quot;","block_context":{"text":"Blogu i Udh\u00ebtarit","link":"https:\/\/www.shqiperia.com\/blog\/category\/blogu-i-udhetarit\/"},"img":{"alt_text":"","src":"https:\/\/i0.wp.com\/www.shqiperia.com\/blog\/wp-content\/uploads\/2026\/07\/20260716_090913-1536x1201-1.jpg?fit=1200%2C788&ssl=1&resize=350%2C200","width":350,"height":200,"srcset":"https:\/\/i0.wp.com\/www.shqiperia.com\/blog\/wp-content\/uploads\/2026\/07\/20260716_090913-1536x1201-1.jpg?fit=1200%2C788&ssl=1&resize=350%2C200 1x, https:\/\/i0.wp.com\/www.shqiperia.com\/blog\/wp-content\/uploads\/2026\/07\/20260716_090913-1536x1201-1.jpg?fit=1200%2C788&ssl=1&resize=525%2C300 1.5x, https:\/\/i0.wp.com\/www.shqiperia.com\/blog\/wp-content\/uploads\/2026\/07\/20260716_090913-1536x1201-1.jpg?fit=1200%2C788&ssl=1&resize=700%2C400 2x, https:\/\/i0.wp.com\/www.shqiperia.com\/blog\/wp-content\/uploads\/2026\/07\/20260716_090913-1536x1201-1.jpg?fit=1200%2C788&ssl=1&resize=1050%2C600 3x"},"classes":[]},{"id":103287,"url":"https:\/\/www.shqiperia.com\/blog\/lubonja-i-ashper-me-ramen-dhe-marta-kos-per-median-e-madhe-sllovene-zyrtarja-e-be-nuk-degjon-protestuesit-flamingot-i-rrezuan-fasaden-kryeministrit\/","url_meta":{"origin":105778,"position":3},"title":"Lubonja i ashp\u00ebr me Ram\u00ebn dhe Marta Kos p\u00ebr median e madhe sllovene: Zyrtarja e BE nuk d\u00ebgjon protestuesit. \u2018Flamingot\u2019 i rr\u00ebzuan fasad\u00ebn kryeministrit!","author":"Kurt Farka","date":"July 27, 2026","format":false,"excerpt":"27 Korrik 2026 Gazeta m\u00eb e madhe sllovene Delo, i ka kushtuar nj\u00eb shkrim t\u00eb gjat\u00eb rr\u00ebnimit t\u00eb demokracis\u00eb n\u00eb Shqip\u00ebri dhe rolit q\u00eb Edi Rama ka luajtur n\u00eb k\u00ebt\u00eb proces. Pik\u00ebrisht p\u00ebr t\u00eb p\u00ebrshkruar k\u00ebt\u00eb trajektore, ku nj\u00eb pesh\u00eb t\u00eb madhe ka pastrimi i parave t\u00eb krimit n\u00eb industrin\u00eb\u2026","rel":"","context":"In &quot;Blogu i Udh\u00ebtarit&quot;","block_context":{"text":"Blogu i Udh\u00ebtarit","link":"https:\/\/www.shqiperia.com\/blog\/category\/blogu-i-udhetarit\/"},"img":{"alt_text":"","src":"https:\/\/i0.wp.com\/www.shqiperia.com\/blog\/wp-content\/uploads\/2026\/07\/IMG_1065.jpeg?fit=1080%2C605&ssl=1&resize=350%2C200","width":350,"height":200,"srcset":"https:\/\/i0.wp.com\/www.shqiperia.com\/blog\/wp-content\/uploads\/2026\/07\/IMG_1065.jpeg?fit=1080%2C605&ssl=1&resize=350%2C200 1x, https:\/\/i0.wp.com\/www.shqiperia.com\/blog\/wp-content\/uploads\/2026\/07\/IMG_1065.jpeg?fit=1080%2C605&ssl=1&resize=525%2C300 1.5x, https:\/\/i0.wp.com\/www.shqiperia.com\/blog\/wp-content\/uploads\/2026\/07\/IMG_1065.jpeg?fit=1080%2C605&ssl=1&resize=700%2C400 2x, https:\/\/i0.wp.com\/www.shqiperia.com\/blog\/wp-content\/uploads\/2026\/07\/IMG_1065.jpeg?fit=1080%2C605&ssl=1&resize=1050%2C600 3x"},"classes":[]},{"id":105118,"url":"https:\/\/www.shqiperia.com\/blog\/bashkekryetarja-e-afd-se-ben-thirrje-qe-gjermania-te-largohet-nga-euro-dhe-zona-shengen\/","url_meta":{"origin":105778,"position":4},"title":"Bashk\u00ebkryetarja e AfD-s\u00eb b\u00ebn thirrje q\u00eb Gjermania t\u00eb largohet nga euro dhe Zona Shengen","author":"Kurt Farka","date":"August 24, 2026","format":false,"excerpt":"24 Gusht 2026 Bashk\u00ebkryetarja e Alternativ\u00ebs p\u00ebr Gjermanin\u00eb (AfD), Alice Weidel, tha se partia e saj do t\u00eb k\u00ebrkonte q\u00eb Gjermania t\u00eb largohej nga euro dhe Zona Shengen, do t\u00eb mbyllte kufijt\u00eb komb\u00ebtar\u00eb dhe do t\u00eb zbatonte politika m\u00eb t\u00eb ashpra t\u00eb migrimit n\u00ebse do t\u00eb hynte n\u00eb qeverin\u00eb federale.\u2026","rel":"","context":"In &quot;Blogu i Udh\u00ebtarit&quot;","block_context":{"text":"Blogu i Udh\u00ebtarit","link":"https:\/\/www.shqiperia.com\/blog\/category\/blogu-i-udhetarit\/"},"img":{"alt_text":"","src":"https:\/\/i0.wp.com\/www.shqiperia.com\/blog\/wp-content\/uploads\/2026\/08\/640-0-adjpg-1787572756.jpg?fit=640%2C361&ssl=1&resize=350%2C200","width":350,"height":200,"srcset":"https:\/\/i0.wp.com\/www.shqiperia.com\/blog\/wp-content\/uploads\/2026\/08\/640-0-adjpg-1787572756.jpg?fit=640%2C361&ssl=1&resize=350%2C200 1x, https:\/\/i0.wp.com\/www.shqiperia.com\/blog\/wp-content\/uploads\/2026\/08\/640-0-adjpg-1787572756.jpg?fit=640%2C361&ssl=1&resize=525%2C300 1.5x"},"classes":[]},{"id":103898,"url":"https:\/\/www.shqiperia.com\/blog\/bota-po-jeton-ne-borxh-njerezimi-i-tejkaloi-te-gjitha-burimet-natyrore-qe-planeti-mund-te-gjeneroje-brenda-vitit\/","url_meta":{"origin":105778,"position":5},"title":"Bota po jeton n\u00eb \u201cborxh\u201d, njer\u00ebzimi i tejkaloi t\u00eb gjitha burimet natyrore q\u00eb planeti mund t\u00eb gjeneroj\u00eb brenda vitit","author":"Kurt Farka","date":"August 6, 2026","format":false,"excerpt":"6 Gusht 2026 Njer\u00ebzimi prej nj\u00eb jave po jeton tashm\u00eb \u201cme borxh\u201d ndaj planetit. M\u00eb 30 korrik u sh\u00ebnua Dita e Tejkalimit t\u00eb Tok\u00ebs p\u00ebr vitin 2026, momenti kur jan\u00eb konsumuar t\u00eb gjitha burimet natyrore q\u00eb planeti mund t\u00eb rigjeneroj\u00eb brenda nj\u00eb viti. Kjo do t\u00eb thot\u00eb se deri n\u00eb\u2026","rel":"","context":"In &quot;Blogu i Udh\u00ebtarit&quot;","block_context":{"text":"Blogu i Udh\u00ebtarit","link":"https:\/\/www.shqiperia.com\/blog\/category\/blogu-i-udhetarit\/"},"img":{"alt_text":"","src":"https:\/\/i0.wp.com\/www.shqiperia.com\/blog\/wp-content\/uploads\/2026\/08\/images_sd-7-800x450-1.webp?fit=800%2C450&ssl=1&resize=350%2C200","width":350,"height":200,"srcset":"https:\/\/i0.wp.com\/www.shqiperia.com\/blog\/wp-content\/uploads\/2026\/08\/images_sd-7-800x450-1.webp?fit=800%2C450&ssl=1&resize=350%2C200 1x, https:\/\/i0.wp.com\/www.shqiperia.com\/blog\/wp-content\/uploads\/2026\/08\/images_sd-7-800x450-1.webp?fit=800%2C450&ssl=1&resize=525%2C300 1.5x, https:\/\/i0.wp.com\/www.shqiperia.com\/blog\/wp-content\/uploads\/2026\/08\/images_sd-7-800x450-1.webp?fit=800%2C450&ssl=1&resize=700%2C400 2x"},"classes":[]}],"_links":{"self":[{"href":"https:\/\/www.shqiperia.com\/blog\/wp-json\/wp\/v2\/posts\/105778","targetHints":{"allow":["GET"]}}],"collection":[{"href":"https:\/\/www.shqiperia.com\/blog\/wp-json\/wp\/v2\/posts"}],"about":[{"href":"https:\/\/www.shqiperia.com\/blog\/wp-json\/wp\/v2\/types\/post"}],"author":[{"embeddable":true,"href":"https:\/\/www.shqiperia.com\/blog\/wp-json\/wp\/v2\/users\/9"}],"replies":[{"embeddable":true,"href":"https:\/\/www.shqiperia.com\/blog\/wp-json\/wp\/v2\/comments?post=105778"}],"version-history":[{"count":1,"href":"https:\/\/www.shqiperia.com\/blog\/wp-json\/wp\/v2\/posts\/105778\/revisions"}],"predecessor-version":[{"id":105782,"href":"https:\/\/www.shqiperia.com\/blog\/wp-json\/wp\/v2\/posts\/105778\/revisions\/105782"}],"wp:featuredmedia":[{"embeddable":true,"href":"https:\/\/www.shqiperia.com\/blog\/wp-json\/wp\/v2\/media\/105780"}],"wp:attachment":[{"href":"https:\/\/www.shqiperia.com\/blog\/wp-json\/wp\/v2\/media?parent=105778"}],"wp:term":[{"taxonomy":"category","embeddable":true,"href":"https:\/\/www.shqiperia.com\/blog\/wp-json\/wp\/v2\/categories?post=105778"},{"taxonomy":"post_tag","embeddable":true,"href":"https:\/\/www.shqiperia.com\/blog\/wp-json\/wp\/v2\/tags?post=105778"}],"curies":[{"name":"wp","href":"https:\/\/api.w.org\/{rel}","templated":true}]}}