{"id":105775,"date":"2026-09-02T15:46:24","date_gmt":"2026-09-02T15:46:24","guid":{"rendered":"https:\/\/www.shqiperia.com\/blog\/?p=105775"},"modified":"2026-09-02T15:46:24","modified_gmt":"2026-09-02T15:46:24","slug":"ministrja-e-shendetesise-jep-doreheqjen-nuk-pranoi-te-firmoste-privatizimin-e-radhes","status":"publish","type":"post","link":"https:\/\/www.shqiperia.com\/blog\/ministrja-e-shendetesise-jep-doreheqjen-nuk-pranoi-te-firmoste-privatizimin-e-radhes\/","title":{"rendered":"Ministrja e Sh\u00ebndet\u00ebsis\u00eb jep dor\u00ebheqjen: &#8211; Nuk pranoi t\u00eb firmoste privatizimin e radh\u00ebs"},"content":{"rendered":"<p><img data-recalc-dims=\"1\" loading=\"lazy\" decoding=\"async\" data-attachment-id=\"105776\" data-permalink=\"https:\/\/www.shqiperia.com\/blog\/ministrja-e-shendetesise-jep-doreheqjen-nuk-pranoi-te-firmoste-privatizimin-e-radhes\/img_20260326_2334296739439616224099668\/\" data-orig-file=\"https:\/\/i0.wp.com\/www.shqiperia.com\/blog\/wp-content\/uploads\/2026\/09\/img_20260326_2334296739439616224099668.png?fit=1147%2C768&amp;ssl=1\" data-orig-size=\"1147,768\" data-comments-opened=\"1\" data-image-meta=\"{&quot;aperture&quot;:&quot;0&quot;,&quot;credit&quot;:&quot;&quot;,&quot;camera&quot;:&quot;&quot;,&quot;caption&quot;:&quot;&quot;,&quot;created_timestamp&quot;:&quot;0&quot;,&quot;copyright&quot;:&quot;&quot;,&quot;focal_length&quot;:&quot;0&quot;,&quot;iso&quot;:&quot;0&quot;,&quot;shutter_speed&quot;:&quot;0&quot;,&quot;title&quot;:&quot;&quot;,&quot;orientation&quot;:&quot;0&quot;}\" data-image-title=\"Evis Sala Edi Rama\" data-image-description=\"\" data-image-caption=\"&lt;p&gt;Evis Sala Edi Rama&lt;\/p&gt;\n\" data-medium-file=\"https:\/\/i0.wp.com\/www.shqiperia.com\/blog\/wp-content\/uploads\/2026\/09\/img_20260326_2334296739439616224099668.png?fit=300%2C201&amp;ssl=1\" data-large-file=\"https:\/\/i0.wp.com\/www.shqiperia.com\/blog\/wp-content\/uploads\/2026\/09\/img_20260326_2334296739439616224099668.png?fit=1024%2C686&amp;ssl=1\" class=\"alignnone  wp-image-105776\" alt=\"\" src=\"https:\/\/i0.wp.com\/www.shqiperia.com\/blog\/wp-content\/uploads\/2026\/09\/img_20260326_2334296739439616224099668.png?resize=484%2C324&#038;ssl=1\" width=\"484\" height=\"324\" srcset=\"https:\/\/i0.wp.com\/www.shqiperia.com\/blog\/wp-content\/uploads\/2026\/09\/img_20260326_2334296739439616224099668.png?resize=300%2C201&amp;ssl=1 300w, https:\/\/i0.wp.com\/www.shqiperia.com\/blog\/wp-content\/uploads\/2026\/09\/img_20260326_2334296739439616224099668.png?resize=1024%2C686&amp;ssl=1 1024w, https:\/\/i0.wp.com\/www.shqiperia.com\/blog\/wp-content\/uploads\/2026\/09\/img_20260326_2334296739439616224099668.png?resize=768%2C514&amp;ssl=1 768w, https:\/\/i0.wp.com\/www.shqiperia.com\/blog\/wp-content\/uploads\/2026\/09\/img_20260326_2334296739439616224099668.png?resize=600%2C402&amp;ssl=1 600w, https:\/\/i0.wp.com\/www.shqiperia.com\/blog\/wp-content\/uploads\/2026\/09\/img_20260326_2334296739439616224099668.png?resize=450%2C301&amp;ssl=1 450w, https:\/\/i0.wp.com\/www.shqiperia.com\/blog\/wp-content\/uploads\/2026\/09\/img_20260326_2334296739439616224099668.png?resize=400%2C268&amp;ssl=1 400w, https:\/\/i0.wp.com\/www.shqiperia.com\/blog\/wp-content\/uploads\/2026\/09\/img_20260326_2334296739439616224099668.png?w=1147&amp;ssl=1 1147w\" sizes=\"auto, (max-width: 484px) 100vw, 484px\" \/><\/p>\n<p>2 Shtator 2026<\/p>\n<p>Ministrja e Sh\u00ebndet\u00ebsis\u00eb dhe Mir\u00ebqenies Sociale, Evis Sala deklaroi t\u00eb m\u00ebrkur\u00ebn se ka dh\u00ebn\u00eb dor\u00ebheqjen nga detyra q\u00eb e mbajti p\u00ebr nj\u00eb vit n\u00eb kabinetin e kryeministrit Edi Rama.<\/p>\n<p>N\u00eb nj\u00eb status n\u00eb platform\u00ebn X, ajo njoftoi se do t\u2019i kthehej angazhimeve t\u00eb saj nd\u00ebrkomb\u00ebtare n\u00eb fush\u00ebn e ekspertiz\u00ebs si mjeke.<\/p>\n<p>\u201cSot ishte mbledhja ime e fundit si an\u00ebtare e kabinetit qeveritar, pasi kam pranuar disa angazhime nd\u00ebrkomb\u00ebtare t\u00eb r\u00ebnd\u00ebsishme n\u00eb fush\u00ebn time t\u00eb ekspertiz\u00ebs: onkolologji \u2013 inteligjenc\u00eb artificiale \u2013 inovacion,\u201d shkroi ajo, nd\u00ebrsa pretendoi se gjat\u00eb k\u00ebtij viti jan\u00eb b\u00ebr\u00eb \u201chapa t\u00eb r\u00ebnd\u00ebsish\u00ebm n\u00eb sh\u00ebndet\u00ebsi\u201d.<\/p>\n<p>Para se t\u00eb pranonte ftes\u00ebn e Ram\u00ebs, Sala kishte nd\u00ebrtuar nj\u00eb karrier\u00eb akademike dhe shkencore n\u00eb fush\u00ebn e imazheris\u00eb onkologjike n\u00eb nivel nd\u00ebrkomb\u00ebtar.<\/p>\n<p>E pap\u00ebrfshir\u00eb n\u00eb politik\u00eb m\u00eb par\u00eb, ajo u prezantua nga kryeministri si \u2018shpres\u00eb p\u00ebr t\u00eb ardhmen e sh\u00ebrbimit sh\u00ebndet\u00ebsor\u2019, por sektori vijoi dhe n\u00ebn drejtimin e saj t\u00eb ishte nj\u00eb nga sektor\u00ebt m\u00eb problematik\u00eb n\u00eb ofrimin e sh\u00ebrbimeve baz\u00eb p\u00ebr t\u00eb s\u00ebmur\u00ebt dhe munges\u00ebn e pajisjeve mjek\u00ebsore .<\/p>\n<div id=\"attachment_105776\" style=\"width: 947px\" class=\"wp-caption alignnone\"><img data-recalc-dims=\"1\" loading=\"lazy\" decoding=\"async\" aria-describedby=\"caption-attachment-105776\" data-attachment-id=\"105776\" data-permalink=\"https:\/\/www.shqiperia.com\/blog\/ministrja-e-shendetesise-jep-doreheqjen-nuk-pranoi-te-firmoste-privatizimin-e-radhes\/img_20260326_2334296739439616224099668\/\" data-orig-file=\"https:\/\/i0.wp.com\/www.shqiperia.com\/blog\/wp-content\/uploads\/2026\/09\/img_20260326_2334296739439616224099668.png?fit=1147%2C768&amp;ssl=1\" data-orig-size=\"1147,768\" data-comments-opened=\"1\" data-image-meta=\"{&quot;aperture&quot;:&quot;0&quot;,&quot;credit&quot;:&quot;&quot;,&quot;camera&quot;:&quot;&quot;,&quot;caption&quot;:&quot;&quot;,&quot;created_timestamp&quot;:&quot;0&quot;,&quot;copyright&quot;:&quot;&quot;,&quot;focal_length&quot;:&quot;0&quot;,&quot;iso&quot;:&quot;0&quot;,&quot;shutter_speed&quot;:&quot;0&quot;,&quot;title&quot;:&quot;&quot;,&quot;orientation&quot;:&quot;0&quot;}\" data-image-title=\"Evis Sala Edi Rama\" data-image-description=\"\" data-image-caption=\"&lt;p&gt;Evis Sala Edi Rama&lt;\/p&gt;\n\" data-medium-file=\"https:\/\/i0.wp.com\/www.shqiperia.com\/blog\/wp-content\/uploads\/2026\/09\/img_20260326_2334296739439616224099668.png?fit=300%2C201&amp;ssl=1\" data-large-file=\"https:\/\/i0.wp.com\/www.shqiperia.com\/blog\/wp-content\/uploads\/2026\/09\/img_20260326_2334296739439616224099668.png?fit=1024%2C686&amp;ssl=1\" class=\" wp-image-105776\" alt=\"\" src=\"https:\/\/i0.wp.com\/www.shqiperia.com\/blog\/wp-content\/uploads\/2026\/09\/img_20260326_2334296739439616224099668.png?resize=937%2C628&#038;ssl=1\" width=\"937\" height=\"628\" srcset=\"https:\/\/i0.wp.com\/www.shqiperia.com\/blog\/wp-content\/uploads\/2026\/09\/img_20260326_2334296739439616224099668.png?resize=300%2C201&amp;ssl=1 300w, https:\/\/i0.wp.com\/www.shqiperia.com\/blog\/wp-content\/uploads\/2026\/09\/img_20260326_2334296739439616224099668.png?resize=1024%2C686&amp;ssl=1 1024w, https:\/\/i0.wp.com\/www.shqiperia.com\/blog\/wp-content\/uploads\/2026\/09\/img_20260326_2334296739439616224099668.png?resize=768%2C514&amp;ssl=1 768w, https:\/\/i0.wp.com\/www.shqiperia.com\/blog\/wp-content\/uploads\/2026\/09\/img_20260326_2334296739439616224099668.png?resize=450%2C301&amp;ssl=1 450w, https:\/\/i0.wp.com\/www.shqiperia.com\/blog\/wp-content\/uploads\/2026\/09\/img_20260326_2334296739439616224099668.png?resize=600%2C402&amp;ssl=1 600w, https:\/\/i0.wp.com\/www.shqiperia.com\/blog\/wp-content\/uploads\/2026\/09\/img_20260326_2334296739439616224099668.png?resize=400%2C268&amp;ssl=1 400w, https:\/\/i0.wp.com\/www.shqiperia.com\/blog\/wp-content\/uploads\/2026\/09\/img_20260326_2334296739439616224099668.png?w=1147&amp;ssl=1 1147w\" sizes=\"auto, (max-width: 937px) 100vw, 937px\" \/><p id=\"caption-attachment-105776\" class=\"wp-caption-text\">Evis Sala Edi Rama<\/p><\/div>\n<p>Shqip\u00ebria sh\u00ebnon shpenzimet publike m\u00eb t\u00eb ul\u00ebta n\u00eb rajon p\u00ebr sh\u00ebndet\u00ebsin\u00eb p\u00ebr vitin 2025, teksa qytetar\u00ebt vijojn\u00eb t\u2019i mbulojn\u00eb vet\u00eb nj\u00eb pjes\u00eb t\u00eb konsiderueshme t\u00eb shpenzimeve t\u00eb tyre sh\u00ebndet\u00ebsore.<\/p>\n<p>Kryeministri Rama nuk e ka komentuar largimin e ministres Sala, nd\u00ebrsa n\u00eb media ka raportime se ajo u largua pasi nuk pranoi t\u00eb firmoste planet e kryeministrit p\u00ebr t\u00eb privatizuar dhe monopolizuar edhe sektorin e medikamenteve mjek\u00ebsore.<\/p>\n","protected":false},"excerpt":{"rendered":"<p>2 Shtator 2026 Ministrja e Sh\u00ebndet\u00ebsis\u00eb dhe Mir\u00ebqenies Sociale, Evis Sala deklaroi t\u00eb m\u00ebrkur\u00ebn se ka dh\u00ebn\u00eb dor\u00ebheqjen nga detyra q\u00eb e mbajti p\u00ebr nj\u00eb vit n\u00eb kabinetin e kryeministrit Edi Rama. N\u00eb nj\u00eb status n\u00eb platform\u00ebn X, ajo njoftoi se do t\u2019i kthehej angazhimeve t\u00eb saj nd\u00ebrkomb\u00ebtare n\u00eb fush\u00ebn e ekspertiz\u00ebs si mjeke. \u201cSot [&hellip;]<\/p>\n","protected":false},"author":9,"featured_media":105776,"comment_status":"open","ping_status":"open","sticky":false,"template":"","format":"standard","meta":{"jetpack_post_was_ever_published":false,"_jetpack_newsletter_access":"","_jetpack_dont_email_post_to_subs":false,"_jetpack_newsletter_tier_id":0,"_jetpack_memberships_contains_paywalled_content":false,"_jetpack_memberships_contains_paid_content":false,"footnotes":"","jetpack_publicize_message":"","jetpack_publicize_feature_enabled":true,"jetpack_social_post_already_shared":true,"jetpack_social_options":{"image_generator_settings":{"template":"highway","default_image_id":0,"font":"","enabled":false},"version":2}},"categories":[27,1,2,14,35],"tags":[],"class_list":["post-105775","post","type-post","status-publish","format-standard","has-post-thumbnail","hentry","category-blogu-i-udhetarit","category-njoftime-shtypi","category-politika","category-press-releases","category-shoqerore"],"jetpack_publicize_connections":[],"jetpack_featured_media_url":"https:\/\/i0.wp.com\/www.shqiperia.com\/blog\/wp-content\/uploads\/2026\/09\/img_20260326_2334296739439616224099668.png?fit=1147%2C768&ssl=1","jetpack_sharing_enabled":true,"jetpack_shortlink":"https:\/\/wp.me\/p5Z6wp-rw3","jetpack-related-posts":[{"id":105767,"url":"https:\/\/www.shqiperia.com\/blog\/doreheqja-e-ministres-evis-sala-u-largua-per-ti-hapur-rruge-dorezimit-te-shendetesise-tek-miku-izraelit-i-rames\/","url_meta":{"origin":105775,"position":0},"title":"Dor\u00ebheqja e ministres Evis Sala: U largua p\u00ebr t\u2019i hapur rrug\u00eb dor\u00ebzimit t\u00eb sh\u00ebndet\u00ebsis\u00eb tek miku izraelit i Ram\u00ebs!","author":"Kurt Farka","date":"September 2, 2026","format":false,"excerpt":"2 Shtator 2026 N\u00eb nj\u00eb reagim n\u00eb rrjete sociale, K\u00eblli\u00e7i thot\u00eb se dor\u00ebheqja e Evis Sal\u00ebs nga posti i ministres s\u00eb Sh\u00ebndet\u00ebsis\u00eb lidhet me kund\u00ebrshtimin e k\u00ebtij projekti. \u00a0K\u00eblli\u00e7i thekson se n\u00eb k\u00ebt\u00eb skem\u00eb ka interesa t\u00eb biznesmenit izraelit Sani Sanilevich, q\u00eb sipas t\u00eb cilit, \u00ebsht\u00eb mik i kryeministrit Edi\u2026","rel":"","context":"In &quot;Blogu i Udh\u00ebtarit&quot;","block_context":{"text":"Blogu i Udh\u00ebtarit","link":"https:\/\/www.shqiperia.com\/blog\/category\/blogu-i-udhetarit\/"},"img":{"alt_text":"","src":"https:\/\/i0.wp.com\/www.shqiperia.com\/blog\/wp-content\/uploads\/2026\/09\/rama-programi-ps-2-1.png?fit=768%2C430&ssl=1&resize=350%2C200","width":350,"height":200,"srcset":"https:\/\/i0.wp.com\/www.shqiperia.com\/blog\/wp-content\/uploads\/2026\/09\/rama-programi-ps-2-1.png?fit=768%2C430&ssl=1&resize=350%2C200 1x, https:\/\/i0.wp.com\/www.shqiperia.com\/blog\/wp-content\/uploads\/2026\/09\/rama-programi-ps-2-1.png?fit=768%2C430&ssl=1&resize=525%2C300 1.5x, https:\/\/i0.wp.com\/www.shqiperia.com\/blog\/wp-content\/uploads\/2026\/09\/rama-programi-ps-2-1.png?fit=768%2C430&ssl=1&resize=700%2C400 2x"},"classes":[]},{"id":105763,"url":"https:\/\/www.shqiperia.com\/blog\/doreheqja-e-ministres-se-shendetesise-gazetari-stafa-zbulon-detaje-kryeministri-i-ka-kerkuar-qe-te-firmose-ceshtjen-e-superkompanise-por-nuk-ka-pranuar\/","url_meta":{"origin":105775,"position":1},"title":"Dor\u00ebheqja e ministres s\u00eb sh\u00ebndet\u00ebsis\u00eb, gazetari Stafa zbulon detaje: &#8211; Kryeministri i ka k\u00ebrkuar q\u00eb t\u00eb firmos\u00eb \u00e7\u00ebshtjen e superkompanis\u00eb, por nuk ka pranuar","author":"Kurt Farka","date":"September 2, 2026","format":false,"excerpt":"2 Shtator 2026 Gazetari Osman Stafa, i ftuar n\u00eb nje studio televizive ka komentuar dor\u00ebheqjen e ministres s\u00eb Sh\u00ebndet\u00ebsis\u00eb, Evis Sala. Stafa shprehet se dor\u00ebheqja e Sal\u00ebs ka qen\u00eb e paramenduar. Ai shton se Sala nuk ka qen\u00eb e sinqert\u00eb as n\u00eb ikje. Dhe nj\u00ebher\u00eb thekson se situata n\u00eb spitale\u2026","rel":"","context":"In &quot;Blogu i Udh\u00ebtarit&quot;","block_context":{"text":"Blogu i Udh\u00ebtarit","link":"https:\/\/www.shqiperia.com\/blog\/category\/blogu-i-udhetarit\/"},"img":{"alt_text":"","src":"https:\/\/i0.wp.com\/www.shqiperia.com\/blog\/wp-content\/uploads\/2026\/09\/Evis-Sala.png?fit=910%2C584&ssl=1&resize=350%2C200","width":350,"height":200,"srcset":"https:\/\/i0.wp.com\/www.shqiperia.com\/blog\/wp-content\/uploads\/2026\/09\/Evis-Sala.png?fit=910%2C584&ssl=1&resize=350%2C200 1x, https:\/\/i0.wp.com\/www.shqiperia.com\/blog\/wp-content\/uploads\/2026\/09\/Evis-Sala.png?fit=910%2C584&ssl=1&resize=525%2C300 1.5x, https:\/\/i0.wp.com\/www.shqiperia.com\/blog\/wp-content\/uploads\/2026\/09\/Evis-Sala.png?fit=910%2C584&ssl=1&resize=700%2C400 2x"},"classes":[]},{"id":100613,"url":"https:\/\/www.shqiperia.com\/blog\/milva-ekonomi-i-firmosi-miliona-euro-vilma-nushit-kjo-e-fundit-i-investoi-te-kulla-e-ervin-mates\/","url_meta":{"origin":105775,"position":2},"title":"Milva Ekonomi i firmosi miliona euro Vilma Nushit, kjo e fundit i investoi te kulla e Ervin Mat\u00ebs","author":"Kurt Farka","date":"May 24, 2026","format":false,"excerpt":"24 Maji 2026 Pak dit\u00eb m\u00eb par\u00eb emisioni \u201cPlug\u201d n\u00eb Syri TV, b\u00ebri nj\u00eb p\u00ebrmbledhje me fakte dhe dokumente konkrete, t\u00eb abuzimeve q\u00eb jan\u00eb b\u00ebr\u00eb nga shteti shqiptar me koncesionet e sh\u00ebndet\u00ebsis\u00eb, nj\u00eb prej tyre dhe koncesioni i check-up, nj\u00eb skem\u00eb e madhe abuzimi me taksat e qytetar\u00ebve shqiptar\u00eb. P\u00ebr\u2026","rel":"","context":"In &quot;Blogu i Udh\u00ebtarit&quot;","block_context":{"text":"Blogu i Udh\u00ebtarit","link":"https:\/\/www.shqiperia.com\/blog\/category\/blogu-i-udhetarit\/"},"img":{"alt_text":"","src":"https:\/\/i0.wp.com\/www.shqiperia.com\/blog\/wp-content\/uploads\/2026\/05\/maxresdefault-1-1.jpg?fit=1200%2C675&ssl=1&resize=350%2C200","width":350,"height":200,"srcset":"https:\/\/i0.wp.com\/www.shqiperia.com\/blog\/wp-content\/uploads\/2026\/05\/maxresdefault-1-1.jpg?fit=1200%2C675&ssl=1&resize=350%2C200 1x, https:\/\/i0.wp.com\/www.shqiperia.com\/blog\/wp-content\/uploads\/2026\/05\/maxresdefault-1-1.jpg?fit=1200%2C675&ssl=1&resize=525%2C300 1.5x, https:\/\/i0.wp.com\/www.shqiperia.com\/blog\/wp-content\/uploads\/2026\/05\/maxresdefault-1-1.jpg?fit=1200%2C675&ssl=1&resize=700%2C400 2x, https:\/\/i0.wp.com\/www.shqiperia.com\/blog\/wp-content\/uploads\/2026\/05\/maxresdefault-1-1.jpg?fit=1200%2C675&ssl=1&resize=1050%2C600 3x"},"classes":[]},{"id":104510,"url":"https:\/\/www.shqiperia.com\/blog\/denoncimi-i-alimehmetit-skandali-50-milione-euro-i-dializes\/","url_meta":{"origin":105775,"position":3},"title":"Denoncimi i Alimehmetit: &#8211; Skandali 50 milion\u00eb euro i dializ\u00ebs","author":"Kurt Farka","date":"August 15, 2026","format":false,"excerpt":"15 Gusht 2026 Mjeku Ilir Alimehmeti ka ngritur akuza t\u00eb forta p\u00ebr sh\u00ebrbimin e dializ\u00ebs n\u00eb Shqip\u00ebri, duke e cil\u00ebsuar si nj\u00eb skandal me vler\u00eb rreth 50 milion\u00eb euro dhe duke akuzuar qeverin\u00eb se po p\u00ebrgatit tenderin e radh\u00ebs p\u00ebr k\u00ebt\u00eb sh\u00ebrbim. N\u00eb nj\u00eb deklarat\u00eb nga selia blu, Alimehmeti thot\u00eb\u2026","rel":"","context":"In &quot;Blogu i Udh\u00ebtarit&quot;","block_context":{"text":"Blogu i Udh\u00ebtarit","link":"https:\/\/www.shqiperia.com\/blog\/category\/blogu-i-udhetarit\/"},"img":{"alt_text":"","src":"https:\/\/i0.wp.com\/www.shqiperia.com\/blog\/wp-content\/uploads\/2026\/08\/WhatsApp-Image-2026-08-15-at-14.28.15-1536x1025-1.jpeg?fit=1200%2C801&ssl=1&resize=350%2C200","width":350,"height":200,"srcset":"https:\/\/i0.wp.com\/www.shqiperia.com\/blog\/wp-content\/uploads\/2026\/08\/WhatsApp-Image-2026-08-15-at-14.28.15-1536x1025-1.jpeg?fit=1200%2C801&ssl=1&resize=350%2C200 1x, https:\/\/i0.wp.com\/www.shqiperia.com\/blog\/wp-content\/uploads\/2026\/08\/WhatsApp-Image-2026-08-15-at-14.28.15-1536x1025-1.jpeg?fit=1200%2C801&ssl=1&resize=525%2C300 1.5x, https:\/\/i0.wp.com\/www.shqiperia.com\/blog\/wp-content\/uploads\/2026\/08\/WhatsApp-Image-2026-08-15-at-14.28.15-1536x1025-1.jpeg?fit=1200%2C801&ssl=1&resize=700%2C400 2x, https:\/\/i0.wp.com\/www.shqiperia.com\/blog\/wp-content\/uploads\/2026\/08\/WhatsApp-Image-2026-08-15-at-14.28.15-1536x1025-1.jpeg?fit=1200%2C801&ssl=1&resize=1050%2C600 3x"},"classes":[]},{"id":102857,"url":"https:\/\/www.shqiperia.com\/blog\/shefi-i-cia-trupat-e-putin-nuk-rezistojne-me-shume-se-30-minuta-ne-fushen-e-betejes\/","url_meta":{"origin":105775,"position":4},"title":"Shefi i CIA: &#8211; Trupat e Putin nuk rezistojn\u00eb m\u00eb shum\u00eb se 30 minuta n\u00eb fush\u00ebn e betej\u00ebs","author":"Kurt Farka","date":"July 18, 2026","format":false,"excerpt":"18 Korrok 2026 Jet\u00ebgjat\u00ebsia mesatare p\u00ebr nj\u00eb ushtar rus n\u00eb Ukrain\u00eb \u00ebsht\u00eb midis 20-30 minutash, sipas drejtoriy t\u00eb CIA-s, John Ratcliffe. Duke folur n\u00eb nj\u00eb samit t\u00eb mbrojtjes n\u00eb Pensilvani, ai ia atribuoi kushtet vdekjeprur\u00ebse p\u00ebr forcat e Vladimir Putinit dron\u00ebve luftarak\u00eb t\u00eb Ukrain\u00ebs t\u00eb pajisur me inteligjenc\u00eb artificiale. \u201cAjo\u2026","rel":"","context":"In &quot;Blogu i Udh\u00ebtarit&quot;","block_context":{"text":"Blogu i Udh\u00ebtarit","link":"https:\/\/www.shqiperia.com\/blog\/category\/blogu-i-udhetarit\/"},"img":{"alt_text":"","src":"https:\/\/i0.wp.com\/www.shqiperia.com\/blog\/wp-content\/uploads\/2026\/07\/640-0-97e9a7731bb37e1f1202cb20d23e5cb3.jpeg?fit=640%2C422&ssl=1&resize=350%2C200","width":350,"height":200,"srcset":"https:\/\/i0.wp.com\/www.shqiperia.com\/blog\/wp-content\/uploads\/2026\/07\/640-0-97e9a7731bb37e1f1202cb20d23e5cb3.jpeg?fit=640%2C422&ssl=1&resize=350%2C200 1x, https:\/\/i0.wp.com\/www.shqiperia.com\/blog\/wp-content\/uploads\/2026\/07\/640-0-97e9a7731bb37e1f1202cb20d23e5cb3.jpeg?fit=640%2C422&ssl=1&resize=525%2C300 1.5x"},"classes":[]},{"id":105646,"url":"https:\/\/www.shqiperia.com\/blog\/piktoret-mblidhen-ne-pogradec-artiste-nga-vende-te-ndryshme-te-botes-pjese-e-kolonise-nderkombetare\/","url_meta":{"origin":105775,"position":5},"title":"Piktor\u00ebt mblidhen n\u00eb Pogradec, artist\u00eb nga vende t\u00eb ndryshme t\u00eb bot\u00ebs, pjes\u00eb e Kolonis\u00eb Nd\u00ebrkomb\u00ebtare","author":"Kurt Farka","date":"September 1, 2026","format":false,"excerpt":"1 Shtator 2026 Pogradeci ka mbledhur edhe k\u00ebt\u00eb vit artist\u00eb nga vende t\u00eb ndryshme t\u00eb bot\u00ebs n\u00eb edicionin e 17-t\u00eb t\u00eb Kolonis\u00eb Nd\u00ebrkomb\u00ebtare t\u00eb Artit. Rreth 20 piktor\u00eb nga mbi 10 shtete kan\u00eb sjell\u00eb n\u00eb telajo peizazhin e liqenit, natyr\u00ebn dhe element\u00eb t\u00eb kultur\u00ebs s\u00eb Pogradecit, duke e kthyer aktivitetin\u2026","rel":"","context":"In &quot;Arte&quot;","block_context":{"text":"Arte","link":"https:\/\/www.shqiperia.com\/blog\/category\/arte\/"},"img":{"alt_text":"","src":"https:\/\/i0.wp.com\/www.shqiperia.com\/blog\/wp-content\/uploads\/2026\/09\/th.jpg?fit=410%2C260&ssl=1&resize=350%2C200","width":350,"height":200},"classes":[]}],"_links":{"self":[{"href":"https:\/\/www.shqiperia.com\/blog\/wp-json\/wp\/v2\/posts\/105775","targetHints":{"allow":["GET"]}}],"collection":[{"href":"https:\/\/www.shqiperia.com\/blog\/wp-json\/wp\/v2\/posts"}],"about":[{"href":"https:\/\/www.shqiperia.com\/blog\/wp-json\/wp\/v2\/types\/post"}],"author":[{"embeddable":true,"href":"https:\/\/www.shqiperia.com\/blog\/wp-json\/wp\/v2\/users\/9"}],"replies":[{"embeddable":true,"href":"https:\/\/www.shqiperia.com\/blog\/wp-json\/wp\/v2\/comments?post=105775"}],"version-history":[{"count":1,"href":"https:\/\/www.shqiperia.com\/blog\/wp-json\/wp\/v2\/posts\/105775\/revisions"}],"predecessor-version":[{"id":105777,"href":"https:\/\/www.shqiperia.com\/blog\/wp-json\/wp\/v2\/posts\/105775\/revisions\/105777"}],"wp:featuredmedia":[{"embeddable":true,"href":"https:\/\/www.shqiperia.com\/blog\/wp-json\/wp\/v2\/media\/105776"}],"wp:attachment":[{"href":"https:\/\/www.shqiperia.com\/blog\/wp-json\/wp\/v2\/media?parent=105775"}],"wp:term":[{"taxonomy":"category","embeddable":true,"href":"https:\/\/www.shqiperia.com\/blog\/wp-json\/wp\/v2\/categories?post=105775"},{"taxonomy":"post_tag","embeddable":true,"href":"https:\/\/www.shqiperia.com\/blog\/wp-json\/wp\/v2\/tags?post=105775"}],"curies":[{"name":"wp","href":"https:\/\/api.w.org\/{rel}","templated":true}]}}