{"id":105770,"date":"2026-09-02T15:37:18","date_gmt":"2026-09-02T15:37:18","guid":{"rendered":"https:\/\/www.shqiperia.com\/blog\/?p=105770"},"modified":"2026-09-02T15:37:18","modified_gmt":"2026-09-02T15:37:18","slug":"helmohen-rreth-120-banore-te-fushe-arrezit-dyshohet-nga-ndotja-e-ujit-te-pijshem-mbushin-e-ujit-ne-kroje","status":"publish","type":"post","link":"https:\/\/www.shqiperia.com\/blog\/helmohen-rreth-120-banore-te-fushe-arrezit-dyshohet-nga-ndotja-e-ujit-te-pijshem-mbushin-e-ujit-ne-kroje\/","title":{"rendered":"Helmohen rreth 120 banor\u00eb t\u00eb Fush\u00eb-Arr\u00ebzit, dyshohet nga ndotja e ujit t\u00eb pijsh\u00ebm. &#8211; Mbushin e ujit n\u00eb kroje."},"content":{"rendered":"<div id=\"attachment_105772\" style=\"width: 712px\" class=\"wp-caption alignnone\"><img data-recalc-dims=\"1\" loading=\"lazy\" decoding=\"async\" aria-describedby=\"caption-attachment-105772\" data-attachment-id=\"105772\" data-permalink=\"https:\/\/www.shqiperia.com\/blog\/helmohen-rreth-120-banore-te-fushe-arrezit-dyshohet-nga-ndotja-e-ujit-te-pijshem-mbushin-e-ujit-ne-kroje\/fushe-arrez-qendra-e-qytetit-2\/\" data-orig-file=\"https:\/\/i0.wp.com\/www.shqiperia.com\/blog\/wp-content\/uploads\/2026\/09\/Fushe-Arrez-Qendra-e-qytetit-1.jpg?fit=972%2C642&amp;ssl=1\" data-orig-size=\"972,642\" data-comments-opened=\"1\" data-image-meta=\"{&quot;aperture&quot;:&quot;0&quot;,&quot;credit&quot;:&quot;&quot;,&quot;camera&quot;:&quot;&quot;,&quot;caption&quot;:&quot;&quot;,&quot;created_timestamp&quot;:&quot;1788363085&quot;,&quot;copyright&quot;:&quot;COPYRIGHT, 2007&quot;,&quot;focal_length&quot;:&quot;0&quot;,&quot;iso&quot;:&quot;0&quot;,&quot;shutter_speed&quot;:&quot;0&quot;,&quot;title&quot;:&quot;&quot;,&quot;orientation&quot;:&quot;0&quot;}\" data-image-title=\"Fushe-Arrez Q\u00ebndra-e-qytetit\" data-image-description=\"\" data-image-caption=\"&lt;p&gt;Fushe-Arrez Q\u00ebndra-e-qytetit&lt;\/p&gt;\n\" data-medium-file=\"https:\/\/i0.wp.com\/www.shqiperia.com\/blog\/wp-content\/uploads\/2026\/09\/Fushe-Arrez-Qendra-e-qytetit-1.jpg?fit=300%2C198&amp;ssl=1\" data-large-file=\"https:\/\/i0.wp.com\/www.shqiperia.com\/blog\/wp-content\/uploads\/2026\/09\/Fushe-Arrez-Qendra-e-qytetit-1.jpg?fit=972%2C642&amp;ssl=1\" class=\" wp-image-105772\" alt=\"\" src=\"https:\/\/i0.wp.com\/www.shqiperia.com\/blog\/wp-content\/uploads\/2026\/09\/Fushe-Arrez-Qendra-e-qytetit-1.jpg?resize=702%2C463&#038;ssl=1\" width=\"702\" height=\"463\" srcset=\"https:\/\/i0.wp.com\/www.shqiperia.com\/blog\/wp-content\/uploads\/2026\/09\/Fushe-Arrez-Qendra-e-qytetit-1.jpg?resize=300%2C198&amp;ssl=1 300w, https:\/\/i0.wp.com\/www.shqiperia.com\/blog\/wp-content\/uploads\/2026\/09\/Fushe-Arrez-Qendra-e-qytetit-1.jpg?resize=768%2C507&amp;ssl=1 768w, https:\/\/i0.wp.com\/www.shqiperia.com\/blog\/wp-content\/uploads\/2026\/09\/Fushe-Arrez-Qendra-e-qytetit-1.jpg?resize=450%2C297&amp;ssl=1 450w, https:\/\/i0.wp.com\/www.shqiperia.com\/blog\/wp-content\/uploads\/2026\/09\/Fushe-Arrez-Qendra-e-qytetit-1.jpg?resize=600%2C396&amp;ssl=1 600w, https:\/\/i0.wp.com\/www.shqiperia.com\/blog\/wp-content\/uploads\/2026\/09\/Fushe-Arrez-Qendra-e-qytetit-1.jpg?resize=400%2C264&amp;ssl=1 400w, https:\/\/i0.wp.com\/www.shqiperia.com\/blog\/wp-content\/uploads\/2026\/09\/Fushe-Arrez-Qendra-e-qytetit-1.jpg?w=972&amp;ssl=1 972w\" sizes=\"auto, (max-width: 702px) 100vw, 702px\" \/><p id=\"caption-attachment-105772\" class=\"wp-caption-text\">Fushe-Arrez Q\u00ebndra-e-qytetit<\/p><\/div>\n<p><strong>2 Shtator 2026<\/strong><\/p>\n<p><strong>Rreth 120 banor\u00eb t\u00eb Fush\u00eb-Arr\u00ebzit dyshohet se jan\u00eb helmuar nga ndotja e ujit t\u00eb pijsh\u00ebm. M\u00ebsohet se ata jan\u00eb paraqitur n\u00eb 4 dit\u00ebt e fundit n\u00eb Qendr\u00ebn Sh\u00ebndet\u00ebsore t\u00eb qytetit, me simptoma helmimi.<\/strong><\/p>\n<p>Nj\u00eb dit\u00eb m\u00eb par\u00eb, banor\u00ebt denoncuan rastin p\u00ebr News24, duke b\u00ebr\u00eb me dije se uji i pijsh\u00ebm mbante er\u00eb t\u00eb r\u00ebnd\u00eb, nd\u00ebrsa autoritetet nuk kishin marr\u00eb asnj\u00eb mas\u00eb, pavar\u00ebsisht ankesave t\u00eb tyre.<\/p>\n<p>Strukturat e Sh\u00ebndetit Publik dhe ato t\u00eb Higjien\u00ebs kan\u00eb marr\u00eb kampion\u00eb t\u00eb ujit t\u00eb pijsh\u00ebm q\u00eb shkon n\u00eb rubinetet e qytetar\u00ebve, p\u00ebr t\u2019iu n\u00ebnshtruar analizave laboratorike, por ende nuk ka nj\u00eb p\u00ebrgjigje zyrtare.<\/p>\n<p>Lidhur me k\u00ebt\u00eb rast q\u00eb ka shkaktuar helmimin e qindra banor\u00ebve ka reaguar edhe N\u00ebnkryetari i Bashkis\u00eb s\u00eb Fush\u00eb-Arr\u00ebzit, Mikel Qafa, i cili thot\u00eb se p\u00ebrgjegj\u00ebsia p\u00ebr ujin i takon Shoq\u00ebris\u00eb Rajonale t\u00eb Uj\u00ebsjell\u00ebs-Kanalizimeve Shkod\u00ebr. P\u00ebr n\u00ebnkryetarin e bashkis\u00eb, kjo \u00ebsht\u00eb rrjedhoj\u00eb e p\u00ebrpjekjeve t\u00eb vazhdueshme t\u00eb pushtetit p\u00ebr largimin e sh\u00ebrbimeve nga qytetar\u00ebt, duke u bazuar k\u00ebshtu n\u00eb propozimin e fundit, q\u00eb Fush\u00eb-Arr\u00ebzi t\u00eb shkrihet me Bashkin\u00eb Puk\u00eb.<\/p>\n<div id=\"attachment_105773\" style=\"width: 857px\" class=\"wp-caption alignnone\"><img data-recalc-dims=\"1\" loading=\"lazy\" decoding=\"async\" aria-describedby=\"caption-attachment-105773\" data-attachment-id=\"105773\" data-permalink=\"https:\/\/www.shqiperia.com\/blog\/helmohen-rreth-120-banore-te-fushe-arrezit-dyshohet-nga-ndotja-e-ujit-te-pijshem-mbushin-e-ujit-ne-kroje\/fushe-arrez-qendra-e-qytetit-2-2\/\" data-orig-file=\"https:\/\/i0.wp.com\/www.shqiperia.com\/blog\/wp-content\/uploads\/2026\/09\/Fushe-Arrez-Qendra-e-qytetit-2.jpg?fit=960%2C719&amp;ssl=1\" data-orig-size=\"960,719\" data-comments-opened=\"1\" data-image-meta=\"{&quot;aperture&quot;:&quot;0&quot;,&quot;credit&quot;:&quot;&quot;,&quot;camera&quot;:&quot;&quot;,&quot;caption&quot;:&quot;&quot;,&quot;created_timestamp&quot;:&quot;0&quot;,&quot;copyright&quot;:&quot;&quot;,&quot;focal_length&quot;:&quot;0&quot;,&quot;iso&quot;:&quot;0&quot;,&quot;shutter_speed&quot;:&quot;0&quot;,&quot;title&quot;:&quot;&quot;,&quot;orientation&quot;:&quot;0&quot;}\" data-image-title=\"Fushe-Arrez Q\u00ebndra-e-qytetit\" data-image-description=\"\" data-image-caption=\"&lt;p&gt;Fushe-Arrez Q\u00ebndra-e-qytetit&lt;\/p&gt;\n\" data-medium-file=\"https:\/\/i0.wp.com\/www.shqiperia.com\/blog\/wp-content\/uploads\/2026\/09\/Fushe-Arrez-Qendra-e-qytetit-2.jpg?fit=300%2C225&amp;ssl=1\" data-large-file=\"https:\/\/i0.wp.com\/www.shqiperia.com\/blog\/wp-content\/uploads\/2026\/09\/Fushe-Arrez-Qendra-e-qytetit-2.jpg?fit=960%2C719&amp;ssl=1\" class=\" wp-image-105773\" alt=\"\" src=\"https:\/\/i0.wp.com\/www.shqiperia.com\/blog\/wp-content\/uploads\/2026\/09\/Fushe-Arrez-Qendra-e-qytetit-2.jpg?resize=847%2C635&#038;ssl=1\" width=\"847\" height=\"635\" srcset=\"https:\/\/i0.wp.com\/www.shqiperia.com\/blog\/wp-content\/uploads\/2026\/09\/Fushe-Arrez-Qendra-e-qytetit-2.jpg?resize=300%2C225&amp;ssl=1 300w, https:\/\/i0.wp.com\/www.shqiperia.com\/blog\/wp-content\/uploads\/2026\/09\/Fushe-Arrez-Qendra-e-qytetit-2.jpg?resize=768%2C575&amp;ssl=1 768w, https:\/\/i0.wp.com\/www.shqiperia.com\/blog\/wp-content\/uploads\/2026\/09\/Fushe-Arrez-Qendra-e-qytetit-2.jpg?resize=450%2C337&amp;ssl=1 450w, https:\/\/i0.wp.com\/www.shqiperia.com\/blog\/wp-content\/uploads\/2026\/09\/Fushe-Arrez-Qendra-e-qytetit-2.jpg?resize=600%2C449&amp;ssl=1 600w, https:\/\/i0.wp.com\/www.shqiperia.com\/blog\/wp-content\/uploads\/2026\/09\/Fushe-Arrez-Qendra-e-qytetit-2.jpg?resize=400%2C300&amp;ssl=1 400w, https:\/\/i0.wp.com\/www.shqiperia.com\/blog\/wp-content\/uploads\/2026\/09\/Fushe-Arrez-Qendra-e-qytetit-2.jpg?w=960&amp;ssl=1 960w\" sizes=\"auto, (max-width: 847px) 100vw, 847px\" \/><p id=\"caption-attachment-105773\" class=\"wp-caption-text\">Fushe-Arrez Q\u00ebndra-e-qytetit<\/p><\/div>\n<p>T\u00eb gjendur pa zgjidhje institucionale prej dit\u00ebsh, banor\u00ebt e Fush\u00eb-Arr\u00ebzit kan\u00eb gjetur si alternativ\u00eb mbushjen e ujit n\u00eb kroje.<\/p>\n","protected":false},"excerpt":{"rendered":"<p>2 Shtator 2026 Rreth 120 banor\u00eb t\u00eb Fush\u00eb-Arr\u00ebzit dyshohet se jan\u00eb helmuar nga ndotja e ujit t\u00eb pijsh\u00ebm. M\u00ebsohet se ata jan\u00eb paraqitur n\u00eb 4 dit\u00ebt e fundit n\u00eb Qendr\u00ebn Sh\u00ebndet\u00ebsore t\u00eb qytetit, me simptoma helmimi. Nj\u00eb dit\u00eb m\u00eb par\u00eb, banor\u00ebt denoncuan rastin p\u00ebr News24, duke b\u00ebr\u00eb me dije se uji i pijsh\u00ebm mbante er\u00eb [&hellip;]<\/p>\n","protected":false},"author":9,"featured_media":105772,"comment_status":"open","ping_status":"open","sticky":false,"template":"","format":"standard","meta":{"jetpack_post_was_ever_published":false,"_jetpack_newsletter_access":"","_jetpack_dont_email_post_to_subs":false,"_jetpack_newsletter_tier_id":0,"_jetpack_memberships_contains_paywalled_content":false,"_jetpack_memberships_contains_paid_content":false,"footnotes":"","jetpack_publicize_message":"","jetpack_publicize_feature_enabled":true,"jetpack_social_post_already_shared":true,"jetpack_social_options":{"image_generator_settings":{"template":"highway","default_image_id":0,"font":"","enabled":false},"version":2}},"categories":[10],"tags":[],"class_list":["post-105770","post","type-post","status-publish","format-standard","has-post-thumbnail","hentry","category-kultura"],"jetpack_publicize_connections":[],"jetpack_featured_media_url":"https:\/\/i0.wp.com\/www.shqiperia.com\/blog\/wp-content\/uploads\/2026\/09\/Fushe-Arrez-Qendra-e-qytetit-1.jpg?fit=972%2C642&ssl=1","jetpack_sharing_enabled":true,"jetpack_shortlink":"https:\/\/wp.me\/p5Z6wp-rvY","jetpack-related-posts":[{"id":105738,"url":"https:\/\/www.shqiperia.com\/blog\/dyshime-per-ndotje-te-ujit-ne-fushe-arrez-shtohen-rastet-e-helmimeve-banoret-mban-ere-prej-tre-ditesh-priten-analizat\/","url_meta":{"origin":105770,"position":0},"title":"Dyshime p\u00ebr ndotje t\u00eb ujit n\u00eb Fush\u00eb-Arr\u00ebz, shtohen rastet e helmimeve! Banor\u00ebt: Mban er\u00eb prej tre dit\u00ebsh, priten analizat","author":"Kurt Farka","date":"September 1, 2026","format":false,"excerpt":"1 Shtator 2026 Disa raste me gastroenterit jan\u00eb regjistruar gjat\u00eb tre dit\u00ebve t\u00eb fundit n\u00eb Fush\u00eb-Arr\u00ebz, nd\u00ebrsa banor\u00ebt dyshojn\u00eb se problemet lidhen me ujin e pijsh\u00ebm. Sipas tyre, uji i \u00e7ezm\u00ebs mban er\u00eb prej disa dit\u00ebsh Disa raste me gastroenterit jan\u00eb regjistruar gjat\u00eb tre dit\u00ebve t\u00eb fundit n\u00eb Fush\u00eb-Arr\u00ebz, nd\u00ebrsa\u2026","rel":"","context":"In &quot;Blogu i Udh\u00ebtarit&quot;","block_context":{"text":"Blogu i Udh\u00ebtarit","link":"https:\/\/www.shqiperia.com\/blog\/category\/blogu-i-udhetarit\/"},"img":{"alt_text":"","src":"https:\/\/i0.wp.com\/www.shqiperia.com\/blog\/wp-content\/uploads\/2026\/09\/Fushe-Arresi.jpg?fit=780%2C440&ssl=1&resize=350%2C200","width":350,"height":200,"srcset":"https:\/\/i0.wp.com\/www.shqiperia.com\/blog\/wp-content\/uploads\/2026\/09\/Fushe-Arresi.jpg?fit=780%2C440&ssl=1&resize=350%2C200 1x, https:\/\/i0.wp.com\/www.shqiperia.com\/blog\/wp-content\/uploads\/2026\/09\/Fushe-Arresi.jpg?fit=780%2C440&ssl=1&resize=525%2C300 1.5x, https:\/\/i0.wp.com\/www.shqiperia.com\/blog\/wp-content\/uploads\/2026\/09\/Fushe-Arresi.jpg?fit=780%2C440&ssl=1&resize=700%2C400 2x"},"classes":[]},{"id":100117,"url":"https:\/\/www.shqiperia.com\/blog\/banoret-e-fshatit-ane-vjose-ne-memaliaj-prej-vitesh-perballen-me-nje-nga-problemet-me-jetike-mungesen-e-ujit-te-pijshem\/","url_meta":{"origin":105770,"position":1},"title":"Banor\u00ebt e fshatit An\u00eb Vjos\u00eb, n\u00eb Memaliaj, prej vitesh p\u00ebrballen me nj\u00eb nga problemet m\u00eb jetike: munges\u00ebn e ujit t\u00eb pijsh\u00ebm.","author":"Kurt Farka","date":"May 11, 2026","format":false,"excerpt":"11 Maji 2026 Dikur me mbi 350 banor\u00eb, sot fshati num\u00ebron vet\u00ebm rreth 30. Ironikisht, vet\u00ebm pak metra larg sht\u00ebpive t\u00eb tyre rrjedh lumi Vjosa, por n\u00eb rubinet\u00ebt e tyre nuk ka asnj\u00eb pik\u00eb uj\u00eb. T\u00eb detyruar nga kushtet e v\u00ebshtira, disa familje kan\u00eb hapur puse p\u00ebr t\u00eb siguruar uj\u00eb,\u2026","rel":"","context":"In &quot;Blogu i Udh\u00ebtarit&quot;","block_context":{"text":"Blogu i Udh\u00ebtarit","link":"https:\/\/www.shqiperia.com\/blog\/category\/blogu-i-udhetarit\/"},"img":{"alt_text":"","src":"https:\/\/i0.wp.com\/www.shqiperia.com\/blog\/wp-content\/uploads\/2026\/05\/vlcsnap-2026-05-09-15h46m18s990_sd-800x450-1.webp?fit=800%2C450&ssl=1&resize=350%2C200","width":350,"height":200,"srcset":"https:\/\/i0.wp.com\/www.shqiperia.com\/blog\/wp-content\/uploads\/2026\/05\/vlcsnap-2026-05-09-15h46m18s990_sd-800x450-1.webp?fit=800%2C450&ssl=1&resize=350%2C200 1x, https:\/\/i0.wp.com\/www.shqiperia.com\/blog\/wp-content\/uploads\/2026\/05\/vlcsnap-2026-05-09-15h46m18s990_sd-800x450-1.webp?fit=800%2C450&ssl=1&resize=525%2C300 1.5x, https:\/\/i0.wp.com\/www.shqiperia.com\/blog\/wp-content\/uploads\/2026\/05\/vlcsnap-2026-05-09-15h46m18s990_sd-800x450-1.webp?fit=800%2C450&ssl=1&resize=700%2C400 2x"},"classes":[]},{"id":103583,"url":"https:\/\/www.shqiperia.com\/blog\/evropa-pervelohet-nga-i-nxehti-temperaturat-shkojne-ne-41c-alarm-per-zjrret-dhe-krizen-e-ujit\/","url_meta":{"origin":105770,"position":2},"title":"Evropa &#8220;p\u00ebrv\u00eblohet&#8221; nga i nxehti\/ Temperaturat shkojn\u00eb n\u00eb 41\u00b0C, alarm p\u00ebr zj*rret dhe kriz\u00ebn e ujit","author":"Kurt Farka","date":"August 1, 2026","format":false,"excerpt":"1 Gusht 2026 Nj\u00eb val\u00eb e re e t\u00eb nxehtit ka p\u00ebrfshir\u00eb Evrop\u00ebn Qendrore, me temperaturat q\u00eb pritet t\u00eb arrijn\u00eb deri n\u00eb 41 grad\u00eb Celsius n\u00eb dit\u00ebt n\u00eb vijim. P\u00ebrball\u00eb kushteve ekstreme t\u00eb motit, autoritetet kan\u00eb shtuar masat e emergjenc\u00ebs p\u00ebr t\u00eb p\u00ebrballuar rrezikun e zjarreve, munges\u00ebn e ujit dhe\u2026","rel":"","context":"In &quot;Blogu i Udh\u00ebtarit&quot;","block_context":{"text":"Blogu i Udh\u00ebtarit","link":"https:\/\/www.shqiperia.com\/blog\/category\/blogu-i-udhetarit\/"},"img":{"alt_text":"","src":"https:\/\/i0.wp.com\/www.shqiperia.com\/blog\/wp-content\/uploads\/2026\/08\/646-462-hot-1785566434.png?fit=646%2C462&ssl=1&resize=350%2C200","width":350,"height":200,"srcset":"https:\/\/i0.wp.com\/www.shqiperia.com\/blog\/wp-content\/uploads\/2026\/08\/646-462-hot-1785566434.png?fit=646%2C462&ssl=1&resize=350%2C200 1x, https:\/\/i0.wp.com\/www.shqiperia.com\/blog\/wp-content\/uploads\/2026\/08\/646-462-hot-1785566434.png?fit=646%2C462&ssl=1&resize=525%2C300 1.5x"},"classes":[]},{"id":100662,"url":"https:\/\/www.shqiperia.com\/blog\/fshati-qe-po-thahet-iliras-pa-uje-prej-5-vitesh-emigrimi-ka-lene-vetem-50-banore\/","url_meta":{"origin":105770,"position":3},"title":"Fshati q\u00eb po \u201cthahet\u201d\/ Iliras pa uj\u00eb prej 5 vitesh, emigrimi ka l\u00ebn\u00eb vet\u00ebm 50 banor\u00eb","author":"Kurt Farka","date":"May 26, 2026","format":false,"excerpt":"26 Maji 2026 Banor\u00ebt e fshatit An\u00eb Vjos\u00eb, n\u00eb Memaliaj, prej vitesh p\u00ebrballen me nj\u00eb nga problemet m\u00eb jetike: munges\u00ebn e ujit t\u00eb pijsh\u00ebm. Ironikisht, vet\u00ebm pak metra larg sht\u00ebpive t\u00eb tyre rrjedh lumi Vjosa, por n\u00eb rubinet\u00ebt e tyre nuk ka asnj\u00eb pik\u00eb uj\u00eb. T\u00eb detyruar nga kushtet e\u2026","rel":"","context":"In &quot;Blogu i Udh\u00ebtarit&quot;","block_context":{"text":"Blogu i Udh\u00ebtarit","link":"https:\/\/www.shqiperia.com\/blog\/category\/blogu-i-udhetarit\/"},"img":{"alt_text":"","src":"https:\/\/i0.wp.com\/www.shqiperia.com\/blog\/wp-content\/uploads\/2026\/05\/Capture_sd-1-2-800x450-1.webp?fit=800%2C450&ssl=1&resize=350%2C200","width":350,"height":200,"srcset":"https:\/\/i0.wp.com\/www.shqiperia.com\/blog\/wp-content\/uploads\/2026\/05\/Capture_sd-1-2-800x450-1.webp?fit=800%2C450&ssl=1&resize=350%2C200 1x, https:\/\/i0.wp.com\/www.shqiperia.com\/blog\/wp-content\/uploads\/2026\/05\/Capture_sd-1-2-800x450-1.webp?fit=800%2C450&ssl=1&resize=525%2C300 1.5x, https:\/\/i0.wp.com\/www.shqiperia.com\/blog\/wp-content\/uploads\/2026\/05\/Capture_sd-1-2-800x450-1.webp?fit=800%2C450&ssl=1&resize=700%2C400 2x"},"classes":[]},{"id":103901,"url":"https:\/\/www.shqiperia.com\/blog\/jemi-100-kilometra-larg-qytetit-te-pukes-kryepleqte-e-9-fshatrave-te-fushe-arrezit-kundershtojne-bashkimin-me-bashkine-puke\/","url_meta":{"origin":105770,"position":4},"title":"Jemi 100 kilometra larg qytetit t\u00eb Puk\u00ebs.  Kryepleqt\u00eb e 9 fshatrave t\u00eb Fush\u00eb-Arr\u00ebzit  kund\u00ebrshtojn\u00eb bashkimin me bashkin\u00eb  Puk\u00eb","author":"Kurt Farka","date":"August 6, 2026","format":false,"excerpt":"6 Gusht 2026 Banor\u00ebt e nj\u00ebsis\u00eb administrative Fierz\u00eb, n\u00eb bashkin\u00eb Fush\u00eb-Arr\u00ebz, kund\u00ebrshtojn\u00eb bashkimin me Puk\u00ebn, sipas draftit t\u00eb propozuar nga Partia Socialiste. Kryepleqt\u00eb e n\u00ebnt\u00eb fshatrave u mblodh\u00ebn sot n\u00eb vendin tradicional t\u00eb kuvendeve, pran\u00eb Kish\u00ebs s\u00eb Fierz\u00ebs, nga ku i b\u00ebn\u00eb thirrje qeveris\u00eb t\u00eb rishikoj\u00eb vendimin p\u00ebr bashkimin e\u2026","rel":"","context":"In &quot;Blogu i Udh\u00ebtarit&quot;","block_context":{"text":"Blogu i Udh\u00ebtarit","link":"https:\/\/www.shqiperia.com\/blog\/category\/blogu-i-udhetarit\/"},"img":{"alt_text":"","src":"https:\/\/i0.wp.com\/www.shqiperia.com\/blog\/wp-content\/uploads\/2026\/08\/1786005711_fushearrez.jpg?fit=780%2C440&ssl=1&resize=350%2C200","width":350,"height":200,"srcset":"https:\/\/i0.wp.com\/www.shqiperia.com\/blog\/wp-content\/uploads\/2026\/08\/1786005711_fushearrez.jpg?fit=780%2C440&ssl=1&resize=350%2C200 1x, https:\/\/i0.wp.com\/www.shqiperia.com\/blog\/wp-content\/uploads\/2026\/08\/1786005711_fushearrez.jpg?fit=780%2C440&ssl=1&resize=525%2C300 1.5x, https:\/\/i0.wp.com\/www.shqiperia.com\/blog\/wp-content\/uploads\/2026\/08\/1786005711_fushearrez.jpg?fit=780%2C440&ssl=1&resize=700%2C400 2x"},"classes":[]},{"id":102564,"url":"https:\/\/www.shqiperia.com\/blog\/arben-malaj-kritika-rames-ti-jeton-ne-kopshtin-e-edenit-si-faraonet\/","url_meta":{"origin":105770,"position":5},"title":"Arben Malaj kritika Ram\u00ebs: &#8211; Ti jeton n\u00eb \u2018Kopshtin e Edenit\u2019 si faraon\u00ebt","author":"Kurt Farka","date":"July 12, 2026","format":false,"excerpt":"12 Korrik 2026 Ish-ministri i Financave dhe ekonomisti Arben Malaj ka reaguar ndaj vendimit t\u00eb qeveris\u00eb p\u00ebr financimin me 4 mln euro p\u00ebr koncertin e reperit amerikan Kanye West, duke kritikuar ashp\u00ebr kryeministrin Edi Rama. N\u00eb nj\u00eb postim n\u00eb rrjetet sociale, Malaj shprehet se pretendimet p\u00ebr promovimin e Shqip\u00ebris\u00eb p\u00ebrmes\u2026","rel":"","context":"In &quot;Blogu i Udh\u00ebtarit&quot;","block_context":{"text":"Blogu i Udh\u00ebtarit","link":"https:\/\/www.shqiperia.com\/blog\/category\/blogu-i-udhetarit\/"},"img":{"alt_text":"","src":"https:\/\/i0.wp.com\/www.shqiperia.com\/blog\/wp-content\/uploads\/2026\/07\/mala-rama-protesta-433x300-1.jpg?fit=433%2C300&ssl=1&resize=350%2C200","width":350,"height":200},"classes":[]}],"_links":{"self":[{"href":"https:\/\/www.shqiperia.com\/blog\/wp-json\/wp\/v2\/posts\/105770","targetHints":{"allow":["GET"]}}],"collection":[{"href":"https:\/\/www.shqiperia.com\/blog\/wp-json\/wp\/v2\/posts"}],"about":[{"href":"https:\/\/www.shqiperia.com\/blog\/wp-json\/wp\/v2\/types\/post"}],"author":[{"embeddable":true,"href":"https:\/\/www.shqiperia.com\/blog\/wp-json\/wp\/v2\/users\/9"}],"replies":[{"embeddable":true,"href":"https:\/\/www.shqiperia.com\/blog\/wp-json\/wp\/v2\/comments?post=105770"}],"version-history":[{"count":1,"href":"https:\/\/www.shqiperia.com\/blog\/wp-json\/wp\/v2\/posts\/105770\/revisions"}],"predecessor-version":[{"id":105774,"href":"https:\/\/www.shqiperia.com\/blog\/wp-json\/wp\/v2\/posts\/105770\/revisions\/105774"}],"wp:featuredmedia":[{"embeddable":true,"href":"https:\/\/www.shqiperia.com\/blog\/wp-json\/wp\/v2\/media\/105772"}],"wp:attachment":[{"href":"https:\/\/www.shqiperia.com\/blog\/wp-json\/wp\/v2\/media?parent=105770"}],"wp:term":[{"taxonomy":"category","embeddable":true,"href":"https:\/\/www.shqiperia.com\/blog\/wp-json\/wp\/v2\/categories?post=105770"},{"taxonomy":"post_tag","embeddable":true,"href":"https:\/\/www.shqiperia.com\/blog\/wp-json\/wp\/v2\/tags?post=105770"}],"curies":[{"name":"wp","href":"https:\/\/api.w.org\/{rel}","templated":true}]}}