{"id":105767,"date":"2026-09-02T15:22:30","date_gmt":"2026-09-02T15:22:30","guid":{"rendered":"https:\/\/www.shqiperia.com\/blog\/?p=105767"},"modified":"2026-09-02T15:22:30","modified_gmt":"2026-09-02T15:22:30","slug":"doreheqja-e-ministres-evis-sala-u-largua-per-ti-hapur-rruge-dorezimit-te-shendetesise-tek-miku-izraelit-i-rames","status":"publish","type":"post","link":"https:\/\/www.shqiperia.com\/blog\/doreheqja-e-ministres-evis-sala-u-largua-per-ti-hapur-rruge-dorezimit-te-shendetesise-tek-miku-izraelit-i-rames\/","title":{"rendered":"Dor\u00ebheqja e ministres Evis Sala: U largua p\u00ebr t\u2019i hapur rrug\u00eb dor\u00ebzimit t\u00eb sh\u00ebndet\u00ebsis\u00eb tek miku izraelit i Ram\u00ebs!"},"content":{"rendered":"<p><img data-recalc-dims=\"1\" loading=\"lazy\" decoding=\"async\" data-attachment-id=\"105768\" data-permalink=\"https:\/\/www.shqiperia.com\/blog\/doreheqja-e-ministres-evis-sala-u-largua-per-ti-hapur-rruge-dorezimit-te-shendetesise-tek-miku-izraelit-i-rames\/rama-programi-ps-2-3\/\" data-orig-file=\"https:\/\/i0.wp.com\/www.shqiperia.com\/blog\/wp-content\/uploads\/2026\/09\/rama-programi-ps-2-1.png?fit=768%2C430&amp;ssl=1\" data-orig-size=\"768,430\" data-comments-opened=\"1\" data-image-meta=\"{&quot;aperture&quot;:&quot;0&quot;,&quot;credit&quot;:&quot;&quot;,&quot;camera&quot;:&quot;&quot;,&quot;caption&quot;:&quot;&quot;,&quot;created_timestamp&quot;:&quot;0&quot;,&quot;copyright&quot;:&quot;&quot;,&quot;focal_length&quot;:&quot;0&quot;,&quot;iso&quot;:&quot;0&quot;,&quot;shutter_speed&quot;:&quot;0&quot;,&quot;title&quot;:&quot;&quot;,&quot;orientation&quot;:&quot;0&quot;}\" data-image-title=\"rama-programi-ps-2\" data-image-description=\"\" data-image-caption=\"\" data-medium-file=\"https:\/\/i0.wp.com\/www.shqiperia.com\/blog\/wp-content\/uploads\/2026\/09\/rama-programi-ps-2-1.png?fit=300%2C168&amp;ssl=1\" data-large-file=\"https:\/\/i0.wp.com\/www.shqiperia.com\/blog\/wp-content\/uploads\/2026\/09\/rama-programi-ps-2-1.png?fit=768%2C430&amp;ssl=1\" class=\"alignnone  wp-image-105768\" alt=\"\" src=\"https:\/\/i0.wp.com\/www.shqiperia.com\/blog\/wp-content\/uploads\/2026\/09\/rama-programi-ps-2-1.png?resize=716%2C401&#038;ssl=1\" width=\"716\" height=\"401\" srcset=\"https:\/\/i0.wp.com\/www.shqiperia.com\/blog\/wp-content\/uploads\/2026\/09\/rama-programi-ps-2-1.png?resize=300%2C168&amp;ssl=1 300w, https:\/\/i0.wp.com\/www.shqiperia.com\/blog\/wp-content\/uploads\/2026\/09\/rama-programi-ps-2-1.png?resize=450%2C252&amp;ssl=1 450w, https:\/\/i0.wp.com\/www.shqiperia.com\/blog\/wp-content\/uploads\/2026\/09\/rama-programi-ps-2-1.png?resize=600%2C336&amp;ssl=1 600w, https:\/\/i0.wp.com\/www.shqiperia.com\/blog\/wp-content\/uploads\/2026\/09\/rama-programi-ps-2-1.png?resize=400%2C224&amp;ssl=1 400w, https:\/\/i0.wp.com\/www.shqiperia.com\/blog\/wp-content\/uploads\/2026\/09\/rama-programi-ps-2-1.png?w=768&amp;ssl=1 768w\" sizes=\"auto, (max-width: 716px) 100vw, 716px\" \/><\/p>\n<p>2 Shtator 2026<\/p>\n<p>N\u00eb nj\u00eb reagim n\u00eb rrjete sociale, K\u00eblli\u00e7i thot\u00eb se dor\u00ebheqja e Evis Sal\u00ebs nga posti i ministres s\u00eb Sh\u00ebndet\u00ebsis\u00eb lidhet me kund\u00ebrshtimin e k\u00ebtij projekti. \u00a0K\u00eblli\u00e7i thekson se n\u00eb k\u00ebt\u00eb skem\u00eb ka interesa t\u00eb biznesmenit izraelit Sani Sanilevich, q\u00eb sipas t\u00eb cilit, \u00ebsht\u00eb mik i kryeministrit Edi Rama.<\/p>\n<p>\u201c<em>Projektligji q\u00eb \u00ebsht\u00eb aktualisht draft, pritet t\u00eb kaloj\u00eb me fillimin e sesionit parlamentar, dhe i hap rrug\u00ebn nj\u00eb biznesi t\u00eb madh me ila\u00e7et, pajisjet sh\u00ebndet\u00ebsore e \u00e7do operacioni logjistik e strategjik nga tenderimi, magazinimi e shp\u00ebrndarja.<\/em><\/p>\n<p><em>Praktikisht b\u00ebhet fjal\u00eb p\u00ebr krijimin e nj\u00eb Ministrie Sh\u00ebndet\u00ebsie paralele, por me pushtet absolut q\u00eb sipas gjith\u00eb gjasave do t\u00eb kontrollohet nga miku i ngusht\u00eb i Edi Ram\u00ebs, izraeliti Sani Sanilevich, q\u00eb \u00ebsht\u00eb dhe konsull nderi i Shqip\u00ebris\u00eb, me firm\u00eb t\u00eb vet\u00eb Ram\u00ebs.\u201d<\/em>, thekson K\u00eblli\u00e7i.<\/p>\n<p>K\u00eblli\u00e7i i k\u00ebrkon SPAK q\u00eb t\u00eb nd\u00ebrhyj\u00eb p\u00ebr t\u00eb hetuar projektin.<\/p>\n<p><em>\u201cSPAK \u00ebsht\u00eb n\u00eb koh\u00eb p\u00ebr t\u2019u zgjuar, e p\u00ebr t\u00eb parandaluar nj\u00eb krim t\u00eb r\u00ebnd\u00eb financiar me jet\u00ebn dhe sh\u00ebndetin e qytetar\u00ebve.\u201d,<\/em><span>\u00a0<\/span>shton ai.<\/p>\n<p><strong>Reagimi i plot\u00eb:<\/strong><\/p>\n<p>Evis Sala u largua p\u00ebr t\u2019i hapur rrug\u00eb dor\u00ebzimit t\u00eb Sh\u00ebndet\u00ebsis\u00eb tek miku izraelit i Ram\u00ebs!<\/p>\n<p>Si\u00e7 e kemi paralajm\u00ebruar, projekti i Edi Ram\u00ebs p\u00ebr krijimin e nj\u00eb agjensie q\u00eb do marr\u00eb shendet\u00ebsin\u00eb n\u00eb dor\u00eb, i dha efektet e para. Largimi i Ministres Sala ka lidhje pik\u00ebrisht me k\u00ebt\u00eb afer\u00eb!<\/p>\n<p>Shoq\u00ebria q\u00eb do t\u00eb ket\u00eb monopolin e sh\u00ebndet\u00ebsis\u00eb shqiptare, fsheh interesa okulte t\u00eb Edi Ram\u00ebs dhe miqve t\u00eb tij.<\/p>\n<p>Projektligji q\u00eb \u00ebsht\u00eb aktualisht draft, pritet t\u00eb kaloj\u00eb me fillimin e sesionit parlamentar, dhe i hap rrug\u00ebn nj\u00eb biznesi t\u00eb madh me ila\u00e7et, pajisjet sh\u00ebndet\u00ebsore e \u00e7do operacioni logjistik e strategjik nga tenderimi, magazinimi e shp\u00ebrndarja.<\/p>\n<p>Praktikisht b\u00ebhet fjal\u00eb p\u00ebr krijimin e nj\u00eb Ministrie Sh\u00ebndet\u00ebsie paralele, por me pushtet absolut q\u00eb sipas gjith\u00eb gjasave do t\u00eb kontrollohet nga miku i ngusht\u00eb i Edi Ram\u00ebs, izraeliti Sani Sanilevich, q\u00eb \u00ebsht\u00eb dhe konsull nderi i Shqip\u00ebris\u00eb, me firm\u00eb t\u00eb vet\u00eb Ram\u00ebs.<\/p>\n<p>P\u00ebr miq\u00ebsin\u00eb dhe sh\u00ebrbimet ndaj Edi Ram\u00ebs, ky biznesmen tanim\u00eb \u00ebsht\u00eb shp\u00ebrblyer. Ai \u00ebsht\u00eb themelues dhe aksioner i Jet Bank, banka e par\u00eb dixhitale n\u00eb vend, e li\u00e7ensuar me shpejt\u00ebsi sk\u00ebterr\u00eb e pa transparenc\u00eb.<\/p>\n<p>Po ky em\u00ebr fshihet edhe pas nj\u00eb kompanie t\u00eb regjistruar n\u00eb Durana, parajs\u00ebn fiskale t\u00eb Edi Ram\u00ebs n\u00eb Shqip\u00ebri!<\/p>\n<p>Mir\u00ebpo, Sanilevich dhe ortak\u00eb t\u00eb tij n\u00eb biznes, kan\u00eb interesa t\u00eb gj\u00ebra q\u00eb po i v\u00ebn\u00eb n\u00eb jet\u00eb n\u00eb Shqip\u00ebri. P\u00ebrve\u00e7 resorteve, fokusi tani \u00ebsht\u00eb n\u00eb sh\u00ebndet\u00ebsi. Dhe jo vet\u00ebm ngritja e nj\u00eb spitali privat, por marrja n\u00ebn kontroll e gjith\u00eb sektorit, me shoq\u00ebrin\u00eb q\u00eb k\u00ebrkon t\u00eb ngrej\u00eb Edi Rama.<\/p>\n<p>Edhe m\u00eb her\u00ebt, Kryeministri \u00ebsht\u00eb shprehur se me ekspertiz\u00eb izraelite Shqip\u00ebria do b\u00ebhet nj\u00eb qend\u00ebr e madhe dhe e avancuar sh\u00ebndet\u00ebsore n\u00eb rajon.<\/p>\n<p>Por ai ka mbajtur t\u00eb fshehta k\u00ebto interesa biznesi dhe k\u00ebt\u00eb projekt p\u00ebr krijimin e k\u00ebtij monopoli absolut n\u00eb fush\u00ebn e medikamenteve, pajisjeve, tenderimeve e \u00e7do operacioni q\u00eb ka t\u00eb b\u00ebj\u00eb me sh\u00ebrbimin sh\u00ebndet\u00ebsor.<\/p>\n<p>Raportimet n\u00eb media se Ministrja e Sh\u00ebndet\u00ebsis\u00eb Sala, ka refuzuar firmosjen e k\u00ebtij projektligji, e p\u00ebr pasoj\u00eb ka dh\u00ebn\u00eb dor\u00ebheqjen, jan\u00eb n\u00eb drit\u00ebn e k\u00ebtyre zhvillimeve.<\/p>\n<p>N\u00eb fakt \u00ebsht\u00eb veprim i zgjuar nga ana e saj. Sepse ky \u00ebsht\u00eb nj\u00eb skandal dhe m\u00eb i madh se kon\u00e7esionet e sterilizimit apo check-up, dhe fati i saj mund t\u00eb jet\u00eb m\u00eb i r\u00ebnd\u00eb se i Ilir Beq\u00ebs.<\/p>\n<p>SPAK \u00ebsht\u00eb n\u00eb koh\u00eb p\u00ebr t\u2019u zgjuar, e p\u00ebr t\u00eb parandaluar nj\u00eb krim t\u00eb r\u00ebnd\u00eb financiar me jet\u00ebn dhe sh\u00ebndetin e qytetar\u00ebve.<\/p>\n","protected":false},"excerpt":{"rendered":"<p>2 Shtator 2026 N\u00eb nj\u00eb reagim n\u00eb rrjete sociale, K\u00eblli\u00e7i thot\u00eb se dor\u00ebheqja e Evis Sal\u00ebs nga posti i ministres s\u00eb Sh\u00ebndet\u00ebsis\u00eb lidhet me kund\u00ebrshtimin e k\u00ebtij projekti. \u00a0K\u00eblli\u00e7i thekson se n\u00eb k\u00ebt\u00eb skem\u00eb ka interesa t\u00eb biznesmenit izraelit Sani Sanilevich, q\u00eb sipas t\u00eb cilit, \u00ebsht\u00eb mik i kryeministrit Edi Rama. \u201cProjektligji q\u00eb \u00ebsht\u00eb aktualisht [&hellip;]<\/p>\n","protected":false},"author":9,"featured_media":105768,"comment_status":"open","ping_status":"open","sticky":false,"template":"","format":"standard","meta":{"jetpack_post_was_ever_published":false,"_jetpack_newsletter_access":"","_jetpack_dont_email_post_to_subs":false,"_jetpack_newsletter_tier_id":0,"_jetpack_memberships_contains_paywalled_content":false,"_jetpack_memberships_contains_paid_content":false,"footnotes":"","jetpack_publicize_message":"","jetpack_publicize_feature_enabled":true,"jetpack_social_post_already_shared":true,"jetpack_social_options":{"image_generator_settings":{"template":"highway","default_image_id":0,"font":"","enabled":false},"version":2}},"categories":[27,1,2,35],"tags":[],"class_list":["post-105767","post","type-post","status-publish","format-standard","has-post-thumbnail","hentry","category-blogu-i-udhetarit","category-njoftime-shtypi","category-politika","category-shoqerore"],"jetpack_publicize_connections":[],"jetpack_featured_media_url":"https:\/\/i0.wp.com\/www.shqiperia.com\/blog\/wp-content\/uploads\/2026\/09\/rama-programi-ps-2-1.png?fit=768%2C430&ssl=1","jetpack_sharing_enabled":true,"jetpack_shortlink":"https:\/\/wp.me\/p5Z6wp-rvV","jetpack-related-posts":[{"id":105763,"url":"https:\/\/www.shqiperia.com\/blog\/doreheqja-e-ministres-se-shendetesise-gazetari-stafa-zbulon-detaje-kryeministri-i-ka-kerkuar-qe-te-firmose-ceshtjen-e-superkompanise-por-nuk-ka-pranuar\/","url_meta":{"origin":105767,"position":0},"title":"Dor\u00ebheqja e ministres s\u00eb sh\u00ebndet\u00ebsis\u00eb, gazetari Stafa zbulon detaje: &#8211; Kryeministri i ka k\u00ebrkuar q\u00eb t\u00eb firmos\u00eb \u00e7\u00ebshtjen e superkompanis\u00eb, por nuk ka pranuar","author":"Kurt Farka","date":"September 2, 2026","format":false,"excerpt":"2 Shtator 2026 Gazetari Osman Stafa, i ftuar n\u00eb nje studio televizive ka komentuar dor\u00ebheqjen e ministres s\u00eb Sh\u00ebndet\u00ebsis\u00eb, Evis Sala. Stafa shprehet se dor\u00ebheqja e Sal\u00ebs ka qen\u00eb e paramenduar. Ai shton se Sala nuk ka qen\u00eb e sinqert\u00eb as n\u00eb ikje. Dhe nj\u00ebher\u00eb thekson se situata n\u00eb spitale\u2026","rel":"","context":"In &quot;Blogu i Udh\u00ebtarit&quot;","block_context":{"text":"Blogu i Udh\u00ebtarit","link":"https:\/\/www.shqiperia.com\/blog\/category\/blogu-i-udhetarit\/"},"img":{"alt_text":"","src":"https:\/\/i0.wp.com\/www.shqiperia.com\/blog\/wp-content\/uploads\/2026\/09\/Evis-Sala.png?fit=910%2C584&ssl=1&resize=350%2C200","width":350,"height":200,"srcset":"https:\/\/i0.wp.com\/www.shqiperia.com\/blog\/wp-content\/uploads\/2026\/09\/Evis-Sala.png?fit=910%2C584&ssl=1&resize=350%2C200 1x, https:\/\/i0.wp.com\/www.shqiperia.com\/blog\/wp-content\/uploads\/2026\/09\/Evis-Sala.png?fit=910%2C584&ssl=1&resize=525%2C300 1.5x, https:\/\/i0.wp.com\/www.shqiperia.com\/blog\/wp-content\/uploads\/2026\/09\/Evis-Sala.png?fit=910%2C584&ssl=1&resize=700%2C400 2x"},"classes":[]},{"id":103745,"url":"https:\/\/www.shqiperia.com\/blog\/histori-suksesi-sipas-edi-rames-aksh-i-eshte-nje-histori-suksesi-dhe-nje-model-qe-duhet-ndjekur-nga-europa\/","url_meta":{"origin":105767,"position":1},"title":"\u2018Histori suksesi\u2019. &#8211; Sipas Edi Ram\u00ebs, AKSH-i \u00ebsht\u00eb nj\u00eb histori suksesi dhe nj\u00eb model q\u00eb duhet ndjekur nga Europa.","author":"Kurt Farka","date":"August 4, 2026","format":false,"excerpt":"4 Gusht 2026 Nga Grigels Mu\u00e7ollari Diferenca mes propagand\u00ebs dhe realitetit \u00ebsht\u00eb b\u00ebr\u00eb nj\u00eb tipar i qeverisjes 13-vje\u00e7are t\u00eb Edi Ram\u00ebs. Premtimet dhe deklaratat e tij jan\u00eb rr\u00ebzuar vazhdimisht nga faktet. Rasti i fundit lidhet me t\u00eb shum\u00ebk\u00ebrkuarin Ermal Beqiri, nj\u00eb em\u00ebr q\u00eb sipas hetimeve t\u00eb SPAK-ut del n\u00eb qend\u00ebr\u2026","rel":"","context":"In &quot;Blogu i Udh\u00ebtarit&quot;","block_context":{"text":"Blogu i Udh\u00ebtarit","link":"https:\/\/www.shqiperia.com\/blog\/category\/blogu-i-udhetarit\/"},"img":{"alt_text":"","src":"https:\/\/i0.wp.com\/www.shqiperia.com\/blog\/wp-content\/uploads\/2026\/08\/auto_grrr1785780086.jpg?fit=900%2C635&ssl=1&resize=350%2C200","width":350,"height":200,"srcset":"https:\/\/i0.wp.com\/www.shqiperia.com\/blog\/wp-content\/uploads\/2026\/08\/auto_grrr1785780086.jpg?fit=900%2C635&ssl=1&resize=350%2C200 1x, https:\/\/i0.wp.com\/www.shqiperia.com\/blog\/wp-content\/uploads\/2026\/08\/auto_grrr1785780086.jpg?fit=900%2C635&ssl=1&resize=525%2C300 1.5x, https:\/\/i0.wp.com\/www.shqiperia.com\/blog\/wp-content\/uploads\/2026\/08\/auto_grrr1785780086.jpg?fit=900%2C635&ssl=1&resize=700%2C400 2x"},"classes":[]},{"id":103764,"url":"https:\/\/www.shqiperia.com\/blog\/skandali-i-kazinose-te-stadiumi-kush-fshihet-pas-99-te-aksioneve-ja-e-verteta-e-venezuelianit-cudiberes-te\/","url_meta":{"origin":105767,"position":2},"title":"Skandali i kazinos\u00eb te stadiumi, kush fshihet pas 99% t\u00eb aksioneve, ja e v\u00ebrteta e \u201cVenezuelianit \u00e7udib\u00ebr\u00ebs\u201d te\u2026","author":"Kurt Farka","date":"August 4, 2026","format":false,"excerpt":"4 Gusht 2026 N\u00ebnkryetari i Partis\u00eb Demokratike, Belind K\u00eblli\u00e7i, ka rikthyer n\u00eb v\u00ebmendje \u00e7\u00ebshtjen e aksioneve t\u00eb kazinos\u00eb n\u00eb Air Albania, duke ngritur akuza dhe pik\u00ebpyetje t\u00eb reja lidhur me Olsi Ram\u00ebn, v\u00ebllain e kryeministrit Edi Rama. P\u00ebrmes nj\u00eb reagimi t\u00eb publikuar n\u00eb rrjetet sociale, K\u00eblli\u00e7i pretendon se Olsi Rama\u2026","rel":"","context":"In &quot;Blogu i Udh\u00ebtarit&quot;","block_context":{"text":"Blogu i Udh\u00ebtarit","link":"https:\/\/www.shqiperia.com\/blog\/category\/blogu-i-udhetarit\/"},"img":{"alt_text":"","src":"https:\/\/i0.wp.com\/www.shqiperia.com\/blog\/wp-content\/uploads\/2026\/08\/Capture-6-944x570-1.jpg?fit=944%2C570&ssl=1&resize=350%2C200","width":350,"height":200,"srcset":"https:\/\/i0.wp.com\/www.shqiperia.com\/blog\/wp-content\/uploads\/2026\/08\/Capture-6-944x570-1.jpg?fit=944%2C570&ssl=1&resize=350%2C200 1x, https:\/\/i0.wp.com\/www.shqiperia.com\/blog\/wp-content\/uploads\/2026\/08\/Capture-6-944x570-1.jpg?fit=944%2C570&ssl=1&resize=525%2C300 1.5x, https:\/\/i0.wp.com\/www.shqiperia.com\/blog\/wp-content\/uploads\/2026\/08\/Capture-6-944x570-1.jpg?fit=944%2C570&ssl=1&resize=700%2C400 2x"},"classes":[]},{"id":101724,"url":"https:\/\/www.shqiperia.com\/blog\/edi-rama-ne-panik-1-miliard-dollare-te-zbuluara-nga-agjencite-amerikane-ne-dubai-robert-papa-zbardh-prapaskenat\/","url_meta":{"origin":105767,"position":3},"title":"Edi Rama n\u00eb panik, 1 miliard dollar\u00eb t\u00eb zbuluara nga agjencit\u00eb amerikane n\u00eb Dubai, Robert Papa zbardh prapaskenat\u2026","author":"Kurt Farka","date":"June 23, 2026","format":false,"excerpt":"23 Qershor 2026 Gazetari Robert Papa shprehet se kryeministri Edi Rama ndodhet n\u00eb nj\u00eb situat\u00eb t\u00eb v\u00ebshtir\u00eb p\u00ebr shkak t\u00eb protestave masive t\u00eb qytetar\u00ebve, t\u00eb cil\u00ebt k\u00ebrkojn\u00eb ndryshimin e qeverisjes. Sipas tij, agjencit\u00eb amerikane q\u00eb monitorojn\u00eb pastrimin e parave kan\u00eb zbuluar shuma marramend\u00ebse parash t\u00eb lidhura me njer\u00ebz t\u00eb af\u00ebrt\u2026","rel":"","context":"In &quot;Blogu i Udh\u00ebtarit&quot;","block_context":{"text":"Blogu i Udh\u00ebtarit","link":"https:\/\/www.shqiperia.com\/blog\/category\/blogu-i-udhetarit\/"},"img":{"alt_text":"","src":"https:\/\/i0.wp.com\/www.shqiperia.com\/blog\/wp-content\/uploads\/2026\/06\/a8auaa-962x570-1.jpg?fit=962%2C570&ssl=1&resize=350%2C200","width":350,"height":200,"srcset":"https:\/\/i0.wp.com\/www.shqiperia.com\/blog\/wp-content\/uploads\/2026\/06\/a8auaa-962x570-1.jpg?fit=962%2C570&ssl=1&resize=350%2C200 1x, https:\/\/i0.wp.com\/www.shqiperia.com\/blog\/wp-content\/uploads\/2026\/06\/a8auaa-962x570-1.jpg?fit=962%2C570&ssl=1&resize=525%2C300 1.5x, https:\/\/i0.wp.com\/www.shqiperia.com\/blog\/wp-content\/uploads\/2026\/06\/a8auaa-962x570-1.jpg?fit=962%2C570&ssl=1&resize=700%2C400 2x"},"classes":[]},{"id":101460,"url":"https:\/\/www.shqiperia.com\/blog\/miku-i-rames-dhe-njeriu-i-soros-portretizon-shqiperine-si-narkoshtet-paralajmeron\/","url_meta":{"origin":105767,"position":4},"title":"Miku i Ram\u00ebs dhe njeriu i Soros portretizon Shqip\u00ebrin\u00eb si narkoshtet, paralajm\u00ebron\u2026","author":"Kurt Farka","date":"June 13, 2026","format":false,"excerpt":"=\u00a0 \u00a0N\u00eb nj\u00eb nga pasazhet m\u00eb t\u00eb forta t\u00eb artikullit, Abrahams shkruan se: \"Sistemi aktual ekonomik n\u00eb Shqip\u00ebri mund t\u00eb jet\u00eb n\u00eb fakt m\u00eb i keq\" sesa ai q\u00eb \u00e7oi n\u00eb katastrof\u00ebn e vitit 1997. Artikulli i fundit i Fred Abrahams, \u201cShqip\u00ebria, kur fluturojn\u00eb flamingot\u201d, ka nj\u00eb dometh\u00ebnie jo vet\u00ebm\u2026","rel":"","context":"In &quot;Blogu i Udh\u00ebtarit&quot;","block_context":{"text":"Blogu i Udh\u00ebtarit","link":"https:\/\/www.shqiperia.com\/blog\/category\/blogu-i-udhetarit\/"},"img":{"alt_text":"","src":"https:\/\/i0.wp.com\/www.shqiperia.com\/blog\/wp-content\/uploads\/2026\/06\/auto_IMG_08161781336624.jpeg?fit=900%2C662&ssl=1&resize=350%2C200","width":350,"height":200,"srcset":"https:\/\/i0.wp.com\/www.shqiperia.com\/blog\/wp-content\/uploads\/2026\/06\/auto_IMG_08161781336624.jpeg?fit=900%2C662&ssl=1&resize=350%2C200 1x, https:\/\/i0.wp.com\/www.shqiperia.com\/blog\/wp-content\/uploads\/2026\/06\/auto_IMG_08161781336624.jpeg?fit=900%2C662&ssl=1&resize=525%2C300 1.5x, https:\/\/i0.wp.com\/www.shqiperia.com\/blog\/wp-content\/uploads\/2026\/06\/auto_IMG_08161781336624.jpeg?fit=900%2C662&ssl=1&resize=700%2C400 2x"},"classes":[]},{"id":101958,"url":"https:\/\/www.shqiperia.com\/blog\/fluturimet-sekrete-ne-izrael-kush-e-pagoi-avionin-privat-media-izraelite-marredhenia-e-rames-me-biznesmenin-ron-yeffet-ne-qender-te-akuzave-per-projektin-kayo\/","url_meta":{"origin":105767,"position":5},"title":"Fluturimet sekrete n\u00eb Izrael, kush e pagoi avionin privat? Media izraelite: &#8211; Marr\u00ebdh\u00ebnia e Ram\u00ebs me biznesmenin Ron Yeffet n\u00eb qend\u00ebr t\u00eb akuzave p\u00ebr projektin \u201cKayo\u201d!","author":"Kurt Farka","date":"June 28, 2026","format":false,"excerpt":"29 Qershor 2026 Yeffet nuk \u00ebsht\u00eb i vetmi i njohur i Ram\u00ebs n\u00eb komunitetin e biznesit n\u00eb Izrael. Biznesmeni Sani Sanilevich, i cili sh\u00ebrben si Konsull Nderi i Shqip\u00ebris\u00eb n\u00eb Izrael, \u00ebsht\u00eb gjithashtu i af\u00ebrt me t\u00eb dhe \u00ebsht\u00eb aktiv n\u00eb Shqip\u00ebri, ku po punon p\u00ebr ngritjen e nj\u00eb spitali.\u2026","rel":"","context":"In &quot;Blogu i Udh\u00ebtarit&quot;","block_context":{"text":"Blogu i Udh\u00ebtarit","link":"https:\/\/www.shqiperia.com\/blog\/category\/blogu-i-udhetarit\/"},"img":{"alt_text":"","src":"https:\/\/i0.wp.com\/www.shqiperia.com\/blog\/wp-content\/uploads\/2026\/06\/Ron-Yeffet-edi-rama-1-1.jpg?fit=1200%2C695&ssl=1&resize=350%2C200","width":350,"height":200,"srcset":"https:\/\/i0.wp.com\/www.shqiperia.com\/blog\/wp-content\/uploads\/2026\/06\/Ron-Yeffet-edi-rama-1-1.jpg?fit=1200%2C695&ssl=1&resize=350%2C200 1x, https:\/\/i0.wp.com\/www.shqiperia.com\/blog\/wp-content\/uploads\/2026\/06\/Ron-Yeffet-edi-rama-1-1.jpg?fit=1200%2C695&ssl=1&resize=525%2C300 1.5x, https:\/\/i0.wp.com\/www.shqiperia.com\/blog\/wp-content\/uploads\/2026\/06\/Ron-Yeffet-edi-rama-1-1.jpg?fit=1200%2C695&ssl=1&resize=700%2C400 2x, https:\/\/i0.wp.com\/www.shqiperia.com\/blog\/wp-content\/uploads\/2026\/06\/Ron-Yeffet-edi-rama-1-1.jpg?fit=1200%2C695&ssl=1&resize=1050%2C600 3x"},"classes":[]}],"_links":{"self":[{"href":"https:\/\/www.shqiperia.com\/blog\/wp-json\/wp\/v2\/posts\/105767","targetHints":{"allow":["GET"]}}],"collection":[{"href":"https:\/\/www.shqiperia.com\/blog\/wp-json\/wp\/v2\/posts"}],"about":[{"href":"https:\/\/www.shqiperia.com\/blog\/wp-json\/wp\/v2\/types\/post"}],"author":[{"embeddable":true,"href":"https:\/\/www.shqiperia.com\/blog\/wp-json\/wp\/v2\/users\/9"}],"replies":[{"embeddable":true,"href":"https:\/\/www.shqiperia.com\/blog\/wp-json\/wp\/v2\/comments?post=105767"}],"version-history":[{"count":1,"href":"https:\/\/www.shqiperia.com\/blog\/wp-json\/wp\/v2\/posts\/105767\/revisions"}],"predecessor-version":[{"id":105769,"href":"https:\/\/www.shqiperia.com\/blog\/wp-json\/wp\/v2\/posts\/105767\/revisions\/105769"}],"wp:featuredmedia":[{"embeddable":true,"href":"https:\/\/www.shqiperia.com\/blog\/wp-json\/wp\/v2\/media\/105768"}],"wp:attachment":[{"href":"https:\/\/www.shqiperia.com\/blog\/wp-json\/wp\/v2\/media?parent=105767"}],"wp:term":[{"taxonomy":"category","embeddable":true,"href":"https:\/\/www.shqiperia.com\/blog\/wp-json\/wp\/v2\/categories?post=105767"},{"taxonomy":"post_tag","embeddable":true,"href":"https:\/\/www.shqiperia.com\/blog\/wp-json\/wp\/v2\/tags?post=105767"}],"curies":[{"name":"wp","href":"https:\/\/api.w.org\/{rel}","templated":true}]}}