{"id":105763,"date":"2026-09-02T15:17:03","date_gmt":"2026-09-02T15:17:03","guid":{"rendered":"https:\/\/www.shqiperia.com\/blog\/?p=105763"},"modified":"2026-09-02T15:17:03","modified_gmt":"2026-09-02T15:17:03","slug":"doreheqja-e-ministres-se-shendetesise-gazetari-stafa-zbulon-detaje-kryeministri-i-ka-kerkuar-qe-te-firmose-ceshtjen-e-superkompanise-por-nuk-ka-pranuar","status":"publish","type":"post","link":"https:\/\/www.shqiperia.com\/blog\/doreheqja-e-ministres-se-shendetesise-gazetari-stafa-zbulon-detaje-kryeministri-i-ka-kerkuar-qe-te-firmose-ceshtjen-e-superkompanise-por-nuk-ka-pranuar\/","title":{"rendered":"Dor\u00ebheqja e ministres s\u00eb sh\u00ebndet\u00ebsis\u00eb, gazetari Stafa zbulon detaje: &#8211; Kryeministri i ka k\u00ebrkuar q\u00eb t\u00eb firmos\u00eb \u00e7\u00ebshtjen e superkompanis\u00eb, por nuk ka pranuar"},"content":{"rendered":"<div id=\"attachment_105765\" style=\"width: 602px\" class=\"wp-caption alignnone\"><img data-recalc-dims=\"1\" loading=\"lazy\" decoding=\"async\" aria-describedby=\"caption-attachment-105765\" data-attachment-id=\"105765\" data-permalink=\"https:\/\/www.shqiperia.com\/blog\/doreheqja-e-ministres-se-shendetesise-gazetari-stafa-zbulon-detaje-kryeministri-i-ka-kerkuar-qe-te-firmose-ceshtjen-e-superkompanise-por-nuk-ka-pranuar\/evis-sala\/\" data-orig-file=\"https:\/\/i0.wp.com\/www.shqiperia.com\/blog\/wp-content\/uploads\/2026\/09\/Evis-Sala.png?fit=910%2C584&amp;ssl=1\" data-orig-size=\"910,584\" data-comments-opened=\"1\" data-image-meta=\"{&quot;aperture&quot;:&quot;0&quot;,&quot;credit&quot;:&quot;&quot;,&quot;camera&quot;:&quot;&quot;,&quot;caption&quot;:&quot;&quot;,&quot;created_timestamp&quot;:&quot;0&quot;,&quot;copyright&quot;:&quot;&quot;,&quot;focal_length&quot;:&quot;0&quot;,&quot;iso&quot;:&quot;0&quot;,&quot;shutter_speed&quot;:&quot;0&quot;,&quot;title&quot;:&quot;&quot;,&quot;orientation&quot;:&quot;0&quot;}\" data-image-title=\"Evis Sala\" data-image-description=\"\" data-image-caption=\"&lt;p&gt;Evis Sala&lt;\/p&gt;\n\" data-medium-file=\"https:\/\/i0.wp.com\/www.shqiperia.com\/blog\/wp-content\/uploads\/2026\/09\/Evis-Sala.png?fit=300%2C193&amp;ssl=1\" data-large-file=\"https:\/\/i0.wp.com\/www.shqiperia.com\/blog\/wp-content\/uploads\/2026\/09\/Evis-Sala.png?fit=910%2C584&amp;ssl=1\" class=\" wp-image-105765\" alt=\"\" src=\"https:\/\/i0.wp.com\/www.shqiperia.com\/blog\/wp-content\/uploads\/2026\/09\/Evis-Sala.png?resize=592%2C381&#038;ssl=1\" width=\"592\" height=\"381\" srcset=\"https:\/\/i0.wp.com\/www.shqiperia.com\/blog\/wp-content\/uploads\/2026\/09\/Evis-Sala.png?resize=300%2C193&amp;ssl=1 300w, https:\/\/i0.wp.com\/www.shqiperia.com\/blog\/wp-content\/uploads\/2026\/09\/Evis-Sala.png?resize=768%2C493&amp;ssl=1 768w, https:\/\/i0.wp.com\/www.shqiperia.com\/blog\/wp-content\/uploads\/2026\/09\/Evis-Sala.png?resize=450%2C289&amp;ssl=1 450w, https:\/\/i0.wp.com\/www.shqiperia.com\/blog\/wp-content\/uploads\/2026\/09\/Evis-Sala.png?resize=600%2C385&amp;ssl=1 600w, https:\/\/i0.wp.com\/www.shqiperia.com\/blog\/wp-content\/uploads\/2026\/09\/Evis-Sala.png?resize=400%2C257&amp;ssl=1 400w, https:\/\/i0.wp.com\/www.shqiperia.com\/blog\/wp-content\/uploads\/2026\/09\/Evis-Sala.png?w=910&amp;ssl=1 910w\" sizes=\"auto, (max-width: 592px) 100vw, 592px\" \/><p id=\"caption-attachment-105765\" class=\"wp-caption-text\">Evis Sala<\/p><\/div>\n<p>2 Shtator 2026<\/p>\n<p>Gazetari Osman Stafa, i ftuar n\u00eb nje studio televizive ka komentuar dor\u00ebheqjen e ministres s\u00eb Sh\u00ebndet\u00ebsis\u00eb, Evis Sala.<\/p>\n<p>Stafa shprehet se dor\u00ebheqja e Sal\u00ebs ka qen\u00eb e paramenduar. Ai shton se Sala nuk ka qen\u00eb e sinqert\u00eb as n\u00eb ikje. Dhe nj\u00ebher\u00eb thekson se situata n\u00eb spitale \u00ebsht\u00eb skandaloze dhe se korrupsioni n\u00eb k\u00ebt\u00eb fush\u00eb \u00ebsht\u00eb kapilar.<\/p>\n<p><strong>Gazetari Osman Stafa:<\/strong><span>\u00a0<\/span>Prisja q\u00eb Evis Sala t\u00eb ishte e sinqert\u00eb n\u00eb ikjen e saj. S\u00eb paku kur t\u00eb ik\u00eb t\u00eb ishte e sinqert\u00eb, por nuk \u00ebsht\u00eb e till\u00eb. Ka qen\u00eb nj\u00eb dor\u00ebheqje e paramenduar.<\/p>\n<p>Flitet se ka pasur nj\u00eb p\u00ebrplasje mes Ram\u00ebs dhe Sal\u00ebs. Kryeministri i ka k\u00ebrkuar ministres q\u00eb t\u00eb firmos\u00eb \u00e7\u00ebshtjen e superkompanis\u00eb, gj\u00eb q\u00eb nuk \u00ebsht\u00eb pranuar nga ministrja dhe raportet e tyre jan\u00eb nd\u00ebrprer\u00eb. Sado un\u00eb t\u00eb g\u00ebnjej apo ministrja, pacient\u00ebt tek Onkologjiku e din\u00eb t\u00eb v\u00ebrtet\u00ebn e situat\u00ebs n\u00eb sh\u00ebndet\u00ebsi.<\/p>\n<p>Fondacionet kan\u00eb dh\u00ebn\u00eb para p\u00ebr pacient\u00ebt p\u00ebr kimioterapi dhe qeveria nuk ka b\u00ebr\u00eb asgj\u00eb. Shum\u00eb medikamente mungojn\u00eb ende. Nuk mund t\u00eb flasi p\u00ebr arritje vet\u00ebm me propagand\u00eb, sepse ka l\u00ebn\u00eb grat\u00eb dhe vajzat pa ila\u00e7e. Kemi sistem t\u00eb r\u00ebn\u00eb sh\u00ebndet\u00ebsor dhe t\u00ebr\u00ebsisht t\u00eb korruptuar. K\u00ebta b\u00ebjn\u00eb propagand\u00ebn e vdekjes.<\/p>\n","protected":false},"excerpt":{"rendered":"<p>2 Shtator 2026 Gazetari Osman Stafa, i ftuar n\u00eb nje studio televizive ka komentuar dor\u00ebheqjen e ministres s\u00eb Sh\u00ebndet\u00ebsis\u00eb, Evis Sala. Stafa shprehet se dor\u00ebheqja e Sal\u00ebs ka qen\u00eb e paramenduar. Ai shton se Sala nuk ka qen\u00eb e sinqert\u00eb as n\u00eb ikje. Dhe nj\u00ebher\u00eb thekson se situata n\u00eb spitale \u00ebsht\u00eb skandaloze dhe se korrupsioni [&hellip;]<\/p>\n","protected":false},"author":9,"featured_media":105765,"comment_status":"open","ping_status":"open","sticky":false,"template":"","format":"standard","meta":{"jetpack_post_was_ever_published":false,"_jetpack_newsletter_access":"","_jetpack_dont_email_post_to_subs":false,"_jetpack_newsletter_tier_id":0,"_jetpack_memberships_contains_paywalled_content":false,"_jetpack_memberships_contains_paid_content":false,"footnotes":"","jetpack_publicize_message":"","jetpack_publicize_feature_enabled":true,"jetpack_social_post_already_shared":true,"jetpack_social_options":{"image_generator_settings":{"template":"highway","default_image_id":0,"font":"","enabled":false},"version":2}},"categories":[27,1,14,35],"tags":[],"class_list":["post-105763","post","type-post","status-publish","format-standard","has-post-thumbnail","hentry","category-blogu-i-udhetarit","category-njoftime-shtypi","category-press-releases","category-shoqerore"],"jetpack_publicize_connections":[],"jetpack_featured_media_url":"https:\/\/i0.wp.com\/www.shqiperia.com\/blog\/wp-content\/uploads\/2026\/09\/Evis-Sala.png?fit=910%2C584&ssl=1","jetpack_sharing_enabled":true,"jetpack_shortlink":"https:\/\/wp.me\/p5Z6wp-rvR","jetpack-related-posts":[{"id":105767,"url":"https:\/\/www.shqiperia.com\/blog\/doreheqja-e-ministres-evis-sala-u-largua-per-ti-hapur-rruge-dorezimit-te-shendetesise-tek-miku-izraelit-i-rames\/","url_meta":{"origin":105763,"position":0},"title":"Dor\u00ebheqja e ministres Evis Sala: U largua p\u00ebr t\u2019i hapur rrug\u00eb dor\u00ebzimit t\u00eb sh\u00ebndet\u00ebsis\u00eb tek miku izraelit i Ram\u00ebs!","author":"Kurt Farka","date":"September 2, 2026","format":false,"excerpt":"2 Shtator 2026 N\u00eb nj\u00eb reagim n\u00eb rrjete sociale, K\u00eblli\u00e7i thot\u00eb se dor\u00ebheqja e Evis Sal\u00ebs nga posti i ministres s\u00eb Sh\u00ebndet\u00ebsis\u00eb lidhet me kund\u00ebrshtimin e k\u00ebtij projekti. \u00a0K\u00eblli\u00e7i thekson se n\u00eb k\u00ebt\u00eb skem\u00eb ka interesa t\u00eb biznesmenit izraelit Sani Sanilevich, q\u00eb sipas t\u00eb cilit, \u00ebsht\u00eb mik i kryeministrit Edi\u2026","rel":"","context":"In &quot;Blogu i Udh\u00ebtarit&quot;","block_context":{"text":"Blogu i Udh\u00ebtarit","link":"https:\/\/www.shqiperia.com\/blog\/category\/blogu-i-udhetarit\/"},"img":{"alt_text":"","src":"https:\/\/i0.wp.com\/www.shqiperia.com\/blog\/wp-content\/uploads\/2026\/09\/rama-programi-ps-2-1.png?fit=768%2C430&ssl=1&resize=350%2C200","width":350,"height":200,"srcset":"https:\/\/i0.wp.com\/www.shqiperia.com\/blog\/wp-content\/uploads\/2026\/09\/rama-programi-ps-2-1.png?fit=768%2C430&ssl=1&resize=350%2C200 1x, https:\/\/i0.wp.com\/www.shqiperia.com\/blog\/wp-content\/uploads\/2026\/09\/rama-programi-ps-2-1.png?fit=768%2C430&ssl=1&resize=525%2C300 1.5x, https:\/\/i0.wp.com\/www.shqiperia.com\/blog\/wp-content\/uploads\/2026\/09\/rama-programi-ps-2-1.png?fit=768%2C430&ssl=1&resize=700%2C400 2x"},"classes":[]},{"id":101881,"url":"https:\/\/www.shqiperia.com\/blog\/gazetari-holandez-edi-rama-eshte-kumbari-ne-shqiperi-kjo-studio-arkitekturore-ndertoi-vilen-e-tij-ne-surrel\/","url_meta":{"origin":105763,"position":1},"title":"Gazetari holandez: Edi Rama \u00ebsht\u00eb kumbari n\u00eb Shqip\u00ebri. Kjo studio arkitekturore nd\u00ebrtoi vil\u00ebn e tij n\u00eb Surrel","author":"Kurt Farka","date":"June 27, 2026","format":false,"excerpt":"27 Qershor 2026 Gazetari holandez Vincent van Gerven Oei q\u00eb \u00ebsht\u00eb marr\u00eb shum\u00eb m\u00eb investigime n\u00eb Shqip\u00ebri, p\u00ebr lidhjet e Edi Ram\u00ebs dhe vazhdimisht ka zbardhur detaje t\u00eb r\u00ebnd\u00ebsishme t\u00eb aferave shum\u00eb t\u00eb r\u00ebnd\u00ebsishme n\u00eb Shqip\u00ebri. N\u00eb nj\u00eb intervist\u00eb ekskluzive me Armela Fekron n\u00eb SYRI TV, ai tregon se si\u2026","rel":"","context":"In &quot;Blogu i Udh\u00ebtarit&quot;","block_context":{"text":"Blogu i Udh\u00ebtarit","link":"https:\/\/www.shqiperia.com\/blog\/category\/blogu-i-udhetarit\/"},"img":{"alt_text":"","src":"https:\/\/i0.wp.com\/www.shqiperia.com\/blog\/wp-content\/uploads\/2026\/06\/Untitled-1-183-1024x538-1.jpg?fit=1024%2C538&ssl=1&resize=350%2C200","width":350,"height":200,"srcset":"https:\/\/i0.wp.com\/www.shqiperia.com\/blog\/wp-content\/uploads\/2026\/06\/Untitled-1-183-1024x538-1.jpg?fit=1024%2C538&ssl=1&resize=350%2C200 1x, https:\/\/i0.wp.com\/www.shqiperia.com\/blog\/wp-content\/uploads\/2026\/06\/Untitled-1-183-1024x538-1.jpg?fit=1024%2C538&ssl=1&resize=525%2C300 1.5x, https:\/\/i0.wp.com\/www.shqiperia.com\/blog\/wp-content\/uploads\/2026\/06\/Untitled-1-183-1024x538-1.jpg?fit=1024%2C538&ssl=1&resize=700%2C400 2x"},"classes":[]},{"id":100554,"url":"https:\/\/www.shqiperia.com\/blog\/fati-i-martinajt-gazetari-ata-qe-organizuan-rrembimin-e-tij-ishin-aq-shume-sa-mund-te-pushtonin-parlamentin\/","url_meta":{"origin":105763,"position":2},"title":"Fati i Martinajt\/ Gazetari: &#8211; Ata q\u00eb organizuan rr\u00ebmbimin e tij ishin aq shum\u00eb sa mund t\u00eb pushtonin parlamentin\u2026","author":"Kurt Farka","date":"May 22, 2026","format":false,"excerpt":"22 Maji 2026 Gazetari Ferdinand Dervishi ka folur p\u00ebr zhdukjen e Ervis Martinajt. Sipas gazetarit ka nj\u00eb sabotim t\u00eb mir\u00eborganizuar q\u00eb ngjarja t\u00eb mbetet n\u00eb err\u00ebsir\u00eb. Gazetari ka deklaruar se n\u00eb rr\u00ebmbimin e Ervis Martinajt nuk kan\u00eb marr\u00eb pjes\u00eb nj\u00eb apo 2 persona por mund t\u00eb ken\u00eb qen\u00eb 100 apo\u2026","rel":"","context":"In &quot;Kultura&quot;","block_context":{"text":"Kultura","link":"https:\/\/www.shqiperia.com\/blog\/category\/kultura\/"},"img":{"alt_text":"","src":"https:\/\/i0.wp.com\/www.shqiperia.com\/blog\/wp-content\/uploads\/2026\/05\/Ferdinand-Dervishi.jpg?fit=640%2C444&ssl=1&resize=350%2C200","width":350,"height":200,"srcset":"https:\/\/i0.wp.com\/www.shqiperia.com\/blog\/wp-content\/uploads\/2026\/05\/Ferdinand-Dervishi.jpg?fit=640%2C444&ssl=1&resize=350%2C200 1x, https:\/\/i0.wp.com\/www.shqiperia.com\/blog\/wp-content\/uploads\/2026\/05\/Ferdinand-Dervishi.jpg?fit=640%2C444&ssl=1&resize=525%2C300 1.5x"},"classes":[]},{"id":101752,"url":"https:\/\/www.shqiperia.com\/blog\/kerkohet-doreheqja-e-kryeministrit-hajdut-jo-e-donald-trumpit\/","url_meta":{"origin":105763,"position":3},"title":"K\u00ebrkohet dor\u00ebheqja e kryeministrit hajdut, jo e Donald Trumpit","author":"Kurt Farka","date":"June 24, 2026","format":false,"excerpt":"24 Qershor 2024 Nga: lir Dako Fjalimi i i Ram\u00ebs nuk ishte nj\u00eb akt komunikimi politik, por nj\u00eb seanc\u00eb vet\u00ebmbrojtjeje. Ai nuk foli p\u00ebr vendin, por p\u00ebr veten Dit\u00ebn e djeshme kryeministri shqiptar n\u00eb nj\u00eb or\u00eb e ca fjalim p\u00ebrball\u00eb deputet\u00ebve socialist\u00eb, por dhe publikut shqiptar rr\u00ebfeu panikun dhe frik\u00ebn\u2026","rel":"","context":"In &quot;Blogu i Udh\u00ebtarit&quot;","block_context":{"text":"Blogu i Udh\u00ebtarit","link":"https:\/\/www.shqiperia.com\/blog\/category\/blogu-i-udhetarit\/"},"img":{"alt_text":"","src":"https:\/\/i0.wp.com\/www.shqiperia.com\/blog\/wp-content\/uploads\/2026\/06\/BCO.e9f82224-1f6e-45fd-a51f-c26e5eed10f6-1024x570-1.png?fit=1024%2C570&ssl=1&resize=350%2C200","width":350,"height":200,"srcset":"https:\/\/i0.wp.com\/www.shqiperia.com\/blog\/wp-content\/uploads\/2026\/06\/BCO.e9f82224-1f6e-45fd-a51f-c26e5eed10f6-1024x570-1.png?fit=1024%2C570&ssl=1&resize=350%2C200 1x, https:\/\/i0.wp.com\/www.shqiperia.com\/blog\/wp-content\/uploads\/2026\/06\/BCO.e9f82224-1f6e-45fd-a51f-c26e5eed10f6-1024x570-1.png?fit=1024%2C570&ssl=1&resize=525%2C300 1.5x, https:\/\/i0.wp.com\/www.shqiperia.com\/blog\/wp-content\/uploads\/2026\/06\/BCO.e9f82224-1f6e-45fd-a51f-c26e5eed10f6-1024x570-1.png?fit=1024%2C570&ssl=1&resize=700%2C400 2x"},"classes":[]},{"id":104193,"url":"https:\/\/www.shqiperia.com\/blog\/robert-papa-plas-bomben-alex-soros-mban-peng-edi-ramen-me-materiale-shantazhimi-hetimet-e-cia-dhe-fbi-po-e-cojne\/","url_meta":{"origin":105763,"position":4},"title":"Robert Papa plas \u201cbomb\u00ebn\u201d: &#8211; Alex Soros mban peng Edi Ram\u00ebn me materiale shantazhimi, hetimet e CIA dhe FBI po e \u00e7ojn\u00eb\u2026","author":"Kurt Farka","date":"August 11, 2026","format":false,"excerpt":"11 Gusht 2026 Gazetari i njohur shqiptaro-amerikan, Robert Papa ka deklaruar se Senati Amerikan ka miratuar em\u00ebrimin e nj\u00eb ish-gjenerali si ambasador n\u00eb Tiran\u00eb, duke e ngritur zyrtarisht nivelin e ambasad\u00ebs pasi Amerika e konsideron Tiran\u00ebn si nj\u00eb vend, ku rrezikohet siguria komb\u00ebtare e amerikan\u00ebve. Sipas tij, misioni i ri\u2026","rel":"","context":"In &quot;Blogu i Udh\u00ebtarit&quot;","block_context":{"text":"Blogu i Udh\u00ebtarit","link":"https:\/\/www.shqiperia.com\/blog\/category\/blogu-i-udhetarit\/"},"img":{"alt_text":"","src":"https:\/\/i0.wp.com\/www.shqiperia.com\/blog\/wp-content\/uploads\/2026\/08\/Edi-Rama.jpg?fit=736%2C476&ssl=1&resize=350%2C200","width":350,"height":200,"srcset":"https:\/\/i0.wp.com\/www.shqiperia.com\/blog\/wp-content\/uploads\/2026\/08\/Edi-Rama.jpg?fit=736%2C476&ssl=1&resize=350%2C200 1x, https:\/\/i0.wp.com\/www.shqiperia.com\/blog\/wp-content\/uploads\/2026\/08\/Edi-Rama.jpg?fit=736%2C476&ssl=1&resize=525%2C300 1.5x, https:\/\/i0.wp.com\/www.shqiperia.com\/blog\/wp-content\/uploads\/2026\/08\/Edi-Rama.jpg?fit=736%2C476&ssl=1&resize=700%2C400 2x"},"classes":[]},{"id":105523,"url":"https:\/\/www.shqiperia.com\/blog\/trajneri-maran-nuk-kam-frike-nga-veshtiresite-shqiperia-i-ka-te-gjitha-letrat-nuk-flet-per-lojtaret\/","url_meta":{"origin":105763,"position":5},"title":"Trajneri Maran: &#8211; Nuk kam frik\u00eb nga v\u00ebshtir\u00ebsit\u00eb, Shqip\u00ebria i ka t\u00eb gjitha letrat, Nuk flet per lojtaret","author":"Kurt Farka","date":"August 30, 2026","format":false,"excerpt":"30 Gusht 2026 Trajneri i Komb\u00ebtares shqiptare, Rolando Maran, flet ekskluzivisht p\u00ebr Top Channel n\u00eb nj\u00eb intervist\u00eb me gazetarin Endi Tufa, ku prek t\u00eb gjitha temat e aktualitetit t\u00eb kuqezinjve n\u00eb prag t\u00eb nisjes s\u00eb ndeshjeve zyrtare. Maran flet p\u00ebr periudh\u00ebn e gjat\u00eb t\u00eb p\u00ebrgatitjeve, ndryshimet e shumta n\u00eb skuadrat\u2026","rel":"","context":"In &quot;Njoftime Shtypi&quot;","block_context":{"text":"Njoftime Shtypi","link":"https:\/\/www.shqiperia.com\/blog\/category\/njoftime-shtypi\/"},"img":{"alt_text":"","src":"https:\/\/i0.wp.com\/www.shqiperia.com\/blog\/wp-content\/uploads\/2026\/08\/Rolando-Maran.webp?fit=800%2C450&ssl=1&resize=350%2C200","width":350,"height":200,"srcset":"https:\/\/i0.wp.com\/www.shqiperia.com\/blog\/wp-content\/uploads\/2026\/08\/Rolando-Maran.webp?fit=800%2C450&ssl=1&resize=350%2C200 1x, https:\/\/i0.wp.com\/www.shqiperia.com\/blog\/wp-content\/uploads\/2026\/08\/Rolando-Maran.webp?fit=800%2C450&ssl=1&resize=525%2C300 1.5x, https:\/\/i0.wp.com\/www.shqiperia.com\/blog\/wp-content\/uploads\/2026\/08\/Rolando-Maran.webp?fit=800%2C450&ssl=1&resize=700%2C400 2x"},"classes":[]}],"_links":{"self":[{"href":"https:\/\/www.shqiperia.com\/blog\/wp-json\/wp\/v2\/posts\/105763","targetHints":{"allow":["GET"]}}],"collection":[{"href":"https:\/\/www.shqiperia.com\/blog\/wp-json\/wp\/v2\/posts"}],"about":[{"href":"https:\/\/www.shqiperia.com\/blog\/wp-json\/wp\/v2\/types\/post"}],"author":[{"embeddable":true,"href":"https:\/\/www.shqiperia.com\/blog\/wp-json\/wp\/v2\/users\/9"}],"replies":[{"embeddable":true,"href":"https:\/\/www.shqiperia.com\/blog\/wp-json\/wp\/v2\/comments?post=105763"}],"version-history":[{"count":1,"href":"https:\/\/www.shqiperia.com\/blog\/wp-json\/wp\/v2\/posts\/105763\/revisions"}],"predecessor-version":[{"id":105766,"href":"https:\/\/www.shqiperia.com\/blog\/wp-json\/wp\/v2\/posts\/105763\/revisions\/105766"}],"wp:featuredmedia":[{"embeddable":true,"href":"https:\/\/www.shqiperia.com\/blog\/wp-json\/wp\/v2\/media\/105765"}],"wp:attachment":[{"href":"https:\/\/www.shqiperia.com\/blog\/wp-json\/wp\/v2\/media?parent=105763"}],"wp:term":[{"taxonomy":"category","embeddable":true,"href":"https:\/\/www.shqiperia.com\/blog\/wp-json\/wp\/v2\/categories?post=105763"},{"taxonomy":"post_tag","embeddable":true,"href":"https:\/\/www.shqiperia.com\/blog\/wp-json\/wp\/v2\/tags?post=105763"}],"curies":[{"name":"wp","href":"https:\/\/api.w.org\/{rel}","templated":true}]}}