{"id":105760,"date":"2026-09-02T15:05:24","date_gmt":"2026-09-02T15:05:24","guid":{"rendered":"https:\/\/www.shqiperia.com\/blog\/?p=105760"},"modified":"2026-09-02T15:05:24","modified_gmt":"2026-09-02T15:05:24","slug":"zjarri-del-jashte-kontrollit-ne-ulez-digjen-banesa-e-pemetore-evakuohen-qindra-krere-bageti","status":"publish","type":"post","link":"https:\/\/www.shqiperia.com\/blog\/zjarri-del-jashte-kontrollit-ne-ulez-digjen-banesa-e-pemetore-evakuohen-qindra-krere-bageti\/","title":{"rendered":"Zjarri del jasht\u00eb kontrollit n\u00eb Ul\u00ebz, digjen banesa e pem\u00ebtore! Evakuohen qindra krer\u00eb bag\u00ebti"},"content":{"rendered":"<p><img data-recalc-dims=\"1\" loading=\"lazy\" decoding=\"async\" data-attachment-id=\"105761\" data-permalink=\"https:\/\/www.shqiperia.com\/blog\/zjarri-del-jashte-kontrollit-ne-ulez-digjen-banesa-e-pemetore-evakuohen-qindra-krere-bageti\/567575675-770x415-6a982b0dd2098\/\" data-orig-file=\"https:\/\/i0.wp.com\/www.shqiperia.com\/blog\/wp-content\/uploads\/2026\/09\/567575675-770x415-6a982b0dd2098.jpg?fit=770%2C415&amp;ssl=1\" data-orig-size=\"770,415\" data-comments-opened=\"1\" data-image-meta=\"{&quot;aperture&quot;:&quot;0&quot;,&quot;credit&quot;:&quot;Redaksia&quot;,&quot;camera&quot;:&quot;&quot;,&quot;caption&quot;:&quot;&quot;,&quot;created_timestamp&quot;:&quot;1788364150&quot;,&quot;copyright&quot;:&quot;&quot;,&quot;focal_length&quot;:&quot;0&quot;,&quot;iso&quot;:&quot;0&quot;,&quot;shutter_speed&quot;:&quot;0&quot;,&quot;title&quot;:&quot;&quot;,&quot;orientation&quot;:&quot;0&quot;}\" data-image-title=\"567575675-770&#215;415-6a982b0dd2098\" data-image-description=\"\" data-image-caption=\"\" data-medium-file=\"https:\/\/i0.wp.com\/www.shqiperia.com\/blog\/wp-content\/uploads\/2026\/09\/567575675-770x415-6a982b0dd2098.jpg?fit=300%2C162&amp;ssl=1\" data-large-file=\"https:\/\/i0.wp.com\/www.shqiperia.com\/blog\/wp-content\/uploads\/2026\/09\/567575675-770x415-6a982b0dd2098.jpg?fit=770%2C415&amp;ssl=1\" class=\"alignnone  wp-image-105761\" alt=\"\" src=\"https:\/\/i0.wp.com\/www.shqiperia.com\/blog\/wp-content\/uploads\/2026\/09\/567575675-770x415-6a982b0dd2098.jpg?resize=630%2C340&#038;ssl=1\" width=\"630\" height=\"340\" srcset=\"https:\/\/i0.wp.com\/www.shqiperia.com\/blog\/wp-content\/uploads\/2026\/09\/567575675-770x415-6a982b0dd2098.jpg?resize=300%2C162&amp;ssl=1 300w, https:\/\/i0.wp.com\/www.shqiperia.com\/blog\/wp-content\/uploads\/2026\/09\/567575675-770x415-6a982b0dd2098.jpg?resize=768%2C414&amp;ssl=1 768w, https:\/\/i0.wp.com\/www.shqiperia.com\/blog\/wp-content\/uploads\/2026\/09\/567575675-770x415-6a982b0dd2098.jpg?resize=450%2C243&amp;ssl=1 450w, https:\/\/i0.wp.com\/www.shqiperia.com\/blog\/wp-content\/uploads\/2026\/09\/567575675-770x415-6a982b0dd2098.jpg?resize=600%2C323&amp;ssl=1 600w, https:\/\/i0.wp.com\/www.shqiperia.com\/blog\/wp-content\/uploads\/2026\/09\/567575675-770x415-6a982b0dd2098.jpg?resize=400%2C216&amp;ssl=1 400w, https:\/\/i0.wp.com\/www.shqiperia.com\/blog\/wp-content\/uploads\/2026\/09\/567575675-770x415-6a982b0dd2098.jpg?w=770&amp;ssl=1 770w\" sizes=\"auto, (max-width: 630px) 100vw, 630px\" \/><\/p>\n<p>2 Shtator 2026<\/p>\n<p>Situata me zjarret q\u00eb kan\u00eb p\u00ebrfshir\u00eb disa fshatra n\u00eb Nj\u00ebsin\u00eb Administrative Ul\u00ebz t\u00eb Bashkis\u00eb s\u00eb Matit po paraqitet mjaft kritike dhe ka dal\u00eb t\u00ebr\u00ebsisht jasht\u00eb kontrollit.<\/p>\n<p>Flak\u00ebt e p\u00ebrmasave t\u00eb m\u00ebdha kan\u00eb shkrumbuar deri tani qindra hektar\u00eb me sip\u00ebrfaqe pyjore, nd\u00ebrsa kan\u00eb djegur edhe banesa.<\/p>\n<p>T\u00eb pakt\u00ebn dy sht\u00ebpi jan\u00eb djegur plot\u00ebsisht nga flak\u00ebt n\u00eb k\u00ebt\u00eb zon\u00eb. Pronar\u00ebt e tyre, Preng dhe Geg Stojani, kan\u00eb treguar se kan\u00eb humbur gjith\u00e7ka q\u00eb kishin brenda n\u00eb banesa. Fatmir\u00ebsisht, n\u00eb momentin e p\u00ebrfshirjes nga zjarri nuk ka patur njer\u00ebz brenda, megjithat\u00eb flak\u00ebt kan\u00eb shkat\u00ebrruar t\u00ebr\u00ebsisht edhe pem\u00ebtoret e tyre.<\/p>\n<p>P\u00ebr shkak t\u00eb p\u00ebrhapjes s\u00eb shpejt\u00eb t\u00eb vatr\u00ebs s\u00eb zjarrit, autoritetet kan\u00eb nd\u00ebrhyr\u00eb duke evakuuar rreth 300 krer\u00eb lop\u00eb, t\u00eb cilat jan\u00eb zhvendosur me urgjenc\u00eb drejt fshatit Gallat\u00eb t\u00eb Milotit.<\/p>\n<p>Pavar\u00ebsisht k\u00ebsaj mase, rreziku mbetet mjaft i lart\u00eb edhe p\u00ebr fshatrat Tordh\u00ebn dhe Madhesh, ku disa sht\u00ebpi banimi si dhe mbi 200 koshere blet\u00ebsh rrezikojn\u00eb t\u00eb shkrumbohen nga \u00e7asti n\u00eb \u00e7ast.<\/p>\n<p>N\u00eb terren po vijon nj\u00eb operacion masiv nga toka me pjes\u00ebmarrjen e dhjet\u00ebra forcave t\u00eb sh\u00ebrbimit zjarrfik\u00ebs, sh\u00ebrbimit pyjor, mbrojtjes civile, Forcave t\u00eb Armatosura dhe banor\u00ebve vullnetar\u00eb. Aktualisht, aksioni po mb\u00ebshtetet nga ajri vet\u00ebm me nj\u00eb helikopter t\u00eb Ministris\u00eb s\u00eb Mbrojtjes.<\/p>\n<p>Autoritetet vendore i kan\u00eb b\u00ebr\u00eb thirrje urgjente qendr\u00ebs p\u00ebr m\u00eb shum\u00eb ndihm\u00eb nga ajri, pasi zjarri po i drejtohet lugin\u00ebs s\u00eb Shkopetit, \u00e7ka do t\u00eb mund t\u00eb shkaktonte nj\u00eb d\u00ebm mjaft t\u00eb madh mjedisor dhe material.<\/p>\n","protected":false},"excerpt":{"rendered":"<p>2 Shtator 2026 Situata me zjarret q\u00eb kan\u00eb p\u00ebrfshir\u00eb disa fshatra n\u00eb Nj\u00ebsin\u00eb Administrative Ul\u00ebz t\u00eb Bashkis\u00eb s\u00eb Matit po paraqitet mjaft kritike dhe ka dal\u00eb t\u00ebr\u00ebsisht jasht\u00eb kontrollit. Flak\u00ebt e p\u00ebrmasave t\u00eb m\u00ebdha kan\u00eb shkrumbuar deri tani qindra hektar\u00eb me sip\u00ebrfaqe pyjore, nd\u00ebrsa kan\u00eb djegur edhe banesa. T\u00eb pakt\u00ebn dy sht\u00ebpi jan\u00eb djegur plot\u00ebsisht [&hellip;]<\/p>\n","protected":false},"author":9,"featured_media":105761,"comment_status":"open","ping_status":"open","sticky":false,"template":"","format":"standard","meta":{"jetpack_post_was_ever_published":false,"_jetpack_newsletter_access":"","_jetpack_dont_email_post_to_subs":false,"_jetpack_newsletter_tier_id":0,"_jetpack_memberships_contains_paywalled_content":false,"_jetpack_memberships_contains_paid_content":false,"footnotes":"","jetpack_publicize_message":"","jetpack_publicize_feature_enabled":true,"jetpack_social_post_already_shared":true,"jetpack_social_options":{"image_generator_settings":{"template":"highway","default_image_id":0,"font":"","enabled":false},"version":2}},"categories":[27,1,35],"tags":[],"class_list":["post-105760","post","type-post","status-publish","format-standard","has-post-thumbnail","hentry","category-blogu-i-udhetarit","category-njoftime-shtypi","category-shoqerore"],"jetpack_publicize_connections":[],"jetpack_featured_media_url":"https:\/\/i0.wp.com\/www.shqiperia.com\/blog\/wp-content\/uploads\/2026\/09\/567575675-770x415-6a982b0dd2098.jpg?fit=770%2C415&ssl=1","jetpack_sharing_enabled":true,"jetpack_shortlink":"https:\/\/wp.me\/p5Z6wp-rvO","jetpack-related-posts":[{"id":104023,"url":"https:\/\/www.shqiperia.com\/blog\/po-digjet-qyteti-situate-dramatike-ne-kruje-flaket-gjigante-perparojne-drejt-banesave-digjen-disa-prej-tyre\/","url_meta":{"origin":105760,"position":0},"title":"\u201cPo digjet qyteti!\u201d\/ Situat\u00eb dramatike n\u00eb Kruj\u00eb, flak\u00ebt gjigante p\u00ebrparojn\u00eb drejt banesave, digjen disa prej tyre","author":"Kurt Farka","date":"August 9, 2026","format":false,"excerpt":"9 Korrik 2025 Nga Ballkanweb Sipas lajmit t\u00eb mbrmshem\u00a0 08 Gusht, 2026 22:20. Situata paraqitet tejet dramatike n\u00eb Kruj\u00eb, ku flak\u00ebt e zjarrit po p\u00ebrhapen me shpejt\u00ebsi n\u00eb drejtim t\u00eb zonave t\u00eb banuara, duke rrezikuar seriozisht banesat dhe qytetar\u00ebt. Sipas raportimeve t\u00eb qytetar\u00ebve pran\u00eb\u00a0BalkanWeb, zjarri ka dal\u00eb jasht\u00eb kontrollit n\u00eb\u2026","rel":"","context":"In &quot;Blogu i Udh\u00ebtarit&quot;","block_context":{"text":"Blogu i Udh\u00ebtarit","link":"https:\/\/www.shqiperia.com\/blog\/category\/blogu-i-udhetarit\/"},"img":{"alt_text":"","src":"https:\/\/i0.wp.com\/www.shqiperia.com\/blog\/wp-content\/uploads\/2026\/08\/Krujaa.jpg?fit=596%2C524&ssl=1&resize=350%2C200","width":350,"height":200,"srcset":"https:\/\/i0.wp.com\/www.shqiperia.com\/blog\/wp-content\/uploads\/2026\/08\/Krujaa.jpg?fit=596%2C524&ssl=1&resize=350%2C200 1x, https:\/\/i0.wp.com\/www.shqiperia.com\/blog\/wp-content\/uploads\/2026\/08\/Krujaa.jpg?fit=596%2C524&ssl=1&resize=525%2C300 1.5x"},"classes":[]},{"id":105698,"url":"https:\/\/www.shqiperia.com\/blog\/zjarri-ne-ulez-del-jashte-kontrollit-flaket-i-afrohen-banesave-pritet-evakuimi-i-banoreve\/","url_meta":{"origin":105760,"position":1},"title":"Zjarri n\u00eb Ul\u00ebz del jasht\u00eb kontrollit, flak\u00ebt i afrohen banesave! Pritet evakuimi i banor\u00ebve","author":"Kurt Farka","date":"September 1, 2026","format":false,"excerpt":"1 Shtator 2026 Situata e krijuar nga zjarri n\u00eb fshatrat e Ulz\u00ebs n\u00eb Burrel vijon t\u00eb jet\u00eb kritike. P\u00ebr shkak t\u00eb p\u00ebrhapjes s\u00eb perimetrit n\u00eb nj\u00eb rreze prej 5 km, rreziku iu \u00ebsht\u00eb afruar banesave. Pritet q\u00eb nga momenti n\u00eb moment t\u00eb b\u00ebhet evakuimi i banor\u00ebve q\u00eb kan\u00eb sht\u00ebpit\u00eb n\u00eb\u2026","rel":"","context":"In &quot;Blogu i Udh\u00ebtarit&quot;","block_context":{"text":"Blogu i Udh\u00ebtarit","link":"https:\/\/www.shqiperia.com\/blog\/category\/blogu-i-udhetarit\/"},"img":{"alt_text":"","src":"https:\/\/i0.wp.com\/www.shqiperia.com\/blog\/wp-content\/uploads\/2026\/09\/capture-770x418-6a96e6940f920.jpg?fit=770%2C418&ssl=1&resize=350%2C200","width":350,"height":200,"srcset":"https:\/\/i0.wp.com\/www.shqiperia.com\/blog\/wp-content\/uploads\/2026\/09\/capture-770x418-6a96e6940f920.jpg?fit=770%2C418&ssl=1&resize=350%2C200 1x, https:\/\/i0.wp.com\/www.shqiperia.com\/blog\/wp-content\/uploads\/2026\/09\/capture-770x418-6a96e6940f920.jpg?fit=770%2C418&ssl=1&resize=525%2C300 1.5x, https:\/\/i0.wp.com\/www.shqiperia.com\/blog\/wp-content\/uploads\/2026\/09\/capture-770x418-6a96e6940f920.jpg?fit=770%2C418&ssl=1&resize=700%2C400 2x"},"classes":[]},{"id":104059,"url":"https:\/\/www.shqiperia.com\/blog\/situate-e-jashtezakonshme-ne-kruje-zjarri-jashte-kontrollit-perfshin-zonat-e-banuara-urdherohet-evakuim-i-menjehershem\/","url_meta":{"origin":105760,"position":2},"title":"Situat\u00eb e jasht\u00ebzakonshme n\u00eb Kruj\u00eb, zjarri jasht\u00eb kontrollit p\u00ebrfshin zonat e banuara, urdh\u00ebrohet evakuim i menj\u00ebhersh\u00ebm","author":"Kurt Farka","date":"August 9, 2026","format":false,"excerpt":"9 Gusht 2026 Bashkia e Kruj\u00ebs ka l\u00ebshuar mbr\u00ebm\u00eb von\u00eb nj\u00eb urdh\u00ebr evakuimi t\u00eb menj\u00ebhersh\u00ebm t\u00eb banor\u00ebve t\u00eb zon\u00ebs s\u00eb Barabit, Lluban, p\u00ebr shkak t\u00eb situat\u00ebs s\u00eb krijuar nga zjarri. Nd\u00ebrhyrja erdhi pas p\u00ebrhapjes s\u00eb videove t\u00eb shumta n\u00eb rrjete sociale ku shiheshin flak\u00eb t\u00eb jasht\u00ebzakonshme q\u00eb po u afroheshin\u2026","rel":"","context":"In &quot;Blogu i Udh\u00ebtarit&quot;","block_context":{"text":"Blogu i Udh\u00ebtarit","link":"https:\/\/www.shqiperia.com\/blog\/category\/blogu-i-udhetarit\/"},"img":{"alt_text":"","src":"https:\/\/i0.wp.com\/www.shqiperia.com\/blog\/wp-content\/uploads\/2026\/08\/Kruje-duke-u-gdhire-data-9-gusht.jpg?fit=900%2C500&ssl=1&resize=350%2C200","width":350,"height":200,"srcset":"https:\/\/i0.wp.com\/www.shqiperia.com\/blog\/wp-content\/uploads\/2026\/08\/Kruje-duke-u-gdhire-data-9-gusht.jpg?fit=900%2C500&ssl=1&resize=350%2C200 1x, https:\/\/i0.wp.com\/www.shqiperia.com\/blog\/wp-content\/uploads\/2026\/08\/Kruje-duke-u-gdhire-data-9-gusht.jpg?fit=900%2C500&ssl=1&resize=525%2C300 1.5x, https:\/\/i0.wp.com\/www.shqiperia.com\/blog\/wp-content\/uploads\/2026\/08\/Kruje-duke-u-gdhire-data-9-gusht.jpg?fit=900%2C500&ssl=1&resize=700%2C400 2x"},"classes":[]},{"id":105070,"url":"https:\/\/www.shqiperia.com\/blog\/fshati-ne-gramsh-qe-e-zhduku-zjarri-68-banesa-dhe-mijera-hektare-te-djegura-231-bageti-te-ngordhura\/","url_meta":{"origin":105760,"position":3},"title":"Fshati n\u00eb Gramsh q\u00eb \u201ce zhduku\u201d zjarri: 68 banesa dhe mij\u00ebra hektar\u00eb t\u00eb djegura, 231 bag\u00ebti t\u00eb ngordhura","author":"Kurt Farka","date":"August 23, 2026","format":false,"excerpt":"23 Gusht 2026 Pas p\u00ebrfundimit t\u00eb evidentimit t\u00eb d\u00ebmeve t\u00eb shkaktuara nga zjarri shkat\u00ebrrimtar i 11 gushtit 2025,i cili p\u00ebrfshiu nj\u00ebsin\u00eb administrative Sk\u00ebnderbegas n\u00eb Gramsh, jan\u00eb publikuar t\u00eb dh\u00ebnat e plota q\u00eb tregojn\u00eb p\u00ebrmasat e k\u00ebsaj fatkeq\u00ebsie. Sipas raportit zyrtar, 68 banesa jan\u00eb d\u00ebmtuar nga flak\u00ebt. Prej tyre,10 jan\u00eb shkat\u00ebrruar\u2026","rel":"","context":"In &quot;Blogu i Udh\u00ebtarit&quot;","block_context":{"text":"Blogu i Udh\u00ebtarit","link":"https:\/\/www.shqiperia.com\/blog\/category\/blogu-i-udhetarit\/"},"img":{"alt_text":"","src":"https:\/\/i0.wp.com\/www.shqiperia.com\/blog\/wp-content\/uploads\/2026\/08\/640-0-68bdd2ff34e88.jpg?fit=640%2C320&ssl=1&resize=350%2C200","width":350,"height":200,"srcset":"https:\/\/i0.wp.com\/www.shqiperia.com\/blog\/wp-content\/uploads\/2026\/08\/640-0-68bdd2ff34e88.jpg?fit=640%2C320&ssl=1&resize=350%2C200 1x, https:\/\/i0.wp.com\/www.shqiperia.com\/blog\/wp-content\/uploads\/2026\/08\/640-0-68bdd2ff34e88.jpg?fit=640%2C320&ssl=1&resize=525%2C300 1.5x"},"classes":[]},{"id":104066,"url":"https:\/\/www.shqiperia.com\/blog\/nana-qante-thoshte-le-te-digjem-brenda-banoret-tregojne-tmerrin-e-zjarrit-ne-kruje-flaket-rrethuan-shtepite-u-dogjen-ullishte-shekullore\/","url_meta":{"origin":105760,"position":4},"title":"Nana qante, thoshte le t\u00eb digjem brenda\u201d\/ Banor\u00ebt tregojn\u00eb tmerrin e zjarrit n\u00eb Kruj\u00eb: &#8211; Flak\u00ebt rrethuan sht\u00ebpit\u00eb, u dogj\u00ebn ullishte shekullore","author":"Kurt Farka","date":"August 9, 2026","format":false,"excerpt":"9 Gusht 2026 Flak\u00ebt q\u00eb p\u00ebrfshin\u00eb Malin e Kruj\u00ebs dhe iu afruan zonave t\u00eb banuara lan\u00eb pas jo vet\u00ebm sip\u00ebrfaqe t\u00eb m\u00ebdha t\u00eb djegura, por edhe d\u00ebshmi t\u00eb banor\u00ebve p\u00ebr or\u00ebt e panikut dhe frik\u00ebs q\u00eb p\u00ebrjetuan pran\u00eb sht\u00ebpive t\u00eb tyre. Banor\u00ebt tregojn\u00eb se zjarri u p\u00ebrhap me shpejt\u00ebsi, duke\u2026","rel":"","context":"In &quot;Blogu i Udh\u00ebtarit&quot;","block_context":{"text":"Blogu i Udh\u00ebtarit","link":"https:\/\/www.shqiperia.com\/blog\/category\/blogu-i-udhetarit\/"},"img":{"alt_text":"","src":"https:\/\/i0.wp.com\/www.shqiperia.com\/blog\/wp-content\/uploads\/2026\/08\/640-0-yt5r43wesqjpg-1786265851.jpg?fit=640%2C365&ssl=1&resize=350%2C200","width":350,"height":200,"srcset":"https:\/\/i0.wp.com\/www.shqiperia.com\/blog\/wp-content\/uploads\/2026\/08\/640-0-yt5r43wesqjpg-1786265851.jpg?fit=640%2C365&ssl=1&resize=350%2C200 1x, https:\/\/i0.wp.com\/www.shqiperia.com\/blog\/wp-content\/uploads\/2026\/08\/640-0-yt5r43wesqjpg-1786265851.jpg?fit=640%2C365&ssl=1&resize=525%2C300 1.5x"},"classes":[]},{"id":104908,"url":"https:\/\/www.shqiperia.com\/blog\/ne-puke-zjarri-jashte-kontrolli-ne-gojan-te-madh-digjen-tre-banesa\/","url_meta":{"origin":105760,"position":5},"title":"N\u00eb Puk\u00eb zjarri jasht\u00eb kontrolli n\u00eb Gojan t\u00eb Madh, digjen tre banesa","author":"Kurt Farka","date":"August 21, 2026","format":false,"excerpt":"21 Gusht 2026 Zjarri n\u00eb fshatin Gojan t\u00eb Madh t\u00eb Puk\u00ebs, i cili vijon prej dy dit\u00ebsh ka dal\u00eb jasht\u00eb kontrollit. Korrespondenti i Top Channel, Klodian Zhivani, b\u00ebn me dije se n\u00eb lagjen \u2018Pepaj\u2019 jan\u00eb djegur 3 banesa, nd\u00ebrsa ka nisur edhe evakuimi i banor\u00ebve q\u00eb ndodhen n\u00eb zonat e\u2026","rel":"","context":"In &quot;Blogu i Udh\u00ebtarit&quot;","block_context":{"text":"Blogu i Udh\u00ebtarit","link":"https:\/\/www.shqiperia.com\/blog\/category\/blogu-i-udhetarit\/"},"img":{"alt_text":"","src":"https:\/\/i0.wp.com\/www.shqiperia.com\/blog\/wp-content\/uploads\/2026\/08\/Untitled-design-34-800x450-1.webp?fit=800%2C450&ssl=1&resize=350%2C200","width":350,"height":200,"srcset":"https:\/\/i0.wp.com\/www.shqiperia.com\/blog\/wp-content\/uploads\/2026\/08\/Untitled-design-34-800x450-1.webp?fit=800%2C450&ssl=1&resize=350%2C200 1x, https:\/\/i0.wp.com\/www.shqiperia.com\/blog\/wp-content\/uploads\/2026\/08\/Untitled-design-34-800x450-1.webp?fit=800%2C450&ssl=1&resize=525%2C300 1.5x, https:\/\/i0.wp.com\/www.shqiperia.com\/blog\/wp-content\/uploads\/2026\/08\/Untitled-design-34-800x450-1.webp?fit=800%2C450&ssl=1&resize=700%2C400 2x"},"classes":[]}],"_links":{"self":[{"href":"https:\/\/www.shqiperia.com\/blog\/wp-json\/wp\/v2\/posts\/105760","targetHints":{"allow":["GET"]}}],"collection":[{"href":"https:\/\/www.shqiperia.com\/blog\/wp-json\/wp\/v2\/posts"}],"about":[{"href":"https:\/\/www.shqiperia.com\/blog\/wp-json\/wp\/v2\/types\/post"}],"author":[{"embeddable":true,"href":"https:\/\/www.shqiperia.com\/blog\/wp-json\/wp\/v2\/users\/9"}],"replies":[{"embeddable":true,"href":"https:\/\/www.shqiperia.com\/blog\/wp-json\/wp\/v2\/comments?post=105760"}],"version-history":[{"count":1,"href":"https:\/\/www.shqiperia.com\/blog\/wp-json\/wp\/v2\/posts\/105760\/revisions"}],"predecessor-version":[{"id":105762,"href":"https:\/\/www.shqiperia.com\/blog\/wp-json\/wp\/v2\/posts\/105760\/revisions\/105762"}],"wp:featuredmedia":[{"embeddable":true,"href":"https:\/\/www.shqiperia.com\/blog\/wp-json\/wp\/v2\/media\/105761"}],"wp:attachment":[{"href":"https:\/\/www.shqiperia.com\/blog\/wp-json\/wp\/v2\/media?parent=105760"}],"wp:term":[{"taxonomy":"category","embeddable":true,"href":"https:\/\/www.shqiperia.com\/blog\/wp-json\/wp\/v2\/categories?post=105760"},{"taxonomy":"post_tag","embeddable":true,"href":"https:\/\/www.shqiperia.com\/blog\/wp-json\/wp\/v2\/tags?post=105760"}],"curies":[{"name":"wp","href":"https:\/\/api.w.org\/{rel}","templated":true}]}}