{"id":105755,"date":"2026-09-01T22:27:57","date_gmt":"2026-09-01T22:27:57","guid":{"rendered":"https:\/\/www.shqiperia.com\/blog\/?p=105755"},"modified":"2026-09-01T22:30:00","modified_gmt":"2026-09-01T22:30:00","slug":"agron-shehaj-shkon-ne-komisariat-takon-protestuesit-e-arrestuar-jane-vajza-e-djem-te-rinj-paqesore-i-kane-dhunuar","status":"publish","type":"post","link":"https:\/\/www.shqiperia.com\/blog\/agron-shehaj-shkon-ne-komisariat-takon-protestuesit-e-arrestuar-jane-vajza-e-djem-te-rinj-paqesore-i-kane-dhunuar\/","title":{"rendered":"Agron Shehaj shkon n\u00eb Komisariat, takon protestuesit e arrestuar: &#8211; Jan\u00eb vajza e djem t\u00eb rinj, paq\u00ebsor\u00eb! I kan\u00eb dhunuar"},"content":{"rendered":"<div id=\"attachment_105757\" style=\"width: 573px\" class=\"wp-caption alignnone\"><img data-recalc-dims=\"1\" loading=\"lazy\" decoding=\"async\" aria-describedby=\"caption-attachment-105757\" data-attachment-id=\"105757\" data-permalink=\"https:\/\/www.shqiperia.com\/blog\/agron-shehaj-shkon-ne-komisariat-takon-protestuesit-e-arrestuar-jane-vajza-e-djem-te-rinj-paqesore-i-kane-dhunuar\/agron-shehaj-12\/\" data-orig-file=\"https:\/\/i0.wp.com\/www.shqiperia.com\/blog\/wp-content\/uploads\/2026\/09\/Agron-Shehaj.png?fit=696%2C409&amp;ssl=1\" data-orig-size=\"696,409\" data-comments-opened=\"1\" data-image-meta=\"{&quot;aperture&quot;:&quot;0&quot;,&quot;credit&quot;:&quot;&quot;,&quot;camera&quot;:&quot;&quot;,&quot;caption&quot;:&quot;&quot;,&quot;created_timestamp&quot;:&quot;0&quot;,&quot;copyright&quot;:&quot;&quot;,&quot;focal_length&quot;:&quot;0&quot;,&quot;iso&quot;:&quot;0&quot;,&quot;shutter_speed&quot;:&quot;0&quot;,&quot;title&quot;:&quot;&quot;,&quot;orientation&quot;:&quot;0&quot;}\" data-image-title=\"Agron Shehaj\" data-image-description=\"\" data-image-caption=\"&lt;p&gt;Agron Shehaj&lt;\/p&gt;\n\" data-medium-file=\"https:\/\/i0.wp.com\/www.shqiperia.com\/blog\/wp-content\/uploads\/2026\/09\/Agron-Shehaj.png?fit=300%2C176&amp;ssl=1\" data-large-file=\"https:\/\/i0.wp.com\/www.shqiperia.com\/blog\/wp-content\/uploads\/2026\/09\/Agron-Shehaj.png?fit=696%2C409&amp;ssl=1\" class=\" wp-image-105757\" alt=\"\" src=\"https:\/\/i0.wp.com\/www.shqiperia.com\/blog\/wp-content\/uploads\/2026\/09\/Agron-Shehaj.png?resize=563%2C330&#038;ssl=1\" width=\"563\" height=\"330\" srcset=\"https:\/\/i0.wp.com\/www.shqiperia.com\/blog\/wp-content\/uploads\/2026\/09\/Agron-Shehaj.png?resize=300%2C176&amp;ssl=1 300w, https:\/\/i0.wp.com\/www.shqiperia.com\/blog\/wp-content\/uploads\/2026\/09\/Agron-Shehaj.png?resize=450%2C264&amp;ssl=1 450w, https:\/\/i0.wp.com\/www.shqiperia.com\/blog\/wp-content\/uploads\/2026\/09\/Agron-Shehaj.png?resize=600%2C353&amp;ssl=1 600w, https:\/\/i0.wp.com\/www.shqiperia.com\/blog\/wp-content\/uploads\/2026\/09\/Agron-Shehaj.png?resize=400%2C235&amp;ssl=1 400w, https:\/\/i0.wp.com\/www.shqiperia.com\/blog\/wp-content\/uploads\/2026\/09\/Agron-Shehaj.png?w=696&amp;ssl=1 696w\" sizes=\"auto, (max-width: 563px) 100vw, 563px\" \/><p id=\"caption-attachment-105757\" class=\"wp-caption-text\">Agron Shehaj<\/p><\/div>\n<p>1 Shtator 2026<\/p>\n<p>Kreu i Partis\u00eb Mund\u00ebsia, Agron Shehaj, shkoi n\u00eb Komisariatin nr.1, ku pati mund\u00ebsin\u00eb t\u00eb takoj\u00eb protestuesit e arrestuar sot.<\/p>\n<p>\u201cPata mund\u00ebsin\u00eb t\u00eb takoj 6 prej tyre k\u00ebtu n\u00eb komisariat. Disa jan\u00eb dhunuar fizikisht. Kan\u00eb shenjat e dhun\u00ebs n\u00eb trup. Jan\u00eb t\u00eb rinj dhe t\u00eb reja q\u00eb jan\u00eb ndaluar thjesht sepse protestonin kund\u00ebr qeveris\u00eb s\u00eb korruptuar, kund\u00ebr Edi Ram\u00ebs, sepse duan politikan\u00ebt e korruptuar para drejt\u00ebsis\u00eb\u201d, deklaroi Shehaj.<\/p>\n<p>Sipas tij, 11 protestuesit jan\u00eb djem dhe vajza t\u00eb rinj, t\u00ebr\u00ebsisht paq\u00ebsor\u00eb.<\/p>\n<p>\u201cU kan\u00eb marr\u00eb telefonat, u kan\u00eb fshir\u00eb materiale dhe jan\u00eb ndaluar pa iu dh\u00ebn\u00eb nj\u00eb arsye t\u00eb qart\u00eb. Madje, as vet\u00eb policia nuk dinte t\u2019u shpjegonte pse ishin ndaluar\u201d, tha Shehaj.<\/p>\n<p>Shehaj k\u00ebrkoi lirimin e menj\u00ebhersh\u00ebm t\u00eb tyre.<\/p>\n<p>\u201cJan\u00eb thjesht t\u00eb rinj e t\u00eb reja q\u00eb protestojn\u00eb sepse duan fundin e t\u00eb korruptuarve dhe nj\u00eb Shqip\u00ebri t\u00eb drejt\u00eb, normale dhe t\u00eb jetueshme. Protesta nuk ndalet me arrestime. Protesta vazhdon pavar\u00ebsisht dhun\u00ebs s\u00eb policis\u00eb\u201d, u shpreh Shehaj.<\/p>\n","protected":false},"excerpt":{"rendered":"<p>1 Shtator 2026 Kreu i Partis\u00eb Mund\u00ebsia, Agron Shehaj, shkoi n\u00eb Komisariatin nr.1, ku pati mund\u00ebsin\u00eb t\u00eb takoj\u00eb protestuesit e arrestuar sot. \u201cPata mund\u00ebsin\u00eb t\u00eb takoj 6 prej tyre k\u00ebtu n\u00eb komisariat. Disa jan\u00eb dhunuar fizikisht. Kan\u00eb shenjat e dhun\u00ebs n\u00eb trup. Jan\u00eb t\u00eb rinj dhe t\u00eb reja q\u00eb jan\u00eb ndaluar thjesht sepse protestonin kund\u00ebr [&hellip;]<\/p>\n","protected":false},"author":9,"featured_media":105757,"comment_status":"open","ping_status":"open","sticky":false,"template":"","format":"standard","meta":{"jetpack_post_was_ever_published":false,"_jetpack_newsletter_access":"","_jetpack_dont_email_post_to_subs":false,"_jetpack_newsletter_tier_id":0,"_jetpack_memberships_contains_paywalled_content":false,"_jetpack_memberships_contains_paid_content":false,"footnotes":"","jetpack_publicize_message":"","jetpack_publicize_feature_enabled":true,"jetpack_social_post_already_shared":true,"jetpack_social_options":{"image_generator_settings":{"template":"highway","default_image_id":0,"font":"","enabled":false},"version":2}},"categories":[27,1,2,35],"tags":[],"class_list":["post-105755","post","type-post","status-publish","format-standard","has-post-thumbnail","hentry","category-blogu-i-udhetarit","category-njoftime-shtypi","category-politika","category-shoqerore"],"jetpack_publicize_connections":[],"jetpack_featured_media_url":"https:\/\/i0.wp.com\/www.shqiperia.com\/blog\/wp-content\/uploads\/2026\/09\/Agron-Shehaj.png?fit=696%2C409&ssl=1","jetpack_sharing_enabled":true,"jetpack_shortlink":"https:\/\/wp.me\/p5Z6wp-rvJ","jetpack-related-posts":[{"id":105288,"url":"https:\/\/www.shqiperia.com\/blog\/arrestimi-i-agasit-reagon-shehaj-radha-e-rames-e-kishte-krah-te-djathte-e-mbrojti-nderkombetarisht\/","url_meta":{"origin":105755,"position":0},"title":"Arrestimi i Agasit, reagon Shehaj: Radha e Ram\u00ebs, e kishte krah t\u00eb djatht\u00eb, e mbrojti nd\u00ebrkomb\u00ebtarisht","author":"Kurt Farka","date":"August 27, 2026","format":false,"excerpt":"27 Gusht 2026 Kryetari i Partis\u00eb Mund\u00ebsia Agron Shehaj ka reaguar lidhur me arrestimin e Ergys Agasit, i shpallur n\u00eb k\u00ebrkim nga SPAK n\u00eb kuad\u00ebr t\u00eb dosjes s\u00eb AKSHI-t. N\u00eb nj\u00eb video n\u00eb rrjetet sociale Shehaj thekson se Agasi ishte krahu i djatht\u00eb i kryeministrit dhe se tani radha \u00ebsht\u00eb\u2026","rel":"","context":"In &quot;Blogu i Udh\u00ebtarit&quot;","block_context":{"text":"Blogu i Udh\u00ebtarit","link":"https:\/\/www.shqiperia.com\/blog\/category\/blogu-i-udhetarit\/"},"img":{"alt_text":"","src":"https:\/\/i0.wp.com\/www.shqiperia.com\/blog\/wp-content\/uploads\/2026\/08\/shehaj-3.jpg?fit=621%2C323&ssl=1&resize=350%2C200","width":350,"height":200,"srcset":"https:\/\/i0.wp.com\/www.shqiperia.com\/blog\/wp-content\/uploads\/2026\/08\/shehaj-3.jpg?fit=621%2C323&ssl=1&resize=350%2C200 1x, https:\/\/i0.wp.com\/www.shqiperia.com\/blog\/wp-content\/uploads\/2026\/08\/shehaj-3.jpg?fit=621%2C323&ssl=1&resize=525%2C300 1.5x"},"classes":[]},{"id":100560,"url":"https:\/\/www.shqiperia.com\/blog\/korrupsionit-ne-nivele-te-larta-qeverisese-shehaj-paralajmeron-spak-nuk-ben-show-rama-do-te-perfundoje-ne-qeli\/","url_meta":{"origin":105755,"position":1},"title":"\u201cKorrupsionit n\u00eb nivele t\u00eb larta qeveris\u00ebse\u201d, Shehaj paralajm\u00ebron: &#8211; SPAK nuk b\u00ebn show, Rama do t\u00eb p\u00ebrfundoj\u00eb n\u00eb qeli..","author":"Kurt Farka","date":"May 22, 2026","format":false,"excerpt":"22 Maji 2026 Kreu i Partis\u00eb Mund\u00ebsia, Agron Shehaj ka komentuar situat\u00ebn politike n\u00eb vend dhe zhvillimet e fundit me fjalimin e kandidatit t\u00eb SHBA si ambasador n\u00eb Tiran\u00eb dhe raportin IBAR t\u00eb BE. N\u00eb nj\u00eb emision televiziv, ai u shpreh se SHBA dhe BE jan\u00eb n\u00eb nj\u00eb linj\u00eb sa\u2026","rel":"","context":"In &quot;Blogu i Udh\u00ebtarit&quot;","block_context":{"text":"Blogu i Udh\u00ebtarit","link":"https:\/\/www.shqiperia.com\/blog\/category\/blogu-i-udhetarit\/"},"img":{"alt_text":"","src":"https:\/\/i0.wp.com\/www.shqiperia.com\/blog\/wp-content\/uploads\/2026\/05\/640-0-agron-shehaj-edi-rama-300.jpg?fit=640%2C416&ssl=1&resize=350%2C200","width":350,"height":200,"srcset":"https:\/\/i0.wp.com\/www.shqiperia.com\/blog\/wp-content\/uploads\/2026\/05\/640-0-agron-shehaj-edi-rama-300.jpg?fit=640%2C416&ssl=1&resize=350%2C200 1x, https:\/\/i0.wp.com\/www.shqiperia.com\/blog\/wp-content\/uploads\/2026\/05\/640-0-agron-shehaj-edi-rama-300.jpg?fit=640%2C416&ssl=1&resize=525%2C300 1.5x"},"classes":[]},{"id":103334,"url":"https:\/\/www.shqiperia.com\/blog\/arben-malaj-rama-po-nxit-urrejtjen-politike-midis-shqiptareve\/","url_meta":{"origin":105755,"position":2},"title":"Arben Malaj &#8211; Rama po nxit urrejtjen politike midis shqiptar\u00ebve","author":"Kurt Farka","date":"July 28, 2026","format":false,"excerpt":"28 Korrik 2026 Ish-ministri i Financave, Arben Malaj ka reaguar n\u00eb lidhje me situat\u00ebn politike n\u00eb Shqip\u00ebri, duke akuzuar kryeministrin Edi Rama se po p\u00ebrdor nj\u00eb gjuh\u00eb q\u00eb thellon ndarjen dhe konfliktin politik n\u00eb shoq\u00ebri. Me an\u00eb t\u00eb nj\u00eb postimi n\u00eb Facebook, Malaj kritikon deklaratat e Ram\u00ebs ndaj deputetit Agron\u2026","rel":"","context":"In &quot;Blogu i Udh\u00ebtarit&quot;","block_context":{"text":"Blogu i Udh\u00ebtarit","link":"https:\/\/www.shqiperia.com\/blog\/category\/blogu-i-udhetarit\/"},"img":{"alt_text":"","src":"https:\/\/i0.wp.com\/www.shqiperia.com\/blog\/wp-content\/uploads\/2026\/07\/900-0-1737317495xmalaj-rama-411.jpg?fit=900%2C500&ssl=1&resize=350%2C200","width":350,"height":200,"srcset":"https:\/\/i0.wp.com\/www.shqiperia.com\/blog\/wp-content\/uploads\/2026\/07\/900-0-1737317495xmalaj-rama-411.jpg?fit=900%2C500&ssl=1&resize=350%2C200 1x, https:\/\/i0.wp.com\/www.shqiperia.com\/blog\/wp-content\/uploads\/2026\/07\/900-0-1737317495xmalaj-rama-411.jpg?fit=900%2C500&ssl=1&resize=525%2C300 1.5x, https:\/\/i0.wp.com\/www.shqiperia.com\/blog\/wp-content\/uploads\/2026\/07\/900-0-1737317495xmalaj-rama-411.jpg?fit=900%2C500&ssl=1&resize=700%2C400 2x"},"classes":[]},{"id":105219,"url":"https:\/\/www.shqiperia.com\/blog\/nga-dietat-te-shpenzimet-per-karburantin-mbi-700-mije-euro-per-deputetet-ne-korrik-u-rimbursuan-per-qirate-edhe-ata-qe-deklaruan-miliona-euro\/","url_meta":{"origin":105755,"position":3},"title":"Nga dietat te shpenzimet p\u00ebr karburantin\/ Mbi 700 mij\u00eb euro p\u00ebr deputet\u00ebt n\u00eb korrik, u rimbursuan p\u00ebr qirat\u00eb edhe ata q\u00eb deklaruan miliona euro","author":"Kurt Farka","date":"August 26, 2026","format":false,"excerpt":"26 Gusht 2026 Kostoja p\u00ebr deputet\u00ebt e Kuvendit gjat\u00eb muajit korrik rezulton t\u00eb jet\u00eb mbi 707 mij\u00eb euro ose rreth 65 milion\u00eb lek\u00eb. P\u00ebrve\u00e7 pag\u00ebs bruto q\u00eb shkon p\u00ebr t\u00eb gjith\u00eb ligjv\u00ebn\u00ebsit m\u00eb shum\u00eb se 42 milion\u00eb lek\u00eb \u00e7do muaj, e p\u00ebr secilin mesatarisht 300 000, deputet\u00ebt kan\u00eb p\u00ebrfituar edhe\u2026","rel":"","context":"In &quot;Blogu i Udh\u00ebtarit&quot;","block_context":{"text":"Blogu i Udh\u00ebtarit","link":"https:\/\/www.shqiperia.com\/blog\/category\/blogu-i-udhetarit\/"},"img":{"alt_text":"","src":"https:\/\/i0.wp.com\/www.shqiperia.com\/blog\/wp-content\/uploads\/2026\/08\/vlcsnap-2026-08-25-19h33m59s780_sd-800x450-1.webp?fit=800%2C450&ssl=1&resize=350%2C200","width":350,"height":200,"srcset":"https:\/\/i0.wp.com\/www.shqiperia.com\/blog\/wp-content\/uploads\/2026\/08\/vlcsnap-2026-08-25-19h33m59s780_sd-800x450-1.webp?fit=800%2C450&ssl=1&resize=350%2C200 1x, https:\/\/i0.wp.com\/www.shqiperia.com\/blog\/wp-content\/uploads\/2026\/08\/vlcsnap-2026-08-25-19h33m59s780_sd-800x450-1.webp?fit=800%2C450&ssl=1&resize=525%2C300 1.5x, https:\/\/i0.wp.com\/www.shqiperia.com\/blog\/wp-content\/uploads\/2026\/08\/vlcsnap-2026-08-25-19h33m59s780_sd-800x450-1.webp?fit=800%2C450&ssl=1&resize=700%2C400 2x"},"classes":[]},{"id":101636,"url":"https:\/\/www.shqiperia.com\/blog\/njerezit-te-duan-ne-burg-zbardhet-sherri-i-ashper-mes-shehajt-dhe-rames-ne-kuvend-je-hajdut-svodhi-vetem\/","url_meta":{"origin":105755,"position":4},"title":"\u201cNjer\u00ebzit t\u00eb duan n\u00eb burg!\u201d\/ Zbardhet sherri i ashp\u00ebr mes Shehajt dhe Ram\u00ebs n\u00eb Kuvend: &#8211; Je hajdut, s\u2019vodhi vet\u00ebm\u2026","author":"Kurt Farka","date":"June 19, 2026","format":false,"excerpt":"Zbardhet debati i ashp\u00ebr mes kreut t\u00eb Mund\u00ebsis\u00eb, Agron Shehaj dhe kryeministrit Edi Rama, sot n\u00eb Kuvend, teksa deputeti i k\u00ebrkoi dor\u00ebheqjen. Shehaj pohoi se Ram\u00ebs i doli boja keq dhe se fundi i tij do t\u00eb ishte n\u00eb burg. Ai tha se nuk kishte vjedhur vet\u00ebm Belinda Balluku, por\u2026","rel":"","context":"In &quot;Blogu i Udh\u00ebtarit&quot;","block_context":{"text":"Blogu i Udh\u00ebtarit","link":"https:\/\/www.shqiperia.com\/blog\/category\/blogu-i-udhetarit\/"},"img":{"alt_text":"","src":"https:\/\/i0.wp.com\/www.shqiperia.com\/blog\/wp-content\/uploads\/2026\/06\/IMG_1893.jpeg?fit=408%2C253&ssl=1&resize=350%2C200","width":350,"height":200},"classes":[]},{"id":102255,"url":"https:\/\/www.shqiperia.com\/blog\/gjykata-liron-19-protestuesit-e-arrestuar-vetem-2-prej-tyre-ne-arrest-shtepie-e-arrestuar-vetem-2-prej-tyre-ne-arrest-shtepie\/","url_meta":{"origin":105755,"position":5},"title":"Gjykata liron 19 protestuesit e arrestuar, vet\u00ebm 2 prej tyre n\u00eb arrest sht\u00ebpie\/ e arrestuar, vet\u00ebm 2 prej tyre n\u00eb arrest sht\u00ebpie","author":"Kurt Farka","date":"July 5, 2026","format":false,"excerpt":"5 Korrik 2026 Gjykata e Tiran\u00ebs liron t\u00eb 19 protestuesit e arrestuar m\u00eb 2 korrik para Parlamentit, edhe pse i cil\u00ebsoi ndalimet t\u00eb ligjshme, pavar\u00ebsisht pretendimeve t\u00eb avokat\u00ebve. Vet\u00ebm dy prej tyre do q\u00ebndrojn\u00eb n\u00eb arrest sht\u00ebpie dhe t\u00eb tjer\u00ebt n\u00eb detyrim paraqitjeje. Prokuroria ngriti 5 akuza ndaj tyre, kryesisht\u2026","rel":"","context":"In &quot;Blogu i Udh\u00ebtarit&quot;","block_context":{"text":"Blogu i Udh\u00ebtarit","link":"https:\/\/www.shqiperia.com\/blog\/category\/blogu-i-udhetarit\/"},"img":{"alt_text":"","src":"https:\/\/i0.wp.com\/www.shqiperia.com\/blog\/wp-content\/uploads\/2026\/07\/Screenshot-2026-07-05-151350.jpg?fit=555%2C286&ssl=1&resize=350%2C200","width":350,"height":200,"srcset":"https:\/\/i0.wp.com\/www.shqiperia.com\/blog\/wp-content\/uploads\/2026\/07\/Screenshot-2026-07-05-151350.jpg?fit=555%2C286&ssl=1&resize=350%2C200 1x, https:\/\/i0.wp.com\/www.shqiperia.com\/blog\/wp-content\/uploads\/2026\/07\/Screenshot-2026-07-05-151350.jpg?fit=555%2C286&ssl=1&resize=525%2C300 1.5x"},"classes":[]}],"_links":{"self":[{"href":"https:\/\/www.shqiperia.com\/blog\/wp-json\/wp\/v2\/posts\/105755","targetHints":{"allow":["GET"]}}],"collection":[{"href":"https:\/\/www.shqiperia.com\/blog\/wp-json\/wp\/v2\/posts"}],"about":[{"href":"https:\/\/www.shqiperia.com\/blog\/wp-json\/wp\/v2\/types\/post"}],"author":[{"embeddable":true,"href":"https:\/\/www.shqiperia.com\/blog\/wp-json\/wp\/v2\/users\/9"}],"replies":[{"embeddable":true,"href":"https:\/\/www.shqiperia.com\/blog\/wp-json\/wp\/v2\/comments?post=105755"}],"version-history":[{"count":3,"href":"https:\/\/www.shqiperia.com\/blog\/wp-json\/wp\/v2\/posts\/105755\/revisions"}],"predecessor-version":[{"id":105759,"href":"https:\/\/www.shqiperia.com\/blog\/wp-json\/wp\/v2\/posts\/105755\/revisions\/105759"}],"wp:featuredmedia":[{"embeddable":true,"href":"https:\/\/www.shqiperia.com\/blog\/wp-json\/wp\/v2\/media\/105757"}],"wp:attachment":[{"href":"https:\/\/www.shqiperia.com\/blog\/wp-json\/wp\/v2\/media?parent=105755"}],"wp:term":[{"taxonomy":"category","embeddable":true,"href":"https:\/\/www.shqiperia.com\/blog\/wp-json\/wp\/v2\/categories?post=105755"},{"taxonomy":"post_tag","embeddable":true,"href":"https:\/\/www.shqiperia.com\/blog\/wp-json\/wp\/v2\/tags?post=105755"}],"curies":[{"name":"wp","href":"https:\/\/api.w.org\/{rel}","templated":true}]}}