{"id":105752,"date":"2026-09-01T22:24:43","date_gmt":"2026-09-01T22:24:43","guid":{"rendered":"https:\/\/www.shqiperia.com\/blog\/?p=105752"},"modified":"2026-09-01T22:24:43","modified_gmt":"2026-09-01T22:24:43","slug":"lironi-shqipet-protestuesit-para-komisariateve-ne-mbeshtetje-te-te-shoqeruarve-nga-policia-revolte-kunder-te-gjithe-klases-politike-ju-erdhi-fundi","status":"publish","type":"post","link":"https:\/\/www.shqiperia.com\/blog\/lironi-shqipet-protestuesit-para-komisariateve-ne-mbeshtetje-te-te-shoqeruarve-nga-policia-revolte-kunder-te-gjithe-klases-politike-ju-erdhi-fundi\/","title":{"rendered":"\u201cLironi shqipet\u201d\/ Protestuesit para Komisariateve n\u00eb mb\u00ebshtetje t\u00eb t\u00eb shoq\u00ebruarve nga policia! Revolt\u00eb kund\u00ebr t\u00eb gjith\u00eb klas\u00ebs politike: &#8211; Ju erdhi fundi!"},"content":{"rendered":"<p><img data-recalc-dims=\"1\" loading=\"lazy\" decoding=\"async\" data-attachment-id=\"105753\" data-permalink=\"https:\/\/www.shqiperia.com\/blog\/lironi-shqipet-protestuesit-para-komisariateve-ne-mbeshtetje-te-te-shoqeruarve-nga-policia-revolte-kunder-te-gjithe-klases-politike-ju-erdhi-fundi\/arrestoni-ramennn\/\" data-orig-file=\"https:\/\/i0.wp.com\/www.shqiperia.com\/blog\/wp-content\/uploads\/2026\/09\/arrestoni-ramennn.jpg?fit=1230%2C595&amp;ssl=1\" data-orig-size=\"1230,595\" data-comments-opened=\"1\" data-image-meta=\"{&quot;aperture&quot;:&quot;0&quot;,&quot;credit&quot;:&quot;Redaksia&quot;,&quot;camera&quot;:&quot;&quot;,&quot;caption&quot;:&quot;&quot;,&quot;created_timestamp&quot;:&quot;1788302892&quot;,&quot;copyright&quot;:&quot;&quot;,&quot;focal_length&quot;:&quot;0&quot;,&quot;iso&quot;:&quot;0&quot;,&quot;shutter_speed&quot;:&quot;0&quot;,&quot;title&quot;:&quot;&quot;,&quot;orientation&quot;:&quot;0&quot;}\" data-image-title=\"arrestoni-ramennn\" data-image-description=\"\" data-image-caption=\"\" data-medium-file=\"https:\/\/i0.wp.com\/www.shqiperia.com\/blog\/wp-content\/uploads\/2026\/09\/arrestoni-ramennn.jpg?fit=300%2C145&amp;ssl=1\" data-large-file=\"https:\/\/i0.wp.com\/www.shqiperia.com\/blog\/wp-content\/uploads\/2026\/09\/arrestoni-ramennn.jpg?fit=1024%2C495&amp;ssl=1\" class=\"alignnone  wp-image-105753\" alt=\"\" src=\"https:\/\/i0.wp.com\/www.shqiperia.com\/blog\/wp-content\/uploads\/2026\/09\/arrestoni-ramennn.jpg?resize=691%2C334&#038;ssl=1\" width=\"691\" height=\"334\" srcset=\"https:\/\/i0.wp.com\/www.shqiperia.com\/blog\/wp-content\/uploads\/2026\/09\/arrestoni-ramennn.jpg?resize=300%2C145&amp;ssl=1 300w, https:\/\/i0.wp.com\/www.shqiperia.com\/blog\/wp-content\/uploads\/2026\/09\/arrestoni-ramennn.jpg?resize=1024%2C495&amp;ssl=1 1024w, https:\/\/i0.wp.com\/www.shqiperia.com\/blog\/wp-content\/uploads\/2026\/09\/arrestoni-ramennn.jpg?resize=768%2C372&amp;ssl=1 768w, https:\/\/i0.wp.com\/www.shqiperia.com\/blog\/wp-content\/uploads\/2026\/09\/arrestoni-ramennn.jpg?resize=450%2C218&amp;ssl=1 450w, https:\/\/i0.wp.com\/www.shqiperia.com\/blog\/wp-content\/uploads\/2026\/09\/arrestoni-ramennn.jpg?resize=600%2C290&amp;ssl=1 600w, https:\/\/i0.wp.com\/www.shqiperia.com\/blog\/wp-content\/uploads\/2026\/09\/arrestoni-ramennn.jpg?resize=400%2C193&amp;ssl=1 400w, https:\/\/i0.wp.com\/www.shqiperia.com\/blog\/wp-content\/uploads\/2026\/09\/arrestoni-ramennn.jpg?w=1230&amp;ssl=1 1230w\" sizes=\"auto, (max-width: 691px) 100vw, 691px\" \/><\/p>\n<p>1 Shtator 2026<\/p>\n<p>Protestuesit vijojn\u00eb q\u00ebndres\u00ebn e tyre p\u00ebrpara ambienteve t\u00eb Komisariateve ku mbahet t\u00eb shoq\u00ebruar protestuesit e ndalur nga policia.<\/p>\n<p>Qytetar\u00ebt k\u00ebrkojn\u00eb lirimin e personave t\u00eb ndaluar. Rreth 11 protestues u shoq\u00ebruan nga policia.<\/p>\n<p>Me thirrjet \u201carrestoni Ram\u00ebn\u201d, arrestoni Ballukun, lironi \u00e7unat, lironi gocat.<\/p>\n<p>Revolta vijon prej 94 dit\u00ebsh kund\u00ebr kryeministrit Edi Rama dhe qeveris\u00eb. Shqiptar\u00ebt k\u00ebrkojn\u00eb dor\u00ebheqjen e panegociueshme t\u00eb kryeministrit Edi Rama.<\/p>\n","protected":false},"excerpt":{"rendered":"<p>1 Shtator 2026 Protestuesit vijojn\u00eb q\u00ebndres\u00ebn e tyre p\u00ebrpara ambienteve t\u00eb Komisariateve ku mbahet t\u00eb shoq\u00ebruar protestuesit e ndalur nga policia. Qytetar\u00ebt k\u00ebrkojn\u00eb lirimin e personave t\u00eb ndaluar. Rreth 11 protestues u shoq\u00ebruan nga policia. Me thirrjet \u201carrestoni Ram\u00ebn\u201d, arrestoni Ballukun, lironi \u00e7unat, lironi gocat. Revolta vijon prej 94 dit\u00ebsh kund\u00ebr kryeministrit Edi Rama dhe [&hellip;]<\/p>\n","protected":false},"author":9,"featured_media":105753,"comment_status":"open","ping_status":"open","sticky":false,"template":"","format":"standard","meta":{"jetpack_post_was_ever_published":false,"_jetpack_newsletter_access":"","_jetpack_dont_email_post_to_subs":false,"_jetpack_newsletter_tier_id":0,"_jetpack_memberships_contains_paywalled_content":false,"_jetpack_memberships_contains_paid_content":false,"footnotes":"","jetpack_publicize_message":"","jetpack_publicize_feature_enabled":true,"jetpack_social_post_already_shared":true,"jetpack_social_options":{"image_generator_settings":{"template":"highway","default_image_id":0,"font":"","enabled":false},"version":2}},"categories":[27,1,2,35],"tags":[],"class_list":["post-105752","post","type-post","status-publish","format-standard","has-post-thumbnail","hentry","category-blogu-i-udhetarit","category-njoftime-shtypi","category-politika","category-shoqerore"],"jetpack_publicize_connections":[],"jetpack_featured_media_url":"https:\/\/i0.wp.com\/www.shqiperia.com\/blog\/wp-content\/uploads\/2026\/09\/arrestoni-ramennn.jpg?fit=1230%2C595&ssl=1","jetpack_sharing_enabled":true,"jetpack_shortlink":"https:\/\/wp.me\/p5Z6wp-rvG","jetpack-related-posts":[{"id":103176,"url":"https:\/\/www.shqiperia.com\/blog\/qendrese-revolte-55-dite-jehon-thirrja-arrestoni-ramen\/","url_meta":{"origin":105752,"position":0},"title":"Q\u00ebndres\u00eb, revolt\u00eb 55 dit\u00eb\/ Jehon thirrja: &#8211; Arrestoni Ram\u00ebn","author":"Kurt Farka","date":"July 24, 2026","format":false,"excerpt":"24 Korrik 2026 Nj\u00eb pjes\u00ebmarrje masive n\u00eb dit\u00ebn e 55 t\u00eb protest\u00eb kund\u00ebr kryeministrit Edi Rama. Shqiptar\u00ebt kan\u00eb dh\u00ebn\u00eb mesazh t\u00eb qart\u00eb se nuk heqin dor\u00eb nga rezistenca d\u00ebri n\u00eb largimin e kryeministrit. Pas fjalimeve para Kryeministris\u00eb, protestuesit po vijojn\u00eb marshimet n\u00eb rrug\u00ebt e Tiran\u00ebs ku jehojn\u00eb thirrjet \u201cArrestoni Ram\u00ebn\u201d.\u2026","rel":"","context":"In &quot;Blogu i Udh\u00ebtarit&quot;","block_context":{"text":"Blogu i Udh\u00ebtarit","link":"https:\/\/www.shqiperia.com\/blog\/category\/blogu-i-udhetarit\/"},"img":{"alt_text":"","src":"https:\/\/i0.wp.com\/www.shqiperia.com\/blog\/wp-content\/uploads\/2026\/07\/buelvardiiii-1.jpg?fit=1200%2C542&ssl=1&resize=350%2C200","width":350,"height":200,"srcset":"https:\/\/i0.wp.com\/www.shqiperia.com\/blog\/wp-content\/uploads\/2026\/07\/buelvardiiii-1.jpg?fit=1200%2C542&ssl=1&resize=350%2C200 1x, https:\/\/i0.wp.com\/www.shqiperia.com\/blog\/wp-content\/uploads\/2026\/07\/buelvardiiii-1.jpg?fit=1200%2C542&ssl=1&resize=525%2C300 1.5x, https:\/\/i0.wp.com\/www.shqiperia.com\/blog\/wp-content\/uploads\/2026\/07\/buelvardiiii-1.jpg?fit=1200%2C542&ssl=1&resize=700%2C400 2x, https:\/\/i0.wp.com\/www.shqiperia.com\/blog\/wp-content\/uploads\/2026\/07\/buelvardiiii-1.jpg?fit=1200%2C542&ssl=1&resize=1050%2C600 3x"},"classes":[]},{"id":103700,"url":"https:\/\/www.shqiperia.com\/blog\/fishekzjarre-ne-qiellin-e-tiranes-gjate-marshimit-kunder-rames-protestuesit-njezeri-jepe-doreheqjen\/","url_meta":{"origin":105752,"position":1},"title":"Fishekzjarre n\u00eb qiellin e Tiran\u00ebs gjat\u00eb marshimit kund\u00ebr Ram\u00ebs, protestuesit nj\u00ebz\u00ebri: Jepe dor\u00ebheqjen","author":"Kurt Farka","date":"August 3, 2026","format":false,"excerpt":"3 Gusht 2026 Nj\u00eb moment i ve\u00e7ant\u00eb \u00ebsht\u00eb regjistruar gjat\u00eb marshimit t\u00eb protest\u00ebs s\u00eb 65-t\u00eb kund\u00ebr qeveris\u00eb dhe kryeministrit Edi Rama n\u00eb rrug\u00ebt e Tiran\u00ebs. Teksa qytetar\u00ebt po marshonin n\u00eb Bulevardin \u201cZogu I\u201d, pak metra m\u00eb tej qielli \u00ebsht\u00eb ndri\u00e7uar p\u00ebr disa sekonda nga nj\u00eb spektak\u00ebl fishekzjarr\u00ebsh. Edhe gjat\u00eb k\u00ebtij\u2026","rel":"","context":"In &quot;Blogu i Udh\u00ebtarit&quot;","block_context":{"text":"Blogu i Udh\u00ebtarit","link":"https:\/\/www.shqiperia.com\/blog\/category\/blogu-i-udhetarit\/"},"img":{"alt_text":"","src":"https:\/\/i0.wp.com\/www.shqiperia.com\/blog\/wp-content\/uploads\/2026\/08\/protesta-fishekzjarre-4.jpg?fit=1020%2C497&ssl=1&resize=350%2C200","width":350,"height":200,"srcset":"https:\/\/i0.wp.com\/www.shqiperia.com\/blog\/wp-content\/uploads\/2026\/08\/protesta-fishekzjarre-4.jpg?fit=1020%2C497&ssl=1&resize=350%2C200 1x, https:\/\/i0.wp.com\/www.shqiperia.com\/blog\/wp-content\/uploads\/2026\/08\/protesta-fishekzjarre-4.jpg?fit=1020%2C497&ssl=1&resize=525%2C300 1.5x, https:\/\/i0.wp.com\/www.shqiperia.com\/blog\/wp-content\/uploads\/2026\/08\/protesta-fishekzjarre-4.jpg?fit=1020%2C497&ssl=1&resize=700%2C400 2x"},"classes":[]},{"id":101501,"url":"https:\/\/www.shqiperia.com\/blog\/pershkallezohet-revolta-per-doreheqjen-e-rames-qytetaret-marshojne-nga-tirana-drejt-rinasit-policia-pengon-protestuesit-prane-aeroportit\/","url_meta":{"origin":105752,"position":2},"title":"P\u00ebrshkall\u00ebzohet revolta p\u00ebr dor\u00ebheqjen e Ram\u00ebs! Qytetar\u00ebt marshojn\u00eb nga Tirana drejt Rinasit, policia pengon protestuesit pran\u00eb aeroportit","author":"Kurt Farka","date":"June 15, 2026","format":false,"excerpt":"P\u00ebrshkall\u00ebzohet revolta kund\u00ebr kryeministrit Edi Rama, n\u00eb dit\u00ebn e 15-t\u00eb t\u00eb protestave masive q\u00eb kanq p\u00ebrfshir\u00eb vendin. Protestuesit marshuan p\u00ebrgjat\u00eb autostrad\u00ebs Tiran\u00eb-Durr\u00ebs, pasi p\u00ebrshkuan kilometra t\u00eb t\u00ebra nga sheshi \u2018Sk\u00ebnderbej\u2019 n\u00ebp\u00ebr rrug\u00ebt e kryeqytetit dhe dol\u00ebn tek \u2018Kthesa e Kamz\u00ebs\u2019. M\u00eb pas protestuesit vijuan n\u00eb drejtim t\u00eb autostrad\u00ebs.","rel":"","context":"In &quot;Blogu i Udh\u00ebtarit&quot;","block_context":{"text":"Blogu i Udh\u00ebtarit","link":"https:\/\/www.shqiperia.com\/blog\/category\/blogu-i-udhetarit\/"},"img":{"alt_text":"","src":"https:\/\/i0.wp.com\/www.shqiperia.com\/blog\/wp-content\/uploads\/2026\/06\/IMG_8952-770x378-1.jpeg?fit=770%2C378&ssl=1&resize=350%2C200","width":350,"height":200,"srcset":"https:\/\/i0.wp.com\/www.shqiperia.com\/blog\/wp-content\/uploads\/2026\/06\/IMG_8952-770x378-1.jpeg?fit=770%2C378&ssl=1&resize=350%2C200 1x, https:\/\/i0.wp.com\/www.shqiperia.com\/blog\/wp-content\/uploads\/2026\/06\/IMG_8952-770x378-1.jpeg?fit=770%2C378&ssl=1&resize=525%2C300 1.5x, https:\/\/i0.wp.com\/www.shqiperia.com\/blog\/wp-content\/uploads\/2026\/06\/IMG_8952-770x378-1.jpeg?fit=770%2C378&ssl=1&resize=700%2C400 2x"},"classes":[]},{"id":101400,"url":"https:\/\/www.shqiperia.com\/blog\/administrata-te-bashkohet-me-popullin-sot-antimitingu-i-rames-kjo-eshte-thirrja-qe-kane-perhapur-protestuesit\/","url_meta":{"origin":105752,"position":3},"title":"\u201cAdministrata t\u00eb bashkohet me popullin\u201d! Sot, antimitingu i Ram\u00ebs, kjo \u00ebsht\u00eb thirrja q\u00eb kan\u00eb p\u00ebrhapur protestuesit","author":"Kurt Farka","date":"June 12, 2026","format":false,"excerpt":"Nj\u00eb thirrje u shp\u00ebrnda nga protestuesit p\u00ebr tubimin e dit\u00ebs s\u00eb sotme. Nd\u00ebrsa protesta kund\u00ebr qeveris\u00eb dhe klas\u00ebs politike ka kaluar dit\u00ebn e saj t\u00eb 12-t\u00eb, qytetar\u00ebt po k\u00ebrkojn\u00eb nj\u00eb mobilizim akoma m\u00eb t\u00eb madh p\u00ebr t\u2019iu p\u00ebrgjigjur asaj q\u00eb e konsiderojn\u00eb si provokim nga ana e kryeministrit Edi Rama.\u2026","rel":"","context":"In &quot;Blogu i Udh\u00ebtarit&quot;","block_context":{"text":"Blogu i Udh\u00ebtarit","link":"https:\/\/www.shqiperia.com\/blog\/category\/blogu-i-udhetarit\/"},"img":{"alt_text":"","src":"https:\/\/i0.wp.com\/www.shqiperia.com\/blog\/wp-content\/uploads\/2026\/06\/ga1-11-2.jpg?fit=600%2C315&ssl=1&resize=350%2C200","width":350,"height":200,"srcset":"https:\/\/i0.wp.com\/www.shqiperia.com\/blog\/wp-content\/uploads\/2026\/06\/ga1-11-2.jpg?fit=600%2C315&ssl=1&resize=350%2C200 1x, https:\/\/i0.wp.com\/www.shqiperia.com\/blog\/wp-content\/uploads\/2026\/06\/ga1-11-2.jpg?fit=600%2C315&ssl=1&resize=525%2C300 1.5x"},"classes":[]},{"id":102924,"url":"https:\/\/www.shqiperia.com\/blog\/rama-jepe-doreheqjen-sot-dita-e-50-te-e-rezistences-qytetare-per-rrezimin-e-qeverise\/","url_meta":{"origin":105752,"position":4},"title":"\u201cRama jepe dor\u00ebheqjen\u201d- Sot dita e 50-t\u00eb e rezistenc\u00ebs qytetare p\u00ebr rr\u00ebzimin e qeveris\u00eb","author":"Kurt Farka","date":"July 19, 2026","format":false,"excerpt":"19 Korrik 2026 Qytetar\u00ebt k\u00ebrkojn\u00eb nd\u00ebrrimin e saj dhe rr\u00ebzimin e qeveris\u00eb aktuale, duke pasur si k\u00ebrkes\u00eb kryesore dor\u00ebheqjen e kryeministrit Edi Rama. K\u00ebrkesa \u00ebsht\u00eb e panegocueshme, teksa mij\u00ebra qytetar\u00eb shqiptar\u00eb mblidhen \u00e7do nat\u00eb n\u00eb bulevardin para Kryeministris\u00eb ku mbajn\u00eb fjalime dhe m\u00eb pas marshojn\u00eb rrug\u00ebve t\u00eb Tiran\u00ebs, duke sensibilizuar.\u2026","rel":"","context":"In &quot;Blogu i Udh\u00ebtarit&quot;","block_context":{"text":"Blogu i Udh\u00ebtarit","link":"https:\/\/www.shqiperia.com\/blog\/category\/blogu-i-udhetarit\/"},"img":{"alt_text":"","src":"https:\/\/i0.wp.com\/www.shqiperia.com\/blog\/wp-content\/uploads\/2026\/07\/der-spiegel-protesta-433x300-1.jpg?fit=433%2C300&ssl=1&resize=350%2C200","width":350,"height":200},"classes":[]},{"id":105727,"url":"https:\/\/www.shqiperia.com\/blog\/protestuesit-thirrje-ndaj-efektiveve-polici-ketu-na-ke-ti-mbron-krimin-dhe-jo-ne-arrestoni-ramen\/","url_meta":{"origin":105752,"position":5},"title":"Protestuesit thirrje ndaj efektiv\u00ebve: &#8211; Polici k\u00ebtu na ke, ti mbron krimin dhe jo ne! Arrestoni Ram\u00ebn!","author":"Kurt Farka","date":"September 1, 2026","format":false,"excerpt":"1 Shtator 2026 P\u00ebrball\u00eb kordonit policor t\u00eb vendosur para Kryeministris\u00eb, protestuesit kan\u00eb vijuar me thirrjet ndaj efektiv\u00ebve, nd\u00ebrsa situata mbetet e tensionuar. Qytetar\u00ebt, t\u00eb cil\u00ebt kan\u00eb bllokuar hyrjen kryesore t\u00eb godin\u00ebs, u jan\u00eb drejtuar efektiv\u00ebve t\u00eb policis\u00eb me thirrje, duke kund\u00ebrshtuar nd\u00ebrhyrjen e tyre p\u00ebr largimin e protestuesve. \u201cPolici, k\u00ebtu\u2026","rel":"","context":"In &quot;Blogu i Udh\u00ebtarit&quot;","block_context":{"text":"Blogu i Udh\u00ebtarit","link":"https:\/\/www.shqiperia.com\/blog\/category\/blogu-i-udhetarit\/"},"img":{"alt_text":"","src":"https:\/\/i0.wp.com\/www.shqiperia.com\/blog\/wp-content\/uploads\/2026\/09\/640-360-zbarkooo-770x367-6a9718c706029-1.jpg?fit=640%2C360&ssl=1&resize=350%2C200","width":350,"height":200,"srcset":"https:\/\/i0.wp.com\/www.shqiperia.com\/blog\/wp-content\/uploads\/2026\/09\/640-360-zbarkooo-770x367-6a9718c706029-1.jpg?fit=640%2C360&ssl=1&resize=350%2C200 1x, https:\/\/i0.wp.com\/www.shqiperia.com\/blog\/wp-content\/uploads\/2026\/09\/640-360-zbarkooo-770x367-6a9718c706029-1.jpg?fit=640%2C360&ssl=1&resize=525%2C300 1.5x"},"classes":[]}],"_links":{"self":[{"href":"https:\/\/www.shqiperia.com\/blog\/wp-json\/wp\/v2\/posts\/105752","targetHints":{"allow":["GET"]}}],"collection":[{"href":"https:\/\/www.shqiperia.com\/blog\/wp-json\/wp\/v2\/posts"}],"about":[{"href":"https:\/\/www.shqiperia.com\/blog\/wp-json\/wp\/v2\/types\/post"}],"author":[{"embeddable":true,"href":"https:\/\/www.shqiperia.com\/blog\/wp-json\/wp\/v2\/users\/9"}],"replies":[{"embeddable":true,"href":"https:\/\/www.shqiperia.com\/blog\/wp-json\/wp\/v2\/comments?post=105752"}],"version-history":[{"count":1,"href":"https:\/\/www.shqiperia.com\/blog\/wp-json\/wp\/v2\/posts\/105752\/revisions"}],"predecessor-version":[{"id":105754,"href":"https:\/\/www.shqiperia.com\/blog\/wp-json\/wp\/v2\/posts\/105752\/revisions\/105754"}],"wp:featuredmedia":[{"embeddable":true,"href":"https:\/\/www.shqiperia.com\/blog\/wp-json\/wp\/v2\/media\/105753"}],"wp:attachment":[{"href":"https:\/\/www.shqiperia.com\/blog\/wp-json\/wp\/v2\/media?parent=105752"}],"wp:term":[{"taxonomy":"category","embeddable":true,"href":"https:\/\/www.shqiperia.com\/blog\/wp-json\/wp\/v2\/categories?post=105752"},{"taxonomy":"post_tag","embeddable":true,"href":"https:\/\/www.shqiperia.com\/blog\/wp-json\/wp\/v2\/tags?post=105752"}],"curies":[{"name":"wp","href":"https:\/\/api.w.org\/{rel}","templated":true}]}}