{"id":105741,"date":"2026-09-01T20:11:49","date_gmt":"2026-09-01T20:11:49","guid":{"rendered":"https:\/\/www.shqiperia.com\/blog\/?p=105741"},"modified":"2026-09-01T20:12:12","modified_gmt":"2026-09-01T20:12:12","slug":"nis-restaurimi-i-manastirit-te-kryeengjejve-ne-dervican-do-te-rikthehen-edhe-konaket-historike-8-foto","status":"publish","type":"post","link":"https:\/\/www.shqiperia.com\/blog\/nis-restaurimi-i-manastirit-te-kryeengjejve-ne-dervican-do-te-rikthehen-edhe-konaket-historike-8-foto\/","title":{"rendered":"Nis restaurimi i Manastirit t\u00eb Kryeengj\u00ebjve n\u00eb Dervi\u00e7an, do t\u00eb rikthehen edhe konak\u00ebt historik\u00eb + 8 foto"},"content":{"rendered":"<div class=\"l-inner-grid\">\n<div class=\"content-full\">\n<article class=\"first-child\">\n<div class=\"slider-content\">\n<div class=\"article_header\">\n<div class=\"author_and_related permbledhja\">\n<p data-asw-org-font-size=\"15\"><img data-recalc-dims=\"1\" loading=\"lazy\" decoding=\"async\" data-attachment-id=\"105742\" data-permalink=\"https:\/\/www.shqiperia.com\/blog\/nis-restaurimi-i-manastirit-te-kryeengjejve-ne-dervican-do-te-rikthehen-edhe-konaket-historike-8-foto\/1788186054_manastiriikryeengjjve\/\" data-orig-file=\"https:\/\/i0.wp.com\/www.shqiperia.com\/blog\/wp-content\/uploads\/2026\/09\/1788186054_manastiriikryeengjjve.jpg?fit=780%2C440&amp;ssl=1\" data-orig-size=\"780,440\" data-comments-opened=\"1\" data-image-meta=\"{&quot;aperture&quot;:&quot;0&quot;,&quot;credit&quot;:&quot;&quot;,&quot;camera&quot;:&quot;&quot;,&quot;caption&quot;:&quot;&quot;,&quot;created_timestamp&quot;:&quot;0&quot;,&quot;copyright&quot;:&quot;&quot;,&quot;focal_length&quot;:&quot;0&quot;,&quot;iso&quot;:&quot;0&quot;,&quot;shutter_speed&quot;:&quot;0&quot;,&quot;title&quot;:&quot;&quot;,&quot;orientation&quot;:&quot;0&quot;}\" data-image-title=\"1788186054_manastiriikryeengjjve\" data-image-description=\"\" data-image-caption=\"\" data-medium-file=\"https:\/\/i0.wp.com\/www.shqiperia.com\/blog\/wp-content\/uploads\/2026\/09\/1788186054_manastiriikryeengjjve.jpg?fit=300%2C169&amp;ssl=1\" data-large-file=\"https:\/\/i0.wp.com\/www.shqiperia.com\/blog\/wp-content\/uploads\/2026\/09\/1788186054_manastiriikryeengjjve.jpg?fit=780%2C440&amp;ssl=1\" class=\"alignnone wp-image-105742\" alt=\"\" src=\"https:\/\/i0.wp.com\/www.shqiperia.com\/blog\/wp-content\/uploads\/2026\/09\/1788186054_manastiriikryeengjjve.jpg?resize=754%2C425&#038;ssl=1\" width=\"754\" height=\"425\" srcset=\"https:\/\/i0.wp.com\/www.shqiperia.com\/blog\/wp-content\/uploads\/2026\/09\/1788186054_manastiriikryeengjjve.jpg?resize=300%2C169&amp;ssl=1 300w, https:\/\/i0.wp.com\/www.shqiperia.com\/blog\/wp-content\/uploads\/2026\/09\/1788186054_manastiriikryeengjjve.jpg?resize=768%2C433&amp;ssl=1 768w, https:\/\/i0.wp.com\/www.shqiperia.com\/blog\/wp-content\/uploads\/2026\/09\/1788186054_manastiriikryeengjjve.jpg?resize=450%2C254&amp;ssl=1 450w, https:\/\/i0.wp.com\/www.shqiperia.com\/blog\/wp-content\/uploads\/2026\/09\/1788186054_manastiriikryeengjjve.jpg?resize=600%2C338&amp;ssl=1 600w, https:\/\/i0.wp.com\/www.shqiperia.com\/blog\/wp-content\/uploads\/2026\/09\/1788186054_manastiriikryeengjjve.jpg?resize=400%2C226&amp;ssl=1 400w, https:\/\/i0.wp.com\/www.shqiperia.com\/blog\/wp-content\/uploads\/2026\/09\/1788186054_manastiriikryeengjjve.jpg?w=780&amp;ssl=1 780w\" sizes=\"auto, (max-width: 754px) 100vw, 754px\" \/><\/p>\n<p data-asw-org-font-size=\"15\">1 Shtator 2026<\/p>\n<p data-asw-org-font-size=\"15\">Kompleksi i shekullit XVIII n\u00eb Dropull do t\u00eb restaurohet n\u00eb dy faza, nd\u00ebrsa nd\u00ebrhyrja do t\u00eb p\u00ebrfshij\u00eb edhe konak\u00ebt historik\u00eb.<img loading=\"lazy\" decoding=\"async\" alt=\"\" src=\"https:\/\/video.shqiptarja.com\/reviveads_new\/www\/delivery\/lg.php?bannerid=0&amp;campaignid=0&amp;zoneid=130&amp;loc=https%3A%2F%2Freport-tv.al%2Flajm%2Fnis-restaurimi-i-manastirit-te-kryeengjejve-ne-dervican-do-te-rikthehen-edhe-konaket-historike-gonxhja-nje-tjeter-destinacion-per-turizmin-kulturor&amp;referer=https%3A%2F%2Freport-tv.al%2Fhome&amp;cb=f0861919ff\" width=\"0\" height=\"0\" \/><\/p>\n<\/div>\n<\/div>\n<\/div>\n<\/article>\n<\/div>\n<\/div>\n<div class=\"l-inner-grid lajme-single\">\n<div class=\"single_article_body\">\n<div class=\"first-paragraph\">\n<p data-asw-org-font-size=\"16\">Nj\u00eb nga monumentet m\u00eb t\u00eb r\u00ebnd\u00ebsishme t\u00eb trash\u00ebgimis\u00eb kulturore dhe fetare n\u00eb jug t\u00eb vendit, Manastiri i Kryeengj\u00ebjve n\u00eb Dervi\u00e7an, do t&#8217;i n\u00ebnshtrohet restaurimit pas vitesh degradimi dhe mungese mir\u00ebmbajtjeje.<\/p>\n<div id=\"attachment_105743\" style=\"width: 789px\" class=\"wp-caption alignnone\"><img data-recalc-dims=\"1\" loading=\"lazy\" decoding=\"async\" aria-describedby=\"caption-attachment-105743\" data-attachment-id=\"105743\" data-permalink=\"https:\/\/www.shqiperia.com\/blog\/nis-restaurimi-i-manastirit-te-kryeengjejve-ne-dervican-do-te-rikthehen-edhe-konaket-historike-8-foto\/1788186501_manastiriikryeengjjvenderviannjngaqendratmtrndsishmettrashgim2\/\" data-orig-file=\"https:\/\/i0.wp.com\/www.shqiperia.com\/blog\/wp-content\/uploads\/2026\/09\/1788186501_ManastiriiKryeengjjvenDerviannjngaqendratmtrndsishmettrashgim2.jpg?fit=1170%2C875&amp;ssl=1\" data-orig-size=\"1170,875\" data-comments-opened=\"1\" data-image-meta=\"{&quot;aperture&quot;:&quot;0&quot;,&quot;credit&quot;:&quot;&quot;,&quot;camera&quot;:&quot;&quot;,&quot;caption&quot;:&quot;&quot;,&quot;created_timestamp&quot;:&quot;0&quot;,&quot;copyright&quot;:&quot;&quot;,&quot;focal_length&quot;:&quot;0&quot;,&quot;iso&quot;:&quot;0&quot;,&quot;shutter_speed&quot;:&quot;0&quot;,&quot;title&quot;:&quot;&quot;,&quot;orientation&quot;:&quot;0&quot;}\" data-image-title=\"Manastiri i Kryeengj\u00ebjve n\u00eb Dervi\u00e7an\" data-image-description=\"\" data-image-caption=\"&lt;p&gt;Manastiri i Kryeengj\u00ebjve n\u00eb Dervi\u00e7an&lt;\/p&gt;\n\" data-medium-file=\"https:\/\/i0.wp.com\/www.shqiperia.com\/blog\/wp-content\/uploads\/2026\/09\/1788186501_ManastiriiKryeengjjvenDerviannjngaqendratmtrndsishmettrashgim2.jpg?fit=300%2C224&amp;ssl=1\" data-large-file=\"https:\/\/i0.wp.com\/www.shqiperia.com\/blog\/wp-content\/uploads\/2026\/09\/1788186501_ManastiriiKryeengjjvenDerviannjngaqendratmtrndsishmettrashgim2.jpg?fit=1024%2C766&amp;ssl=1\" class=\" wp-image-105743\" alt=\"\" src=\"https:\/\/i0.wp.com\/www.shqiperia.com\/blog\/wp-content\/uploads\/2026\/09\/1788186501_ManastiriiKryeengjjvenDerviannjngaqendratmtrndsishmettrashgim2.jpg?resize=779%2C582&#038;ssl=1\" width=\"779\" height=\"582\" srcset=\"https:\/\/i0.wp.com\/www.shqiperia.com\/blog\/wp-content\/uploads\/2026\/09\/1788186501_ManastiriiKryeengjjvenDerviannjngaqendratmtrndsishmettrashgim2.jpg?resize=300%2C224&amp;ssl=1 300w, https:\/\/i0.wp.com\/www.shqiperia.com\/blog\/wp-content\/uploads\/2026\/09\/1788186501_ManastiriiKryeengjjvenDerviannjngaqendratmtrndsishmettrashgim2.jpg?resize=1024%2C766&amp;ssl=1 1024w, https:\/\/i0.wp.com\/www.shqiperia.com\/blog\/wp-content\/uploads\/2026\/09\/1788186501_ManastiriiKryeengjjvenDerviannjngaqendratmtrndsishmettrashgim2.jpg?resize=768%2C574&amp;ssl=1 768w, https:\/\/i0.wp.com\/www.shqiperia.com\/blog\/wp-content\/uploads\/2026\/09\/1788186501_ManastiriiKryeengjjvenDerviannjngaqendratmtrndsishmettrashgim2.jpg?resize=450%2C337&amp;ssl=1 450w, https:\/\/i0.wp.com\/www.shqiperia.com\/blog\/wp-content\/uploads\/2026\/09\/1788186501_ManastiriiKryeengjjvenDerviannjngaqendratmtrndsishmettrashgim2.jpg?resize=600%2C449&amp;ssl=1 600w, https:\/\/i0.wp.com\/www.shqiperia.com\/blog\/wp-content\/uploads\/2026\/09\/1788186501_ManastiriiKryeengjjvenDerviannjngaqendratmtrndsishmettrashgim2.jpg?resize=400%2C299&amp;ssl=1 400w, https:\/\/i0.wp.com\/www.shqiperia.com\/blog\/wp-content\/uploads\/2026\/09\/1788186501_ManastiriiKryeengjjvenDerviannjngaqendratmtrndsishmettrashgim2.jpg?w=1170&amp;ssl=1 1170w\" sizes=\"auto, (max-width: 779px) 100vw, 779px\" \/><p id=\"caption-attachment-105743\" class=\"wp-caption-text\">Manastiri i Kryeengj\u00ebjve n\u00eb Dervi\u00e7an<\/p><\/div>\n<div id=\"attachment_105744\" style=\"width: 629px\" class=\"wp-caption alignnone\"><img data-recalc-dims=\"1\" loading=\"lazy\" decoding=\"async\" aria-describedby=\"caption-attachment-105744\" data-attachment-id=\"105744\" data-permalink=\"https:\/\/www.shqiperia.com\/blog\/nis-restaurimi-i-manastirit-te-kryeengjejve-ne-dervican-do-te-rikthehen-edhe-konaket-historike-8-foto\/manastiri-i-kryeengjejve-ne-dervican-2\/\" data-orig-file=\"https:\/\/i0.wp.com\/www.shqiperia.com\/blog\/wp-content\/uploads\/2026\/09\/Manastiri-i-Kryeengjejve-ne-Dervican-2.jpg?fit=1170%2C875&amp;ssl=1\" data-orig-size=\"1170,875\" data-comments-opened=\"1\" data-image-meta=\"{&quot;aperture&quot;:&quot;0&quot;,&quot;credit&quot;:&quot;&quot;,&quot;camera&quot;:&quot;&quot;,&quot;caption&quot;:&quot;&quot;,&quot;created_timestamp&quot;:&quot;0&quot;,&quot;copyright&quot;:&quot;&quot;,&quot;focal_length&quot;:&quot;0&quot;,&quot;iso&quot;:&quot;0&quot;,&quot;shutter_speed&quot;:&quot;0&quot;,&quot;title&quot;:&quot;&quot;,&quot;orientation&quot;:&quot;0&quot;}\" data-image-title=\"Manastiri i Kryeengj\u00ebjve n\u00eb Dervi\u00e7an (2)\" data-image-description=\"\" data-image-caption=\"&lt;p&gt;Manastiri i Kryeengj\u00ebjve n\u00eb Dervi\u00e7an&lt;\/p&gt;\n\" data-medium-file=\"https:\/\/i0.wp.com\/www.shqiperia.com\/blog\/wp-content\/uploads\/2026\/09\/Manastiri-i-Kryeengjejve-ne-Dervican-2.jpg?fit=300%2C224&amp;ssl=1\" data-large-file=\"https:\/\/i0.wp.com\/www.shqiperia.com\/blog\/wp-content\/uploads\/2026\/09\/Manastiri-i-Kryeengjejve-ne-Dervican-2.jpg?fit=1024%2C766&amp;ssl=1\" class=\" wp-image-105744\" alt=\"\" src=\"https:\/\/i0.wp.com\/www.shqiperia.com\/blog\/wp-content\/uploads\/2026\/09\/Manastiri-i-Kryeengjejve-ne-Dervican-2.jpg?resize=619%2C462&#038;ssl=1\" width=\"619\" height=\"462\" srcset=\"https:\/\/i0.wp.com\/www.shqiperia.com\/blog\/wp-content\/uploads\/2026\/09\/Manastiri-i-Kryeengjejve-ne-Dervican-2.jpg?resize=300%2C224&amp;ssl=1 300w, https:\/\/i0.wp.com\/www.shqiperia.com\/blog\/wp-content\/uploads\/2026\/09\/Manastiri-i-Kryeengjejve-ne-Dervican-2.jpg?resize=1024%2C766&amp;ssl=1 1024w, https:\/\/i0.wp.com\/www.shqiperia.com\/blog\/wp-content\/uploads\/2026\/09\/Manastiri-i-Kryeengjejve-ne-Dervican-2.jpg?resize=768%2C574&amp;ssl=1 768w, https:\/\/i0.wp.com\/www.shqiperia.com\/blog\/wp-content\/uploads\/2026\/09\/Manastiri-i-Kryeengjejve-ne-Dervican-2.jpg?resize=450%2C337&amp;ssl=1 450w, https:\/\/i0.wp.com\/www.shqiperia.com\/blog\/wp-content\/uploads\/2026\/09\/Manastiri-i-Kryeengjejve-ne-Dervican-2.jpg?resize=600%2C449&amp;ssl=1 600w, https:\/\/i0.wp.com\/www.shqiperia.com\/blog\/wp-content\/uploads\/2026\/09\/Manastiri-i-Kryeengjejve-ne-Dervican-2.jpg?resize=400%2C299&amp;ssl=1 400w, https:\/\/i0.wp.com\/www.shqiperia.com\/blog\/wp-content\/uploads\/2026\/09\/Manastiri-i-Kryeengjejve-ne-Dervican-2.jpg?w=1170&amp;ssl=1 1170w\" sizes=\"auto, (max-width: 619px) 100vw, 619px\" \/><p id=\"caption-attachment-105744\" class=\"wp-caption-text\">Manastiri i Kryeengj\u00ebjve n\u00eb Dervi\u00e7an<\/p><\/div>\n<\/div>\n<p data-asw-org-font-size=\"16\">Projekti synon jo vet\u00ebm shp\u00ebtimin e strukturave historike, por edhe rikthimin n\u00eb funksion t\u00eb nj\u00eb kompleksi q\u00eb p\u00ebrb\u00ebn nj\u00eb nga d\u00ebshmit\u00eb m\u00eb t\u00eb r\u00ebnd\u00ebsishme t\u00eb arkitektur\u00ebs pasbizantine n\u00eb lugin\u00ebn e Drinos.<\/p>\n<div class=\"show_last_article\">\n<div>&#8220;Manastiri i Kryeengj\u00ebjve n\u00eb Dervi\u00e7an, nj\u00eb nga qendrat m\u00eb t\u00eb r\u00ebnd\u00ebsishme t\u00eb trash\u00ebgimis\u00eb kulturore dhe shpirt\u00ebrore t\u00eb Dropullit, hyn n\u00eb faz\u00eb restaurimi p\u00ebrmes nd\u00ebrhyrjeve t\u00eb planifikuara q\u00eb p\u00ebrfshijn\u00eb edhe konak\u00ebt lindor\u00eb e per\u00ebndimor\u00eb t\u00eb kompleksit.<\/div>\n<\/div>\n<p data-asw-org-font-size=\"16\">Nd\u00ebrhyrja do t\u00eb zhvillohet n\u00eb dy faza dhe do t\u00eb p\u00ebrfshij\u00eb restaurimin e konak\u00ebve lindor\u00eb dhe per\u00ebndimor\u00eb, konsolidimin e mureve prej guri, rind\u00ebrtimin e \u00e7ative tradicionale me rrasa guri, restaurimin e elementeve prej druri, si edhe rikthimin e hap\u00ebsirave sipas dokumentacionit historik dhe gjurm\u00ebve t\u00eb ruajtura n\u00eb terren.<\/p>\n<div id=\"attachment_105745\" style=\"width: 787px\" class=\"wp-caption alignnone\"><img data-recalc-dims=\"1\" loading=\"lazy\" decoding=\"async\" aria-describedby=\"caption-attachment-105745\" data-attachment-id=\"105745\" data-permalink=\"https:\/\/www.shqiperia.com\/blog\/nis-restaurimi-i-manastirit-te-kryeengjejve-ne-dervican-do-te-rikthehen-edhe-konaket-historike-8-foto\/manastiri-i-kryeengjejve-ne-dervican-3\/\" data-orig-file=\"https:\/\/i0.wp.com\/www.shqiperia.com\/blog\/wp-content\/uploads\/2026\/09\/Manastiri-i-Kryeengjejve-ne-Dervican-3.jpg?fit=1170%2C875&amp;ssl=1\" data-orig-size=\"1170,875\" data-comments-opened=\"1\" data-image-meta=\"{&quot;aperture&quot;:&quot;0&quot;,&quot;credit&quot;:&quot;&quot;,&quot;camera&quot;:&quot;&quot;,&quot;caption&quot;:&quot;&quot;,&quot;created_timestamp&quot;:&quot;0&quot;,&quot;copyright&quot;:&quot;&quot;,&quot;focal_length&quot;:&quot;0&quot;,&quot;iso&quot;:&quot;0&quot;,&quot;shutter_speed&quot;:&quot;0&quot;,&quot;title&quot;:&quot;&quot;,&quot;orientation&quot;:&quot;0&quot;}\" data-image-title=\"Manastiri i Kryeengj\u00ebjve n\u00eb Dervi\u00e7an (3)\" data-image-description=\"\" data-image-caption=\"&lt;p&gt;Manastiri i Kryeengj\u00ebjve n\u00eb Dervi\u00e7an&lt;\/p&gt;\n\" data-medium-file=\"https:\/\/i0.wp.com\/www.shqiperia.com\/blog\/wp-content\/uploads\/2026\/09\/Manastiri-i-Kryeengjejve-ne-Dervican-3.jpg?fit=300%2C224&amp;ssl=1\" data-large-file=\"https:\/\/i0.wp.com\/www.shqiperia.com\/blog\/wp-content\/uploads\/2026\/09\/Manastiri-i-Kryeengjejve-ne-Dervican-3.jpg?fit=1024%2C766&amp;ssl=1\" class=\" wp-image-105745\" alt=\"\" src=\"https:\/\/i0.wp.com\/www.shqiperia.com\/blog\/wp-content\/uploads\/2026\/09\/Manastiri-i-Kryeengjejve-ne-Dervican-3.jpg?resize=777%2C580&#038;ssl=1\" width=\"777\" height=\"580\" srcset=\"https:\/\/i0.wp.com\/www.shqiperia.com\/blog\/wp-content\/uploads\/2026\/09\/Manastiri-i-Kryeengjejve-ne-Dervican-3.jpg?resize=300%2C224&amp;ssl=1 300w, https:\/\/i0.wp.com\/www.shqiperia.com\/blog\/wp-content\/uploads\/2026\/09\/Manastiri-i-Kryeengjejve-ne-Dervican-3.jpg?resize=1024%2C766&amp;ssl=1 1024w, https:\/\/i0.wp.com\/www.shqiperia.com\/blog\/wp-content\/uploads\/2026\/09\/Manastiri-i-Kryeengjejve-ne-Dervican-3.jpg?resize=768%2C574&amp;ssl=1 768w, https:\/\/i0.wp.com\/www.shqiperia.com\/blog\/wp-content\/uploads\/2026\/09\/Manastiri-i-Kryeengjejve-ne-Dervican-3.jpg?resize=450%2C337&amp;ssl=1 450w, https:\/\/i0.wp.com\/www.shqiperia.com\/blog\/wp-content\/uploads\/2026\/09\/Manastiri-i-Kryeengjejve-ne-Dervican-3.jpg?resize=600%2C449&amp;ssl=1 600w, https:\/\/i0.wp.com\/www.shqiperia.com\/blog\/wp-content\/uploads\/2026\/09\/Manastiri-i-Kryeengjejve-ne-Dervican-3.jpg?resize=400%2C299&amp;ssl=1 400w, https:\/\/i0.wp.com\/www.shqiperia.com\/blog\/wp-content\/uploads\/2026\/09\/Manastiri-i-Kryeengjejve-ne-Dervican-3.jpg?w=1170&amp;ssl=1 1170w\" sizes=\"auto, (max-width: 777px) 100vw, 777px\" \/><p id=\"caption-attachment-105745\" class=\"wp-caption-text\">Manastiri i Kryeengj\u00ebjve n\u00eb Dervi\u00e7an<\/p><\/div>\n<div id=\"attachment_105746\" style=\"width: 785px\" class=\"wp-caption alignnone\"><img data-recalc-dims=\"1\" loading=\"lazy\" decoding=\"async\" aria-describedby=\"caption-attachment-105746\" data-attachment-id=\"105746\" data-permalink=\"https:\/\/www.shqiperia.com\/blog\/nis-restaurimi-i-manastirit-te-kryeengjejve-ne-dervican-do-te-rikthehen-edhe-konaket-historike-8-foto\/manastiri-i-kryeengjejve-ne-dervican-4\/\" data-orig-file=\"https:\/\/i0.wp.com\/www.shqiperia.com\/blog\/wp-content\/uploads\/2026\/09\/Manastiri-i-Kryeengjejve-ne-Dervican-4.jpg?fit=1170%2C875&amp;ssl=1\" data-orig-size=\"1170,875\" data-comments-opened=\"1\" data-image-meta=\"{&quot;aperture&quot;:&quot;0&quot;,&quot;credit&quot;:&quot;&quot;,&quot;camera&quot;:&quot;&quot;,&quot;caption&quot;:&quot;&quot;,&quot;created_timestamp&quot;:&quot;0&quot;,&quot;copyright&quot;:&quot;&quot;,&quot;focal_length&quot;:&quot;0&quot;,&quot;iso&quot;:&quot;0&quot;,&quot;shutter_speed&quot;:&quot;0&quot;,&quot;title&quot;:&quot;&quot;,&quot;orientation&quot;:&quot;0&quot;}\" data-image-title=\"Manastiri i Kryeengj\u00ebjve n\u00eb Dervi\u00e7an (4)\" data-image-description=\"\" data-image-caption=\"&lt;p&gt;Manastiri i Kryeengj\u00ebjve n\u00eb Dervi\u00e7an&lt;\/p&gt;\n\" data-medium-file=\"https:\/\/i0.wp.com\/www.shqiperia.com\/blog\/wp-content\/uploads\/2026\/09\/Manastiri-i-Kryeengjejve-ne-Dervican-4.jpg?fit=300%2C224&amp;ssl=1\" data-large-file=\"https:\/\/i0.wp.com\/www.shqiperia.com\/blog\/wp-content\/uploads\/2026\/09\/Manastiri-i-Kryeengjejve-ne-Dervican-4.jpg?fit=1024%2C766&amp;ssl=1\" class=\" wp-image-105746\" alt=\"\" src=\"https:\/\/i0.wp.com\/www.shqiperia.com\/blog\/wp-content\/uploads\/2026\/09\/Manastiri-i-Kryeengjejve-ne-Dervican-4.jpg?resize=775%2C579&#038;ssl=1\" width=\"775\" height=\"579\" srcset=\"https:\/\/i0.wp.com\/www.shqiperia.com\/blog\/wp-content\/uploads\/2026\/09\/Manastiri-i-Kryeengjejve-ne-Dervican-4.jpg?resize=300%2C224&amp;ssl=1 300w, https:\/\/i0.wp.com\/www.shqiperia.com\/blog\/wp-content\/uploads\/2026\/09\/Manastiri-i-Kryeengjejve-ne-Dervican-4.jpg?resize=1024%2C766&amp;ssl=1 1024w, https:\/\/i0.wp.com\/www.shqiperia.com\/blog\/wp-content\/uploads\/2026\/09\/Manastiri-i-Kryeengjejve-ne-Dervican-4.jpg?resize=768%2C574&amp;ssl=1 768w, https:\/\/i0.wp.com\/www.shqiperia.com\/blog\/wp-content\/uploads\/2026\/09\/Manastiri-i-Kryeengjejve-ne-Dervican-4.jpg?resize=450%2C337&amp;ssl=1 450w, https:\/\/i0.wp.com\/www.shqiperia.com\/blog\/wp-content\/uploads\/2026\/09\/Manastiri-i-Kryeengjejve-ne-Dervican-4.jpg?resize=600%2C449&amp;ssl=1 600w, https:\/\/i0.wp.com\/www.shqiperia.com\/blog\/wp-content\/uploads\/2026\/09\/Manastiri-i-Kryeengjejve-ne-Dervican-4.jpg?resize=400%2C299&amp;ssl=1 400w, https:\/\/i0.wp.com\/www.shqiperia.com\/blog\/wp-content\/uploads\/2026\/09\/Manastiri-i-Kryeengjejve-ne-Dervican-4.jpg?w=1170&amp;ssl=1 1170w\" sizes=\"auto, (max-width: 775px) 100vw, 775px\" \/><p id=\"caption-attachment-105746\" class=\"wp-caption-text\">Manastiri i Kryeengj\u00ebjve n\u00eb Dervi\u00e7an<\/p><\/div>\n<p data-asw-org-font-size=\"16\">Projekti nis n\u00eb nj\u00eb moment t\u00eb r\u00ebnd\u00ebsish\u00ebm p\u00ebr monumentin, pasi Kisha e Manastirit t\u00eb Kryeengj\u00ebjve \u00ebsht\u00eb shpallur s\u00eb fundmi Pasuri Kulturore me statusin &#8220;Monument Kulture&#8221;, Kategoria I, s\u00eb bashku me zon\u00ebn e saj mbrojt\u00ebse.<\/p>\n<p data-asw-org-font-size=\"16\">&#8220;Ky projekt nuk synon vet\u00ebm restaurimin e nj\u00eb objekti, por edhe rijet\u00ebzimin e nj\u00eb kompleksi me r\u00ebnd\u00ebsi t\u00eb ve\u00e7ant\u00eb p\u00ebr historin\u00eb, kultur\u00ebn dhe besimin fetar n\u00eb jug t\u00eb Shqip\u00ebris\u00eb. P\u00ebrmes ruajtjes s\u00eb vlerave dhe rikthimit t\u00eb funksioneve t\u00eb tij historike, Manastiri i Kryeengj\u00ebjve do t\u00eb vijoj\u00eb t\u00eb sh\u00ebrbej\u00eb si nj\u00eb pik\u00eb referimi p\u00ebr komunitetin lokal, vizitor\u00ebt dhe turizmin kulturor n\u00eb zon\u00ebn e Bashkis\u00eb s\u00eb Dropullit&#8221;.<\/p>\n<div id=\"attachment_105747\" style=\"width: 820px\" class=\"wp-caption alignnone\"><img data-recalc-dims=\"1\" loading=\"lazy\" decoding=\"async\" aria-describedby=\"caption-attachment-105747\" data-attachment-id=\"105747\" data-permalink=\"https:\/\/www.shqiperia.com\/blog\/nis-restaurimi-i-manastirit-te-kryeengjejve-ne-dervican-do-te-rikthehen-edhe-konaket-historike-8-foto\/manastiri-i-kryeengjejve-ne-dervican-5\/\" data-orig-file=\"https:\/\/i0.wp.com\/www.shqiperia.com\/blog\/wp-content\/uploads\/2026\/09\/Manastiri-i-Kryeengjejve-ne-Dervican-5.jpg?fit=1170%2C875&amp;ssl=1\" data-orig-size=\"1170,875\" data-comments-opened=\"1\" data-image-meta=\"{&quot;aperture&quot;:&quot;0&quot;,&quot;credit&quot;:&quot;&quot;,&quot;camera&quot;:&quot;&quot;,&quot;caption&quot;:&quot;&quot;,&quot;created_timestamp&quot;:&quot;0&quot;,&quot;copyright&quot;:&quot;&quot;,&quot;focal_length&quot;:&quot;0&quot;,&quot;iso&quot;:&quot;0&quot;,&quot;shutter_speed&quot;:&quot;0&quot;,&quot;title&quot;:&quot;&quot;,&quot;orientation&quot;:&quot;0&quot;}\" data-image-title=\"Manastiri i Kryeengj\u00ebjve n\u00eb Dervi\u00e7an (5)\" data-image-description=\"\" data-image-caption=\"&lt;p&gt;Manastiri i Kryeengj\u00ebjve n\u00eb Dervi\u00e7an&lt;\/p&gt;\n\" data-medium-file=\"https:\/\/i0.wp.com\/www.shqiperia.com\/blog\/wp-content\/uploads\/2026\/09\/Manastiri-i-Kryeengjejve-ne-Dervican-5.jpg?fit=300%2C224&amp;ssl=1\" data-large-file=\"https:\/\/i0.wp.com\/www.shqiperia.com\/blog\/wp-content\/uploads\/2026\/09\/Manastiri-i-Kryeengjejve-ne-Dervican-5.jpg?fit=1024%2C766&amp;ssl=1\" class=\" wp-image-105747\" alt=\"\" src=\"https:\/\/i0.wp.com\/www.shqiperia.com\/blog\/wp-content\/uploads\/2026\/09\/Manastiri-i-Kryeengjejve-ne-Dervican-5.jpg?resize=810%2C605&#038;ssl=1\" width=\"810\" height=\"605\" srcset=\"https:\/\/i0.wp.com\/www.shqiperia.com\/blog\/wp-content\/uploads\/2026\/09\/Manastiri-i-Kryeengjejve-ne-Dervican-5.jpg?resize=300%2C224&amp;ssl=1 300w, https:\/\/i0.wp.com\/www.shqiperia.com\/blog\/wp-content\/uploads\/2026\/09\/Manastiri-i-Kryeengjejve-ne-Dervican-5.jpg?resize=1024%2C766&amp;ssl=1 1024w, https:\/\/i0.wp.com\/www.shqiperia.com\/blog\/wp-content\/uploads\/2026\/09\/Manastiri-i-Kryeengjejve-ne-Dervican-5.jpg?resize=768%2C574&amp;ssl=1 768w, https:\/\/i0.wp.com\/www.shqiperia.com\/blog\/wp-content\/uploads\/2026\/09\/Manastiri-i-Kryeengjejve-ne-Dervican-5.jpg?resize=450%2C337&amp;ssl=1 450w, https:\/\/i0.wp.com\/www.shqiperia.com\/blog\/wp-content\/uploads\/2026\/09\/Manastiri-i-Kryeengjejve-ne-Dervican-5.jpg?resize=600%2C449&amp;ssl=1 600w, https:\/\/i0.wp.com\/www.shqiperia.com\/blog\/wp-content\/uploads\/2026\/09\/Manastiri-i-Kryeengjejve-ne-Dervican-5.jpg?resize=400%2C299&amp;ssl=1 400w, https:\/\/i0.wp.com\/www.shqiperia.com\/blog\/wp-content\/uploads\/2026\/09\/Manastiri-i-Kryeengjejve-ne-Dervican-5.jpg?w=1170&amp;ssl=1 1170w\" sizes=\"auto, (max-width: 810px) 100vw, 810px\" \/><p id=\"caption-attachment-105747\" class=\"wp-caption-text\">Manastiri i Kryeengj\u00ebjve n\u00eb Dervi\u00e7an<\/p><\/div>\n<div id=\"attachment_105748\" style=\"width: 843px\" class=\"wp-caption alignnone\"><img data-recalc-dims=\"1\" loading=\"lazy\" decoding=\"async\" aria-describedby=\"caption-attachment-105748\" data-attachment-id=\"105748\" data-permalink=\"https:\/\/www.shqiperia.com\/blog\/nis-restaurimi-i-manastirit-te-kryeengjejve-ne-dervican-do-te-rikthehen-edhe-konaket-historike-8-foto\/manastiri-i-kryeengjejve-ne-dervican-6\/\" data-orig-file=\"https:\/\/i0.wp.com\/www.shqiperia.com\/blog\/wp-content\/uploads\/2026\/09\/Manastiri-i-Kryeengjejve-ne-Dervican-6.jpg?fit=1170%2C875&amp;ssl=1\" data-orig-size=\"1170,875\" data-comments-opened=\"1\" data-image-meta=\"{&quot;aperture&quot;:&quot;0&quot;,&quot;credit&quot;:&quot;&quot;,&quot;camera&quot;:&quot;&quot;,&quot;caption&quot;:&quot;&quot;,&quot;created_timestamp&quot;:&quot;0&quot;,&quot;copyright&quot;:&quot;&quot;,&quot;focal_length&quot;:&quot;0&quot;,&quot;iso&quot;:&quot;0&quot;,&quot;shutter_speed&quot;:&quot;0&quot;,&quot;title&quot;:&quot;&quot;,&quot;orientation&quot;:&quot;0&quot;}\" data-image-title=\"Manastiri i Kryeengj\u00ebjve n\u00eb Dervi\u00e7an (6)\" data-image-description=\"\" data-image-caption=\"&lt;p&gt;Manastiri i Kryeengj\u00ebjve n\u00eb Dervi\u00e7an&lt;\/p&gt;\n\" data-medium-file=\"https:\/\/i0.wp.com\/www.shqiperia.com\/blog\/wp-content\/uploads\/2026\/09\/Manastiri-i-Kryeengjejve-ne-Dervican-6.jpg?fit=300%2C224&amp;ssl=1\" data-large-file=\"https:\/\/i0.wp.com\/www.shqiperia.com\/blog\/wp-content\/uploads\/2026\/09\/Manastiri-i-Kryeengjejve-ne-Dervican-6.jpg?fit=1024%2C766&amp;ssl=1\" class=\" wp-image-105748\" alt=\"\" src=\"https:\/\/i0.wp.com\/www.shqiperia.com\/blog\/wp-content\/uploads\/2026\/09\/Manastiri-i-Kryeengjejve-ne-Dervican-6.jpg?resize=833%2C622&#038;ssl=1\" width=\"833\" height=\"622\" srcset=\"https:\/\/i0.wp.com\/www.shqiperia.com\/blog\/wp-content\/uploads\/2026\/09\/Manastiri-i-Kryeengjejve-ne-Dervican-6.jpg?resize=300%2C224&amp;ssl=1 300w, https:\/\/i0.wp.com\/www.shqiperia.com\/blog\/wp-content\/uploads\/2026\/09\/Manastiri-i-Kryeengjejve-ne-Dervican-6.jpg?resize=1024%2C766&amp;ssl=1 1024w, https:\/\/i0.wp.com\/www.shqiperia.com\/blog\/wp-content\/uploads\/2026\/09\/Manastiri-i-Kryeengjejve-ne-Dervican-6.jpg?resize=768%2C574&amp;ssl=1 768w, https:\/\/i0.wp.com\/www.shqiperia.com\/blog\/wp-content\/uploads\/2026\/09\/Manastiri-i-Kryeengjejve-ne-Dervican-6.jpg?resize=450%2C337&amp;ssl=1 450w, https:\/\/i0.wp.com\/www.shqiperia.com\/blog\/wp-content\/uploads\/2026\/09\/Manastiri-i-Kryeengjejve-ne-Dervican-6.jpg?resize=600%2C449&amp;ssl=1 600w, https:\/\/i0.wp.com\/www.shqiperia.com\/blog\/wp-content\/uploads\/2026\/09\/Manastiri-i-Kryeengjejve-ne-Dervican-6.jpg?resize=400%2C299&amp;ssl=1 400w, https:\/\/i0.wp.com\/www.shqiperia.com\/blog\/wp-content\/uploads\/2026\/09\/Manastiri-i-Kryeengjejve-ne-Dervican-6.jpg?w=1170&amp;ssl=1 1170w\" sizes=\"auto, (max-width: 833px) 100vw, 833px\" \/><p id=\"caption-attachment-105748\" class=\"wp-caption-text\">Manastiri i Kryeengj\u00ebjve n\u00eb Dervi\u00e7an<\/p><\/div>\n<p data-asw-org-font-size=\"16\">I vendosur n\u00eb shpatet e Malit t\u00eb Gjer\u00eb, mbi fshatin Dervi\u00e7an t\u00eb Gjirokastr\u00ebs, Manastiri i Kryeengj\u00ebjve mendohet se \u00ebsht\u00eb nd\u00ebrtuar n\u00eb shekullin XVIII.<\/p>\n<p data-asw-org-font-size=\"16\">Kompleksi p\u00ebrb\u00ebhet nga kisha dhe konak\u00ebt q\u00eb e rrethojn\u00eb dhe konsiderohet nj\u00eb prej monumenteve q\u00eb d\u00ebshmojn\u00eb zhvillimin dhe larmin\u00eb e arkitektur\u00ebs pasbizantine n\u00eb jug t\u00eb Shqip\u00ebris\u00eb.<\/p>\n<div id=\"attachment_105749\" style=\"width: 749px\" class=\"wp-caption alignnone\"><img data-recalc-dims=\"1\" loading=\"lazy\" decoding=\"async\" aria-describedby=\"caption-attachment-105749\" data-attachment-id=\"105749\" data-permalink=\"https:\/\/www.shqiperia.com\/blog\/nis-restaurimi-i-manastirit-te-kryeengjejve-ne-dervican-do-te-rikthehen-edhe-konaket-historike-8-foto\/manastiri-i-kryeengjejve-ne-dervican-7\/\" data-orig-file=\"https:\/\/i0.wp.com\/www.shqiperia.com\/blog\/wp-content\/uploads\/2026\/09\/Manastiri-i-Kryeengjejve-ne-Dervican-7.jpg?fit=1197%2C895&amp;ssl=1\" data-orig-size=\"1197,895\" data-comments-opened=\"1\" data-image-meta=\"{&quot;aperture&quot;:&quot;0&quot;,&quot;credit&quot;:&quot;&quot;,&quot;camera&quot;:&quot;&quot;,&quot;caption&quot;:&quot;&quot;,&quot;created_timestamp&quot;:&quot;0&quot;,&quot;copyright&quot;:&quot;&quot;,&quot;focal_length&quot;:&quot;0&quot;,&quot;iso&quot;:&quot;0&quot;,&quot;shutter_speed&quot;:&quot;0&quot;,&quot;title&quot;:&quot;&quot;,&quot;orientation&quot;:&quot;0&quot;}\" data-image-title=\"Manastiri i Kryeengj\u00ebjve n\u00eb Dervi\u00e7an (7)\" data-image-description=\"\" data-image-caption=\"&lt;p&gt;Manastiri i Kryeengj\u00ebjve n\u00eb Dervi\u00e7an&lt;\/p&gt;\n\" data-medium-file=\"https:\/\/i0.wp.com\/www.shqiperia.com\/blog\/wp-content\/uploads\/2026\/09\/Manastiri-i-Kryeengjejve-ne-Dervican-7.jpg?fit=300%2C224&amp;ssl=1\" data-large-file=\"https:\/\/i0.wp.com\/www.shqiperia.com\/blog\/wp-content\/uploads\/2026\/09\/Manastiri-i-Kryeengjejve-ne-Dervican-7.jpg?fit=1024%2C766&amp;ssl=1\" class=\" wp-image-105749\" alt=\"\" src=\"https:\/\/i0.wp.com\/www.shqiperia.com\/blog\/wp-content\/uploads\/2026\/09\/Manastiri-i-Kryeengjejve-ne-Dervican-7.jpg?resize=739%2C552&#038;ssl=1\" width=\"739\" height=\"552\" srcset=\"https:\/\/i0.wp.com\/www.shqiperia.com\/blog\/wp-content\/uploads\/2026\/09\/Manastiri-i-Kryeengjejve-ne-Dervican-7.jpg?resize=300%2C224&amp;ssl=1 300w, https:\/\/i0.wp.com\/www.shqiperia.com\/blog\/wp-content\/uploads\/2026\/09\/Manastiri-i-Kryeengjejve-ne-Dervican-7.jpg?resize=1024%2C766&amp;ssl=1 1024w, https:\/\/i0.wp.com\/www.shqiperia.com\/blog\/wp-content\/uploads\/2026\/09\/Manastiri-i-Kryeengjejve-ne-Dervican-7.jpg?resize=768%2C574&amp;ssl=1 768w, https:\/\/i0.wp.com\/www.shqiperia.com\/blog\/wp-content\/uploads\/2026\/09\/Manastiri-i-Kryeengjejve-ne-Dervican-7.jpg?resize=450%2C336&amp;ssl=1 450w, https:\/\/i0.wp.com\/www.shqiperia.com\/blog\/wp-content\/uploads\/2026\/09\/Manastiri-i-Kryeengjejve-ne-Dervican-7.jpg?resize=600%2C449&amp;ssl=1 600w, https:\/\/i0.wp.com\/www.shqiperia.com\/blog\/wp-content\/uploads\/2026\/09\/Manastiri-i-Kryeengjejve-ne-Dervican-7.jpg?resize=400%2C299&amp;ssl=1 400w, https:\/\/i0.wp.com\/www.shqiperia.com\/blog\/wp-content\/uploads\/2026\/09\/Manastiri-i-Kryeengjejve-ne-Dervican-7.jpg?w=1197&amp;ssl=1 1197w\" sizes=\"auto, (max-width: 739px) 100vw, 739px\" \/><p id=\"caption-attachment-105749\" class=\"wp-caption-text\">Manastiri i Kryeengj\u00ebjve n\u00eb Dervi\u00e7an<\/p><\/div>\n<p data-asw-org-font-size=\"16\">Kjo nism\u00eb vjen n\u00eb nj\u00eb moment t\u00eb r\u00ebnd\u00ebsish\u00ebm p\u00ebr monumentin, pasi Kisha e Manastirit t\u00eb Kryeengj\u00ebjve \u00ebsht\u00eb shpallur s\u00eb fundmi Pasuri Kulturore me statusin \u201cMonument Kulture\u201d, Kategoria I, s\u00eb bashku me zon\u00ebn e saj mbrojt\u00ebse, duke njohur dhe forcuar vlerat e saj t\u00eb jasht\u00ebzakonshme historike, arkitekturore dhe shpirt\u00ebrore<\/p>\n<div id=\"attachment_105750\" style=\"width: 990px\" class=\"wp-caption alignnone\"><img data-recalc-dims=\"1\" loading=\"lazy\" decoding=\"async\" aria-describedby=\"caption-attachment-105750\" data-attachment-id=\"105750\" data-permalink=\"https:\/\/www.shqiperia.com\/blog\/nis-restaurimi-i-manastirit-te-kryeengjejve-ne-dervican-do-te-rikthehen-edhe-konaket-historike-8-foto\/manastiri-i-kryeengjejve-ne-dervican\/\" data-orig-file=\"https:\/\/i0.wp.com\/www.shqiperia.com\/blog\/wp-content\/uploads\/2026\/09\/Manastiri-i-Kryeengjejve-ne-Dervican.jpg?fit=1197%2C895&amp;ssl=1\" data-orig-size=\"1197,895\" data-comments-opened=\"1\" data-image-meta=\"{&quot;aperture&quot;:&quot;0&quot;,&quot;credit&quot;:&quot;&quot;,&quot;camera&quot;:&quot;&quot;,&quot;caption&quot;:&quot;&quot;,&quot;created_timestamp&quot;:&quot;0&quot;,&quot;copyright&quot;:&quot;&quot;,&quot;focal_length&quot;:&quot;0&quot;,&quot;iso&quot;:&quot;0&quot;,&quot;shutter_speed&quot;:&quot;0&quot;,&quot;title&quot;:&quot;&quot;,&quot;orientation&quot;:&quot;0&quot;}\" data-image-title=\"Manastiri i Kryeengj\u00ebjve n\u00eb Dervi\u00e7an\" data-image-description=\"\" data-image-caption=\"&lt;p&gt;Manastiri i Kryeengj\u00ebjve n\u00eb Dervi\u00e7an&lt;\/p&gt;\n\" data-medium-file=\"https:\/\/i0.wp.com\/www.shqiperia.com\/blog\/wp-content\/uploads\/2026\/09\/Manastiri-i-Kryeengjejve-ne-Dervican.jpg?fit=300%2C224&amp;ssl=1\" data-large-file=\"https:\/\/i0.wp.com\/www.shqiperia.com\/blog\/wp-content\/uploads\/2026\/09\/Manastiri-i-Kryeengjejve-ne-Dervican.jpg?fit=1024%2C766&amp;ssl=1\" class=\" wp-image-105750\" alt=\"\" src=\"https:\/\/i0.wp.com\/www.shqiperia.com\/blog\/wp-content\/uploads\/2026\/09\/Manastiri-i-Kryeengjejve-ne-Dervican.jpg?resize=980%2C732&#038;ssl=1\" width=\"980\" height=\"732\" srcset=\"https:\/\/i0.wp.com\/www.shqiperia.com\/blog\/wp-content\/uploads\/2026\/09\/Manastiri-i-Kryeengjejve-ne-Dervican.jpg?resize=300%2C224&amp;ssl=1 300w, https:\/\/i0.wp.com\/www.shqiperia.com\/blog\/wp-content\/uploads\/2026\/09\/Manastiri-i-Kryeengjejve-ne-Dervican.jpg?resize=1024%2C766&amp;ssl=1 1024w, https:\/\/i0.wp.com\/www.shqiperia.com\/blog\/wp-content\/uploads\/2026\/09\/Manastiri-i-Kryeengjejve-ne-Dervican.jpg?resize=768%2C574&amp;ssl=1 768w, https:\/\/i0.wp.com\/www.shqiperia.com\/blog\/wp-content\/uploads\/2026\/09\/Manastiri-i-Kryeengjejve-ne-Dervican.jpg?resize=450%2C336&amp;ssl=1 450w, https:\/\/i0.wp.com\/www.shqiperia.com\/blog\/wp-content\/uploads\/2026\/09\/Manastiri-i-Kryeengjejve-ne-Dervican.jpg?resize=600%2C449&amp;ssl=1 600w, https:\/\/i0.wp.com\/www.shqiperia.com\/blog\/wp-content\/uploads\/2026\/09\/Manastiri-i-Kryeengjejve-ne-Dervican.jpg?resize=400%2C299&amp;ssl=1 400w, https:\/\/i0.wp.com\/www.shqiperia.com\/blog\/wp-content\/uploads\/2026\/09\/Manastiri-i-Kryeengjejve-ne-Dervican.jpg?w=1197&amp;ssl=1 1197w\" sizes=\"auto, (max-width: 980px) 100vw, 980px\" \/><p id=\"caption-attachment-105750\" class=\"wp-caption-text\">Manastiri i Kryeengj\u00ebjve n\u00eb Dervi\u00e7an<\/p><\/div>\n<\/div>\n<\/div>\n","protected":false},"excerpt":{"rendered":"<p>1 Shtator 2026 Kompleksi i shekullit XVIII n\u00eb Dropull do t\u00eb restaurohet n\u00eb dy faza, nd\u00ebrsa nd\u00ebrhyrja do t\u00eb p\u00ebrfshij\u00eb edhe konak\u00ebt historik\u00eb. Nj\u00eb nga monumentet m\u00eb t\u00eb r\u00ebnd\u00ebsishme t\u00eb trash\u00ebgimis\u00eb kulturore dhe fetare n\u00eb jug t\u00eb vendit, Manastiri i Kryeengj\u00ebjve n\u00eb Dervi\u00e7an, do t&#8217;i n\u00ebnshtrohet restaurimit pas vitesh degradimi dhe mungese mir\u00ebmbajtjeje. Projekti synon [&hellip;]<\/p>\n","protected":false},"author":9,"featured_media":105742,"comment_status":"open","ping_status":"open","sticky":false,"template":"","format":"standard","meta":{"jetpack_post_was_ever_published":false,"_jetpack_newsletter_access":"","_jetpack_dont_email_post_to_subs":false,"_jetpack_newsletter_tier_id":0,"_jetpack_memberships_contains_paywalled_content":false,"_jetpack_memberships_contains_paid_content":false,"footnotes":"","jetpack_publicize_message":"","jetpack_publicize_feature_enabled":true,"jetpack_social_post_already_shared":true,"jetpack_social_options":{"image_generator_settings":{"template":"highway","default_image_id":0,"font":"","enabled":false},"version":2}},"categories":[27,85,10,1,35,86],"tags":[],"class_list":["post-105741","post","type-post","status-publish","format-standard","has-post-thumbnail","hentry","category-blogu-i-udhetarit","category-histori","category-kultura","category-njoftime-shtypi","category-shoqerore","category-trashegimi-kulturore"],"jetpack_publicize_connections":[],"jetpack_featured_media_url":"https:\/\/i0.wp.com\/www.shqiperia.com\/blog\/wp-content\/uploads\/2026\/09\/1788186054_manastiriikryeengjjve.jpg?fit=780%2C440&ssl=1","jetpack_sharing_enabled":true,"jetpack_shortlink":"https:\/\/wp.me\/p5Z6wp-rvv","jetpack-related-posts":[{"id":102299,"url":"https:\/\/www.shqiperia.com\/blog\/qyteti-i-ohrit-ne-listen-e-trashegimise-se-unesco-s-terheq-vizitoret-gjate-sezonit-veror\/","url_meta":{"origin":105741,"position":0},"title":"Qyteti i Ohrit n\u00eb list\u00ebn e trash\u00ebgimis\u00eb s\u00eb UNESCO-s t\u00ebrheq vizitor\u00ebt gjat\u00eb sezonit veror","author":"Kurt Farka","date":"July 6, 2026","format":false,"excerpt":"6 Korrik 2026 Nj\u00eb nga destinacionet turistike m\u00eb t\u00eb njohura n\u00eb Ballkan dhe qytet q\u00eb brenda kufijve t\u00eb tij strehon nj\u00eb nga liqenet m\u00eb t\u00eb vjetra dhe m\u00eb t\u00eb thella t\u00eb Evrop\u00ebs, Ohri, edhe k\u00ebt\u00eb vit renditet nd\u00ebr vendet m\u00eb t\u00eb vizituara nga turist\u00ebt n\u00eb rajon. Qyteti i Ohrit, nj\u00eb\u2026","rel":"","context":"In &quot;Blogu i Udh\u00ebtarit&quot;","block_context":{"text":"Blogu i Udh\u00ebtarit","link":"https:\/\/www.shqiperia.com\/blog\/category\/blogu-i-udhetarit\/"},"img":{"alt_text":"","src":"https:\/\/i0.wp.com\/www.shqiperia.com\/blog\/wp-content\/uploads\/2026\/07\/Qyteti-Shqiptareve-Ohri.webp?fit=729%2C486&ssl=1&resize=350%2C200","width":350,"height":200,"srcset":"https:\/\/i0.wp.com\/www.shqiperia.com\/blog\/wp-content\/uploads\/2026\/07\/Qyteti-Shqiptareve-Ohri.webp?fit=729%2C486&ssl=1&resize=350%2C200 1x, https:\/\/i0.wp.com\/www.shqiperia.com\/blog\/wp-content\/uploads\/2026\/07\/Qyteti-Shqiptareve-Ohri.webp?fit=729%2C486&ssl=1&resize=525%2C300 1.5x, https:\/\/i0.wp.com\/www.shqiperia.com\/blog\/wp-content\/uploads\/2026\/07\/Qyteti-Shqiptareve-Ohri.webp?fit=729%2C486&ssl=1&resize=700%2C400 2x"},"classes":[]},{"id":101388,"url":"https:\/\/www.shqiperia.com\/blog\/proteste-historike-tubimi-i-qytetareve-thyen-rekord-ne-pjesemarrje\/","url_meta":{"origin":105741,"position":1},"title":"Protest\u00eb historike, tubimi i qytetar\u00ebve thyen rekord n\u00eb pjes\u00ebmarrje","author":"Kurt Farka","date":"June 10, 2026","format":false,"excerpt":"10 Qershor 2026 Q\u00ebndres\u00eb, energji, t\u00eb vendosur n\u00eb kauz\u00ebn e tyre, qytetar\u00ebt vijojn\u00eb marshimin n\u00eb kryeqytet. M\u00eb thirrjet \u201cEdi Rama jep dor\u00ebheqjen\u201d, \u201cBashkohuni me ne\u201d, \u201cOpozita jemi ne\u201d, \u201cShqip\u00ebri e Re\u201d, \u201cRevolucion\u201d, \u201cRama n\u00eb burg, Berisha n\u00eb burg\u201d, vijon protest\u00eb-marshimi n\u00eb t\u00eb gjith\u00eb kryeqytetin. Pjes\u00ebmarrja \u00ebsht\u00eb historike ka tejkaluar \u00e7do\u2026","rel":"","context":"In &quot;Kultura&quot;","block_context":{"text":"Kultura","link":"https:\/\/www.shqiperia.com\/blog\/category\/kultura\/"},"img":{"alt_text":"","src":"https:\/\/i0.wp.com\/www.shqiperia.com\/blog\/wp-content\/uploads\/2026\/06\/WhatsApp-Image-2026-06-10-at-21.28.17-1.jpeg?fit=1200%2C800&ssl=1&resize=350%2C200","width":350,"height":200,"srcset":"https:\/\/i0.wp.com\/www.shqiperia.com\/blog\/wp-content\/uploads\/2026\/06\/WhatsApp-Image-2026-06-10-at-21.28.17-1.jpeg?fit=1200%2C800&ssl=1&resize=350%2C200 1x, https:\/\/i0.wp.com\/www.shqiperia.com\/blog\/wp-content\/uploads\/2026\/06\/WhatsApp-Image-2026-06-10-at-21.28.17-1.jpeg?fit=1200%2C800&ssl=1&resize=525%2C300 1.5x, https:\/\/i0.wp.com\/www.shqiperia.com\/blog\/wp-content\/uploads\/2026\/06\/WhatsApp-Image-2026-06-10-at-21.28.17-1.jpeg?fit=1200%2C800&ssl=1&resize=700%2C400 2x, https:\/\/i0.wp.com\/www.shqiperia.com\/blog\/wp-content\/uploads\/2026\/06\/WhatsApp-Image-2026-06-10-at-21.28.17-1.jpeg?fit=1200%2C800&ssl=1&resize=1050%2C600 3x"},"classes":[]},{"id":103979,"url":"https:\/\/www.shqiperia.com\/blog\/thatesi-historike-ne-angli-hyde-park-ne-londer-ndryshon-pamje-zhduket-gjelberimi-karakteristik\/","url_meta":{"origin":105741,"position":2},"title":"That\u00ebsi historike n\u00eb Angli: &#8211; Hyde Park n\u00eb Lond\u00ebr ndryshon pamje, zhduket gjelb\u00ebrimi karakteristik","author":"Kurt Farka","date":"August 8, 2026","format":false,"excerpt":"8 Gusht 2026 That\u00ebsira e zgjatur q\u00eb ka p\u00ebrfshir\u00eb Britanin\u00eb e Madhe ka ndryshuar ndjesh\u00ebm pamjen e nj\u00eb prej simboleve m\u00eb t\u00eb njohura t\u00eb Londr\u00ebs, Hyde Park. Pamjet ajrore t\u00eb parkut tregojn\u00eb se sip\u00ebrfaqet e famshme me bar t\u00eb gjelb\u00ebr tashm\u00eb jan\u00eb z\u00ebvend\u00ebsuar nga zona t\u00eb m\u00ebdha t\u00eb thara dhe\u2026","rel":"","context":"In &quot;Blogu i Udh\u00ebtarit&quot;","block_context":{"text":"Blogu i Udh\u00ebtarit","link":"https:\/\/www.shqiperia.com\/blog\/category\/blogu-i-udhetarit\/"},"img":{"alt_text":"","src":"https:\/\/i0.wp.com\/www.shqiperia.com\/blog\/wp-content\/uploads\/2026\/08\/auto_104531_hyde-park-londer-1_utv1786123046.webp?fit=980%2C654&ssl=1&resize=350%2C200","width":350,"height":200,"srcset":"https:\/\/i0.wp.com\/www.shqiperia.com\/blog\/wp-content\/uploads\/2026\/08\/auto_104531_hyde-park-londer-1_utv1786123046.webp?fit=980%2C654&ssl=1&resize=350%2C200 1x, https:\/\/i0.wp.com\/www.shqiperia.com\/blog\/wp-content\/uploads\/2026\/08\/auto_104531_hyde-park-londer-1_utv1786123046.webp?fit=980%2C654&ssl=1&resize=525%2C300 1.5x, https:\/\/i0.wp.com\/www.shqiperia.com\/blog\/wp-content\/uploads\/2026\/08\/auto_104531_hyde-park-londer-1_utv1786123046.webp?fit=980%2C654&ssl=1&resize=700%2C400 2x"},"classes":[]},{"id":102890,"url":"https:\/\/www.shqiperia.com\/blog\/nuk-dorezohemi-pa-dhene-doreheqjen-rezistenca-historike-sot-dita-e-49-te-e-revoltes-popullore-qytetare\/","url_meta":{"origin":105741,"position":3},"title":"\u201cNuk dor\u00ebzohemi pa dh\u00ebn\u00eb dor\u00ebheqjen!\u201d- Rezistenca historike, sot dita e 49-t\u00eb e revolt\u00ebs popullore, qytetare","author":"Kurt Farka","date":"July 18, 2026","format":false,"excerpt":"18 Korrik 2026 Nj\u00eb rezistenc\u00eb historike si kurr\u00eb m\u00eb par\u00eb n\u00eb Shqip\u00ebri. Revolta popullore kund\u00ebr qeveris\u00eb, kryeministrit Edi Rama dhe kast\u00ebs s\u00eb vjet\u00ebr politike hyn sot n\u00eb dit\u00ebn e 49-t\u00eb t\u00eb saj, (18 korrik 2026), pa nd\u00ebrprerje dhe me q\u00ebndrueshm\u00ebri t\u00eb pap\u00ebrs\u00ebritshme. Pas nj\u00eb tjet\u00ebr marshimi masiv mbr\u00ebmjen e djeshme,\u2026","rel":"","context":"In &quot;Blogu i Udh\u00ebtarit&quot;","block_context":{"text":"Blogu i Udh\u00ebtarit","link":"https:\/\/www.shqiperia.com\/blog\/category\/blogu-i-udhetarit\/"},"img":{"alt_text":"","src":"https:\/\/i0.wp.com\/www.shqiperia.com\/blog\/wp-content\/uploads\/2026\/07\/WhatsApp-Image-2026-06-19-at-21.03.56-1-5-1.jpeg?fit=1200%2C900&ssl=1&resize=350%2C200","width":350,"height":200,"srcset":"https:\/\/i0.wp.com\/www.shqiperia.com\/blog\/wp-content\/uploads\/2026\/07\/WhatsApp-Image-2026-06-19-at-21.03.56-1-5-1.jpeg?fit=1200%2C900&ssl=1&resize=350%2C200 1x, https:\/\/i0.wp.com\/www.shqiperia.com\/blog\/wp-content\/uploads\/2026\/07\/WhatsApp-Image-2026-06-19-at-21.03.56-1-5-1.jpeg?fit=1200%2C900&ssl=1&resize=525%2C300 1.5x, https:\/\/i0.wp.com\/www.shqiperia.com\/blog\/wp-content\/uploads\/2026\/07\/WhatsApp-Image-2026-06-19-at-21.03.56-1-5-1.jpeg?fit=1200%2C900&ssl=1&resize=700%2C400 2x, https:\/\/i0.wp.com\/www.shqiperia.com\/blog\/wp-content\/uploads\/2026\/07\/WhatsApp-Image-2026-06-19-at-21.03.56-1-5-1.jpeg?fit=1200%2C900&ssl=1&resize=1050%2C600 3x"},"classes":[]},{"id":104824,"url":"https:\/\/www.shqiperia.com\/blog\/5-figura-te-njohura-historike-qe-nuk-kane-ekzistuar\/","url_meta":{"origin":105741,"position":4},"title":"5 figura t\u00eb njohura historike q\u00eb nuk kan\u00eb ekzistuar","author":"Kurt Farka","date":"August 20, 2026","format":false,"excerpt":"20 Gusht 2026 Historia \u00ebsht\u00eb plot me figura t\u00eb famshme, fjal\u00ebt dhe veprat e t\u00eb cilave kan\u00eb jehuar nd\u00ebr shekuj. Por her\u00eb pas here, nj\u00eb personazh imagjinar futet aq thell\u00eb n\u00eb nd\u00ebrgjegjen e publikut, saq\u00eb nis t\u00eb besohet si nj\u00eb figur\u00eb reale. Ka edhe raste t\u00eb debatueshme, si mbreti Artur,\u2026","rel":"","context":"In &quot;Blogu i Udh\u00ebtarit&quot;","block_context":{"text":"Blogu i Udh\u00ebtarit","link":"https:\/\/www.shqiperia.com\/blog\/category\/blogu-i-udhetarit\/"},"img":{"alt_text":"","src":"https:\/\/i0.wp.com\/www.shqiperia.com\/blog\/wp-content\/uploads\/2026\/08\/auto_images_GettyImages_mmsport_mentalfloss_01kx0yvv60r4shtjneg81787216504.webp?fit=720%2C405&ssl=1&resize=350%2C200","width":350,"height":200,"srcset":"https:\/\/i0.wp.com\/www.shqiperia.com\/blog\/wp-content\/uploads\/2026\/08\/auto_images_GettyImages_mmsport_mentalfloss_01kx0yvv60r4shtjneg81787216504.webp?fit=720%2C405&ssl=1&resize=350%2C200 1x, https:\/\/i0.wp.com\/www.shqiperia.com\/blog\/wp-content\/uploads\/2026\/08\/auto_images_GettyImages_mmsport_mentalfloss_01kx0yvv60r4shtjneg81787216504.webp?fit=720%2C405&ssl=1&resize=525%2C300 1.5x, https:\/\/i0.wp.com\/www.shqiperia.com\/blog\/wp-content\/uploads\/2026\/08\/auto_images_GettyImages_mmsport_mentalfloss_01kx0yvv60r4shtjneg81787216504.webp?fit=720%2C405&ssl=1&resize=700%2C400 2x"},"classes":[]},{"id":104305,"url":"https:\/\/www.shqiperia.com\/blog\/qendra-historike-e-himares-pa-restaurim-dhe-pa-perkujdesje\/","url_meta":{"origin":105741,"position":5},"title":"Qendra Historike e Himares : -Pa restaurim dhe pa perkujdesje","author":"Kurt Farka","date":"August 12, 2026","format":false,"excerpt":"12 Gusht 2026 Qendra Historike e Himar\u00ebs ngrihet mbi nj\u00eb kod\u00ebr 240 m t\u00eb lart\u00eb. Nga verilindja dhe per\u00ebndimi gremina sh\u00ebrben si mbrojtje natyrore. Vendbanimi antik dhe mesjetar \u00ebsht\u00eb ngritur mbi nj\u00eb vendbanim t\u00eb periudh\u00ebs s\u00eb bronzit t\u00eb von\u00eb. N\u00eb periudh\u00ebn prehistorike antike e mesjetare vendbanimi ka qen\u00eb i fortifikiuar\u2026","rel":"","context":"In &quot;Blogu i Udh\u00ebtarit&quot;","block_context":{"text":"Blogu i Udh\u00ebtarit","link":"https:\/\/www.shqiperia.com\/blog\/category\/blogu-i-udhetarit\/"},"img":{"alt_text":"","src":"https:\/\/i0.wp.com\/www.shqiperia.com\/blog\/wp-content\/uploads\/2026\/08\/Qendra-Historike-e-Himares-Pamje-e-pjesshme.png?fit=1024%2C592&ssl=1&resize=350%2C200","width":350,"height":200,"srcset":"https:\/\/i0.wp.com\/www.shqiperia.com\/blog\/wp-content\/uploads\/2026\/08\/Qendra-Historike-e-Himares-Pamje-e-pjesshme.png?fit=1024%2C592&ssl=1&resize=350%2C200 1x, https:\/\/i0.wp.com\/www.shqiperia.com\/blog\/wp-content\/uploads\/2026\/08\/Qendra-Historike-e-Himares-Pamje-e-pjesshme.png?fit=1024%2C592&ssl=1&resize=525%2C300 1.5x, https:\/\/i0.wp.com\/www.shqiperia.com\/blog\/wp-content\/uploads\/2026\/08\/Qendra-Historike-e-Himares-Pamje-e-pjesshme.png?fit=1024%2C592&ssl=1&resize=700%2C400 2x"},"classes":[]}],"_links":{"self":[{"href":"https:\/\/www.shqiperia.com\/blog\/wp-json\/wp\/v2\/posts\/105741","targetHints":{"allow":["GET"]}}],"collection":[{"href":"https:\/\/www.shqiperia.com\/blog\/wp-json\/wp\/v2\/posts"}],"about":[{"href":"https:\/\/www.shqiperia.com\/blog\/wp-json\/wp\/v2\/types\/post"}],"author":[{"embeddable":true,"href":"https:\/\/www.shqiperia.com\/blog\/wp-json\/wp\/v2\/users\/9"}],"replies":[{"embeddable":true,"href":"https:\/\/www.shqiperia.com\/blog\/wp-json\/wp\/v2\/comments?post=105741"}],"version-history":[{"count":1,"href":"https:\/\/www.shqiperia.com\/blog\/wp-json\/wp\/v2\/posts\/105741\/revisions"}],"predecessor-version":[{"id":105751,"href":"https:\/\/www.shqiperia.com\/blog\/wp-json\/wp\/v2\/posts\/105741\/revisions\/105751"}],"wp:featuredmedia":[{"embeddable":true,"href":"https:\/\/www.shqiperia.com\/blog\/wp-json\/wp\/v2\/media\/105742"}],"wp:attachment":[{"href":"https:\/\/www.shqiperia.com\/blog\/wp-json\/wp\/v2\/media?parent=105741"}],"wp:term":[{"taxonomy":"category","embeddable":true,"href":"https:\/\/www.shqiperia.com\/blog\/wp-json\/wp\/v2\/categories?post=105741"},{"taxonomy":"post_tag","embeddable":true,"href":"https:\/\/www.shqiperia.com\/blog\/wp-json\/wp\/v2\/tags?post=105741"}],"curies":[{"name":"wp","href":"https:\/\/api.w.org\/{rel}","templated":true}]}}