{"id":105738,"date":"2026-09-01T19:57:49","date_gmt":"2026-09-01T19:57:49","guid":{"rendered":"https:\/\/www.shqiperia.com\/blog\/?p=105738"},"modified":"2026-09-01T19:57:49","modified_gmt":"2026-09-01T19:57:49","slug":"dyshime-per-ndotje-te-ujit-ne-fushe-arrez-shtohen-rastet-e-helmimeve-banoret-mban-ere-prej-tre-ditesh-priten-analizat","status":"publish","type":"post","link":"https:\/\/www.shqiperia.com\/blog\/dyshime-per-ndotje-te-ujit-ne-fushe-arrez-shtohen-rastet-e-helmimeve-banoret-mban-ere-prej-tre-ditesh-priten-analizat\/","title":{"rendered":"Dyshime p\u00ebr ndotje t\u00eb ujit n\u00eb Fush\u00eb-Arr\u00ebz, shtohen rastet e helmimeve! Banor\u00ebt: Mban er\u00eb prej tre dit\u00ebsh, priten analizat"},"content":{"rendered":"<div class=\"l-inner-grid\">\n<div class=\"content-full\">\n<article class=\"first-child\">\n<div class=\"slider-content\">\n<div class=\"article_header\">\n<div class=\"author_and_related permbledhja\">\n<div id=\"attachment_105739\" style=\"width: 638px\" class=\"wp-caption alignnone\"><img data-recalc-dims=\"1\" loading=\"lazy\" decoding=\"async\" aria-describedby=\"caption-attachment-105739\" data-attachment-id=\"105739\" data-permalink=\"https:\/\/www.shqiperia.com\/blog\/dyshime-per-ndotje-te-ujit-ne-fushe-arrez-shtohen-rastet-e-helmimeve-banoret-mban-ere-prej-tre-ditesh-priten-analizat\/fushe-arresi-3\/\" data-orig-file=\"https:\/\/i0.wp.com\/www.shqiperia.com\/blog\/wp-content\/uploads\/2026\/09\/Fushe-Arresi.jpg?fit=780%2C440&amp;ssl=1\" data-orig-size=\"780,440\" data-comments-opened=\"1\" data-image-meta=\"{&quot;aperture&quot;:&quot;0&quot;,&quot;credit&quot;:&quot;&quot;,&quot;camera&quot;:&quot;&quot;,&quot;caption&quot;:&quot;&quot;,&quot;created_timestamp&quot;:&quot;0&quot;,&quot;copyright&quot;:&quot;&quot;,&quot;focal_length&quot;:&quot;0&quot;,&quot;iso&quot;:&quot;0&quot;,&quot;shutter_speed&quot;:&quot;0&quot;,&quot;title&quot;:&quot;&quot;,&quot;orientation&quot;:&quot;0&quot;}\" data-image-title=\"Fush\u00eb Arr\u00ebsi\" data-image-description=\"\" data-image-caption=\"&lt;p&gt;Fush\u00eb Arr\u00ebsi&lt;\/p&gt;\n\" data-medium-file=\"https:\/\/i0.wp.com\/www.shqiperia.com\/blog\/wp-content\/uploads\/2026\/09\/Fushe-Arresi.jpg?fit=300%2C169&amp;ssl=1\" data-large-file=\"https:\/\/i0.wp.com\/www.shqiperia.com\/blog\/wp-content\/uploads\/2026\/09\/Fushe-Arresi.jpg?fit=780%2C440&amp;ssl=1\" class=\" wp-image-105739\" alt=\"\" src=\"https:\/\/i0.wp.com\/www.shqiperia.com\/blog\/wp-content\/uploads\/2026\/09\/Fushe-Arresi.jpg?resize=628%2C354&#038;ssl=1\" width=\"628\" height=\"354\" srcset=\"https:\/\/i0.wp.com\/www.shqiperia.com\/blog\/wp-content\/uploads\/2026\/09\/Fushe-Arresi.jpg?resize=300%2C169&amp;ssl=1 300w, https:\/\/i0.wp.com\/www.shqiperia.com\/blog\/wp-content\/uploads\/2026\/09\/Fushe-Arresi.jpg?resize=768%2C433&amp;ssl=1 768w, https:\/\/i0.wp.com\/www.shqiperia.com\/blog\/wp-content\/uploads\/2026\/09\/Fushe-Arresi.jpg?resize=450%2C254&amp;ssl=1 450w, https:\/\/i0.wp.com\/www.shqiperia.com\/blog\/wp-content\/uploads\/2026\/09\/Fushe-Arresi.jpg?resize=600%2C338&amp;ssl=1 600w, https:\/\/i0.wp.com\/www.shqiperia.com\/blog\/wp-content\/uploads\/2026\/09\/Fushe-Arresi.jpg?resize=400%2C226&amp;ssl=1 400w, https:\/\/i0.wp.com\/www.shqiperia.com\/blog\/wp-content\/uploads\/2026\/09\/Fushe-Arresi.jpg?w=780&amp;ssl=1 780w\" sizes=\"auto, (max-width: 628px) 100vw, 628px\" \/><p id=\"caption-attachment-105739\" class=\"wp-caption-text\">Fush\u00eb Arr\u00ebsi<\/p><\/div>\n<p data-asw-org-font-size=\"15\">1 Shtator 2026<\/p>\n<p data-asw-org-font-size=\"15\">Disa raste me gastroenterit jan\u00eb regjistruar gjat\u00eb tre dit\u00ebve t\u00eb fundit n\u00eb Fush\u00eb-Arr\u00ebz, nd\u00ebrsa banor\u00ebt dyshojn\u00eb se problemet lidhen me ujin e pijsh\u00ebm. Sipas tyre, uji i \u00e7ezm\u00ebs mban er\u00eb prej disa dit\u00ebsh<\/p>\n<\/div>\n<\/div>\n<\/div>\n<\/article>\n<\/div>\n<\/div>\n<div class=\"l-inner-grid lajme-single\">\n<div class=\"single_article_body\">\n<div class=\"first-paragraph\">\n<p data-asw-org-font-size=\"16\">Disa raste me gastroenterit jan\u00eb regjistruar gjat\u00eb tre dit\u00ebve t\u00eb fundit n\u00eb Fush\u00eb-Arr\u00ebz, nd\u00ebrsa qytetar\u00ebt dyshojn\u00eb se problemi mund t\u00eb lidhet me ujin e pijsh\u00ebm.<\/p>\n<\/div>\n<p data-asw-org-font-size=\"16\">Mjeku i Qendr\u00ebs Sh\u00ebndet\u00ebsore t\u00eb Fush\u00eb-Arr\u00ebzit, Nikolin Bardhoka, tha se rastet jan\u00eb evidentuar dhe jan\u00eb njoftuar strukturat p\u00ebrkat\u00ebse. Ai sqaroi se nuk mund t\u00eb thuhet ende n\u00ebse b\u00ebhet fjal\u00eb p\u00ebr nj\u00eb viroz\u00eb apo p\u00ebr nj\u00eb shkak tjet\u00ebr.<\/p>\n<p data-asw-org-font-size=\"16\">Sipas tij, pacient\u00ebt nuk kan\u00eb qen\u00eb n\u00eb gjendje t\u00eb r\u00ebnd\u00eb.<\/p>\n<p data-asw-org-font-size=\"16\">Nd\u00ebrkoh\u00eb, banor\u00ebt shprehen se prej tre dit\u00ebsh uji i \u00e7ezm\u00ebs ka pasur er\u00eb, nd\u00ebrsa sot, sipas tyre, \u00ebsht\u00eb hedhur klor n\u00eb rrjet dhe uji nuk pihet p\u00ebr shkak t\u00eb er\u00ebs s\u00eb fort\u00eb.<\/p>\n<p data-asw-org-font-size=\"16\">Nj\u00ebsia e Kujdesit Sh\u00ebndet\u00ebsor ka marr\u00eb kampione t\u00eb ujit p\u00ebr analiza, por rezultatet ende nuk jan\u00eb b\u00ebr\u00eb t\u00eb ditura.<\/p>\n<\/div>\n<\/div>\n","protected":false},"excerpt":{"rendered":"<p>1 Shtator 2026 Disa raste me gastroenterit jan\u00eb regjistruar gjat\u00eb tre dit\u00ebve t\u00eb fundit n\u00eb Fush\u00eb-Arr\u00ebz, nd\u00ebrsa banor\u00ebt dyshojn\u00eb se problemet lidhen me ujin e pijsh\u00ebm. Sipas tyre, uji i \u00e7ezm\u00ebs mban er\u00eb prej disa dit\u00ebsh Disa raste me gastroenterit jan\u00eb regjistruar gjat\u00eb tre dit\u00ebve t\u00eb fundit n\u00eb Fush\u00eb-Arr\u00ebz, nd\u00ebrsa qytetar\u00ebt dyshojn\u00eb se problemi mund [&hellip;]<\/p>\n","protected":false},"author":9,"featured_media":105739,"comment_status":"open","ping_status":"open","sticky":false,"template":"","format":"standard","meta":{"jetpack_post_was_ever_published":false,"_jetpack_newsletter_access":"","_jetpack_dont_email_post_to_subs":false,"_jetpack_newsletter_tier_id":0,"_jetpack_memberships_contains_paywalled_content":false,"_jetpack_memberships_contains_paid_content":false,"footnotes":"","jetpack_publicize_message":"","jetpack_publicize_feature_enabled":true,"jetpack_social_post_already_shared":true,"jetpack_social_options":{"image_generator_settings":{"template":"highway","default_image_id":0,"font":"","enabled":false},"version":2}},"categories":[27,1,35],"tags":[],"class_list":["post-105738","post","type-post","status-publish","format-standard","has-post-thumbnail","hentry","category-blogu-i-udhetarit","category-njoftime-shtypi","category-shoqerore"],"jetpack_publicize_connections":[],"jetpack_featured_media_url":"https:\/\/i0.wp.com\/www.shqiperia.com\/blog\/wp-content\/uploads\/2026\/09\/Fushe-Arresi.jpg?fit=780%2C440&ssl=1","jetpack_sharing_enabled":true,"jetpack_shortlink":"https:\/\/wp.me\/p5Z6wp-rvs","jetpack-related-posts":[{"id":103901,"url":"https:\/\/www.shqiperia.com\/blog\/jemi-100-kilometra-larg-qytetit-te-pukes-kryepleqte-e-9-fshatrave-te-fushe-arrezit-kundershtojne-bashkimin-me-bashkine-puke\/","url_meta":{"origin":105738,"position":0},"title":"Jemi 100 kilometra larg qytetit t\u00eb Puk\u00ebs.  Kryepleqt\u00eb e 9 fshatrave t\u00eb Fush\u00eb-Arr\u00ebzit  kund\u00ebrshtojn\u00eb bashkimin me bashkin\u00eb  Puk\u00eb","author":"Kurt Farka","date":"August 6, 2026","format":false,"excerpt":"6 Gusht 2026 Banor\u00ebt e nj\u00ebsis\u00eb administrative Fierz\u00eb, n\u00eb bashkin\u00eb Fush\u00eb-Arr\u00ebz, kund\u00ebrshtojn\u00eb bashkimin me Puk\u00ebn, sipas draftit t\u00eb propozuar nga Partia Socialiste. Kryepleqt\u00eb e n\u00ebnt\u00eb fshatrave u mblodh\u00ebn sot n\u00eb vendin tradicional t\u00eb kuvendeve, pran\u00eb Kish\u00ebs s\u00eb Fierz\u00ebs, nga ku i b\u00ebn\u00eb thirrje qeveris\u00eb t\u00eb rishikoj\u00eb vendimin p\u00ebr bashkimin e\u2026","rel":"","context":"In &quot;Blogu i Udh\u00ebtarit&quot;","block_context":{"text":"Blogu i Udh\u00ebtarit","link":"https:\/\/www.shqiperia.com\/blog\/category\/blogu-i-udhetarit\/"},"img":{"alt_text":"","src":"https:\/\/i0.wp.com\/www.shqiperia.com\/blog\/wp-content\/uploads\/2026\/08\/1786005711_fushearrez.jpg?fit=780%2C440&ssl=1&resize=350%2C200","width":350,"height":200,"srcset":"https:\/\/i0.wp.com\/www.shqiperia.com\/blog\/wp-content\/uploads\/2026\/08\/1786005711_fushearrez.jpg?fit=780%2C440&ssl=1&resize=350%2C200 1x, https:\/\/i0.wp.com\/www.shqiperia.com\/blog\/wp-content\/uploads\/2026\/08\/1786005711_fushearrez.jpg?fit=780%2C440&ssl=1&resize=525%2C300 1.5x, https:\/\/i0.wp.com\/www.shqiperia.com\/blog\/wp-content\/uploads\/2026\/08\/1786005711_fushearrez.jpg?fit=780%2C440&ssl=1&resize=700%2C400 2x"},"classes":[]},{"id":103505,"url":"https:\/\/www.shqiperia.com\/blog\/banoret-e-maliqit-therrasin-proteste-te-dielen-zgare-me-tesera-te-ps-se\/","url_meta":{"origin":105738,"position":1},"title":"Banor\u00ebt  e Maliqit th\u00ebrrasin protest\u00eb t\u00eb diel\u00ebn. &#8211; Zgare me tesera t\u00eb PS-s\u00eb","author":"Kurt Farka","date":"July 30, 2026","format":false,"excerpt":"30 Korrik 2026 Banor\u00ebt e bashkis\u00eb s\u00eb Maliqit kan\u00eb njoftuar k\u00ebt\u00eb t\u00eb enjte se do t\u00eb ngrihen n\u00eb protest\u00eb lidhur me hart\u00ebn e re territoriale ku shkrihen 15 bashki. Nga k\u00ebto ndryshime preket edhe Maliqi, teksa PS k\u00ebrkon bashkimin e saj me Kor\u00e7\u00ebn. Banor\u00ebt kan\u00eb njoftuar protest\u00eb dit\u00ebn e diel\u2026","rel":"","context":"In &quot;Blogu i Udh\u00ebtarit&quot;","block_context":{"text":"Blogu i Udh\u00ebtarit","link":"https:\/\/www.shqiperia.com\/blog\/category\/blogu-i-udhetarit\/"},"img":{"alt_text":"","src":"https:\/\/i0.wp.com\/www.shqiperia.com\/blog\/wp-content\/uploads\/2026\/07\/640-0-whatsapp-image-2026-07-30-at-173518-1024x1024-1785440173.jpeg?fit=640%2C640&ssl=1&resize=350%2C200","width":350,"height":200,"srcset":"https:\/\/i0.wp.com\/www.shqiperia.com\/blog\/wp-content\/uploads\/2026\/07\/640-0-whatsapp-image-2026-07-30-at-173518-1024x1024-1785440173.jpeg?fit=640%2C640&ssl=1&resize=350%2C200 1x, https:\/\/i0.wp.com\/www.shqiperia.com\/blog\/wp-content\/uploads\/2026\/07\/640-0-whatsapp-image-2026-07-30-at-173518-1024x1024-1785440173.jpeg?fit=640%2C640&ssl=1&resize=525%2C300 1.5x"},"classes":[]},{"id":104674,"url":"https:\/\/www.shqiperia.com\/blog\/flaket-sfidojne-terrenin-ne-puke-40-ushtarake-dhe-helikoptere-ne-aksion-per-shuarjen-e-zjarrit\/","url_meta":{"origin":105738,"position":2},"title":"Flak\u00ebt sfidojn\u00eb terrenin n\u00eb Puk\u00eb, 40 ushtarak\u00eb dhe helikopter\u00eb n\u00eb aksion p\u00ebr shuarjen e zjarrit","author":"Kurt Farka","date":"August 18, 2026","format":false,"excerpt":"18 Gusht 2026 Zjarri n\u00eb Fush\u00eb-Laj\u00eb, n\u00eb pyjet e Malit t\u00eb T\u00ebrbunit, n\u00eb Bashkin\u00eb Puk\u00eb, vijon t\u00eb jet\u00eb n\u00ebn monitorim t\u00eb vazhduesh\u00ebm nga strukturat p\u00ebrgjegj\u00ebse. Sipas Institucionit t\u00eb Prefektit t\u00eb Qarkut Shkod\u00ebr, situata po monitorohet n\u00eb koh\u00eb reale nga drejtuesi teknik i operacionit dhe strukturat e angazhuara n\u00eb terren, n\u00ebn\u2026","rel":"","context":"In &quot;Blogu i Udh\u00ebtarit&quot;","block_context":{"text":"Blogu i Udh\u00ebtarit","link":"https:\/\/www.shqiperia.com\/blog\/category\/blogu-i-udhetarit\/"},"img":{"alt_text":"","src":"https:\/\/i0.wp.com\/www.shqiperia.com\/blog\/wp-content\/uploads\/2026\/08\/Zjarri-ne-Terbun-Puke-1.jpg?fit=1200%2C675&ssl=1&resize=350%2C200","width":350,"height":200,"srcset":"https:\/\/i0.wp.com\/www.shqiperia.com\/blog\/wp-content\/uploads\/2026\/08\/Zjarri-ne-Terbun-Puke-1.jpg?fit=1200%2C675&ssl=1&resize=350%2C200 1x, https:\/\/i0.wp.com\/www.shqiperia.com\/blog\/wp-content\/uploads\/2026\/08\/Zjarri-ne-Terbun-Puke-1.jpg?fit=1200%2C675&ssl=1&resize=525%2C300 1.5x, https:\/\/i0.wp.com\/www.shqiperia.com\/blog\/wp-content\/uploads\/2026\/08\/Zjarri-ne-Terbun-Puke-1.jpg?fit=1200%2C675&ssl=1&resize=700%2C400 2x, https:\/\/i0.wp.com\/www.shqiperia.com\/blog\/wp-content\/uploads\/2026\/08\/Zjarri-ne-Terbun-Puke-1.jpg?fit=1200%2C675&ssl=1&resize=1050%2C600 3x"},"classes":[]},{"id":103557,"url":"https:\/\/www.shqiperia.com\/blog\/ish-kryebashkiaku-socialist-i-pukes-gjon-gjonaj-del-kunder-shkrirjes-se-bashkise-fushe-arrez\/","url_meta":{"origin":105738,"position":3},"title":"Ish-kryebashkiaku socialist i Puk\u00ebs, Gjon Gjonaj, del kund\u00ebr shkrirjes s\u00eb Bashkis\u00eb Fush\u00eb-Arr\u00ebz","author":"Kurt Farka","date":"August 1, 2026","format":false,"excerpt":"1 Gusht 2026 Ish-kryebashkiaku socialist i Puk\u00ebs, Gjon Gjonaj, ka reaguar kund\u00ebr draftit t\u00eb reform\u00ebs s\u00eb re administrativo-territoriale, q\u00eb parashikon bashkimin e bashkive Puk\u00eb dhe Fush\u00eb-Arr\u00ebz n\u00eb nj\u00eb nj\u00ebsi t\u00eb vetme administrative. N\u00eb nj\u00eb reagim publik, Gjonaj argumenton se bashkimi i dy bashkive nuk do t\u00eb sjell\u00eb p\u00ebrmir\u00ebsim t\u00eb sh\u00ebrbimeve\u2026","rel":"","context":"In &quot;Blogu i Udh\u00ebtarit&quot;","block_context":{"text":"Blogu i Udh\u00ebtarit","link":"https:\/\/www.shqiperia.com\/blog\/category\/blogu-i-udhetarit\/"},"img":{"alt_text":"","src":"https:\/\/i0.wp.com\/www.shqiperia.com\/blog\/wp-content\/uploads\/2026\/08\/759786847_2515183438917137_6948813854080628593_n.jpg?fit=816%2C581&ssl=1&resize=350%2C200","width":350,"height":200,"srcset":"https:\/\/i0.wp.com\/www.shqiperia.com\/blog\/wp-content\/uploads\/2026\/08\/759786847_2515183438917137_6948813854080628593_n.jpg?fit=816%2C581&ssl=1&resize=350%2C200 1x, https:\/\/i0.wp.com\/www.shqiperia.com\/blog\/wp-content\/uploads\/2026\/08\/759786847_2515183438917137_6948813854080628593_n.jpg?fit=816%2C581&ssl=1&resize=525%2C300 1.5x, https:\/\/i0.wp.com\/www.shqiperia.com\/blog\/wp-content\/uploads\/2026\/08\/759786847_2515183438917137_6948813854080628593_n.jpg?fit=816%2C581&ssl=1&resize=700%2C400 2x"},"classes":[]},{"id":92931,"url":"https:\/\/www.shqiperia.com\/blog\/n-prefektura-puke-bashkia-fushe-arres-perfshihet-nga-zjarret-evakuohen-dy-fshatra-rrezikohen-linjat-e-tensionit-te-larte\/","url_meta":{"origin":105738,"position":4},"title":"N\/prefektura PUKE- Bashkia Fushe Arres p\u00ebrfshihet nga zjarret\/ Evakuohen dy fshatra, rrezikohen linjat e tensionit t\u00eb lart\u00eb","author":"Kurt Farka","date":"August 12, 2025","format":false,"excerpt":"12 Gusht 2025 Gjat\u00eb or\u00ebve t\u00eb fundit situata me zjarret \u00ebsht\u00eb p\u00ebrkeq\u00ebsuar edhe m\u00eb shum\u00eb. B\u00ebhet e ditur se n\u00eb t\u00eb gjith\u00eb ekonomin\u00eb pyjore t\u00eb Kurore Dardh\u00ebs jan\u00eb aktive rreth 30 vatra zjarri, t\u00eb cilat kan\u00eb p\u00ebrfshir\u00eb afro 50 hektar\u00eb pyje me pisha dhe bredha. Gjithashtu n\u00eb terren jan\u00eb angazhuar\u2026","rel":"","context":"In &quot;Blogu i Udh\u00ebtarit&quot;","block_context":{"text":"Blogu i Udh\u00ebtarit","link":"https:\/\/www.shqiperia.com\/blog\/category\/blogu-i-udhetarit\/"},"img":{"alt_text":"","src":"https:\/\/i0.wp.com\/www.shqiperia.com\/blog\/wp-content\/uploads\/2025\/08\/Capture-25.png?fit=798%2C447&ssl=1&resize=350%2C200","width":350,"height":200,"srcset":"https:\/\/i0.wp.com\/www.shqiperia.com\/blog\/wp-content\/uploads\/2025\/08\/Capture-25.png?fit=798%2C447&ssl=1&resize=350%2C200 1x, https:\/\/i0.wp.com\/www.shqiperia.com\/blog\/wp-content\/uploads\/2025\/08\/Capture-25.png?fit=798%2C447&ssl=1&resize=525%2C300 1.5x, https:\/\/i0.wp.com\/www.shqiperia.com\/blog\/wp-content\/uploads\/2025\/08\/Capture-25.png?fit=798%2C447&ssl=1&resize=700%2C400 2x"},"classes":[]},{"id":104725,"url":"https:\/\/www.shqiperia.com\/blog\/zjarri-puke-vijon-ne-terbun-gojan-te-madh-dhe-gjegjan\/","url_meta":{"origin":105738,"position":5},"title":"Zjarri Puk\u00eb vijon n\u00eb T\u00ebrbun, Gojan t\u00eb Madh dhe Gjegjan.","author":"Kurt Farka","date":"August 19, 2026","format":false,"excerpt":"19 Gusht 2026 Tri vatra zjarri vijojn\u00eb t\u00eb jen\u00eb aktive n\u00eb territorin e Puk\u00ebs, nd\u00ebrsa situata mbetet problematike pas gjasht\u00eb dit\u00ebsh p\u00ebrpjekjesh p\u00ebr shuarjen e flak\u00ebve. Zjarri ka p\u00ebrfshir\u00eb malin e T\u00ebrbunit, n\u00eb zon\u00ebn e Kabashit, si dhe Gojanin e Madh e Gjegjanin, ku p\u00ebrhapja \u00ebsht\u00eb favorizuar nga er\u00ebrat e\u2026","rel":"","context":"In &quot;Blogu i Udh\u00ebtarit&quot;","block_context":{"text":"Blogu i Udh\u00ebtarit","link":"https:\/\/www.shqiperia.com\/blog\/category\/blogu-i-udhetarit\/"},"img":{"alt_text":"","src":"https:\/\/i0.wp.com\/www.shqiperia.com\/blog\/wp-content\/uploads\/2026\/08\/zjarr-ulishte-patos-763x450-1.jpg?fit=763%2C450&ssl=1&resize=350%2C200","width":350,"height":200,"srcset":"https:\/\/i0.wp.com\/www.shqiperia.com\/blog\/wp-content\/uploads\/2026\/08\/zjarr-ulishte-patos-763x450-1.jpg?fit=763%2C450&ssl=1&resize=350%2C200 1x, https:\/\/i0.wp.com\/www.shqiperia.com\/blog\/wp-content\/uploads\/2026\/08\/zjarr-ulishte-patos-763x450-1.jpg?fit=763%2C450&ssl=1&resize=525%2C300 1.5x, https:\/\/i0.wp.com\/www.shqiperia.com\/blog\/wp-content\/uploads\/2026\/08\/zjarr-ulishte-patos-763x450-1.jpg?fit=763%2C450&ssl=1&resize=700%2C400 2x"},"classes":[]}],"_links":{"self":[{"href":"https:\/\/www.shqiperia.com\/blog\/wp-json\/wp\/v2\/posts\/105738","targetHints":{"allow":["GET"]}}],"collection":[{"href":"https:\/\/www.shqiperia.com\/blog\/wp-json\/wp\/v2\/posts"}],"about":[{"href":"https:\/\/www.shqiperia.com\/blog\/wp-json\/wp\/v2\/types\/post"}],"author":[{"embeddable":true,"href":"https:\/\/www.shqiperia.com\/blog\/wp-json\/wp\/v2\/users\/9"}],"replies":[{"embeddable":true,"href":"https:\/\/www.shqiperia.com\/blog\/wp-json\/wp\/v2\/comments?post=105738"}],"version-history":[{"count":1,"href":"https:\/\/www.shqiperia.com\/blog\/wp-json\/wp\/v2\/posts\/105738\/revisions"}],"predecessor-version":[{"id":105740,"href":"https:\/\/www.shqiperia.com\/blog\/wp-json\/wp\/v2\/posts\/105738\/revisions\/105740"}],"wp:featuredmedia":[{"embeddable":true,"href":"https:\/\/www.shqiperia.com\/blog\/wp-json\/wp\/v2\/media\/105739"}],"wp:attachment":[{"href":"https:\/\/www.shqiperia.com\/blog\/wp-json\/wp\/v2\/media?parent=105738"}],"wp:term":[{"taxonomy":"category","embeddable":true,"href":"https:\/\/www.shqiperia.com\/blog\/wp-json\/wp\/v2\/categories?post=105738"},{"taxonomy":"post_tag","embeddable":true,"href":"https:\/\/www.shqiperia.com\/blog\/wp-json\/wp\/v2\/tags?post=105738"}],"curies":[{"name":"wp","href":"https:\/\/api.w.org\/{rel}","templated":true}]}}