{"id":105735,"date":"2026-09-01T19:47:41","date_gmt":"2026-09-01T19:47:41","guid":{"rendered":"https:\/\/www.shqiperia.com\/blog\/?p=105735"},"modified":"2026-09-01T19:47:41","modified_gmt":"2026-09-01T19:47:41","slug":"qytetaret-rrethojne-kryeministrine-protestuesit-me-thirrjet-arresto-ramen-arresto-ballukun","status":"publish","type":"post","link":"https:\/\/www.shqiperia.com\/blog\/qytetaret-rrethojne-kryeministrine-protestuesit-me-thirrjet-arresto-ramen-arresto-ballukun\/","title":{"rendered":"Qytetar\u00ebt rrethojn\u00eb Kryeministrin\u00eb, protestuesit me thirrjet: &#8211; Arresto Ram\u00ebn, arresto Ballukun"},"content":{"rendered":"<p><img data-recalc-dims=\"1\" loading=\"lazy\" decoding=\"async\" data-attachment-id=\"105736\" data-permalink=\"https:\/\/www.shqiperia.com\/blog\/qytetaret-rrethojne-kryeministrine-protestuesit-me-thirrjet-arresto-ramen-arresto-ballukun\/protesta-revoltaa\/\" data-orig-file=\"https:\/\/i0.wp.com\/www.shqiperia.com\/blog\/wp-content\/uploads\/2026\/09\/protesta-revoltaa.jpg?fit=1221%2C614&amp;ssl=1\" data-orig-size=\"1221,614\" data-comments-opened=\"1\" data-image-meta=\"{&quot;aperture&quot;:&quot;0&quot;,&quot;credit&quot;:&quot;Redaksia&quot;,&quot;camera&quot;:&quot;&quot;,&quot;caption&quot;:&quot;&quot;,&quot;created_timestamp&quot;:&quot;1788298566&quot;,&quot;copyright&quot;:&quot;&quot;,&quot;focal_length&quot;:&quot;0&quot;,&quot;iso&quot;:&quot;0&quot;,&quot;shutter_speed&quot;:&quot;0&quot;,&quot;title&quot;:&quot;&quot;,&quot;orientation&quot;:&quot;0&quot;}\" data-image-title=\"protesta-revoltaa\" data-image-description=\"\" data-image-caption=\"\" data-medium-file=\"https:\/\/i0.wp.com\/www.shqiperia.com\/blog\/wp-content\/uploads\/2026\/09\/protesta-revoltaa.jpg?fit=300%2C151&amp;ssl=1\" data-large-file=\"https:\/\/i0.wp.com\/www.shqiperia.com\/blog\/wp-content\/uploads\/2026\/09\/protesta-revoltaa.jpg?fit=1024%2C515&amp;ssl=1\" class=\"alignnone  wp-image-105736\" alt=\"\" src=\"https:\/\/i0.wp.com\/www.shqiperia.com\/blog\/wp-content\/uploads\/2026\/09\/protesta-revoltaa.jpg?resize=691%2C348&#038;ssl=1\" width=\"691\" height=\"348\" srcset=\"https:\/\/i0.wp.com\/www.shqiperia.com\/blog\/wp-content\/uploads\/2026\/09\/protesta-revoltaa.jpg?resize=300%2C151&amp;ssl=1 300w, https:\/\/i0.wp.com\/www.shqiperia.com\/blog\/wp-content\/uploads\/2026\/09\/protesta-revoltaa.jpg?resize=1024%2C515&amp;ssl=1 1024w, https:\/\/i0.wp.com\/www.shqiperia.com\/blog\/wp-content\/uploads\/2026\/09\/protesta-revoltaa.jpg?resize=768%2C386&amp;ssl=1 768w, https:\/\/i0.wp.com\/www.shqiperia.com\/blog\/wp-content\/uploads\/2026\/09\/protesta-revoltaa.jpg?resize=450%2C226&amp;ssl=1 450w, https:\/\/i0.wp.com\/www.shqiperia.com\/blog\/wp-content\/uploads\/2026\/09\/protesta-revoltaa.jpg?resize=600%2C302&amp;ssl=1 600w, https:\/\/i0.wp.com\/www.shqiperia.com\/blog\/wp-content\/uploads\/2026\/09\/protesta-revoltaa.jpg?resize=400%2C201&amp;ssl=1 400w, https:\/\/i0.wp.com\/www.shqiperia.com\/blog\/wp-content\/uploads\/2026\/09\/protesta-revoltaa.jpg?w=1221&amp;ssl=1 1221w\" sizes=\"auto, (max-width: 691px) 100vw, 691px\" \/><\/p>\n<p>1 Shtator 2026<\/p>\n<p>Forca t\u00eb shumta policie kan\u00eb rrethuar Kryeministrin\u00eb. Nd\u00ebrsa protestuesi vijojn\u00eb prej disa or\u00ebsh protest\u00ebn.<\/p>\n<p>Ndryshe nga protestat e kaluara, k\u00ebt\u00eb t\u00eb h\u00ebn\u00eb , qytetar\u00ebt bllokuan hyrje daljet e Kryeministris\u00eb, pasi m\u00ebsuan se kryeministri Rama ndodhej brenda ambienteve t\u00eb godin\u00ebs.<\/p>\n<p>Gjat\u00eb k\u00ebsaj proteste pati edhe tensione e p\u00ebrplasje mes protestuesve dhe policis\u00eb, pasi k\u00ebta t\u00eb fundit tentuan t\u2019i largojn\u00eb. Nd\u00ebrkoh\u00eb qytetar\u00ebt vijojn\u00eb m\u00eb thirrjet \u201cArrestoni Ram\u00ebn\u201d, \u201cArresto Ballukun\u201d; \u201cShqip\u00ebria k\u00ebrkon revolucion\u201d.<\/p>\n","protected":false},"excerpt":{"rendered":"<p>1 Shtator 2026 Forca t\u00eb shumta policie kan\u00eb rrethuar Kryeministrin\u00eb. Nd\u00ebrsa protestuesi vijojn\u00eb prej disa or\u00ebsh protest\u00ebn. Ndryshe nga protestat e kaluara, k\u00ebt\u00eb t\u00eb h\u00ebn\u00eb , qytetar\u00ebt bllokuan hyrje daljet e Kryeministris\u00eb, pasi m\u00ebsuan se kryeministri Rama ndodhej brenda ambienteve t\u00eb godin\u00ebs. Gjat\u00eb k\u00ebsaj proteste pati edhe tensione e p\u00ebrplasje mes protestuesve dhe policis\u00eb, pasi [&hellip;]<\/p>\n","protected":false},"author":9,"featured_media":105736,"comment_status":"open","ping_status":"open","sticky":false,"template":"","format":"standard","meta":{"jetpack_post_was_ever_published":false,"_jetpack_newsletter_access":"","_jetpack_dont_email_post_to_subs":false,"_jetpack_newsletter_tier_id":0,"_jetpack_memberships_contains_paywalled_content":false,"_jetpack_memberships_contains_paid_content":false,"footnotes":"","jetpack_publicize_message":"","jetpack_publicize_feature_enabled":true,"jetpack_social_post_already_shared":true,"jetpack_social_options":{"image_generator_settings":{"template":"highway","default_image_id":0,"font":"","enabled":false},"version":2}},"categories":[27,1,2,35],"tags":[],"class_list":["post-105735","post","type-post","status-publish","format-standard","has-post-thumbnail","hentry","category-blogu-i-udhetarit","category-njoftime-shtypi","category-politika","category-shoqerore"],"jetpack_publicize_connections":[],"jetpack_featured_media_url":"https:\/\/i0.wp.com\/www.shqiperia.com\/blog\/wp-content\/uploads\/2026\/09\/protesta-revoltaa.jpg?fit=1221%2C614&ssl=1","jetpack_sharing_enabled":true,"jetpack_shortlink":"https:\/\/wp.me\/p5Z6wp-rvp","jetpack-related-posts":[{"id":101674,"url":"https:\/\/www.shqiperia.com\/blog\/protestuesit-kalojne-naten-ne-bulevard-rama-jepe-doreheqjen\/","url_meta":{"origin":105735,"position":0},"title":"Protestuesit kalojn\u00eb nat\u00ebn n\u00eb Bulevard: &#8211; Rama, jepe dor\u00ebheqjen!","author":"Kurt Farka","date":"June 21, 2026","format":false,"excerpt":"Pasi qindra mij\u00ebra qytetar\u00eb rrethuan Kryeministrin\u00eb, protestuesit jan\u00eb t\u00eb vendosur t\u00eb kalojn\u00eb nat\u00ebn e par\u00eb n\u00eb shesh, q\u00eb prej nisjes s\u00eb revoltave antiqeveritare. N\u00eb dit\u00ebn e 21-t\u00eb, protesta e qytetar\u00ebve \u00ebsht\u00eb p\u00ebrshkall\u00ebzuar, nd\u00ebrsa kryeministrit Edi Rama i k\u00ebrkohet dor\u00ebheqja deri dit\u00ebn e nes\u00ebrme. Qytetar\u00ebt jan\u00eb ulur n\u00eb Bulevardin nd\u00ebrmjet Kryeministris\u00eb\u2026","rel":"","context":"In &quot;Blogu i Udh\u00ebtarit&quot;","block_context":{"text":"Blogu i Udh\u00ebtarit","link":"https:\/\/www.shqiperia.com\/blog\/category\/blogu-i-udhetarit\/"},"img":{"alt_text":"","src":"https:\/\/i0.wp.com\/www.shqiperia.com\/blog\/wp-content\/uploads\/2026\/06\/5c82be50-c92e-43ef-8bb5-68d324730f04-scaled-1.jpeg?fit=1200%2C800&ssl=1&resize=350%2C200","width":350,"height":200,"srcset":"https:\/\/i0.wp.com\/www.shqiperia.com\/blog\/wp-content\/uploads\/2026\/06\/5c82be50-c92e-43ef-8bb5-68d324730f04-scaled-1.jpeg?fit=1200%2C800&ssl=1&resize=350%2C200 1x, https:\/\/i0.wp.com\/www.shqiperia.com\/blog\/wp-content\/uploads\/2026\/06\/5c82be50-c92e-43ef-8bb5-68d324730f04-scaled-1.jpeg?fit=1200%2C800&ssl=1&resize=525%2C300 1.5x, https:\/\/i0.wp.com\/www.shqiperia.com\/blog\/wp-content\/uploads\/2026\/06\/5c82be50-c92e-43ef-8bb5-68d324730f04-scaled-1.jpeg?fit=1200%2C800&ssl=1&resize=700%2C400 2x, https:\/\/i0.wp.com\/www.shqiperia.com\/blog\/wp-content\/uploads\/2026\/06\/5c82be50-c92e-43ef-8bb5-68d324730f04-scaled-1.jpeg?fit=1200%2C800&ssl=1&resize=1050%2C600 3x"},"classes":[]},{"id":31626,"url":"https:\/\/www.shqiperia.com\/blog\/te-rinjte-e-frpd-se-rrethojne-kryeministrine-dalin-me-thirrjet-e-forta\/","url_meta":{"origin":105735,"position":1},"title":"T\u00eb rinjt\u00eb e FRPD-s\u00eb rrethojn\u00eb Kryeministrin\u00eb, dalin me thirrjet e forta","author":"Kurt Farka","date":"February 20, 2020","format":false,"excerpt":"T\u00eb rinjt\u00eb e FRPD-s\u00eb rrethojn\u00eb Kryeministrin\u00eb, dalin me thirrjet e forta 20 SHKURT 2020 Sikurse e kishin paralajm\u00ebruar t\u00eb rinjt\u00eb e Forumit Rinor t\u00eb Partis\u00eb Demokratike kan\u00eb zhvilluar dit\u00ebn e sotme nj\u00eb protest\u00eb simbolike p\u00ebrpara kryeministris\u00eb n\u00eb kuad\u00ebr t\u00eb 29-vjetorit t\u00eb rr\u00ebzimit t\u00eb regjimit diktatorial. T\u00eb mbledhur p\u00ebrpara godin\u00ebs s\u00eb\u2026","rel":"","context":"In &quot;Blogu i Udh\u00ebtarit&quot;","block_context":{"text":"Blogu i Udh\u00ebtarit","link":"https:\/\/www.shqiperia.com\/blog\/category\/blogu-i-udhetarit\/"},"img":{"alt_text":"","src":"https:\/\/i0.wp.com\/www.shqiperia.com\/blog\/wp-content\/uploads\/2020\/02\/800-0-5e4e7c3287bb0-1.png?fit=800%2C533&ssl=1&resize=350%2C200","width":350,"height":200,"srcset":"https:\/\/i0.wp.com\/www.shqiperia.com\/blog\/wp-content\/uploads\/2020\/02\/800-0-5e4e7c3287bb0-1.png?fit=800%2C533&ssl=1&resize=350%2C200 1x, https:\/\/i0.wp.com\/www.shqiperia.com\/blog\/wp-content\/uploads\/2020\/02\/800-0-5e4e7c3287bb0-1.png?fit=800%2C533&ssl=1&resize=525%2C300 1.5x, https:\/\/i0.wp.com\/www.shqiperia.com\/blog\/wp-content\/uploads\/2020\/02\/800-0-5e4e7c3287bb0-1.png?fit=800%2C533&ssl=1&resize=700%2C400 2x"},"classes":[]},{"id":105595,"url":"https:\/\/www.shqiperia.com\/blog\/rama-lamtumire-shqiptaret-nuk-ndalen-dita-e-93-te-e-protestes-kunder-edi-rames\/","url_meta":{"origin":105735,"position":2},"title":"\u2018Rama Lamtumir\u00eb\/ Shqiptar\u00ebt nuk ndalen, dita e 93-t\u00eb e protest\u00ebs kund\u00ebr Edi Ram\u00ebs","author":"Kurt Farka","date":"August 31, 2026","format":false,"excerpt":"31 Gusht 2926 Protesta qytetare kund\u00ebr qeveris\u00eb Rama hyn sot n\u00eb dit\u00ebn e saj t\u00eb 93-t\u00eb radhazi, duke sh\u00ebnuar mbi tre muaj mobilizim t\u00eb pand\u00ebrprer\u00eb n\u00eb rrug\u00ebt e Tiran\u00ebs. Qytetar\u00ebt pritet t\u00eb mblidhen s\u00ebrish n\u00eb sheshin \u2018Sk\u00ebnderbej\u2019, p\u00ebr t\u00eb marshuar m\u00eb pas p\u00ebrgjat\u00eb Bulevardit \u2018D\u00ebshmor\u00ebt e Kombit\u2019 drejt Kryeministris\u00eb, aty\u2026","rel":"","context":"In &quot;Blogu i Udh\u00ebtarit&quot;","block_context":{"text":"Blogu i Udh\u00ebtarit","link":"https:\/\/www.shqiperia.com\/blog\/category\/blogu-i-udhetarit\/"},"img":{"alt_text":"","src":"https:\/\/i0.wp.com\/www.shqiperia.com\/blog\/wp-content\/uploads\/2026\/08\/auto_protesta-1-11788193327.jpg?fit=900%2C602&ssl=1&resize=350%2C200","width":350,"height":200,"srcset":"https:\/\/i0.wp.com\/www.shqiperia.com\/blog\/wp-content\/uploads\/2026\/08\/auto_protesta-1-11788193327.jpg?fit=900%2C602&ssl=1&resize=350%2C200 1x, https:\/\/i0.wp.com\/www.shqiperia.com\/blog\/wp-content\/uploads\/2026\/08\/auto_protesta-1-11788193327.jpg?fit=900%2C602&ssl=1&resize=525%2C300 1.5x, https:\/\/i0.wp.com\/www.shqiperia.com\/blog\/wp-content\/uploads\/2026\/08\/auto_protesta-1-11788193327.jpg?fit=900%2C602&ssl=1&resize=700%2C400 2x"},"classes":[]},{"id":104968,"url":"https:\/\/www.shqiperia.com\/blog\/dita-e-84-te-e-protestes-nis-marshimi-drejt-kryeministrise\/","url_meta":{"origin":105735,"position":3},"title":"Dita e 84-t\u00eb e protest\u00ebs\/ Nis marshimi drejt Kryeministris\u00eb","author":"Kurt Farka","date":"August 22, 2026","format":false,"excerpt":"22 Gusht 2026 22 Gusht 2026 Ora 19 e 45. Thirrjet: - Shikoni Sheshi Plot. Pjesmarrja esht\u00eb masive, pasi dhe mbremjet kan\u00eb sjellur nj\u00eb freskim t\u00eb leht\u00eb. Ka nisur marshimi i qytetar\u00ebve n\u00eb kuad\u00ebr t\u00eb dit\u00ebs s\u00eb 84-t\u00eb t\u00eb protest\u00ebs kund\u00ebr qeveris\u00eb s\u00eb Edi Ram\u00ebs. Protestuesit, t\u00eb mbledhur fillimisht n\u00eb\u2026","rel":"","context":"In &quot;Njoftime Shtypi&quot;","block_context":{"text":"Njoftime Shtypi","link":"https:\/\/www.shqiperia.com\/blog\/category\/njoftime-shtypi\/"},"img":{"alt_text":"","src":"https:\/\/i0.wp.com\/www.shqiperia.com\/blog\/wp-content\/uploads\/2026\/08\/marsh.jpg?fit=1165%2C565&ssl=1&resize=350%2C200","width":350,"height":200,"srcset":"https:\/\/i0.wp.com\/www.shqiperia.com\/blog\/wp-content\/uploads\/2026\/08\/marsh.jpg?fit=1165%2C565&ssl=1&resize=350%2C200 1x, https:\/\/i0.wp.com\/www.shqiperia.com\/blog\/wp-content\/uploads\/2026\/08\/marsh.jpg?fit=1165%2C565&ssl=1&resize=525%2C300 1.5x, https:\/\/i0.wp.com\/www.shqiperia.com\/blog\/wp-content\/uploads\/2026\/08\/marsh.jpg?fit=1165%2C565&ssl=1&resize=700%2C400 2x, https:\/\/i0.wp.com\/www.shqiperia.com\/blog\/wp-content\/uploads\/2026\/08\/marsh.jpg?fit=1165%2C565&ssl=1&resize=1050%2C600 3x"},"classes":[]},{"id":105727,"url":"https:\/\/www.shqiperia.com\/blog\/protestuesit-thirrje-ndaj-efektiveve-polici-ketu-na-ke-ti-mbron-krimin-dhe-jo-ne-arrestoni-ramen\/","url_meta":{"origin":105735,"position":4},"title":"Protestuesit thirrje ndaj efektiv\u00ebve: &#8211; Polici k\u00ebtu na ke, ti mbron krimin dhe jo ne! Arrestoni Ram\u00ebn!","author":"Kurt Farka","date":"September 1, 2026","format":false,"excerpt":"1 Shtator 2026 P\u00ebrball\u00eb kordonit policor t\u00eb vendosur para Kryeministris\u00eb, protestuesit kan\u00eb vijuar me thirrjet ndaj efektiv\u00ebve, nd\u00ebrsa situata mbetet e tensionuar. Qytetar\u00ebt, t\u00eb cil\u00ebt kan\u00eb bllokuar hyrjen kryesore t\u00eb godin\u00ebs, u jan\u00eb drejtuar efektiv\u00ebve t\u00eb policis\u00eb me thirrje, duke kund\u00ebrshtuar nd\u00ebrhyrjen e tyre p\u00ebr largimin e protestuesve. \u201cPolici, k\u00ebtu\u2026","rel":"","context":"In &quot;Blogu i Udh\u00ebtarit&quot;","block_context":{"text":"Blogu i Udh\u00ebtarit","link":"https:\/\/www.shqiperia.com\/blog\/category\/blogu-i-udhetarit\/"},"img":{"alt_text":"","src":"https:\/\/i0.wp.com\/www.shqiperia.com\/blog\/wp-content\/uploads\/2026\/09\/640-360-zbarkooo-770x367-6a9718c706029-1.jpg?fit=640%2C360&ssl=1&resize=350%2C200","width":350,"height":200,"srcset":"https:\/\/i0.wp.com\/www.shqiperia.com\/blog\/wp-content\/uploads\/2026\/09\/640-360-zbarkooo-770x367-6a9718c706029-1.jpg?fit=640%2C360&ssl=1&resize=350%2C200 1x, https:\/\/i0.wp.com\/www.shqiperia.com\/blog\/wp-content\/uploads\/2026\/09\/640-360-zbarkooo-770x367-6a9718c706029-1.jpg?fit=640%2C360&ssl=1&resize=525%2C300 1.5x"},"classes":[]},{"id":102924,"url":"https:\/\/www.shqiperia.com\/blog\/rama-jepe-doreheqjen-sot-dita-e-50-te-e-rezistences-qytetare-per-rrezimin-e-qeverise\/","url_meta":{"origin":105735,"position":5},"title":"\u201cRama jepe dor\u00ebheqjen\u201d- Sot dita e 50-t\u00eb e rezistenc\u00ebs qytetare p\u00ebr rr\u00ebzimin e qeveris\u00eb","author":"Kurt Farka","date":"July 19, 2026","format":false,"excerpt":"19 Korrik 2026 Qytetar\u00ebt k\u00ebrkojn\u00eb nd\u00ebrrimin e saj dhe rr\u00ebzimin e qeveris\u00eb aktuale, duke pasur si k\u00ebrkes\u00eb kryesore dor\u00ebheqjen e kryeministrit Edi Rama. K\u00ebrkesa \u00ebsht\u00eb e panegocueshme, teksa mij\u00ebra qytetar\u00eb shqiptar\u00eb mblidhen \u00e7do nat\u00eb n\u00eb bulevardin para Kryeministris\u00eb ku mbajn\u00eb fjalime dhe m\u00eb pas marshojn\u00eb rrug\u00ebve t\u00eb Tiran\u00ebs, duke sensibilizuar.\u2026","rel":"","context":"In &quot;Blogu i Udh\u00ebtarit&quot;","block_context":{"text":"Blogu i Udh\u00ebtarit","link":"https:\/\/www.shqiperia.com\/blog\/category\/blogu-i-udhetarit\/"},"img":{"alt_text":"","src":"https:\/\/i0.wp.com\/www.shqiperia.com\/blog\/wp-content\/uploads\/2026\/07\/der-spiegel-protesta-433x300-1.jpg?fit=433%2C300&ssl=1&resize=350%2C200","width":350,"height":200},"classes":[]}],"_links":{"self":[{"href":"https:\/\/www.shqiperia.com\/blog\/wp-json\/wp\/v2\/posts\/105735","targetHints":{"allow":["GET"]}}],"collection":[{"href":"https:\/\/www.shqiperia.com\/blog\/wp-json\/wp\/v2\/posts"}],"about":[{"href":"https:\/\/www.shqiperia.com\/blog\/wp-json\/wp\/v2\/types\/post"}],"author":[{"embeddable":true,"href":"https:\/\/www.shqiperia.com\/blog\/wp-json\/wp\/v2\/users\/9"}],"replies":[{"embeddable":true,"href":"https:\/\/www.shqiperia.com\/blog\/wp-json\/wp\/v2\/comments?post=105735"}],"version-history":[{"count":1,"href":"https:\/\/www.shqiperia.com\/blog\/wp-json\/wp\/v2\/posts\/105735\/revisions"}],"predecessor-version":[{"id":105737,"href":"https:\/\/www.shqiperia.com\/blog\/wp-json\/wp\/v2\/posts\/105735\/revisions\/105737"}],"wp:featuredmedia":[{"embeddable":true,"href":"https:\/\/www.shqiperia.com\/blog\/wp-json\/wp\/v2\/media\/105736"}],"wp:attachment":[{"href":"https:\/\/www.shqiperia.com\/blog\/wp-json\/wp\/v2\/media?parent=105735"}],"wp:term":[{"taxonomy":"category","embeddable":true,"href":"https:\/\/www.shqiperia.com\/blog\/wp-json\/wp\/v2\/categories?post=105735"},{"taxonomy":"post_tag","embeddable":true,"href":"https:\/\/www.shqiperia.com\/blog\/wp-json\/wp\/v2\/tags?post=105735"}],"curies":[{"name":"wp","href":"https:\/\/api.w.org\/{rel}","templated":true}]}}