{"id":105730,"date":"2026-09-01T19:43:13","date_gmt":"2026-09-01T19:43:13","guid":{"rendered":"https:\/\/www.shqiperia.com\/blog\/?p=105730"},"modified":"2026-09-01T19:43:13","modified_gmt":"2026-09-01T19:43:13","slug":"ahengu-vazhdon-drejtesia-kur-fillon-94-dite-protesta-qytetaret-mesazhe-dhe-ironi","status":"publish","type":"post","link":"https:\/\/www.shqiperia.com\/blog\/ahengu-vazhdon-drejtesia-kur-fillon-94-dite-protesta-qytetaret-mesazhe-dhe-ironi\/","title":{"rendered":"\u2018Ahengu vazhdon, drejt\u00ebsia kur fillon?\u2019, 94 dit\u00eb protesta, qytetar\u00ebt mesazhe dhe ironi"},"content":{"rendered":"<div id=\"attachment_105733\" style=\"width: 600px\" class=\"wp-caption alignnone\"><img data-recalc-dims=\"1\" loading=\"lazy\" decoding=\"async\" aria-describedby=\"caption-attachment-105733\" data-attachment-id=\"105733\" data-permalink=\"https:\/\/www.shqiperia.com\/blog\/ahengu-vazhdon-drejtesia-kur-fillon-94-dite-protesta-qytetaret-mesazhe-dhe-ironi\/drejtesi-dhe-politika\/\" data-orig-file=\"https:\/\/i0.wp.com\/www.shqiperia.com\/blog\/wp-content\/uploads\/2026\/09\/Drejtesi-dhe-Politika.jpeg?fit=835%2C612&amp;ssl=1\" data-orig-size=\"835,612\" data-comments-opened=\"1\" data-image-meta=\"{&quot;aperture&quot;:&quot;0&quot;,&quot;credit&quot;:&quot;&quot;,&quot;camera&quot;:&quot;&quot;,&quot;caption&quot;:&quot;&quot;,&quot;created_timestamp&quot;:&quot;1788220800&quot;,&quot;copyright&quot;:&quot;&quot;,&quot;focal_length&quot;:&quot;0&quot;,&quot;iso&quot;:&quot;0&quot;,&quot;shutter_speed&quot;:&quot;0&quot;,&quot;title&quot;:&quot;&quot;,&quot;orientation&quot;:&quot;0&quot;}\" data-image-title=\"Drejt\u00ebsi dhe Politika\" data-image-description=\"\" data-image-caption=\"&lt;p&gt;Drejt\u00ebsi dhe Politika&lt;\/p&gt;\n\" data-medium-file=\"https:\/\/i0.wp.com\/www.shqiperia.com\/blog\/wp-content\/uploads\/2026\/09\/Drejtesi-dhe-Politika.jpeg?fit=300%2C220&amp;ssl=1\" data-large-file=\"https:\/\/i0.wp.com\/www.shqiperia.com\/blog\/wp-content\/uploads\/2026\/09\/Drejtesi-dhe-Politika.jpeg?fit=835%2C612&amp;ssl=1\" class=\" wp-image-105733\" alt=\"\" src=\"https:\/\/i0.wp.com\/www.shqiperia.com\/blog\/wp-content\/uploads\/2026\/09\/Drejtesi-dhe-Politika.jpeg?resize=590%2C433&#038;ssl=1\" width=\"590\" height=\"433\" srcset=\"https:\/\/i0.wp.com\/www.shqiperia.com\/blog\/wp-content\/uploads\/2026\/09\/Drejtesi-dhe-Politika.jpeg?resize=300%2C220&amp;ssl=1 300w, https:\/\/i0.wp.com\/www.shqiperia.com\/blog\/wp-content\/uploads\/2026\/09\/Drejtesi-dhe-Politika.jpeg?resize=768%2C563&amp;ssl=1 768w, https:\/\/i0.wp.com\/www.shqiperia.com\/blog\/wp-content\/uploads\/2026\/09\/Drejtesi-dhe-Politika.jpeg?resize=450%2C330&amp;ssl=1 450w, https:\/\/i0.wp.com\/www.shqiperia.com\/blog\/wp-content\/uploads\/2026\/09\/Drejtesi-dhe-Politika.jpeg?resize=600%2C440&amp;ssl=1 600w, https:\/\/i0.wp.com\/www.shqiperia.com\/blog\/wp-content\/uploads\/2026\/09\/Drejtesi-dhe-Politika.jpeg?resize=400%2C293&amp;ssl=1 400w, https:\/\/i0.wp.com\/www.shqiperia.com\/blog\/wp-content\/uploads\/2026\/09\/Drejtesi-dhe-Politika.jpeg?w=835&amp;ssl=1 835w\" sizes=\"auto, (max-width: 590px) 100vw, 590px\" \/><p id=\"caption-attachment-105733\" class=\"wp-caption-text\">Drejt\u00ebsi dhe Politika<\/p><\/div>\n<p>1 Shtator 2026<\/p>\n<p>Qytetar\u00ebt kan\u00eb dh\u00ebn\u00eb mesazhe t\u00eb forta p\u00ebrmes pankartave n\u00eb protest\u00ebn e 94-t\u00eb kund\u00ebr qeveris\u00eb s\u00eb Edi Ram\u00ebs.<\/p>\n<p>N\u00eb nj\u00eb pankart\u00eb, ata v\u00ebn\u00eb theksin tek gjendja e r\u00ebnd\u00eb n\u00ebp\u00ebr spitale, nd\u00ebrsa shtojn\u00eb se oligark\u00ebt p\u00ebrfitojn\u00eb para publike dhe nuk nd\u00ebshkohen.<\/p>\n<p>\u2018Spitalet pa mjek\u00eb e pa asnj\u00eb mjekim, oligark\u00ebt tuaj pasurohen pa asnj\u00eb nd\u00ebshkim\u2019, thuhet n\u00eb nj\u00eb pankart\u00eb.<\/p>\n<p>\u2018Oligarku b\u00ebn aheng me parat\u00eb e sh\u00ebndet\u00ebsis\u00eb, Rama b\u00ebn statuset e fundit t\u00eb marr\u00ebzis\u00eb. Ahengu vazhdon, drejt\u00ebsia kur fillon\u2019, thuhet n\u00eb nj\u00eb tjet\u00ebr.<\/p>\n<div id=\"rekl-42\"><\/div>\n<div id=\"rekl-57\"><\/div>\n<div class=\"fotogaleri\">\n<div class=\"bx-wrapper\">\n<div class=\"bx-viewport\">\n<ul class=\"read-slider\">\n<li><a href=\"https:\/\/www.syri.net\/fotogaleria\/913682\/foto-ahengu-vazhdon-drejtesia-kur-fillon-94-dite-protesta-qytetaret-mesazhe-dhe-ironi\/\"><img data-recalc-dims=\"1\" loading=\"lazy\" decoding=\"async\" class=\"\" alt=\"\" src=\"https:\/\/i0.wp.com\/www.syri.net\/uploads\/syri.net\/images\/2026\/September\/01\/auto_WhatsApp-Image-2026-09-01-at-19.21.481788284602.jpeg?resize=613%2C1090&#038;ssl=1\" width=\"613\" height=\"1090\" \/><\/a><\/li>\n<\/ul>\n<\/div>\n<\/div>\n<\/div>\n","protected":false},"excerpt":{"rendered":"<p>1 Shtator 2026 Qytetar\u00ebt kan\u00eb dh\u00ebn\u00eb mesazhe t\u00eb forta p\u00ebrmes pankartave n\u00eb protest\u00ebn e 94-t\u00eb kund\u00ebr qeveris\u00eb s\u00eb Edi Ram\u00ebs. N\u00eb nj\u00eb pankart\u00eb, ata v\u00ebn\u00eb theksin tek gjendja e r\u00ebnd\u00eb n\u00ebp\u00ebr spitale, nd\u00ebrsa shtojn\u00eb se oligark\u00ebt p\u00ebrfitojn\u00eb para publike dhe nuk nd\u00ebshkohen. \u2018Spitalet pa mjek\u00eb e pa asnj\u00eb mjekim, oligark\u00ebt tuaj pasurohen pa asnj\u00eb nd\u00ebshkim\u2019, [&hellip;]<\/p>\n","protected":false},"author":9,"featured_media":105733,"comment_status":"open","ping_status":"open","sticky":false,"template":"","format":"standard","meta":{"jetpack_post_was_ever_published":false,"_jetpack_newsletter_access":"","_jetpack_dont_email_post_to_subs":false,"_jetpack_newsletter_tier_id":0,"_jetpack_memberships_contains_paywalled_content":false,"_jetpack_memberships_contains_paid_content":false,"footnotes":"","jetpack_publicize_message":"","jetpack_publicize_feature_enabled":true,"jetpack_social_post_already_shared":true,"jetpack_social_options":{"image_generator_settings":{"template":"highway","default_image_id":0,"font":"","enabled":false},"version":2}},"categories":[27,10,1,2,35],"tags":[],"class_list":["post-105730","post","type-post","status-publish","format-standard","has-post-thumbnail","hentry","category-blogu-i-udhetarit","category-kultura","category-njoftime-shtypi","category-politika","category-shoqerore"],"jetpack_publicize_connections":[],"jetpack_featured_media_url":"https:\/\/i0.wp.com\/www.shqiperia.com\/blog\/wp-content\/uploads\/2026\/09\/Drejtesi-dhe-Politika.jpeg?fit=835%2C612&ssl=1","jetpack_sharing_enabled":true,"jetpack_shortlink":"https:\/\/wp.me\/p5Z6wp-rvk","jetpack-related-posts":[{"id":105320,"url":"https:\/\/www.shqiperia.com\/blog\/protesta-e-89-te-per-arrestimin-e-agasit-terhiq-kemben-zvarre-per-ramen-balluku-prangat-i-ka-gati\/","url_meta":{"origin":105730,"position":0},"title":"Protesta e 89-t\u00eb p\u00ebr arrestimin e Agasit: &#8211; T\u00ebrhiq k\u00ebmb\u00ebn zvarr\u00eb p\u00ebr Ram\u00ebn, Balluku prangat i ka gati!","author":"Kurt Farka","date":"August 27, 2026","format":false,"excerpt":"27 Gusht 2026 N\u00eb protest\u00ebn e 89-t\u00eb qytetare kund\u00ebr qeveris\u00eb dhe kryeministrit Edi Rama, qytetar\u00ebt kan\u00eb sjell\u00eb n\u00eb shesh pankarta me mesazhe t\u00eb forta dhe ironike, duke sh\u00ebnjestruar qeverin\u00eb, korrupsionin dhe zhvillimet e fundit n\u00eb vend. Nj\u00eb pjes\u00eb e pankartave i referohen edhe arrestimit t\u00eb Ergys Agasit, nd\u00ebrsa n\u00eb disa\u2026","rel":"","context":"In &quot;Blogu i Udh\u00ebtarit&quot;","block_context":{"text":"Blogu i Udh\u00ebtarit","link":"https:\/\/www.shqiperia.com\/blog\/category\/blogu-i-udhetarit\/"},"img":{"alt_text":"","src":"https:\/\/i0.wp.com\/www.shqiperia.com\/blog\/wp-content\/uploads\/2026\/08\/Screenokshot-2026-08-27-194722.jpg?fit=1200%2C544&ssl=1&resize=350%2C200","width":350,"height":200,"srcset":"https:\/\/i0.wp.com\/www.shqiperia.com\/blog\/wp-content\/uploads\/2026\/08\/Screenokshot-2026-08-27-194722.jpg?fit=1200%2C544&ssl=1&resize=350%2C200 1x, https:\/\/i0.wp.com\/www.shqiperia.com\/blog\/wp-content\/uploads\/2026\/08\/Screenokshot-2026-08-27-194722.jpg?fit=1200%2C544&ssl=1&resize=525%2C300 1.5x, https:\/\/i0.wp.com\/www.shqiperia.com\/blog\/wp-content\/uploads\/2026\/08\/Screenokshot-2026-08-27-194722.jpg?fit=1200%2C544&ssl=1&resize=700%2C400 2x, https:\/\/i0.wp.com\/www.shqiperia.com\/blog\/wp-content\/uploads\/2026\/08\/Screenokshot-2026-08-27-194722.jpg?fit=1200%2C544&ssl=1&resize=1050%2C600 3x"},"classes":[]},{"id":101172,"url":"https:\/\/www.shqiperia.com\/blog\/kur-rinia-cohet-qeveria-rrezohet-shit-zeqinene-po-deshe\/","url_meta":{"origin":105730,"position":1},"title":"\u2018Kur rinia \u00e7ohet, qeveria rr\u00ebzohet\u2019, &#8211; Shit Zeqinen\u00eb po deshe.","author":"Kurt Farka","date":"June 6, 2026","format":false,"excerpt":"6 Qershor 2026 Edhe n\u00eb dit\u00ebn e gjasht\u00eb t\u00eb protest\u00ebs qytetare kund\u00ebr qeveris\u00eb s\u00eb Edi Ram\u00ebs, qindra protestues kan\u00eb dal\u00eb n\u00eb shesh duke mbajtur n\u00eb duar pankarta me mesazhe t\u00eb forta kund\u00ebr kryeministrit dhe kabinetit qeveritar. Qytetar\u00ebt k\u00ebrkojn\u00eb dor\u00ebheqjen e Edi Ram\u00ebs dhe largimin e qeveris\u00eb s\u00eb tij, nd\u00ebrsa p\u00ebrmes\u2026","rel":"","context":"In &quot;Blogu i Udh\u00ebtarit&quot;","block_context":{"text":"Blogu i Udh\u00ebtarit","link":"https:\/\/www.shqiperia.com\/blog\/category\/blogu-i-udhetarit\/"},"img":{"alt_text":"","src":"https:\/\/i0.wp.com\/www.shqiperia.com\/blog\/wp-content\/uploads\/2026\/06\/Shit-Zeqinene-po-deshe.jpeg?fit=900%2C666&ssl=1&resize=350%2C200","width":350,"height":200,"srcset":"https:\/\/i0.wp.com\/www.shqiperia.com\/blog\/wp-content\/uploads\/2026\/06\/Shit-Zeqinene-po-deshe.jpeg?fit=900%2C666&ssl=1&resize=350%2C200 1x, https:\/\/i0.wp.com\/www.shqiperia.com\/blog\/wp-content\/uploads\/2026\/06\/Shit-Zeqinene-po-deshe.jpeg?fit=900%2C666&ssl=1&resize=525%2C300 1.5x, https:\/\/i0.wp.com\/www.shqiperia.com\/blog\/wp-content\/uploads\/2026\/06\/Shit-Zeqinene-po-deshe.jpeg?fit=900%2C666&ssl=1&resize=700%2C400 2x"},"classes":[]},{"id":102167,"url":"https:\/\/www.shqiperia.com\/blog\/lubonja-presidenti-asnje-reagim-e-turpshme\/","url_meta":{"origin":105730,"position":2},"title":"Lubonja: &#8211; Presidenti asnj\u00eb reagim, e turpshme!","author":"Kurt Farka","date":"July 2, 2026","format":false,"excerpt":"2 Korrik 2026 Analisti Fatos Lubonja n\u00eb nj\u00eb intervist\u00eb n\u00eb \u201cNews24\u201d foli p\u00ebr zhvillimet e fundit politike duke u ndalur te protesta e sotme e mbajtur para Kuvendit. Gjat\u00eb intervist\u00ebs, Lubonja tha se protestuesit n\u00eb gjith\u00eb k\u00ebto dit\u00eb kan\u00eb zhvilluar nj\u00eb revolucion paq\u00ebsor. Sipas tij, kryeministri Edi Rama ka p\u00ebrdoru\u2026","rel":"","context":"In &quot;Blogu i Udh\u00ebtarit&quot;","block_context":{"text":"Blogu i Udh\u00ebtarit","link":"https:\/\/www.shqiperia.com\/blog\/category\/blogu-i-udhetarit\/"},"img":{"alt_text":"","src":"https:\/\/i0.wp.com\/www.shqiperia.com\/blog\/wp-content\/uploads\/2026\/07\/Screenshot_115-768x430-1-1.jpeg?fit=768%2C430&ssl=1&resize=350%2C200","width":350,"height":200,"srcset":"https:\/\/i0.wp.com\/www.shqiperia.com\/blog\/wp-content\/uploads\/2026\/07\/Screenshot_115-768x430-1-1.jpeg?fit=768%2C430&ssl=1&resize=350%2C200 1x, https:\/\/i0.wp.com\/www.shqiperia.com\/blog\/wp-content\/uploads\/2026\/07\/Screenshot_115-768x430-1-1.jpeg?fit=768%2C430&ssl=1&resize=525%2C300 1.5x, https:\/\/i0.wp.com\/www.shqiperia.com\/blog\/wp-content\/uploads\/2026\/07\/Screenshot_115-768x430-1-1.jpeg?fit=768%2C430&ssl=1&resize=700%2C400 2x"},"classes":[]},{"id":101616,"url":"https:\/\/www.shqiperia.com\/blog\/leksione-morali-me-aruba-ne-sfond\/","url_meta":{"origin":105730,"position":3},"title":"Leksione morali me Aruba n\u00eb sfond","author":"Kurt Farka","date":"June 18, 2026","format":false,"excerpt":"Nga Migena Aleksi Megalomania e t\u00eb krahasuarit t\u00eb nj\u00eb projekti privat turistik me Pavar\u00ebsin\u00eb e 1912-\u00ebs.\u00a0Nga Saliu te Edi, historia e nj\u00ebjt\u00eb e shantazhit \u2018Ose un\u00eb, ose kaosi\u2019 Kryeministri Edi Rama ka reaguar sot s\u00ebrish me t\u00eb nj\u00ebjt\u00ebn p\u00ebrpjekje p\u00ebr t\u00eb asgj\u00ebsuar moralisht dhe politikisht protest\u00ebn, pa p\u00ebrdorur dhun\u00ebn e\u2026","rel":"","context":"In &quot;Blogu i Udh\u00ebtarit&quot;","block_context":{"text":"Blogu i Udh\u00ebtarit","link":"https:\/\/www.shqiperia.com\/blog\/category\/blogu-i-udhetarit\/"},"img":{"alt_text":"","src":"https:\/\/i0.wp.com\/www.shqiperia.com\/blog\/wp-content\/uploads\/2026\/06\/640-0-screenshot-44-2-1024x575-1781284751-1-4.jpg?fit=640%2C359&ssl=1&resize=350%2C200","width":350,"height":200,"srcset":"https:\/\/i0.wp.com\/www.shqiperia.com\/blog\/wp-content\/uploads\/2026\/06\/640-0-screenshot-44-2-1024x575-1781284751-1-4.jpg?fit=640%2C359&ssl=1&resize=350%2C200 1x, https:\/\/i0.wp.com\/www.shqiperia.com\/blog\/wp-content\/uploads\/2026\/06\/640-0-screenshot-44-2-1024x575-1781284751-1-4.jpg?fit=640%2C359&ssl=1&resize=525%2C300 1.5x"},"classes":[]},{"id":102161,"url":"https:\/\/www.shqiperia.com\/blog\/qeveria-ka-nje-mllef-te-madh-po-e-shkarkon-ndaj-protestuesve-lubonja-rama-me-gjuhe-dhune-e-denigruese-turp\/","url_meta":{"origin":105730,"position":4},"title":"\u201cQeveria ka nj\u00eb mllef t\u00eb madh, po e shkarkon ndaj protestuesve\u201d\/ Lubonja: &#8211; Rama me gjuh\u00eb dhune e denigruese, turp","author":"Kurt Farka","date":"July 2, 2026","format":false,"excerpt":"2 Korrik 2026 Analisti Fatos Lubonja n\u00eb nj\u00eb intervist\u00eb televizive foli p\u00ebr zhvillimet e fundit politike duke u ndalur te protesta e sotme e mbajtur para Kuvendit. Gjat\u00eb intervist\u00ebs, Lubonja tha se protestuesit n\u00eb gjith\u00eb k\u00ebto dit\u00eb kan\u00eb zhvilluar nj\u00eb revolucion paq\u00ebsor. Sipas tij, kryeministri Edi Rama ka p\u00ebrdoru nj\u00eb\u2026","rel":"","context":"In &quot;Njoftime Shtypi&quot;","block_context":{"text":"Njoftime Shtypi","link":"https:\/\/www.shqiperia.com\/blog\/category\/njoftime-shtypi\/"},"img":{"alt_text":"","src":"https:\/\/i0.wp.com\/www.shqiperia.com\/blog\/wp-content\/uploads\/2026\/07\/fatos-lubonjaa.jpg?fit=640%2C331&ssl=1&resize=350%2C200","width":350,"height":200,"srcset":"https:\/\/i0.wp.com\/www.shqiperia.com\/blog\/wp-content\/uploads\/2026\/07\/fatos-lubonjaa.jpg?fit=640%2C331&ssl=1&resize=350%2C200 1x, https:\/\/i0.wp.com\/www.shqiperia.com\/blog\/wp-content\/uploads\/2026\/07\/fatos-lubonjaa.jpg?fit=640%2C331&ssl=1&resize=525%2C300 1.5x"},"classes":[]},{"id":101218,"url":"https:\/\/www.shqiperia.com\/blog\/mesazhi-i-forte-i-diaspores-drejtuar-rames-na-perzure-nder-vite-sot-te-perzejme-ne-ty\/","url_meta":{"origin":105730,"position":5},"title":"Mesazhi i fort\u00eb i Diaspor\u00ebs drejtuar Ram\u00ebs: &#8211; Na p\u00ebrzure nd\u00ebr vite, sot t\u00eb p\u00ebrzejm\u00eb ne ty","author":"Kurt Farka","date":"June 6, 2026","format":false,"excerpt":"6 Qershor 2026 Qytetar\u00ebt k\u00ebrkojn\u00eb dor\u00ebheqjen e kryeministrit Rama dhe anulimin e ndryshimeve n\u00eb Ligjin p\u00ebr Zonat e Mbrojtura. N\u00eb dit\u00ebn e 7-t\u00eb t\u00eb protest\u00ebs s\u00eb\u00a0qytetar\u00ebve kund\u00ebr qeveris\u00eb u shfaq dhe nj\u00eb pankart\u00eb\u00a0mjaft pikante, q\u00eb ka t\u00ebrhequr v\u00ebmendjen Me mbishkrimin \u201cNa p\u00ebrzun\u00eb nd\u00ebr vite, sot t\u00eb p\u00ebrzejm\u00eb ne ty\u201d, pankarta\u2026","rel":"","context":"In &quot;Blogu i Udh\u00ebtarit&quot;","block_context":{"text":"Blogu i Udh\u00ebtarit","link":"https:\/\/www.shqiperia.com\/blog\/category\/blogu-i-udhetarit\/"},"img":{"alt_text":"","src":"https:\/\/i0.wp.com\/www.shqiperia.com\/blog\/wp-content\/uploads\/2026\/06\/auto_-640-0-6a244f839eda21780765384.png?fit=900%2C571&ssl=1&resize=350%2C200","width":350,"height":200,"srcset":"https:\/\/i0.wp.com\/www.shqiperia.com\/blog\/wp-content\/uploads\/2026\/06\/auto_-640-0-6a244f839eda21780765384.png?fit=900%2C571&ssl=1&resize=350%2C200 1x, https:\/\/i0.wp.com\/www.shqiperia.com\/blog\/wp-content\/uploads\/2026\/06\/auto_-640-0-6a244f839eda21780765384.png?fit=900%2C571&ssl=1&resize=525%2C300 1.5x, https:\/\/i0.wp.com\/www.shqiperia.com\/blog\/wp-content\/uploads\/2026\/06\/auto_-640-0-6a244f839eda21780765384.png?fit=900%2C571&ssl=1&resize=700%2C400 2x"},"classes":[]}],"_links":{"self":[{"href":"https:\/\/www.shqiperia.com\/blog\/wp-json\/wp\/v2\/posts\/105730","targetHints":{"allow":["GET"]}}],"collection":[{"href":"https:\/\/www.shqiperia.com\/blog\/wp-json\/wp\/v2\/posts"}],"about":[{"href":"https:\/\/www.shqiperia.com\/blog\/wp-json\/wp\/v2\/types\/post"}],"author":[{"embeddable":true,"href":"https:\/\/www.shqiperia.com\/blog\/wp-json\/wp\/v2\/users\/9"}],"replies":[{"embeddable":true,"href":"https:\/\/www.shqiperia.com\/blog\/wp-json\/wp\/v2\/comments?post=105730"}],"version-history":[{"count":1,"href":"https:\/\/www.shqiperia.com\/blog\/wp-json\/wp\/v2\/posts\/105730\/revisions"}],"predecessor-version":[{"id":105734,"href":"https:\/\/www.shqiperia.com\/blog\/wp-json\/wp\/v2\/posts\/105730\/revisions\/105734"}],"wp:featuredmedia":[{"embeddable":true,"href":"https:\/\/www.shqiperia.com\/blog\/wp-json\/wp\/v2\/media\/105733"}],"wp:attachment":[{"href":"https:\/\/www.shqiperia.com\/blog\/wp-json\/wp\/v2\/media?parent=105730"}],"wp:term":[{"taxonomy":"category","embeddable":true,"href":"https:\/\/www.shqiperia.com\/blog\/wp-json\/wp\/v2\/categories?post=105730"},{"taxonomy":"post_tag","embeddable":true,"href":"https:\/\/www.shqiperia.com\/blog\/wp-json\/wp\/v2\/tags?post=105730"}],"curies":[{"name":"wp","href":"https:\/\/api.w.org\/{rel}","templated":true}]}}