{"id":105727,"date":"2026-09-01T19:33:41","date_gmt":"2026-09-01T19:33:41","guid":{"rendered":"https:\/\/www.shqiperia.com\/blog\/?p=105727"},"modified":"2026-09-01T19:33:41","modified_gmt":"2026-09-01T19:33:41","slug":"protestuesit-thirrje-ndaj-efektiveve-polici-ketu-na-ke-ti-mbron-krimin-dhe-jo-ne-arrestoni-ramen","status":"publish","type":"post","link":"https:\/\/www.shqiperia.com\/blog\/protestuesit-thirrje-ndaj-efektiveve-polici-ketu-na-ke-ti-mbron-krimin-dhe-jo-ne-arrestoni-ramen\/","title":{"rendered":"Protestuesit thirrje ndaj efektiv\u00ebve: &#8211; Polici k\u00ebtu na ke, ti mbron krimin dhe jo ne! Arrestoni Ram\u00ebn!"},"content":{"rendered":"<p><img data-recalc-dims=\"1\" loading=\"lazy\" decoding=\"async\" data-attachment-id=\"105728\" data-permalink=\"https:\/\/www.shqiperia.com\/blog\/protestuesit-thirrje-ndaj-efektiveve-polici-ketu-na-ke-ti-mbron-krimin-dhe-jo-ne-arrestoni-ramen\/640-360-zbarkooo-770x367-6a9718c706029-1\/\" data-orig-file=\"https:\/\/i0.wp.com\/www.shqiperia.com\/blog\/wp-content\/uploads\/2026\/09\/640-360-zbarkooo-770x367-6a9718c706029-1.jpg?fit=640%2C360&amp;ssl=1\" data-orig-size=\"640,360\" data-comments-opened=\"1\" data-image-meta=\"{&quot;aperture&quot;:&quot;0&quot;,&quot;credit&quot;:&quot;&quot;,&quot;camera&quot;:&quot;&quot;,&quot;caption&quot;:&quot;&quot;,&quot;created_timestamp&quot;:&quot;0&quot;,&quot;copyright&quot;:&quot;&quot;,&quot;focal_length&quot;:&quot;0&quot;,&quot;iso&quot;:&quot;0&quot;,&quot;shutter_speed&quot;:&quot;0&quot;,&quot;title&quot;:&quot;&quot;,&quot;orientation&quot;:&quot;0&quot;}\" data-image-title=\"-640-360-zbarkooo-770&#215;367-6a9718c706029 (1)\" data-image-description=\"\" data-image-caption=\"\" data-medium-file=\"https:\/\/i0.wp.com\/www.shqiperia.com\/blog\/wp-content\/uploads\/2026\/09\/640-360-zbarkooo-770x367-6a9718c706029-1.jpg?fit=300%2C169&amp;ssl=1\" data-large-file=\"https:\/\/i0.wp.com\/www.shqiperia.com\/blog\/wp-content\/uploads\/2026\/09\/640-360-zbarkooo-770x367-6a9718c706029-1.jpg?fit=640%2C360&amp;ssl=1\" class=\"alignnone  wp-image-105728\" alt=\"\" src=\"https:\/\/i0.wp.com\/www.shqiperia.com\/blog\/wp-content\/uploads\/2026\/09\/640-360-zbarkooo-770x367-6a9718c706029-1.jpg?resize=614%2C346&#038;ssl=1\" width=\"614\" height=\"346\" srcset=\"https:\/\/i0.wp.com\/www.shqiperia.com\/blog\/wp-content\/uploads\/2026\/09\/640-360-zbarkooo-770x367-6a9718c706029-1.jpg?resize=300%2C169&amp;ssl=1 300w, https:\/\/i0.wp.com\/www.shqiperia.com\/blog\/wp-content\/uploads\/2026\/09\/640-360-zbarkooo-770x367-6a9718c706029-1.jpg?resize=450%2C253&amp;ssl=1 450w, https:\/\/i0.wp.com\/www.shqiperia.com\/blog\/wp-content\/uploads\/2026\/09\/640-360-zbarkooo-770x367-6a9718c706029-1.jpg?resize=600%2C338&amp;ssl=1 600w, https:\/\/i0.wp.com\/www.shqiperia.com\/blog\/wp-content\/uploads\/2026\/09\/640-360-zbarkooo-770x367-6a9718c706029-1.jpg?resize=400%2C225&amp;ssl=1 400w, https:\/\/i0.wp.com\/www.shqiperia.com\/blog\/wp-content\/uploads\/2026\/09\/640-360-zbarkooo-770x367-6a9718c706029-1.jpg?w=640&amp;ssl=1 640w\" sizes=\"auto, (max-width: 614px) 100vw, 614px\" \/><\/p>\n<p><strong>1 Shtator 2026<\/strong><\/p>\n<p><strong>P\u00ebrball\u00eb kordonit policor t\u00eb vendosur para Kryeministris\u00eb, protestuesit kan\u00eb vijuar me thirrjet ndaj efektiv\u00ebve, nd\u00ebrsa situata mbetet e tensionuar.<\/strong><\/p>\n<p>Qytetar\u00ebt, t\u00eb cil\u00ebt kan\u00eb bllokuar hyrjen kryesore t\u00eb godin\u00ebs, u jan\u00eb drejtuar efektiv\u00ebve t\u00eb policis\u00eb me thirrje, duke kund\u00ebrshtuar nd\u00ebrhyrjen e tyre p\u00ebr largimin e protestuesve.<\/p>\n<p><em>\u201cPolici, k\u00ebtu na ke! Ti mbron krimin dhe jo ne!\u201d,<\/em><span>\u00a0<\/span>kan\u00eb thirrur protestuesit.<\/p>\n<p>N\u00eb vijim, ata kan\u00eb k\u00ebrkuar s\u00ebrish arrestimin e kryeministrit Edi Rama, duke brohoritur:<span>\u00a0<\/span><em>\u201cArrestoni Ram\u00ebn!\u201d<\/em><\/p>\n<p>Forcat e policis\u00eb vijojn\u00eb t\u00eb q\u00ebndrojn\u00eb n\u00eb kordon p\u00ebrball\u00eb qytetar\u00ebve, nd\u00ebrsa protestuesit nuk jan\u00eb t\u00ebrhequr nga hyrja e Kryeministris\u00eb.<\/p>\n","protected":false},"excerpt":{"rendered":"<p>1 Shtator 2026 P\u00ebrball\u00eb kordonit policor t\u00eb vendosur para Kryeministris\u00eb, protestuesit kan\u00eb vijuar me thirrjet ndaj efektiv\u00ebve, nd\u00ebrsa situata mbetet e tensionuar. Qytetar\u00ebt, t\u00eb cil\u00ebt kan\u00eb bllokuar hyrjen kryesore t\u00eb godin\u00ebs, u jan\u00eb drejtuar efektiv\u00ebve t\u00eb policis\u00eb me thirrje, duke kund\u00ebrshtuar nd\u00ebrhyrjen e tyre p\u00ebr largimin e protestuesve. \u201cPolici, k\u00ebtu na ke! Ti mbron krimin [&hellip;]<\/p>\n","protected":false},"author":9,"featured_media":105728,"comment_status":"open","ping_status":"open","sticky":false,"template":"","format":"standard","meta":{"jetpack_post_was_ever_published":false,"_jetpack_newsletter_access":"","_jetpack_dont_email_post_to_subs":false,"_jetpack_newsletter_tier_id":0,"_jetpack_memberships_contains_paywalled_content":false,"_jetpack_memberships_contains_paid_content":false,"footnotes":"","jetpack_publicize_message":"","jetpack_publicize_feature_enabled":true,"jetpack_social_post_already_shared":true,"jetpack_social_options":{"image_generator_settings":{"template":"highway","default_image_id":0,"font":"","enabled":false},"version":2}},"categories":[27,1,2,35],"tags":[],"class_list":["post-105727","post","type-post","status-publish","format-standard","has-post-thumbnail","hentry","category-blogu-i-udhetarit","category-njoftime-shtypi","category-politika","category-shoqerore"],"jetpack_publicize_connections":[],"jetpack_featured_media_url":"https:\/\/i0.wp.com\/www.shqiperia.com\/blog\/wp-content\/uploads\/2026\/09\/640-360-zbarkooo-770x367-6a9718c706029-1.jpg?fit=640%2C360&ssl=1","jetpack_sharing_enabled":true,"jetpack_shortlink":"https:\/\/wp.me\/p5Z6wp-rvh","jetpack-related-posts":[{"id":105724,"url":"https:\/\/www.shqiperia.com\/blog\/ketu-vendosim-ne-mbi-nje-ore-hyrjet-e-kryeministrise-te-bllokuara-protestuesit-rama-diktator-dhe-frikacak\/","url_meta":{"origin":105727,"position":0},"title":"\u201cK\u00ebtu vendosim ne!\u201d\/ Mbi nj\u00eb or\u00eb hyrjet e Kryeministris\u00eb t\u00eb bllokuara, protestuesit: Rama diktator dhe frikacak!","author":"Kurt Farka","date":"September 1, 2026","format":false,"excerpt":"1 Shtator 2026 Revolta vijon para Kryeministris\u00eb, ku protestuesit kan\u00eb bllokuar hyrjet e godin\u00ebs p\u00ebr m\u00eb shum\u00eb se nj\u00eb or\u00eb, duke e kthyer protest\u00ebn n\u00eb nj\u00eb p\u00ebrballje t\u00eb drejtp\u00ebrdrejt\u00eb me forcat e policis\u00eb. \u201cK\u00ebtu vendosim ne!\u201d \u00ebsht\u00eb nj\u00eb nga thirrjet q\u00eb \u00ebsht\u00eb d\u00ebgjuar gjat\u00eb protest\u00ebs, nd\u00ebrsa protestuesit kan\u00eb deklaruar se\u2026","rel":"","context":"In &quot;Njoftime Shtypi&quot;","block_context":{"text":"Njoftime Shtypi","link":"https:\/\/www.shqiperia.com\/blog\/category\/njoftime-shtypi\/"},"img":{"alt_text":"","src":"https:\/\/i0.wp.com\/www.shqiperia.com\/blog\/wp-content\/uploads\/2026\/09\/Capture-11.jpg?fit=1200%2C536&ssl=1&resize=350%2C200","width":350,"height":200,"srcset":"https:\/\/i0.wp.com\/www.shqiperia.com\/blog\/wp-content\/uploads\/2026\/09\/Capture-11.jpg?fit=1200%2C536&ssl=1&resize=350%2C200 1x, https:\/\/i0.wp.com\/www.shqiperia.com\/blog\/wp-content\/uploads\/2026\/09\/Capture-11.jpg?fit=1200%2C536&ssl=1&resize=525%2C300 1.5x, https:\/\/i0.wp.com\/www.shqiperia.com\/blog\/wp-content\/uploads\/2026\/09\/Capture-11.jpg?fit=1200%2C536&ssl=1&resize=700%2C400 2x, https:\/\/i0.wp.com\/www.shqiperia.com\/blog\/wp-content\/uploads\/2026\/09\/Capture-11.jpg?fit=1200%2C536&ssl=1&resize=1050%2C600 3x"},"classes":[]},{"id":105344,"url":"https:\/\/www.shqiperia.com\/blog\/divjaka-bashki-ketu-vendosim-ne\/","url_meta":{"origin":105727,"position":1},"title":"Divjaka bashki: &#8211; K\u00ebtu vendosim ne","author":"Kurt Farka","date":"August 27, 2026","format":false,"excerpt":"28 Gusht 2026 Prej 28 dit\u00ebsh, banor\u00ebt e Divjak\u00ebs vijojn\u00eb protest\u00ebn n\u00eb shesh, duke kund\u00ebrshtuar projektin e reform\u00ebs territoriale t\u00eb propozuar nga Partia Socialiste. Edhe mbr\u00ebmjen e s\u00eb enjtes, qytetar\u00ebt jan\u00eb mbledhur p\u00ebr t\u00eb shprehur kund\u00ebrshtimin e tyre ndaj ndryshimeve territoriale, nd\u00ebrsa k\u00ebrkojn\u00eb q\u00eb Divjaka t\u00eb ruaj\u00eb statusin e saj\u2026","rel":"","context":"In &quot;Blogu i Udh\u00ebtarit&quot;","block_context":{"text":"Blogu i Udh\u00ebtarit","link":"https:\/\/www.shqiperia.com\/blog\/category\/blogu-i-udhetarit\/"},"img":{"alt_text":"","src":"https:\/\/i0.wp.com\/www.shqiperia.com\/blog\/wp-content\/uploads\/2026\/08\/800-0-wmremove-transformed-2-6a909bf9d78bd-1.jpeg?fit=800%2C564&ssl=1&resize=350%2C200","width":350,"height":200,"srcset":"https:\/\/i0.wp.com\/www.shqiperia.com\/blog\/wp-content\/uploads\/2026\/08\/800-0-wmremove-transformed-2-6a909bf9d78bd-1.jpeg?fit=800%2C564&ssl=1&resize=350%2C200 1x, https:\/\/i0.wp.com\/www.shqiperia.com\/blog\/wp-content\/uploads\/2026\/08\/800-0-wmremove-transformed-2-6a909bf9d78bd-1.jpeg?fit=800%2C564&ssl=1&resize=525%2C300 1.5x, https:\/\/i0.wp.com\/www.shqiperia.com\/blog\/wp-content\/uploads\/2026\/08\/800-0-wmremove-transformed-2-6a909bf9d78bd-1.jpeg?fit=800%2C564&ssl=1&resize=700%2C400 2x"},"classes":[]},{"id":102430,"url":"https:\/\/www.shqiperia.com\/blog\/arrestoni-ramen-marshimi-masiv-pushton-bulevardin-zogu-i-protestuesit-thirrje-ne-kor\/","url_meta":{"origin":105727,"position":2},"title":"\u201cArrestoni Ram\u00ebn\u201d\/ Marshimi masiv pushton bulevardin \u201cZogu I\u201d, protestuesit thirrje n\u00eb kor","author":"Kurt Farka","date":"July 9, 2026","format":false,"excerpt":"9 Korrik 2026 Vala e revolt\u00ebs qytetare nuk po tregon asnj\u00eb shenj\u00eb ngadal\u00ebsimi apo lodhjeje n\u00eb k\u00ebt\u00eb dit\u00eb t\u00eb 40-t\u00eb t\u00eb q\u00ebndres\u00ebs historike. Pasi lan\u00eb pas godin\u00ebn e Kryeministris\u00eb, protestuesit po vijojn\u00eb me hapa t\u00eb shpejt\u00eb dhe vrull t\u00eb jasht\u00ebzakonsh\u00ebm marshimin e tyre masiv n\u00ebp\u00ebr akset kryesore t\u00eb Tiran\u00ebs, duke\u2026","rel":"","context":"In &quot;Blogu i Udh\u00ebtarit&quot;","block_context":{"text":"Blogu i Udh\u00ebtarit","link":"https:\/\/www.shqiperia.com\/blog\/category\/blogu-i-udhetarit\/"},"img":{"alt_text":"","src":"https:\/\/i0.wp.com\/www.shqiperia.com\/blog\/wp-content\/uploads\/2026\/07\/IMG_0210.jpeg?fit=370%2C220&ssl=1&resize=350%2C200","width":350,"height":200},"classes":[]},{"id":103176,"url":"https:\/\/www.shqiperia.com\/blog\/qendrese-revolte-55-dite-jehon-thirrja-arrestoni-ramen\/","url_meta":{"origin":105727,"position":3},"title":"Q\u00ebndres\u00eb, revolt\u00eb 55 dit\u00eb\/ Jehon thirrja: &#8211; Arrestoni Ram\u00ebn","author":"Kurt Farka","date":"July 24, 2026","format":false,"excerpt":"24 Korrik 2026 Nj\u00eb pjes\u00ebmarrje masive n\u00eb dit\u00ebn e 55 t\u00eb protest\u00eb kund\u00ebr kryeministrit Edi Rama. Shqiptar\u00ebt kan\u00eb dh\u00ebn\u00eb mesazh t\u00eb qart\u00eb se nuk heqin dor\u00eb nga rezistenca d\u00ebri n\u00eb largimin e kryeministrit. Pas fjalimeve para Kryeministris\u00eb, protestuesit po vijojn\u00eb marshimet n\u00eb rrug\u00ebt e Tiran\u00ebs ku jehojn\u00eb thirrjet \u201cArrestoni Ram\u00ebn\u201d.\u2026","rel":"","context":"In &quot;Blogu i Udh\u00ebtarit&quot;","block_context":{"text":"Blogu i Udh\u00ebtarit","link":"https:\/\/www.shqiperia.com\/blog\/category\/blogu-i-udhetarit\/"},"img":{"alt_text":"","src":"https:\/\/i0.wp.com\/www.shqiperia.com\/blog\/wp-content\/uploads\/2026\/07\/buelvardiiii-1.jpg?fit=1200%2C542&ssl=1&resize=350%2C200","width":350,"height":200,"srcset":"https:\/\/i0.wp.com\/www.shqiperia.com\/blog\/wp-content\/uploads\/2026\/07\/buelvardiiii-1.jpg?fit=1200%2C542&ssl=1&resize=350%2C200 1x, https:\/\/i0.wp.com\/www.shqiperia.com\/blog\/wp-content\/uploads\/2026\/07\/buelvardiiii-1.jpg?fit=1200%2C542&ssl=1&resize=525%2C300 1.5x, https:\/\/i0.wp.com\/www.shqiperia.com\/blog\/wp-content\/uploads\/2026\/07\/buelvardiiii-1.jpg?fit=1200%2C542&ssl=1&resize=700%2C400 2x, https:\/\/i0.wp.com\/www.shqiperia.com\/blog\/wp-content\/uploads\/2026\/07\/buelvardiiii-1.jpg?fit=1200%2C542&ssl=1&resize=1050%2C600 3x"},"classes":[]},{"id":101089,"url":"https:\/\/www.shqiperia.com\/blog\/bulevardi-deshmoret-e-kombit-mbushet-plot-protestuesit-i-pergjigjen-policise-femijet-dhe-grate-udheheqin-marshimin\/","url_meta":{"origin":105727,"position":4},"title":"Bulevardi \u201cD\u00ebshmor\u00ebt e Kombit\u201d mbushet plot, protestuesit i p\u00ebrgjigjen policis\u00eb, f\u00ebmij\u00ebt dhe grat\u00eb udh\u00ebheqin marshimin","author":"Kurt Farka","date":"June 4, 2026","format":false,"excerpt":"4 Qershor 2026 Bulevardi \u201cD\u00ebshmor\u00ebt e Kombit\u201d \u00ebsht\u00eb mbushur me protestues q\u00eb i jan\u00eb bashkuar tubimit kund\u00ebr projektit p\u00ebr nd\u00ebrtimin e resortit turistik n\u00eb zon\u00ebn e mbrojtur t\u00eb Zv\u00ebrnecit. Pas grumbullimit n\u00eb sheshin \u201cSk\u00ebnderbej\u201d, qytetar\u00ebt kan\u00eb nisur marshimin drejt Kryeministris\u00eb, duke mbajtur pankarta dhe duke brohoritur kund\u00ebr projektit q\u00eb, sipas\u2026","rel":"","context":"In &quot;Blogu i Udh\u00ebtarit&quot;","block_context":{"text":"Blogu i Udh\u00ebtarit","link":"https:\/\/www.shqiperia.com\/blog\/category\/blogu-i-udhetarit\/"},"img":{"alt_text":"","src":"https:\/\/i0.wp.com\/www.shqiperia.com\/blog\/wp-content\/uploads\/2026\/06\/gra-protesta.jpg?fit=1027%2C570&ssl=1&resize=350%2C200","width":350,"height":200,"srcset":"https:\/\/i0.wp.com\/www.shqiperia.com\/blog\/wp-content\/uploads\/2026\/06\/gra-protesta.jpg?fit=1027%2C570&ssl=1&resize=350%2C200 1x, https:\/\/i0.wp.com\/www.shqiperia.com\/blog\/wp-content\/uploads\/2026\/06\/gra-protesta.jpg?fit=1027%2C570&ssl=1&resize=525%2C300 1.5x, https:\/\/i0.wp.com\/www.shqiperia.com\/blog\/wp-content\/uploads\/2026\/06\/gra-protesta.jpg?fit=1027%2C570&ssl=1&resize=700%2C400 2x"},"classes":[]},{"id":55629,"url":"https:\/\/www.shqiperia.com\/blog\/perplasjet-para-kryeministrise-adriatik-lapaj-thirrje-policise-i-therrisni-mendjes-nuk-zgjidhet-ceshtja-me-dhune\/","url_meta":{"origin":105727,"position":5},"title":"P\u00ebrplasjet para kryeministris\u00eb, Adriatik Lapaj thirrje policis\u00eb: &#8211; I th\u00ebrrisni mendjes! Nuk zgjidhet \u00e7\u00ebshtja me dhun\u00eb","author":"Kurt Farka","date":"March 19, 2022","format":false,"excerpt":"P\u00ebrplasjet para kryeministris\u00eb, Adriatik Lapaj thirrje policis\u00eb: - I th\u00ebrrisni mendjes! Nuk zgjidhet \u00e7\u00ebshtja me dhun\u00eb 19 MARS 2022 Aktivisti Adriatik Lapaj ka kritikuar l\u00ebvizjen e Policis\u00eb s\u00eb Shtetit p\u00ebr t\u00eb shp\u00ebrndar\u00eb protestuesit p\u00ebrpara Kryeministris\u00eb. N\u00eb nj\u00eb prononcim p\u00ebr mediat, Lapaj thot\u00eb se kjo nuk \u00ebsht\u00eb zgjidhja e duhur p\u00ebr\u2026","rel":"","context":"In &quot;Blogu i Udh\u00ebtarit&quot;","block_context":{"text":"Blogu i Udh\u00ebtarit","link":"https:\/\/www.shqiperia.com\/blog\/category\/blogu-i-udhetarit\/"},"img":{"alt_text":"","src":"https:\/\/i0.wp.com\/www.shqiperia.com\/blog\/wp-content\/uploads\/2022\/03\/800-0-18c2f77e2e01332f5f06580705f5a948.jpg?fit=800%2C429&ssl=1&resize=350%2C200","width":350,"height":200,"srcset":"https:\/\/i0.wp.com\/www.shqiperia.com\/blog\/wp-content\/uploads\/2022\/03\/800-0-18c2f77e2e01332f5f06580705f5a948.jpg?fit=800%2C429&ssl=1&resize=350%2C200 1x, https:\/\/i0.wp.com\/www.shqiperia.com\/blog\/wp-content\/uploads\/2022\/03\/800-0-18c2f77e2e01332f5f06580705f5a948.jpg?fit=800%2C429&ssl=1&resize=525%2C300 1.5x, https:\/\/i0.wp.com\/www.shqiperia.com\/blog\/wp-content\/uploads\/2022\/03\/800-0-18c2f77e2e01332f5f06580705f5a948.jpg?fit=800%2C429&ssl=1&resize=700%2C400 2x"},"classes":[]}],"_links":{"self":[{"href":"https:\/\/www.shqiperia.com\/blog\/wp-json\/wp\/v2\/posts\/105727","targetHints":{"allow":["GET"]}}],"collection":[{"href":"https:\/\/www.shqiperia.com\/blog\/wp-json\/wp\/v2\/posts"}],"about":[{"href":"https:\/\/www.shqiperia.com\/blog\/wp-json\/wp\/v2\/types\/post"}],"author":[{"embeddable":true,"href":"https:\/\/www.shqiperia.com\/blog\/wp-json\/wp\/v2\/users\/9"}],"replies":[{"embeddable":true,"href":"https:\/\/www.shqiperia.com\/blog\/wp-json\/wp\/v2\/comments?post=105727"}],"version-history":[{"count":1,"href":"https:\/\/www.shqiperia.com\/blog\/wp-json\/wp\/v2\/posts\/105727\/revisions"}],"predecessor-version":[{"id":105729,"href":"https:\/\/www.shqiperia.com\/blog\/wp-json\/wp\/v2\/posts\/105727\/revisions\/105729"}],"wp:featuredmedia":[{"embeddable":true,"href":"https:\/\/www.shqiperia.com\/blog\/wp-json\/wp\/v2\/media\/105728"}],"wp:attachment":[{"href":"https:\/\/www.shqiperia.com\/blog\/wp-json\/wp\/v2\/media?parent=105727"}],"wp:term":[{"taxonomy":"category","embeddable":true,"href":"https:\/\/www.shqiperia.com\/blog\/wp-json\/wp\/v2\/categories?post=105727"},{"taxonomy":"post_tag","embeddable":true,"href":"https:\/\/www.shqiperia.com\/blog\/wp-json\/wp\/v2\/tags?post=105727"}],"curies":[{"name":"wp","href":"https:\/\/api.w.org\/{rel}","templated":true}]}}