{"id":105724,"date":"2026-09-01T19:25:40","date_gmt":"2026-09-01T19:25:40","guid":{"rendered":"https:\/\/www.shqiperia.com\/blog\/?p=105724"},"modified":"2026-09-01T19:25:40","modified_gmt":"2026-09-01T19:25:40","slug":"ketu-vendosim-ne-mbi-nje-ore-hyrjet-e-kryeministrise-te-bllokuara-protestuesit-rama-diktator-dhe-frikacak","status":"publish","type":"post","link":"https:\/\/www.shqiperia.com\/blog\/ketu-vendosim-ne-mbi-nje-ore-hyrjet-e-kryeministrise-te-bllokuara-protestuesit-rama-diktator-dhe-frikacak\/","title":{"rendered":"\u201cK\u00ebtu vendosim ne!\u201d\/ Mbi nj\u00eb or\u00eb hyrjet e Kryeministris\u00eb t\u00eb bllokuara, protestuesit: Rama diktator dhe frikacak!"},"content":{"rendered":"<p><img data-recalc-dims=\"1\" loading=\"lazy\" decoding=\"async\" data-attachment-id=\"105725\" data-permalink=\"https:\/\/www.shqiperia.com\/blog\/ketu-vendosim-ne-mbi-nje-ore-hyrjet-e-kryeministrise-te-bllokuara-protestuesit-rama-diktator-dhe-frikacak\/capture-11-3\/\" data-orig-file=\"https:\/\/i0.wp.com\/www.shqiperia.com\/blog\/wp-content\/uploads\/2026\/09\/Capture-11.jpg?fit=1236%2C552&amp;ssl=1\" data-orig-size=\"1236,552\" data-comments-opened=\"1\" data-image-meta=\"{&quot;aperture&quot;:&quot;0&quot;,&quot;credit&quot;:&quot;Redaksia&quot;,&quot;camera&quot;:&quot;&quot;,&quot;caption&quot;:&quot;&quot;,&quot;created_timestamp&quot;:&quot;1788297122&quot;,&quot;copyright&quot;:&quot;&quot;,&quot;focal_length&quot;:&quot;0&quot;,&quot;iso&quot;:&quot;0&quot;,&quot;shutter_speed&quot;:&quot;0&quot;,&quot;title&quot;:&quot;&quot;,&quot;orientation&quot;:&quot;0&quot;}\" data-image-title=\"Capture-11\" data-image-description=\"\" data-image-caption=\"\" data-medium-file=\"https:\/\/i0.wp.com\/www.shqiperia.com\/blog\/wp-content\/uploads\/2026\/09\/Capture-11.jpg?fit=300%2C134&amp;ssl=1\" data-large-file=\"https:\/\/i0.wp.com\/www.shqiperia.com\/blog\/wp-content\/uploads\/2026\/09\/Capture-11.jpg?fit=1024%2C457&amp;ssl=1\" class=\"alignnone  wp-image-105725\" alt=\"\" src=\"https:\/\/i0.wp.com\/www.shqiperia.com\/blog\/wp-content\/uploads\/2026\/09\/Capture-11.jpg?resize=651%2C291&#038;ssl=1\" width=\"651\" height=\"291\" srcset=\"https:\/\/i0.wp.com\/www.shqiperia.com\/blog\/wp-content\/uploads\/2026\/09\/Capture-11.jpg?resize=300%2C134&amp;ssl=1 300w, https:\/\/i0.wp.com\/www.shqiperia.com\/blog\/wp-content\/uploads\/2026\/09\/Capture-11.jpg?resize=1024%2C457&amp;ssl=1 1024w, https:\/\/i0.wp.com\/www.shqiperia.com\/blog\/wp-content\/uploads\/2026\/09\/Capture-11.jpg?resize=768%2C343&amp;ssl=1 768w, https:\/\/i0.wp.com\/www.shqiperia.com\/blog\/wp-content\/uploads\/2026\/09\/Capture-11.jpg?resize=450%2C201&amp;ssl=1 450w, https:\/\/i0.wp.com\/www.shqiperia.com\/blog\/wp-content\/uploads\/2026\/09\/Capture-11.jpg?resize=600%2C268&amp;ssl=1 600w, https:\/\/i0.wp.com\/www.shqiperia.com\/blog\/wp-content\/uploads\/2026\/09\/Capture-11.jpg?resize=400%2C179&amp;ssl=1 400w, https:\/\/i0.wp.com\/www.shqiperia.com\/blog\/wp-content\/uploads\/2026\/09\/Capture-11.jpg?w=1236&amp;ssl=1 1236w\" sizes=\"auto, (max-width: 651px) 100vw, 651px\" \/><\/p>\n<p>1 Shtator 2026<\/p>\n<p>Revolta vijon para Kryeministris\u00eb, ku protestuesit kan\u00eb bllokuar hyrjet e godin\u00ebs p\u00ebr m\u00eb shum\u00eb se nj\u00eb or\u00eb, duke e kthyer protest\u00ebn n\u00eb nj\u00eb p\u00ebrballje t\u00eb drejtp\u00ebrdrejt\u00eb me forcat e policis\u00eb.<\/p>\n<p>\u201cK\u00ebtu vendosim ne!\u201d \u00ebsht\u00eb nj\u00eb nga thirrjet q\u00eb \u00ebsht\u00eb d\u00ebgjuar gjat\u00eb protest\u00ebs, nd\u00ebrsa protestuesit kan\u00eb deklaruar se nuk do t\u00eb t\u00ebrhiqen dhe se aksioni i tyre do t\u00eb vijoj\u00eb deri n\u00eb largimin e qeveris\u00eb.<\/p>\n<p>Situata \u00ebsht\u00eb shoq\u00ebruar me tensione, nd\u00ebrsa n\u00eb an\u00ebn tjet\u00ebr t\u00eb barrikad\u00ebs jan\u00eb pozicionuar efektiv\u00eb t\u00eb shumt\u00eb t\u00eb Policis\u00eb s\u00eb Shtetit. Prania e forcave t\u00eb rendit \u00ebsht\u00eb shtuar, nd\u00ebrsa policia ka tentuar t\u00eb mbaj\u00eb t\u00eb lir\u00eb hyrjet e godin\u00ebs.<\/p>\n<p>Protestuesit kan\u00eb kund\u00ebrshtuar nd\u00ebrhyrjen e policis\u00eb, duke vijuar q\u00ebndrimin e tyre para Kryeministris\u00eb. N\u00eb thirrjet e tyre, ata kan\u00eb akuzuar kryeministrin Edi Rama p\u00ebr qeverisje autoritare, nd\u00ebrsa e kan\u00eb cil\u00ebsuar at\u00eb \u201cdiktator\u201d dhe \u201cfrikacak\u201d.<\/p>\n<p>Ata kan\u00eb p\u00ebrs\u00ebritur k\u00ebrkes\u00ebn p\u00ebr dor\u00ebheqjen e kryeministrit dhe largimin e qeveris\u00eb, duke e konsideruar bllokimin e hyrjeve si pjes\u00eb t\u00eb aksionit t\u00eb tyre t\u00eb mosbindjes civile.<\/p>\n","protected":false},"excerpt":{"rendered":"<p>1 Shtator 2026 Revolta vijon para Kryeministris\u00eb, ku protestuesit kan\u00eb bllokuar hyrjet e godin\u00ebs p\u00ebr m\u00eb shum\u00eb se nj\u00eb or\u00eb, duke e kthyer protest\u00ebn n\u00eb nj\u00eb p\u00ebrballje t\u00eb drejtp\u00ebrdrejt\u00eb me forcat e policis\u00eb. \u201cK\u00ebtu vendosim ne!\u201d \u00ebsht\u00eb nj\u00eb nga thirrjet q\u00eb \u00ebsht\u00eb d\u00ebgjuar gjat\u00eb protest\u00ebs, nd\u00ebrsa protestuesit kan\u00eb deklaruar se nuk do t\u00eb t\u00ebrhiqen dhe [&hellip;]<\/p>\n","protected":false},"author":9,"featured_media":105725,"comment_status":"open","ping_status":"open","sticky":false,"template":"","format":"standard","meta":{"jetpack_post_was_ever_published":false,"_jetpack_newsletter_access":"","_jetpack_dont_email_post_to_subs":false,"_jetpack_newsletter_tier_id":0,"_jetpack_memberships_contains_paywalled_content":false,"_jetpack_memberships_contains_paid_content":false,"footnotes":"","jetpack_publicize_message":"","jetpack_publicize_feature_enabled":true,"jetpack_social_post_already_shared":true,"jetpack_social_options":{"image_generator_settings":{"template":"highway","default_image_id":0,"font":"","enabled":false},"version":2}},"categories":[1,35],"tags":[],"class_list":["post-105724","post","type-post","status-publish","format-standard","has-post-thumbnail","hentry","category-njoftime-shtypi","category-shoqerore"],"jetpack_publicize_connections":[],"jetpack_featured_media_url":"https:\/\/i0.wp.com\/www.shqiperia.com\/blog\/wp-content\/uploads\/2026\/09\/Capture-11.jpg?fit=1236%2C552&ssl=1","jetpack_sharing_enabled":true,"jetpack_shortlink":"https:\/\/wp.me\/p5Z6wp-rve","jetpack-related-posts":[{"id":105727,"url":"https:\/\/www.shqiperia.com\/blog\/protestuesit-thirrje-ndaj-efektiveve-polici-ketu-na-ke-ti-mbron-krimin-dhe-jo-ne-arrestoni-ramen\/","url_meta":{"origin":105724,"position":0},"title":"Protestuesit thirrje ndaj efektiv\u00ebve: &#8211; Polici k\u00ebtu na ke, ti mbron krimin dhe jo ne! Arrestoni Ram\u00ebn!","author":"Kurt Farka","date":"September 1, 2026","format":false,"excerpt":"1 Shtator 2026 P\u00ebrball\u00eb kordonit policor t\u00eb vendosur para Kryeministris\u00eb, protestuesit kan\u00eb vijuar me thirrjet ndaj efektiv\u00ebve, nd\u00ebrsa situata mbetet e tensionuar. Qytetar\u00ebt, t\u00eb cil\u00ebt kan\u00eb bllokuar hyrjen kryesore t\u00eb godin\u00ebs, u jan\u00eb drejtuar efektiv\u00ebve t\u00eb policis\u00eb me thirrje, duke kund\u00ebrshtuar nd\u00ebrhyrjen e tyre p\u00ebr largimin e protestuesve. \u201cPolici, k\u00ebtu\u2026","rel":"","context":"In &quot;Blogu i Udh\u00ebtarit&quot;","block_context":{"text":"Blogu i Udh\u00ebtarit","link":"https:\/\/www.shqiperia.com\/blog\/category\/blogu-i-udhetarit\/"},"img":{"alt_text":"","src":"https:\/\/i0.wp.com\/www.shqiperia.com\/blog\/wp-content\/uploads\/2026\/09\/640-360-zbarkooo-770x367-6a9718c706029-1.jpg?fit=640%2C360&ssl=1&resize=350%2C200","width":350,"height":200,"srcset":"https:\/\/i0.wp.com\/www.shqiperia.com\/blog\/wp-content\/uploads\/2026\/09\/640-360-zbarkooo-770x367-6a9718c706029-1.jpg?fit=640%2C360&ssl=1&resize=350%2C200 1x, https:\/\/i0.wp.com\/www.shqiperia.com\/blog\/wp-content\/uploads\/2026\/09\/640-360-zbarkooo-770x367-6a9718c706029-1.jpg?fit=640%2C360&ssl=1&resize=525%2C300 1.5x"},"classes":[]},{"id":103176,"url":"https:\/\/www.shqiperia.com\/blog\/qendrese-revolte-55-dite-jehon-thirrja-arrestoni-ramen\/","url_meta":{"origin":105724,"position":1},"title":"Q\u00ebndres\u00eb, revolt\u00eb 55 dit\u00eb\/ Jehon thirrja: &#8211; Arrestoni Ram\u00ebn","author":"Kurt Farka","date":"July 24, 2026","format":false,"excerpt":"24 Korrik 2026 Nj\u00eb pjes\u00ebmarrje masive n\u00eb dit\u00ebn e 55 t\u00eb protest\u00eb kund\u00ebr kryeministrit Edi Rama. Shqiptar\u00ebt kan\u00eb dh\u00ebn\u00eb mesazh t\u00eb qart\u00eb se nuk heqin dor\u00eb nga rezistenca d\u00ebri n\u00eb largimin e kryeministrit. Pas fjalimeve para Kryeministris\u00eb, protestuesit po vijojn\u00eb marshimet n\u00eb rrug\u00ebt e Tiran\u00ebs ku jehojn\u00eb thirrjet \u201cArrestoni Ram\u00ebn\u201d.\u2026","rel":"","context":"In &quot;Blogu i Udh\u00ebtarit&quot;","block_context":{"text":"Blogu i Udh\u00ebtarit","link":"https:\/\/www.shqiperia.com\/blog\/category\/blogu-i-udhetarit\/"},"img":{"alt_text":"","src":"https:\/\/i0.wp.com\/www.shqiperia.com\/blog\/wp-content\/uploads\/2026\/07\/buelvardiiii-1.jpg?fit=1200%2C542&ssl=1&resize=350%2C200","width":350,"height":200,"srcset":"https:\/\/i0.wp.com\/www.shqiperia.com\/blog\/wp-content\/uploads\/2026\/07\/buelvardiiii-1.jpg?fit=1200%2C542&ssl=1&resize=350%2C200 1x, https:\/\/i0.wp.com\/www.shqiperia.com\/blog\/wp-content\/uploads\/2026\/07\/buelvardiiii-1.jpg?fit=1200%2C542&ssl=1&resize=525%2C300 1.5x, https:\/\/i0.wp.com\/www.shqiperia.com\/blog\/wp-content\/uploads\/2026\/07\/buelvardiiii-1.jpg?fit=1200%2C542&ssl=1&resize=700%2C400 2x, https:\/\/i0.wp.com\/www.shqiperia.com\/blog\/wp-content\/uploads\/2026\/07\/buelvardiiii-1.jpg?fit=1200%2C542&ssl=1&resize=1050%2C600 3x"},"classes":[]},{"id":101089,"url":"https:\/\/www.shqiperia.com\/blog\/bulevardi-deshmoret-e-kombit-mbushet-plot-protestuesit-i-pergjigjen-policise-femijet-dhe-grate-udheheqin-marshimin\/","url_meta":{"origin":105724,"position":2},"title":"Bulevardi \u201cD\u00ebshmor\u00ebt e Kombit\u201d mbushet plot, protestuesit i p\u00ebrgjigjen policis\u00eb, f\u00ebmij\u00ebt dhe grat\u00eb udh\u00ebheqin marshimin","author":"Kurt Farka","date":"June 4, 2026","format":false,"excerpt":"4 Qershor 2026 Bulevardi \u201cD\u00ebshmor\u00ebt e Kombit\u201d \u00ebsht\u00eb mbushur me protestues q\u00eb i jan\u00eb bashkuar tubimit kund\u00ebr projektit p\u00ebr nd\u00ebrtimin e resortit turistik n\u00eb zon\u00ebn e mbrojtur t\u00eb Zv\u00ebrnecit. Pas grumbullimit n\u00eb sheshin \u201cSk\u00ebnderbej\u201d, qytetar\u00ebt kan\u00eb nisur marshimin drejt Kryeministris\u00eb, duke mbajtur pankarta dhe duke brohoritur kund\u00ebr projektit q\u00eb, sipas\u2026","rel":"","context":"In &quot;Blogu i Udh\u00ebtarit&quot;","block_context":{"text":"Blogu i Udh\u00ebtarit","link":"https:\/\/www.shqiperia.com\/blog\/category\/blogu-i-udhetarit\/"},"img":{"alt_text":"","src":"https:\/\/i0.wp.com\/www.shqiperia.com\/blog\/wp-content\/uploads\/2026\/06\/gra-protesta.jpg?fit=1027%2C570&ssl=1&resize=350%2C200","width":350,"height":200,"srcset":"https:\/\/i0.wp.com\/www.shqiperia.com\/blog\/wp-content\/uploads\/2026\/06\/gra-protesta.jpg?fit=1027%2C570&ssl=1&resize=350%2C200 1x, https:\/\/i0.wp.com\/www.shqiperia.com\/blog\/wp-content\/uploads\/2026\/06\/gra-protesta.jpg?fit=1027%2C570&ssl=1&resize=525%2C300 1.5x, https:\/\/i0.wp.com\/www.shqiperia.com\/blog\/wp-content\/uploads\/2026\/06\/gra-protesta.jpg?fit=1027%2C570&ssl=1&resize=700%2C400 2x"},"classes":[]},{"id":104968,"url":"https:\/\/www.shqiperia.com\/blog\/dita-e-84-te-e-protestes-nis-marshimi-drejt-kryeministrise\/","url_meta":{"origin":105724,"position":3},"title":"Dita e 84-t\u00eb e protest\u00ebs\/ Nis marshimi drejt Kryeministris\u00eb","author":"Kurt Farka","date":"August 22, 2026","format":false,"excerpt":"22 Gusht 2026 22 Gusht 2026 Ora 19 e 45. Thirrjet: - Shikoni Sheshi Plot. Pjesmarrja esht\u00eb masive, pasi dhe mbremjet kan\u00eb sjellur nj\u00eb freskim t\u00eb leht\u00eb. Ka nisur marshimi i qytetar\u00ebve n\u00eb kuad\u00ebr t\u00eb dit\u00ebs s\u00eb 84-t\u00eb t\u00eb protest\u00ebs kund\u00ebr qeveris\u00eb s\u00eb Edi Ram\u00ebs. Protestuesit, t\u00eb mbledhur fillimisht n\u00eb\u2026","rel":"","context":"In &quot;Njoftime Shtypi&quot;","block_context":{"text":"Njoftime Shtypi","link":"https:\/\/www.shqiperia.com\/blog\/category\/njoftime-shtypi\/"},"img":{"alt_text":"","src":"https:\/\/i0.wp.com\/www.shqiperia.com\/blog\/wp-content\/uploads\/2026\/08\/marsh.jpg?fit=1165%2C565&ssl=1&resize=350%2C200","width":350,"height":200,"srcset":"https:\/\/i0.wp.com\/www.shqiperia.com\/blog\/wp-content\/uploads\/2026\/08\/marsh.jpg?fit=1165%2C565&ssl=1&resize=350%2C200 1x, https:\/\/i0.wp.com\/www.shqiperia.com\/blog\/wp-content\/uploads\/2026\/08\/marsh.jpg?fit=1165%2C565&ssl=1&resize=525%2C300 1.5x, https:\/\/i0.wp.com\/www.shqiperia.com\/blog\/wp-content\/uploads\/2026\/08\/marsh.jpg?fit=1165%2C565&ssl=1&resize=700%2C400 2x, https:\/\/i0.wp.com\/www.shqiperia.com\/blog\/wp-content\/uploads\/2026\/08\/marsh.jpg?fit=1165%2C565&ssl=1&resize=1050%2C600 3x"},"classes":[]},{"id":103116,"url":"https:\/\/www.shqiperia.com\/blog\/protestuesit-poshte-diktatura-protestuesit-heqin-gardhin-metalik-te-policise-dhe-afrohen-prane-institucionit\/","url_meta":{"origin":105724,"position":4},"title":"Protestuesit; &#8211; Poshte Diktatura. &#8211; Protestuesit heqin gardhin metalik t\u00eb Policis\u00eb dhe afrohen pran\u00eb institucionit","author":"Kurt Farka","date":"July 23, 2026","format":false,"excerpt":"23 Korrik 2026 Sot Thirrjet e protestuesve jane; Posht\u00eb Diktatura. Protestuesit kan\u00eb hequr gardhin metalik t\u00eb vendosur n\u00eb an\u00ebn pran\u00eb qendr\u00ebs tregtare Toptani t\u00eb vendosur nga policia. Ata kan\u00eb thyer \u201cembargon\u201d e Policis\u00eb dhe jan\u00eb afruar pran\u00eb godin\u00ebs s\u00eb Parlamentit. Policia e ka bllokuar rrug\u00ebn te Kuvendi n\u00eb t\u00eb gjitha\u2026","rel":"","context":"In &quot;Blogu i Udh\u00ebtarit&quot;","block_context":{"text":"Blogu i Udh\u00ebtarit","link":"https:\/\/www.shqiperia.com\/blog\/category\/blogu-i-udhetarit\/"},"img":{"alt_text":"","src":"https:\/\/i0.wp.com\/www.shqiperia.com\/blog\/wp-content\/uploads\/2026\/07\/Screenshot-2026-07-19-214853-1140x570-2.jpg?fit=1140%2C570&ssl=1&resize=350%2C200","width":350,"height":200,"srcset":"https:\/\/i0.wp.com\/www.shqiperia.com\/blog\/wp-content\/uploads\/2026\/07\/Screenshot-2026-07-19-214853-1140x570-2.jpg?fit=1140%2C570&ssl=1&resize=350%2C200 1x, https:\/\/i0.wp.com\/www.shqiperia.com\/blog\/wp-content\/uploads\/2026\/07\/Screenshot-2026-07-19-214853-1140x570-2.jpg?fit=1140%2C570&ssl=1&resize=525%2C300 1.5x, https:\/\/i0.wp.com\/www.shqiperia.com\/blog\/wp-content\/uploads\/2026\/07\/Screenshot-2026-07-19-214853-1140x570-2.jpg?fit=1140%2C570&ssl=1&resize=700%2C400 2x, https:\/\/i0.wp.com\/www.shqiperia.com\/blog\/wp-content\/uploads\/2026\/07\/Screenshot-2026-07-19-214853-1140x570-2.jpg?fit=1140%2C570&ssl=1&resize=1050%2C600 3x"},"classes":[]},{"id":102924,"url":"https:\/\/www.shqiperia.com\/blog\/rama-jepe-doreheqjen-sot-dita-e-50-te-e-rezistences-qytetare-per-rrezimin-e-qeverise\/","url_meta":{"origin":105724,"position":5},"title":"\u201cRama jepe dor\u00ebheqjen\u201d- Sot dita e 50-t\u00eb e rezistenc\u00ebs qytetare p\u00ebr rr\u00ebzimin e qeveris\u00eb","author":"Kurt Farka","date":"July 19, 2026","format":false,"excerpt":"19 Korrik 2026 Qytetar\u00ebt k\u00ebrkojn\u00eb nd\u00ebrrimin e saj dhe rr\u00ebzimin e qeveris\u00eb aktuale, duke pasur si k\u00ebrkes\u00eb kryesore dor\u00ebheqjen e kryeministrit Edi Rama. K\u00ebrkesa \u00ebsht\u00eb e panegocueshme, teksa mij\u00ebra qytetar\u00eb shqiptar\u00eb mblidhen \u00e7do nat\u00eb n\u00eb bulevardin para Kryeministris\u00eb ku mbajn\u00eb fjalime dhe m\u00eb pas marshojn\u00eb rrug\u00ebve t\u00eb Tiran\u00ebs, duke sensibilizuar.\u2026","rel":"","context":"In &quot;Blogu i Udh\u00ebtarit&quot;","block_context":{"text":"Blogu i Udh\u00ebtarit","link":"https:\/\/www.shqiperia.com\/blog\/category\/blogu-i-udhetarit\/"},"img":{"alt_text":"","src":"https:\/\/i0.wp.com\/www.shqiperia.com\/blog\/wp-content\/uploads\/2026\/07\/der-spiegel-protesta-433x300-1.jpg?fit=433%2C300&ssl=1&resize=350%2C200","width":350,"height":200},"classes":[]}],"_links":{"self":[{"href":"https:\/\/www.shqiperia.com\/blog\/wp-json\/wp\/v2\/posts\/105724","targetHints":{"allow":["GET"]}}],"collection":[{"href":"https:\/\/www.shqiperia.com\/blog\/wp-json\/wp\/v2\/posts"}],"about":[{"href":"https:\/\/www.shqiperia.com\/blog\/wp-json\/wp\/v2\/types\/post"}],"author":[{"embeddable":true,"href":"https:\/\/www.shqiperia.com\/blog\/wp-json\/wp\/v2\/users\/9"}],"replies":[{"embeddable":true,"href":"https:\/\/www.shqiperia.com\/blog\/wp-json\/wp\/v2\/comments?post=105724"}],"version-history":[{"count":1,"href":"https:\/\/www.shqiperia.com\/blog\/wp-json\/wp\/v2\/posts\/105724\/revisions"}],"predecessor-version":[{"id":105726,"href":"https:\/\/www.shqiperia.com\/blog\/wp-json\/wp\/v2\/posts\/105724\/revisions\/105726"}],"wp:featuredmedia":[{"embeddable":true,"href":"https:\/\/www.shqiperia.com\/blog\/wp-json\/wp\/v2\/media\/105725"}],"wp:attachment":[{"href":"https:\/\/www.shqiperia.com\/blog\/wp-json\/wp\/v2\/media?parent=105724"}],"wp:term":[{"taxonomy":"category","embeddable":true,"href":"https:\/\/www.shqiperia.com\/blog\/wp-json\/wp\/v2\/categories?post=105724"},{"taxonomy":"post_tag","embeddable":true,"href":"https:\/\/www.shqiperia.com\/blog\/wp-json\/wp\/v2\/tags?post=105724"}],"curies":[{"name":"wp","href":"https:\/\/api.w.org\/{rel}","templated":true}]}}