{"id":105721,"date":"2026-09-01T18:36:19","date_gmt":"2026-09-01T18:36:19","guid":{"rendered":"https:\/\/www.shqiperia.com\/blog\/?p=105721"},"modified":"2026-09-01T18:36:19","modified_gmt":"2026-09-01T18:36:19","slug":"forcat-speciale-zbarkojne-ne-kryeministri-rama-brenda-ne-zyre-protestuesit-jepe-doreheqjen","status":"publish","type":"post","link":"https:\/\/www.shqiperia.com\/blog\/forcat-speciale-zbarkojne-ne-kryeministri-rama-brenda-ne-zyre-protestuesit-jepe-doreheqjen\/","title":{"rendered":"Forcat Speciale zbarkojn\u00eb n\u00eb Kryeministri, Rama brenda n\u00eb zyr\u00eb, protestuesit: Jepe dor\u00ebheqjen"},"content":{"rendered":"<p><img data-recalc-dims=\"1\" loading=\"lazy\" decoding=\"async\" data-attachment-id=\"105722\" data-permalink=\"https:\/\/www.shqiperia.com\/blog\/forcat-speciale-zbarkojne-ne-kryeministri-rama-brenda-ne-zyre-protestuesit-jepe-doreheqjen\/w\/\" data-orig-file=\"https:\/\/i0.wp.com\/www.shqiperia.com\/blog\/wp-content\/uploads\/2026\/09\/w.png?fit=640%2C426&amp;ssl=1\" data-orig-size=\"640,426\" data-comments-opened=\"1\" data-image-meta=\"{&quot;aperture&quot;:&quot;0&quot;,&quot;credit&quot;:&quot;&quot;,&quot;camera&quot;:&quot;&quot;,&quot;caption&quot;:&quot;&quot;,&quot;created_timestamp&quot;:&quot;0&quot;,&quot;copyright&quot;:&quot;&quot;,&quot;focal_length&quot;:&quot;0&quot;,&quot;iso&quot;:&quot;0&quot;,&quot;shutter_speed&quot;:&quot;0&quot;,&quot;title&quot;:&quot;&quot;,&quot;orientation&quot;:&quot;0&quot;}\" data-image-title=\"w\" data-image-description=\"\" data-image-caption=\"\" data-medium-file=\"https:\/\/i0.wp.com\/www.shqiperia.com\/blog\/wp-content\/uploads\/2026\/09\/w.png?fit=300%2C200&amp;ssl=1\" data-large-file=\"https:\/\/i0.wp.com\/www.shqiperia.com\/blog\/wp-content\/uploads\/2026\/09\/w.png?fit=640%2C426&amp;ssl=1\" class=\"alignnone  wp-image-105722\" alt=\"\" src=\"https:\/\/i0.wp.com\/www.shqiperia.com\/blog\/wp-content\/uploads\/2026\/09\/w.png?resize=566%2C377&#038;ssl=1\" width=\"566\" height=\"377\" srcset=\"https:\/\/i0.wp.com\/www.shqiperia.com\/blog\/wp-content\/uploads\/2026\/09\/w.png?resize=300%2C200&amp;ssl=1 300w, https:\/\/i0.wp.com\/www.shqiperia.com\/blog\/wp-content\/uploads\/2026\/09\/w.png?resize=600%2C399&amp;ssl=1 600w, https:\/\/i0.wp.com\/www.shqiperia.com\/blog\/wp-content\/uploads\/2026\/09\/w.png?resize=450%2C300&amp;ssl=1 450w, https:\/\/i0.wp.com\/www.shqiperia.com\/blog\/wp-content\/uploads\/2026\/09\/w.png?resize=400%2C266&amp;ssl=1 400w, https:\/\/i0.wp.com\/www.shqiperia.com\/blog\/wp-content\/uploads\/2026\/09\/w.png?w=640&amp;ssl=1 640w\" sizes=\"auto, (max-width: 566px) 100vw, 566px\" \/><\/p>\n<p>1 Shtator 2026<\/p>\n<p>Kjo protest\u00eb ka nisur me bllokimin\u00a0 e hyrjes s\u00eb zyr\u00ebs s\u00eb Kryeministris\u00eb<\/p>\n<p>Qytetar\u00ebt n\u00eb revolt\u00ebn e sotme kan\u00eb zgjedhur nj\u00eb tjet\u00ebr skenar, nd\u00ebrsa kan\u00eb m\u00ebsuar se n\u00eb ambientet e Kryeministris\u00eb ndodhet Kryeministris\u00eb, duke u vendosur para godin\u00ebs<\/p>\n<p>Nd\u00ebrkoh\u00eb policia u vendos gardh para hyrjes. Nd\u00ebrsa kan\u00eb mb\u00ebrritur edhe Forcat Speciale n\u00eb Kryeministri<\/p>\n<div class=\"post-copyright\">\u00a9<span>\u00a0<\/span><span>Balkan<\/span><span>Web<\/span><\/div>\n","protected":false},"excerpt":{"rendered":"<p>1 Shtator 2026 Kjo protest\u00eb ka nisur me bllokimin\u00a0 e hyrjes s\u00eb zyr\u00ebs s\u00eb Kryeministris\u00eb Qytetar\u00ebt n\u00eb revolt\u00ebn e sotme kan\u00eb zgjedhur nj\u00eb tjet\u00ebr skenar, nd\u00ebrsa kan\u00eb m\u00ebsuar se n\u00eb ambientet e Kryeministris\u00eb ndodhet Kryeministris\u00eb, duke u vendosur para godin\u00ebs Nd\u00ebrkoh\u00eb policia u vendos gardh para hyrjes. Nd\u00ebrsa kan\u00eb mb\u00ebrritur edhe Forcat Speciale n\u00eb Kryeministri [&hellip;]<\/p>\n","protected":false},"author":9,"featured_media":105722,"comment_status":"open","ping_status":"open","sticky":false,"template":"","format":"standard","meta":{"jetpack_post_was_ever_published":false,"_jetpack_newsletter_access":"","_jetpack_dont_email_post_to_subs":false,"_jetpack_newsletter_tier_id":0,"_jetpack_memberships_contains_paywalled_content":false,"_jetpack_memberships_contains_paid_content":false,"footnotes":"","jetpack_publicize_message":"","jetpack_publicize_feature_enabled":true,"jetpack_social_post_already_shared":true,"jetpack_social_options":{"image_generator_settings":{"template":"highway","default_image_id":0,"font":"","enabled":false},"version":2}},"categories":[27,1,2,35],"tags":[],"class_list":["post-105721","post","type-post","status-publish","format-standard","has-post-thumbnail","hentry","category-blogu-i-udhetarit","category-njoftime-shtypi","category-politika","category-shoqerore"],"jetpack_publicize_connections":[],"jetpack_featured_media_url":"https:\/\/i0.wp.com\/www.shqiperia.com\/blog\/wp-content\/uploads\/2026\/09\/w.png?fit=640%2C426&ssl=1","jetpack_sharing_enabled":true,"jetpack_shortlink":"https:\/\/wp.me\/p5Z6wp-rvb","jetpack-related-posts":[{"id":105724,"url":"https:\/\/www.shqiperia.com\/blog\/ketu-vendosim-ne-mbi-nje-ore-hyrjet-e-kryeministrise-te-bllokuara-protestuesit-rama-diktator-dhe-frikacak\/","url_meta":{"origin":105721,"position":0},"title":"\u201cK\u00ebtu vendosim ne!\u201d\/ Mbi nj\u00eb or\u00eb hyrjet e Kryeministris\u00eb t\u00eb bllokuara, protestuesit: Rama diktator dhe frikacak!","author":"Kurt Farka","date":"September 1, 2026","format":false,"excerpt":"1 Shtator 2026 Revolta vijon para Kryeministris\u00eb, ku protestuesit kan\u00eb bllokuar hyrjet e godin\u00ebs p\u00ebr m\u00eb shum\u00eb se nj\u00eb or\u00eb, duke e kthyer protest\u00ebn n\u00eb nj\u00eb p\u00ebrballje t\u00eb drejtp\u00ebrdrejt\u00eb me forcat e policis\u00eb. \u201cK\u00ebtu vendosim ne!\u201d \u00ebsht\u00eb nj\u00eb nga thirrjet q\u00eb \u00ebsht\u00eb d\u00ebgjuar gjat\u00eb protest\u00ebs, nd\u00ebrsa protestuesit kan\u00eb deklaruar se\u2026","rel":"","context":"In &quot;Njoftime Shtypi&quot;","block_context":{"text":"Njoftime Shtypi","link":"https:\/\/www.shqiperia.com\/blog\/category\/njoftime-shtypi\/"},"img":{"alt_text":"","src":"https:\/\/i0.wp.com\/www.shqiperia.com\/blog\/wp-content\/uploads\/2026\/09\/Capture-11.jpg?fit=1200%2C536&ssl=1&resize=350%2C200","width":350,"height":200,"srcset":"https:\/\/i0.wp.com\/www.shqiperia.com\/blog\/wp-content\/uploads\/2026\/09\/Capture-11.jpg?fit=1200%2C536&ssl=1&resize=350%2C200 1x, https:\/\/i0.wp.com\/www.shqiperia.com\/blog\/wp-content\/uploads\/2026\/09\/Capture-11.jpg?fit=1200%2C536&ssl=1&resize=525%2C300 1.5x, https:\/\/i0.wp.com\/www.shqiperia.com\/blog\/wp-content\/uploads\/2026\/09\/Capture-11.jpg?fit=1200%2C536&ssl=1&resize=700%2C400 2x, https:\/\/i0.wp.com\/www.shqiperia.com\/blog\/wp-content\/uploads\/2026\/09\/Capture-11.jpg?fit=1200%2C536&ssl=1&resize=1050%2C600 3x"},"classes":[]},{"id":105727,"url":"https:\/\/www.shqiperia.com\/blog\/protestuesit-thirrje-ndaj-efektiveve-polici-ketu-na-ke-ti-mbron-krimin-dhe-jo-ne-arrestoni-ramen\/","url_meta":{"origin":105721,"position":1},"title":"Protestuesit thirrje ndaj efektiv\u00ebve: &#8211; Polici k\u00ebtu na ke, ti mbron krimin dhe jo ne! Arrestoni Ram\u00ebn!","author":"Kurt Farka","date":"September 1, 2026","format":false,"excerpt":"1 Shtator 2026 P\u00ebrball\u00eb kordonit policor t\u00eb vendosur para Kryeministris\u00eb, protestuesit kan\u00eb vijuar me thirrjet ndaj efektiv\u00ebve, nd\u00ebrsa situata mbetet e tensionuar. Qytetar\u00ebt, t\u00eb cil\u00ebt kan\u00eb bllokuar hyrjen kryesore t\u00eb godin\u00ebs, u jan\u00eb drejtuar efektiv\u00ebve t\u00eb policis\u00eb me thirrje, duke kund\u00ebrshtuar nd\u00ebrhyrjen e tyre p\u00ebr largimin e protestuesve. \u201cPolici, k\u00ebtu\u2026","rel":"","context":"In &quot;Blogu i Udh\u00ebtarit&quot;","block_context":{"text":"Blogu i Udh\u00ebtarit","link":"https:\/\/www.shqiperia.com\/blog\/category\/blogu-i-udhetarit\/"},"img":{"alt_text":"","src":"https:\/\/i0.wp.com\/www.shqiperia.com\/blog\/wp-content\/uploads\/2026\/09\/640-360-zbarkooo-770x367-6a9718c706029-1.jpg?fit=640%2C360&ssl=1&resize=350%2C200","width":350,"height":200,"srcset":"https:\/\/i0.wp.com\/www.shqiperia.com\/blog\/wp-content\/uploads\/2026\/09\/640-360-zbarkooo-770x367-6a9718c706029-1.jpg?fit=640%2C360&ssl=1&resize=350%2C200 1x, https:\/\/i0.wp.com\/www.shqiperia.com\/blog\/wp-content\/uploads\/2026\/09\/640-360-zbarkooo-770x367-6a9718c706029-1.jpg?fit=640%2C360&ssl=1&resize=525%2C300 1.5x"},"classes":[]},{"id":105705,"url":"https:\/\/www.shqiperia.com\/blog\/ndryshon-skenari-i-revoltes-rama-ne-zyre-protestuesit-bllokojne-hyrjen-e-kryeministrine\/","url_meta":{"origin":105721,"position":2},"title":"Ndryshon skenari i revolt\u00ebs! Rama n\u00eb zyr\u00eb, protestuesit bllokojn\u00eb hyrjen e Kryeministrin\u00eb","author":"Kurt Farka","date":"September 1, 2026","format":false,"excerpt":"1 Shtator 2026 Nd\u00ebrsa protestuesit kan\u00eb mb\u00ebrritur n\u00eb sheshin para Kryeministris\u00eb, duket se dit\u00ebn e sotme kan\u00eb nj\u00eb plan tjet\u00ebr. Protestuesit jan\u00eb n\u00eb hyrjen e Kryeministris\u00eb p\u00ebr t\u00eb bllokuar daljen pasi kan\u00eb m\u00ebsuar se se kryeministri Rama ndodhet n\u00eb ambientet e Kryeministris\u00eb. Gjithashtu para ambienteve t\u00eb institucionit jan\u00eb vendosur edhe\u2026","rel":"","context":"In &quot;Blogu i Udh\u00ebtarit&quot;","block_context":{"text":"Blogu i Udh\u00ebtarit","link":"https:\/\/www.shqiperia.com\/blog\/category\/blogu-i-udhetarit\/"},"img":{"alt_text":"","src":"https:\/\/i0.wp.com\/www.shqiperia.com\/blog\/wp-content\/uploads\/2026\/09\/Capture-6.jpg?fit=1200%2C540&ssl=1&resize=350%2C200","width":350,"height":200,"srcset":"https:\/\/i0.wp.com\/www.shqiperia.com\/blog\/wp-content\/uploads\/2026\/09\/Capture-6.jpg?fit=1200%2C540&ssl=1&resize=350%2C200 1x, https:\/\/i0.wp.com\/www.shqiperia.com\/blog\/wp-content\/uploads\/2026\/09\/Capture-6.jpg?fit=1200%2C540&ssl=1&resize=525%2C300 1.5x, https:\/\/i0.wp.com\/www.shqiperia.com\/blog\/wp-content\/uploads\/2026\/09\/Capture-6.jpg?fit=1200%2C540&ssl=1&resize=700%2C400 2x, https:\/\/i0.wp.com\/www.shqiperia.com\/blog\/wp-content\/uploads\/2026\/09\/Capture-6.jpg?fit=1200%2C540&ssl=1&resize=1050%2C600 3x"},"classes":[]},{"id":105708,"url":"https:\/\/www.shqiperia.com\/blog\/tek-kryeminstria-priten-ngjarje-shtim-i-madh-i-numrit-te-policise\/","url_meta":{"origin":105721,"position":3},"title":"Tek Kryeminstria priten ngjarje. Shtim i madh i numrit t\u00eb Policis\u00eb.","author":"Kurt Farka","date":"September 1, 2026","format":false,"excerpt":"1 Shtator 2026 Policia pret t\u00eb realizoi skenarin e incidenteve t\u00eb dhunshme. Kryeminisrti Ed Rama \u00ebsht mbrenda. Ishin shum\u00eb afer dhe afrohen edhe Forcat Speciale t\u00eb Policis\u00eb. Forca policije te shumta. Protestuesit hedhin parulla kund\u00ebr Ram\u00ebs dhe q\u00ebndrojne ne bllokimin q\u00eb i kan\u00eb b\u00ebre Kryeministris\u00eb. N\u00eb shesh pran\u00eb Kryeministris\u00eb jan\u00eb\u2026","rel":"","context":"In &quot;Blogu i Udh\u00ebtarit&quot;","block_context":{"text":"Blogu i Udh\u00ebtarit","link":"https:\/\/www.shqiperia.com\/blog\/category\/blogu-i-udhetarit\/"},"img":{"alt_text":"","src":"https:\/\/i0.wp.com\/www.shqiperia.com\/blog\/wp-content\/uploads\/2026\/09\/rama-programi-ps-2.png?fit=768%2C430&ssl=1&resize=350%2C200","width":350,"height":200,"srcset":"https:\/\/i0.wp.com\/www.shqiperia.com\/blog\/wp-content\/uploads\/2026\/09\/rama-programi-ps-2.png?fit=768%2C430&ssl=1&resize=350%2C200 1x, https:\/\/i0.wp.com\/www.shqiperia.com\/blog\/wp-content\/uploads\/2026\/09\/rama-programi-ps-2.png?fit=768%2C430&ssl=1&resize=525%2C300 1.5x, https:\/\/i0.wp.com\/www.shqiperia.com\/blog\/wp-content\/uploads\/2026\/09\/rama-programi-ps-2.png?fit=768%2C430&ssl=1&resize=700%2C400 2x"},"classes":[]},{"id":103176,"url":"https:\/\/www.shqiperia.com\/blog\/qendrese-revolte-55-dite-jehon-thirrja-arrestoni-ramen\/","url_meta":{"origin":105721,"position":4},"title":"Q\u00ebndres\u00eb, revolt\u00eb 55 dit\u00eb\/ Jehon thirrja: &#8211; Arrestoni Ram\u00ebn","author":"Kurt Farka","date":"July 24, 2026","format":false,"excerpt":"24 Korrik 2026 Nj\u00eb pjes\u00ebmarrje masive n\u00eb dit\u00ebn e 55 t\u00eb protest\u00eb kund\u00ebr kryeministrit Edi Rama. Shqiptar\u00ebt kan\u00eb dh\u00ebn\u00eb mesazh t\u00eb qart\u00eb se nuk heqin dor\u00eb nga rezistenca d\u00ebri n\u00eb largimin e kryeministrit. Pas fjalimeve para Kryeministris\u00eb, protestuesit po vijojn\u00eb marshimet n\u00eb rrug\u00ebt e Tiran\u00ebs ku jehojn\u00eb thirrjet \u201cArrestoni Ram\u00ebn\u201d.\u2026","rel":"","context":"In &quot;Blogu i Udh\u00ebtarit&quot;","block_context":{"text":"Blogu i Udh\u00ebtarit","link":"https:\/\/www.shqiperia.com\/blog\/category\/blogu-i-udhetarit\/"},"img":{"alt_text":"","src":"https:\/\/i0.wp.com\/www.shqiperia.com\/blog\/wp-content\/uploads\/2026\/07\/buelvardiiii-1.jpg?fit=1200%2C542&ssl=1&resize=350%2C200","width":350,"height":200,"srcset":"https:\/\/i0.wp.com\/www.shqiperia.com\/blog\/wp-content\/uploads\/2026\/07\/buelvardiiii-1.jpg?fit=1200%2C542&ssl=1&resize=350%2C200 1x, https:\/\/i0.wp.com\/www.shqiperia.com\/blog\/wp-content\/uploads\/2026\/07\/buelvardiiii-1.jpg?fit=1200%2C542&ssl=1&resize=525%2C300 1.5x, https:\/\/i0.wp.com\/www.shqiperia.com\/blog\/wp-content\/uploads\/2026\/07\/buelvardiiii-1.jpg?fit=1200%2C542&ssl=1&resize=700%2C400 2x, https:\/\/i0.wp.com\/www.shqiperia.com\/blog\/wp-content\/uploads\/2026\/07\/buelvardiiii-1.jpg?fit=1200%2C542&ssl=1&resize=1050%2C600 3x"},"classes":[]},{"id":102363,"url":"https:\/\/www.shqiperia.com\/blog\/kulisat-maduro-i-venezueles-dhe-edi-rama-te-vetmit-lidere-shtetesh-qe-shpallen-krere-te-karteleve-te-droges\/","url_meta":{"origin":105721,"position":5},"title":"Kulisat, Maduro i Venezuel\u00ebs dhe Edi Rama t\u00eb vetmit lider\u00eb shtetesh q\u00eb shpallen krer\u00eb t\u00eb karteleve t\u00eb drog\u00ebs\u2026","author":"Kurt Farka","date":"July 8, 2026","format":false,"excerpt":"8 Korrik 2026 Nj\u00eb t\u00ebrmet i paprecedent\u00eb politik po dridh themelet e Tiran\u00ebs pas nj\u00eb l\u00ebvizjeje shokuese dhe \u201cbombastike\u201d t\u00eb nd\u00ebrmarr\u00eb direkt nga Uashingtoni zyrtar. Kongresmeni republikan, Joe Wilson, ka depozituar me urgjenc\u00eb ekstreme nj\u00eb amendament t\u00eb rrept\u00eb q\u00eb ka kaluar menj\u00ebher\u00eb n\u00eb Komisionet e Rregullores dhe Ligjeve n\u00eb Kongresin\u2026","rel":"","context":"In &quot;Blogu i Udh\u00ebtarit&quot;","block_context":{"text":"Blogu i Udh\u00ebtarit","link":"https:\/\/www.shqiperia.com\/blog\/category\/blogu-i-udhetarit\/"},"img":{"alt_text":"","src":"https:\/\/i0.wp.com\/www.shqiperia.com\/blog\/wp-content\/uploads\/2026\/07\/foto-7-3-1024x570-1.jpg?fit=1024%2C570&ssl=1&resize=350%2C200","width":350,"height":200,"srcset":"https:\/\/i0.wp.com\/www.shqiperia.com\/blog\/wp-content\/uploads\/2026\/07\/foto-7-3-1024x570-1.jpg?fit=1024%2C570&ssl=1&resize=350%2C200 1x, https:\/\/i0.wp.com\/www.shqiperia.com\/blog\/wp-content\/uploads\/2026\/07\/foto-7-3-1024x570-1.jpg?fit=1024%2C570&ssl=1&resize=525%2C300 1.5x, https:\/\/i0.wp.com\/www.shqiperia.com\/blog\/wp-content\/uploads\/2026\/07\/foto-7-3-1024x570-1.jpg?fit=1024%2C570&ssl=1&resize=700%2C400 2x"},"classes":[]}],"_links":{"self":[{"href":"https:\/\/www.shqiperia.com\/blog\/wp-json\/wp\/v2\/posts\/105721","targetHints":{"allow":["GET"]}}],"collection":[{"href":"https:\/\/www.shqiperia.com\/blog\/wp-json\/wp\/v2\/posts"}],"about":[{"href":"https:\/\/www.shqiperia.com\/blog\/wp-json\/wp\/v2\/types\/post"}],"author":[{"embeddable":true,"href":"https:\/\/www.shqiperia.com\/blog\/wp-json\/wp\/v2\/users\/9"}],"replies":[{"embeddable":true,"href":"https:\/\/www.shqiperia.com\/blog\/wp-json\/wp\/v2\/comments?post=105721"}],"version-history":[{"count":1,"href":"https:\/\/www.shqiperia.com\/blog\/wp-json\/wp\/v2\/posts\/105721\/revisions"}],"predecessor-version":[{"id":105723,"href":"https:\/\/www.shqiperia.com\/blog\/wp-json\/wp\/v2\/posts\/105721\/revisions\/105723"}],"wp:featuredmedia":[{"embeddable":true,"href":"https:\/\/www.shqiperia.com\/blog\/wp-json\/wp\/v2\/media\/105722"}],"wp:attachment":[{"href":"https:\/\/www.shqiperia.com\/blog\/wp-json\/wp\/v2\/media?parent=105721"}],"wp:term":[{"taxonomy":"category","embeddable":true,"href":"https:\/\/www.shqiperia.com\/blog\/wp-json\/wp\/v2\/categories?post=105721"},{"taxonomy":"post_tag","embeddable":true,"href":"https:\/\/www.shqiperia.com\/blog\/wp-json\/wp\/v2\/tags?post=105721"}],"curies":[{"name":"wp","href":"https:\/\/api.w.org\/{rel}","templated":true}]}}