{"id":105718,"date":"2026-09-01T18:33:38","date_gmt":"2026-09-01T18:33:38","guid":{"rendered":"https:\/\/www.shqiperia.com\/blog\/?p=105718"},"modified":"2026-09-01T18:33:58","modified_gmt":"2026-09-01T18:33:58","slug":"shtohet-numeri-i-protestuesve","status":"publish","type":"post","link":"https:\/\/www.shqiperia.com\/blog\/shtohet-numeri-i-protestuesve\/","title":{"rendered":"Shtohet num\u00ebri i Protestuesve"},"content":{"rendered":"<p><img data-recalc-dims=\"1\" loading=\"lazy\" decoding=\"async\" data-attachment-id=\"105719\" data-permalink=\"https:\/\/www.shqiperia.com\/blog\/shtohet-numeri-i-protestuesve\/790614966_4685107741712492_6491156869240340742_n\/\" data-orig-file=\"https:\/\/i0.wp.com\/www.shqiperia.com\/blog\/wp-content\/uploads\/2026\/09\/790614966_4685107741712492_6491156869240340742_n.jpg?fit=1768%2C942&amp;ssl=1\" data-orig-size=\"1768,942\" data-comments-opened=\"1\" data-image-meta=\"{&quot;aperture&quot;:&quot;0&quot;,&quot;credit&quot;:&quot;&quot;,&quot;camera&quot;:&quot;&quot;,&quot;caption&quot;:&quot;&quot;,&quot;created_timestamp&quot;:&quot;1788287520&quot;,&quot;copyright&quot;:&quot;&quot;,&quot;focal_length&quot;:&quot;0&quot;,&quot;iso&quot;:&quot;0&quot;,&quot;shutter_speed&quot;:&quot;0&quot;,&quot;title&quot;:&quot;&quot;,&quot;orientation&quot;:&quot;0&quot;}\" data-image-title=\"790614966_4685107741712492_6491156869240340742_n\" data-image-description=\"\" data-image-caption=\"\" data-medium-file=\"https:\/\/i0.wp.com\/www.shqiperia.com\/blog\/wp-content\/uploads\/2026\/09\/790614966_4685107741712492_6491156869240340742_n.jpg?fit=300%2C160&amp;ssl=1\" data-large-file=\"https:\/\/i0.wp.com\/www.shqiperia.com\/blog\/wp-content\/uploads\/2026\/09\/790614966_4685107741712492_6491156869240340742_n.jpg?fit=1024%2C546&amp;ssl=1\" class=\"alignnone wp-image-105719\" alt=\"\" src=\"https:\/\/i0.wp.com\/www.shqiperia.com\/blog\/wp-content\/uploads\/2026\/09\/790614966_4685107741712492_6491156869240340742_n.jpg?resize=604%2C322&#038;ssl=1\" width=\"604\" height=\"322\" srcset=\"https:\/\/i0.wp.com\/www.shqiperia.com\/blog\/wp-content\/uploads\/2026\/09\/790614966_4685107741712492_6491156869240340742_n.jpg?resize=300%2C160&amp;ssl=1 300w, https:\/\/i0.wp.com\/www.shqiperia.com\/blog\/wp-content\/uploads\/2026\/09\/790614966_4685107741712492_6491156869240340742_n.jpg?resize=1024%2C546&amp;ssl=1 1024w, https:\/\/i0.wp.com\/www.shqiperia.com\/blog\/wp-content\/uploads\/2026\/09\/790614966_4685107741712492_6491156869240340742_n.jpg?resize=768%2C409&amp;ssl=1 768w, https:\/\/i0.wp.com\/www.shqiperia.com\/blog\/wp-content\/uploads\/2026\/09\/790614966_4685107741712492_6491156869240340742_n.jpg?resize=1536%2C818&amp;ssl=1 1536w, https:\/\/i0.wp.com\/www.shqiperia.com\/blog\/wp-content\/uploads\/2026\/09\/790614966_4685107741712492_6491156869240340742_n.jpg?resize=450%2C240&amp;ssl=1 450w, https:\/\/i0.wp.com\/www.shqiperia.com\/blog\/wp-content\/uploads\/2026\/09\/790614966_4685107741712492_6491156869240340742_n.jpg?resize=600%2C320&amp;ssl=1 600w, https:\/\/i0.wp.com\/www.shqiperia.com\/blog\/wp-content\/uploads\/2026\/09\/790614966_4685107741712492_6491156869240340742_n.jpg?resize=1500%2C799&amp;ssl=1 1500w, https:\/\/i0.wp.com\/www.shqiperia.com\/blog\/wp-content\/uploads\/2026\/09\/790614966_4685107741712492_6491156869240340742_n.jpg?resize=1300%2C693&amp;ssl=1 1300w, https:\/\/i0.wp.com\/www.shqiperia.com\/blog\/wp-content\/uploads\/2026\/09\/790614966_4685107741712492_6491156869240340742_n.jpg?resize=400%2C213&amp;ssl=1 400w, https:\/\/i0.wp.com\/www.shqiperia.com\/blog\/wp-content\/uploads\/2026\/09\/790614966_4685107741712492_6491156869240340742_n.jpg?w=1768&amp;ssl=1 1768w\" sizes=\"auto, (max-width: 604px) 100vw, 604px\" \/><\/p>\n<p>1 Shtator 2026<\/p>\n<p>Me njoftimin nga Tv se policija dhe politike kerkon t\u00eb provokoj\u00eb protestuesit q\u00eb ishin n\u00eb shesh, qindra qytetar i jan\u00eb drejtuar sheshit. Num\u00ebri i Protestuesve \u00ebshte rritur<\/p>\n<p>ora 20.29 policia e shetit i versulet protestuesve per ti shperndar\u00eb.<\/p>\n<p>Edhe protestuesit po q\u00ebndrojne. Ka perplasje.<\/p>\n","protected":false},"excerpt":{"rendered":"<p>1 Shtator 2026 Me njoftimin nga Tv se policija dhe politike kerkon t\u00eb provokoj\u00eb protestuesit q\u00eb ishin n\u00eb shesh, qindra qytetar i jan\u00eb drejtuar sheshit. Num\u00ebri i Protestuesve \u00ebshte rritur ora 20.29 policia e shetit i versulet protestuesve per ti shperndar\u00eb. Edhe protestuesit po q\u00ebndrojne. Ka perplasje.<\/p>\n","protected":false},"author":9,"featured_media":105719,"comment_status":"open","ping_status":"open","sticky":false,"template":"","format":"standard","meta":{"jetpack_post_was_ever_published":false,"_jetpack_newsletter_access":"","_jetpack_dont_email_post_to_subs":false,"_jetpack_newsletter_tier_id":0,"_jetpack_memberships_contains_paywalled_content":false,"_jetpack_memberships_contains_paid_content":false,"footnotes":"","jetpack_publicize_message":"","jetpack_publicize_feature_enabled":true,"jetpack_social_post_already_shared":true,"jetpack_social_options":{"image_generator_settings":{"template":"highway","default_image_id":0,"font":"","enabled":false},"version":2}},"categories":[27,1,2,35],"tags":[],"class_list":["post-105718","post","type-post","status-publish","format-standard","has-post-thumbnail","hentry","category-blogu-i-udhetarit","category-njoftime-shtypi","category-politika","category-shoqerore"],"jetpack_publicize_connections":[],"jetpack_featured_media_url":"https:\/\/i0.wp.com\/www.shqiperia.com\/blog\/wp-content\/uploads\/2026\/09\/790614966_4685107741712492_6491156869240340742_n.jpg?fit=1768%2C942&ssl=1","jetpack_sharing_enabled":true,"jetpack_shortlink":"https:\/\/wp.me\/p5Z6wp-rv8","jetpack-related-posts":[{"id":101419,"url":"https:\/\/www.shqiperia.com\/blog\/shqiperi-e-re-uragani-i-protestuesve-marshim-kilometrik-ne-tirane-revolucion-2214-12-06-2026-a-a-shqiperi-e-re-uragani-i-protestuesve-mars\/","url_meta":{"origin":105718,"position":0},"title":"\u201cShqip\u00ebri e re\u201d\/ Uragani\u2019 i protestuesve marshim kilometrik n\u00eb Tiran\u00eb: Revolucion   22:14 | 12\/06\/2026 A A \u201cShqip\u00ebri e re\u201d\/ Uragani\u2019 i protestuesve marshim kilometrik n\u00eb Tiran\u00eb: Revolucion Protestuesit","author":"Kurt Farka","date":"June 13, 2026","format":false,"excerpt":"Protestuesit \u201cndezin\u201d Tiran\u00ebn. Marshimi i revolt\u00ebs s\u00eb shqiptar\u00ebve vijon n\u00eb \u00e7do cep t\u00eb Tiran\u00ebs. T\u00eb vendosur, t\u00eb pandalsh\u00ebm, jan\u00eb t\u00eb qart\u00eb me k\u00ebrkesat e tyre, mesazhi \u00ebsht\u00eb nj\u00eb dhe i vet\u00ebm, largimi i kryeministrit Edi Rama. Ky marshim \u00ebsht\u00eb mb\u00ebshtetur nga t\u00eb gjith\u00eb, t\u00eb rinj, t\u00eb reja, t\u00eb moshuar, prind\u00ebr\u2026","rel":"","context":"In &quot;Njoftime Shtypi&quot;","block_context":{"text":"Njoftime Shtypi","link":"https:\/\/www.shqiperia.com\/blog\/category\/njoftime-shtypi\/"},"img":{"alt_text":"","src":"https:\/\/i0.wp.com\/www.shqiperia.com\/blog\/wp-content\/uploads\/2026\/06\/IMG_9907-300x173.jpeg?resize=350%2C200&ssl=1","width":350,"height":200,"srcset":"https:\/\/i0.wp.com\/www.shqiperia.com\/blog\/wp-content\/uploads\/2026\/06\/IMG_9907-300x173.jpeg?resize=350%2C200&ssl=1 1x, https:\/\/i0.wp.com\/www.shqiperia.com\/blog\/wp-content\/uploads\/2026\/06\/IMG_9907-300x173.jpeg?resize=525%2C300&ssl=1 1.5x"},"classes":[]},{"id":38526,"url":"https:\/\/www.shqiperia.com\/blog\/perplasje-mes-protestuesve-e-policies-tentojne-te-futen-ne-ministri-shoqerohen-disa-persona\/","url_meta":{"origin":105718,"position":1},"title":"P\u00ebrplasje mes protestuesve e policies. Tentojn\u00eb t\u00eb futen n\u00eb Ministri, shoq\u00ebrohen disa persona.","author":"Kurt Farka","date":"September 17, 2020","format":false,"excerpt":"P\u00ebrplasje mes protestuesve e policies. Tentojn\u00eb t\u00eb futen n\u00eb Ministri, shoq\u00ebrohen disa persona. \u00a017 SHTATOR 2020 Tensione t\u00eb forta n\u00eb protest\u00ebn e naft\u00ebtar\u00ebve , ku protestuesit kan\u00eb tentuar t\u00eb futen me forc\u00eb n\u00eb Ministrin\u00eb s\u00eb Infrastruktur\u00ebs dhe Energjitik\u00ebs. Protestuesit tentuan t\u00eb \u00e7anin kordonin e policis\u00eb, ku p\u00ebr pasoj\u00eb jan\u00eb shoq\u00ebruar\u2026","rel":"","context":"In &quot;Blogu i Udh\u00ebtarit&quot;","block_context":{"text":"Blogu i Udh\u00ebtarit","link":"https:\/\/www.shqiperia.com\/blog\/category\/blogu-i-udhetarit\/"},"img":{"alt_text":"","src":"https:\/\/i0.wp.com\/www.shqiperia.com\/blog\/wp-content\/uploads\/2020\/09\/640-0-5f633473be0fa.jpg?fit=640%2C427&ssl=1&resize=350%2C200","width":350,"height":200,"srcset":"https:\/\/i0.wp.com\/www.shqiperia.com\/blog\/wp-content\/uploads\/2020\/09\/640-0-5f633473be0fa.jpg?fit=640%2C427&ssl=1&resize=350%2C200 1x, https:\/\/i0.wp.com\/www.shqiperia.com\/blog\/wp-content\/uploads\/2020\/09\/640-0-5f633473be0fa.jpg?fit=640%2C427&ssl=1&resize=525%2C300 1.5x"},"classes":[]},{"id":41785,"url":"https:\/\/www.shqiperia.com\/blog\/protestuesit-zhvendosen-ne-ish-bllok-te-rinjte-lirojne-shokun-e-arrestuar-nga-policia\/","url_meta":{"origin":105718,"position":2},"title":"Protestuesit zhvendosen n\u00eb ish-Bllok! T\u00eb rinjt\u00eb lirojn\u00eb shokun e arrestuar nga Policia!","author":"Kurt Farka","date":"December 11, 2020","format":false,"excerpt":"Protestuesit zhvendosen n\u00eb ish-Bllok! T\u00eb rinjt\u00eb lirojn\u00eb shokun e arrestuar nga Policia! 11 nentor 2020 Grupet e protestuesve jan\u00eb spostuar n\u00eb zon\u00eb e ish-Bllokut. Policia ka shp\u00ebrndar\u00eb turmat duke hedhur gazlot\u00ebsjell\u00ebs dhe uj\u00eb me presion. Nd\u00ebrkoh\u00eb q\u00eb forcat e policis\u00eb kan\u00eb nisur shoq\u00ebrimin e disa t\u00eb rinjve. Nj\u00eb rast ishte\u2026","rel":"","context":"In &quot;Blogu i Udh\u00ebtarit&quot;","block_context":{"text":"Blogu i Udh\u00ebtarit","link":"https:\/\/www.shqiperia.com\/blog\/category\/blogu-i-udhetarit\/"},"img":{"alt_text":"","src":"https:\/\/i0.wp.com\/www.shqiperia.com\/blog\/wp-content\/uploads\/2020\/12\/Shoqerimi-i-minoreneve.jpg?fit=600%2C400&ssl=1&resize=350%2C200","width":350,"height":200,"srcset":"https:\/\/i0.wp.com\/www.shqiperia.com\/blog\/wp-content\/uploads\/2020\/12\/Shoqerimi-i-minoreneve.jpg?fit=600%2C400&ssl=1&resize=350%2C200 1x, https:\/\/i0.wp.com\/www.shqiperia.com\/blog\/wp-content\/uploads\/2020\/12\/Shoqerimi-i-minoreneve.jpg?fit=600%2C400&ssl=1&resize=525%2C300 1.5x"},"classes":[]},{"id":81650,"url":"https:\/\/www.shqiperia.com\/blog\/pas-dy-oresh-perplasje-me-policine-mbyllet-protesta-e-rithemelimit-para-kuvendit\/","url_meta":{"origin":105718,"position":3},"title":"Pas dy or\u00ebsh p\u00ebrplasje me policin\u00eb, mbyllet protesta e Rithemelimit para Kuvendit","author":"Kurt Farka","date":"June 6, 2024","format":false,"excerpt":"7 Qershor 2024 \u00cbsht\u00eb mbyllur protesta e opozit\u00ebs p\u00ebrpara parlamentit t\u00eb Shqip\u00ebris\u00eb. Gazetari Osman Stafa ka dh\u00ebn\u00eb detaje nga protesta. \u201cProtestuesit kan\u00eb mbyllur protest\u00ebn. Flamur Noka iu ka b\u00ebr\u00eb thirrje protestuesve q\u00eb t\u00eb shp\u00ebrndahen, edhe p\u00ebr shkak t\u00eb temperaturave t\u00eb larta dhe tashm\u00eb opozita do t\u00eb protestoj\u00eb t\u00eb h\u00ebn\u00ebn n\u00eb\u2026","rel":"","context":"In &quot;Blogu i Udh\u00ebtarit&quot;","block_context":{"text":"Blogu i Udh\u00ebtarit","link":"https:\/\/www.shqiperia.com\/blog\/category\/blogu-i-udhetarit\/"},"img":{"alt_text":"","src":"https:\/\/i0.wp.com\/www.shqiperia.com\/blog\/wp-content\/uploads\/2024\/06\/800-0-6ad3bf14464f11d3ce7aaba6a2646ad3.jpg?fit=800%2C450&ssl=1&resize=350%2C200","width":350,"height":200,"srcset":"https:\/\/i0.wp.com\/www.shqiperia.com\/blog\/wp-content\/uploads\/2024\/06\/800-0-6ad3bf14464f11d3ce7aaba6a2646ad3.jpg?fit=800%2C450&ssl=1&resize=350%2C200 1x, https:\/\/i0.wp.com\/www.shqiperia.com\/blog\/wp-content\/uploads\/2024\/06\/800-0-6ad3bf14464f11d3ce7aaba6a2646ad3.jpg?fit=800%2C450&ssl=1&resize=525%2C300 1.5x, https:\/\/i0.wp.com\/www.shqiperia.com\/blog\/wp-content\/uploads\/2024\/06\/800-0-6ad3bf14464f11d3ce7aaba6a2646ad3.jpg?fit=800%2C450&ssl=1&resize=700%2C400 2x"},"classes":[]},{"id":102249,"url":"https:\/\/www.shqiperia.com\/blog\/pas-tensioneve-ne-protesten-e-se-enjtes-nis-lirimi-i-protestuesve-te-arrestuar-priten-nga-familjaret\/","url_meta":{"origin":105718,"position":4},"title":"pas tensioneve n\u00eb protest\u00ebn e s\u00eb enjtes, nis lirimi i protestuesve t\u00eb arrestuar, priten nga familjar\u00ebt","author":"Kurt Farka","date":"July 5, 2026","format":false,"excerpt":"5 Korrik 2026 Ka nisur lirimi i protestuesve t\u00eb arrestuar pas tensioneve n\u00eb protest\u00ebn e zhvilluar dit\u00ebn e enjte. Protestuesit kan\u00eb l\u00ebn\u00eb bllokun e siguris\u00eb n\u00eb rrug\u00ebn \u201cMine Peza\u201d. Gjykata e Tiran\u00ebs shpalli pak m\u00eb par\u00eb verdiktin p\u00ebr 19 protestuesit q\u00eb u arrestuan pas p\u00ebrplasjes me policin\u00eb n\u00eb tubimin e\u2026","rel":"","context":"In &quot;Blogu i Udh\u00ebtarit&quot;","block_context":{"text":"Blogu i Udh\u00ebtarit","link":"https:\/\/www.shqiperia.com\/blog\/category\/blogu-i-udhetarit\/"},"img":{"alt_text":"","src":"https:\/\/i0.wp.com\/www.shqiperia.com\/blog\/wp-content\/uploads\/2026\/07\/Screenshot-2026-07-05-165536.png?fit=983%2C551&ssl=1&resize=350%2C200","width":350,"height":200,"srcset":"https:\/\/i0.wp.com\/www.shqiperia.com\/blog\/wp-content\/uploads\/2026\/07\/Screenshot-2026-07-05-165536.png?fit=983%2C551&ssl=1&resize=350%2C200 1x, https:\/\/i0.wp.com\/www.shqiperia.com\/blog\/wp-content\/uploads\/2026\/07\/Screenshot-2026-07-05-165536.png?fit=983%2C551&ssl=1&resize=525%2C300 1.5x, https:\/\/i0.wp.com\/www.shqiperia.com\/blog\/wp-content\/uploads\/2026\/07\/Screenshot-2026-07-05-165536.png?fit=983%2C551&ssl=1&resize=700%2C400 2x"},"classes":[]},{"id":101623,"url":"https:\/\/www.shqiperia.com\/blog\/deputeti-i-ps-se-ardit-bido-kercenon-protestuesit-a-e-di-kush-jam-une\/","url_meta":{"origin":105718,"position":5},"title":"Deputeti i PS-s\u00eb, Ardit Bido k\u00ebrc\u00ebnon protestuesit: &#8211; A e di kush jam un\u00eb&#8230;","author":"Kurt Farka","date":"June 19, 2026","format":false,"excerpt":"Momente tensioni u regjistruan para Kuvendit t\u00eb Shqip\u00ebris\u00eb, teksa protestuesit q\u00eb prej 19 dit\u00ebsh k\u00ebrkojn\u00eb dor\u00ebheqjen e kryeministrit Edi Rama po parakalonin p\u00ebrpara godin\u00ebs s\u00eb Parlamentit. Gjat\u00eb marshimit pati nj\u00eb p\u00ebrplasje verbale mes deputetit t\u00eb PS-s\u00eb, Ardit Bido dhe disa protestuesve, e shoq\u00ebruar me akuza k\u00ebrc\u00ebnime dhe replika t\u00eb forta.\u2026","rel":"","context":"In &quot;Blogu i Udh\u00ebtarit&quot;","block_context":{"text":"Blogu i Udh\u00ebtarit","link":"https:\/\/www.shqiperia.com\/blog\/category\/blogu-i-udhetarit\/"},"img":{"alt_text":"","src":"https:\/\/i0.wp.com\/www.shqiperia.com\/blog\/wp-content\/uploads\/2026\/06\/auto_g99dfg1781807484.jpg?fit=900%2C635&ssl=1&resize=350%2C200","width":350,"height":200,"srcset":"https:\/\/i0.wp.com\/www.shqiperia.com\/blog\/wp-content\/uploads\/2026\/06\/auto_g99dfg1781807484.jpg?fit=900%2C635&ssl=1&resize=350%2C200 1x, https:\/\/i0.wp.com\/www.shqiperia.com\/blog\/wp-content\/uploads\/2026\/06\/auto_g99dfg1781807484.jpg?fit=900%2C635&ssl=1&resize=525%2C300 1.5x, https:\/\/i0.wp.com\/www.shqiperia.com\/blog\/wp-content\/uploads\/2026\/06\/auto_g99dfg1781807484.jpg?fit=900%2C635&ssl=1&resize=700%2C400 2x"},"classes":[]}],"_links":{"self":[{"href":"https:\/\/www.shqiperia.com\/blog\/wp-json\/wp\/v2\/posts\/105718","targetHints":{"allow":["GET"]}}],"collection":[{"href":"https:\/\/www.shqiperia.com\/blog\/wp-json\/wp\/v2\/posts"}],"about":[{"href":"https:\/\/www.shqiperia.com\/blog\/wp-json\/wp\/v2\/types\/post"}],"author":[{"embeddable":true,"href":"https:\/\/www.shqiperia.com\/blog\/wp-json\/wp\/v2\/users\/9"}],"replies":[{"embeddable":true,"href":"https:\/\/www.shqiperia.com\/blog\/wp-json\/wp\/v2\/comments?post=105718"}],"version-history":[{"count":1,"href":"https:\/\/www.shqiperia.com\/blog\/wp-json\/wp\/v2\/posts\/105718\/revisions"}],"predecessor-version":[{"id":105720,"href":"https:\/\/www.shqiperia.com\/blog\/wp-json\/wp\/v2\/posts\/105718\/revisions\/105720"}],"wp:featuredmedia":[{"embeddable":true,"href":"https:\/\/www.shqiperia.com\/blog\/wp-json\/wp\/v2\/media\/105719"}],"wp:attachment":[{"href":"https:\/\/www.shqiperia.com\/blog\/wp-json\/wp\/v2\/media?parent=105718"}],"wp:term":[{"taxonomy":"category","embeddable":true,"href":"https:\/\/www.shqiperia.com\/blog\/wp-json\/wp\/v2\/categories?post=105718"},{"taxonomy":"post_tag","embeddable":true,"href":"https:\/\/www.shqiperia.com\/blog\/wp-json\/wp\/v2\/tags?post=105718"}],"curies":[{"name":"wp","href":"https:\/\/api.w.org\/{rel}","templated":true}]}}