{"id":105708,"date":"2026-09-01T18:15:23","date_gmt":"2026-09-01T18:15:23","guid":{"rendered":"https:\/\/www.shqiperia.com\/blog\/?p=105708"},"modified":"2026-09-01T18:22:45","modified_gmt":"2026-09-01T18:22:45","slug":"tek-kryeminstria-priten-ngjarje-shtim-i-madh-i-numrit-te-policise","status":"publish","type":"post","link":"https:\/\/www.shqiperia.com\/blog\/tek-kryeminstria-priten-ngjarje-shtim-i-madh-i-numrit-te-policise\/","title":{"rendered":"Tek Kryeminstria priten ngjarje. Shtim i madh i numrit t\u00eb Policis\u00eb."},"content":{"rendered":"<p><img data-recalc-dims=\"1\" loading=\"lazy\" decoding=\"async\" data-attachment-id=\"105709\" data-permalink=\"https:\/\/www.shqiperia.com\/blog\/tek-kryeminstria-priten-ngjarje-shtim-i-madh-i-numrit-te-policise\/rama-programi-ps-2\/\" data-orig-file=\"https:\/\/i0.wp.com\/www.shqiperia.com\/blog\/wp-content\/uploads\/2026\/09\/rama-programi-ps-2.png?fit=768%2C430&amp;ssl=1\" data-orig-size=\"768,430\" data-comments-opened=\"1\" data-image-meta=\"{&quot;aperture&quot;:&quot;0&quot;,&quot;credit&quot;:&quot;&quot;,&quot;camera&quot;:&quot;&quot;,&quot;caption&quot;:&quot;&quot;,&quot;created_timestamp&quot;:&quot;0&quot;,&quot;copyright&quot;:&quot;&quot;,&quot;focal_length&quot;:&quot;0&quot;,&quot;iso&quot;:&quot;0&quot;,&quot;shutter_speed&quot;:&quot;0&quot;,&quot;title&quot;:&quot;&quot;,&quot;orientation&quot;:&quot;0&quot;}\" data-image-title=\"rama-programi-ps-2\" data-image-description=\"\" data-image-caption=\"\" data-medium-file=\"https:\/\/i0.wp.com\/www.shqiperia.com\/blog\/wp-content\/uploads\/2026\/09\/rama-programi-ps-2.png?fit=300%2C168&amp;ssl=1\" data-large-file=\"https:\/\/i0.wp.com\/www.shqiperia.com\/blog\/wp-content\/uploads\/2026\/09\/rama-programi-ps-2.png?fit=768%2C430&amp;ssl=1\" class=\"alignnone wp-image-105709\" alt=\"\" src=\"https:\/\/i0.wp.com\/www.shqiperia.com\/blog\/wp-content\/uploads\/2026\/09\/rama-programi-ps-2.png?resize=573%2C321&#038;ssl=1\" width=\"573\" height=\"321\" srcset=\"https:\/\/i0.wp.com\/www.shqiperia.com\/blog\/wp-content\/uploads\/2026\/09\/rama-programi-ps-2.png?resize=300%2C168&amp;ssl=1 300w, https:\/\/i0.wp.com\/www.shqiperia.com\/blog\/wp-content\/uploads\/2026\/09\/rama-programi-ps-2.png?resize=450%2C252&amp;ssl=1 450w, https:\/\/i0.wp.com\/www.shqiperia.com\/blog\/wp-content\/uploads\/2026\/09\/rama-programi-ps-2.png?resize=600%2C336&amp;ssl=1 600w, https:\/\/i0.wp.com\/www.shqiperia.com\/blog\/wp-content\/uploads\/2026\/09\/rama-programi-ps-2.png?resize=400%2C224&amp;ssl=1 400w, https:\/\/i0.wp.com\/www.shqiperia.com\/blog\/wp-content\/uploads\/2026\/09\/rama-programi-ps-2.png?w=768&amp;ssl=1 768w\" sizes=\"auto, (max-width: 573px) 100vw, 573px\" \/><\/p>\n<p>1 Shtator 2026<\/p>\n<p>Policia pret t\u00eb realizoi skenarin e incidenteve t\u00eb dhunshme.<br \/>\nKryeminisrti Ed Rama \u00ebsht mbrenda.<\/p>\n<p>Ishin shum\u00eb afer dhe afrohen edhe Forcat Speciale t\u00eb Policis\u00eb.<\/p>\n<p>Forca policije te shumta.<\/p>\n<p>Protestuesit hedhin parulla kund\u00ebr Ram\u00ebs dhe q\u00ebndrojne ne bllokimin q\u00eb i kan\u00eb b\u00ebre Kryeministris\u00eb.<\/p>\n<p>N\u00eb shesh pran\u00eb Kryeministris\u00eb jan\u00eb bllokuar valet telefonike.<\/p>\n","protected":false},"excerpt":{"rendered":"<p>1 Shtator 2026 Policia pret t\u00eb realizoi skenarin e incidenteve t\u00eb dhunshme. Kryeminisrti Ed Rama \u00ebsht mbrenda. Ishin shum\u00eb afer dhe afrohen edhe Forcat Speciale t\u00eb Policis\u00eb. Forca policije te shumta. Protestuesit hedhin parulla kund\u00ebr Ram\u00ebs dhe q\u00ebndrojne ne bllokimin q\u00eb i kan\u00eb b\u00ebre Kryeministris\u00eb. N\u00eb shesh pran\u00eb Kryeministris\u00eb jan\u00eb bllokuar valet telefonike.<\/p>\n","protected":false},"author":9,"featured_media":105709,"comment_status":"open","ping_status":"open","sticky":false,"template":"","format":"standard","meta":{"jetpack_post_was_ever_published":false,"_jetpack_newsletter_access":"","_jetpack_dont_email_post_to_subs":false,"_jetpack_newsletter_tier_id":0,"_jetpack_memberships_contains_paywalled_content":false,"_jetpack_memberships_contains_paid_content":false,"footnotes":"","jetpack_publicize_message":"","jetpack_publicize_feature_enabled":true,"jetpack_social_post_already_shared":true,"jetpack_social_options":{"image_generator_settings":{"template":"highway","default_image_id":0,"font":"","enabled":false},"version":2}},"categories":[27,1,35],"tags":[],"class_list":["post-105708","post","type-post","status-publish","format-standard","has-post-thumbnail","hentry","category-blogu-i-udhetarit","category-njoftime-shtypi","category-shoqerore"],"jetpack_publicize_connections":[],"jetpack_featured_media_url":"https:\/\/i0.wp.com\/www.shqiperia.com\/blog\/wp-content\/uploads\/2026\/09\/rama-programi-ps-2.png?fit=768%2C430&ssl=1","jetpack_sharing_enabled":true,"jetpack_shortlink":"https:\/\/wp.me\/p5Z6wp-ruY","jetpack-related-posts":[{"id":101089,"url":"https:\/\/www.shqiperia.com\/blog\/bulevardi-deshmoret-e-kombit-mbushet-plot-protestuesit-i-pergjigjen-policise-femijet-dhe-grate-udheheqin-marshimin\/","url_meta":{"origin":105708,"position":0},"title":"Bulevardi \u201cD\u00ebshmor\u00ebt e Kombit\u201d mbushet plot, protestuesit i p\u00ebrgjigjen policis\u00eb, f\u00ebmij\u00ebt dhe grat\u00eb udh\u00ebheqin marshimin","author":"Kurt Farka","date":"June 4, 2026","format":false,"excerpt":"4 Qershor 2026 Bulevardi \u201cD\u00ebshmor\u00ebt e Kombit\u201d \u00ebsht\u00eb mbushur me protestues q\u00eb i jan\u00eb bashkuar tubimit kund\u00ebr projektit p\u00ebr nd\u00ebrtimin e resortit turistik n\u00eb zon\u00ebn e mbrojtur t\u00eb Zv\u00ebrnecit. Pas grumbullimit n\u00eb sheshin \u201cSk\u00ebnderbej\u201d, qytetar\u00ebt kan\u00eb nisur marshimin drejt Kryeministris\u00eb, duke mbajtur pankarta dhe duke brohoritur kund\u00ebr projektit q\u00eb, sipas\u2026","rel":"","context":"In &quot;Blogu i Udh\u00ebtarit&quot;","block_context":{"text":"Blogu i Udh\u00ebtarit","link":"https:\/\/www.shqiperia.com\/blog\/category\/blogu-i-udhetarit\/"},"img":{"alt_text":"","src":"https:\/\/i0.wp.com\/www.shqiperia.com\/blog\/wp-content\/uploads\/2026\/06\/gra-protesta.jpg?fit=1027%2C570&ssl=1&resize=350%2C200","width":350,"height":200,"srcset":"https:\/\/i0.wp.com\/www.shqiperia.com\/blog\/wp-content\/uploads\/2026\/06\/gra-protesta.jpg?fit=1027%2C570&ssl=1&resize=350%2C200 1x, https:\/\/i0.wp.com\/www.shqiperia.com\/blog\/wp-content\/uploads\/2026\/06\/gra-protesta.jpg?fit=1027%2C570&ssl=1&resize=525%2C300 1.5x, https:\/\/i0.wp.com\/www.shqiperia.com\/blog\/wp-content\/uploads\/2026\/06\/gra-protesta.jpg?fit=1027%2C570&ssl=1&resize=700%2C400 2x"},"classes":[]},{"id":100803,"url":"https:\/\/www.shqiperia.com\/blog\/proteste-ne-tirane-qytetaret-jo-ndertimeve-ne-zonat-e-mbrojtura\/","url_meta":{"origin":105708,"position":1},"title":"Protest\u00eb n\u00eb Tiran\u00eb, qytetar\u00ebt:  Jo nd\u00ebrtimeve n\u00eb zonat e mbrojtura","author":"Kurt Farka","date":"May 31, 2026","format":false,"excerpt":"31 Maji 2026 Nj\u00eb protest\u00eb \u00ebsht\u00eb mbajtur sot n\u00eb Tiran\u00eb, pas incidentit t\u00eb ndodhur n\u00eb Zvernec. Qytetar\u00ebt nis\u00ebn marshimin protest\u00eb n\u00eb Drejtorin\u00eb e P\u00ebrgjithshme t\u00eb Policis\u00eb s\u00eb Shtetit, te Drejtoria Vendore e Tiran\u00ebs, Ministria e Brendshme dhe m\u00eb pas para kryeministris\u00eb. Qytetar\u00ebt k\u00ebrkojn\u00eb p\u00ebrgjigje nga institucionet p\u00ebr veprimet e policis\u00eb\u2026","rel":"","context":"In &quot;Blogu i Udh\u00ebtarit&quot;","block_context":{"text":"Blogu i Udh\u00ebtarit","link":"https:\/\/www.shqiperia.com\/blog\/category\/blogu-i-udhetarit\/"},"img":{"alt_text":"","src":"https:\/\/i0.wp.com\/www.shqiperia.com\/blog\/wp-content\/uploads\/2026\/05\/0.jpg?fit=480%2C360&ssl=1&resize=350%2C200","width":350,"height":200},"classes":[]},{"id":103176,"url":"https:\/\/www.shqiperia.com\/blog\/qendrese-revolte-55-dite-jehon-thirrja-arrestoni-ramen\/","url_meta":{"origin":105708,"position":2},"title":"Q\u00ebndres\u00eb, revolt\u00eb 55 dit\u00eb\/ Jehon thirrja: &#8211; Arrestoni Ram\u00ebn","author":"Kurt Farka","date":"July 24, 2026","format":false,"excerpt":"24 Korrik 2026 Nj\u00eb pjes\u00ebmarrje masive n\u00eb dit\u00ebn e 55 t\u00eb protest\u00eb kund\u00ebr kryeministrit Edi Rama. Shqiptar\u00ebt kan\u00eb dh\u00ebn\u00eb mesazh t\u00eb qart\u00eb se nuk heqin dor\u00eb nga rezistenca d\u00ebri n\u00eb largimin e kryeministrit. Pas fjalimeve para Kryeministris\u00eb, protestuesit po vijojn\u00eb marshimet n\u00eb rrug\u00ebt e Tiran\u00ebs ku jehojn\u00eb thirrjet \u201cArrestoni Ram\u00ebn\u201d.\u2026","rel":"","context":"In &quot;Blogu i Udh\u00ebtarit&quot;","block_context":{"text":"Blogu i Udh\u00ebtarit","link":"https:\/\/www.shqiperia.com\/blog\/category\/blogu-i-udhetarit\/"},"img":{"alt_text":"","src":"https:\/\/i0.wp.com\/www.shqiperia.com\/blog\/wp-content\/uploads\/2026\/07\/buelvardiiii-1.jpg?fit=1200%2C542&ssl=1&resize=350%2C200","width":350,"height":200,"srcset":"https:\/\/i0.wp.com\/www.shqiperia.com\/blog\/wp-content\/uploads\/2026\/07\/buelvardiiii-1.jpg?fit=1200%2C542&ssl=1&resize=350%2C200 1x, https:\/\/i0.wp.com\/www.shqiperia.com\/blog\/wp-content\/uploads\/2026\/07\/buelvardiiii-1.jpg?fit=1200%2C542&ssl=1&resize=525%2C300 1.5x, https:\/\/i0.wp.com\/www.shqiperia.com\/blog\/wp-content\/uploads\/2026\/07\/buelvardiiii-1.jpg?fit=1200%2C542&ssl=1&resize=700%2C400 2x, https:\/\/i0.wp.com\/www.shqiperia.com\/blog\/wp-content\/uploads\/2026\/07\/buelvardiiii-1.jpg?fit=1200%2C542&ssl=1&resize=1050%2C600 3x"},"classes":[]},{"id":104859,"url":"https:\/\/www.shqiperia.com\/blog\/aktivisti-fshatrat-e-vendit-po-digjen-ndersa-patronazhistet-sulmojne-protesten-me-propagande\/","url_meta":{"origin":105708,"position":3},"title":"Aktivisti: Fshatrat e vendit po digjen, nd\u00ebrsa patronazhist\u00ebt sulmojn\u00eb protest\u00ebn me propagand\u00eb!","author":"Kurt Farka","date":"August 21, 2026","format":false,"excerpt":"21 Gusht 2026 Aktivisti Arben Kola, gjat\u00eb fjal\u00ebs s\u00eb tij n\u00eb nat\u00ebn e 82-t\u00eb t\u00eb q\u00ebndres\u00ebs qytetare p\u00ebrpara Kryeministris\u00eb, i b\u00ebri thirrje protestuesve t\u00eb ruajn\u00eb unitetin dhe t\u00eb mos bien pre e tentativave p\u00ebr shp\u00ebrqendrim, duke e cil\u00ebsuar l\u00ebvizjen si nj\u00eb \u201cdit\u00eb t\u00eb vet\u00ebdijes komb\u00ebtare\u201d. Kola n\u00ebnvizoi se \u00e7do qytetar\u2026","rel":"","context":"In &quot;Blogu i Udh\u00ebtarit&quot;","block_context":{"text":"Blogu i Udh\u00ebtarit","link":"https:\/\/www.shqiperia.com\/blog\/category\/blogu-i-udhetarit\/"},"img":{"alt_text":"","src":"https:\/\/i0.wp.com\/www.shqiperia.com\/blog\/wp-content\/uploads\/2026\/08\/600-388-screenshot-2026-08-20-094000-1787211608.png?fit=600%2C388&ssl=1&resize=350%2C200","width":350,"height":200,"srcset":"https:\/\/i0.wp.com\/www.shqiperia.com\/blog\/wp-content\/uploads\/2026\/08\/600-388-screenshot-2026-08-20-094000-1787211608.png?fit=600%2C388&ssl=1&resize=350%2C200 1x, https:\/\/i0.wp.com\/www.shqiperia.com\/blog\/wp-content\/uploads\/2026\/08\/600-388-screenshot-2026-08-20-094000-1787211608.png?fit=600%2C388&ssl=1&resize=525%2C300 1.5x"},"classes":[]},{"id":100405,"url":"https:\/\/www.shqiperia.com\/blog\/ngjarje-e-rende-ne-kucove-i-shoqeruari-i-merr-pistoleten-policit-dhe-hap-zjarr\/","url_meta":{"origin":105708,"position":4},"title":"Ngjarje e r\u00ebnd\u00eb n\u00eb Ku\u00e7ov\u00eb\/ I shoq\u00ebruari i merr pistolet\u00ebn policit dhe hap zjarr","author":"Kurt Farka","date":"May 18, 2026","format":false,"excerpt":"18 Maji 2026 Nj\u00eb efektiv i Policis\u00eb s\u00eb Shtetit ka mbetur i plagosur mbr\u00ebmjen e sotme gjat\u00eb shoq\u00ebrimit t\u00eb nj\u00eb personi t\u00eb dyshuar p\u00ebr \u201cPrishje t\u00eb qet\u00ebsis\u00eb publike\u201d. Sipas njoftimit zyrtar, rreth or\u00ebs 19:00, sh\u00ebrbimet e Komisariatit t\u00eb Policis\u00eb Ku\u00e7ov\u00eb po transportonin shtetasin me iniciale Z. S., 45 vje\u00e7, banues\u2026","rel":"","context":"In &quot;Shoqerore&quot;","block_context":{"text":"Shoqerore","link":"https:\/\/www.shqiperia.com\/blog\/category\/shoqerore\/"},"img":{"alt_text":"","src":"https:\/\/i0.wp.com\/www.shqiperia.com\/blog\/wp-content\/uploads\/2026\/05\/policia-naten-770x425-3-770x425-1.jpg?fit=770%2C425&ssl=1&resize=350%2C200","width":350,"height":200,"srcset":"https:\/\/i0.wp.com\/www.shqiperia.com\/blog\/wp-content\/uploads\/2026\/05\/policia-naten-770x425-3-770x425-1.jpg?fit=770%2C425&ssl=1&resize=350%2C200 1x, https:\/\/i0.wp.com\/www.shqiperia.com\/blog\/wp-content\/uploads\/2026\/05\/policia-naten-770x425-3-770x425-1.jpg?fit=770%2C425&ssl=1&resize=525%2C300 1.5x, https:\/\/i0.wp.com\/www.shqiperia.com\/blog\/wp-content\/uploads\/2026\/05\/policia-naten-770x425-3-770x425-1.jpg?fit=770%2C425&ssl=1&resize=700%2C400 2x"},"classes":[]},{"id":100045,"url":"https:\/\/www.shqiperia.com\/blog\/perplasje-ne-protesten-e-opozites-kikia-veprimet-e-policise-ishin-te-pajustifikuara-dhe-disproporcionale\/","url_meta":{"origin":105708,"position":5},"title":"P\u00ebrplasje n\u00eb protest\u00ebn e opozit\u00ebs, Kikia: &#8211; Veprimet e policis\u00eb ishin t\u00eb pajustifikuara dhe disproporcionale!","author":"Kurt Farka","date":"May 9, 2026","format":false,"excerpt":"9 Maji 2026 Protesta e radh\u00ebs e organizuar nga Partia Demokratike u shoq\u00ebrua me tensione dhe p\u00ebrplasje mes protestuesve dhe forcave t\u00eb policis\u00eb. Sipas analistit Mentor Kikia, nd\u00ebrhyrja e policis\u00eb k\u00ebt\u00eb her\u00eb ishte duksh\u00ebm m\u00eb e shpejt\u00eb dhe m\u00eb agresive, duke sinjalizuar nj\u00eb ndryshim t\u00eb qart\u00eb t\u00eb strategjis\u00eb n\u00eb krahasim\u2026","rel":"","context":"In &quot;Blogu i Udh\u00ebtarit&quot;","block_context":{"text":"Blogu i Udh\u00ebtarit","link":"https:\/\/www.shqiperia.com\/blog\/category\/blogu-i-udhetarit\/"},"img":{"alt_text":"","src":"https:\/\/i0.wp.com\/www.shqiperia.com\/blog\/wp-content\/uploads\/2026\/05\/kkkj.jpg?fit=784%2C431&ssl=1&resize=350%2C200","width":350,"height":200,"srcset":"https:\/\/i0.wp.com\/www.shqiperia.com\/blog\/wp-content\/uploads\/2026\/05\/kkkj.jpg?fit=784%2C431&ssl=1&resize=350%2C200 1x, https:\/\/i0.wp.com\/www.shqiperia.com\/blog\/wp-content\/uploads\/2026\/05\/kkkj.jpg?fit=784%2C431&ssl=1&resize=525%2C300 1.5x, https:\/\/i0.wp.com\/www.shqiperia.com\/blog\/wp-content\/uploads\/2026\/05\/kkkj.jpg?fit=784%2C431&ssl=1&resize=700%2C400 2x"},"classes":[]}],"_links":{"self":[{"href":"https:\/\/www.shqiperia.com\/blog\/wp-json\/wp\/v2\/posts\/105708","targetHints":{"allow":["GET"]}}],"collection":[{"href":"https:\/\/www.shqiperia.com\/blog\/wp-json\/wp\/v2\/posts"}],"about":[{"href":"https:\/\/www.shqiperia.com\/blog\/wp-json\/wp\/v2\/types\/post"}],"author":[{"embeddable":true,"href":"https:\/\/www.shqiperia.com\/blog\/wp-json\/wp\/v2\/users\/9"}],"replies":[{"embeddable":true,"href":"https:\/\/www.shqiperia.com\/blog\/wp-json\/wp\/v2\/comments?post=105708"}],"version-history":[{"count":4,"href":"https:\/\/www.shqiperia.com\/blog\/wp-json\/wp\/v2\/posts\/105708\/revisions"}],"predecessor-version":[{"id":105713,"href":"https:\/\/www.shqiperia.com\/blog\/wp-json\/wp\/v2\/posts\/105708\/revisions\/105713"}],"wp:featuredmedia":[{"embeddable":true,"href":"https:\/\/www.shqiperia.com\/blog\/wp-json\/wp\/v2\/media\/105709"}],"wp:attachment":[{"href":"https:\/\/www.shqiperia.com\/blog\/wp-json\/wp\/v2\/media?parent=105708"}],"wp:term":[{"taxonomy":"category","embeddable":true,"href":"https:\/\/www.shqiperia.com\/blog\/wp-json\/wp\/v2\/categories?post=105708"},{"taxonomy":"post_tag","embeddable":true,"href":"https:\/\/www.shqiperia.com\/blog\/wp-json\/wp\/v2\/tags?post=105708"}],"curies":[{"name":"wp","href":"https:\/\/api.w.org\/{rel}","templated":true}]}}