{"id":105705,"date":"2026-09-01T18:08:10","date_gmt":"2026-09-01T18:08:10","guid":{"rendered":"https:\/\/www.shqiperia.com\/blog\/?p=105705"},"modified":"2026-09-01T18:08:10","modified_gmt":"2026-09-01T18:08:10","slug":"ndryshon-skenari-i-revoltes-rama-ne-zyre-protestuesit-bllokojne-hyrjen-e-kryeministrine","status":"publish","type":"post","link":"https:\/\/www.shqiperia.com\/blog\/ndryshon-skenari-i-revoltes-rama-ne-zyre-protestuesit-bllokojne-hyrjen-e-kryeministrine\/","title":{"rendered":"Ndryshon skenari i revolt\u00ebs! Rama n\u00eb zyr\u00eb, protestuesit bllokojn\u00eb hyrjen e Kryeministrin\u00eb"},"content":{"rendered":"<p><img data-recalc-dims=\"1\" loading=\"lazy\" decoding=\"async\" data-attachment-id=\"105706\" data-permalink=\"https:\/\/www.shqiperia.com\/blog\/ndryshon-skenari-i-revoltes-rama-ne-zyre-protestuesit-bllokojne-hyrjen-e-kryeministrine\/capture-6-3\/\" data-orig-file=\"https:\/\/i0.wp.com\/www.shqiperia.com\/blog\/wp-content\/uploads\/2026\/09\/Capture-6.jpg?fit=1202%2C541&amp;ssl=1\" data-orig-size=\"1202,541\" data-comments-opened=\"1\" data-image-meta=\"{&quot;aperture&quot;:&quot;0&quot;,&quot;credit&quot;:&quot;Redaksia&quot;,&quot;camera&quot;:&quot;&quot;,&quot;caption&quot;:&quot;&quot;,&quot;created_timestamp&quot;:&quot;1788292676&quot;,&quot;copyright&quot;:&quot;&quot;,&quot;focal_length&quot;:&quot;0&quot;,&quot;iso&quot;:&quot;0&quot;,&quot;shutter_speed&quot;:&quot;0&quot;,&quot;title&quot;:&quot;&quot;,&quot;orientation&quot;:&quot;0&quot;}\" data-image-title=\"Capture-6\" data-image-description=\"\" data-image-caption=\"\" data-medium-file=\"https:\/\/i0.wp.com\/www.shqiperia.com\/blog\/wp-content\/uploads\/2026\/09\/Capture-6.jpg?fit=300%2C135&amp;ssl=1\" data-large-file=\"https:\/\/i0.wp.com\/www.shqiperia.com\/blog\/wp-content\/uploads\/2026\/09\/Capture-6.jpg?fit=1024%2C461&amp;ssl=1\" class=\"alignnone  wp-image-105706\" alt=\"\" src=\"https:\/\/i0.wp.com\/www.shqiperia.com\/blog\/wp-content\/uploads\/2026\/09\/Capture-6.jpg?resize=522%2C235&#038;ssl=1\" width=\"522\" height=\"235\" srcset=\"https:\/\/i0.wp.com\/www.shqiperia.com\/blog\/wp-content\/uploads\/2026\/09\/Capture-6.jpg?resize=300%2C135&amp;ssl=1 300w, https:\/\/i0.wp.com\/www.shqiperia.com\/blog\/wp-content\/uploads\/2026\/09\/Capture-6.jpg?resize=1024%2C461&amp;ssl=1 1024w, https:\/\/i0.wp.com\/www.shqiperia.com\/blog\/wp-content\/uploads\/2026\/09\/Capture-6.jpg?resize=768%2C346&amp;ssl=1 768w, https:\/\/i0.wp.com\/www.shqiperia.com\/blog\/wp-content\/uploads\/2026\/09\/Capture-6.jpg?resize=450%2C203&amp;ssl=1 450w, https:\/\/i0.wp.com\/www.shqiperia.com\/blog\/wp-content\/uploads\/2026\/09\/Capture-6.jpg?resize=600%2C270&amp;ssl=1 600w, https:\/\/i0.wp.com\/www.shqiperia.com\/blog\/wp-content\/uploads\/2026\/09\/Capture-6.jpg?resize=400%2C180&amp;ssl=1 400w, https:\/\/i0.wp.com\/www.shqiperia.com\/blog\/wp-content\/uploads\/2026\/09\/Capture-6.jpg?w=1202&amp;ssl=1 1202w\" sizes=\"auto, (max-width: 522px) 100vw, 522px\" \/><\/p>\n<p>1 Shtator 2026<\/p>\n<p>Nd\u00ebrsa protestuesit kan\u00eb mb\u00ebrritur n\u00eb sheshin para Kryeministris\u00eb, duket se dit\u00ebn e sotme kan\u00eb nj\u00eb plan tjet\u00ebr.<\/p>\n<p>Protestuesit jan\u00eb n\u00eb hyrjen e Kryeministris\u00eb p\u00ebr t\u00eb bllokuar daljen pasi kan\u00eb m\u00ebsuar se se kryeministri Rama ndodhet n\u00eb ambientet e Kryeministris\u00eb.<\/p>\n<p>Gjithashtu para ambienteve t\u00eb institucionit jan\u00eb vendosur edhe efektiv\u00eb policie.<\/p>\n<p>Mundet qe nga Qeveria po organizon skenar per te patur incidente. Forca te shumta policije jane t\u00eb pranishme. Po afrohen edhe forca t\u00eb tjera t\u00eb policise nga te gjitha drejtimet. Incidentet jan\u00eb ndoshta i vetmi skenar i Edi Ram\u00ebs.<\/p>\n","protected":false},"excerpt":{"rendered":"<p>1 Shtator 2026 Nd\u00ebrsa protestuesit kan\u00eb mb\u00ebrritur n\u00eb sheshin para Kryeministris\u00eb, duket se dit\u00ebn e sotme kan\u00eb nj\u00eb plan tjet\u00ebr. Protestuesit jan\u00eb n\u00eb hyrjen e Kryeministris\u00eb p\u00ebr t\u00eb bllokuar daljen pasi kan\u00eb m\u00ebsuar se se kryeministri Rama ndodhet n\u00eb ambientet e Kryeministris\u00eb. Gjithashtu para ambienteve t\u00eb institucionit jan\u00eb vendosur edhe efektiv\u00eb policie. Mundet qe nga [&hellip;]<\/p>\n","protected":false},"author":9,"featured_media":105706,"comment_status":"open","ping_status":"open","sticky":false,"template":"","format":"standard","meta":{"jetpack_post_was_ever_published":false,"_jetpack_newsletter_access":"","_jetpack_dont_email_post_to_subs":false,"_jetpack_newsletter_tier_id":0,"_jetpack_memberships_contains_paywalled_content":false,"_jetpack_memberships_contains_paid_content":false,"footnotes":"","jetpack_publicize_message":"","jetpack_publicize_feature_enabled":true,"jetpack_social_post_already_shared":true,"jetpack_social_options":{"image_generator_settings":{"template":"highway","default_image_id":0,"font":"","enabled":false},"version":2}},"categories":[27,1,2,35],"tags":[],"class_list":["post-105705","post","type-post","status-publish","format-standard","has-post-thumbnail","hentry","category-blogu-i-udhetarit","category-njoftime-shtypi","category-politika","category-shoqerore"],"jetpack_publicize_connections":[],"jetpack_featured_media_url":"https:\/\/i0.wp.com\/www.shqiperia.com\/blog\/wp-content\/uploads\/2026\/09\/Capture-6.jpg?fit=1202%2C541&ssl=1","jetpack_sharing_enabled":true,"jetpack_shortlink":"https:\/\/wp.me\/p5Z6wp-ruV","jetpack-related-posts":[{"id":103176,"url":"https:\/\/www.shqiperia.com\/blog\/qendrese-revolte-55-dite-jehon-thirrja-arrestoni-ramen\/","url_meta":{"origin":105705,"position":0},"title":"Q\u00ebndres\u00eb, revolt\u00eb 55 dit\u00eb\/ Jehon thirrja: &#8211; Arrestoni Ram\u00ebn","author":"Kurt Farka","date":"July 24, 2026","format":false,"excerpt":"24 Korrik 2026 Nj\u00eb pjes\u00ebmarrje masive n\u00eb dit\u00ebn e 55 t\u00eb protest\u00eb kund\u00ebr kryeministrit Edi Rama. Shqiptar\u00ebt kan\u00eb dh\u00ebn\u00eb mesazh t\u00eb qart\u00eb se nuk heqin dor\u00eb nga rezistenca d\u00ebri n\u00eb largimin e kryeministrit. Pas fjalimeve para Kryeministris\u00eb, protestuesit po vijojn\u00eb marshimet n\u00eb rrug\u00ebt e Tiran\u00ebs ku jehojn\u00eb thirrjet \u201cArrestoni Ram\u00ebn\u201d.\u2026","rel":"","context":"In &quot;Blogu i Udh\u00ebtarit&quot;","block_context":{"text":"Blogu i Udh\u00ebtarit","link":"https:\/\/www.shqiperia.com\/blog\/category\/blogu-i-udhetarit\/"},"img":{"alt_text":"","src":"https:\/\/i0.wp.com\/www.shqiperia.com\/blog\/wp-content\/uploads\/2026\/07\/buelvardiiii-1.jpg?fit=1200%2C542&ssl=1&resize=350%2C200","width":350,"height":200,"srcset":"https:\/\/i0.wp.com\/www.shqiperia.com\/blog\/wp-content\/uploads\/2026\/07\/buelvardiiii-1.jpg?fit=1200%2C542&ssl=1&resize=350%2C200 1x, https:\/\/i0.wp.com\/www.shqiperia.com\/blog\/wp-content\/uploads\/2026\/07\/buelvardiiii-1.jpg?fit=1200%2C542&ssl=1&resize=525%2C300 1.5x, https:\/\/i0.wp.com\/www.shqiperia.com\/blog\/wp-content\/uploads\/2026\/07\/buelvardiiii-1.jpg?fit=1200%2C542&ssl=1&resize=700%2C400 2x, https:\/\/i0.wp.com\/www.shqiperia.com\/blog\/wp-content\/uploads\/2026\/07\/buelvardiiii-1.jpg?fit=1200%2C542&ssl=1&resize=1050%2C600 3x"},"classes":[]},{"id":101782,"url":"https:\/\/www.shqiperia.com\/blog\/reshjet-intensive-te-shiut-nuk-zmbrapsin-qytetaret-sheshi-ndizet-edhe-me-shume-protestuesit-nuk-levizin-nga-bulevardi-neser-edhe-me-shume\/","url_meta":{"origin":105705,"position":1},"title":"Reshjet intensive t\u00eb shiut nuk zmbrapsin qytetar\u00ebt! Sheshi ndizet edhe m\u00eb shum\u00eb, protestuesit nuk l\u00ebvizin nga bulevardi: &#8211; Nes\u00ebr edhe m\u00eb shum\u00eb!","author":"Kurt Farka","date":"June 25, 2026","format":false,"excerpt":"25 Qershor 2026 Situata n\u00eb Bulevardin \u201cD\u00ebshmor\u00ebt e Kombit\u201d po b\u00ebhet gjithnj\u00eb e m\u00eb epike n\u00eb k\u00ebt\u00eb dit\u00eb t\u00eb 25-t\u00eb t\u00eb revolt\u00ebs popullore. Gjat\u00eb minutave t\u00eb fundit, reshjet e shiut jan\u00eb dendur dhe kan\u00eb p\u00ebrfshir\u00eb zon\u00ebn, por kjo nuk i ka zmbrapsur qytetar\u00ebt. P\u00ebrkundrazi, atmosfera para godin\u00ebs s\u00eb Kryeministris\u00eb \u00ebsht\u00eb\u2026","rel":"","context":"In &quot;Blogu i Udh\u00ebtarit&quot;","block_context":{"text":"Blogu i Udh\u00ebtarit","link":"https:\/\/www.shqiperia.com\/blog\/category\/blogu-i-udhetarit\/"},"img":{"alt_text":"","src":"https:\/\/i0.wp.com\/www.shqiperia.com\/blog\/wp-content\/uploads\/2026\/06\/ewrewrwerewr.jpg?fit=903%2C525&ssl=1&resize=350%2C200","width":350,"height":200,"srcset":"https:\/\/i0.wp.com\/www.shqiperia.com\/blog\/wp-content\/uploads\/2026\/06\/ewrewrwerewr.jpg?fit=903%2C525&ssl=1&resize=350%2C200 1x, https:\/\/i0.wp.com\/www.shqiperia.com\/blog\/wp-content\/uploads\/2026\/06\/ewrewrwerewr.jpg?fit=903%2C525&ssl=1&resize=525%2C300 1.5x, https:\/\/i0.wp.com\/www.shqiperia.com\/blog\/wp-content\/uploads\/2026\/06\/ewrewrwerewr.jpg?fit=903%2C525&ssl=1&resize=700%2C400 2x"},"classes":[]},{"id":101239,"url":"https:\/\/www.shqiperia.com\/blog\/protestuesit-i-afrojne-nje-gomone-ramaes-simbol-i-emigrimit\/","url_meta":{"origin":105705,"position":2},"title":"Protestuesit i afrojne nje Gomone Ramaes. &#8211; Simbol i emigrimit,","author":"Kurt Farka","date":"June 7, 2026","format":false,"excerpt":"7 Qershor 2026 Qytetar\u00ebt jan\u00eb mbledhur p\u00ebr t\u00eb tet\u00ebn dit\u00eb radhazi n\u00eb protest\u00ebn kund\u00ebr nd\u00ebrtimit t\u00eb resortit n\u00eb Zv\u00ebrnec. Me thirrjet \u201cdor\u00ebheqje\u201d, \u201cRama n\u00eb burg, Berisha n\u00eb Burg\u201d, ata po marshojn\u00eb nga sheshi \u201cSk\u00ebnderbej\u201d drejt kryeministris\u00eb. Protestuesit kan\u00eb sjell\u00eb nj\u00eb gomone n\u00eb tubimin p\u00ebr Zv\u00ebrnecin para kryeministris\u00eb, si nj\u00eb shenj\u00eb\u2026","rel":"","context":"In &quot;Blogu i Udh\u00ebtarit&quot;","block_context":{"text":"Blogu i Udh\u00ebtarit","link":"https:\/\/www.shqiperia.com\/blog\/category\/blogu-i-udhetarit\/"},"img":{"alt_text":"","src":"https:\/\/i0.wp.com\/www.shqiperia.com\/blog\/wp-content\/uploads\/2026\/06\/1780851947_protestaperzvernecin7qershor.jpg?fit=780%2C440&ssl=1&resize=350%2C200","width":350,"height":200,"srcset":"https:\/\/i0.wp.com\/www.shqiperia.com\/blog\/wp-content\/uploads\/2026\/06\/1780851947_protestaperzvernecin7qershor.jpg?fit=780%2C440&ssl=1&resize=350%2C200 1x, https:\/\/i0.wp.com\/www.shqiperia.com\/blog\/wp-content\/uploads\/2026\/06\/1780851947_protestaperzvernecin7qershor.jpg?fit=780%2C440&ssl=1&resize=525%2C300 1.5x, https:\/\/i0.wp.com\/www.shqiperia.com\/blog\/wp-content\/uploads\/2026\/06\/1780851947_protestaperzvernecin7qershor.jpg?fit=780%2C440&ssl=1&resize=700%2C400 2x"},"classes":[]},{"id":101648,"url":"https:\/\/www.shqiperia.com\/blog\/rama-ik-20-dite-revolucion-ndizen-rruget-nga-blicet-e-protestuesve-qytetaret-i-pershendesin-nga-ballkonet\/","url_meta":{"origin":105705,"position":3},"title":"\u201cRama ik!\u201d\/ 20 dit\u00eb revolucion! \u201cNdizen\u201d rrug\u00ebt nga blicet e protestuesve, qytetar\u00ebt i p\u00ebrsh\u00ebndesin nga ballkonet","author":"Kurt Farka","date":"June 20, 2026","format":false,"excerpt":"Famuri Kombetar dhe blicet e telefonave kan\u00eb \u201cndezur\u201d rrug\u00ebt e Tiran\u00ebs mbr\u00ebmjen e sotme n\u00eb protest\u00ebn e 20-t\u00eb, nd\u00ebrsa qytetar\u00ebt kan\u00eb p\u00ebrsh\u00ebndetur nga dritaret dhe ballkonet e banesave protestuesit q\u00eb marshonin n\u00ebp\u00ebr kryeqytet. N\u00eb disa prej segmenteve t\u00eb qytetit, banor\u00ebt jan\u00eb par\u00eb duke duartrokitur dhe duke ndjekur nga af\u00ebr l\u00ebvizjen\u2026","rel":"","context":"In &quot;Blogu i Udh\u00ebtarit&quot;","block_context":{"text":"Blogu i Udh\u00ebtarit","link":"https:\/\/www.shqiperia.com\/blog\/category\/blogu-i-udhetarit\/"},"img":{"alt_text":"","src":"https:\/\/i0.wp.com\/www.shqiperia.com\/blog\/wp-content\/uploads\/2026\/06\/images-1-1.jpg?fit=597%2C335&ssl=1&resize=350%2C200","width":350,"height":200,"srcset":"https:\/\/i0.wp.com\/www.shqiperia.com\/blog\/wp-content\/uploads\/2026\/06\/images-1-1.jpg?fit=597%2C335&ssl=1&resize=350%2C200 1x, https:\/\/i0.wp.com\/www.shqiperia.com\/blog\/wp-content\/uploads\/2026\/06\/images-1-1.jpg?fit=597%2C335&ssl=1&resize=525%2C300 1.5x"},"classes":[]},{"id":105708,"url":"https:\/\/www.shqiperia.com\/blog\/tek-kryeminstria-priten-ngjarje-shtim-i-madh-i-numrit-te-policise\/","url_meta":{"origin":105705,"position":4},"title":"Tek Kryeminstria priten ngjarje. Shtim i madh i numrit t\u00eb Policis\u00eb.","author":"Kurt Farka","date":"September 1, 2026","format":false,"excerpt":"1 Shtator 2026 Policia pret t\u00eb realizoi skenarin e incidenteve t\u00eb dhunshme. Kryeminisrti Ed Rama \u00ebsht mbrenda. Ishin shum\u00eb afer dhe afrohen edhe Forcat Speciale t\u00eb Policis\u00eb. Forca policije te shumta. Protestuesit hedhin parulla kund\u00ebr Ram\u00ebs dhe q\u00ebndrojne ne bllokimin q\u00eb i kan\u00eb b\u00ebre Kryeministris\u00eb. N\u00eb shesh pran\u00eb Kryeministris\u00eb jan\u00eb\u2026","rel":"","context":"In &quot;Blogu i Udh\u00ebtarit&quot;","block_context":{"text":"Blogu i Udh\u00ebtarit","link":"https:\/\/www.shqiperia.com\/blog\/category\/blogu-i-udhetarit\/"},"img":{"alt_text":"","src":"https:\/\/i0.wp.com\/www.shqiperia.com\/blog\/wp-content\/uploads\/2026\/09\/rama-programi-ps-2.png?fit=768%2C430&ssl=1&resize=350%2C200","width":350,"height":200,"srcset":"https:\/\/i0.wp.com\/www.shqiperia.com\/blog\/wp-content\/uploads\/2026\/09\/rama-programi-ps-2.png?fit=768%2C430&ssl=1&resize=350%2C200 1x, https:\/\/i0.wp.com\/www.shqiperia.com\/blog\/wp-content\/uploads\/2026\/09\/rama-programi-ps-2.png?fit=768%2C430&ssl=1&resize=525%2C300 1.5x, https:\/\/i0.wp.com\/www.shqiperia.com\/blog\/wp-content\/uploads\/2026\/09\/rama-programi-ps-2.png?fit=768%2C430&ssl=1&resize=700%2C400 2x"},"classes":[]},{"id":102124,"url":"https:\/\/www.shqiperia.com\/blog\/ne-1000-para-kuvendit-ne-1900-para-kryeministrise-mbahet-sot-protesta-e-33-te-shqiptaret-kerkojne-doreheqjen-e-pa-negociueshme-te-rames\/","url_meta":{"origin":105705,"position":5},"title":"N\u00eb 10:00 para Kuvendit, n\u00eb 19:00 para Kryeministris\u00eb\/ Mbahet sot protesta e 33-t\u00eb, shqiptar\u00ebt k\u00ebrkojn\u00eb dor\u00ebheqjen e pa negociueshme t\u00eb Ram\u00ebs","author":"Kurt Farka","date":"July 2, 2026","format":false,"excerpt":"2 Korrik 2026 Sot n\u00eb or\u00ebn 10:00 organizimi i radh\u00ebs nga protestuesit kund\u00ebr kryeministrit Edi Rama dhe qeveris\u00eb s\u00eb drejtuar prej tij. Qytetar\u00ebt do t\u00eb mblidhen para Kuvendit ku do t\u00eb mbahet edhe seanca e radh\u00ebs plenare. Nd\u00ebrkoh\u00eb n\u00eb or\u00ebn 19:00 do t\u00eb mbahet protesta masive e 33-t\u00eb radhazi ku\u2026","rel":"","context":"In &quot;Blogu i Udh\u00ebtarit&quot;","block_context":{"text":"Blogu i Udh\u00ebtarit","link":"https:\/\/www.shqiperia.com\/blog\/category\/blogu-i-udhetarit\/"},"img":{"alt_text":"","src":"https:\/\/i0.wp.com\/www.shqiperia.com\/blog\/wp-content\/uploads\/2026\/07\/kryeministria-e-rrethuar2-1.jpg?fit=809%2C456&ssl=1&resize=350%2C200","width":350,"height":200,"srcset":"https:\/\/i0.wp.com\/www.shqiperia.com\/blog\/wp-content\/uploads\/2026\/07\/kryeministria-e-rrethuar2-1.jpg?fit=809%2C456&ssl=1&resize=350%2C200 1x, https:\/\/i0.wp.com\/www.shqiperia.com\/blog\/wp-content\/uploads\/2026\/07\/kryeministria-e-rrethuar2-1.jpg?fit=809%2C456&ssl=1&resize=525%2C300 1.5x, https:\/\/i0.wp.com\/www.shqiperia.com\/blog\/wp-content\/uploads\/2026\/07\/kryeministria-e-rrethuar2-1.jpg?fit=809%2C456&ssl=1&resize=700%2C400 2x"},"classes":[]}],"_links":{"self":[{"href":"https:\/\/www.shqiperia.com\/blog\/wp-json\/wp\/v2\/posts\/105705","targetHints":{"allow":["GET"]}}],"collection":[{"href":"https:\/\/www.shqiperia.com\/blog\/wp-json\/wp\/v2\/posts"}],"about":[{"href":"https:\/\/www.shqiperia.com\/blog\/wp-json\/wp\/v2\/types\/post"}],"author":[{"embeddable":true,"href":"https:\/\/www.shqiperia.com\/blog\/wp-json\/wp\/v2\/users\/9"}],"replies":[{"embeddable":true,"href":"https:\/\/www.shqiperia.com\/blog\/wp-json\/wp\/v2\/comments?post=105705"}],"version-history":[{"count":1,"href":"https:\/\/www.shqiperia.com\/blog\/wp-json\/wp\/v2\/posts\/105705\/revisions"}],"predecessor-version":[{"id":105707,"href":"https:\/\/www.shqiperia.com\/blog\/wp-json\/wp\/v2\/posts\/105705\/revisions\/105707"}],"wp:featuredmedia":[{"embeddable":true,"href":"https:\/\/www.shqiperia.com\/blog\/wp-json\/wp\/v2\/media\/105706"}],"wp:attachment":[{"href":"https:\/\/www.shqiperia.com\/blog\/wp-json\/wp\/v2\/media?parent=105705"}],"wp:term":[{"taxonomy":"category","embeddable":true,"href":"https:\/\/www.shqiperia.com\/blog\/wp-json\/wp\/v2\/categories?post=105705"},{"taxonomy":"post_tag","embeddable":true,"href":"https:\/\/www.shqiperia.com\/blog\/wp-json\/wp\/v2\/tags?post=105705"}],"curies":[{"name":"wp","href":"https:\/\/api.w.org\/{rel}","templated":true}]}}