{"id":105702,"date":"2026-09-01T17:29:50","date_gmt":"2026-09-01T17:29:50","guid":{"rendered":"https:\/\/www.shqiperia.com\/blog\/?p=105702"},"modified":"2026-09-01T17:31:13","modified_gmt":"2026-09-01T17:31:13","slug":"nuk-arrihen-dot-shpenzimet-e-grurit-qe-i-hedhim-ne-toke-ku-ta-cosh-prodhimi-mbetet-stok-ne-magazina-fermeret-ne-maliq-cmimi-qe-ofrohet-nuk-mbulon-as-kostot","status":"publish","type":"post","link":"https:\/\/www.shqiperia.com\/blog\/nuk-arrihen-dot-shpenzimet-e-grurit-qe-i-hedhim-ne-toke-ku-ta-cosh-prodhimi-mbetet-stok-ne-magazina-fermeret-ne-maliq-cmimi-qe-ofrohet-nuk-mbulon-as-kostot\/","title":{"rendered":"&#8220;Nuk arrihen dot shpenzimet e grurit q\u00eb i hedhim n\u00eb tok\u00eb, ku ta \u00e7osh?&#8221;\/ Prodhimi mbetet stok n\u00eb magazina, fermer\u00ebt n\u00eb Maliq: \u00c7mimi q\u00eb ofrohet, nuk mbulon as kostot"},"content":{"rendered":"<p><img data-recalc-dims=\"1\" loading=\"lazy\" decoding=\"async\" data-attachment-id=\"105703\" data-permalink=\"https:\/\/www.shqiperia.com\/blog\/nuk-arrihen-dot-shpenzimet-e-grurit-qe-i-hedhim-ne-toke-ku-ta-cosh-prodhimi-mbetet-stok-ne-magazina-fermeret-ne-maliq-cmimi-qe-ofrohet-nuk-mbulon-as-kostot\/800-0-screenshot-16-752x440-6a96a79b9183c\/\" data-orig-file=\"https:\/\/i0.wp.com\/www.shqiperia.com\/blog\/wp-content\/uploads\/2026\/09\/800-0-screenshot-16-752x440-6a96a79b9183c.jpg?fit=800%2C468&amp;ssl=1\" data-orig-size=\"800,468\" data-comments-opened=\"1\" data-image-meta=\"{&quot;aperture&quot;:&quot;0&quot;,&quot;credit&quot;:&quot;&quot;,&quot;camera&quot;:&quot;&quot;,&quot;caption&quot;:&quot;&quot;,&quot;created_timestamp&quot;:&quot;0&quot;,&quot;copyright&quot;:&quot;&quot;,&quot;focal_length&quot;:&quot;0&quot;,&quot;iso&quot;:&quot;0&quot;,&quot;shutter_speed&quot;:&quot;0&quot;,&quot;title&quot;:&quot;&quot;,&quot;orientation&quot;:&quot;0&quot;}\" data-image-title=\"-800-0-screenshot-16-752&#215;440-6a96a79b9183c\" data-image-description=\"\" data-image-caption=\"\" data-medium-file=\"https:\/\/i0.wp.com\/www.shqiperia.com\/blog\/wp-content\/uploads\/2026\/09\/800-0-screenshot-16-752x440-6a96a79b9183c.jpg?fit=300%2C176&amp;ssl=1\" data-large-file=\"https:\/\/i0.wp.com\/www.shqiperia.com\/blog\/wp-content\/uploads\/2026\/09\/800-0-screenshot-16-752x440-6a96a79b9183c.jpg?fit=800%2C468&amp;ssl=1\" class=\"alignnone wp-image-105703\" alt=\"\" src=\"https:\/\/i0.wp.com\/www.shqiperia.com\/blog\/wp-content\/uploads\/2026\/09\/800-0-screenshot-16-752x440-6a96a79b9183c.jpg?resize=588%2C345&#038;ssl=1\" width=\"588\" height=\"345\" srcset=\"https:\/\/i0.wp.com\/www.shqiperia.com\/blog\/wp-content\/uploads\/2026\/09\/800-0-screenshot-16-752x440-6a96a79b9183c.jpg?resize=300%2C176&amp;ssl=1 300w, https:\/\/i0.wp.com\/www.shqiperia.com\/blog\/wp-content\/uploads\/2026\/09\/800-0-screenshot-16-752x440-6a96a79b9183c.jpg?resize=768%2C449&amp;ssl=1 768w, https:\/\/i0.wp.com\/www.shqiperia.com\/blog\/wp-content\/uploads\/2026\/09\/800-0-screenshot-16-752x440-6a96a79b9183c.jpg?resize=450%2C263&amp;ssl=1 450w, https:\/\/i0.wp.com\/www.shqiperia.com\/blog\/wp-content\/uploads\/2026\/09\/800-0-screenshot-16-752x440-6a96a79b9183c.jpg?resize=600%2C351&amp;ssl=1 600w, https:\/\/i0.wp.com\/www.shqiperia.com\/blog\/wp-content\/uploads\/2026\/09\/800-0-screenshot-16-752x440-6a96a79b9183c.jpg?resize=400%2C234&amp;ssl=1 400w, https:\/\/i0.wp.com\/www.shqiperia.com\/blog\/wp-content\/uploads\/2026\/09\/800-0-screenshot-16-752x440-6a96a79b9183c.jpg?w=800&amp;ssl=1 800w\" sizes=\"auto, (max-width: 588px) 100vw, 588px\" \/><\/p>\n<p>1 Shtator 2026<\/p>\n<p>Mij\u00ebra kuintal\u00eb grur\u00eb kan\u00eb mbetur stok n\u00eb magazinat e fermer\u00ebve n\u00eb Maliq, nd\u00ebrsa prodhuesit thon\u00eb se nuk po gjejn\u00eb treg p\u00ebr ta shitur. N\u00eb Rr\u00ebmbec, Fuat Orhan nje nga ferneret me mbi 50 hektare te mbjelle me grure ka mbi 2 mij\u00eb kuintal\u00eb te pashitur<\/p>\n<p>Pas m\u00eb shum\u00eb se dy dekadash n\u00eb bujq\u00ebsi, ai thot\u00eb se k\u00ebt\u00eb vit nuk ka mundur t\u00eb shes\u00eb asnj\u00eb kilogram, nd\u00ebrsa pasi \u00e7mimi q\u00eb ofrohet nuk perballon as kostot e prodhimit.<\/p>\n<p><em>\u201cU p\u00ebrkeq\u00ebsua situata. K\u00ebtu jan\u00eb mbi dy mij\u00eb kuintal\u00eb. Tek 28 dhe nuk ka k\u00ebrkes\u00eb. Mendo qirat\u00eb e tokave, punimet bujq\u00ebsore, me naft\u00eb n\u00eb stratosfer\u00eb, t\u00eb shes\u00ebsh me \u00e7mim skandaloz, ke marr\u00eb nitrate me \u00e7mime marramend\u00ebse.<\/em><\/p>\n<p><em>Nuk ndien k\u00ebnaq\u00ebsi p\u00ebr pun\u00ebn q\u00eb b\u00ebn. Nafta me 220. A punohet me toka? Mendohemi kur ndezim vetur\u00ebn me k\u00ebt\u00eb naft\u00eb. E ndez dot zetorin?\u201d, tha Fuat Orhan, fermer.<\/em><\/p>\n<p>P\u00ebrball\u00eb t\u00eb nj\u00ebjt\u00ebs situat\u00eb \u00ebsht\u00eb edhe fermeri \u00a0tjeter Jani Busha nga fshati Orman.<\/p>\n<p><em>\u201c25-26, e grumbullojm\u00eb. Nuk i nxjerr shpenzimet. Nuk arrihen dot shpenzimet e grurit q\u00eb i hedhim n\u00eb tok\u00eb. Ku ta \u00e7osh? S\u2019ka ardhur asnj\u00eb t\u00eb pyes\u00eb. Nuk dim\u00eb \u00e7\u2019do b\u00ebhet. Syt\u00eb nga dielli po i mbajm\u00eb. Vit p\u00ebr vit ky \u00ebsht\u00eb. Fermeri po falimenton, ne vet\u00ebm t\u2019i shesim p\u00ebr skrap. Jam i detyruar t\u00eb rri\u201d,<span>\u00a0<\/span><\/em>u shpreh Jani Busha, fermer.<\/p>\n<p>Fermer\u00ebt thon\u00eb se p\u00ebrball\u00eb rritjes s\u00eb kostove dhe munges\u00ebs s\u00eb tregut, puna n\u00eb tok\u00eb po sjell gjithnj\u00eb e m\u00eb pak t\u00eb ardhura. Magazinat mbushen, por fermer\u00ebt nuk kan\u00eb ku ta \u00e7ojn\u00eb prodhimin.<\/p>\n<p>Ata k\u00ebrkojn\u00eb nj\u00eb treg t\u00eb sigurt dhe nj\u00eb \u00e7mim q\u00eb t\u00eb pakt\u00ebn t\u00eb mbuloj\u00eb kostot, n\u00eb t\u00eb kund\u00ebrt thon\u00eb se vitin e ardhsh\u00ebm shum\u00eb prej tyre mund t\u00eb heqin dor\u00eb nga mbjellja e grurit.<\/p>\n","protected":false},"excerpt":{"rendered":"<p>1 Shtator 2026 Mij\u00ebra kuintal\u00eb grur\u00eb kan\u00eb mbetur stok n\u00eb magazinat e fermer\u00ebve n\u00eb Maliq, nd\u00ebrsa prodhuesit thon\u00eb se nuk po gjejn\u00eb treg p\u00ebr ta shitur. N\u00eb Rr\u00ebmbec, Fuat Orhan nje nga ferneret me mbi 50 hektare te mbjelle me grure ka mbi 2 mij\u00eb kuintal\u00eb te pashitur Pas m\u00eb shum\u00eb se dy dekadash n\u00eb [&hellip;]<\/p>\n","protected":false},"author":9,"featured_media":105703,"comment_status":"open","ping_status":"open","sticky":false,"template":"","format":"standard","meta":{"jetpack_post_was_ever_published":false,"_jetpack_newsletter_access":"","_jetpack_dont_email_post_to_subs":false,"_jetpack_newsletter_tier_id":0,"_jetpack_memberships_contains_paywalled_content":false,"_jetpack_memberships_contains_paid_content":false,"footnotes":"","jetpack_publicize_message":"","jetpack_publicize_feature_enabled":true,"jetpack_social_post_already_shared":true,"jetpack_social_options":{"image_generator_settings":{"template":"highway","default_image_id":0,"font":"","enabled":false},"version":2}},"categories":[27,1,2,35],"tags":[],"class_list":["post-105702","post","type-post","status-publish","format-standard","has-post-thumbnail","hentry","category-blogu-i-udhetarit","category-njoftime-shtypi","category-politika","category-shoqerore"],"jetpack_publicize_connections":[],"jetpack_featured_media_url":"https:\/\/i0.wp.com\/www.shqiperia.com\/blog\/wp-content\/uploads\/2026\/09\/800-0-screenshot-16-752x440-6a96a79b9183c.jpg?fit=800%2C468&ssl=1","jetpack_sharing_enabled":true,"jetpack_shortlink":"https:\/\/wp.me\/p5Z6wp-ruS","jetpack-related-posts":[{"id":100582,"url":"https:\/\/www.shqiperia.com\/blog\/a-do-te-vazhdojne-te-rriten-qirate-ne-vend-eksperti-po-shkojme-drejt-nje-brezi-qe-sdo-te-bleje-kurre-nje-shtepi\/","url_meta":{"origin":105702,"position":0},"title":"A do t\u00eb vazhdojn\u00eb t\u00eb rriten qirat\u00eb n\u00eb vend? Eksperti: &#8211; Po shkojm\u00eb drejt nj\u00eb brezi q\u00eb s\u2019do t\u00eb blej\u00eb kurr\u00eb nj\u00eb sht\u00ebpi","author":"Kurt Farka","date":"May 22, 2026","format":false,"excerpt":"22 Maji 2026 Ekspoerti i ekonomis\u00eb, Ergis Sefa, i ftuar n\u00eb nje interviste televizive, ka ngritur alarmin p\u00ebr rritjen e vazhdueshme t\u00eb qirave dhe kostos s\u00eb jetes\u00ebs n\u00eb Tiran\u00eb, duke paralajm\u00ebruar se situata pritet t\u00eb r\u00ebndohet edhe m\u00eb shum\u00eb gjat\u00eb muajve t\u00eb ardhsh\u00ebm. Sipas tij, qirat\u00eb do t\u00eb vazhdojn\u00eb t\u00eb\u2026","rel":"","context":"In &quot;Blogu i Udh\u00ebtarit&quot;","block_context":{"text":"Blogu i Udh\u00ebtarit","link":"https:\/\/www.shqiperia.com\/blog\/category\/blogu-i-udhetarit\/"},"img":{"alt_text":"","src":"https:\/\/i0.wp.com\/www.shqiperia.com\/blog\/wp-content\/uploads\/2026\/05\/ergis-sefa.jpg?fit=900%2C570&ssl=1&resize=350%2C200","width":350,"height":200,"srcset":"https:\/\/i0.wp.com\/www.shqiperia.com\/blog\/wp-content\/uploads\/2026\/05\/ergis-sefa.jpg?fit=900%2C570&ssl=1&resize=350%2C200 1x, https:\/\/i0.wp.com\/www.shqiperia.com\/blog\/wp-content\/uploads\/2026\/05\/ergis-sefa.jpg?fit=900%2C570&ssl=1&resize=525%2C300 1.5x, https:\/\/i0.wp.com\/www.shqiperia.com\/blog\/wp-content\/uploads\/2026\/05\/ergis-sefa.jpg?fit=900%2C570&ssl=1&resize=700%2C400 2x"},"classes":[]},{"id":103560,"url":"https:\/\/www.shqiperia.com\/blog\/nga-energjia-te-bujqesia-e-cmimet-e-larta-kostoja-ekonomike-e-el-nino-s-si-e-prek-shqiperine\/","url_meta":{"origin":105702,"position":1},"title":"Nga energjia te bujq\u00ebsia e \u00e7mimet e larta, kostoja ekonomike e \u201cEl Ni\u00f1o-s\u201d! &#8211; Si e prek Shqip\u00ebrin\u00eb","author":"Kurt Farka","date":"August 1, 2026","format":false,"excerpt":"1 Gusht 2026 N\u00eb muajt e par\u00eb t\u00eb vitit, Shqip\u00ebria kishte energji p\u00ebr t\u00eb shitur. N\u00eb ver\u00eb, po paguan 41.5 milion\u00eb euro p\u00ebr ta importuar t\u00eb pakt\u00ebn deri tani. Kjo kthes\u00eb nuk \u00ebsht\u00eb e pazakont\u00eb. Ajo \u00ebsht\u00eb p\u00ebrs\u00ebritur nd\u00ebr vite, pasi var\u00ebsia e prodhimit vendas t\u00eb energjis\u00eb nga reshjet dhe\u2026","rel":"","context":"In &quot;Blogu i Udh\u00ebtarit&quot;","block_context":{"text":"Blogu i Udh\u00ebtarit","link":"https:\/\/www.shqiperia.com\/blog\/category\/blogu-i-udhetarit\/"},"img":{"alt_text":"","src":"https:\/\/i0.wp.com\/www.shqiperia.com\/blog\/wp-content\/uploads\/2026\/08\/Energji-hidrocentral-1242.jpg?fit=960%2C591&ssl=1&resize=350%2C200","width":350,"height":200,"srcset":"https:\/\/i0.wp.com\/www.shqiperia.com\/blog\/wp-content\/uploads\/2026\/08\/Energji-hidrocentral-1242.jpg?fit=960%2C591&ssl=1&resize=350%2C200 1x, https:\/\/i0.wp.com\/www.shqiperia.com\/blog\/wp-content\/uploads\/2026\/08\/Energji-hidrocentral-1242.jpg?fit=960%2C591&ssl=1&resize=525%2C300 1.5x, https:\/\/i0.wp.com\/www.shqiperia.com\/blog\/wp-content\/uploads\/2026\/08\/Energji-hidrocentral-1242.jpg?fit=960%2C591&ssl=1&resize=700%2C400 2x"},"classes":[]},{"id":103465,"url":"https:\/\/www.shqiperia.com\/blog\/konsullata-serbe-ne-shkoder-reagon-tabaku-nuk-ka-reciprocitet-mes-54-serbeve-dhe-61-mije-shqiptareve\/","url_meta":{"origin":105702,"position":2},"title":"Konsullata serbe n\u00eb Shkod\u00ebr, reagon Tabaku: &#8211; Nuk ka reciprocitet mes 54 serb\u00ebve dhe 61 mij\u00eb shqiptar\u00ebve!","author":"Kurt Farka","date":"July 30, 2026","format":false,"excerpt":"30 korrik 2026 Deputetja e Partis\u00eb Demokratike dhe kryetarja e Komisionit p\u00ebr \u00c7\u00ebshtjet Europiane, Jorida Tabaku, ka reaguar pas raportimeve n\u00eb media se qeveria shqiptare po i hap rrug\u00eb krijimit t\u00eb nj\u00eb konsullate serbe n\u00eb Shkod\u00ebr. P\u00ebrmes nj\u00eb postimi n\u00eb rrjetet sociale, Tabaku k\u00ebrkon transparenc\u00eb t\u00eb plot\u00eb nga Ministria p\u00ebr\u2026","rel":"","context":"In &quot;Blogu i Udh\u00ebtarit&quot;","block_context":{"text":"Blogu i Udh\u00ebtarit","link":"https:\/\/www.shqiperia.com\/blog\/category\/blogu-i-udhetarit\/"},"img":{"alt_text":"","src":"https:\/\/i0.wp.com\/www.shqiperia.com\/blog\/wp-content\/uploads\/2026\/07\/760604365_1034334422538647_8508622100528155772_n.jpg?fit=1200%2C751&ssl=1&resize=350%2C200","width":350,"height":200,"srcset":"https:\/\/i0.wp.com\/www.shqiperia.com\/blog\/wp-content\/uploads\/2026\/07\/760604365_1034334422538647_8508622100528155772_n.jpg?fit=1200%2C751&ssl=1&resize=350%2C200 1x, https:\/\/i0.wp.com\/www.shqiperia.com\/blog\/wp-content\/uploads\/2026\/07\/760604365_1034334422538647_8508622100528155772_n.jpg?fit=1200%2C751&ssl=1&resize=525%2C300 1.5x, https:\/\/i0.wp.com\/www.shqiperia.com\/blog\/wp-content\/uploads\/2026\/07\/760604365_1034334422538647_8508622100528155772_n.jpg?fit=1200%2C751&ssl=1&resize=700%2C400 2x, https:\/\/i0.wp.com\/www.shqiperia.com\/blog\/wp-content\/uploads\/2026\/07\/760604365_1034334422538647_8508622100528155772_n.jpg?fit=1200%2C751&ssl=1&resize=1050%2C600 3x"},"classes":[]},{"id":101206,"url":"https:\/\/www.shqiperia.com\/blog\/protestuesit-ne-kor-rama-jepe-doreheqjen-edhe-studentet-e-diaspores-do-i-kesh-ketu\/","url_meta":{"origin":105702,"position":3},"title":"Protestuesit n\u00eb kor: Rama jepe dor\u00ebheqjen! &#8211; Edhe student\u00ebt e diaspor\u00ebs do i kesh k\u00ebtu","author":"Kurt Farka","date":"June 6, 2026","format":false,"excerpt":"6 Qershor 2026 Rama jepe dor\u00ebheqjen, Rama jep dor\u00ebheqjen! Rama jep dor\u00ebheqjen!\u2019 Ishte thirrja me z\u00eb t\u00eb lart\u00eb e protestuesve mbr\u00ebmjen e sotme para kryeministris\u00eb. Protesta e nisur n\u00eb or\u00ebn 18:00 vijon ende edhe tani n\u00eb or\u00ebn 21:40 minuta. Nj\u00eb student duke marr\u00eb fjal\u00ebn n\u00eb podiumin e improvizuar para kryeministris\u00eb\u2026","rel":"","context":"In &quot;Blogu i Udh\u00ebtarit&quot;","block_context":{"text":"Blogu i Udh\u00ebtarit","link":"https:\/\/www.shqiperia.com\/blog\/category\/blogu-i-udhetarit\/"},"img":{"alt_text":"","src":"https:\/\/i0.wp.com\/www.shqiperia.com\/blog\/wp-content\/uploads\/2026\/06\/800-0-1780775936xcapturepng-938.png?fit=800%2C507&ssl=1&resize=350%2C200","width":350,"height":200,"srcset":"https:\/\/i0.wp.com\/www.shqiperia.com\/blog\/wp-content\/uploads\/2026\/06\/800-0-1780775936xcapturepng-938.png?fit=800%2C507&ssl=1&resize=350%2C200 1x, https:\/\/i0.wp.com\/www.shqiperia.com\/blog\/wp-content\/uploads\/2026\/06\/800-0-1780775936xcapturepng-938.png?fit=800%2C507&ssl=1&resize=525%2C300 1.5x, https:\/\/i0.wp.com\/www.shqiperia.com\/blog\/wp-content\/uploads\/2026\/06\/800-0-1780775936xcapturepng-938.png?fit=800%2C507&ssl=1&resize=700%2C400 2x"},"classes":[]},{"id":101457,"url":"https:\/\/www.shqiperia.com\/blog\/hetim-doreheqja-nuk-mjafton-qarri-rama-nuk-duhet-te-numeroje-me-as-paret-as-pronat-dhe-as-votat-e-shqiptareve\/","url_meta":{"origin":105702,"position":4},"title":"\u2018Hetim &#8211; Dor\u00ebheqja nuk mjafton\u2019, Qarri: Rama nuk duhet t\u00eb num\u00ebroj\u00eb m\u00eb as paret, as pronat dhe as votat e shqiptar\u00ebve","author":"Kurt Farka","date":"June 13, 2026","format":false,"excerpt":"Gazetari Flavio Qarri ka ngritur pesh\u00eb turm\u00ebn e protestuesve me akuza t\u00eb r\u00ebnda ndaj qeveris\u00eb. Duke theksuar se flet si nj\u00eb familjar me 35 t\u00eb af\u00ebrm n\u00eb emigrim, ai preku plag\u00ebn m\u00eb t\u00eb thell\u00eb t\u00eb shoq\u00ebris\u00eb shqiptare: shpopullimin e vendit. P\u00ebrmes nj\u00eb historie rr\u00ebqeth\u00ebse personale, ku tregonte se si nj\u00eb\u2026","rel":"","context":"In &quot;Blogu i Udh\u00ebtarit&quot;","block_context":{"text":"Blogu i Udh\u00ebtarit","link":"https:\/\/www.shqiperia.com\/blog\/category\/blogu-i-udhetarit\/"},"img":{"alt_text":"","src":"https:\/\/i0.wp.com\/www.shqiperia.com\/blog\/wp-content\/uploads\/2026\/06\/auto_Screenshot_2026-06-13_1933551781372853.png?fit=900%2C473&ssl=1&resize=350%2C200","width":350,"height":200,"srcset":"https:\/\/i0.wp.com\/www.shqiperia.com\/blog\/wp-content\/uploads\/2026\/06\/auto_Screenshot_2026-06-13_1933551781372853.png?fit=900%2C473&ssl=1&resize=350%2C200 1x, https:\/\/i0.wp.com\/www.shqiperia.com\/blog\/wp-content\/uploads\/2026\/06\/auto_Screenshot_2026-06-13_1933551781372853.png?fit=900%2C473&ssl=1&resize=525%2C300 1.5x, https:\/\/i0.wp.com\/www.shqiperia.com\/blog\/wp-content\/uploads\/2026\/06\/auto_Screenshot_2026-06-13_1933551781372853.png?fit=900%2C473&ssl=1&resize=700%2C400 2x"},"classes":[]},{"id":101659,"url":"https:\/\/www.shqiperia.com\/blog\/shqiperia-po-humbet-rinine-deri-ne-2050-pritet-te-zhduket-43-e-grupmoshes-15-24-vjec\/","url_meta":{"origin":105702,"position":5},"title":"Shqip\u00ebria po humbet rinin\u00eb: &#8211; Deri n\u00eb 2050 pritet t\u00eb \u201czhduket\u201d 43% e grupmosh\u00ebs 15-24 vje\u00e7","author":"Kurt Farka","date":"June 21, 2026","format":false,"excerpt":"G\u00ebzimi, pedagog n\u00eb Universitetin e Elbasanit, thot\u00eb p\u00ebr studimin e zotit G\u00ebdeshi se \u201ckur largohet nj\u00eb pjes\u00eb e madhe e popullsis\u00eb, pjesa q\u00eb mbetet \u00ebsht\u00eb ajo q\u00eb ose nuk ka mund\u00ebsi ose nuk do t\u00eb emigroj\u00eb. Rrjedhimisht emigrimi fillon t\u00eb pak\u00ebsohet, por jo t\u00eb shmanget. P\u00ebr shembull, kur i pyet\u2026","rel":"","context":"In &quot;Blogu i Udh\u00ebtarit&quot;","block_context":{"text":"Blogu i Udh\u00ebtarit","link":"https:\/\/www.shqiperia.com\/blog\/category\/blogu-i-udhetarit\/"},"img":{"alt_text":"","src":"https:\/\/i0.wp.com\/www.shqiperia.com\/blog\/wp-content\/uploads\/2026\/06\/Popullsi-1024x642-1.jpg?fit=1024%2C642&ssl=1&resize=350%2C200","width":350,"height":200,"srcset":"https:\/\/i0.wp.com\/www.shqiperia.com\/blog\/wp-content\/uploads\/2026\/06\/Popullsi-1024x642-1.jpg?fit=1024%2C642&ssl=1&resize=350%2C200 1x, https:\/\/i0.wp.com\/www.shqiperia.com\/blog\/wp-content\/uploads\/2026\/06\/Popullsi-1024x642-1.jpg?fit=1024%2C642&ssl=1&resize=525%2C300 1.5x, https:\/\/i0.wp.com\/www.shqiperia.com\/blog\/wp-content\/uploads\/2026\/06\/Popullsi-1024x642-1.jpg?fit=1024%2C642&ssl=1&resize=700%2C400 2x"},"classes":[]}],"_links":{"self":[{"href":"https:\/\/www.shqiperia.com\/blog\/wp-json\/wp\/v2\/posts\/105702","targetHints":{"allow":["GET"]}}],"collection":[{"href":"https:\/\/www.shqiperia.com\/blog\/wp-json\/wp\/v2\/posts"}],"about":[{"href":"https:\/\/www.shqiperia.com\/blog\/wp-json\/wp\/v2\/types\/post"}],"author":[{"embeddable":true,"href":"https:\/\/www.shqiperia.com\/blog\/wp-json\/wp\/v2\/users\/9"}],"replies":[{"embeddable":true,"href":"https:\/\/www.shqiperia.com\/blog\/wp-json\/wp\/v2\/comments?post=105702"}],"version-history":[{"count":1,"href":"https:\/\/www.shqiperia.com\/blog\/wp-json\/wp\/v2\/posts\/105702\/revisions"}],"predecessor-version":[{"id":105704,"href":"https:\/\/www.shqiperia.com\/blog\/wp-json\/wp\/v2\/posts\/105702\/revisions\/105704"}],"wp:featuredmedia":[{"embeddable":true,"href":"https:\/\/www.shqiperia.com\/blog\/wp-json\/wp\/v2\/media\/105703"}],"wp:attachment":[{"href":"https:\/\/www.shqiperia.com\/blog\/wp-json\/wp\/v2\/media?parent=105702"}],"wp:term":[{"taxonomy":"category","embeddable":true,"href":"https:\/\/www.shqiperia.com\/blog\/wp-json\/wp\/v2\/categories?post=105702"},{"taxonomy":"post_tag","embeddable":true,"href":"https:\/\/www.shqiperia.com\/blog\/wp-json\/wp\/v2\/tags?post=105702"}],"curies":[{"name":"wp","href":"https:\/\/api.w.org\/{rel}","templated":true}]}}