{"id":105698,"date":"2026-09-01T17:23:36","date_gmt":"2026-09-01T17:23:36","guid":{"rendered":"https:\/\/www.shqiperia.com\/blog\/?p=105698"},"modified":"2026-09-01T17:23:58","modified_gmt":"2026-09-01T17:23:58","slug":"zjarri-ne-ulez-del-jashte-kontrollit-flaket-i-afrohen-banesave-pritet-evakuimi-i-banoreve","status":"publish","type":"post","link":"https:\/\/www.shqiperia.com\/blog\/zjarri-ne-ulez-del-jashte-kontrollit-flaket-i-afrohen-banesave-pritet-evakuimi-i-banoreve\/","title":{"rendered":"Zjarri n\u00eb Ul\u00ebz del jasht\u00eb kontrollit, flak\u00ebt i afrohen banesave! Pritet evakuimi i banor\u00ebve"},"content":{"rendered":"<p><img data-recalc-dims=\"1\" loading=\"lazy\" decoding=\"async\" data-attachment-id=\"105700\" data-permalink=\"https:\/\/www.shqiperia.com\/blog\/zjarri-ne-ulez-del-jashte-kontrollit-flaket-i-afrohen-banesave-pritet-evakuimi-i-banoreve\/capture-770x418-6a96e6940f920\/\" data-orig-file=\"https:\/\/i0.wp.com\/www.shqiperia.com\/blog\/wp-content\/uploads\/2026\/09\/capture-770x418-6a96e6940f920.jpg?fit=770%2C418&amp;ssl=1\" data-orig-size=\"770,418\" data-comments-opened=\"1\" data-image-meta=\"{&quot;aperture&quot;:&quot;0&quot;,&quot;credit&quot;:&quot;Redaksia&quot;,&quot;camera&quot;:&quot;&quot;,&quot;caption&quot;:&quot;&quot;,&quot;created_timestamp&quot;:&quot;1788281237&quot;,&quot;copyright&quot;:&quot;&quot;,&quot;focal_length&quot;:&quot;0&quot;,&quot;iso&quot;:&quot;0&quot;,&quot;shutter_speed&quot;:&quot;0&quot;,&quot;title&quot;:&quot;&quot;,&quot;orientation&quot;:&quot;0&quot;}\" data-image-title=\"capture-770&#215;418-6a96e6940f920\" data-image-description=\"\" data-image-caption=\"\" data-medium-file=\"https:\/\/i0.wp.com\/www.shqiperia.com\/blog\/wp-content\/uploads\/2026\/09\/capture-770x418-6a96e6940f920.jpg?fit=300%2C163&amp;ssl=1\" data-large-file=\"https:\/\/i0.wp.com\/www.shqiperia.com\/blog\/wp-content\/uploads\/2026\/09\/capture-770x418-6a96e6940f920.jpg?fit=770%2C418&amp;ssl=1\" class=\"alignnone wp-image-105700\" alt=\"\" src=\"https:\/\/i0.wp.com\/www.shqiperia.com\/blog\/wp-content\/uploads\/2026\/09\/capture-770x418-6a96e6940f920.jpg?resize=629%2C342&#038;ssl=1\" width=\"629\" height=\"342\" srcset=\"https:\/\/i0.wp.com\/www.shqiperia.com\/blog\/wp-content\/uploads\/2026\/09\/capture-770x418-6a96e6940f920.jpg?resize=300%2C163&amp;ssl=1 300w, https:\/\/i0.wp.com\/www.shqiperia.com\/blog\/wp-content\/uploads\/2026\/09\/capture-770x418-6a96e6940f920.jpg?resize=768%2C417&amp;ssl=1 768w, https:\/\/i0.wp.com\/www.shqiperia.com\/blog\/wp-content\/uploads\/2026\/09\/capture-770x418-6a96e6940f920.jpg?resize=450%2C244&amp;ssl=1 450w, https:\/\/i0.wp.com\/www.shqiperia.com\/blog\/wp-content\/uploads\/2026\/09\/capture-770x418-6a96e6940f920.jpg?resize=600%2C326&amp;ssl=1 600w, https:\/\/i0.wp.com\/www.shqiperia.com\/blog\/wp-content\/uploads\/2026\/09\/capture-770x418-6a96e6940f920.jpg?resize=400%2C217&amp;ssl=1 400w, https:\/\/i0.wp.com\/www.shqiperia.com\/blog\/wp-content\/uploads\/2026\/09\/capture-770x418-6a96e6940f920.jpg?w=770&amp;ssl=1 770w\" sizes=\"auto, (max-width: 629px) 100vw, 629px\" \/><\/p>\n<p>1 Shtator 2026<\/p>\n<p>Situata e krijuar nga zjarri n\u00eb fshatrat e Ulz\u00ebs n\u00eb Burrel vijon t\u00eb jet\u00eb kritike. P\u00ebr shkak t\u00eb p\u00ebrhapjes s\u00eb perimetrit n\u00eb nj\u00eb rreze prej 5 km, rreziku iu \u00ebsht\u00eb afruar banesave.<\/p>\n<p>Pritet q\u00eb nga momenti n\u00eb moment t\u00eb b\u00ebhet evakuimi i banor\u00ebve q\u00eb kan\u00eb sht\u00ebpit\u00eb n\u00eb k\u00ebt\u00eb zon\u00eb p\u00ebr shkak se zjarri shkon drejt tyre. Situata mbetet kritike p\u00ebr shkak t\u00eb er\u00ebs s\u00eb fort\u00eb dhe bim\u00ebsis\u00eb s\u00eb that\u00eb.<\/p>\n<p>Edhe pse n\u00eb rrug\u00eb tok\u00ebsore jan\u00eb dhjet\u00ebra forca t\u00eb zjarrfik\u00ebses, sh\u00ebrbimit pyjor, mbrojtjes civile, t\u00eb forcave t\u00eb armatosura dhe vullnetar \u00ebsht\u00eb e pamundur ndalja e hovit t\u00eb zjarrit i cili vijon t\u00eb k\u00ebrc\u00ebnoj\u00eb, nd\u00ebrsa zona \u00ebsht\u00eb e mbushur me tym q\u00eb kufizon fush\u00ebpamjen dhe b\u00ebhet rrezik p\u00ebr asfiksimin e grupeve n\u00eb terren.<\/p>\n<p>Edhe nga ajri vijon lufta me nj\u00eb helikopter t\u00eb Ministris\u00eb s\u00eb Mbrojtjes, por deri tani nuk ka mundur ta ndal\u00eb p\u00ebrhapjen e flak\u00ebve.<\/p>\n","protected":false},"excerpt":{"rendered":"<p>1 Shtator 2026 Situata e krijuar nga zjarri n\u00eb fshatrat e Ulz\u00ebs n\u00eb Burrel vijon t\u00eb jet\u00eb kritike. P\u00ebr shkak t\u00eb p\u00ebrhapjes s\u00eb perimetrit n\u00eb nj\u00eb rreze prej 5 km, rreziku iu \u00ebsht\u00eb afruar banesave. Pritet q\u00eb nga momenti n\u00eb moment t\u00eb b\u00ebhet evakuimi i banor\u00ebve q\u00eb kan\u00eb sht\u00ebpit\u00eb n\u00eb k\u00ebt\u00eb zon\u00eb p\u00ebr shkak se [&hellip;]<\/p>\n","protected":false},"author":9,"featured_media":105700,"comment_status":"open","ping_status":"open","sticky":false,"template":"","format":"standard","meta":{"jetpack_post_was_ever_published":false,"_jetpack_newsletter_access":"","_jetpack_dont_email_post_to_subs":false,"_jetpack_newsletter_tier_id":0,"_jetpack_memberships_contains_paywalled_content":false,"_jetpack_memberships_contains_paid_content":false,"footnotes":"","jetpack_publicize_message":"","jetpack_publicize_feature_enabled":true,"jetpack_social_post_already_shared":true,"jetpack_social_options":{"image_generator_settings":{"template":"highway","default_image_id":0,"font":"","enabled":false},"version":2}},"categories":[27,1,35],"tags":[],"class_list":["post-105698","post","type-post","status-publish","format-standard","has-post-thumbnail","hentry","category-blogu-i-udhetarit","category-njoftime-shtypi","category-shoqerore"],"jetpack_publicize_connections":[],"jetpack_featured_media_url":"https:\/\/i0.wp.com\/www.shqiperia.com\/blog\/wp-content\/uploads\/2026\/09\/capture-770x418-6a96e6940f920.jpg?fit=770%2C418&ssl=1","jetpack_sharing_enabled":true,"jetpack_shortlink":"https:\/\/wp.me\/p5Z6wp-ruO","jetpack-related-posts":[{"id":103720,"url":"https:\/\/www.shqiperia.com\/blog\/zjarri-ne-fshatrat-e-finiqit-lamallari-publikon-pamje-nga-evakuimi-i-banoreve-situate-e-veshtire-prioritet\/","url_meta":{"origin":105698,"position":0},"title":"Zjarri n\u00eb fshatrat e Finiqit, Lamallari publikon pamje nga evakuimi i banor\u00ebve: &#8211; Situat\u00eb e v\u00ebshtir\u00eb, prioritet\u2026","author":"Kurt Farka","date":"August 4, 2026","format":false,"excerpt":"4 Gusht 2026 Ministri i Brendsh\u00ebm, Besfort Lamallari, ka reaguar p\u00ebr situat\u00ebn e v\u00ebshtir\u00eb me t\u00eb cil\u00ebn po p\u00ebrballen disa fshatra t\u00eb Finiqit, pas zjarrit t\u00eb r\u00ebnd\u00eb dit\u00ebn e sotme. P\u00ebrmes nj\u00eb postimi n\u00eb rrjetet sociale, Lamallari ka publikuar pamje nga evakuimi i banor\u00ebve t\u00eb zonave t\u00eb prekura nga flak\u00ebt\u2026","rel":"","context":"In &quot;Blogu i Udh\u00ebtarit&quot;","block_context":{"text":"Blogu i Udh\u00ebtarit","link":"https:\/\/www.shqiperia.com\/blog\/category\/blogu-i-udhetarit\/"},"img":{"alt_text":"","src":"https:\/\/i0.wp.com\/www.shqiperia.com\/blog\/wp-content\/uploads\/2026\/08\/Ministri-Besfort-Lamallari.png?fit=900%2C573&ssl=1&resize=350%2C200","width":350,"height":200,"srcset":"https:\/\/i0.wp.com\/www.shqiperia.com\/blog\/wp-content\/uploads\/2026\/08\/Ministri-Besfort-Lamallari.png?fit=900%2C573&ssl=1&resize=350%2C200 1x, https:\/\/i0.wp.com\/www.shqiperia.com\/blog\/wp-content\/uploads\/2026\/08\/Ministri-Besfort-Lamallari.png?fit=900%2C573&ssl=1&resize=525%2C300 1.5x, https:\/\/i0.wp.com\/www.shqiperia.com\/blog\/wp-content\/uploads\/2026\/08\/Ministri-Besfort-Lamallari.png?fit=900%2C573&ssl=1&resize=700%2C400 2x"},"classes":[]},{"id":104348,"url":"https:\/\/www.shqiperia.com\/blog\/42-vatra-zjarri-ne-te-gjithe-vendin-rritet-rreziku-ne-tirane-kruje-diber-dhe-mallakaster-nis-evakuimi-i-banoreve-839-forca-operacionale-ne-terren-ne-lufte-me-flaket\/","url_meta":{"origin":105698,"position":1},"title":"42 vatra zjarri n\u00eb t\u00eb gjith\u00eb vendin, rritet rreziku n\u00eb Tiran\u00eb, Kruj\u00eb, Dib\u00ebr dhe Mallakast\u00ebr. Nis evakuimi i banor\u00ebve, 839 forca operacionale n\u00eb terren n\u00eb luft\u00eb me flak\u00ebt","author":"Kurt Farka","date":"August 13, 2026","format":false,"excerpt":"13 Gusht 2026 Temperaturat e larta dhe era jan\u00eb b\u00ebr\u00eb faktor\u00ebt ky\u00e7 n\u00eb intensifikimi e zjarreve dhe rindezjen e vatrave q\u00eb m\u00eb par\u00eb jan\u00eb v\u00ebn\u00eb n\u00eb kontroll n\u00eb vendin ton\u00eb. N\u00eb 24 or\u00ebt e fundit, sipas Ministris\u00eb s\u00eb Mbrojtjes jan\u00eb raportuar 45 vatra zjarri, nga t\u00eb cilat 12 mbeten aktive\u2026","rel":"","context":"In &quot;Blogu i Udh\u00ebtarit&quot;","block_context":{"text":"Blogu i Udh\u00ebtarit","link":"https:\/\/www.shqiperia.com\/blog\/category\/blogu-i-udhetarit\/"},"img":{"alt_text":"","src":"https:\/\/i0.wp.com\/www.shqiperia.com\/blog\/wp-content\/uploads\/2026\/08\/762689152_3762198220600953_7001392962709730454_n-300x175.jpg?resize=350%2C200&ssl=1","width":350,"height":200,"srcset":"https:\/\/i0.wp.com\/www.shqiperia.com\/blog\/wp-content\/uploads\/2026\/08\/762689152_3762198220600953_7001392962709730454_n-300x175.jpg?resize=350%2C200&ssl=1 1x, https:\/\/i0.wp.com\/www.shqiperia.com\/blog\/wp-content\/uploads\/2026\/08\/762689152_3762198220600953_7001392962709730454_n-300x175.jpg?resize=525%2C300&ssl=1 1.5x, https:\/\/i0.wp.com\/www.shqiperia.com\/blog\/wp-content\/uploads\/2026\/08\/762689152_3762198220600953_7001392962709730454_n-300x175.jpg?resize=700%2C400&ssl=1 2x"},"classes":[]},{"id":104350,"url":"https:\/\/www.shqiperia.com\/blog\/zjarri-ne-prisken-e-madhe-merr-permasa-te-medha-nje-shtepi-e-djegur-dhe-familje-te-evakuuara-shkrumbohet-siperfaqe-e-madhe-pyjesh-dhe-ullishtesh\/","url_meta":{"origin":105698,"position":2},"title":"Zjarri n\u00eb Prisk\u00ebn e Madhe merr p\u00ebrmasa t\u00eb m\u00ebdha, nj\u00eb sht\u00ebpi e djegur dhe familje t\u00eb evakuuara. Shkrumbohet sip\u00ebrfaqe e madhe pyjesh dhe ullishtesh","author":"Kurt Farka","date":"August 13, 2026","format":false,"excerpt":"13 Gusht 2026 Zjarri q\u00eb prej dit\u00ebsh vijon t\u00eb jet\u00eb aktiv n\u00eb zon\u00ebn e Prisk\u00ebs s\u00eb Madhe ka marr\u00eb p\u00ebrmasa m\u00eb t\u00eb m\u00ebdha dhe \u00ebsht\u00eb p\u00ebrhapur edhe n\u00eb drejtim t\u00eb Lundr\u00ebs, Fark\u00ebs s\u00eb Madhe dhe Gurr\u00ebs, duke rritur ndjesh\u00ebm rrezikun p\u00ebr banor\u00ebt dhe pronat e tyre. Flak\u00ebt kan\u00eb p\u00ebrfshir\u00eb sip\u00ebrfaqe\u2026","rel":"","context":"In &quot;Blogu i Udh\u00ebtarit&quot;","block_context":{"text":"Blogu i Udh\u00ebtarit","link":"https:\/\/www.shqiperia.com\/blog\/category\/blogu-i-udhetarit\/"},"img":{"alt_text":"","src":"https:\/\/i0.wp.com\/www.shqiperia.com\/blog\/wp-content\/uploads\/2026\/08\/Zjarri-ne-Prisken-e-Madhe.webp?fit=1200%2C675&ssl=1&resize=350%2C200","width":350,"height":200,"srcset":"https:\/\/i0.wp.com\/www.shqiperia.com\/blog\/wp-content\/uploads\/2026\/08\/Zjarri-ne-Prisken-e-Madhe.webp?fit=1200%2C675&ssl=1&resize=350%2C200 1x, https:\/\/i0.wp.com\/www.shqiperia.com\/blog\/wp-content\/uploads\/2026\/08\/Zjarri-ne-Prisken-e-Madhe.webp?fit=1200%2C675&ssl=1&resize=525%2C300 1.5x, https:\/\/i0.wp.com\/www.shqiperia.com\/blog\/wp-content\/uploads\/2026\/08\/Zjarri-ne-Prisken-e-Madhe.webp?fit=1200%2C675&ssl=1&resize=700%2C400 2x, https:\/\/i0.wp.com\/www.shqiperia.com\/blog\/wp-content\/uploads\/2026\/08\/Zjarri-ne-Prisken-e-Madhe.webp?fit=1200%2C675&ssl=1&resize=1050%2C600 3x"},"classes":[]},{"id":104852,"url":"https:\/\/www.shqiperia.com\/blog\/zjarri-masiv-ne-puke-reagon-mbrojtja-vijon-nderhyrja-nga-toka-dhe-ajri-nis-evakuimi-i-banoreve-perparesi-femijet-dhe-te-moshuarit\/","url_meta":{"origin":105698,"position":3},"title":"Zjarri masiv n\u00eb Puk\u00eb, reagon \u201cMbrojtja\u201d: &#8211; Vijon nd\u00ebrhyrja nga toka dhe ajri, nis evakuimi i banor\u00ebve. &#8211; P\u00ebrpar\u00ebsi f\u00ebmij\u00ebt dhe t\u00eb moshuarit","author":"Kurt Farka","date":"August 20, 2026","format":false,"excerpt":"20 Gusht 2026 Vijon operacioni p\u00ebr shuarjen e zjarrit n\u00eb fshatin Gojan i Madh, n\u00eb Nj\u00ebsin\u00eb Administrative Gjegjan, Bashkia Puk\u00eb, ku flak\u00ebt jan\u00eb p\u00ebrhapur n\u00eb nj\u00eb terren t\u00eb v\u00ebshtir\u00eb malor. N\u00eb terren jan\u00eb angazhuar 5 automjete zjarrfik\u00ebse me 19 efektiv\u00eb t\u00eb MZSH Puk\u00eb dhe Fush\u00eb-Arr\u00ebz, 10 punonj\u00ebs t\u00eb Sh\u00ebrbimit Pyjor,\u2026","rel":"","context":"In &quot;Blogu i Udh\u00ebtarit&quot;","block_context":{"text":"Blogu i Udh\u00ebtarit","link":"https:\/\/www.shqiperia.com\/blog\/category\/blogu-i-udhetarit\/"},"img":{"alt_text":"","src":"https:\/\/i0.wp.com\/www.shqiperia.com\/blog\/wp-content\/uploads\/2026\/08\/ministriaa.jpg?fit=1151%2C567&ssl=1&resize=350%2C200","width":350,"height":200,"srcset":"https:\/\/i0.wp.com\/www.shqiperia.com\/blog\/wp-content\/uploads\/2026\/08\/ministriaa.jpg?fit=1151%2C567&ssl=1&resize=350%2C200 1x, https:\/\/i0.wp.com\/www.shqiperia.com\/blog\/wp-content\/uploads\/2026\/08\/ministriaa.jpg?fit=1151%2C567&ssl=1&resize=525%2C300 1.5x, https:\/\/i0.wp.com\/www.shqiperia.com\/blog\/wp-content\/uploads\/2026\/08\/ministriaa.jpg?fit=1151%2C567&ssl=1&resize=700%2C400 2x, https:\/\/i0.wp.com\/www.shqiperia.com\/blog\/wp-content\/uploads\/2026\/08\/ministriaa.jpg?fit=1151%2C567&ssl=1&resize=1050%2C600 3x"},"classes":[]},{"id":104387,"url":"https:\/\/www.shqiperia.com\/blog\/izolohet-zjarri-ne-prisken-e-madhe-nje-helikopter-dhe-forcat-ne-terren-punojne-per-shuarjen-e-plote\/","url_meta":{"origin":105698,"position":4},"title":"Izolohet zjarri n\u00eb Prisk\u00ebn e Madhe, nj\u00eb helikopter dhe forcat n\u00eb terren punojn\u00eb p\u00ebr shuarjen e plot\u00eb!","author":"Kurt Farka","date":"August 14, 2026","format":false,"excerpt":"14 Gusht 2026 Situata \u00ebsht\u00eb n\u00ebn kontroll n\u00eb vatr\u00ebn e zjarrit t\u00eb nisur n\u00eb Prisk\u00eb t\u00eb Madhe dhe t\u00eb p\u00ebrhapur m\u00eb pas n\u00eb Lund\u00ebr, Gurr\u00eb t\u00eb Madhe dhe Fark\u00eb t\u00eb Madhe. Nd\u00ebrhyrja vijon p\u00ebr shuarjen e plot\u00eb t\u00eb flak\u00ebve dhe p\u00ebr t\u00eb shmangur riaktivizimin e tyre. Aktualisht nuk paraqitet rrezik\u2026","rel":"","context":"In &quot;Blogu i Udh\u00ebtarit&quot;","block_context":{"text":"Blogu i Udh\u00ebtarit","link":"https:\/\/www.shqiperia.com\/blog\/category\/blogu-i-udhetarit\/"},"img":{"alt_text":"","src":"https:\/\/i0.wp.com\/www.shqiperia.com\/blog\/wp-content\/uploads\/2026\/08\/lajmi-1_sd-1140x570-1.webp?fit=1140%2C570&ssl=1&resize=350%2C200","width":350,"height":200,"srcset":"https:\/\/i0.wp.com\/www.shqiperia.com\/blog\/wp-content\/uploads\/2026\/08\/lajmi-1_sd-1140x570-1.webp?fit=1140%2C570&ssl=1&resize=350%2C200 1x, https:\/\/i0.wp.com\/www.shqiperia.com\/blog\/wp-content\/uploads\/2026\/08\/lajmi-1_sd-1140x570-1.webp?fit=1140%2C570&ssl=1&resize=525%2C300 1.5x, https:\/\/i0.wp.com\/www.shqiperia.com\/blog\/wp-content\/uploads\/2026\/08\/lajmi-1_sd-1140x570-1.webp?fit=1140%2C570&ssl=1&resize=700%2C400 2x, https:\/\/i0.wp.com\/www.shqiperia.com\/blog\/wp-content\/uploads\/2026\/08\/lajmi-1_sd-1140x570-1.webp?fit=1140%2C570&ssl=1&resize=1050%2C600 3x"},"classes":[]},{"id":104023,"url":"https:\/\/www.shqiperia.com\/blog\/po-digjet-qyteti-situate-dramatike-ne-kruje-flaket-gjigante-perparojne-drejt-banesave-digjen-disa-prej-tyre\/","url_meta":{"origin":105698,"position":5},"title":"\u201cPo digjet qyteti!\u201d\/ Situat\u00eb dramatike n\u00eb Kruj\u00eb, flak\u00ebt gjigante p\u00ebrparojn\u00eb drejt banesave, digjen disa prej tyre","author":"Kurt Farka","date":"August 9, 2026","format":false,"excerpt":"9 Korrik 2025 Nga Ballkanweb Sipas lajmit t\u00eb mbrmshem\u00a0 08 Gusht, 2026 22:20. Situata paraqitet tejet dramatike n\u00eb Kruj\u00eb, ku flak\u00ebt e zjarrit po p\u00ebrhapen me shpejt\u00ebsi n\u00eb drejtim t\u00eb zonave t\u00eb banuara, duke rrezikuar seriozisht banesat dhe qytetar\u00ebt. Sipas raportimeve t\u00eb qytetar\u00ebve pran\u00eb\u00a0BalkanWeb, zjarri ka dal\u00eb jasht\u00eb kontrollit n\u00eb\u2026","rel":"","context":"In &quot;Blogu i Udh\u00ebtarit&quot;","block_context":{"text":"Blogu i Udh\u00ebtarit","link":"https:\/\/www.shqiperia.com\/blog\/category\/blogu-i-udhetarit\/"},"img":{"alt_text":"","src":"https:\/\/i0.wp.com\/www.shqiperia.com\/blog\/wp-content\/uploads\/2026\/08\/Krujaa.jpg?fit=596%2C524&ssl=1&resize=350%2C200","width":350,"height":200,"srcset":"https:\/\/i0.wp.com\/www.shqiperia.com\/blog\/wp-content\/uploads\/2026\/08\/Krujaa.jpg?fit=596%2C524&ssl=1&resize=350%2C200 1x, https:\/\/i0.wp.com\/www.shqiperia.com\/blog\/wp-content\/uploads\/2026\/08\/Krujaa.jpg?fit=596%2C524&ssl=1&resize=525%2C300 1.5x"},"classes":[]}],"_links":{"self":[{"href":"https:\/\/www.shqiperia.com\/blog\/wp-json\/wp\/v2\/posts\/105698","targetHints":{"allow":["GET"]}}],"collection":[{"href":"https:\/\/www.shqiperia.com\/blog\/wp-json\/wp\/v2\/posts"}],"about":[{"href":"https:\/\/www.shqiperia.com\/blog\/wp-json\/wp\/v2\/types\/post"}],"author":[{"embeddable":true,"href":"https:\/\/www.shqiperia.com\/blog\/wp-json\/wp\/v2\/users\/9"}],"replies":[{"embeddable":true,"href":"https:\/\/www.shqiperia.com\/blog\/wp-json\/wp\/v2\/comments?post=105698"}],"version-history":[{"count":1,"href":"https:\/\/www.shqiperia.com\/blog\/wp-json\/wp\/v2\/posts\/105698\/revisions"}],"predecessor-version":[{"id":105701,"href":"https:\/\/www.shqiperia.com\/blog\/wp-json\/wp\/v2\/posts\/105698\/revisions\/105701"}],"wp:featuredmedia":[{"embeddable":true,"href":"https:\/\/www.shqiperia.com\/blog\/wp-json\/wp\/v2\/media\/105700"}],"wp:attachment":[{"href":"https:\/\/www.shqiperia.com\/blog\/wp-json\/wp\/v2\/media?parent=105698"}],"wp:term":[{"taxonomy":"category","embeddable":true,"href":"https:\/\/www.shqiperia.com\/blog\/wp-json\/wp\/v2\/categories?post=105698"},{"taxonomy":"post_tag","embeddable":true,"href":"https:\/\/www.shqiperia.com\/blog\/wp-json\/wp\/v2\/tags?post=105698"}],"curies":[{"name":"wp","href":"https:\/\/api.w.org\/{rel}","templated":true}]}}