{"id":105695,"date":"2026-09-01T11:43:46","date_gmt":"2026-09-01T11:43:46","guid":{"rendered":"https:\/\/www.shqiperia.com\/blog\/?p=105695"},"modified":"2026-09-01T11:47:25","modified_gmt":"2026-09-01T11:47:25","slug":"zjarri-del-jashte-kontrollit-situate-kritike-ne-lunder-flaket-mberrijne-ne-vargmalin-e-skenderbeut","status":"publish","type":"post","link":"https:\/\/www.shqiperia.com\/blog\/zjarri-del-jashte-kontrollit-situate-kritike-ne-lunder-flaket-mberrijne-ne-vargmalin-e-skenderbeut\/","title":{"rendered":"Zjarri del jasht\u00eb kontrollit\/ Situat\u00eb kritike n\u00eb Lund\u00ebr, flak\u00ebt mb\u00ebrrijn\u00eb n\u00eb vargmalin e Sk\u00ebnderbeut"},"content":{"rendered":"<p><img data-recalc-dims=\"1\" loading=\"lazy\" decoding=\"async\" data-attachment-id=\"105696\" data-permalink=\"https:\/\/www.shqiperia.com\/blog\/zjarri-del-jashte-kontrollit-situate-kritike-ne-lunder-flaket-mberrijne-ne-vargmalin-e-skenderbeut\/attachment\/121212\/\" data-orig-file=\"https:\/\/i0.wp.com\/www.shqiperia.com\/blog\/wp-content\/uploads\/2026\/09\/121212.jpg?fit=786%2C421&amp;ssl=1\" data-orig-size=\"786,421\" data-comments-opened=\"1\" data-image-meta=\"{&quot;aperture&quot;:&quot;0&quot;,&quot;credit&quot;:&quot;Redaksia&quot;,&quot;camera&quot;:&quot;&quot;,&quot;caption&quot;:&quot;&quot;,&quot;created_timestamp&quot;:&quot;1788269637&quot;,&quot;copyright&quot;:&quot;&quot;,&quot;focal_length&quot;:&quot;0&quot;,&quot;iso&quot;:&quot;0&quot;,&quot;shutter_speed&quot;:&quot;0&quot;,&quot;title&quot;:&quot;&quot;,&quot;orientation&quot;:&quot;0&quot;}\" data-image-title=\"121212\" data-image-description=\"\" data-image-caption=\"\" data-medium-file=\"https:\/\/i0.wp.com\/www.shqiperia.com\/blog\/wp-content\/uploads\/2026\/09\/121212.jpg?fit=300%2C161&amp;ssl=1\" data-large-file=\"https:\/\/i0.wp.com\/www.shqiperia.com\/blog\/wp-content\/uploads\/2026\/09\/121212.jpg?fit=786%2C421&amp;ssl=1\" class=\"alignnone wp-image-105696\" alt=\"\" src=\"https:\/\/i0.wp.com\/www.shqiperia.com\/blog\/wp-content\/uploads\/2026\/09\/121212.jpg?resize=557%2C299&#038;ssl=1\" width=\"557\" height=\"299\" srcset=\"https:\/\/i0.wp.com\/www.shqiperia.com\/blog\/wp-content\/uploads\/2026\/09\/121212.jpg?resize=300%2C161&amp;ssl=1 300w, https:\/\/i0.wp.com\/www.shqiperia.com\/blog\/wp-content\/uploads\/2026\/09\/121212.jpg?resize=768%2C411&amp;ssl=1 768w, https:\/\/i0.wp.com\/www.shqiperia.com\/blog\/wp-content\/uploads\/2026\/09\/121212.jpg?resize=450%2C241&amp;ssl=1 450w, https:\/\/i0.wp.com\/www.shqiperia.com\/blog\/wp-content\/uploads\/2026\/09\/121212.jpg?resize=600%2C321&amp;ssl=1 600w, https:\/\/i0.wp.com\/www.shqiperia.com\/blog\/wp-content\/uploads\/2026\/09\/121212.jpg?resize=400%2C214&amp;ssl=1 400w, https:\/\/i0.wp.com\/www.shqiperia.com\/blog\/wp-content\/uploads\/2026\/09\/121212.jpg?w=786&amp;ssl=1 786w\" sizes=\"auto, (max-width: 557px) 100vw, 557px\" \/><\/p>\n<p>1 Shtator 2026<\/p>\n<p>Situata e zjarrit n\u00eb fshatin Lund\u00ebr paraqitet mjaft e agravuar gjat\u00eb or\u00ebve t\u00eb fundit. Vatra e zjarrit ka dal\u00eb t\u00ebr\u00ebsisht jasht\u00eb kontrollit dhe po p\u00ebrhapet me shpejt\u00ebsi n\u00eb terrenin malor, duke k\u00ebrc\u00ebnuar seriozisht banesat, stallat e bag\u00ebtive dhe sip\u00ebrfaqet e m\u00ebdha pyjore t\u00eb zon\u00ebs.<\/p>\n<p>Pavar\u00ebsisht angazhimit maksimal t\u00eb strukturave t\u00eb emergjencave civile n\u00eb terren dhe pun\u00ebs s\u00eb pand\u00ebrprer\u00eb p\u00ebr izolimin e vatr\u00ebs, nd\u00ebrhyrjet nga toka nuk po japin efektin e pritur. P\u00ebrmasat e m\u00ebdha t\u00eb zjarrit, tymi i dendur, terreni i thyer malor dhe kushtet e favorshme p\u00ebr p\u00ebrhapjen e flak\u00ebve po v\u00ebshtir\u00ebsojn\u00eb s\u00eb tep\u00ebrmi pun\u00ebn e zjarrfik\u00ebsve.<\/p>\n<p>Ekipet e emergjenc\u00ebs po b\u00ebjn\u00eb maksimumin e mundsh\u00ebm n\u00eb terren p\u00ebr t\u00eb krijuar nj\u00eb perimet\u00ebr mbrojt\u00ebs pran\u00eb zonave t\u00eb banuara, ku rreziku p\u00ebr sht\u00ebpit\u00eb dhe objektet bujq\u00ebsore mbetet ende mjaft i lart\u00eb.<\/p>\n<p>P\u00ebr shkak t\u00eb p\u00ebrmasave t\u00eb zjarrit, flak\u00ebt kan\u00eb dep\u00ebrtuar deri n\u00eb vargmalin e Sk\u00ebnderbeut. Policia e Shtetit ka zbarkuar n\u00eb k\u00ebt\u00eb pjes\u00eb t\u00eb terrenit dhe po monitoron nga af\u00ebr ecurin\u00eb e situat\u00ebs p\u00ebr t\u00eb shmangur rreziqet p\u00ebr qytetar\u00ebt.<\/p>\n<p>N\u00eb ndihm\u00eb t\u00eb forcave tok\u00ebsore ka mb\u00ebrritur me urgjenc\u00eb edhe helikopteri i emergjencave civile, i cili ka nisur menj\u00ebher\u00eb nd\u00ebrhyrjen nga ajri me hedhjen e ujit mbi vatrat m\u00eb t\u00eb izoluara e t\u00eb v\u00ebshtira t\u00eb malit, me shpres\u00ebn p\u00ebr t\u00eb v\u00ebn\u00eb n\u00ebn kontroll vatr\u00ebn e zjarrit.<\/p>\n","protected":false},"excerpt":{"rendered":"<p>1 Shtator 2026 Situata e zjarrit n\u00eb fshatin Lund\u00ebr paraqitet mjaft e agravuar gjat\u00eb or\u00ebve t\u00eb fundit. Vatra e zjarrit ka dal\u00eb t\u00ebr\u00ebsisht jasht\u00eb kontrollit dhe po p\u00ebrhapet me shpejt\u00ebsi n\u00eb terrenin malor, duke k\u00ebrc\u00ebnuar seriozisht banesat, stallat e bag\u00ebtive dhe sip\u00ebrfaqet e m\u00ebdha pyjore t\u00eb zon\u00ebs. Pavar\u00ebsisht angazhimit maksimal t\u00eb strukturave t\u00eb emergjencave civile [&hellip;]<\/p>\n","protected":false},"author":9,"featured_media":105696,"comment_status":"open","ping_status":"open","sticky":false,"template":"","format":"standard","meta":{"jetpack_post_was_ever_published":false,"_jetpack_newsletter_access":"","_jetpack_dont_email_post_to_subs":false,"_jetpack_newsletter_tier_id":0,"_jetpack_memberships_contains_paywalled_content":false,"_jetpack_memberships_contains_paid_content":false,"footnotes":"","jetpack_publicize_message":"","jetpack_publicize_feature_enabled":true,"jetpack_social_post_already_shared":true,"jetpack_social_options":{"image_generator_settings":{"template":"highway","default_image_id":0,"font":"","enabled":false},"version":2}},"categories":[27,1,35],"tags":[],"class_list":["post-105695","post","type-post","status-publish","format-standard","has-post-thumbnail","hentry","category-blogu-i-udhetarit","category-njoftime-shtypi","category-shoqerore"],"jetpack_publicize_connections":[],"jetpack_featured_media_url":"https:\/\/i0.wp.com\/www.shqiperia.com\/blog\/wp-content\/uploads\/2026\/09\/121212.jpg?fit=786%2C421&ssl=1","jetpack_sharing_enabled":true,"jetpack_shortlink":"https:\/\/wp.me\/p5Z6wp-ruL","jetpack-related-posts":[{"id":103671,"url":"https:\/\/www.shqiperia.com\/blog\/zjarri-ne-dardhe-te-librazhdit-vijon-prej-6-ditesh-terreni-malor-veshtireson-shuarjen-e-flakeve\/","url_meta":{"origin":105695,"position":0},"title":"Zjarri n\u00eb Dardh\u00eb t\u00eb Librazhdit vijon prej 6 dit\u00ebsh, terreni malor v\u00ebshtir\u00ebson shuarjen e flak\u00ebve","author":"Kurt Farka","date":"August 3, 2026","format":false,"excerpt":"3 Gusht 2026 Prej 6 dit\u00ebsh, nj\u00eb zjarr i p\u00ebrmasave t\u00eb m\u00ebdha vijon t\u00eb djeg\u00eb nj\u00eb pjes\u00eb t\u00eb zon\u00ebs pyjore t\u00eb fshatit Dardh\u00eb, n\u00eb Bashkin\u00eb e Librazhdit, nd\u00ebrsa p\u00ebrpjekjet p\u00ebr v\u00ebnien n\u00ebn kontroll t\u00eb flak\u00ebve po p\u00ebrballen me v\u00ebshtir\u00ebsi t\u00eb m\u00ebdha p\u00ebr shkak t\u00eb terrenit malor, er\u00ebs s\u00eb fort\u00eb dhe\u2026","rel":"","context":"In &quot;Blogu i Udh\u00ebtarit&quot;","block_context":{"text":"Blogu i Udh\u00ebtarit","link":"https:\/\/www.shqiperia.com\/blog\/category\/blogu-i-udhetarit\/"},"img":{"alt_text":"","src":"https:\/\/i0.wp.com\/www.shqiperia.com\/blog\/wp-content\/uploads\/2026\/08\/zjarr_sd-1.jpg?fit=1200%2C675&ssl=1&resize=350%2C200","width":350,"height":200,"srcset":"https:\/\/i0.wp.com\/www.shqiperia.com\/blog\/wp-content\/uploads\/2026\/08\/zjarr_sd-1.jpg?fit=1200%2C675&ssl=1&resize=350%2C200 1x, https:\/\/i0.wp.com\/www.shqiperia.com\/blog\/wp-content\/uploads\/2026\/08\/zjarr_sd-1.jpg?fit=1200%2C675&ssl=1&resize=525%2C300 1.5x, https:\/\/i0.wp.com\/www.shqiperia.com\/blog\/wp-content\/uploads\/2026\/08\/zjarr_sd-1.jpg?fit=1200%2C675&ssl=1&resize=700%2C400 2x, https:\/\/i0.wp.com\/www.shqiperia.com\/blog\/wp-content\/uploads\/2026\/08\/zjarr_sd-1.jpg?fit=1200%2C675&ssl=1&resize=1050%2C600 3x"},"classes":[]},{"id":104390,"url":"https:\/\/www.shqiperia.com\/blog\/diber-dy-vatra-zjarri-aktive-flaket-perhapen-ne-terren-pyjor-ne-qafe-helmes-situata-jashte-kontrollit\/","url_meta":{"origin":105695,"position":1},"title":"Dib\u00ebr\/ Dy vatra zjarri aktive, flak\u00ebt p\u00ebrhapen n\u00eb terren pyjor, n\u00eb Qaf\u00eb-Helmes situata jasht\u00eb kontrollit","author":"Kurt Farka","date":"August 14, 2026","format":false,"excerpt":"14 Gusht 2026 Situata nga zjarret n\u00eb qarkun e Dibr\u00ebs vijon t\u00eb jet\u00eb problematike, me dy vatra aktive n\u00eb zon\u00ebn e Selisht\u00ebs, n\u00eb Bashkin\u00eb Dib\u00ebr, dhe n\u00eb territorin e Bashkis\u00eb Bulqiz\u00eb. Vatra m\u00eb problematike ndodhet n\u00eb zon\u00ebn e Qaf\u00eb-Helmesit, pran\u00eb kufirit mes Selisht\u00ebs dhe Nj\u00ebsis\u00eb Administrative Fush\u00eb-Bulqiz\u00eb. Zjarri vijon t\u00eb\u2026","rel":"","context":"In &quot;Blogu i Udh\u00ebtarit&quot;","block_context":{"text":"Blogu i Udh\u00ebtarit","link":"https:\/\/www.shqiperia.com\/blog\/category\/blogu-i-udhetarit\/"},"img":{"alt_text":"","src":"https:\/\/i0.wp.com\/www.shqiperia.com\/blog\/wp-content\/uploads\/2026\/08\/6a7c58128bd96kruja-1.jpg?fit=1015%2C567&ssl=1&resize=350%2C200","width":350,"height":200,"srcset":"https:\/\/i0.wp.com\/www.shqiperia.com\/blog\/wp-content\/uploads\/2026\/08\/6a7c58128bd96kruja-1.jpg?fit=1015%2C567&ssl=1&resize=350%2C200 1x, https:\/\/i0.wp.com\/www.shqiperia.com\/blog\/wp-content\/uploads\/2026\/08\/6a7c58128bd96kruja-1.jpg?fit=1015%2C567&ssl=1&resize=525%2C300 1.5x, https:\/\/i0.wp.com\/www.shqiperia.com\/blog\/wp-content\/uploads\/2026\/08\/6a7c58128bd96kruja-1.jpg?fit=1015%2C567&ssl=1&resize=700%2C400 2x"},"classes":[]},{"id":104345,"url":"https:\/\/www.shqiperia.com\/blog\/zjarri-ne-lunder-tirane-del-jashte-kontrollit-nderpritet-energjia-elektrike-dhe-furnizimi-me-uje\/","url_meta":{"origin":105695,"position":2},"title":"Zjarri n\u00eb Lund\u00ebr, Tiran\u00eb del jasht\u00eb kontrollit, nd\u00ebrpritet energjia elektrike dhe furnizimi me uj\u00eb","author":"Kurt Farka","date":"August 13, 2026","format":false,"excerpt":"13 Gusht 2026 Situata n\u00eb Daias, pran\u00eb Lundr\u00ebs t\u00eb Tiran\u00ebs dhe kodrat p\u00ebrreth vijon t\u00eb jet\u00eb kritike. Zjarri \u00ebsht\u00eb n\u00eb periferi t\u00eb kryeqytetit dhe me rrezikshm\u00ebri t\u00eb lart\u00eb... Operacioni p\u00ebr shuarjen e flak\u00ebve po ndiqet nga af\u00ebr nga forcat zjarrfik\u00ebse t\u00eb Tiran\u00ebs dhe Kamz\u00ebs. Nd\u00ebrsa n\u00eb ndihm\u00eb t\u00eb tyre kan\u00eb\u2026","rel":"","context":"In &quot;Blogu i Udh\u00ebtarit&quot;","block_context":{"text":"Blogu i Udh\u00ebtarit","link":"https:\/\/www.shqiperia.com\/blog\/category\/blogu-i-udhetarit\/"},"img":{"alt_text":"","src":"https:\/\/i0.wp.com\/www.shqiperia.com\/blog\/wp-content\/uploads\/2026\/08\/640-0-whatsapp-image-2026-08-12-at-223701-1-1786568822.jpeg?fit=640%2C416&ssl=1&resize=350%2C200","width":350,"height":200,"srcset":"https:\/\/i0.wp.com\/www.shqiperia.com\/blog\/wp-content\/uploads\/2026\/08\/640-0-whatsapp-image-2026-08-12-at-223701-1-1786568822.jpeg?fit=640%2C416&ssl=1&resize=350%2C200 1x, https:\/\/i0.wp.com\/www.shqiperia.com\/blog\/wp-content\/uploads\/2026\/08\/640-0-whatsapp-image-2026-08-12-at-223701-1-1786568822.jpeg?fit=640%2C416&ssl=1&resize=525%2C300 1.5x"},"classes":[]},{"id":104892,"url":"https:\/\/www.shqiperia.com\/blog\/zjarri-mbi-dukat-merr-permasa-me-te-medha-perhapet-drejt-malit-te-cikes-nis-nderhyrja-nga-ajri-me-dy-avionet-air-tractor\/","url_meta":{"origin":105695,"position":3},"title":"Zjarri mbi Dukat merr p\u00ebrmasa m\u00eb t\u00eb m\u00ebdha, p\u00ebrhapet drejt Malit t\u00eb \u00c7ik\u00ebs. Nis nd\u00ebrhyrja nga ajri me dy avion\u00ebt \u201cAir Tractor\u201d","author":"Kurt Farka","date":"August 21, 2026","format":false,"excerpt":"21 Gusht 2026 Nj\u00eb zjarr i p\u00ebrmasave t\u00eb m\u00ebdha ka p\u00ebrfshir\u00eb zon\u00ebn mbi fshatin Dukat, n\u00eb jug t\u00eb vendit, nd\u00ebrsa dyshohet se flak\u00ebt mund t\u00eb jen\u00eb shkaktuar q\u00ebllimisht. Zjarri \u00ebsht\u00eb shfaqur rreth or\u00ebs 19:00 t\u00eb mbr\u00ebmjes s\u00eb djeshme, fillimisht n\u00eb kat\u00ebr vatra. Gjat\u00eb nat\u00ebs, flak\u00ebt jan\u00eb p\u00ebrhapur n\u00eb nj\u00eb sip\u00ebrfaqe\u2026","rel":"","context":"In &quot;Blogu i Udh\u00ebtarit&quot;","block_context":{"text":"Blogu i Udh\u00ebtarit","link":"https:\/\/www.shqiperia.com\/blog\/category\/blogu-i-udhetarit\/"},"img":{"alt_text":"","src":"https:\/\/i0.wp.com\/www.shqiperia.com\/blog\/wp-content\/uploads\/2026\/08\/dukat_sd-800x450-1.jpg?fit=800%2C450&ssl=1&resize=350%2C200","width":350,"height":200,"srcset":"https:\/\/i0.wp.com\/www.shqiperia.com\/blog\/wp-content\/uploads\/2026\/08\/dukat_sd-800x450-1.jpg?fit=800%2C450&ssl=1&resize=350%2C200 1x, https:\/\/i0.wp.com\/www.shqiperia.com\/blog\/wp-content\/uploads\/2026\/08\/dukat_sd-800x450-1.jpg?fit=800%2C450&ssl=1&resize=525%2C300 1.5x, https:\/\/i0.wp.com\/www.shqiperia.com\/blog\/wp-content\/uploads\/2026\/08\/dukat_sd-800x450-1.jpg?fit=800%2C450&ssl=1&resize=700%2C400 2x"},"classes":[]},{"id":104674,"url":"https:\/\/www.shqiperia.com\/blog\/flaket-sfidojne-terrenin-ne-puke-40-ushtarake-dhe-helikoptere-ne-aksion-per-shuarjen-e-zjarrit\/","url_meta":{"origin":105695,"position":4},"title":"Flak\u00ebt sfidojn\u00eb terrenin n\u00eb Puk\u00eb, 40 ushtarak\u00eb dhe helikopter\u00eb n\u00eb aksion p\u00ebr shuarjen e zjarrit","author":"Kurt Farka","date":"August 18, 2026","format":false,"excerpt":"18 Gusht 2026 Zjarri n\u00eb Fush\u00eb-Laj\u00eb, n\u00eb pyjet e Malit t\u00eb T\u00ebrbunit, n\u00eb Bashkin\u00eb Puk\u00eb, vijon t\u00eb jet\u00eb n\u00ebn monitorim t\u00eb vazhduesh\u00ebm nga strukturat p\u00ebrgjegj\u00ebse. Sipas Institucionit t\u00eb Prefektit t\u00eb Qarkut Shkod\u00ebr, situata po monitorohet n\u00eb koh\u00eb reale nga drejtuesi teknik i operacionit dhe strukturat e angazhuara n\u00eb terren, n\u00ebn\u2026","rel":"","context":"In &quot;Blogu i Udh\u00ebtarit&quot;","block_context":{"text":"Blogu i Udh\u00ebtarit","link":"https:\/\/www.shqiperia.com\/blog\/category\/blogu-i-udhetarit\/"},"img":{"alt_text":"","src":"https:\/\/i0.wp.com\/www.shqiperia.com\/blog\/wp-content\/uploads\/2026\/08\/Zjarri-ne-Terbun-Puke-1.jpg?fit=1200%2C675&ssl=1&resize=350%2C200","width":350,"height":200,"srcset":"https:\/\/i0.wp.com\/www.shqiperia.com\/blog\/wp-content\/uploads\/2026\/08\/Zjarri-ne-Terbun-Puke-1.jpg?fit=1200%2C675&ssl=1&resize=350%2C200 1x, https:\/\/i0.wp.com\/www.shqiperia.com\/blog\/wp-content\/uploads\/2026\/08\/Zjarri-ne-Terbun-Puke-1.jpg?fit=1200%2C675&ssl=1&resize=525%2C300 1.5x, https:\/\/i0.wp.com\/www.shqiperia.com\/blog\/wp-content\/uploads\/2026\/08\/Zjarri-ne-Terbun-Puke-1.jpg?fit=1200%2C675&ssl=1&resize=700%2C400 2x, https:\/\/i0.wp.com\/www.shqiperia.com\/blog\/wp-content\/uploads\/2026\/08\/Zjarri-ne-Terbun-Puke-1.jpg?fit=1200%2C675&ssl=1&resize=1050%2C600 3x"},"classes":[]},{"id":104387,"url":"https:\/\/www.shqiperia.com\/blog\/izolohet-zjarri-ne-prisken-e-madhe-nje-helikopter-dhe-forcat-ne-terren-punojne-per-shuarjen-e-plote\/","url_meta":{"origin":105695,"position":5},"title":"Izolohet zjarri n\u00eb Prisk\u00ebn e Madhe, nj\u00eb helikopter dhe forcat n\u00eb terren punojn\u00eb p\u00ebr shuarjen e plot\u00eb!","author":"Kurt Farka","date":"August 14, 2026","format":false,"excerpt":"14 Gusht 2026 Situata \u00ebsht\u00eb n\u00ebn kontroll n\u00eb vatr\u00ebn e zjarrit t\u00eb nisur n\u00eb Prisk\u00eb t\u00eb Madhe dhe t\u00eb p\u00ebrhapur m\u00eb pas n\u00eb Lund\u00ebr, Gurr\u00eb t\u00eb Madhe dhe Fark\u00eb t\u00eb Madhe. Nd\u00ebrhyrja vijon p\u00ebr shuarjen e plot\u00eb t\u00eb flak\u00ebve dhe p\u00ebr t\u00eb shmangur riaktivizimin e tyre. Aktualisht nuk paraqitet rrezik\u2026","rel":"","context":"In &quot;Blogu i Udh\u00ebtarit&quot;","block_context":{"text":"Blogu i Udh\u00ebtarit","link":"https:\/\/www.shqiperia.com\/blog\/category\/blogu-i-udhetarit\/"},"img":{"alt_text":"","src":"https:\/\/i0.wp.com\/www.shqiperia.com\/blog\/wp-content\/uploads\/2026\/08\/lajmi-1_sd-1140x570-1.webp?fit=1140%2C570&ssl=1&resize=350%2C200","width":350,"height":200,"srcset":"https:\/\/i0.wp.com\/www.shqiperia.com\/blog\/wp-content\/uploads\/2026\/08\/lajmi-1_sd-1140x570-1.webp?fit=1140%2C570&ssl=1&resize=350%2C200 1x, https:\/\/i0.wp.com\/www.shqiperia.com\/blog\/wp-content\/uploads\/2026\/08\/lajmi-1_sd-1140x570-1.webp?fit=1140%2C570&ssl=1&resize=525%2C300 1.5x, https:\/\/i0.wp.com\/www.shqiperia.com\/blog\/wp-content\/uploads\/2026\/08\/lajmi-1_sd-1140x570-1.webp?fit=1140%2C570&ssl=1&resize=700%2C400 2x, https:\/\/i0.wp.com\/www.shqiperia.com\/blog\/wp-content\/uploads\/2026\/08\/lajmi-1_sd-1140x570-1.webp?fit=1140%2C570&ssl=1&resize=1050%2C600 3x"},"classes":[]}],"_links":{"self":[{"href":"https:\/\/www.shqiperia.com\/blog\/wp-json\/wp\/v2\/posts\/105695","targetHints":{"allow":["GET"]}}],"collection":[{"href":"https:\/\/www.shqiperia.com\/blog\/wp-json\/wp\/v2\/posts"}],"about":[{"href":"https:\/\/www.shqiperia.com\/blog\/wp-json\/wp\/v2\/types\/post"}],"author":[{"embeddable":true,"href":"https:\/\/www.shqiperia.com\/blog\/wp-json\/wp\/v2\/users\/9"}],"replies":[{"embeddable":true,"href":"https:\/\/www.shqiperia.com\/blog\/wp-json\/wp\/v2\/comments?post=105695"}],"version-history":[{"count":1,"href":"https:\/\/www.shqiperia.com\/blog\/wp-json\/wp\/v2\/posts\/105695\/revisions"}],"predecessor-version":[{"id":105697,"href":"https:\/\/www.shqiperia.com\/blog\/wp-json\/wp\/v2\/posts\/105695\/revisions\/105697"}],"wp:featuredmedia":[{"embeddable":true,"href":"https:\/\/www.shqiperia.com\/blog\/wp-json\/wp\/v2\/media\/105696"}],"wp:attachment":[{"href":"https:\/\/www.shqiperia.com\/blog\/wp-json\/wp\/v2\/media?parent=105695"}],"wp:term":[{"taxonomy":"category","embeddable":true,"href":"https:\/\/www.shqiperia.com\/blog\/wp-json\/wp\/v2\/categories?post=105695"},{"taxonomy":"post_tag","embeddable":true,"href":"https:\/\/www.shqiperia.com\/blog\/wp-json\/wp\/v2\/tags?post=105695"}],"curies":[{"name":"wp","href":"https:\/\/api.w.org\/{rel}","templated":true}]}}