{"id":105686,"date":"2026-09-01T11:26:12","date_gmt":"2026-09-01T11:26:12","guid":{"rendered":"https:\/\/www.shqiperia.com\/blog\/?p=105686"},"modified":"2026-09-01T11:32:10","modified_gmt":"2026-09-01T11:32:10","slug":"kostume-autentike-popullore-bullgare-do-te-prezantohen-ne-paris","status":"publish","type":"post","link":"https:\/\/www.shqiperia.com\/blog\/kostume-autentike-popullore-bullgare-do-te-prezantohen-ne-paris\/","title":{"rendered":"Kostume autentike popullore bullgare do t\u00eb prezantohen n\u00eb Paris"},"content":{"rendered":"<div class=\"material-section p-5 first:pt-5 pt-0 lg:ml-[268px] border-l \">\n<p><img data-recalc-dims=\"1\" loading=\"lazy\" decoding=\"async\" data-attachment-id=\"105687\" data-permalink=\"https:\/\/www.shqiperia.com\/blog\/kostume-autentike-popullore-bullgare-do-te-prezantohen-ne-paris\/bd23f6e5-e974-4b4a-b999-05c7c4d3bb71\/\" data-orig-file=\"https:\/\/i0.wp.com\/www.shqiperia.com\/blog\/wp-content\/uploads\/2026\/09\/bd23f6e5-e974-4b4a-b999-05c7c4d3bb71.jpg?fit=1152%2C648&amp;ssl=1\" data-orig-size=\"1152,648\" data-comments-opened=\"1\" data-image-meta=\"{&quot;aperture&quot;:&quot;0&quot;,&quot;credit&quot;:&quot;&quot;,&quot;camera&quot;:&quot;&quot;,&quot;caption&quot;:&quot;&quot;,&quot;created_timestamp&quot;:&quot;0&quot;,&quot;copyright&quot;:&quot;&quot;,&quot;focal_length&quot;:&quot;0&quot;,&quot;iso&quot;:&quot;0&quot;,&quot;shutter_speed&quot;:&quot;0&quot;,&quot;title&quot;:&quot;&quot;,&quot;orientation&quot;:&quot;0&quot;}\" data-image-title=\"bd23f6e5-e974-4b4a-b999-05c7c4d3bb71\" data-image-description=\"\" data-image-caption=\"\" data-medium-file=\"https:\/\/i0.wp.com\/www.shqiperia.com\/blog\/wp-content\/uploads\/2026\/09\/bd23f6e5-e974-4b4a-b999-05c7c4d3bb71.jpg?fit=300%2C169&amp;ssl=1\" data-large-file=\"https:\/\/i0.wp.com\/www.shqiperia.com\/blog\/wp-content\/uploads\/2026\/09\/bd23f6e5-e974-4b4a-b999-05c7c4d3bb71.jpg?fit=1024%2C576&amp;ssl=1\" class=\"alignnone wp-image-105687\" alt=\"\" src=\"https:\/\/i0.wp.com\/www.shqiperia.com\/blog\/wp-content\/uploads\/2026\/09\/bd23f6e5-e974-4b4a-b999-05c7c4d3bb71.jpg?resize=744%2C419&#038;ssl=1\" width=\"744\" height=\"419\" srcset=\"https:\/\/i0.wp.com\/www.shqiperia.com\/blog\/wp-content\/uploads\/2026\/09\/bd23f6e5-e974-4b4a-b999-05c7c4d3bb71.jpg?resize=300%2C169&amp;ssl=1 300w, https:\/\/i0.wp.com\/www.shqiperia.com\/blog\/wp-content\/uploads\/2026\/09\/bd23f6e5-e974-4b4a-b999-05c7c4d3bb71.jpg?resize=1024%2C576&amp;ssl=1 1024w, https:\/\/i0.wp.com\/www.shqiperia.com\/blog\/wp-content\/uploads\/2026\/09\/bd23f6e5-e974-4b4a-b999-05c7c4d3bb71.jpg?resize=768%2C432&amp;ssl=1 768w, https:\/\/i0.wp.com\/www.shqiperia.com\/blog\/wp-content\/uploads\/2026\/09\/bd23f6e5-e974-4b4a-b999-05c7c4d3bb71.jpg?resize=450%2C253&amp;ssl=1 450w, https:\/\/i0.wp.com\/www.shqiperia.com\/blog\/wp-content\/uploads\/2026\/09\/bd23f6e5-e974-4b4a-b999-05c7c4d3bb71.jpg?resize=600%2C338&amp;ssl=1 600w, https:\/\/i0.wp.com\/www.shqiperia.com\/blog\/wp-content\/uploads\/2026\/09\/bd23f6e5-e974-4b4a-b999-05c7c4d3bb71.jpg?resize=400%2C225&amp;ssl=1 400w, https:\/\/i0.wp.com\/www.shqiperia.com\/blog\/wp-content\/uploads\/2026\/09\/bd23f6e5-e974-4b4a-b999-05c7c4d3bb71.jpg?w=1152&amp;ssl=1 1152w\" sizes=\"auto, (max-width: 744px) 100vw, 744px\" \/><\/p>\n<p><span>1 Shtator 2026<\/span><\/p>\n<p><span>Ekspozita \u201cN\u00ebp\u00ebr gjurm\u00ebt e fijeve t\u00eb koh\u00ebs\u201d, e cila paraqet kostume autentike popullore bullgare t\u00eb shekujve XIX dhe XX, do t\u00eb hapet m\u00eb 11 shtator n\u00eb Paris. Lajmi b\u00ebhet i ditur p\u00ebrmes nj\u00eb publikimi n\u00eb Facebook nga Instituti Kulturor Bullgar n\u00eb kryeqytetin francez.<\/span><\/p>\n<\/div>\n<div class=\"my-4 p-5\">\n<div class=\"bg-base-200\/40 rounded-2xl overflow-hidden relative shadow-sm\">\n<div>\n<div class=\"relative cursor-pointer overflow-hidden \"><img loading=\"lazy\" decoding=\"async\" class=\"aspect-video object-contain object-center w-full filter-none drop-shadow-md\" alt=\"Kostume autentike popullore bullgare do t\u00eb prezantohen n\u00eb Paris\" src=\"https:\/\/bnrnews.bg\/api\/media\/75073488-4d91-4bad-a662-e0ffcb77612b?Size=large\" width=\"626\" height=\"352\" \/><\/div>\n<\/div>\n<\/div>\n<\/div>\n<div class=\"material-section p-5 first:pt-5 pt-0 lg:ml-[268px] border-l \">\n<p><span>Pas \u00c7lirimit t\u00eb Bullgaris\u00eb n\u00eb vitin 1878, moda evropiane filloi t\u00eb p\u00ebrhapej gradualisht n\u00eb qytetet bullgare. N\u00eb fshatra, megjithat\u00eb, kostumi tradicional popullor vazhdoi t\u00eb ishte veshja kryesore edhe p\u00ebr disa dekada t\u00eb tjera.<\/span><\/p>\n<\/div>\n<div class=\"my-4 p-5\">\n<div class=\"bg-base-200\/40 rounded-2xl overflow-hidden relative shadow-sm\">\n<div class=\"w-full absolute top-0 left-0 bottom-0 right-0 blur-xl bg-cover bg-center opacity-60\">\n<p><img data-recalc-dims=\"1\" loading=\"lazy\" decoding=\"async\" data-attachment-id=\"105690\" data-permalink=\"https:\/\/www.shqiperia.com\/blog\/kostume-autentike-popullore-bullgare-do-te-prezantohen-ne-paris\/7c6ef340a11bb4327a8cc88eaeae87a6\/\" data-orig-file=\"https:\/\/i0.wp.com\/www.shqiperia.com\/blog\/wp-content\/uploads\/2026\/09\/7c6ef340a11bb4327a8cc88eaeae87a6.jpg?fit=736%2C701&amp;ssl=1\" data-orig-size=\"736,701\" data-comments-opened=\"1\" data-image-meta=\"{&quot;aperture&quot;:&quot;0&quot;,&quot;credit&quot;:&quot;&quot;,&quot;camera&quot;:&quot;Redmi 6&quot;,&quot;caption&quot;:&quot;&quot;,&quot;created_timestamp&quot;:&quot;0&quot;,&quot;copyright&quot;:&quot;&quot;,&quot;focal_length&quot;:&quot;0&quot;,&quot;iso&quot;:&quot;0&quot;,&quot;shutter_speed&quot;:&quot;0&quot;,&quot;title&quot;:&quot;&quot;,&quot;orientation&quot;:&quot;1&quot;}\" data-image-title=\"7c6ef340a11bb4327a8cc88eaeae87a6\" data-image-description=\"\" data-image-caption=\"\" data-medium-file=\"https:\/\/i0.wp.com\/www.shqiperia.com\/blog\/wp-content\/uploads\/2026\/09\/7c6ef340a11bb4327a8cc88eaeae87a6.jpg?fit=300%2C286&amp;ssl=1\" data-large-file=\"https:\/\/i0.wp.com\/www.shqiperia.com\/blog\/wp-content\/uploads\/2026\/09\/7c6ef340a11bb4327a8cc88eaeae87a6.jpg?fit=736%2C701&amp;ssl=1\" class=\"alignnone wp-image-105690\" alt=\"\" src=\"https:\/\/i0.wp.com\/www.shqiperia.com\/blog\/wp-content\/uploads\/2026\/09\/7c6ef340a11bb4327a8cc88eaeae87a6.jpg?resize=722%2C688&#038;ssl=1\" width=\"722\" height=\"688\" srcset=\"https:\/\/i0.wp.com\/www.shqiperia.com\/blog\/wp-content\/uploads\/2026\/09\/7c6ef340a11bb4327a8cc88eaeae87a6.jpg?resize=300%2C286&amp;ssl=1 300w, https:\/\/i0.wp.com\/www.shqiperia.com\/blog\/wp-content\/uploads\/2026\/09\/7c6ef340a11bb4327a8cc88eaeae87a6.jpg?resize=450%2C429&amp;ssl=1 450w, https:\/\/i0.wp.com\/www.shqiperia.com\/blog\/wp-content\/uploads\/2026\/09\/7c6ef340a11bb4327a8cc88eaeae87a6.jpg?resize=600%2C571&amp;ssl=1 600w, https:\/\/i0.wp.com\/www.shqiperia.com\/blog\/wp-content\/uploads\/2026\/09\/7c6ef340a11bb4327a8cc88eaeae87a6.jpg?resize=400%2C381&amp;ssl=1 400w, https:\/\/i0.wp.com\/www.shqiperia.com\/blog\/wp-content\/uploads\/2026\/09\/7c6ef340a11bb4327a8cc88eaeae87a6.jpg?w=736&amp;ssl=1 736w\" sizes=\"auto, (max-width: 722px) 100vw, 722px\" \/> <img data-recalc-dims=\"1\" loading=\"lazy\" decoding=\"async\" data-attachment-id=\"105691\" data-permalink=\"https:\/\/www.shqiperia.com\/blog\/kostume-autentike-popullore-bullgare-do-te-prezantohen-ne-paris\/3191bf033d177da127c70f759c444142\/\" data-orig-file=\"https:\/\/i0.wp.com\/www.shqiperia.com\/blog\/wp-content\/uploads\/2026\/09\/3191bf033d177da127c70f759c444142.jpg?fit=600%2C1000&amp;ssl=1\" data-orig-size=\"600,1000\" data-comments-opened=\"1\" data-image-meta=\"{&quot;aperture&quot;:&quot;0&quot;,&quot;credit&quot;:&quot;&quot;,&quot;camera&quot;:&quot;&quot;,&quot;caption&quot;:&quot;&quot;,&quot;created_timestamp&quot;:&quot;0&quot;,&quot;copyright&quot;:&quot;&quot;,&quot;focal_length&quot;:&quot;0&quot;,&quot;iso&quot;:&quot;0&quot;,&quot;shutter_speed&quot;:&quot;0&quot;,&quot;title&quot;:&quot;&quot;,&quot;orientation&quot;:&quot;0&quot;}\" data-image-title=\"3191bf033d177da127c70f759c444142\" data-image-description=\"\" data-image-caption=\"\" data-medium-file=\"https:\/\/i0.wp.com\/www.shqiperia.com\/blog\/wp-content\/uploads\/2026\/09\/3191bf033d177da127c70f759c444142.jpg?fit=180%2C300&amp;ssl=1\" data-large-file=\"https:\/\/i0.wp.com\/www.shqiperia.com\/blog\/wp-content\/uploads\/2026\/09\/3191bf033d177da127c70f759c444142.jpg?fit=600%2C1000&amp;ssl=1\" class=\"alignnone wp-image-105691\" alt=\"\" src=\"https:\/\/i0.wp.com\/www.shqiperia.com\/blog\/wp-content\/uploads\/2026\/09\/3191bf033d177da127c70f759c444142.jpg?resize=421%2C701&#038;ssl=1\" width=\"421\" height=\"701\" srcset=\"https:\/\/i0.wp.com\/www.shqiperia.com\/blog\/wp-content\/uploads\/2026\/09\/3191bf033d177da127c70f759c444142.jpg?resize=180%2C300&amp;ssl=1 180w, https:\/\/i0.wp.com\/www.shqiperia.com\/blog\/wp-content\/uploads\/2026\/09\/3191bf033d177da127c70f759c444142.jpg?resize=450%2C750&amp;ssl=1 450w, https:\/\/i0.wp.com\/www.shqiperia.com\/blog\/wp-content\/uploads\/2026\/09\/3191bf033d177da127c70f759c444142.jpg?resize=400%2C667&amp;ssl=1 400w, https:\/\/i0.wp.com\/www.shqiperia.com\/blog\/wp-content\/uploads\/2026\/09\/3191bf033d177da127c70f759c444142.jpg?w=600&amp;ssl=1 600w\" sizes=\"auto, (max-width: 421px) 100vw, 421px\" \/><\/p>\n<div id=\"attachment_105692\" style=\"width: 946px\" class=\"wp-caption alignnone\"><img data-recalc-dims=\"1\" loading=\"lazy\" decoding=\"async\" aria-describedby=\"caption-attachment-105692\" data-attachment-id=\"105692\" data-permalink=\"https:\/\/www.shqiperia.com\/blog\/kostume-autentike-popullore-bullgare-do-te-prezantohen-ne-paris\/istockphoto-1414450835-170667a\/\" data-orig-file=\"https:\/\/i0.wp.com\/www.shqiperia.com\/blog\/wp-content\/uploads\/2026\/09\/istockphoto-1414450835-170667a.jpg?fit=509%2C339&amp;ssl=1\" data-orig-size=\"509,339\" data-comments-opened=\"1\" data-image-meta=\"{&quot;aperture&quot;:&quot;0&quot;,&quot;credit&quot;:&quot;Getty Images&quot;,&quot;camera&quot;:&quot;&quot;,&quot;caption&quot;:&quot;Koprivshtica, Bulgaria - August 6, 2022: People in traditional folk costume of The National Folklore Fair in Koprivshtica. The National Folklore Fair in Koprivshtica is entered in the UNESCO Register of the human intangible cultural heritage&quot;,&quot;created_timestamp&quot;:&quot;0&quot;,&quot;copyright&quot;:&quot;&quot;,&quot;focal_length&quot;:&quot;0&quot;,&quot;iso&quot;:&quot;0&quot;,&quot;shutter_speed&quot;:&quot;0&quot;,&quot;title&quot;:&quot;&quot;,&quot;orientation&quot;:&quot;1&quot;}\" data-image-title=\"istockphoto-1414450835-170667a\" data-image-description=\"\" data-image-caption=\"&lt;p&gt;Koprivshtica, Bulgaria &#8211; August 6, 2022: People in traditional folk costume of The National Folklore Fair in Koprivshtica. The National Folklore Fair in Koprivshtica is entered in the UNESCO Register of the human intangible cultural heritage&lt;\/p&gt;\n\" data-medium-file=\"https:\/\/i0.wp.com\/www.shqiperia.com\/blog\/wp-content\/uploads\/2026\/09\/istockphoto-1414450835-170667a.jpg?fit=300%2C200&amp;ssl=1\" data-large-file=\"https:\/\/i0.wp.com\/www.shqiperia.com\/blog\/wp-content\/uploads\/2026\/09\/istockphoto-1414450835-170667a.jpg?fit=509%2C339&amp;ssl=1\" class=\" wp-image-105692\" alt=\"\" src=\"https:\/\/i0.wp.com\/www.shqiperia.com\/blog\/wp-content\/uploads\/2026\/09\/istockphoto-1414450835-170667a.jpg?resize=936%2C624&#038;ssl=1\" width=\"936\" height=\"624\" srcset=\"https:\/\/i0.wp.com\/www.shqiperia.com\/blog\/wp-content\/uploads\/2026\/09\/istockphoto-1414450835-170667a.jpg?resize=300%2C200&amp;ssl=1 300w, https:\/\/i0.wp.com\/www.shqiperia.com\/blog\/wp-content\/uploads\/2026\/09\/istockphoto-1414450835-170667a.jpg?resize=450%2C300&amp;ssl=1 450w, https:\/\/i0.wp.com\/www.shqiperia.com\/blog\/wp-content\/uploads\/2026\/09\/istockphoto-1414450835-170667a.jpg?resize=400%2C266&amp;ssl=1 400w, https:\/\/i0.wp.com\/www.shqiperia.com\/blog\/wp-content\/uploads\/2026\/09\/istockphoto-1414450835-170667a.jpg?w=509&amp;ssl=1 509w\" sizes=\"auto, (max-width: 936px) 100vw, 936px\" \/><p id=\"caption-attachment-105692\" class=\"wp-caption-text\">Koprivshtica, Bulgaria<\/p><\/div>\n<\/div>\n<\/div>\n<\/div>\n<div class=\"material-section p-5 first:pt-5 pt-0 lg:ml-[268px] border-l \">\n<p><span>Veshjet e paraqitura, t\u00eb krijuara n\u00eb fund t\u00eb shekullit t\u00eb XIX-t\u00eb dhe n\u00eb fillim t\u00eb shekullit t\u00eb XX-t\u00eb, jan\u00eb nd\u00ebr shembujt e fundit autentik\u00eb t\u00eb veshjeve tradicionale festive. Pak koh\u00eb m\u00eb von\u00eb, k\u00ebto veshje nis\u00ebn t\u2019ia linin vendin mod\u00ebs urbane.<\/span><\/p>\n<\/div>\n","protected":false},"excerpt":{"rendered":"<p>1 Shtator 2026 Ekspozita \u201cN\u00ebp\u00ebr gjurm\u00ebt e fijeve t\u00eb koh\u00ebs\u201d, e cila paraqet kostume autentike popullore bullgare t\u00eb shekujve XIX dhe XX, do t\u00eb hapet m\u00eb 11 shtator n\u00eb Paris. Lajmi b\u00ebhet i ditur p\u00ebrmes nj\u00eb publikimi n\u00eb Facebook nga Instituti Kulturor Bullgar n\u00eb kryeqytetin francez. Pas \u00c7lirimit t\u00eb Bullgaris\u00eb n\u00eb vitin 1878, moda evropiane [&hellip;]<\/p>\n","protected":false},"author":9,"featured_media":105687,"comment_status":"open","ping_status":"open","sticky":false,"template":"","format":"standard","meta":{"jetpack_post_was_ever_published":false,"_jetpack_newsletter_access":"","_jetpack_dont_email_post_to_subs":false,"_jetpack_newsletter_tier_id":0,"_jetpack_memberships_contains_paywalled_content":false,"_jetpack_memberships_contains_paid_content":false,"footnotes":"","jetpack_publicize_message":"","jetpack_publicize_feature_enabled":true,"jetpack_social_post_already_shared":true,"jetpack_social_options":{"image_generator_settings":{"template":"highway","default_image_id":0,"font":"","enabled":false},"version":2}},"categories":[27,10,1,35,86],"tags":[],"class_list":["post-105686","post","type-post","status-publish","format-standard","has-post-thumbnail","hentry","category-blogu-i-udhetarit","category-kultura","category-njoftime-shtypi","category-shoqerore","category-trashegimi-kulturore"],"jetpack_publicize_connections":[],"jetpack_featured_media_url":"https:\/\/i0.wp.com\/www.shqiperia.com\/blog\/wp-content\/uploads\/2026\/09\/bd23f6e5-e974-4b4a-b999-05c7c4d3bb71.jpg?fit=1152%2C648&ssl=1","jetpack_sharing_enabled":true,"jetpack_shortlink":"https:\/\/wp.me\/p5Z6wp-ruC","jetpack-related-posts":[{"id":100111,"url":"https:\/\/www.shqiperia.com\/blog\/e-shnderroi-shtepine-ne-berat-ne-muze-artizania-tefta-qose-500-kostume-popullore-puna-e-nje-jete\/","url_meta":{"origin":105686,"position":0},"title":"E shnd\u00ebrroi sht\u00ebpin\u00eb n\u00eb Berat n\u00eb muze, artizania Tefta Qose: &#8211; 500 kostume popullore, puna e nj\u00eb jete","author":"Kurt Farka","date":"May 11, 2026","format":false,"excerpt":"11 Mars 2026 N\u00eb nj\u00eb koh\u00eb kur shum\u00eb tradita rrezikojn\u00eb t\u00eb harrohen, Tefta Qose vazhdon t\u00eb mbaj\u00eb gjall\u00eb artin e krijimit t\u00eb veshjeve popullore. Prej disa vitesh, ajo e ka shnd\u00ebrruar sht\u00ebpin\u00eb e saj n\u00eb lagjen \u201cBarrikad\u00eb\u201d n\u00eb nj\u00eb muze t\u00eb ve\u00e7ant\u00eb, ku \u00e7do cep rr\u00ebfen histori, nd\u00ebrsa \u00e7do veshje\u2026","rel":"","context":"In &quot;Blogu i Udh\u00ebtarit&quot;","block_context":{"text":"Blogu i Udh\u00ebtarit","link":"https:\/\/www.shqiperia.com\/blog\/category\/blogu-i-udhetarit\/"},"img":{"alt_text":"","src":"https:\/\/i0.wp.com\/www.shqiperia.com\/blog\/wp-content\/uploads\/2026\/05\/Kostumet-e-Tefta-Qoses-1.jpg?fit=1200%2C798&ssl=1&resize=350%2C200","width":350,"height":200,"srcset":"https:\/\/i0.wp.com\/www.shqiperia.com\/blog\/wp-content\/uploads\/2026\/05\/Kostumet-e-Tefta-Qoses-1.jpg?fit=1200%2C798&ssl=1&resize=350%2C200 1x, https:\/\/i0.wp.com\/www.shqiperia.com\/blog\/wp-content\/uploads\/2026\/05\/Kostumet-e-Tefta-Qoses-1.jpg?fit=1200%2C798&ssl=1&resize=525%2C300 1.5x, https:\/\/i0.wp.com\/www.shqiperia.com\/blog\/wp-content\/uploads\/2026\/05\/Kostumet-e-Tefta-Qoses-1.jpg?fit=1200%2C798&ssl=1&resize=700%2C400 2x, https:\/\/i0.wp.com\/www.shqiperia.com\/blog\/wp-content\/uploads\/2026\/05\/Kostumet-e-Tefta-Qoses-1.jpg?fit=1200%2C798&ssl=1&resize=1050%2C600 3x"},"classes":[]},{"id":103210,"url":"https:\/\/www.shqiperia.com\/blog\/elbasani-ne-shekullin-xx-ne-ekspozite\/","url_meta":{"origin":105686,"position":1},"title":"\u201cElbasani n\u00eb shekullin XX\u201d n\u00eb ekspozit\u00eb","author":"Kurt Farka","date":"July 25, 2026","format":false,"excerpt":"25 Korrik 2026 N\u00eb nj\u00eb prej godinave m\u00eb p\u00ebrfaq\u00ebsuese t\u00eb trash\u00ebgimis\u00eb kulturore t\u00eb Elbasanit, oborrin e Muzeut Etnografik, \u00ebsht\u00eb hapur ekspozita \u201cElbasani n\u00eb Shekullin XX\u201d. P\u00ebrmes fotografive, veshjeve tradicionale dhe objekteve muzeale, ekspozita ofron nj\u00eb udh\u00ebtim n\u00eb historin\u00eb, traditat dhe jet\u00ebn e p\u00ebrditshme t\u00eb qytetit gjat\u00eb shekullit t\u00eb kaluar. Nj\u00eb\u2026","rel":"","context":"In &quot;Blogu i Udh\u00ebtarit&quot;","block_context":{"text":"Blogu i Udh\u00ebtarit","link":"https:\/\/www.shqiperia.com\/blog\/category\/blogu-i-udhetarit\/"},"img":{"alt_text":"","src":"https:\/\/i0.wp.com\/www.shqiperia.com\/blog\/wp-content\/uploads\/2026\/07\/elbasani-1024x509-1.webp?fit=1024%2C509&ssl=1&resize=350%2C200","width":350,"height":200,"srcset":"https:\/\/i0.wp.com\/www.shqiperia.com\/blog\/wp-content\/uploads\/2026\/07\/elbasani-1024x509-1.webp?fit=1024%2C509&ssl=1&resize=350%2C200 1x, https:\/\/i0.wp.com\/www.shqiperia.com\/blog\/wp-content\/uploads\/2026\/07\/elbasani-1024x509-1.webp?fit=1024%2C509&ssl=1&resize=525%2C300 1.5x, https:\/\/i0.wp.com\/www.shqiperia.com\/blog\/wp-content\/uploads\/2026\/07\/elbasani-1024x509-1.webp?fit=1024%2C509&ssl=1&resize=700%2C400 2x"},"classes":[]},{"id":100566,"url":"https:\/\/www.shqiperia.com\/blog\/bullgaria-merr-pjese-per-here-te-pare-ne-karnavalin-e-kulturave-ne-berlin\/","url_meta":{"origin":105686,"position":2},"title":"Bullgaria merr pjes\u00eb p\u00ebr her\u00eb t\u00eb par\u00eb n\u00eb Karnavalin e Kulturave n\u00eb Berlin","author":"Kurt Farka","date":"May 22, 2026","format":false,"excerpt":"22 Maji 2026 Karnavali i Kulturave n\u00eb Berlin edhe k\u00ebt\u00eb vit do t\u00eb mbledh\u00eb mij\u00ebra banor\u00eb dhe vizitor\u00eb t\u00eb qytetit p\u00ebr t\u2019u k\u00ebnaqur me programin e larmish\u00ebm \u2013 nj\u00eb pasqyrim i m\u00eb t\u00ebrheq\u00ebses nga skena kulturore e secilit shtet pjes\u00ebmarr\u00ebs. Edicioni i sivjetsh\u00ebm \u00ebsht\u00eb i ve\u00e7ant\u00eb \u2013 mbushen 30 vjet\u2026","rel":"","context":"In &quot;Arte&quot;","block_context":{"text":"Arte","link":"https:\/\/www.shqiperia.com\/blog\/category\/arte\/"},"img":{"alt_text":"","src":"https:\/\/i0.wp.com\/www.shqiperia.com\/blog\/wp-content\/uploads\/2026\/05\/5a2649df-7dc6-40ce-9f95-2ae17eeb664a.jpg?fit=1154%2C648&ssl=1&resize=350%2C200","width":350,"height":200,"srcset":"https:\/\/i0.wp.com\/www.shqiperia.com\/blog\/wp-content\/uploads\/2026\/05\/5a2649df-7dc6-40ce-9f95-2ae17eeb664a.jpg?fit=1154%2C648&ssl=1&resize=350%2C200 1x, https:\/\/i0.wp.com\/www.shqiperia.com\/blog\/wp-content\/uploads\/2026\/05\/5a2649df-7dc6-40ce-9f95-2ae17eeb664a.jpg?fit=1154%2C648&ssl=1&resize=525%2C300 1.5x, https:\/\/i0.wp.com\/www.shqiperia.com\/blog\/wp-content\/uploads\/2026\/05\/5a2649df-7dc6-40ce-9f95-2ae17eeb664a.jpg?fit=1154%2C648&ssl=1&resize=700%2C400 2x, https:\/\/i0.wp.com\/www.shqiperia.com\/blog\/wp-content\/uploads\/2026\/05\/5a2649df-7dc6-40ce-9f95-2ae17eeb664a.jpg?fit=1154%2C648&ssl=1&resize=1050%2C600 3x"},"classes":[]},{"id":104313,"url":"https:\/\/www.shqiperia.com\/blog\/muzeu-etnografik-i-elbasanit-ruan-deshmi-nga-jeta-dhe-krijimtaria-e-isuf-myzyrit\/","url_meta":{"origin":105686,"position":3},"title":"Muzeu Etnografik i Elbasanit ruan d\u00ebshmi nga jeta dhe krijimtaria e Isuf Myzyrit","author":"Kurt Farka","date":"August 13, 2026","format":false,"excerpt":"13 Gusht 2026 Figura e Isuf Myzyrit z\u00eb nj\u00eb vend t\u00eb r\u00ebnd\u00ebsish\u00ebm n\u00eb trash\u00ebgimin\u00eb muzikore shqiptare. N\u00eb Muzeun Etnografik t\u00eb Elbasanit, vizitor\u00ebt kan\u00eb mund\u00ebsin\u00eb t\u00eb njihen nga af\u00ebr me jet\u00ebn dhe krijimtarin\u00eb e mjeshtrit t\u00eb muzik\u00ebs qytetare. Si\u00e7 \u00ebsht\u00eb b\u00ebr\u00eb me dije nga institucioni, k\u00ebtu \u00ebsht\u00eb ekspozuar nj\u00eb k\u00ebnd i\u2026","rel":"","context":"In &quot;Arte&quot;","block_context":{"text":"Arte","link":"https:\/\/www.shqiperia.com\/blog\/category\/arte\/"},"img":{"alt_text":"","src":"https:\/\/i0.wp.com\/www.shqiperia.com\/blog\/wp-content\/uploads\/2026\/08\/R-1.jpg?fit=926%2C603&ssl=1&resize=350%2C200","width":350,"height":200,"srcset":"https:\/\/i0.wp.com\/www.shqiperia.com\/blog\/wp-content\/uploads\/2026\/08\/R-1.jpg?fit=926%2C603&ssl=1&resize=350%2C200 1x, https:\/\/i0.wp.com\/www.shqiperia.com\/blog\/wp-content\/uploads\/2026\/08\/R-1.jpg?fit=926%2C603&ssl=1&resize=525%2C300 1.5x, https:\/\/i0.wp.com\/www.shqiperia.com\/blog\/wp-content\/uploads\/2026\/08\/R-1.jpg?fit=926%2C603&ssl=1&resize=700%2C400 2x"},"classes":[]},{"id":96213,"url":"https:\/\/www.shqiperia.com\/blog\/ekspozite-kostumografike-ne-korce-na-ishte-dikur-sjell-veshjet-tradicionale-te-juglindjes\/","url_meta":{"origin":105686,"position":4},"title":"Ekspozit\u00eb kostumografike n\u00eb Kor\u00e7\u00eb, \u201cNa ishte dikur\u201d sjell veshjet tradicionale t\u00eb juglindjes","author":"Kurt Farka","date":"December 29, 2025","format":false,"excerpt":"29 Dhjetor 2025 N\u00eb qytetin e Kor\u00e7\u00ebs para disa ditesh \u00ebsht\u00eb \u00e7elur ekspozita kostumografike \u201cNa ishte dikur\u201d, nisma e dyt\u00eb artistike e Lirika Pojanit, realizuar n\u00eb bashk\u00ebpunim me Vasil Mihon. P\u00ebrmes butaforis\u00eb dhe pun\u00ebs s\u00eb kujdesshme artizanale, autor\u00ebt kan\u00eb sjell\u00eb n\u00eb jet\u00eb figurat historike t\u00eb Themistokli G\u00ebrmenjit dhe komandantit francez\u2026","rel":"","context":"In &quot;Histori&quot;","block_context":{"text":"Histori","link":"https:\/\/www.shqiperia.com\/blog\/category\/histori\/"},"img":{"alt_text":"","src":"https:\/\/i0.wp.com\/www.shqiperia.com\/blog\/wp-content\/uploads\/2025\/12\/Screenshot_27-720x400-1.jpg?fit=720%2C400&ssl=1&resize=350%2C200","width":350,"height":200,"srcset":"https:\/\/i0.wp.com\/www.shqiperia.com\/blog\/wp-content\/uploads\/2025\/12\/Screenshot_27-720x400-1.jpg?fit=720%2C400&ssl=1&resize=350%2C200 1x, https:\/\/i0.wp.com\/www.shqiperia.com\/blog\/wp-content\/uploads\/2025\/12\/Screenshot_27-720x400-1.jpg?fit=720%2C400&ssl=1&resize=525%2C300 1.5x, https:\/\/i0.wp.com\/www.shqiperia.com\/blog\/wp-content\/uploads\/2025\/12\/Screenshot_27-720x400-1.jpg?fit=720%2C400&ssl=1&resize=700%2C400 2x"},"classes":[]},{"id":105656,"url":"https:\/\/www.shqiperia.com\/blog\/mbi-45-ikona-nga-muzeu-kombetar-i-artit-mesjetar-te-korces-pjese-e-ekspozites-ne-chambery\/","url_meta":{"origin":105686,"position":5},"title":"Mbi 45 ikona nga Muzeu Komb\u00ebtar i Artit Mesjetar t\u00eb Kor\u00e7\u00ebs, pjes\u00eb e ekspozit\u00ebs n\u00eb Chamb\u00e9ry","author":"Kurt Farka","date":"September 1, 2026","format":false,"excerpt":"1 Shtator 2026 Mbi 45 ikona t\u00eb p\u00ebrzgjedhura nga Muzeu Komb\u00ebtar i Artit Mesjetar t\u00eb Kor\u00e7\u00ebs vijojn\u00eb t\u00eb prezantojn\u00eb n\u00eb Franc\u00eb vlerat e trash\u00ebgimis\u00eb dhe artit shqiptar. Ekspozita \u201cIkonat e Shqip\u00ebris\u00eb- Thesaret e Muzeut Komb\u00ebtar t\u00eb Artit Mesjetar t\u00eb Kor\u00e7\u00eb\u201d mbetet e hapur p\u00ebr publikun n\u00eb Chamb\u00e9ry, duke sjell\u00eb n\u00eb\u2026","rel":"","context":"In &quot;Arte&quot;","block_context":{"text":"Arte","link":"https:\/\/www.shqiperia.com\/blog\/category\/arte\/"},"img":{"alt_text":"","src":"https:\/\/i0.wp.com\/www.shqiperia.com\/blog\/wp-content\/uploads\/2026\/09\/800-0-ikonaaaa-faqe-18-2-6a96655973341.jpg?fit=800%2C458&ssl=1&resize=350%2C200","width":350,"height":200,"srcset":"https:\/\/i0.wp.com\/www.shqiperia.com\/blog\/wp-content\/uploads\/2026\/09\/800-0-ikonaaaa-faqe-18-2-6a96655973341.jpg?fit=800%2C458&ssl=1&resize=350%2C200 1x, https:\/\/i0.wp.com\/www.shqiperia.com\/blog\/wp-content\/uploads\/2026\/09\/800-0-ikonaaaa-faqe-18-2-6a96655973341.jpg?fit=800%2C458&ssl=1&resize=525%2C300 1.5x, https:\/\/i0.wp.com\/www.shqiperia.com\/blog\/wp-content\/uploads\/2026\/09\/800-0-ikonaaaa-faqe-18-2-6a96655973341.jpg?fit=800%2C458&ssl=1&resize=700%2C400 2x"},"classes":[]}],"_links":{"self":[{"href":"https:\/\/www.shqiperia.com\/blog\/wp-json\/wp\/v2\/posts\/105686","targetHints":{"allow":["GET"]}}],"collection":[{"href":"https:\/\/www.shqiperia.com\/blog\/wp-json\/wp\/v2\/posts"}],"about":[{"href":"https:\/\/www.shqiperia.com\/blog\/wp-json\/wp\/v2\/types\/post"}],"author":[{"embeddable":true,"href":"https:\/\/www.shqiperia.com\/blog\/wp-json\/wp\/v2\/users\/9"}],"replies":[{"embeddable":true,"href":"https:\/\/www.shqiperia.com\/blog\/wp-json\/wp\/v2\/comments?post=105686"}],"version-history":[{"count":4,"href":"https:\/\/www.shqiperia.com\/blog\/wp-json\/wp\/v2\/posts\/105686\/revisions"}],"predecessor-version":[{"id":105694,"href":"https:\/\/www.shqiperia.com\/blog\/wp-json\/wp\/v2\/posts\/105686\/revisions\/105694"}],"wp:featuredmedia":[{"embeddable":true,"href":"https:\/\/www.shqiperia.com\/blog\/wp-json\/wp\/v2\/media\/105687"}],"wp:attachment":[{"href":"https:\/\/www.shqiperia.com\/blog\/wp-json\/wp\/v2\/media?parent=105686"}],"wp:term":[{"taxonomy":"category","embeddable":true,"href":"https:\/\/www.shqiperia.com\/blog\/wp-json\/wp\/v2\/categories?post=105686"},{"taxonomy":"post_tag","embeddable":true,"href":"https:\/\/www.shqiperia.com\/blog\/wp-json\/wp\/v2\/tags?post=105686"}],"curies":[{"name":"wp","href":"https:\/\/api.w.org\/{rel}","templated":true}]}}