{"id":105679,"date":"2026-09-01T11:01:56","date_gmt":"2026-09-01T11:01:56","guid":{"rendered":"https:\/\/www.shqiperia.com\/blog\/?p=105679"},"modified":"2026-09-01T11:01:56","modified_gmt":"2026-09-01T11:01:56","slug":"brace-i-shpall-lufte-veliajt-probleme-ne-tirane-bashkia-nuk-po-e-ben-punen","status":"publish","type":"post","link":"https:\/\/www.shqiperia.com\/blog\/brace-i-shpall-lufte-veliajt-probleme-ne-tirane-bashkia-nuk-po-e-ben-punen\/","title":{"rendered":"Bra\u00e7e i shpall \u201cluft\u00eb\u201d Veliajt: &#8211; Probleme n\u00eb Tiran\u00eb, bashkia nuk po e b\u00ebn pun\u00ebn"},"content":{"rendered":"<p data-a11y-orig-inline=\"\" data-a11y-base-fs=\"18\"><img data-recalc-dims=\"1\" loading=\"lazy\" decoding=\"async\" data-attachment-id=\"105680\" data-permalink=\"https:\/\/www.shqiperia.com\/blog\/brace-i-shpall-lufte-veliajt-probleme-ne-tirane-bashkia-nuk-po-e-ben-punen\/640-0-5a8e10455481de39e7793bcf1963a0e4\/\" data-orig-file=\"https:\/\/i0.wp.com\/www.shqiperia.com\/blog\/wp-content\/uploads\/2026\/09\/640-0-5a8e10455481de39e7793bcf1963a0e4.jpg?fit=640%2C336&amp;ssl=1\" data-orig-size=\"640,336\" data-comments-opened=\"1\" data-image-meta=\"{&quot;aperture&quot;:&quot;0&quot;,&quot;credit&quot;:&quot;&quot;,&quot;camera&quot;:&quot;&quot;,&quot;caption&quot;:&quot;&quot;,&quot;created_timestamp&quot;:&quot;0&quot;,&quot;copyright&quot;:&quot;&quot;,&quot;focal_length&quot;:&quot;0&quot;,&quot;iso&quot;:&quot;0&quot;,&quot;shutter_speed&quot;:&quot;0&quot;,&quot;title&quot;:&quot;&quot;,&quot;orientation&quot;:&quot;0&quot;}\" data-image-title=\"-640-0-5a8e10455481de39e7793bcf1963a0e4\" data-image-description=\"\" data-image-caption=\"\" data-medium-file=\"https:\/\/i0.wp.com\/www.shqiperia.com\/blog\/wp-content\/uploads\/2026\/09\/640-0-5a8e10455481de39e7793bcf1963a0e4.jpg?fit=300%2C158&amp;ssl=1\" data-large-file=\"https:\/\/i0.wp.com\/www.shqiperia.com\/blog\/wp-content\/uploads\/2026\/09\/640-0-5a8e10455481de39e7793bcf1963a0e4.jpg?fit=640%2C336&amp;ssl=1\" class=\"alignnone  wp-image-105680\" alt=\"\" src=\"https:\/\/i0.wp.com\/www.shqiperia.com\/blog\/wp-content\/uploads\/2026\/09\/640-0-5a8e10455481de39e7793bcf1963a0e4.jpg?resize=661%2C348&#038;ssl=1\" width=\"661\" height=\"348\" srcset=\"https:\/\/i0.wp.com\/www.shqiperia.com\/blog\/wp-content\/uploads\/2026\/09\/640-0-5a8e10455481de39e7793bcf1963a0e4.jpg?resize=300%2C158&amp;ssl=1 300w, https:\/\/i0.wp.com\/www.shqiperia.com\/blog\/wp-content\/uploads\/2026\/09\/640-0-5a8e10455481de39e7793bcf1963a0e4.jpg?resize=450%2C236&amp;ssl=1 450w, https:\/\/i0.wp.com\/www.shqiperia.com\/blog\/wp-content\/uploads\/2026\/09\/640-0-5a8e10455481de39e7793bcf1963a0e4.jpg?resize=600%2C315&amp;ssl=1 600w, https:\/\/i0.wp.com\/www.shqiperia.com\/blog\/wp-content\/uploads\/2026\/09\/640-0-5a8e10455481de39e7793bcf1963a0e4.jpg?resize=400%2C210&amp;ssl=1 400w, https:\/\/i0.wp.com\/www.shqiperia.com\/blog\/wp-content\/uploads\/2026\/09\/640-0-5a8e10455481de39e7793bcf1963a0e4.jpg?w=640&amp;ssl=1 640w\" sizes=\"auto, (max-width: 661px) 100vw, 661px\" \/><\/p>\n<p data-a11y-orig-inline=\"\" data-a11y-base-fs=\"18\">1 Shtator 2026<\/p>\n<p data-a11y-orig-inline=\"\" data-a11y-base-fs=\"18\">Deputeti socialist, Erion Bra\u00e7e, ka shprehur jo n\u00eb pak raste ambicien p\u00ebr t\u00eb garuar p\u00ebr drejtimin e Bashkis\u00eb s\u00eb Tiran\u00ebs.<\/p>\n<p data-a11y-orig-inline=\"\" data-a11y-base-fs=\"18\">P\u00ebrmes disa postimeve n\u00eb rrjetet e tij sociale, m\u00eb e fundit e publikuar k\u00ebt\u00eb t\u00eb mart\u00eb, Bra\u00e7e duket se ka nisur nj\u00eb dalje n\u00eb terren, p\u00ebrmes s\u00eb cilave ka evidentuar disa problematika q\u00eb ekzistojn\u00eb n\u00eb kryeqytet.<\/p>\n<p data-a11y-orig-inline=\"\" data-a11y-base-fs=\"18\">Nga mbetjet interte n\u00eb rrug\u00eb, takimet me kryetar\u00ebt e nj\u00ebsive administrative t\u00eb zonave, te koshat e plehrave, Bra\u00e7e l\u00eb t\u00eb kuptosh se ka nisur \u201cfushat\u00ebn\u201d.<\/p>\n<p data-a11y-orig-inline=\"\" data-a11y-base-fs=\"18\"><img data-recalc-dims=\"1\" loading=\"lazy\" decoding=\"async\" class=\"\" alt=\"Bra\u00e7e i shpall \u201cluft\u00eb\u201d Veliajt: Probleme n\u00eb\" src=\"https:\/\/i0.wp.com\/media.oranews.tv\/oranews.tv\/media3\/-640-0-640-0-1788256335xbrace-tr-719-1788259057.png?resize=781%2C1322&#038;ssl=1\" width=\"781\" height=\"1322\" data-size=\"x\" data-id=\"868085\" data-a11y-orig-inline=\"\" data-a11y-base-fs=\"18\" \/><\/p>\n<p data-a11y-orig-inline=\"\" data-a11y-base-fs=\"18\"><img data-recalc-dims=\"1\" loading=\"lazy\" decoding=\"async\" class=\"\" alt=\"Bra\u00e7e i shpall \u201cluft\u00eb\u201d Veliajt: Probleme n\u00eb\" src=\"https:\/\/i0.wp.com\/media.oranews.tv\/oranews.tv\/media3\/-640-0-640-0-1788256334xscreenshot-2026-09-01t110515551-197-1788259075.png?resize=783%2C1300&#038;ssl=1\" width=\"783\" height=\"1300\" data-size=\"x\" data-id=\"868086\" data-a11y-orig-inline=\"\" data-a11y-base-fs=\"18\" \/><\/p>\n<p data-a11y-orig-inline=\"\" data-a11y-base-fs=\"18\">Nd\u00ebr rreshta, socialisti shprehet se video-postimet e tij vijn\u00eb si pjes\u00eb e pun\u00ebs q\u00eb ai b\u00ebn nd\u00ebrsa ushtron detyr\u00ebn e deputetit t\u00eb Qarkut Tiran\u00eb, por edhe angazhimin e tij me Nj\u00ebsin\u00eb Nr.5, teksa nuk ka munguar edhe &#8220;sh\u00ebnjestra&#8221; ndaj bashkis\u00eb.&#8221;Nd\u00ebrkoh\u00eb Bashkia, IMT, Policia, nuk e kan\u00eb b\u00ebr\u00eb pun\u00ebn e tyre ende&#8221;,-shkruan Bra\u00e7e.<\/p>\n<p data-a11y-orig-inline=\"\" data-a11y-base-fs=\"18\">K\u00ebshtu, Bra\u00e7e i shpall luft\u00eb t\u00eb hapur kryebashkiakut t\u00eb arrestuar Erion Veliaj, i cili prej m\u00eb shum\u00eb se 18 muajsh ndodhet n\u00eb qelit\u00eb e burgut t\u00eb Durr\u00ebsit dhe nuk u sh\u00ebrben qytetar\u00ebve t\u00eb Tiran\u00ebs, (ndoshta) ve\u00e7se formalisht.<a href=\"https:\/\/www.cna.al\/politike\/brace-i-hap-lufte-veliajt-probleme-ne-tirane-bashkia-nuk-po-e-ben-punen-i472858\" data-a11y-orig-inline=\"\" data-a11y-base-fs=\"18\"><strong data-a11y-orig-inline=\"\" data-a11y-base-fs=\"18\">\/CNA<\/strong><\/a><\/p>\n","protected":false},"excerpt":{"rendered":"<p>1 Shtator 2026 Deputeti socialist, Erion Bra\u00e7e, ka shprehur jo n\u00eb pak raste ambicien p\u00ebr t\u00eb garuar p\u00ebr drejtimin e Bashkis\u00eb s\u00eb Tiran\u00ebs. P\u00ebrmes disa postimeve n\u00eb rrjetet e tij sociale, m\u00eb e fundit e publikuar k\u00ebt\u00eb t\u00eb mart\u00eb, Bra\u00e7e duket se ka nisur nj\u00eb dalje n\u00eb terren, p\u00ebrmes s\u00eb cilave ka evidentuar disa problematika [&hellip;]<\/p>\n","protected":false},"author":9,"featured_media":105680,"comment_status":"open","ping_status":"open","sticky":false,"template":"","format":"standard","meta":{"jetpack_post_was_ever_published":false,"_jetpack_newsletter_access":"","_jetpack_dont_email_post_to_subs":false,"_jetpack_newsletter_tier_id":0,"_jetpack_memberships_contains_paywalled_content":false,"_jetpack_memberships_contains_paid_content":false,"footnotes":"","jetpack_publicize_message":"","jetpack_publicize_feature_enabled":true,"jetpack_social_post_already_shared":true,"jetpack_social_options":{"image_generator_settings":{"template":"highway","default_image_id":0,"font":"","enabled":false},"version":2}},"categories":[27,2,35],"tags":[],"class_list":["post-105679","post","type-post","status-publish","format-standard","has-post-thumbnail","hentry","category-blogu-i-udhetarit","category-politika","category-shoqerore"],"jetpack_publicize_connections":[],"jetpack_featured_media_url":"https:\/\/i0.wp.com\/www.shqiperia.com\/blog\/wp-content\/uploads\/2026\/09\/640-0-5a8e10455481de39e7793bcf1963a0e4.jpg?fit=640%2C336&ssl=1","jetpack_sharing_enabled":true,"jetpack_shortlink":"https:\/\/wp.me\/p5Z6wp-ruv","jetpack-related-posts":[{"id":105161,"url":"https:\/\/www.shqiperia.com\/blog\/kriza-qe-po-jetojme-ka-ne-thelb-menyren-se-si-vendosim-brace-po-pres-garen-per-kryetar-bashkie-te-tiranes\/","url_meta":{"origin":105679,"position":0},"title":"Kriza q\u00eb po jetojm\u00eb ka n\u00eb thelb m\u00ebnyr\u00ebn se si vendosim.  Bra\u00e7e: &#8211; Po pres gar\u00ebn p\u00ebr kryetar bashkie t\u00eb Tiran\u00ebs.","author":"Kurt Farka","date":"August 25, 2026","format":false,"excerpt":"25 Gusht 2026 Deputeti socialist Erion Bra\u00e7e ka rikujtuar s\u00ebrish p\u00ebr publikun dhe mb\u00ebshtet\u00ebsit e tij ambicien p\u00ebr t\u2019u zgjedhur kryetar i Bashkis\u00eb Tiran\u00eb n\u00eb zgjedhjet vendore q\u00eb pritet t\u00eb mbahen n\u00eb vitin 2027. P\u00ebrmes nj\u00eb postimi n\u00eb rrjetet sociale, Bra\u00e7e thekson se do t\u2019i sh\u00ebrbej\u00eb Tiran\u00ebs n\u00ebse zgjidhet kryebashkiak\u2026","rel":"","context":"In &quot;Blogu i Udh\u00ebtarit&quot;","block_context":{"text":"Blogu i Udh\u00ebtarit","link":"https:\/\/www.shqiperia.com\/blog\/category\/blogu-i-udhetarit\/"},"img":{"alt_text":"","src":"https:\/\/i0.wp.com\/www.shqiperia.com\/blog\/wp-content\/uploads\/2026\/08\/Erion-Brace.png?fit=800%2C450&ssl=1&resize=350%2C200","width":350,"height":200,"srcset":"https:\/\/i0.wp.com\/www.shqiperia.com\/blog\/wp-content\/uploads\/2026\/08\/Erion-Brace.png?fit=800%2C450&ssl=1&resize=350%2C200 1x, https:\/\/i0.wp.com\/www.shqiperia.com\/blog\/wp-content\/uploads\/2026\/08\/Erion-Brace.png?fit=800%2C450&ssl=1&resize=525%2C300 1.5x, https:\/\/i0.wp.com\/www.shqiperia.com\/blog\/wp-content\/uploads\/2026\/08\/Erion-Brace.png?fit=800%2C450&ssl=1&resize=700%2C400 2x"},"classes":[]},{"id":100329,"url":"https:\/\/www.shqiperia.com\/blog\/erion-brace-ps-eshte-kthyer-ne-mur-ku-vendosen-njoftime\/","url_meta":{"origin":105679,"position":1},"title":"Erion Bra\u00e7e: &#8211; PS \u00ebsht\u00eb kthyer n\u00eb mur ku vendosen njoftime","author":"Kurt Farka","date":"May 15, 2026","format":false,"excerpt":"15 Maji 2026 Deputeti socialist Erion Bra\u00e7e foli n\u00eb Kjo Jav\u00eb mbr\u00ebmjen e sotme p\u00ebr situat\u00ebn e brendshme n\u00eb Partin\u00eb Socialiste. Bra\u00e7e u ndal n\u00eb kritik\u00ebn e tij tek momenti i p\u00ebrzgjedhjes s\u00eb kandidat\u00ebve p\u00ebr zgjedhjet e pjesshme n\u00eb bashkin\u00eb Tiran\u00eb dhe bashkit\u00eb e tjera, duke n\u00ebvizuar se nuk u\u2026","rel":"","context":"In &quot;Blogu i Udh\u00ebtarit&quot;","block_context":{"text":"Blogu i Udh\u00ebtarit","link":"https:\/\/www.shqiperia.com\/blog\/category\/blogu-i-udhetarit\/"},"img":{"alt_text":"","src":"https:\/\/i0.wp.com\/www.shqiperia.com\/blog\/wp-content\/uploads\/2026\/05\/erion-brace.jpg?fit=1098%2C782&ssl=1&resize=350%2C200","width":350,"height":200,"srcset":"https:\/\/i0.wp.com\/www.shqiperia.com\/blog\/wp-content\/uploads\/2026\/05\/erion-brace.jpg?fit=1098%2C782&ssl=1&resize=350%2C200 1x, https:\/\/i0.wp.com\/www.shqiperia.com\/blog\/wp-content\/uploads\/2026\/05\/erion-brace.jpg?fit=1098%2C782&ssl=1&resize=525%2C300 1.5x, https:\/\/i0.wp.com\/www.shqiperia.com\/blog\/wp-content\/uploads\/2026\/05\/erion-brace.jpg?fit=1098%2C782&ssl=1&resize=700%2C400 2x, https:\/\/i0.wp.com\/www.shqiperia.com\/blog\/wp-content\/uploads\/2026\/05\/erion-brace.jpg?fit=1098%2C782&ssl=1&resize=1050%2C600 3x"},"classes":[]},{"id":100239,"url":"https:\/\/www.shqiperia.com\/blog\/edi-rama-gjen-kazan-dhe-tengjere-tek-partia-e-vet-spropali-brace-dhe-ogerta\/","url_meta":{"origin":105679,"position":2},"title":"Edi Rama gjen &#8220;kazan dhe tengjere&#8221; tek Partia e vet: Spropali, Brace dhe Ogerta &#8230;","author":"Kurt Farka","date":"May 13, 2026","format":false,"excerpt":"13 Maji 2026 P\u00ebrplasjet me Spiropalin\/ Rama: Dy her\u00eb e fala, t\u00eb tret\u00ebn jo m\u00eb .. Edi Rama ka komentuar p\u00ebr her\u00eb t\u00eb par\u00eb debatet e fundit t\u00eb brendshme n\u00eb Partin\u00eb Socialiste, duke u ndalur edhe te komentet dhe q\u00ebndrimet e Elisa Spiropalit, p\u00ebr t\u00eb cil\u00ebn u pyet drejtp\u00ebrdrejt gjat\u00eb\u2026","rel":"","context":"In &quot;Blogu i Udh\u00ebtarit&quot;","block_context":{"text":"Blogu i Udh\u00ebtarit","link":"https:\/\/www.shqiperia.com\/blog\/category\/blogu-i-udhetarit\/"},"img":{"alt_text":"","src":"https:\/\/i0.wp.com\/www.shqiperia.com\/blog\/wp-content\/uploads\/2026\/05\/640-0-1709129359xedi-rama-625-2.jpg?fit=640%2C486&ssl=1&resize=350%2C200","width":350,"height":200,"srcset":"https:\/\/i0.wp.com\/www.shqiperia.com\/blog\/wp-content\/uploads\/2026\/05\/640-0-1709129359xedi-rama-625-2.jpg?fit=640%2C486&ssl=1&resize=350%2C200 1x, https:\/\/i0.wp.com\/www.shqiperia.com\/blog\/wp-content\/uploads\/2026\/05\/640-0-1709129359xedi-rama-625-2.jpg?fit=640%2C486&ssl=1&resize=525%2C300 1.5x"},"classes":[]},{"id":105459,"url":"https:\/\/www.shqiperia.com\/blog\/belinda-ballukun-mbledh-sot-12-deputete-te-ps-ne-hekal-te-mallakastres-dhe-i-dergon-mesazhin-e-forte-rames\/","url_meta":{"origin":105679,"position":3},"title":"Belinda Ballukun mbledh sot 12 deputet\u00eb t\u00eb PS n\u00eb Hekal t\u00eb Mallakastr\u00ebs dhe i d\u00ebrgon mesazhin e fort\u00eb Ram\u00ebs","author":"Kurt Farka","date":"August 29, 2026","format":false,"excerpt":"29 Gusht 2026 Ngushtimi i lakut hetimor nga Prokuroria e Posa\u00e7me (SPAK) ndaj ish-z\u00ebvend\u00ebskryeministres Belinda Balluku ka ndezur alarmin e kuq brenda mazhoranc\u00ebs socialiste, duke krijuar nj\u00eb trazir\u00eb t\u00eb madhe politike. Teksa disa dit\u00eb m\u00eb par\u00eb drejtuesi i Prokuroris\u00eb s\u00eb Posa\u00e7me, Klodjan Braho, la t\u00eb hapur mund\u00ebsin\u00eb e nj\u00eb k\u00ebrkese\u2026","rel":"","context":"In &quot;Blogu i Udh\u00ebtarit&quot;","block_context":{"text":"Blogu i Udh\u00ebtarit","link":"https:\/\/www.shqiperia.com\/blog\/category\/blogu-i-udhetarit\/"},"img":{"alt_text":"","src":"https:\/\/i0.wp.com\/www.shqiperia.com\/blog\/wp-content\/uploads\/2026\/08\/800-0-capture-6a9296a44aef9.png?fit=800%2C363&ssl=1&resize=350%2C200","width":350,"height":200,"srcset":"https:\/\/i0.wp.com\/www.shqiperia.com\/blog\/wp-content\/uploads\/2026\/08\/800-0-capture-6a9296a44aef9.png?fit=800%2C363&ssl=1&resize=350%2C200 1x, https:\/\/i0.wp.com\/www.shqiperia.com\/blog\/wp-content\/uploads\/2026\/08\/800-0-capture-6a9296a44aef9.png?fit=800%2C363&ssl=1&resize=525%2C300 1.5x, https:\/\/i0.wp.com\/www.shqiperia.com\/blog\/wp-content\/uploads\/2026\/08\/800-0-capture-6a9296a44aef9.png?fit=800%2C363&ssl=1&resize=700%2C400 2x"},"classes":[]},{"id":103400,"url":"https:\/\/www.shqiperia.com\/blog\/ps-ka-lufte-te-brendshme-brace-ben-deklaraten-e-forte-duan-te-me-eliminojne-politikisht\/","url_meta":{"origin":105679,"position":4},"title":"\u2018PS ka luft\u00eb t\u00eb brendshme\u2019, Bra\u00e7e b\u00ebn deklarat\u00ebn e fort\u00eb: &#8211; Duan t\u00eb m\u00eb eliminojn\u00eb politikisht","author":"Kurt Farka","date":"July 29, 2026","format":false,"excerpt":"29 Korrik 2026 Erion Bra\u00e7e ka folur k\u00ebt\u00eb t\u00eb m\u00ebrkur\u00eb n\u00eb nj\u00eb emision televiziv, lidhur me debatet e brendshme n\u00eb Partin\u00eb Socialiste. Bra\u00e7e ka pranuar se n\u00eb PS ka nj\u00eb luft\u00eb t\u00eb brendshme, duke th\u00ebn\u00eb se ka persona q\u00eb duan ta eliminojn\u00eb politikisht. Bra\u00e7e: I nxjerrin mesazhet sepse kan\u00eb q\u00ebllim\u2026","rel":"","context":"In &quot;Blogu i Udh\u00ebtarit&quot;","block_context":{"text":"Blogu i Udh\u00ebtarit","link":"https:\/\/www.shqiperia.com\/blog\/category\/blogu-i-udhetarit\/"},"img":{"alt_text":"","src":"https:\/\/i0.wp.com\/www.shqiperia.com\/blog\/wp-content\/uploads\/2026\/07\/640-0-640-0-erion-brace-792-1742042302.jpg?fit=640%2C494&ssl=1&resize=350%2C200","width":350,"height":200,"srcset":"https:\/\/i0.wp.com\/www.shqiperia.com\/blog\/wp-content\/uploads\/2026\/07\/640-0-640-0-erion-brace-792-1742042302.jpg?fit=640%2C494&ssl=1&resize=350%2C200 1x, https:\/\/i0.wp.com\/www.shqiperia.com\/blog\/wp-content\/uploads\/2026\/07\/640-0-640-0-erion-brace-792-1742042302.jpg?fit=640%2C494&ssl=1&resize=525%2C300 1.5x"},"classes":[]},{"id":105662,"url":"https:\/\/www.shqiperia.com\/blog\/transporti-publik-20-30-me-pak-urbane-ne-tirane\/","url_meta":{"origin":105679,"position":5},"title":"Transporti publik, 20-30% m\u00eb pak urban\u00eb n\u00eb Tiran\u00eb","author":"Kurt Farka","date":"September 1, 2026","format":false,"excerpt":"1 Shtator 2026 Transporti publik n\u00eb Tiran\u00eb ka nisur nga sot funksionimin me nj\u00eb num\u00ebr m\u00eb t\u00eb reduktuar mjetesh. Operator\u00ebt urban\u00eb kan\u00eb nxjerr\u00eb n\u00eb qarkullim rreth 20\u201330% m\u00eb pak autobus\u00eb, nj\u00eb mas\u00eb q\u00eb pritet t\u00eb ndikoj\u00eb drejtp\u00ebrdrejt te koha e pritjes s\u00eb qytetar\u00ebve dhe frekuenca e linjave. Vendimi hyn n\u00eb\u2026","rel":"","context":"In &quot;Blogu i Udh\u00ebtarit&quot;","block_context":{"text":"Blogu i Udh\u00ebtarit","link":"https:\/\/www.shqiperia.com\/blog\/category\/blogu-i-udhetarit\/"},"img":{"alt_text":"","src":"https:\/\/i0.wp.com\/www.shqiperia.com\/blog\/wp-content\/uploads\/2026\/09\/autobus.jpg?fit=900%2C505&ssl=1&resize=350%2C200","width":350,"height":200,"srcset":"https:\/\/i0.wp.com\/www.shqiperia.com\/blog\/wp-content\/uploads\/2026\/09\/autobus.jpg?fit=900%2C505&ssl=1&resize=350%2C200 1x, https:\/\/i0.wp.com\/www.shqiperia.com\/blog\/wp-content\/uploads\/2026\/09\/autobus.jpg?fit=900%2C505&ssl=1&resize=525%2C300 1.5x, https:\/\/i0.wp.com\/www.shqiperia.com\/blog\/wp-content\/uploads\/2026\/09\/autobus.jpg?fit=900%2C505&ssl=1&resize=700%2C400 2x"},"classes":[]}],"_links":{"self":[{"href":"https:\/\/www.shqiperia.com\/blog\/wp-json\/wp\/v2\/posts\/105679","targetHints":{"allow":["GET"]}}],"collection":[{"href":"https:\/\/www.shqiperia.com\/blog\/wp-json\/wp\/v2\/posts"}],"about":[{"href":"https:\/\/www.shqiperia.com\/blog\/wp-json\/wp\/v2\/types\/post"}],"author":[{"embeddable":true,"href":"https:\/\/www.shqiperia.com\/blog\/wp-json\/wp\/v2\/users\/9"}],"replies":[{"embeddable":true,"href":"https:\/\/www.shqiperia.com\/blog\/wp-json\/wp\/v2\/comments?post=105679"}],"version-history":[{"count":1,"href":"https:\/\/www.shqiperia.com\/blog\/wp-json\/wp\/v2\/posts\/105679\/revisions"}],"predecessor-version":[{"id":105681,"href":"https:\/\/www.shqiperia.com\/blog\/wp-json\/wp\/v2\/posts\/105679\/revisions\/105681"}],"wp:featuredmedia":[{"embeddable":true,"href":"https:\/\/www.shqiperia.com\/blog\/wp-json\/wp\/v2\/media\/105680"}],"wp:attachment":[{"href":"https:\/\/www.shqiperia.com\/blog\/wp-json\/wp\/v2\/media?parent=105679"}],"wp:term":[{"taxonomy":"category","embeddable":true,"href":"https:\/\/www.shqiperia.com\/blog\/wp-json\/wp\/v2\/categories?post=105679"},{"taxonomy":"post_tag","embeddable":true,"href":"https:\/\/www.shqiperia.com\/blog\/wp-json\/wp\/v2\/tags?post=105679"}],"curies":[{"name":"wp","href":"https:\/\/api.w.org\/{rel}","templated":true}]}}