{"id":105676,"date":"2026-09-01T10:57:38","date_gmt":"2026-09-01T10:57:38","guid":{"rendered":"https:\/\/www.shqiperia.com\/blog\/?p=105676"},"modified":"2026-09-01T10:57:38","modified_gmt":"2026-09-01T10:57:38","slug":"vdekja-misterioze-e-ish-te-dashures-se-charles-mcgonigal-mesazhet-qe-allison-guerriero-publikoi-pak-para-se-te-nderronte-jete","status":"publish","type":"post","link":"https:\/\/www.shqiperia.com\/blog\/vdekja-misterioze-e-ish-te-dashures-se-charles-mcgonigal-mesazhet-qe-allison-guerriero-publikoi-pak-para-se-te-nderronte-jete\/","title":{"rendered":"Vdekja misterioze e ish-t\u00eb dashur\u00ebs s\u00eb Charles McGonigal, mesazhet q\u00eb Allison Guerriero publikoi pak para se t\u00eb nd\u00ebrronte jet\u00eb"},"content":{"rendered":"<p><img data-recalc-dims=\"1\" loading=\"lazy\" decoding=\"async\" data-attachment-id=\"105677\" data-permalink=\"https:\/\/www.shqiperia.com\/blog\/vdekja-misterioze-e-ish-te-dashures-se-charles-mcgonigal-mesazhet-qe-allison-guerriero-publikoi-pak-para-se-te-nderronte-jete\/guerriero-mcgonigal\/\" data-orig-file=\"https:\/\/i0.wp.com\/www.shqiperia.com\/blog\/wp-content\/uploads\/2026\/09\/Guerriero-mcgonigal.jpg?fit=987%2C668&amp;ssl=1\" data-orig-size=\"987,668\" data-comments-opened=\"1\" data-image-meta=\"{&quot;aperture&quot;:&quot;0&quot;,&quot;credit&quot;:&quot;Panorama Live&quot;,&quot;camera&quot;:&quot;&quot;,&quot;caption&quot;:&quot;&quot;,&quot;created_timestamp&quot;:&quot;1788256241&quot;,&quot;copyright&quot;:&quot;&quot;,&quot;focal_length&quot;:&quot;0&quot;,&quot;iso&quot;:&quot;0&quot;,&quot;shutter_speed&quot;:&quot;0&quot;,&quot;title&quot;:&quot;&quot;,&quot;orientation&quot;:&quot;0&quot;}\" data-image-title=\"Guerriero-mcgonigal\" data-image-description=\"\" data-image-caption=\"\" data-medium-file=\"https:\/\/i0.wp.com\/www.shqiperia.com\/blog\/wp-content\/uploads\/2026\/09\/Guerriero-mcgonigal.jpg?fit=300%2C203&amp;ssl=1\" data-large-file=\"https:\/\/i0.wp.com\/www.shqiperia.com\/blog\/wp-content\/uploads\/2026\/09\/Guerriero-mcgonigal.jpg?fit=987%2C668&amp;ssl=1\" class=\"alignnone  wp-image-105677\" alt=\"\" src=\"https:\/\/i0.wp.com\/www.shqiperia.com\/blog\/wp-content\/uploads\/2026\/09\/Guerriero-mcgonigal.jpg?resize=591%2C400&#038;ssl=1\" width=\"591\" height=\"400\" srcset=\"https:\/\/i0.wp.com\/www.shqiperia.com\/blog\/wp-content\/uploads\/2026\/09\/Guerriero-mcgonigal.jpg?resize=300%2C203&amp;ssl=1 300w, https:\/\/i0.wp.com\/www.shqiperia.com\/blog\/wp-content\/uploads\/2026\/09\/Guerriero-mcgonigal.jpg?resize=768%2C520&amp;ssl=1 768w, https:\/\/i0.wp.com\/www.shqiperia.com\/blog\/wp-content\/uploads\/2026\/09\/Guerriero-mcgonigal.jpg?resize=450%2C305&amp;ssl=1 450w, https:\/\/i0.wp.com\/www.shqiperia.com\/blog\/wp-content\/uploads\/2026\/09\/Guerriero-mcgonigal.jpg?resize=600%2C406&amp;ssl=1 600w, https:\/\/i0.wp.com\/www.shqiperia.com\/blog\/wp-content\/uploads\/2026\/09\/Guerriero-mcgonigal.jpg?resize=235%2C160&amp;ssl=1 235w, https:\/\/i0.wp.com\/www.shqiperia.com\/blog\/wp-content\/uploads\/2026\/09\/Guerriero-mcgonigal.jpg?resize=400%2C271&amp;ssl=1 400w, https:\/\/i0.wp.com\/www.shqiperia.com\/blog\/wp-content\/uploads\/2026\/09\/Guerriero-mcgonigal.jpg?w=987&amp;ssl=1 987w\" sizes=\"auto, (max-width: 591px) 100vw, 591px\" \/><\/p>\n<p><strong>1 Shtator 2026<\/strong><\/p>\n<p><strong>Vdekja e ish partneres s\u00eb Charles McGonigal,<span>\u00a0<\/span><a href=\"https:\/\/www.panorama.com.al\/denoncoi-lidhet-e-ish-zyrtarit-te-fbi-me-edi-ramen-gjendet-e-vdekur-ish-e-dashura-qe-fundosi-charles-mcgonigalin-misteri-mbi-shkaqet\/\">Allison Guerriero<\/a><span>\u00a0<\/span>\u00ebsht\u00eb e mbushur me mister, nd\u00ebrsa babai i saj thot\u00eb se \u201cajo kurr\u00eb nuk mund t\u00eb kryente nj\u00eb akt vet\u00ebflijimi\u201d.<\/strong><\/p>\n<p>Pak para se ajo t\u00eb nd\u00ebrronte jet\u00eb, ajo ka qen\u00eb tep\u00ebr aktive n\u00eb rrjetet sociale, nd\u00ebrsa sipas mediave amerikane ajo kishte rreth 75 postime, p\u00ebrmes t\u00eb cilave kishte komentuar \u00e7\u00ebshtjen McGonigal dhe kishte ngritur pretendime edhe p\u00ebr zyrtar\u00eb t\u00eb tjer\u00eb federal\u00eb.<\/p>\n<p>N\u00eb nj\u00eb prej postimeve, ajo shkruante shkurt: \u201cFBI-ja \u00ebsht\u00eb e keqe\u201d.<\/p>\n<p>Guerriero shprehte hapur pak\u00ebnaq\u00ebsin\u00eb e saj ndaj FBI-s\u00eb, nd\u00ebrsa n\u00eb nj\u00eb video t\u00eb publikuar n\u00eb rrjetet sociale shfaqej duke ecur n\u00eb rrug\u00eb dhe duke k\u00ebrkuar q\u00eb v\u00ebmendja publike t\u00eb p\u00ebrqendrohej edhe te veprimtaria e zyrtar\u00ebve t\u00eb tjer\u00eb t\u00eb qeveris\u00eb amerikane. Rasti ka rikthyer n\u00eb v\u00ebmendje historin\u00eb e Charles McGonigal, ish-drejtorit t\u00eb kund\u00ebrzbulimit n\u00eb zyr\u00ebn e FBI-s\u00eb n\u00eb Nju Jork, i cili p\u00ebrfundoi n\u00eb qend\u00ebr t\u00eb nj\u00eb prej skandaleve m\u00eb t\u00eb bujshme t\u00eb viteve t\u00eb fundit.<\/p>\n<p>McGonigal u d\u00ebnua n\u00eb Shtetet e Bashkuara p\u00ebr vepra penale q\u00eb lidhen me marr\u00ebdh\u00ebniet e tij financiare me oligarkun rus Oleg Deripaska, nd\u00ebrsa nj\u00eb tjet\u00ebr \u00e7\u00ebshtje kishte t\u00eb b\u00ebnte me fshehjen e pagesave q\u00eb kishte marr\u00eb nga ish-zyrtari shqiptar i inteligjenc\u00ebs.<\/p>\n<p>Emri i Guerrieros \u00ebsht\u00eb p\u00ebrmendur gjat\u00eb hetimeve dhe raportimeve mbi aktivitetin e ish-partnerit t\u00eb saj. Ajo kishte komunikuar me autoritetet amerikane dhe kishte dh\u00ebn\u00eb informacione mbi veprimtarin\u00eb e McGonigal. N\u00eb vitin 2019, sipas dokumenteve dhe raportimeve t\u00eb m\u00ebparshme, Guerriero ishte marr\u00eb n\u00eb pyetje nga FBI-ja lidhur me ish-partnerin e saj dhe aktivitetet e tij.<\/p>\n<p>Rasti ka marr\u00eb v\u00ebmendje t\u00eb ve\u00e7ant\u00eb edhe n\u00eb Shqip\u00ebri, p\u00ebr shkak t\u00eb kontakteve t\u00eb McGonigal me kryeministrin Edi Rama. Guerriero kishte folur publikisht p\u00ebr k\u00ebto kontakte dhe kishte deklaruar se McGonigal i kishte treguar se do t\u00eb udh\u00ebtonte drejt Shqip\u00ebris\u00eb p\u00ebr t\u2019u takuar me Ram\u00ebn. Ajo kishte pretenduar gjithashtu se mes tyre kishte nj\u00eb marr\u00ebdh\u00ebnie miq\u00ebsore dhe se ish-zyrtari amerikan kishte komunikuar me kryeministrin shqiptar.<\/p>\n<p>Sipas \u00e7\u00ebshtjes penale amerikane, McGonigal kishte fshehur nga FBI-ja disa t\u00eb dh\u00ebna lidhur me marr\u00ebdh\u00ebniet dhe pagesat e tij. Ai kishte qen\u00eb gjithashtu i p\u00ebrfshir\u00eb n\u00eb diskutime p\u00ebr \u00e7\u00ebshtje q\u00eb lidheshin me investimet ruse n\u00eb sektorin shqiptar t\u00eb naft\u00ebs.<\/p>\n<p>Edi Rama ka mohuar \u00e7do shkelje apo p\u00ebrfshirje n\u00eb veprimtari t\u00eb paligjshme lidhur me marr\u00ebdh\u00ebnien e tij me McGonigal. Nd\u00ebrkoh\u00eb, Guerriero kishte vazhduar t\u00eb fliste publikisht p\u00ebr \u00e7\u00ebshtjen edhe pas p\u00ebrfundimit t\u00eb proceseve gjyq\u00ebsore ndaj ish-zyrtarit t\u00eb FBI-s\u00eb. N\u00eb postimet e fundit n\u00eb X, ajo kishte ngritur pretendime t\u00eb tjera dhe kishte k\u00ebrkuar q\u00eb t\u00eb hetoheshin edhe persona t\u00eb tjer\u00eb q\u00eb, sipas saj, kishin lidhje me autoritetet federale amerikane.<\/p>\n<p>Megjithat\u00eb, rrethanat e vdekjes s\u00eb saj mbeten ende p\u00ebr t\u2019u sqaruar. Sipas raportimeve, Guerriero u gjet e vdekur n\u00eb banes\u00ebn e saj n\u00eb South Florida. Fakti q\u00eb ajo kishte qen\u00eb aktive n\u00eb rrjetet sociale vet\u00ebm disa or\u00eb m\u00eb par\u00eb ka t\u00ebrhequr v\u00ebmendjen, por deri tani nuk ka t\u00eb dh\u00ebna publike q\u00eb t\u00eb tregojn\u00eb se vdekja e saj lidhet me McGonigalin, \u00e7\u00ebshtjen shqiptare apo ndonj\u00eb person t\u00eb p\u00ebrmendur prej saj.<\/p>\n<p>Shkaku zyrtar i vdekjes dhe rrethanat e plota t\u00eb ngjarjes pritet t\u00eb p\u00ebrcaktohen nga autoritetet amerikane.<\/p>\n","protected":false},"excerpt":{"rendered":"<p>1 Shtator 2026 Vdekja e ish partneres s\u00eb Charles McGonigal,\u00a0Allison Guerriero\u00a0\u00ebsht\u00eb e mbushur me mister, nd\u00ebrsa babai i saj thot\u00eb se \u201cajo kurr\u00eb nuk mund t\u00eb kryente nj\u00eb akt vet\u00ebflijimi\u201d. Pak para se ajo t\u00eb nd\u00ebrronte jet\u00eb, ajo ka qen\u00eb tep\u00ebr aktive n\u00eb rrjetet sociale, nd\u00ebrsa sipas mediave amerikane ajo kishte rreth 75 postime, p\u00ebrmes [&hellip;]<\/p>\n","protected":false},"author":9,"featured_media":105677,"comment_status":"open","ping_status":"open","sticky":false,"template":"","format":"standard","meta":{"jetpack_post_was_ever_published":false,"_jetpack_newsletter_access":"","_jetpack_dont_email_post_to_subs":false,"_jetpack_newsletter_tier_id":0,"_jetpack_memberships_contains_paywalled_content":false,"_jetpack_memberships_contains_paid_content":false,"footnotes":"","jetpack_publicize_message":"","jetpack_publicize_feature_enabled":true,"jetpack_social_post_already_shared":true,"jetpack_social_options":{"image_generator_settings":{"template":"highway","default_image_id":0,"font":"","enabled":false},"version":2}},"categories":[27,1,35],"tags":[],"class_list":["post-105676","post","type-post","status-publish","format-standard","has-post-thumbnail","hentry","category-blogu-i-udhetarit","category-njoftime-shtypi","category-shoqerore"],"jetpack_publicize_connections":[],"jetpack_featured_media_url":"https:\/\/i0.wp.com\/www.shqiperia.com\/blog\/wp-content\/uploads\/2026\/09\/Guerriero-mcgonigal.jpg?fit=987%2C668&ssl=1","jetpack_sharing_enabled":true,"jetpack_shortlink":"https:\/\/wp.me\/p5Z6wp-rus","jetpack-related-posts":[{"id":105609,"url":"https:\/\/www.shqiperia.com\/blog\/gjendet-e-vdekur-ne-banesen-e-saj-ish-e-dashura-qe-denoncoi-mcgonigal-fjalet-e-fundit-te-saj-e-urrej-fbi-ne-babai-i-viktimes-ajo-sdo-e-vriste-kurre-veten\/","url_meta":{"origin":105676,"position":0},"title":"Gjendet e vdekur n\u00eb banes\u00ebn e saj ish e dashura q\u00eb denoncoi McGonigal\/ Fjal\u00ebt e fundit t\u00eb saj: &#8211; E urrej FBI-n\u00eb. Babai i viktim\u00ebs: Ajo s\u2019do e vriste kurr\u00eb veten","author":"Kurt Farka","date":"August 31, 2026","format":false,"excerpt":"1 Shtator 2026 Allison Guerriero, ish-e dashura e ish-zyrtarit t\u00eb lart\u00eb t\u00eb FBI-s\u00eb, Charles McGonigal, ka nd\u00ebrruar jet\u00eb papritur n\u00eb banes\u00ebn e saj n\u00eb Boynton Beach, Florida. Guerriero, e cila kishte pasur nj\u00eb lidhje 18-mujore me McGonigal, ishte b\u00ebr\u00eb e njohur p\u00ebr akuzat dhe denoncimet e saj publike ndaj ish-agjentit\u2026","rel":"","context":"In &quot;Blogu i Udh\u00ebtarit&quot;","block_context":{"text":"Blogu i Udh\u00ebtarit","link":"https:\/\/www.shqiperia.com\/blog\/category\/blogu-i-udhetarit\/"},"img":{"alt_text":"","src":"https:\/\/i0.wp.com\/www.shqiperia.com\/blog\/wp-content\/uploads\/2026\/08\/Untitled-design-51.webp?fit=1200%2C675&ssl=1&resize=350%2C200","width":350,"height":200,"srcset":"https:\/\/i0.wp.com\/www.shqiperia.com\/blog\/wp-content\/uploads\/2026\/08\/Untitled-design-51.webp?fit=1200%2C675&ssl=1&resize=350%2C200 1x, https:\/\/i0.wp.com\/www.shqiperia.com\/blog\/wp-content\/uploads\/2026\/08\/Untitled-design-51.webp?fit=1200%2C675&ssl=1&resize=525%2C300 1.5x, https:\/\/i0.wp.com\/www.shqiperia.com\/blog\/wp-content\/uploads\/2026\/08\/Untitled-design-51.webp?fit=1200%2C675&ssl=1&resize=700%2C400 2x, https:\/\/i0.wp.com\/www.shqiperia.com\/blog\/wp-content\/uploads\/2026\/08\/Untitled-design-51.webp?fit=1200%2C675&ssl=1&resize=1050%2C600 3x"},"classes":[]},{"id":100521,"url":"https:\/\/www.shqiperia.com\/blog\/nese-mendoni-se-nuk-po-ia-dilni-ne-jete-duhet-te-lexoni-historine-virale-te-kesaj-80-vjecareje\/","url_meta":{"origin":105676,"position":1},"title":"N\u00ebse mendoni se nuk po ia dilni n\u00eb jet\u00eb, duhet t\u00eb lexoni historin\u00eb virale t\u00eb k\u00ebsaj 80-vje\u00e7areje","author":"Kurt Farka","date":"May 21, 2026","format":false,"excerpt":"21 Maji 2026 ... Pak para se t\u00eb mbushte 80 vje\u00e7, Anna nisi t\u00eb pikturonte Nj\u00eb video e vjet\u00ebr nga Forumi i Forbes p\u00ebr Grat\u00eb n\u00eb vitin 2017 po b\u00ebhet s\u00ebrish virale n\u00eb rrjetet sociale, sidomos mes grave, p\u00ebr mesazhin e saj frym\u00ebzues mbi suksesin dhe fillimet e reja n\u00eb\u2026","rel":"","context":"In &quot;Arte&quot;","block_context":{"text":"Arte","link":"https:\/\/www.shqiperia.com\/blog\/category\/arte\/"},"img":{"alt_text":"","src":"https:\/\/i0.wp.com\/www.shqiperia.com\/blog\/wp-content\/uploads\/2026\/05\/Grandma-Moses-4-1-300x196.jpg?resize=350%2C200&ssl=1","width":350,"height":200,"srcset":"https:\/\/i0.wp.com\/www.shqiperia.com\/blog\/wp-content\/uploads\/2026\/05\/Grandma-Moses-4-1-300x196.jpg?resize=350%2C200&ssl=1 1x, https:\/\/i0.wp.com\/www.shqiperia.com\/blog\/wp-content\/uploads\/2026\/05\/Grandma-Moses-4-1-300x196.jpg?resize=525%2C300&ssl=1 1.5x, https:\/\/i0.wp.com\/www.shqiperia.com\/blog\/wp-content\/uploads\/2026\/05\/Grandma-Moses-4-1-300x196.jpg?resize=700%2C400&ssl=1 2x"},"classes":[]},{"id":105456,"url":"https:\/\/www.shqiperia.com\/blog\/ja-si-mcgonigal-i-edi-rames-ndikoi-per-arrestimin-e-krereve-te-uck-me-hashim-thacin-ne-krye\/","url_meta":{"origin":105676,"position":2},"title":"Ja si \u201cMcGonigal\u201d i Edi Ram\u00ebs ndikoi p\u00ebr arrestimin e krer\u00ebve t\u00eb U\u00c7K me Hashim Tha\u00e7in n\u00eb krye","author":"Kurt Farka","date":"August 29, 2026","format":false,"excerpt":"29 Gusht 2026 Gazetari i njohur kosovar, Fitim \u00c7eku, ka l\u00ebshuar nj\u00eb deklarat\u00eb t\u00eb fort\u00eb n\u00eb rrjetet sociale, ku nxjerr n\u00eb pah prapaskenat e arrestimit t\u00eb krer\u00ebve t\u00eb Ushtris\u00eb \u00c7lirimtare t\u00eb Kosov\u00ebs (U\u00c7K-s\u00eb). Ai rikujton se ish-zyrtari i FBI-s\u00eb, Charles McGonigal, njihet bot\u00ebrisht si mik i af\u00ebrt i kryeministrit t\u00eb\u2026","rel":"","context":"In &quot;Blogu i Udh\u00ebtarit&quot;","block_context":{"text":"Blogu i Udh\u00ebtarit","link":"https:\/\/www.shqiperia.com\/blog\/category\/blogu-i-udhetarit\/"},"img":{"alt_text":"","src":"https:\/\/i0.wp.com\/www.shqiperia.com\/blog\/wp-content\/uploads\/2026\/08\/Behxhet-Shala-Haga.jpg?fit=600%2C360&ssl=1&resize=350%2C200","width":350,"height":200,"srcset":"https:\/\/i0.wp.com\/www.shqiperia.com\/blog\/wp-content\/uploads\/2026\/08\/Behxhet-Shala-Haga.jpg?fit=600%2C360&ssl=1&resize=350%2C200 1x, https:\/\/i0.wp.com\/www.shqiperia.com\/blog\/wp-content\/uploads\/2026\/08\/Behxhet-Shala-Haga.jpg?fit=600%2C360&ssl=1&resize=525%2C300 1.5x"},"classes":[]},{"id":102869,"url":"https:\/\/www.shqiperia.com\/blog\/neomalsorja-niset-drejt-tiranes-do-ti-bashkohem-protestes\/","url_meta":{"origin":105676,"position":3},"title":"\u2018Neomalsorja\u2019 niset drejt Tiran\u00ebs: &#8211; Do t\u2019i bashkohem protest\u00ebs.","author":"Kurt Farka","date":"July 18, 2026","format":false,"excerpt":"18 Korrik 2026 Deputetja e pavarur, Marjana Ko\u00e7eku e njohur edhe si \u2018Neomalsorja\u2019, \u00ebsht\u00eb nisur drejt Tiran\u00ebs. Ajo shprehet n\u00eb nj\u00eb video t\u00eb publikuar n\u00eb rrjetet e saj sociale se do t\u2019i bashkohet protest\u00ebs para Kryeministris\u00eb e cila sot \u00ebsht\u00eb n\u00eb dit\u00ebn e 49-t\u00eb. \u201cDo t\u2019i bashkohem protest\u00ebs e cila\u2026","rel":"","context":"In &quot;Blogu i Udh\u00ebtarit&quot;","block_context":{"text":"Blogu i Udh\u00ebtarit","link":"https:\/\/www.shqiperia.com\/blog\/category\/blogu-i-udhetarit\/"},"img":{"alt_text":"","src":"https:\/\/i0.wp.com\/www.shqiperia.com\/blog\/wp-content\/uploads\/2026\/07\/Mariana-Koceku.jpg?fit=1200%2C988&ssl=1&resize=350%2C200","width":350,"height":200,"srcset":"https:\/\/i0.wp.com\/www.shqiperia.com\/blog\/wp-content\/uploads\/2026\/07\/Mariana-Koceku.jpg?fit=1200%2C988&ssl=1&resize=350%2C200 1x, https:\/\/i0.wp.com\/www.shqiperia.com\/blog\/wp-content\/uploads\/2026\/07\/Mariana-Koceku.jpg?fit=1200%2C988&ssl=1&resize=525%2C300 1.5x, https:\/\/i0.wp.com\/www.shqiperia.com\/blog\/wp-content\/uploads\/2026\/07\/Mariana-Koceku.jpg?fit=1200%2C988&ssl=1&resize=700%2C400 2x, https:\/\/i0.wp.com\/www.shqiperia.com\/blog\/wp-content\/uploads\/2026\/07\/Mariana-Koceku.jpg?fit=1200%2C988&ssl=1&resize=1050%2C600 3x"},"classes":[]},{"id":103465,"url":"https:\/\/www.shqiperia.com\/blog\/konsullata-serbe-ne-shkoder-reagon-tabaku-nuk-ka-reciprocitet-mes-54-serbeve-dhe-61-mije-shqiptareve\/","url_meta":{"origin":105676,"position":4},"title":"Konsullata serbe n\u00eb Shkod\u00ebr, reagon Tabaku: &#8211; Nuk ka reciprocitet mes 54 serb\u00ebve dhe 61 mij\u00eb shqiptar\u00ebve!","author":"Kurt Farka","date":"July 30, 2026","format":false,"excerpt":"30 korrik 2026 Deputetja e Partis\u00eb Demokratike dhe kryetarja e Komisionit p\u00ebr \u00c7\u00ebshtjet Europiane, Jorida Tabaku, ka reaguar pas raportimeve n\u00eb media se qeveria shqiptare po i hap rrug\u00eb krijimit t\u00eb nj\u00eb konsullate serbe n\u00eb Shkod\u00ebr. P\u00ebrmes nj\u00eb postimi n\u00eb rrjetet sociale, Tabaku k\u00ebrkon transparenc\u00eb t\u00eb plot\u00eb nga Ministria p\u00ebr\u2026","rel":"","context":"In &quot;Blogu i Udh\u00ebtarit&quot;","block_context":{"text":"Blogu i Udh\u00ebtarit","link":"https:\/\/www.shqiperia.com\/blog\/category\/blogu-i-udhetarit\/"},"img":{"alt_text":"","src":"https:\/\/i0.wp.com\/www.shqiperia.com\/blog\/wp-content\/uploads\/2026\/07\/760604365_1034334422538647_8508622100528155772_n.jpg?fit=1200%2C751&ssl=1&resize=350%2C200","width":350,"height":200,"srcset":"https:\/\/i0.wp.com\/www.shqiperia.com\/blog\/wp-content\/uploads\/2026\/07\/760604365_1034334422538647_8508622100528155772_n.jpg?fit=1200%2C751&ssl=1&resize=350%2C200 1x, https:\/\/i0.wp.com\/www.shqiperia.com\/blog\/wp-content\/uploads\/2026\/07\/760604365_1034334422538647_8508622100528155772_n.jpg?fit=1200%2C751&ssl=1&resize=525%2C300 1.5x, https:\/\/i0.wp.com\/www.shqiperia.com\/blog\/wp-content\/uploads\/2026\/07\/760604365_1034334422538647_8508622100528155772_n.jpg?fit=1200%2C751&ssl=1&resize=700%2C400 2x, https:\/\/i0.wp.com\/www.shqiperia.com\/blog\/wp-content\/uploads\/2026\/07\/760604365_1034334422538647_8508622100528155772_n.jpg?fit=1200%2C751&ssl=1&resize=1050%2C600 3x"},"classes":[]},{"id":103443,"url":"https:\/\/www.shqiperia.com\/blog\/nena-e-te-miturit-me-paralize-ne-bashki-me-thane-pse-ke-dale-ne-proteste-femija-nuk-te-behet-me-njeri\/","url_meta":{"origin":105676,"position":5},"title":"N\u00ebna e t\u00eb miturit me paraliz\u00eb: &#8211; N\u00eb bashki m\u00eb than\u00eb, pse ke dal\u00eb n\u00eb protest\u00eb, f\u00ebmija nuk t\u00eb b\u00ebhet m\u00eb njeri","author":"Kurt Farka","date":"July 30, 2026","format":false,"excerpt":"30 Korrik 2026 Nj\u00eb tjet\u00ebr d\u00ebshmi trondit\u00ebse e d\u00ebshtimit t\u00eb institucioneve p\u00ebr t\u2019u ardhur n\u00eb ndihm\u00eb familjeve n\u00eb nevoj\u00eb \u00ebsht\u00eb b\u00ebr\u00eb publike gjat\u00eb protest\u00ebs, ku nj\u00eb n\u00ebn\u00eb nga Rrogozhina ka rr\u00ebfyer p\u00ebrball\u00eb gazetarit Osman Stafa, dram\u00ebn e saj 10-vje\u00e7are p\u00ebr t\u00eb siguruar kujdesin minimal p\u00ebr djalin e saj me paraliz\u00eb\u2026","rel":"","context":"In &quot;Kultura&quot;","block_context":{"text":"Kultura","link":"https:\/\/www.shqiperia.com\/blog\/category\/kultura\/"},"img":{"alt_text":"","src":"https:\/\/i0.wp.com\/www.shqiperia.com\/blog\/wp-content\/uploads\/2026\/07\/auto_watermarked_file_6a6a5e7ea9a652.825111281785356069.jpeg?fit=900%2C506&ssl=1&resize=350%2C200","width":350,"height":200,"srcset":"https:\/\/i0.wp.com\/www.shqiperia.com\/blog\/wp-content\/uploads\/2026\/07\/auto_watermarked_file_6a6a5e7ea9a652.825111281785356069.jpeg?fit=900%2C506&ssl=1&resize=350%2C200 1x, https:\/\/i0.wp.com\/www.shqiperia.com\/blog\/wp-content\/uploads\/2026\/07\/auto_watermarked_file_6a6a5e7ea9a652.825111281785356069.jpeg?fit=900%2C506&ssl=1&resize=525%2C300 1.5x, https:\/\/i0.wp.com\/www.shqiperia.com\/blog\/wp-content\/uploads\/2026\/07\/auto_watermarked_file_6a6a5e7ea9a652.825111281785356069.jpeg?fit=900%2C506&ssl=1&resize=700%2C400 2x"},"classes":[]}],"_links":{"self":[{"href":"https:\/\/www.shqiperia.com\/blog\/wp-json\/wp\/v2\/posts\/105676","targetHints":{"allow":["GET"]}}],"collection":[{"href":"https:\/\/www.shqiperia.com\/blog\/wp-json\/wp\/v2\/posts"}],"about":[{"href":"https:\/\/www.shqiperia.com\/blog\/wp-json\/wp\/v2\/types\/post"}],"author":[{"embeddable":true,"href":"https:\/\/www.shqiperia.com\/blog\/wp-json\/wp\/v2\/users\/9"}],"replies":[{"embeddable":true,"href":"https:\/\/www.shqiperia.com\/blog\/wp-json\/wp\/v2\/comments?post=105676"}],"version-history":[{"count":1,"href":"https:\/\/www.shqiperia.com\/blog\/wp-json\/wp\/v2\/posts\/105676\/revisions"}],"predecessor-version":[{"id":105678,"href":"https:\/\/www.shqiperia.com\/blog\/wp-json\/wp\/v2\/posts\/105676\/revisions\/105678"}],"wp:featuredmedia":[{"embeddable":true,"href":"https:\/\/www.shqiperia.com\/blog\/wp-json\/wp\/v2\/media\/105677"}],"wp:attachment":[{"href":"https:\/\/www.shqiperia.com\/blog\/wp-json\/wp\/v2\/media?parent=105676"}],"wp:term":[{"taxonomy":"category","embeddable":true,"href":"https:\/\/www.shqiperia.com\/blog\/wp-json\/wp\/v2\/categories?post=105676"},{"taxonomy":"post_tag","embeddable":true,"href":"https:\/\/www.shqiperia.com\/blog\/wp-json\/wp\/v2\/tags?post=105676"}],"curies":[{"name":"wp","href":"https:\/\/api.w.org\/{rel}","templated":true}]}}