{"id":105670,"date":"2026-09-01T10:47:24","date_gmt":"2026-09-01T10:47:24","guid":{"rendered":"https:\/\/www.shqiperia.com\/blog\/?p=105670"},"modified":"2026-09-01T10:48:52","modified_gmt":"2026-09-01T10:48:52","slug":"pas-11-ditesh-zjarre-qe-dogjen-mijera-hektare-konsultim-per-turbinat-eolike-ne-puke-rastesi-apo-pikepyetje-qe-kerkojne-pergjigje","status":"publish","type":"post","link":"https:\/\/www.shqiperia.com\/blog\/pas-11-ditesh-zjarre-qe-dogjen-mijera-hektare-konsultim-per-turbinat-eolike-ne-puke-rastesi-apo-pikepyetje-qe-kerkojne-pergjigje\/","title":{"rendered":"Pas 11 dit\u00ebsh zjarre q\u00eb dogj\u00ebn mij\u00ebra hektar\u00eb, konsultim p\u00ebr turbinat eolike n\u00eb Puk\u00eb \u2013 rast\u00ebsi apo pik\u00ebpyetje q\u00eb k\u00ebrkojn\u00eb p\u00ebrgjigje?"},"content":{"rendered":"<div id=\"attachment_105671\" style=\"width: 589px\" class=\"wp-caption alignnone\"><img data-recalc-dims=\"1\" loading=\"lazy\" decoding=\"async\" aria-describedby=\"caption-attachment-105671\" data-attachment-id=\"105671\" data-permalink=\"https:\/\/www.shqiperia.com\/blog\/pas-11-ditesh-zjarre-qe-dogjen-mijera-hektare-konsultim-per-turbinat-eolike-ne-puke-rastesi-apo-pikepyetje-qe-kerkojne-pergjigje\/pas-11-ditesh-zjarre-qe-dogjen-mijera-hektare-konsultim-per-turbinat-eolike-ne-puke\/\" data-orig-file=\"https:\/\/i0.wp.com\/www.shqiperia.com\/blog\/wp-content\/uploads\/2026\/09\/Pas-11-ditesh-zjarre-qe-dogjen-mijera-hektare-konsultim-per-turbinat-eolike-ne-Puke.jpg?fit=940%2C571&amp;ssl=1\" data-orig-size=\"940,571\" data-comments-opened=\"1\" data-image-meta=\"{&quot;aperture&quot;:&quot;0&quot;,&quot;credit&quot;:&quot;&quot;,&quot;camera&quot;:&quot;&quot;,&quot;caption&quot;:&quot;&quot;,&quot;created_timestamp&quot;:&quot;1788106015&quot;,&quot;copyright&quot;:&quot;&quot;,&quot;focal_length&quot;:&quot;0&quot;,&quot;iso&quot;:&quot;0&quot;,&quot;shutter_speed&quot;:&quot;0&quot;,&quot;title&quot;:&quot;&quot;,&quot;orientation&quot;:&quot;0&quot;}\" data-image-title=\"Pas 11 dit\u00ebsh zjarre q\u00eb dogj\u00ebn mij\u00ebra hektar\u00eb, konsultim p\u00ebr turbinat eolike n\u00eb Puk\u00eb\" data-image-description=\"\" data-image-caption=\"&lt;p&gt;Pas 11 dit\u00ebsh zjarre q\u00eb dogj\u00ebn mij\u00ebra hektar\u00eb, konsultim p\u00ebr turbinat eolike n\u00eb Puk\u00eb &lt;\/p&gt;\n\" data-medium-file=\"https:\/\/i0.wp.com\/www.shqiperia.com\/blog\/wp-content\/uploads\/2026\/09\/Pas-11-ditesh-zjarre-qe-dogjen-mijera-hektare-konsultim-per-turbinat-eolike-ne-Puke.jpg?fit=300%2C182&amp;ssl=1\" data-large-file=\"https:\/\/i0.wp.com\/www.shqiperia.com\/blog\/wp-content\/uploads\/2026\/09\/Pas-11-ditesh-zjarre-qe-dogjen-mijera-hektare-konsultim-per-turbinat-eolike-ne-Puke.jpg?fit=940%2C571&amp;ssl=1\" class=\" wp-image-105671\" alt=\"\" src=\"https:\/\/i0.wp.com\/www.shqiperia.com\/blog\/wp-content\/uploads\/2026\/09\/Pas-11-ditesh-zjarre-qe-dogjen-mijera-hektare-konsultim-per-turbinat-eolike-ne-Puke.jpg?resize=579%2C351&#038;ssl=1\" width=\"579\" height=\"351\" srcset=\"https:\/\/i0.wp.com\/www.shqiperia.com\/blog\/wp-content\/uploads\/2026\/09\/Pas-11-ditesh-zjarre-qe-dogjen-mijera-hektare-konsultim-per-turbinat-eolike-ne-Puke.jpg?resize=300%2C182&amp;ssl=1 300w, https:\/\/i0.wp.com\/www.shqiperia.com\/blog\/wp-content\/uploads\/2026\/09\/Pas-11-ditesh-zjarre-qe-dogjen-mijera-hektare-konsultim-per-turbinat-eolike-ne-Puke.jpg?resize=768%2C467&amp;ssl=1 768w, https:\/\/i0.wp.com\/www.shqiperia.com\/blog\/wp-content\/uploads\/2026\/09\/Pas-11-ditesh-zjarre-qe-dogjen-mijera-hektare-konsultim-per-turbinat-eolike-ne-Puke.jpg?resize=450%2C273&amp;ssl=1 450w, https:\/\/i0.wp.com\/www.shqiperia.com\/blog\/wp-content\/uploads\/2026\/09\/Pas-11-ditesh-zjarre-qe-dogjen-mijera-hektare-konsultim-per-turbinat-eolike-ne-Puke.jpg?resize=600%2C364&amp;ssl=1 600w, https:\/\/i0.wp.com\/www.shqiperia.com\/blog\/wp-content\/uploads\/2026\/09\/Pas-11-ditesh-zjarre-qe-dogjen-mijera-hektare-konsultim-per-turbinat-eolike-ne-Puke.jpg?resize=400%2C243&amp;ssl=1 400w, https:\/\/i0.wp.com\/www.shqiperia.com\/blog\/wp-content\/uploads\/2026\/09\/Pas-11-ditesh-zjarre-qe-dogjen-mijera-hektare-konsultim-per-turbinat-eolike-ne-Puke.jpg?w=940&amp;ssl=1 940w\" sizes=\"auto, (max-width: 579px) 100vw, 579px\" \/><p id=\"caption-attachment-105671\" class=\"wp-caption-text\">Pas 11 dit\u00ebsh zjarre q\u00eb dogj\u00ebn mij\u00ebra hektar\u00eb, konsultim p\u00ebr turbinat eolike n\u00eb Puk\u00eb<\/p><\/div>\n<p>1 Shtator 2026<\/p>\n<p>Puk\u00eb \u2013 Pas 11 dit\u00ebsh zjarre n\u00eb zon\u00ebn e Gjegjanit, ku u dogj\u00ebn mij\u00ebra hektar\u00eb pyje, Bashkia Puk\u00eb ka njoftuar zhvillimin e konsultimeve publike p\u00ebr nj\u00eb projekt q\u00eb parashikon p\u00ebrdorimin e fondit pyjor publik p\u00ebr instalimin e turbinave eolike, pra struktura t\u00eb m\u00ebdha me helika q\u00eb shfryt\u00ebzojn\u00eb forc\u00ebn e er\u00ebs p\u00ebr prodhimin e energjis\u00eb elektrike.<\/p>\n<p>Konsultimet do t\u00eb zhvillohen n\u00eb Qerret, Puk\u00eb-Kod\u00ebr Hani, Gjegjan-Shkoz\u00eb dhe Gjegjan-Gojan i Madh, nd\u00ebrsa projekti p\u00ebrfshin ekonomit\u00eb pyjore \u201cT\u00ebrbun\u201d, \u201cLivadh-Ham\u00ebz\u201d, \u201cKuzhnen\u201d, \u201cGojan-Shkoz\u00eb\u201d dhe \u201cGomsiqe\u201d.<\/p>\n<p>Por njoftimi vjen n\u00eb nj\u00eb moment q\u00eb ngre pik\u00ebpyetje, pasi zona sapo \u00ebsht\u00eb p\u00ebrballur me nj\u00eb prej situatave m\u00eb t\u00eb r\u00ebnda t\u00eb zjarreve t\u00eb viteve t\u00eb fundit.<\/p>\n<div id=\"attachment_105672\" style=\"width: 784px\" class=\"wp-caption alignnone\"><img data-recalc-dims=\"1\" loading=\"lazy\" decoding=\"async\" aria-describedby=\"caption-attachment-105672\" data-attachment-id=\"105672\" data-permalink=\"https:\/\/www.shqiperia.com\/blog\/pas-11-ditesh-zjarre-qe-dogjen-mijera-hektare-konsultim-per-turbinat-eolike-ne-puke-rastesi-apo-pikepyetje-qe-kerkojne-pergjigje\/pas-11-ditesh-zjarre-qe-dogjen-mijera-hektare-konsultim-per-turbinat-eolike-ne-puke-rastesi-apo-pikepyetje-qe-kerkojne-pergjigje\/\" data-orig-file=\"https:\/\/i0.wp.com\/www.shqiperia.com\/blog\/wp-content\/uploads\/2026\/09\/Pas-11-ditesh-zjarre-qe-dogjen-mijera-hektare-konsultim-per-turbinat-eolike-ne-Puke-%E2%80%93-rastesi-apo-pikepyetje-qe-kerkojne-pergjigje.jpg?fit=600%2C503&amp;ssl=1\" data-orig-size=\"600,503\" data-comments-opened=\"1\" data-image-meta=\"{&quot;aperture&quot;:&quot;0&quot;,&quot;credit&quot;:&quot;&quot;,&quot;camera&quot;:&quot;&quot;,&quot;caption&quot;:&quot;&quot;,&quot;created_timestamp&quot;:&quot;0&quot;,&quot;copyright&quot;:&quot;&quot;,&quot;focal_length&quot;:&quot;0&quot;,&quot;iso&quot;:&quot;0&quot;,&quot;shutter_speed&quot;:&quot;0&quot;,&quot;title&quot;:&quot;&quot;,&quot;orientation&quot;:&quot;0&quot;}\" data-image-title=\"Pas 11 dit\u00ebsh zjarre q\u00eb dogj\u00ebn mij\u00ebra hektar\u00eb, konsultim p\u00ebr turbinat eolike n\u00eb Puk\u00eb \u2013 rast\u00ebsi apo pik\u00ebpyetje q\u00eb k\u00ebrkojn\u00eb p\u00ebrgjigje\" data-image-description=\"\" data-image-caption=\"&lt;p&gt;Pas 11 dit\u00ebsh zjarre q\u00eb dogj\u00ebn mij\u00ebra hektar\u00eb, konsultim p\u00ebr turbinat eolike n\u00eb Puk\u00eb \u2013 rast\u00ebsi apo pik\u00ebpyetje q\u00eb k\u00ebrkojn\u00eb p\u00ebrgjigje&lt;\/p&gt;\n\" data-medium-file=\"https:\/\/i0.wp.com\/www.shqiperia.com\/blog\/wp-content\/uploads\/2026\/09\/Pas-11-ditesh-zjarre-qe-dogjen-mijera-hektare-konsultim-per-turbinat-eolike-ne-Puke-%E2%80%93-rastesi-apo-pikepyetje-qe-kerkojne-pergjigje.jpg?fit=300%2C252&amp;ssl=1\" data-large-file=\"https:\/\/i0.wp.com\/www.shqiperia.com\/blog\/wp-content\/uploads\/2026\/09\/Pas-11-ditesh-zjarre-qe-dogjen-mijera-hektare-konsultim-per-turbinat-eolike-ne-Puke-%E2%80%93-rastesi-apo-pikepyetje-qe-kerkojne-pergjigje.jpg?fit=600%2C503&amp;ssl=1\" class=\" wp-image-105672\" alt=\"\" src=\"https:\/\/i0.wp.com\/www.shqiperia.com\/blog\/wp-content\/uploads\/2026\/09\/Pas-11-ditesh-zjarre-qe-dogjen-mijera-hektare-konsultim-per-turbinat-eolike-ne-Puke-%E2%80%93-rastesi-apo-pikepyetje-qe-kerkojne-pergjigje.jpg?resize=774%2C650&#038;ssl=1\" width=\"774\" height=\"650\" srcset=\"https:\/\/i0.wp.com\/www.shqiperia.com\/blog\/wp-content\/uploads\/2026\/09\/Pas-11-ditesh-zjarre-qe-dogjen-mijera-hektare-konsultim-per-turbinat-eolike-ne-Puke-%E2%80%93-rastesi-apo-pikepyetje-qe-kerkojne-pergjigje.jpg?resize=300%2C252&amp;ssl=1 300w, https:\/\/i0.wp.com\/www.shqiperia.com\/blog\/wp-content\/uploads\/2026\/09\/Pas-11-ditesh-zjarre-qe-dogjen-mijera-hektare-konsultim-per-turbinat-eolike-ne-Puke-%E2%80%93-rastesi-apo-pikepyetje-qe-kerkojne-pergjigje.jpg?resize=450%2C377&amp;ssl=1 450w, https:\/\/i0.wp.com\/www.shqiperia.com\/blog\/wp-content\/uploads\/2026\/09\/Pas-11-ditesh-zjarre-qe-dogjen-mijera-hektare-konsultim-per-turbinat-eolike-ne-Puke-%E2%80%93-rastesi-apo-pikepyetje-qe-kerkojne-pergjigje.jpg?resize=400%2C335&amp;ssl=1 400w, https:\/\/i0.wp.com\/www.shqiperia.com\/blog\/wp-content\/uploads\/2026\/09\/Pas-11-ditesh-zjarre-qe-dogjen-mijera-hektare-konsultim-per-turbinat-eolike-ne-Puke-%E2%80%93-rastesi-apo-pikepyetje-qe-kerkojne-pergjigje.jpg?w=600&amp;ssl=1 600w\" sizes=\"auto, (max-width: 774px) 100vw, 774px\" \/><p id=\"caption-attachment-105672\" class=\"wp-caption-text\">Pas 11 dit\u00ebsh zjarre q\u00eb dogj\u00ebn mij\u00ebra hektar\u00eb, konsultim p\u00ebr turbinat eolike n\u00eb Puk\u00eb \u2013 rast\u00ebsi apo pik\u00ebpyetje q\u00eb k\u00ebrkojn\u00eb p\u00ebrgjigje?<\/p><\/div>\n<p>A \u00ebsht\u00eb thjesht nj\u00eb p\u00ebrkim n\u00eb koh\u00eb, apo duhet hetuar n\u00ebse zjarret mund t\u00eb ken\u00eb pasur ndonj\u00eb lidhje me interesat p\u00ebr k\u00ebto sip\u00ebrfaqe? Kjo mbetet nj\u00eb pyetje q\u00eb mund t\u00eb marr\u00eb p\u00ebrgjigje vet\u00ebm p\u00ebrmes verifikimeve dhe hetimeve t\u00eb institucioneve kompetente.<\/p>\n<p>Dokumentet e Bashkis\u00eb tregojn\u00eb se konsultime p\u00ebr p\u00ebrdorimin e fondit pyjor p\u00ebr energji t\u00eb rinovueshme nga era kan\u00eb nisur m\u00eb her\u00ebt. Megjithat\u00eb, n\u00eb kushtet kur flak\u00ebt kan\u00eb p\u00ebrfshir\u00eb sip\u00ebrfaqe t\u00eb m\u00ebdha pyjore, \u00e7do p\u00ebrkim mes zonave t\u00eb prekura nga zjarret dhe atyre t\u00eb p\u00ebrfshira n\u00eb projekt meriton transparenc\u00eb dhe sqarim publik.<\/p>\n<p>Nga: Veriu Sot.<\/p>\n","protected":false},"excerpt":{"rendered":"<p>1 Shtator 2026 Puk\u00eb \u2013 Pas 11 dit\u00ebsh zjarre n\u00eb zon\u00ebn e Gjegjanit, ku u dogj\u00ebn mij\u00ebra hektar\u00eb pyje, Bashkia Puk\u00eb ka njoftuar zhvillimin e konsultimeve publike p\u00ebr nj\u00eb projekt q\u00eb parashikon p\u00ebrdorimin e fondit pyjor publik p\u00ebr instalimin e turbinave eolike, pra struktura t\u00eb m\u00ebdha me helika q\u00eb shfryt\u00ebzojn\u00eb forc\u00ebn e er\u00ebs p\u00ebr prodhimin [&hellip;]<\/p>\n","protected":false},"author":9,"featured_media":105671,"comment_status":"open","ping_status":"open","sticky":false,"template":"","format":"standard","meta":{"jetpack_post_was_ever_published":false,"_jetpack_newsletter_access":"","_jetpack_dont_email_post_to_subs":false,"_jetpack_newsletter_tier_id":0,"_jetpack_memberships_contains_paywalled_content":false,"_jetpack_memberships_contains_paid_content":false,"footnotes":"","jetpack_publicize_message":"","jetpack_publicize_feature_enabled":true,"jetpack_social_post_already_shared":true,"jetpack_social_options":{"image_generator_settings":{"template":"highway","default_image_id":0,"font":"","enabled":false},"version":2}},"categories":[27,2,35],"tags":[],"class_list":["post-105670","post","type-post","status-publish","format-standard","has-post-thumbnail","hentry","category-blogu-i-udhetarit","category-politika","category-shoqerore"],"jetpack_publicize_connections":[],"jetpack_featured_media_url":"https:\/\/i0.wp.com\/www.shqiperia.com\/blog\/wp-content\/uploads\/2026\/09\/Pas-11-ditesh-zjarre-qe-dogjen-mijera-hektare-konsultim-per-turbinat-eolike-ne-Puke.jpg?fit=940%2C571&ssl=1","jetpack_sharing_enabled":true,"jetpack_shortlink":"https:\/\/wp.me\/p5Z6wp-rum","jetpack-related-posts":[{"id":105531,"url":"https:\/\/www.shqiperia.com\/blog\/puka-digjet-turbinat-vijne-malet-e-shkrumbuara-parashikohen-per-parqe-eolike-banoret-a-u-dogjen-per-energjine\/","url_meta":{"origin":105670,"position":0},"title":"Puka digjet, turbinat vijn\u00eb\/ Malet e shkrumbuara parashikohen p\u00ebr parqe eolike, banor\u00ebt: &#8211; A u dogj\u00ebn p\u00ebr energjin\u00eb?","author":"Kurt Farka","date":"August 30, 2026","format":false,"excerpt":"30 Gusht 2026 Pak dit\u00eb pasi zjarret masive p\u00ebrfshin\u00eb pyjet e mbrojtura t\u00eb Puk\u00ebs, m\u00ebsohet se bashkia e qytetit, ka njoftuar hapjen e konsultimeve publike, p\u00ebr P\u00ebrdorimin e Fondit Pyjor p\u00ebr Instalimin e Turbinave Eolike. Konsultimet publike p\u00ebr at\u00eb q\u00eb bashkia e cil\u00ebson ekonomi pyjore, b\u00ebhen pik\u00ebrisht p\u00ebr zonat e\u2026","rel":"","context":"In &quot;Blogu i Udh\u00ebtarit&quot;","block_context":{"text":"Blogu i Udh\u00ebtarit","link":"https:\/\/www.shqiperia.com\/blog\/category\/blogu-i-udhetarit\/"},"img":{"alt_text":"","src":"https:\/\/i0.wp.com\/www.shqiperia.com\/blog\/wp-content\/uploads\/2026\/08\/collage-13.png?fit=780%2C440&ssl=1&resize=350%2C200","width":350,"height":200,"srcset":"https:\/\/i0.wp.com\/www.shqiperia.com\/blog\/wp-content\/uploads\/2026\/08\/collage-13.png?fit=780%2C440&ssl=1&resize=350%2C200 1x, https:\/\/i0.wp.com\/www.shqiperia.com\/blog\/wp-content\/uploads\/2026\/08\/collage-13.png?fit=780%2C440&ssl=1&resize=525%2C300 1.5x, https:\/\/i0.wp.com\/www.shqiperia.com\/blog\/wp-content\/uploads\/2026\/08\/collage-13.png?fit=780%2C440&ssl=1&resize=700%2C400 2x"},"classes":[]},{"id":104811,"url":"https:\/\/www.shqiperia.com\/blog\/vazhdon-zjarri-ne-terbun-shmanget-rreziku-per-banesat-ne-gojan-te-pukes\/","url_meta":{"origin":105670,"position":1},"title":"Vazhdon zjarri ne Terbun. &#8211;  Shmanget rreziku p\u00ebr banesat n\u00eb Gojan t\u00eb Puk\u00ebs","author":"Kurt Farka","date":"August 20, 2026","format":false,"excerpt":"29 Gusht 2028 T\u00ebrbun\u2013Gjegjan\u2013Gojan, Puk\u00eb\u00a0\u2013 situata n\u00eb sip\u00ebrfaqet pyjore t\u00eb T\u00ebrbunit \u00ebsht\u00eb p\u00ebrmir\u00ebsuar, nd\u00ebrsa vatrat n\u00eb Gjegjan dhe Gojan vijojn\u00eb aktive. Gjat\u00eb operacionit u evakuua nj\u00eb familje dhe, fal\u00eb nd\u00ebrhyrjes s\u00eb forcave, u shmang rreziku p\u00ebr banes\u00ebn. Sot operacioni mb\u00ebshtetet nga 40 efektiv\u00eb t\u00eb FA dhe 2 helikopter\u00eb. Zjarri mendohet\u2026","rel":"","context":"In &quot;Blogu i Udh\u00ebtarit&quot;","block_context":{"text":"Blogu i Udh\u00ebtarit","link":"https:\/\/www.shqiperia.com\/blog\/category\/blogu-i-udhetarit\/"},"img":{"alt_text":"","src":"https:\/\/i0.wp.com\/www.shqiperia.com\/blog\/wp-content\/uploads\/2026\/08\/800-0-img-1152-6a85acab1e313-1.jpeg?fit=800%2C457&ssl=1&resize=350%2C200","width":350,"height":200,"srcset":"https:\/\/i0.wp.com\/www.shqiperia.com\/blog\/wp-content\/uploads\/2026\/08\/800-0-img-1152-6a85acab1e313-1.jpeg?fit=800%2C457&ssl=1&resize=350%2C200 1x, https:\/\/i0.wp.com\/www.shqiperia.com\/blog\/wp-content\/uploads\/2026\/08\/800-0-img-1152-6a85acab1e313-1.jpeg?fit=800%2C457&ssl=1&resize=525%2C300 1.5x, https:\/\/i0.wp.com\/www.shqiperia.com\/blog\/wp-content\/uploads\/2026\/08\/800-0-img-1152-6a85acab1e313-1.jpeg?fit=800%2C457&ssl=1&resize=700%2C400 2x"},"classes":[]},{"id":105598,"url":"https:\/\/www.shqiperia.com\/blog\/protesta-e-93-te-lush-susaj-zjarret-ne-puke-u-vune-me-qellim-pylli-u-dogj-per-te-bere-biznes-me-parqet-eolike\/","url_meta":{"origin":105670,"position":2},"title":"Protesta e 93-t\u00eb, Lush Susaj: &#8211; Zjarret n\u00eb Puk\u00eb u vun\u00eb me q\u00ebllim, pylli u dogj p\u00ebr t\u00eb b\u00ebr\u00eb biznes me parqet eolike","author":"Kurt Farka","date":"August 31, 2026","format":false,"excerpt":"31 Gusht 2026 N\u00eb nisje t\u00eb protest\u00ebs s\u00eb 93-t\u00eb radhazi, profesori i njohur Lush Susaj ka denoncuar p\u00ebr mikrofonin e News24 zjarret e fundit q\u00eb p\u00ebrfshin\u00eb Puk\u00ebn, duke akuzuar drejtp\u00ebrdrejt qeverin\u00eb p\u00ebr djegie t\u00eb q\u00ebllimshme n\u00eb favor t\u00eb projekteve private energjetike. Susaj, i cili n\u00ebnvizoi se e njeh nga af\u00ebr\u2026","rel":"","context":"In &quot;Blogu i Udh\u00ebtarit&quot;","block_context":{"text":"Blogu i Udh\u00ebtarit","link":"https:\/\/www.shqiperia.com\/blog\/category\/blogu-i-udhetarit\/"},"img":{"alt_text":"","src":"https:\/\/i0.wp.com\/www.shqiperia.com\/blog\/wp-content\/uploads\/2026\/08\/Profesor-Lush-Susaj-1.jpg?fit=500%2C261&ssl=1&resize=350%2C200","width":350,"height":200},"classes":[]},{"id":104934,"url":"https:\/\/www.shqiperia.com\/blog\/situata-me-zjarret-ne-shqiperi-gojani-ne-puke-zona-me-problematike\/","url_meta":{"origin":105670,"position":3},"title":"Situata me zjarret n\u00eb Shqip\u00ebri: &#8211; Gojani n\u00eb Puk\u00eb zona m\u00eb problematike","author":"Kurt Farka","date":"August 22, 2026","format":false,"excerpt":"22 Gusht 2026 N\u00eb Gojan\u2013Gjegjan\u2013T\u00ebrbun, Puk\u00eb, vijon nj\u00eb angazhim i p\u00ebrforcuar me 255 forca dhe 11 mjete zjarrfik\u00ebse. Konkretisht, jan\u00eb angazhuar 50 efektiv\u00eb MZSH nga Puka, Fush\u00eb-Arr\u00ebzi, Kamza, Kuk\u00ebsi, Hasi dhe Shkodra, 14 punonj\u00ebs t\u00eb Sh\u00ebrbimit Pyjor, 68 punonj\u00ebs t\u00eb sh\u00ebrbimeve vendore, 70 vullnetar\u00eb dhe banor\u00eb t\u00eb zon\u00ebs, si dhe\u2026","rel":"","context":"In &quot;Blogu i Udh\u00ebtarit&quot;","block_context":{"text":"Blogu i Udh\u00ebtarit","link":"https:\/\/www.shqiperia.com\/blog\/category\/blogu-i-udhetarit\/"},"img":{"alt_text":"","src":"https:\/\/i0.wp.com\/www.shqiperia.com\/blog\/wp-content\/uploads\/2026\/08\/640-0-4-1787329376.png?fit=640%2C361&ssl=1&resize=350%2C200","width":350,"height":200,"srcset":"https:\/\/i0.wp.com\/www.shqiperia.com\/blog\/wp-content\/uploads\/2026\/08\/640-0-4-1787329376.png?fit=640%2C361&ssl=1&resize=350%2C200 1x, https:\/\/i0.wp.com\/www.shqiperia.com\/blog\/wp-content\/uploads\/2026\/08\/640-0-4-1787329376.png?fit=640%2C361&ssl=1&resize=525%2C300 1.5x"},"classes":[]},{"id":104725,"url":"https:\/\/www.shqiperia.com\/blog\/zjarri-puke-vijon-ne-terbun-gojan-te-madh-dhe-gjegjan\/","url_meta":{"origin":105670,"position":4},"title":"Zjarri Puk\u00eb vijon n\u00eb T\u00ebrbun, Gojan t\u00eb Madh dhe Gjegjan.","author":"Kurt Farka","date":"August 19, 2026","format":false,"excerpt":"19 Gusht 2026 Tri vatra zjarri vijojn\u00eb t\u00eb jen\u00eb aktive n\u00eb territorin e Puk\u00ebs, nd\u00ebrsa situata mbetet problematike pas gjasht\u00eb dit\u00ebsh p\u00ebrpjekjesh p\u00ebr shuarjen e flak\u00ebve. Zjarri ka p\u00ebrfshir\u00eb malin e T\u00ebrbunit, n\u00eb zon\u00ebn e Kabashit, si dhe Gojanin e Madh e Gjegjanin, ku p\u00ebrhapja \u00ebsht\u00eb favorizuar nga er\u00ebrat e\u2026","rel":"","context":"In &quot;Blogu i Udh\u00ebtarit&quot;","block_context":{"text":"Blogu i Udh\u00ebtarit","link":"https:\/\/www.shqiperia.com\/blog\/category\/blogu-i-udhetarit\/"},"img":{"alt_text":"","src":"https:\/\/i0.wp.com\/www.shqiperia.com\/blog\/wp-content\/uploads\/2026\/08\/zjarr-ulishte-patos-763x450-1.jpg?fit=763%2C450&ssl=1&resize=350%2C200","width":350,"height":200,"srcset":"https:\/\/i0.wp.com\/www.shqiperia.com\/blog\/wp-content\/uploads\/2026\/08\/zjarr-ulishte-patos-763x450-1.jpg?fit=763%2C450&ssl=1&resize=350%2C200 1x, https:\/\/i0.wp.com\/www.shqiperia.com\/blog\/wp-content\/uploads\/2026\/08\/zjarr-ulishte-patos-763x450-1.jpg?fit=763%2C450&ssl=1&resize=525%2C300 1.5x, https:\/\/i0.wp.com\/www.shqiperia.com\/blog\/wp-content\/uploads\/2026\/08\/zjarr-ulishte-patos-763x450-1.jpg?fit=763%2C450&ssl=1&resize=700%2C400 2x"},"classes":[]},{"id":104842,"url":"https:\/\/www.shqiperia.com\/blog\/zjarri-masiv-ne-puke-flaket-rrezikojne-banesat-urdherohet-evakuimi-i-disa-familjeve\/","url_meta":{"origin":105670,"position":5},"title":"Zjarri masiv n\u00eb Puk\u00eb, flak\u00ebt rrezikojn\u00eb banesat, urdh\u00ebrohet evakuimi i disa familjeve","author":"Kurt Farka","date":"August 20, 2026","format":false,"excerpt":"20 Gusht 2026 N\u00eb Puk\u00eb vijon prej shtate dit\u00ebsh t\u00eb jet\u00eb aktiv zjarri q\u00eb ka p\u00ebrfshir\u00eb sip\u00ebrfaqe tok\u00eb. Situata m\u00eb kritike \u00ebsht\u00eb n\u00eb fshatin Gojan. Gjithashtu flak\u00ebt jan\u00eb masive duke rrezikuar edhe banesat. Nd\u00ebrkoh\u00eb \u00ebsht\u00eb dh\u00ebn\u00eb urdh\u00ebr evakuimi p\u00ebr disa familje. P\u00ebr shuarjen e zjarrin kan\u00eb nd\u00ebrhyr\u00eb edhe dy helikopter\u00eb.","rel":"","context":"In &quot;Blogu i Udh\u00ebtarit&quot;","block_context":{"text":"Blogu i Udh\u00ebtarit","link":"https:\/\/www.shqiperia.com\/blog\/category\/blogu-i-udhetarit\/"},"img":{"alt_text":"","src":"https:\/\/i0.wp.com\/www.shqiperia.com\/blog\/wp-content\/uploads\/2026\/08\/zjarri-ne-Gojan-Puke.jpg?fit=736%2C372&ssl=1&resize=350%2C200","width":350,"height":200,"srcset":"https:\/\/i0.wp.com\/www.shqiperia.com\/blog\/wp-content\/uploads\/2026\/08\/zjarri-ne-Gojan-Puke.jpg?fit=736%2C372&ssl=1&resize=350%2C200 1x, https:\/\/i0.wp.com\/www.shqiperia.com\/blog\/wp-content\/uploads\/2026\/08\/zjarri-ne-Gojan-Puke.jpg?fit=736%2C372&ssl=1&resize=525%2C300 1.5x, https:\/\/i0.wp.com\/www.shqiperia.com\/blog\/wp-content\/uploads\/2026\/08\/zjarri-ne-Gojan-Puke.jpg?fit=736%2C372&ssl=1&resize=700%2C400 2x"},"classes":[]}],"_links":{"self":[{"href":"https:\/\/www.shqiperia.com\/blog\/wp-json\/wp\/v2\/posts\/105670","targetHints":{"allow":["GET"]}}],"collection":[{"href":"https:\/\/www.shqiperia.com\/blog\/wp-json\/wp\/v2\/posts"}],"about":[{"href":"https:\/\/www.shqiperia.com\/blog\/wp-json\/wp\/v2\/types\/post"}],"author":[{"embeddable":true,"href":"https:\/\/www.shqiperia.com\/blog\/wp-json\/wp\/v2\/users\/9"}],"replies":[{"embeddable":true,"href":"https:\/\/www.shqiperia.com\/blog\/wp-json\/wp\/v2\/comments?post=105670"}],"version-history":[{"count":3,"href":"https:\/\/www.shqiperia.com\/blog\/wp-json\/wp\/v2\/posts\/105670\/revisions"}],"predecessor-version":[{"id":105675,"href":"https:\/\/www.shqiperia.com\/blog\/wp-json\/wp\/v2\/posts\/105670\/revisions\/105675"}],"wp:featuredmedia":[{"embeddable":true,"href":"https:\/\/www.shqiperia.com\/blog\/wp-json\/wp\/v2\/media\/105671"}],"wp:attachment":[{"href":"https:\/\/www.shqiperia.com\/blog\/wp-json\/wp\/v2\/media?parent=105670"}],"wp:term":[{"taxonomy":"category","embeddable":true,"href":"https:\/\/www.shqiperia.com\/blog\/wp-json\/wp\/v2\/categories?post=105670"},{"taxonomy":"post_tag","embeddable":true,"href":"https:\/\/www.shqiperia.com\/blog\/wp-json\/wp\/v2\/tags?post=105670"}],"curies":[{"name":"wp","href":"https:\/\/api.w.org\/{rel}","templated":true}]}}