{"id":105665,"date":"2026-09-01T10:36:36","date_gmt":"2026-09-01T10:36:36","guid":{"rendered":"https:\/\/www.shqiperia.com\/blog\/?p=105665"},"modified":"2026-09-01T10:36:36","modified_gmt":"2026-09-01T10:36:36","slug":"pse-fjala-gotik-fillimisht-ishte-nje-fyerje","status":"publish","type":"post","link":"https:\/\/www.shqiperia.com\/blog\/pse-fjala-gotik-fillimisht-ishte-nje-fyerje\/","title":{"rendered":"Pse fjala \u2018gotik\u2019 fillimisht ishte nj\u00eb fyerje"},"content":{"rendered":"<p><img data-recalc-dims=\"1\" loading=\"lazy\" decoding=\"async\" data-attachment-id=\"105666\" data-permalink=\"https:\/\/www.shqiperia.com\/blog\/pse-fjala-gotik-fillimisht-ishte-nje-fyerje\/auto_images_gettyimages_mmsport_mentalfloss_01m0z6p2rat2dpwnfb651788166950\/\" data-orig-file=\"https:\/\/i0.wp.com\/www.shqiperia.com\/blog\/wp-content\/uploads\/2026\/09\/auto_images_GettyImages_mmsport_mentalfloss_01m0z6p2rat2dpwnfb651788166950.webp?fit=1080%2C608&amp;ssl=1\" data-orig-size=\"1080,608\" data-comments-opened=\"1\" data-image-meta=\"{&quot;aperture&quot;:&quot;0&quot;,&quot;credit&quot;:&quot;&quot;,&quot;camera&quot;:&quot;&quot;,&quot;caption&quot;:&quot;&quot;,&quot;created_timestamp&quot;:&quot;0&quot;,&quot;copyright&quot;:&quot;&quot;,&quot;focal_length&quot;:&quot;0&quot;,&quot;iso&quot;:&quot;0&quot;,&quot;shutter_speed&quot;:&quot;0&quot;,&quot;title&quot;:&quot;&quot;,&quot;orientation&quot;:&quot;0&quot;}\" data-image-title=\"auto_images_GettyImages_mmsport_mentalfloss_01m0z6p2rat2dpwnfb651788166950\" data-image-description=\"\" data-image-caption=\"\" data-medium-file=\"https:\/\/i0.wp.com\/www.shqiperia.com\/blog\/wp-content\/uploads\/2026\/09\/auto_images_GettyImages_mmsport_mentalfloss_01m0z6p2rat2dpwnfb651788166950.webp?fit=300%2C169&amp;ssl=1\" data-large-file=\"https:\/\/i0.wp.com\/www.shqiperia.com\/blog\/wp-content\/uploads\/2026\/09\/auto_images_GettyImages_mmsport_mentalfloss_01m0z6p2rat2dpwnfb651788166950.webp?fit=1024%2C576&amp;ssl=1\" class=\"alignnone  wp-image-105666\" alt=\"\" src=\"https:\/\/i0.wp.com\/www.shqiperia.com\/blog\/wp-content\/uploads\/2026\/09\/auto_images_GettyImages_mmsport_mentalfloss_01m0z6p2rat2dpwnfb651788166950.webp?resize=618%2C348&#038;ssl=1\" width=\"618\" height=\"348\" srcset=\"https:\/\/i0.wp.com\/www.shqiperia.com\/blog\/wp-content\/uploads\/2026\/09\/auto_images_GettyImages_mmsport_mentalfloss_01m0z6p2rat2dpwnfb651788166950.webp?resize=300%2C169&amp;ssl=1 300w, https:\/\/i0.wp.com\/www.shqiperia.com\/blog\/wp-content\/uploads\/2026\/09\/auto_images_GettyImages_mmsport_mentalfloss_01m0z6p2rat2dpwnfb651788166950.webp?resize=1024%2C576&amp;ssl=1 1024w, https:\/\/i0.wp.com\/www.shqiperia.com\/blog\/wp-content\/uploads\/2026\/09\/auto_images_GettyImages_mmsport_mentalfloss_01m0z6p2rat2dpwnfb651788166950.webp?resize=768%2C432&amp;ssl=1 768w, https:\/\/i0.wp.com\/www.shqiperia.com\/blog\/wp-content\/uploads\/2026\/09\/auto_images_GettyImages_mmsport_mentalfloss_01m0z6p2rat2dpwnfb651788166950.webp?resize=450%2C253&amp;ssl=1 450w, https:\/\/i0.wp.com\/www.shqiperia.com\/blog\/wp-content\/uploads\/2026\/09\/auto_images_GettyImages_mmsport_mentalfloss_01m0z6p2rat2dpwnfb651788166950.webp?resize=600%2C338&amp;ssl=1 600w, https:\/\/i0.wp.com\/www.shqiperia.com\/blog\/wp-content\/uploads\/2026\/09\/auto_images_GettyImages_mmsport_mentalfloss_01m0z6p2rat2dpwnfb651788166950.webp?resize=400%2C225&amp;ssl=1 400w, https:\/\/i0.wp.com\/www.shqiperia.com\/blog\/wp-content\/uploads\/2026\/09\/auto_images_GettyImages_mmsport_mentalfloss_01m0z6p2rat2dpwnfb651788166950.webp?w=1080&amp;ssl=1 1080w\" sizes=\"auto, (max-width: 618px) 100vw, 618px\" \/><\/p>\n<p>1 Shtator 2026<\/p>\n<p>Sot fjala \u201cgotik\u201d mund t\u00eb na sjell\u00eb n\u00eb mendje katedrale mesjetare me harqe t\u00eb mprehta, romane dhe filma misterioz\u00eb apo njer\u00ebz t\u00eb veshur me t\u00eb zeza q\u00eb d\u00ebgjojn\u00eb muzik\u00eb t\u00eb err\u00ebt. Por kjo fjal\u00eb ka nj\u00eb histori shum\u00eb m\u00eb t\u00eb vjet\u00ebr dhe krejt tjet\u00ebr. Ajo lidhet me got\u00ebt, nj\u00eb popull gjermanik q\u00eb luajti rol n\u00eb r\u00ebnien e Perandoris\u00eb Romake, dhe p\u00ebr shekuj me radh\u00eb \u201cgotik\u201d u p\u00ebrdor si nj\u00eb term p\u00ebr\u00e7mues.<\/p>\n<p><span><strong>Lindja e nj\u00eb fyerjeje gjat\u00eb Rilindje.<\/strong><\/span><\/p>\n<p>Got\u00ebt luajt\u00ebn nj\u00eb rol t\u00eb r\u00ebnd\u00ebsish\u00ebm n\u00eb r\u00ebnien e Perandoris\u00eb Romake, ngjarje q\u00eb \u00e7oi drejt periudh\u00ebs historike t\u00eb njohur si Mesjeta. Gjat\u00eb Rilindjes Italiane, e cila mendohet se filloi n\u00eb shekullin XIV, artist\u00eb, arkitekt\u00eb, historian\u00eb dhe studiues nis\u00ebn t\u00eb rizbulonin dhe t\u00eb nderonin trash\u00ebgimin\u00eb e Rom\u00ebs s\u00eb Lasht\u00eb. Kjo solli gjithashtu pak\u00ebnaq\u00ebsi ndaj popujve q\u00eb kishin kontribuar n\u00eb r\u00ebnien e saj.<\/p>\n<p>Got\u00ebt p\u00ebrshkruheshin shpesh si \u201cbarbar\u00eb\u201d q\u00eb kishin shkat\u00ebrruar gjith\u00e7ka q\u00eb ekzistonte para tyre. K\u00ebt\u00eb ide e p\u00ebrs\u00ebriti shum\u00eb her\u00eb historiani i artit Giorgio Vasari n\u00eb p\u00ebrmbledhjen e tij biografike Jeta e piktor\u00ebve, skulptor\u00ebve dhe arkitekt\u00ebve m\u00eb t\u00eb shquar, e njohur m\u00eb mir\u00eb si Jet\u00ebt e artist\u00ebve.<\/p>\n<p>Pik\u00ebrisht n\u00eb k\u00ebt\u00eb vep\u00ebr Vasari p\u00ebrdori shprehjen \u201cgotik\u201d, duke p\u00ebrdorur termin dei Gotthi p\u00ebr t\u2019iu referuar k\u00ebsaj ideje:\u201cPastaj u shfaq\u00ebn arkitekt\u00eb t\u00eb rinj, t\u00eb cil\u00ebt, sipas m\u00ebnyr\u00ebs s\u00eb kombeve t\u00eb tyre barbare, ngrit\u00ebn nd\u00ebrtesa n\u00eb at\u00eb stil q\u00eb ne e quajm\u00eb gotik (dei Gotthi).\u201d<\/p>\n<p><span><strong>Nga nj\u00eb term p\u00ebr\u00e7mues te ringjallja romantike<\/strong><\/span><\/p>\n<p><img data-recalc-dims=\"1\" decoding=\"async\" alt=\"Image\" src=\"https:\/\/i0.wp.com\/www.syri.net\/uploads\/syri.net\/images\/2026\/August\/31\/auto_images_GettyImages_mmsport_mentalfloss_01m0z6bvba1yhmz7rpg81788166950.webp?ssl=1\" \/><\/p>\n<p>N\u00eb vitet 1610, termi kaloi edhe n\u00eb gjuh\u00ebn angleze, ku \u201cgotik\u201d u p\u00ebrdor fillimisht p\u00ebr gj\u00ebra q\u00eb lidheshin me got\u00ebt si popull. Meq\u00eb got\u00ebt ishin popull gjermanik, gjat\u00eb shekullit XVII kuptimi i fjal\u00ebs u zgjerua gradualisht edhe p\u00ebr gj\u00ebra t\u00eb tjera q\u00eb lidheshin me popujt gjermanik\u00eb, edhe kur ato nuk kishin lidhje t\u00eb drejtp\u00ebrdrejt\u00eb me got\u00ebt.<\/p>\n<p>Nga fundi i shekullit XVIII, shkrimtar\u00ebt e epok\u00ebs romantike nis\u00ebn ta p\u00ebrvet\u00ebsonin s\u00ebrish termin. Ngjyrimi i tij negativ u zhduk p\u00ebrfundimisht n\u00eb mesin e shekullit XIX, kur u rrit interesi p\u00ebr estetik\u00ebn mesjetare, n\u00eb nj\u00eb periudh\u00eb q\u00eb u njoh si \u201cRilindja gotike\u201d.<\/p>\n<div id=\"attachment_105667\" style=\"width: 751px\" class=\"wp-caption alignnone\"><img data-recalc-dims=\"1\" loading=\"lazy\" decoding=\"async\" aria-describedby=\"caption-attachment-105667\" data-attachment-id=\"105667\" data-permalink=\"https:\/\/www.shqiperia.com\/blog\/pse-fjala-gotik-fillimisht-ishte-nje-fyerje\/pse-fjala-gotik-fillimisht-ishte-nje-fyerje\/\" data-orig-file=\"https:\/\/i0.wp.com\/www.shqiperia.com\/blog\/wp-content\/uploads\/2026\/09\/Pse-fjala-%E2%80%98gotik-fillimisht-ishte-nje-fyerje.jpg?fit=864%2C508&amp;ssl=1\" data-orig-size=\"864,508\" data-comments-opened=\"1\" data-image-meta=\"{&quot;aperture&quot;:&quot;0&quot;,&quot;credit&quot;:&quot;&quot;,&quot;camera&quot;:&quot;&quot;,&quot;caption&quot;:&quot;&quot;,&quot;created_timestamp&quot;:&quot;0&quot;,&quot;copyright&quot;:&quot;&quot;,&quot;focal_length&quot;:&quot;0&quot;,&quot;iso&quot;:&quot;0&quot;,&quot;shutter_speed&quot;:&quot;0&quot;,&quot;title&quot;:&quot;&quot;,&quot;orientation&quot;:&quot;0&quot;}\" data-image-title=\"Pse fjala \u2018gotik\u2019 fillimisht ishte nj\u00eb fyerje\" data-image-description=\"\" data-image-caption=\"&lt;p&gt;Pse fjala \u2018gotik\u2019 fillimisht ishte nj\u00eb fyerje&lt;\/p&gt;\n\" data-medium-file=\"https:\/\/i0.wp.com\/www.shqiperia.com\/blog\/wp-content\/uploads\/2026\/09\/Pse-fjala-%E2%80%98gotik-fillimisht-ishte-nje-fyerje.jpg?fit=300%2C176&amp;ssl=1\" data-large-file=\"https:\/\/i0.wp.com\/www.shqiperia.com\/blog\/wp-content\/uploads\/2026\/09\/Pse-fjala-%E2%80%98gotik-fillimisht-ishte-nje-fyerje.jpg?fit=864%2C508&amp;ssl=1\" class=\" wp-image-105667\" alt=\"\" src=\"https:\/\/i0.wp.com\/www.shqiperia.com\/blog\/wp-content\/uploads\/2026\/09\/Pse-fjala-%E2%80%98gotik-fillimisht-ishte-nje-fyerje.jpg?resize=741%2C435&#038;ssl=1\" width=\"741\" height=\"435\" srcset=\"https:\/\/i0.wp.com\/www.shqiperia.com\/blog\/wp-content\/uploads\/2026\/09\/Pse-fjala-%E2%80%98gotik-fillimisht-ishte-nje-fyerje.jpg?resize=300%2C176&amp;ssl=1 300w, https:\/\/i0.wp.com\/www.shqiperia.com\/blog\/wp-content\/uploads\/2026\/09\/Pse-fjala-%E2%80%98gotik-fillimisht-ishte-nje-fyerje.jpg?resize=768%2C452&amp;ssl=1 768w, https:\/\/i0.wp.com\/www.shqiperia.com\/blog\/wp-content\/uploads\/2026\/09\/Pse-fjala-%E2%80%98gotik-fillimisht-ishte-nje-fyerje.jpg?resize=450%2C265&amp;ssl=1 450w, https:\/\/i0.wp.com\/www.shqiperia.com\/blog\/wp-content\/uploads\/2026\/09\/Pse-fjala-%E2%80%98gotik-fillimisht-ishte-nje-fyerje.jpg?resize=600%2C353&amp;ssl=1 600w, https:\/\/i0.wp.com\/www.shqiperia.com\/blog\/wp-content\/uploads\/2026\/09\/Pse-fjala-%E2%80%98gotik-fillimisht-ishte-nje-fyerje.jpg?resize=400%2C235&amp;ssl=1 400w, https:\/\/i0.wp.com\/www.shqiperia.com\/blog\/wp-content\/uploads\/2026\/09\/Pse-fjala-%E2%80%98gotik-fillimisht-ishte-nje-fyerje.jpg?w=864&amp;ssl=1 864w\" sizes=\"auto, (max-width: 741px) 100vw, 741px\" \/><p id=\"caption-attachment-105667\" class=\"wp-caption-text\">Pse fjala \u2018gotik\u2019 fillimisht ishte nj\u00eb fyerje<\/p><\/div>\n<p>Sot, \u201cgotik\u201d p\u00ebrdoret p\u00ebr shum\u00eb gj\u00ebra t\u00eb ndryshme: nga arkitektura dhe let\u00ebrsia te muzika, moda dhe kultura popullore. Kuptimet e tij jan\u00eb zgjeruar shum\u00eb dhe fjala tashm\u00eb \u00ebsht\u00eb shk\u00ebputur nga origjina e saj p\u00ebr\u00e7muese. Pra, kur di\u00e7ka quhet \u201cgotike\u201d, kjo mund t\u00eb n\u00ebnkuptoj\u00eb shum\u00eb gj\u00ebra, por jo m\u00eb nj\u00eb fyerje ndaj asaj q\u00eb p\u00ebrshkruhet.<\/p>\n","protected":false},"excerpt":{"rendered":"<p>1 Shtator 2026 Sot fjala \u201cgotik\u201d mund t\u00eb na sjell\u00eb n\u00eb mendje katedrale mesjetare me harqe t\u00eb mprehta, romane dhe filma misterioz\u00eb apo njer\u00ebz t\u00eb veshur me t\u00eb zeza q\u00eb d\u00ebgjojn\u00eb muzik\u00eb t\u00eb err\u00ebt. Por kjo fjal\u00eb ka nj\u00eb histori shum\u00eb m\u00eb t\u00eb vjet\u00ebr dhe krejt tjet\u00ebr. Ajo lidhet me got\u00ebt, nj\u00eb popull gjermanik q\u00eb [&hellip;]<\/p>\n","protected":false},"author":9,"featured_media":105666,"comment_status":"open","ping_status":"open","sticky":false,"template":"","format":"standard","meta":{"jetpack_post_was_ever_published":false,"_jetpack_newsletter_access":"","_jetpack_dont_email_post_to_subs":false,"_jetpack_newsletter_tier_id":0,"_jetpack_memberships_contains_paywalled_content":false,"_jetpack_memberships_contains_paid_content":false,"footnotes":"","jetpack_publicize_message":"","jetpack_publicize_feature_enabled":true,"jetpack_social_post_already_shared":true,"jetpack_social_options":{"image_generator_settings":{"template":"highway","default_image_id":0,"font":"","enabled":false},"version":2}},"categories":[27,85,10,35],"tags":[],"class_list":["post-105665","post","type-post","status-publish","format-standard","has-post-thumbnail","hentry","category-blogu-i-udhetarit","category-histori","category-kultura","category-shoqerore"],"jetpack_publicize_connections":[],"jetpack_featured_media_url":"https:\/\/i0.wp.com\/www.shqiperia.com\/blog\/wp-content\/uploads\/2026\/09\/auto_images_GettyImages_mmsport_mentalfloss_01m0z6p2rat2dpwnfb651788166950.webp?fit=1080%2C608&ssl=1","jetpack_sharing_enabled":true,"jetpack_shortlink":"https:\/\/wp.me\/p5Z6wp-ruh","jetpack-related-posts":[{"id":100123,"url":"https:\/\/www.shqiperia.com\/blog\/fundi-i-nje-perandorie-roma-nuk-u-shkaterrua-nga-barbaret-thone-te-dhenat-nga-antropologjia-molekulare\/","url_meta":{"origin":105665,"position":0},"title":"Fundi i nj\u00eb Perandorie &#8211; Roma nuk u shkat\u00ebrrua nga barbar\u00ebt, thon\u00eb t\u00eb dh\u00ebnat nga antropologjia molekulare","author":"Kurt Farka","date":"May 11, 2026","format":false,"excerpt":"11 Maji 2026 Fundi i Perandoris\u00eb Romake t\u00eb Per\u00ebndimit u verifikua n\u00eb vitin 476 dhe gjithnj\u00eb \u00ebsht\u00eb lidhur me migrimet n\u00eb mas\u00eb t\u00eb popullsive t\u00eb evrop\u00ebs veriore. Pushtimet barbare dhe momenti i mb\u00ebrritjes s\u00eb klaneve sh\u00ebnoi fundin e dominimit romak duke ndryshuar asetet shoq\u00ebrore dhe demografike t\u00eb gjith\u00eb konintentit. Por\u2026","rel":"","context":"In &quot;Blogu i Udh\u00ebtarit&quot;","block_context":{"text":"Blogu i Udh\u00ebtarit","link":"https:\/\/www.shqiperia.com\/blog\/category\/blogu-i-udhetarit\/"},"img":{"alt_text":"","src":"https:\/\/i0.wp.com\/www.shqiperia.com\/blog\/wp-content\/uploads\/2026\/05\/perandoria-romake.jpg?fit=1024%2C684&ssl=1&resize=350%2C200","width":350,"height":200,"srcset":"https:\/\/i0.wp.com\/www.shqiperia.com\/blog\/wp-content\/uploads\/2026\/05\/perandoria-romake.jpg?fit=1024%2C684&ssl=1&resize=350%2C200 1x, https:\/\/i0.wp.com\/www.shqiperia.com\/blog\/wp-content\/uploads\/2026\/05\/perandoria-romake.jpg?fit=1024%2C684&ssl=1&resize=525%2C300 1.5x, https:\/\/i0.wp.com\/www.shqiperia.com\/blog\/wp-content\/uploads\/2026\/05\/perandoria-romake.jpg?fit=1024%2C684&ssl=1&resize=700%2C400 2x"},"classes":[]},{"id":100475,"url":"https:\/\/www.shqiperia.com\/blog\/nje-zbulim-historik-ne-siri-punetori-i-ndertimit-gjen-varre-te-lashta-1500-vjecare\/","url_meta":{"origin":105665,"position":1},"title":"Nj\u00eb zbulim historik n\u00eb Siri\/ Pun\u00ebtori i nd\u00ebrtimit gjen varre t\u00eb lashta 1500-vje\u00e7are","author":"Kurt Farka","date":"May 20, 2026","format":false,"excerpt":"20 Maji 2026 Nj\u00eb pun\u00ebtor nd\u00ebrtimi zbuloi nj\u00eb kompleks varresh 1,500-vje\u00e7ar, nd\u00ebrsa po hiqte rr\u00ebnojat e shkat\u00ebrruara nga lufta. Zbulimi i pabesuesh\u00ebm i nj\u00eb kompleksi t\u00eb lasht\u00eb varresh bizantine u gjet n\u00eb provinc\u00ebn siriane t\u00eb Idlibit n\u00eb veri t\u00eb vendit. Ato u gjet\u00ebn nga nj\u00eb pun\u00ebtor nd\u00ebrtimi i cili po\u2026","rel":"","context":"In &quot;Arte&quot;","block_context":{"text":"Arte","link":"https:\/\/www.shqiperia.com\/blog\/category\/arte\/"},"img":{"alt_text":"","src":"https:\/\/i0.wp.com\/www.shqiperia.com\/blog\/wp-content\/uploads\/2026\/05\/image-2-3.webp?fit=800%2C533&ssl=1&resize=350%2C200","width":350,"height":200,"srcset":"https:\/\/i0.wp.com\/www.shqiperia.com\/blog\/wp-content\/uploads\/2026\/05\/image-2-3.webp?fit=800%2C533&ssl=1&resize=350%2C200 1x, https:\/\/i0.wp.com\/www.shqiperia.com\/blog\/wp-content\/uploads\/2026\/05\/image-2-3.webp?fit=800%2C533&ssl=1&resize=525%2C300 1.5x, https:\/\/i0.wp.com\/www.shqiperia.com\/blog\/wp-content\/uploads\/2026\/05\/image-2-3.webp?fit=800%2C533&ssl=1&resize=700%2C400 2x"},"classes":[]},{"id":105250,"url":"https:\/\/www.shqiperia.com\/blog\/mbreteresha-nubiane-qe-i-beri-balle-ushtrise-se-cezarit\/","url_meta":{"origin":105665,"position":2},"title":"Mbret\u00ebresha nubiane q\u00eb i b\u00ebri ball\u00eb ushtris\u00eb s\u00eb Cezarit","author":"Kurt Farka","date":"August 26, 2026","format":false,"excerpt":"26 Gusht 2026 Nga viti 25 deri n\u00eb vitin 21 para Krishtit, Amanirenas, mbret\u00ebresha ose Kandake e Mbret\u00ebris\u00eb s\u00eb Kushit, arriti t\u00eb b\u00ebnte at\u00eb q\u00eb shum\u00eb udh\u00ebheq\u00ebs meshkuj t\u00eb koh\u00ebs s\u00eb saj nuk mund\u00ebn ta b\u00ebnin: t\u00eb zmbrapste nj\u00eb pushtim romak. N\u00ebn komand\u00ebn e mbret\u00ebresh\u00ebs Amanirenas, rreth 30,000 ushtar\u00eb t\u00eb\u2026","rel":"","context":"In &quot;Blogu i Udh\u00ebtarit&quot;","block_context":{"text":"Blogu i Udh\u00ebtarit","link":"https:\/\/www.shqiperia.com\/blog\/category\/blogu-i-udhetarit\/"},"img":{"alt_text":"","src":"https:\/\/i0.wp.com\/www.shqiperia.com\/blog\/wp-content\/uploads\/2026\/08\/lion-temples-1024x768-1.jpg?fit=1023%2C664&ssl=1&resize=350%2C200","width":350,"height":200,"srcset":"https:\/\/i0.wp.com\/www.shqiperia.com\/blog\/wp-content\/uploads\/2026\/08\/lion-temples-1024x768-1.jpg?fit=1023%2C664&ssl=1&resize=350%2C200 1x, https:\/\/i0.wp.com\/www.shqiperia.com\/blog\/wp-content\/uploads\/2026\/08\/lion-temples-1024x768-1.jpg?fit=1023%2C664&ssl=1&resize=525%2C300 1.5x, https:\/\/i0.wp.com\/www.shqiperia.com\/blog\/wp-content\/uploads\/2026\/08\/lion-temples-1024x768-1.jpg?fit=1023%2C664&ssl=1&resize=700%2C400 2x"},"classes":[]},{"id":105528,"url":"https:\/\/www.shqiperia.com\/blog\/8-destinacionet-turistike-qe-romaket-i-kishin-ne-listen-e-tyre-te-deshirave\/","url_meta":{"origin":105665,"position":3},"title":"8 destinacionet turistike q\u00eb romak\u00ebt i kishin n\u00eb list\u00ebn e tyre t\u00eb d\u00ebshirave","author":"Kurt Farka","date":"August 30, 2026","format":false,"excerpt":"30 Gusht 2026 Udh\u00ebtimet nuk jan\u00eb aspak nj\u00eb shpikje moderne. Edhe romak\u00ebt e lasht\u00eb, sidomos ata t\u00eb pasur, udh\u00ebtonin p\u00ebr pushime, p\u00ebr t\u2019u kuruar, p\u00ebr t\u00eb m\u00ebsuar dhe p\u00ebr t\u00eb vizituar vende t\u00eb famshme. Nga piramidat e Giz\u00ebs dhe ishujt grek\u00eb, te tempujt, Loj\u00ebrat Olimpike dhe resortet luksoze, k\u00ebto ishin\u2026","rel":"","context":"In &quot;Blogu i Udh\u00ebtarit&quot;","block_context":{"text":"Blogu i Udh\u00ebtarit","link":"https:\/\/www.shqiperia.com\/blog\/category\/blogu-i-udhetarit\/"},"img":{"alt_text":"","src":"https:\/\/i0.wp.com\/www.shqiperia.com\/blog\/wp-content\/uploads\/2026\/08\/auto_images_voltaxMediaLibrary_mmsport_mentalfloss_01m0wwqyy7e0swyq95ms1787829029.webp?fit=1080%2C608&ssl=1&resize=350%2C200","width":350,"height":200,"srcset":"https:\/\/i0.wp.com\/www.shqiperia.com\/blog\/wp-content\/uploads\/2026\/08\/auto_images_voltaxMediaLibrary_mmsport_mentalfloss_01m0wwqyy7e0swyq95ms1787829029.webp?fit=1080%2C608&ssl=1&resize=350%2C200 1x, https:\/\/i0.wp.com\/www.shqiperia.com\/blog\/wp-content\/uploads\/2026\/08\/auto_images_voltaxMediaLibrary_mmsport_mentalfloss_01m0wwqyy7e0swyq95ms1787829029.webp?fit=1080%2C608&ssl=1&resize=525%2C300 1.5x, https:\/\/i0.wp.com\/www.shqiperia.com\/blog\/wp-content\/uploads\/2026\/08\/auto_images_voltaxMediaLibrary_mmsport_mentalfloss_01m0wwqyy7e0swyq95ms1787829029.webp?fit=1080%2C608&ssl=1&resize=700%2C400 2x, https:\/\/i0.wp.com\/www.shqiperia.com\/blog\/wp-content\/uploads\/2026\/08\/auto_images_voltaxMediaLibrary_mmsport_mentalfloss_01m0wwqyy7e0swyq95ms1787829029.webp?fit=1080%2C608&ssl=1&resize=1050%2C600 3x"},"classes":[]},{"id":104197,"url":"https:\/\/www.shqiperia.com\/blog\/anija-romake-2100-vjecare-me-500-amfora-gjendet-ne-brigjet-e-sicilise\/","url_meta":{"origin":105665,"position":4},"title":"Anija romake 2100-vje\u00e7are me 500 amfora gjendet n\u00eb brigjet e Si\u00e7ilis\u00eb","author":"Kurt Farka","date":"August 11, 2026","format":false,"excerpt":"11 Gusht 2026 Nj\u00eb anije e mbytur romake 2,100-vje\u00e7are q\u00eb mbante rreth 500 amfora \u00ebsht\u00eb zbuluar 3 milje larg brigjeve t\u00eb Mazara del Vallo n\u00eb Si\u00e7ili. Skuadra italiane e mbrojtjes s\u00eb trash\u00ebgimis\u00eb kulturore t\u00eb Karabinier\u00ebve hetoi rr\u00ebnojat me ndihm\u00ebn e zhyt\u00ebsve dhe kamerave n\u00ebnujore, pasi mori nj\u00eb informacion nga peshkatar\u00ebt.\u2026","rel":"","context":"In &quot;Blogu i Udh\u00ebtarit&quot;","block_context":{"text":"Blogu i Udh\u00ebtarit","link":"https:\/\/www.shqiperia.com\/blog\/category\/blogu-i-udhetarit\/"},"img":{"alt_text":"","src":"https:\/\/i0.wp.com\/www.shqiperia.com\/blog\/wp-content\/uploads\/2026\/08\/auto_ANIJA1786383635-1.png?fit=900%2C414&ssl=1&resize=350%2C200","width":350,"height":200,"srcset":"https:\/\/i0.wp.com\/www.shqiperia.com\/blog\/wp-content\/uploads\/2026\/08\/auto_ANIJA1786383635-1.png?fit=900%2C414&ssl=1&resize=350%2C200 1x, https:\/\/i0.wp.com\/www.shqiperia.com\/blog\/wp-content\/uploads\/2026\/08\/auto_ANIJA1786383635-1.png?fit=900%2C414&ssl=1&resize=525%2C300 1.5x, https:\/\/i0.wp.com\/www.shqiperia.com\/blog\/wp-content\/uploads\/2026\/08\/auto_ANIJA1786383635-1.png?fit=900%2C414&ssl=1&resize=700%2C400 2x"},"classes":[]},{"id":104384,"url":"https:\/\/www.shqiperia.com\/blog\/nje-shishe-me-vaj-ulliri-dhe-nje-buke-te-varrosura-nen-hirin-e-vezuvit-zbulohen-pas-dymije-vitesh\/","url_meta":{"origin":105665,"position":5},"title":"Nj\u00eb shishe me vaj ulliri dhe nj\u00eb buk\u00eb, t\u00eb varrosura n\u00ebn hirin e Vezuvit, zbulohen pas dymij\u00eb vitesh","author":"Kurt Farka","date":"August 13, 2026","format":false,"excerpt":"13 Gusht 2026 E paimagjinueshme, por e v\u00ebrtet\u00eb. Kjo shishe prej qelqi \u00ebsht\u00eb pothuajse 2,000-vje\u00e7are dhe, n\u00eb m\u00ebnyr\u00eb t\u00eb mrekullueshme, ende p\u00ebrmban vaj ulliri brenda saj. Ena mbeti e varrosur n\u00ebn hirin dhe mbetjet e shp\u00ebrthimit katastrofik t\u00eb vullkanit t\u00eb Vezuvit n\u00eb vitin 79 para Krishtit. Megjith\u00ebse fillimisht u zbulua\u2026","rel":"","context":"In &quot;Blogu i Udh\u00ebtarit&quot;","block_context":{"text":"Blogu i Udh\u00ebtarit","link":"https:\/\/www.shqiperia.com\/blog\/category\/blogu-i-udhetarit\/"},"img":{"alt_text":"","src":"https:\/\/i0.wp.com\/www.shqiperia.com\/blog\/wp-content\/uploads\/2026\/08\/640-0-shish-1786632578.jpg?fit=640%2C574&ssl=1&resize=350%2C200","width":350,"height":200,"srcset":"https:\/\/i0.wp.com\/www.shqiperia.com\/blog\/wp-content\/uploads\/2026\/08\/640-0-shish-1786632578.jpg?fit=640%2C574&ssl=1&resize=350%2C200 1x, https:\/\/i0.wp.com\/www.shqiperia.com\/blog\/wp-content\/uploads\/2026\/08\/640-0-shish-1786632578.jpg?fit=640%2C574&ssl=1&resize=525%2C300 1.5x"},"classes":[]}],"_links":{"self":[{"href":"https:\/\/www.shqiperia.com\/blog\/wp-json\/wp\/v2\/posts\/105665","targetHints":{"allow":["GET"]}}],"collection":[{"href":"https:\/\/www.shqiperia.com\/blog\/wp-json\/wp\/v2\/posts"}],"about":[{"href":"https:\/\/www.shqiperia.com\/blog\/wp-json\/wp\/v2\/types\/post"}],"author":[{"embeddable":true,"href":"https:\/\/www.shqiperia.com\/blog\/wp-json\/wp\/v2\/users\/9"}],"replies":[{"embeddable":true,"href":"https:\/\/www.shqiperia.com\/blog\/wp-json\/wp\/v2\/comments?post=105665"}],"version-history":[{"count":1,"href":"https:\/\/www.shqiperia.com\/blog\/wp-json\/wp\/v2\/posts\/105665\/revisions"}],"predecessor-version":[{"id":105668,"href":"https:\/\/www.shqiperia.com\/blog\/wp-json\/wp\/v2\/posts\/105665\/revisions\/105668"}],"wp:featuredmedia":[{"embeddable":true,"href":"https:\/\/www.shqiperia.com\/blog\/wp-json\/wp\/v2\/media\/105666"}],"wp:attachment":[{"href":"https:\/\/www.shqiperia.com\/blog\/wp-json\/wp\/v2\/media?parent=105665"}],"wp:term":[{"taxonomy":"category","embeddable":true,"href":"https:\/\/www.shqiperia.com\/blog\/wp-json\/wp\/v2\/categories?post=105665"},{"taxonomy":"post_tag","embeddable":true,"href":"https:\/\/www.shqiperia.com\/blog\/wp-json\/wp\/v2\/tags?post=105665"}],"curies":[{"name":"wp","href":"https:\/\/api.w.org\/{rel}","templated":true}]}}