{"id":105662,"date":"2026-09-01T10:28:06","date_gmt":"2026-09-01T10:28:06","guid":{"rendered":"https:\/\/www.shqiperia.com\/blog\/?p=105662"},"modified":"2026-09-01T10:28:06","modified_gmt":"2026-09-01T10:28:06","slug":"transporti-publik-20-30-me-pak-urbane-ne-tirane","status":"publish","type":"post","link":"https:\/\/www.shqiperia.com\/blog\/transporti-publik-20-30-me-pak-urbane-ne-tirane\/","title":{"rendered":"Transporti publik, 20-30% m\u00eb pak urban\u00eb n\u00eb Tiran\u00eb"},"content":{"rendered":"<p data-asw-org-font-size=\"16\"><img data-recalc-dims=\"1\" loading=\"lazy\" decoding=\"async\" data-attachment-id=\"105663\" data-permalink=\"https:\/\/www.shqiperia.com\/blog\/transporti-publik-20-30-me-pak-urbane-ne-tirane\/autobus\/\" data-orig-file=\"https:\/\/i0.wp.com\/www.shqiperia.com\/blog\/wp-content\/uploads\/2026\/09\/autobus.jpg?fit=900%2C505&amp;ssl=1\" data-orig-size=\"900,505\" data-comments-opened=\"1\" data-image-meta=\"{&quot;aperture&quot;:&quot;0&quot;,&quot;credit&quot;:&quot;&quot;,&quot;camera&quot;:&quot;&quot;,&quot;caption&quot;:&quot;&quot;,&quot;created_timestamp&quot;:&quot;0&quot;,&quot;copyright&quot;:&quot;&quot;,&quot;focal_length&quot;:&quot;0&quot;,&quot;iso&quot;:&quot;0&quot;,&quot;shutter_speed&quot;:&quot;0&quot;,&quot;title&quot;:&quot;&quot;,&quot;orientation&quot;:&quot;0&quot;}\" data-image-title=\"autobus\" data-image-description=\"\" data-image-caption=\"\" data-medium-file=\"https:\/\/i0.wp.com\/www.shqiperia.com\/blog\/wp-content\/uploads\/2026\/09\/autobus.jpg?fit=300%2C168&amp;ssl=1\" data-large-file=\"https:\/\/i0.wp.com\/www.shqiperia.com\/blog\/wp-content\/uploads\/2026\/09\/autobus.jpg?fit=900%2C505&amp;ssl=1\" class=\"alignnone  wp-image-105663\" alt=\"\" src=\"https:\/\/i0.wp.com\/www.shqiperia.com\/blog\/wp-content\/uploads\/2026\/09\/autobus.jpg?resize=557%2C312&#038;ssl=1\" width=\"557\" height=\"312\" srcset=\"https:\/\/i0.wp.com\/www.shqiperia.com\/blog\/wp-content\/uploads\/2026\/09\/autobus.jpg?resize=300%2C168&amp;ssl=1 300w, https:\/\/i0.wp.com\/www.shqiperia.com\/blog\/wp-content\/uploads\/2026\/09\/autobus.jpg?resize=768%2C431&amp;ssl=1 768w, https:\/\/i0.wp.com\/www.shqiperia.com\/blog\/wp-content\/uploads\/2026\/09\/autobus.jpg?resize=450%2C253&amp;ssl=1 450w, https:\/\/i0.wp.com\/www.shqiperia.com\/blog\/wp-content\/uploads\/2026\/09\/autobus.jpg?resize=600%2C337&amp;ssl=1 600w, https:\/\/i0.wp.com\/www.shqiperia.com\/blog\/wp-content\/uploads\/2026\/09\/autobus.jpg?resize=400%2C224&amp;ssl=1 400w, https:\/\/i0.wp.com\/www.shqiperia.com\/blog\/wp-content\/uploads\/2026\/09\/autobus.jpg?w=900&amp;ssl=1 900w\" sizes=\"auto, (max-width: 557px) 100vw, 557px\" \/><\/p>\n<p class=\"wp-block-paragraph\" data-asw-org-font-size=\"16\">1 Shtator 2026<\/p>\n<p class=\"wp-block-paragraph\" data-asw-org-font-size=\"16\">Transporti publik n\u00eb Tiran\u00eb ka nisur nga sot funksionimin me nj\u00eb num\u00ebr m\u00eb t\u00eb reduktuar mjetesh.<\/p>\n<p class=\"wp-block-paragraph\" data-asw-org-font-size=\"16\">Operator\u00ebt urban\u00eb kan\u00eb nxjerr\u00eb n\u00eb qarkullim rreth 20\u201330% m\u00eb pak autobus\u00eb, nj\u00eb mas\u00eb q\u00eb pritet t\u00eb ndikoj\u00eb drejtp\u00ebrdrejt te koha e pritjes s\u00eb qytetar\u00ebve dhe frekuenca e linjave.<\/p>\n<p class=\"wp-block-paragraph\" data-asw-org-font-size=\"16\">Vendimi hyn n\u00eb fuqi m\u00eb 1 shtator dhe, sipas operator\u00ebve, lidhet me v\u00ebshtir\u00ebsit\u00eb e theksuara financiare q\u00eb po p\u00ebrballen kompanit\u00eb e transportit. P\u00ebr pasagjer\u00ebt, reduktimi i flot\u00ebs n\u00ebnkupton intervale m\u00eb t\u00eb gjata mes autobus\u00ebve dhe, n\u00eb disa linja, mund\u00ebsi p\u00ebr mbingarkes\u00eb m\u00eb t\u00eb madhe.<\/p>\n<p class=\"wp-block-paragraph\" data-asw-org-font-size=\"16\">Masa ishte paralajm\u00ebruar m\u00eb her\u00ebt p\u00ebrmes nj\u00eb letre drejtuar Kryeministris\u00eb, Bashkis\u00eb s\u00eb Tiran\u00ebs dhe institucioneve p\u00ebrgjegj\u00ebse. Shoqata Komb\u00ebtare e Transportit Qytetas dhe Shoqata e Transportit Urban dhe Interurban kan\u00eb k\u00ebrkuar nd\u00ebrhyrje urgjente, duke argumentuar se mungesa e mb\u00ebshtetjes financiare nuk u lejon operator\u00ebve t\u00eb vijojn\u00eb aktivitetin me kapacitet t\u00eb plot\u00eb.<\/p>\n<p class=\"wp-block-paragraph\" data-asw-org-font-size=\"16\">Sipas tyre, situata \u00ebsht\u00eb r\u00ebnduar nga kostot e operimit, nd\u00ebrsa nd\u00ebr k\u00ebrkesat kryesore drejtuar institucioneve jan\u00eb realizimi i kompensimeve dhe vijimi i mb\u00ebshtetjes p\u00ebr kostot e karburantit.<\/p>\n","protected":false},"excerpt":{"rendered":"<p>1 Shtator 2026 Transporti publik n\u00eb Tiran\u00eb ka nisur nga sot funksionimin me nj\u00eb num\u00ebr m\u00eb t\u00eb reduktuar mjetesh. Operator\u00ebt urban\u00eb kan\u00eb nxjerr\u00eb n\u00eb qarkullim rreth 20\u201330% m\u00eb pak autobus\u00eb, nj\u00eb mas\u00eb q\u00eb pritet t\u00eb ndikoj\u00eb drejtp\u00ebrdrejt te koha e pritjes s\u00eb qytetar\u00ebve dhe frekuenca e linjave. Vendimi hyn n\u00eb fuqi m\u00eb 1 shtator dhe, [&hellip;]<\/p>\n","protected":false},"author":9,"featured_media":105663,"comment_status":"open","ping_status":"open","sticky":false,"template":"","format":"standard","meta":{"jetpack_post_was_ever_published":false,"_jetpack_newsletter_access":"","_jetpack_dont_email_post_to_subs":false,"_jetpack_newsletter_tier_id":0,"_jetpack_memberships_contains_paywalled_content":false,"_jetpack_memberships_contains_paid_content":false,"footnotes":"","jetpack_publicize_message":"","jetpack_publicize_feature_enabled":true,"jetpack_social_post_already_shared":true,"jetpack_social_options":{"image_generator_settings":{"template":"highway","default_image_id":0,"font":"","enabled":false},"version":2}},"categories":[27,1,2],"tags":[],"class_list":["post-105662","post","type-post","status-publish","format-standard","has-post-thumbnail","hentry","category-blogu-i-udhetarit","category-njoftime-shtypi","category-politika"],"jetpack_publicize_connections":[],"jetpack_featured_media_url":"https:\/\/i0.wp.com\/www.shqiperia.com\/blog\/wp-content\/uploads\/2026\/09\/autobus.jpg?fit=900%2C505&ssl=1","jetpack_sharing_enabled":true,"jetpack_shortlink":"https:\/\/wp.me\/p5Z6wp-rue","jetpack-related-posts":[{"id":105377,"url":"https:\/\/www.shqiperia.com\/blog\/mbi-12-mije-fotonegativa-ruhen-ne-muzeun-historik-kombetar-tirane\/","url_meta":{"origin":105662,"position":0},"title":"Mbi 12 mij\u00eb fotonegativa\u00a0ruhen n\u00eb Muzeun Historik Komb\u00ebtar, Tiran\u00eb\u00a0","author":"Kurt Farka","date":"August 28, 2026","format":false,"excerpt":"28 Gusht 2026 Nga Julia Vrapi Fondi prej mbi 12 mij\u00eb fotonegativ\u00ebsh i Muzeut Historik Komb\u00ebtar po kalon n\u00eb procesin e digjitalizimit nga Arkivi Q\u00ebndror Shtet\u00ebror i Filmit. Puna, e cila ka nisur prej m\u00eb pak se nj\u00eb viti, ka sjell\u00eb deri tani 4289 fotografi t\u00eb digjitalizuara. Procesi synon ruajtjen\u2026","rel":"","context":"In &quot;Blogu i Udh\u00ebtarit&quot;","block_context":{"text":"Blogu i Udh\u00ebtarit","link":"https:\/\/www.shqiperia.com\/blog\/category\/blogu-i-udhetarit\/"},"img":{"alt_text":"","src":"https:\/\/i0.wp.com\/www.shqiperia.com\/blog\/wp-content\/uploads\/2026\/08\/muzeuu-6a8fd28eb20bf.png?fit=576%2C394&ssl=1&resize=350%2C200","width":350,"height":200,"srcset":"https:\/\/i0.wp.com\/www.shqiperia.com\/blog\/wp-content\/uploads\/2026\/08\/muzeuu-6a8fd28eb20bf.png?fit=576%2C394&ssl=1&resize=350%2C200 1x, https:\/\/i0.wp.com\/www.shqiperia.com\/blog\/wp-content\/uploads\/2026\/08\/muzeuu-6a8fd28eb20bf.png?fit=576%2C394&ssl=1&resize=525%2C300 1.5x"},"classes":[]},{"id":100402,"url":"https:\/\/www.shqiperia.com\/blog\/panik-ne-tirane-qeni-tenton-te-sulmoje-femijet-te-kendi-i-lojerave\/","url_meta":{"origin":105662,"position":1},"title":"Panik n\u00eb Tiran\u00eb\/ Qeni tenton t\u00eb sulmoj\u00eb f\u00ebmij\u00ebt te k\u00ebndi i loj\u00ebrave","author":"Kurt Farka","date":"May 18, 2026","format":false,"excerpt":"18 Maji 2026 N\u00eb park ndodheshin shum\u00eb f\u00ebmij\u00eb t\u00eb vegj\u00ebl. Nj\u00eb ngjarje shqet\u00ebsuese \u00ebsht\u00eb raportuar dit\u00ebn e djeshme n\u00eb zon\u00ebn e Liqenit t\u00eb That\u00eb, ku nj\u00eb qen ka tentuar t\u00eb sulmoj\u00eb disa f\u00ebmij\u00eb pran\u00eb k\u00ebndit t\u00eb loj\u00ebrave, duke krijuar panik mes banor\u00ebve dhe prind\u00ebrve q\u00eb ndodheshin aty. Sipas denoncimit, qeni\u2026","rel":"","context":"In &quot;Blogu i Udh\u00ebtarit&quot;","block_context":{"text":"Blogu i Udh\u00ebtarit","link":"https:\/\/www.shqiperia.com\/blog\/category\/blogu-i-udhetarit\/"},"img":{"alt_text":"","src":"https:\/\/i0.wp.com\/www.shqiperia.com\/blog\/wp-content\/uploads\/2026\/05\/aggressive-dog-2.jpg?fit=600%2C345&ssl=1&resize=350%2C200","width":350,"height":200,"srcset":"https:\/\/i0.wp.com\/www.shqiperia.com\/blog\/wp-content\/uploads\/2026\/05\/aggressive-dog-2.jpg?fit=600%2C345&ssl=1&resize=350%2C200 1x, https:\/\/i0.wp.com\/www.shqiperia.com\/blog\/wp-content\/uploads\/2026\/05\/aggressive-dog-2.jpg?fit=600%2C345&ssl=1&resize=525%2C300 1.5x"},"classes":[]},{"id":105565,"url":"https:\/\/www.shqiperia.com\/blog\/duhet-te-mobilizohemi-per-mosbindje-civile-me-12-shtator-diaspora-zbarkon-fuqimisht-ne-tirane\/","url_meta":{"origin":105662,"position":2},"title":"&#8220;Duhet t\u00eb mobilizohemi p\u00ebr mosbindje civile&#8221;\/ M\u00eb 12 shtator diaspora &#8216;zbarkon&#8217; fuqimisht n\u00eb Tiran\u00eb.","author":"Kurt Farka","date":"August 31, 2026","format":false,"excerpt":"31 Gusht 2026 Aktivisti shqiptar q\u00eb jeton n\u00eb Britani, Ilir Dedej, i ftuar ne nje lidhje te drejteperdrejte televizive ka komentuar protestat kund\u00ebr qeveris\u00eb, duke deklaruar se pas 93 dit\u00ebsh mobilizimi qytetar, sipas tij, pushteti i kryeministrit Edi Rama \u00ebsht\u00eb dob\u00ebsuar. Dedej tha se protesta duhet t\u00eb shkoj\u00eb p\u00ebrtej tubimeve\u2026","rel":"","context":"In &quot;Blogu i Udh\u00ebtarit&quot;","block_context":{"text":"Blogu i Udh\u00ebtarit","link":"https:\/\/www.shqiperia.com\/blog\/category\/blogu-i-udhetarit\/"},"img":{"alt_text":"","src":"https:\/\/i0.wp.com\/www.shqiperia.com\/blog\/wp-content\/uploads\/2026\/08\/Mijera-emigrante-shqiptare-proteste-ne-Londer.-Foto-Arkiv.jpg?fit=1200%2C675&ssl=1&resize=350%2C200","width":350,"height":200,"srcset":"https:\/\/i0.wp.com\/www.shqiperia.com\/blog\/wp-content\/uploads\/2026\/08\/Mijera-emigrante-shqiptare-proteste-ne-Londer.-Foto-Arkiv.jpg?fit=1200%2C675&ssl=1&resize=350%2C200 1x, https:\/\/i0.wp.com\/www.shqiperia.com\/blog\/wp-content\/uploads\/2026\/08\/Mijera-emigrante-shqiptare-proteste-ne-Londer.-Foto-Arkiv.jpg?fit=1200%2C675&ssl=1&resize=525%2C300 1.5x, https:\/\/i0.wp.com\/www.shqiperia.com\/blog\/wp-content\/uploads\/2026\/08\/Mijera-emigrante-shqiptare-proteste-ne-Londer.-Foto-Arkiv.jpg?fit=1200%2C675&ssl=1&resize=700%2C400 2x, https:\/\/i0.wp.com\/www.shqiperia.com\/blog\/wp-content\/uploads\/2026\/08\/Mijera-emigrante-shqiptare-proteste-ne-Londer.-Foto-Arkiv.jpg?fit=1200%2C675&ssl=1&resize=1050%2C600 3x"},"classes":[]},{"id":100582,"url":"https:\/\/www.shqiperia.com\/blog\/a-do-te-vazhdojne-te-rriten-qirate-ne-vend-eksperti-po-shkojme-drejt-nje-brezi-qe-sdo-te-bleje-kurre-nje-shtepi\/","url_meta":{"origin":105662,"position":3},"title":"A do t\u00eb vazhdojn\u00eb t\u00eb rriten qirat\u00eb n\u00eb vend? Eksperti: &#8211; Po shkojm\u00eb drejt nj\u00eb brezi q\u00eb s\u2019do t\u00eb blej\u00eb kurr\u00eb nj\u00eb sht\u00ebpi","author":"Kurt Farka","date":"May 22, 2026","format":false,"excerpt":"22 Maji 2026 Ekspoerti i ekonomis\u00eb, Ergis Sefa, i ftuar n\u00eb nje interviste televizive, ka ngritur alarmin p\u00ebr rritjen e vazhdueshme t\u00eb qirave dhe kostos s\u00eb jetes\u00ebs n\u00eb Tiran\u00eb, duke paralajm\u00ebruar se situata pritet t\u00eb r\u00ebndohet edhe m\u00eb shum\u00eb gjat\u00eb muajve t\u00eb ardhsh\u00ebm. Sipas tij, qirat\u00eb do t\u00eb vazhdojn\u00eb t\u00eb\u2026","rel":"","context":"In &quot;Blogu i Udh\u00ebtarit&quot;","block_context":{"text":"Blogu i Udh\u00ebtarit","link":"https:\/\/www.shqiperia.com\/blog\/category\/blogu-i-udhetarit\/"},"img":{"alt_text":"","src":"https:\/\/i0.wp.com\/www.shqiperia.com\/blog\/wp-content\/uploads\/2026\/05\/ergis-sefa.jpg?fit=900%2C570&ssl=1&resize=350%2C200","width":350,"height":200,"srcset":"https:\/\/i0.wp.com\/www.shqiperia.com\/blog\/wp-content\/uploads\/2026\/05\/ergis-sefa.jpg?fit=900%2C570&ssl=1&resize=350%2C200 1x, https:\/\/i0.wp.com\/www.shqiperia.com\/blog\/wp-content\/uploads\/2026\/05\/ergis-sefa.jpg?fit=900%2C570&ssl=1&resize=525%2C300 1.5x, https:\/\/i0.wp.com\/www.shqiperia.com\/blog\/wp-content\/uploads\/2026\/05\/ergis-sefa.jpg?fit=900%2C570&ssl=1&resize=700%2C400 2x"},"classes":[]},{"id":104788,"url":"https:\/\/www.shqiperia.com\/blog\/kostot-e-larta-zhvendosin-dhe-lindjet-nga-tirana-bien-5-5-ne-janar-qershor-rriten-qarqet\/","url_meta":{"origin":105662,"position":4},"title":"Kostot e larta, \u201czhvendosin\u201d dhe lindjet nga Tirana, bien 5.5% n\u00eb janar-qershor, rriten qarqet","author":"Kurt Farka","date":"August 20, 2026","format":false,"excerpt":"20 Gusht 2026 Numri i lindjeve n\u00eb vend sh\u00ebnoi nj\u00eb r\u00ebnie t\u00eb leht\u00eb n\u00eb gjysm\u00ebn e par\u00eb t\u00eb vitit 2026, por t\u00eb dh\u00ebnat sipas qarqeve tregojn\u00eb se tkurrja \u00ebsht\u00eb p\u00ebrqendruar n\u00eb pjes\u00ebn m\u00eb t\u00eb madhe n\u00eb Tiran\u00eb dhe m\u00eb pak n\u00eb Durr\u00ebs, teksa ka rritje n\u00eb qarqet e tjera periferike.\u2026","rel":"","context":"In &quot;Blogu i Udh\u00ebtarit&quot;","block_context":{"text":"Blogu i Udh\u00ebtarit","link":"https:\/\/www.shqiperia.com\/blog\/category\/blogu-i-udhetarit\/"},"img":{"alt_text":"","src":"https:\/\/i0.wp.com\/www.shqiperia.com\/blog\/wp-content\/uploads\/2026\/08\/Bebe-foshnje-femije-lindje-prinder-1024x681-1.jpg?fit=1024%2C681&ssl=1&resize=350%2C200","width":350,"height":200,"srcset":"https:\/\/i0.wp.com\/www.shqiperia.com\/blog\/wp-content\/uploads\/2026\/08\/Bebe-foshnje-femije-lindje-prinder-1024x681-1.jpg?fit=1024%2C681&ssl=1&resize=350%2C200 1x, https:\/\/i0.wp.com\/www.shqiperia.com\/blog\/wp-content\/uploads\/2026\/08\/Bebe-foshnje-femije-lindje-prinder-1024x681-1.jpg?fit=1024%2C681&ssl=1&resize=525%2C300 1.5x, https:\/\/i0.wp.com\/www.shqiperia.com\/blog\/wp-content\/uploads\/2026\/08\/Bebe-foshnje-femije-lindje-prinder-1024x681-1.jpg?fit=1024%2C681&ssl=1&resize=700%2C400 2x"},"classes":[]},{"id":100208,"url":"https:\/\/www.shqiperia.com\/blog\/gazetarja-erisa-kryeziu-parku-i-liqenit-po-kafshohet-nga-kullat-jane-marre-mbi-40-hektare-hapesire-publike\/","url_meta":{"origin":105662,"position":5},"title":"Gazetarja Erisa Kryeziu: &#8211; Parku i Liqenit, po \u201ckafshohet\u201d nga kullat. &#8211; Jan\u00eb marr\u00eb mbi 40 hektar\u00eb hap\u00ebsir\u00eb publike.","author":"Kurt Farka","date":"May 13, 2026","format":false,"excerpt":"13 Maji 2026 Gazetarja Erisa Kryeziu, foli p\u00ebr zhvillimin urban t\u00eb Tiran\u00ebs dhe problemet q\u00eb sipas saj po krijohen nga nd\u00ebrtimet masive dhe moszbatimi i planit urbanistik t\u00eb kryeqytetit. Kryeziu u ndal te dokumentari \u201cTirana Vertikale\u201d, i cili trajton m\u00ebnyr\u00ebn se si qyteti po humbet hap\u00ebsirat publike dhe po orientohet\u2026","rel":"","context":"In &quot;Blogu i Udh\u00ebtarit&quot;","block_context":{"text":"Blogu i Udh\u00ebtarit","link":"https:\/\/www.shqiperia.com\/blog\/category\/blogu-i-udhetarit\/"},"img":{"alt_text":"","src":"https:\/\/i0.wp.com\/www.shqiperia.com\/blog\/wp-content\/uploads\/2026\/05\/Erisa-Kryeziu.jpg?fit=984%2C694&ssl=1&resize=350%2C200","width":350,"height":200,"srcset":"https:\/\/i0.wp.com\/www.shqiperia.com\/blog\/wp-content\/uploads\/2026\/05\/Erisa-Kryeziu.jpg?fit=984%2C694&ssl=1&resize=350%2C200 1x, https:\/\/i0.wp.com\/www.shqiperia.com\/blog\/wp-content\/uploads\/2026\/05\/Erisa-Kryeziu.jpg?fit=984%2C694&ssl=1&resize=525%2C300 1.5x, https:\/\/i0.wp.com\/www.shqiperia.com\/blog\/wp-content\/uploads\/2026\/05\/Erisa-Kryeziu.jpg?fit=984%2C694&ssl=1&resize=700%2C400 2x"},"classes":[]}],"_links":{"self":[{"href":"https:\/\/www.shqiperia.com\/blog\/wp-json\/wp\/v2\/posts\/105662","targetHints":{"allow":["GET"]}}],"collection":[{"href":"https:\/\/www.shqiperia.com\/blog\/wp-json\/wp\/v2\/posts"}],"about":[{"href":"https:\/\/www.shqiperia.com\/blog\/wp-json\/wp\/v2\/types\/post"}],"author":[{"embeddable":true,"href":"https:\/\/www.shqiperia.com\/blog\/wp-json\/wp\/v2\/users\/9"}],"replies":[{"embeddable":true,"href":"https:\/\/www.shqiperia.com\/blog\/wp-json\/wp\/v2\/comments?post=105662"}],"version-history":[{"count":1,"href":"https:\/\/www.shqiperia.com\/blog\/wp-json\/wp\/v2\/posts\/105662\/revisions"}],"predecessor-version":[{"id":105664,"href":"https:\/\/www.shqiperia.com\/blog\/wp-json\/wp\/v2\/posts\/105662\/revisions\/105664"}],"wp:featuredmedia":[{"embeddable":true,"href":"https:\/\/www.shqiperia.com\/blog\/wp-json\/wp\/v2\/media\/105663"}],"wp:attachment":[{"href":"https:\/\/www.shqiperia.com\/blog\/wp-json\/wp\/v2\/media?parent=105662"}],"wp:term":[{"taxonomy":"category","embeddable":true,"href":"https:\/\/www.shqiperia.com\/blog\/wp-json\/wp\/v2\/categories?post=105662"},{"taxonomy":"post_tag","embeddable":true,"href":"https:\/\/www.shqiperia.com\/blog\/wp-json\/wp\/v2\/tags?post=105662"}],"curies":[{"name":"wp","href":"https:\/\/api.w.org\/{rel}","templated":true}]}}