{"id":105659,"date":"2026-09-01T09:58:25","date_gmt":"2026-09-01T09:58:25","guid":{"rendered":"https:\/\/www.shqiperia.com\/blog\/?p=105659"},"modified":"2026-09-01T09:58:42","modified_gmt":"2026-09-01T09:58:42","slug":"shqiperia-vazhdon-te-digjet-27-vatra-zjarri-ende-aktive-flake-ne-dajt-diber-e-shkoder","status":"publish","type":"post","link":"https:\/\/www.shqiperia.com\/blog\/shqiperia-vazhdon-te-digjet-27-vatra-zjarri-ende-aktive-flake-ne-dajt-diber-e-shkoder\/","title":{"rendered":"Shqip\u00ebria vazhdon t\u00eb digjet, &#8211; 27 vatra zjarri ende aktive. Flak\u00eb n\u00eb Dajt, Dib\u00ebr e Shkod\u00ebr"},"content":{"rendered":"<p><img data-recalc-dims=\"1\" loading=\"lazy\" decoding=\"async\" data-attachment-id=\"105660\" data-permalink=\"https:\/\/www.shqiperia.com\/blog\/shqiperia-vazhdon-te-digjet-27-vatra-zjarri-ende-aktive-flake-ne-dajt-diber-e-shkoder\/klos-flake\/\" data-orig-file=\"https:\/\/i0.wp.com\/www.shqiperia.com\/blog\/wp-content\/uploads\/2026\/09\/klos-flake.jpg?fit=1083%2C597&amp;ssl=1\" data-orig-size=\"1083,597\" data-comments-opened=\"1\" data-image-meta=\"{&quot;aperture&quot;:&quot;0&quot;,&quot;credit&quot;:&quot;Redaksia&quot;,&quot;camera&quot;:&quot;&quot;,&quot;caption&quot;:&quot;&quot;,&quot;created_timestamp&quot;:&quot;1786123603&quot;,&quot;copyright&quot;:&quot;&quot;,&quot;focal_length&quot;:&quot;0&quot;,&quot;iso&quot;:&quot;0&quot;,&quot;shutter_speed&quot;:&quot;0&quot;,&quot;title&quot;:&quot;&quot;,&quot;orientation&quot;:&quot;0&quot;}\" data-image-title=\"klos-flake\" data-image-description=\"\" data-image-caption=\"\" data-medium-file=\"https:\/\/i0.wp.com\/www.shqiperia.com\/blog\/wp-content\/uploads\/2026\/09\/klos-flake.jpg?fit=300%2C165&amp;ssl=1\" data-large-file=\"https:\/\/i0.wp.com\/www.shqiperia.com\/blog\/wp-content\/uploads\/2026\/09\/klos-flake.jpg?fit=1024%2C564&amp;ssl=1\" class=\"alignnone wp-image-105660\" alt=\"\" src=\"https:\/\/i0.wp.com\/www.shqiperia.com\/blog\/wp-content\/uploads\/2026\/09\/klos-flake.jpg?resize=611%2C336&#038;ssl=1\" width=\"611\" height=\"336\" srcset=\"https:\/\/i0.wp.com\/www.shqiperia.com\/blog\/wp-content\/uploads\/2026\/09\/klos-flake.jpg?resize=300%2C165&amp;ssl=1 300w, https:\/\/i0.wp.com\/www.shqiperia.com\/blog\/wp-content\/uploads\/2026\/09\/klos-flake.jpg?resize=1024%2C564&amp;ssl=1 1024w, https:\/\/i0.wp.com\/www.shqiperia.com\/blog\/wp-content\/uploads\/2026\/09\/klos-flake.jpg?resize=768%2C423&amp;ssl=1 768w, https:\/\/i0.wp.com\/www.shqiperia.com\/blog\/wp-content\/uploads\/2026\/09\/klos-flake.jpg?resize=450%2C248&amp;ssl=1 450w, https:\/\/i0.wp.com\/www.shqiperia.com\/blog\/wp-content\/uploads\/2026\/09\/klos-flake.jpg?resize=600%2C331&amp;ssl=1 600w, https:\/\/i0.wp.com\/www.shqiperia.com\/blog\/wp-content\/uploads\/2026\/09\/klos-flake.jpg?resize=400%2C220&amp;ssl=1 400w, https:\/\/i0.wp.com\/www.shqiperia.com\/blog\/wp-content\/uploads\/2026\/09\/klos-flake.jpg?w=1083&amp;ssl=1 1083w\" sizes=\"auto, (max-width: 611px) 100vw, 611px\" \/><\/p>\n<p>1 Shtator 2026<\/p>\n<p>Shqip\u00ebria vijon t\u00eb p\u00ebrballet me vatra zjarri n\u00eb disa zona t\u00eb vendit, nd\u00ebrsa situata mbetet n\u00ebn monitorim t\u00eb vazhduesh\u00ebm nga autoritetet.<\/p>\n<p>Gjat\u00eb 24 or\u00ebve t\u00eb fundit jan\u00eb raportuar 27 vatra zjarri, prej t\u00eb cilave 4 vijojn\u00eb t\u00eb jen\u00eb aktive dhe 4 t\u00eb tjera jan\u00eb n\u00ebn mbik\u00ebqyrje. Flak\u00ebt aktive jan\u00eb raportuar n\u00eb Dajt t\u00eb Tiran\u00ebs, Vajkal t\u00eb Bulqiz\u00ebs, Lundre t\u00eb Matit dhe n\u00eb Ur\u00ebn e Shtrenjt\u00eb n\u00eb Shkod\u00ebr.<\/p>\n<p>N\u00eb terren jan\u00eb angazhuar 432 forca operacionale dhe 43 automjete zjarrfik\u00ebse, t\u00eb mb\u00ebshtetura nga 70 forca ushtarake dhe 3 helikopter\u00eb t\u00eb Forc\u00ebs Ajrore.<\/p>\n<p>Sipas Ministris\u00eb s\u00eb Mbrojtjes, n\u00eb asnj\u00eb prej vatrave aktive nuk raportohet rrezik p\u00ebr zonat e banuara, nd\u00ebrsa p\u00ebr dit\u00ebn e sotme parashikohet angazhimi i 90 forcave ushtarake n\u00eb Bulqiz\u00eb, Mat dhe Tiran\u00eb.<\/p>\n<p><strong>Njoftimi i Ministris\u00eb s\u00eb Mbrojtjes<\/strong><\/p>\n<p>Ministria e Mbrojtjes \u2013 informim mbi situat\u00ebn e zjarreve gjat\u00eb 24 or\u00ebve t\u00eb fundit<\/p>\n<p>P\u00ebrmbledhje e situat\u00ebs \u2013 01.09.2026, ora 09:00<\/p>\n<p>Gjat\u00eb 24 or\u00ebve t\u00eb fundit jan\u00eb raportuar 27 vatra zjarri, prej t\u00eb cilave 4 mbeten aktive dhe 4 jan\u00eb n\u00ebn mbik\u00ebqyrje.<\/p>\n<p>P\u00ebr p\u00ebrballimin e situat\u00ebs jan\u00eb angazhuar n\u00eb total 432 forca operacionale dhe 43 automjete zjarrfik\u00ebse, t\u00eb mb\u00ebshtetura nga 70 forca ushtarake dhe 3 helikopter\u00eb t\u00eb Forc\u00ebs Ajrore.<\/p>\n<p>P\u00ebr dit\u00ebn e sotme parashikohet angazhimi i 90 forcave ushtarake n\u00eb bashkit\u00eb Bulqiz\u00eb, Mat dhe Tiran\u00eb.<\/p>\n<p>Vatrat aktive jan\u00eb:<\/p>\n<p>* Dajt, Tiran\u00eb \u2013 vijojn\u00eb vatra aktive n\u00eb drejtim t\u00eb Qaf\u00eb-Prisk\u00ebs. Dit\u00ebn e djeshme u angazhuan 15 zjarrfik\u00ebs, 9 forca t\u00eb ADZM-s\u00eb, 20 ushtarak\u00eb dhe 1 helikopter. Nuk ka rrezik p\u00ebr zonat e banuara.<\/p>\n<p>* Vajkal, Bulqiz\u00eb \u2013 zjarr aktiv n\u00eb nj\u00eb sip\u00ebrfaqe t\u00eb gjer\u00eb me shkurre dhe d\u00ebllinja, n\u00eb terren shk\u00ebmbor. U angazhuan 11 forca MZSH, 5 pyjore, 7 vullnetar\u00eb dhe 30 ushtarak\u00eb<\/p>\n<p>* Lundre, Mat \u2013 vijon zjarri n\u00eb nj\u00eb sip\u00ebrfaqe t\u00eb konsiderueshme pyjore; u angazhuan 40 forca MZSH\/pyjore, 20 ushtarak\u00eb dhe 1 helikopter.<\/p>\n<p>* Ura e Shtrenjt\u00eb, Shkod\u00ebr \u2013 vat\u00ebr aktive n\u00eb terren t\u00eb thepisur; po punohet p\u00ebr izolimin dhe parandalimin e p\u00ebrhapjes.<\/p>\n<p>N\u00ebn mbik\u00ebqyrje vijojn\u00eb vatrat n\u00eb Qaf\u00ebn e Helm\u00ebs (Bulqiz\u00eb), Qaf\u00ebn e Lugut (Kor\u00e7\u00eb), malin e Quk\u00ebsit (Prrenjas) dhe Zhej\u00eb (Kurbin). N\u00eb t\u00eb gjitha rastet e m\u00ebsip\u00ebrme nuk raportohet rrezik p\u00ebr zonat e banuara.<\/p>\n<p>Agjencia Komb\u00ebtare e Mbrojtjes Civile (AKMC) vijon t\u00eb ndjek\u00eb n\u00eb m\u00ebnyr\u00eb t\u00eb pand\u00ebrprer\u00eb situat\u00ebn n\u00eb t\u00eb gjith\u00eb territorin e vendit, n\u00eb koordinim t\u00eb ngusht\u00eb me prefekturat, bashkit\u00eb dhe t\u00eb gjitha strukturat e sistemit t\u00eb Mbrojtjes Civile.<\/p>\n<p>Kapacitetet operacionale mbeten t\u00eb angazhuara n\u00eb terren dhe n\u00eb gatishm\u00ebri p\u00ebr t\u00eb nd\u00ebrhyr\u00eb aty ku situata e k\u00ebrkon, me prioritet mbrojtjen e jet\u00ebs, banesave dhe pasuris\u00eb s\u00eb qytetar\u00ebve.<\/p>\n<div class=\"post-copyright\"><span>Nga: Balkan<\/span><span>Web<\/span><\/div>\n","protected":false},"excerpt":{"rendered":"<p>1 Shtator 2026 Shqip\u00ebria vijon t\u00eb p\u00ebrballet me vatra zjarri n\u00eb disa zona t\u00eb vendit, nd\u00ebrsa situata mbetet n\u00ebn monitorim t\u00eb vazhduesh\u00ebm nga autoritetet. Gjat\u00eb 24 or\u00ebve t\u00eb fundit jan\u00eb raportuar 27 vatra zjarri, prej t\u00eb cilave 4 vijojn\u00eb t\u00eb jen\u00eb aktive dhe 4 t\u00eb tjera jan\u00eb n\u00ebn mbik\u00ebqyrje. Flak\u00ebt aktive jan\u00eb raportuar n\u00eb Dajt [&hellip;]<\/p>\n","protected":false},"author":9,"featured_media":105660,"comment_status":"open","ping_status":"open","sticky":false,"template":"","format":"standard","meta":{"jetpack_post_was_ever_published":false,"_jetpack_newsletter_access":"","_jetpack_dont_email_post_to_subs":false,"_jetpack_newsletter_tier_id":0,"_jetpack_memberships_contains_paywalled_content":false,"_jetpack_memberships_contains_paid_content":false,"footnotes":"","jetpack_publicize_message":"","jetpack_publicize_feature_enabled":true,"jetpack_social_post_already_shared":true,"jetpack_social_options":{"image_generator_settings":{"template":"highway","default_image_id":0,"font":"","enabled":false},"version":2}},"categories":[27,1,35],"tags":[],"class_list":["post-105659","post","type-post","status-publish","format-standard","has-post-thumbnail","hentry","category-blogu-i-udhetarit","category-njoftime-shtypi","category-shoqerore"],"jetpack_publicize_connections":[],"jetpack_featured_media_url":"https:\/\/i0.wp.com\/www.shqiperia.com\/blog\/wp-content\/uploads\/2026\/09\/klos-flake.jpg?fit=1083%2C597&ssl=1","jetpack_sharing_enabled":true,"jetpack_shortlink":"https:\/\/wp.me\/p5Z6wp-rub","jetpack-related-posts":[{"id":104453,"url":"https:\/\/www.shqiperia.com\/blog\/jane-djegur-300-hektare-pyje-ne-lure-flaket-vazhdojne\/","url_meta":{"origin":105659,"position":0},"title":"Jan\u00eb djegur 300 hektar\u00eb pyje n\u00eb Lur\u00eb. Flak\u00ebt vazhdojn\u00eb","author":"Kurt Farka","date":"August 14, 2026","format":false,"excerpt":"14 Gusht 2026 Zjarri n\u00eb Lur\u00eb ka marr\u00eb p\u00ebrmasa dhe po zhvillohet n\u00eb 3 drejtime t\u00eb ndryshme nga kahu Gur\u00eb Lur\u00ebs, Fush\u00eb-Lur\u00ebs dhe Borie Lur\u00ebs, vat\u00ebr e cila \u00ebsht\u00eb ofruar shum\u00eb pran\u00eb banesave t\u00eb k\u00ebtij fshati. N\u00eb kahun q\u00eb rrezikohen banesat, jan\u00eb p\u00ebrqendruar t\u00eb gjith\u00eb forcat operacionale t\u00eb angazhuara duke\u2026","rel":"","context":"In &quot;Blogu i Udh\u00ebtarit&quot;","block_context":{"text":"Blogu i Udh\u00ebtarit","link":"https:\/\/www.shqiperia.com\/blog\/category\/blogu-i-udhetarit\/"},"img":{"alt_text":"","src":"https:\/\/i0.wp.com\/www.shqiperia.com\/blog\/wp-content\/uploads\/2026\/08\/Lure.webp?fit=800%2C450&ssl=1&resize=350%2C200","width":350,"height":200,"srcset":"https:\/\/i0.wp.com\/www.shqiperia.com\/blog\/wp-content\/uploads\/2026\/08\/Lure.webp?fit=800%2C450&ssl=1&resize=350%2C200 1x, https:\/\/i0.wp.com\/www.shqiperia.com\/blog\/wp-content\/uploads\/2026\/08\/Lure.webp?fit=800%2C450&ssl=1&resize=525%2C300 1.5x, https:\/\/i0.wp.com\/www.shqiperia.com\/blog\/wp-content\/uploads\/2026\/08\/Lure.webp?fit=800%2C450&ssl=1&resize=700%2C400 2x"},"classes":[]},{"id":104656,"url":"https:\/\/www.shqiperia.com\/blog\/zjarret-ne-shqiperi-ministria-e-mbrojtjes-ben-bilancin-7-vatra-ende-aktive-ne-territorin-e-vendit\/","url_meta":{"origin":105659,"position":1},"title":"Zjarret n\u00eb Shqip\u00ebri, Ministria e Mbrojtjes b\u00ebn bilancin: 7 vatra ende aktive n\u00eb territorin e vendit!","author":"Kurt Farka","date":"August 18, 2026","format":false,"excerpt":"18 Gusht 2026 Shtat\u00eb vatra zjarri vijojn\u00eb t\u00eb jen\u00eb aktive n\u00eb Shqip\u00ebri, nd\u00ebrsa tre t\u00eb tjera jan\u00eb n\u00eb monitorim. Ministria e Mbrojtjes ka publikuar p\u00ebrdit\u00ebsimin e situat\u00ebs deri n\u00eb or\u00ebn 20:00 t\u00eb 17 gushtit. Gjat\u00eb dit\u00ebs jan\u00eb regjistruar 13 vatra zjarri n\u00eb t\u00eb gjith\u00eb territorin e vendit. N\u00eb operacionet p\u00ebr\u2026","rel":"","context":"In &quot;Blogu i Udh\u00ebtarit&quot;","block_context":{"text":"Blogu i Udh\u00ebtarit","link":"https:\/\/www.shqiperia.com\/blog\/category\/blogu-i-udhetarit\/"},"img":{"alt_text":"","src":"https:\/\/i0.wp.com\/www.shqiperia.com\/blog\/wp-content\/uploads\/2026\/08\/Pamje-nga-Tirana-e-Zjarrit-ne-Dajt.jpeg?fit=661%2C441&ssl=1&resize=350%2C200","width":350,"height":200,"srcset":"https:\/\/i0.wp.com\/www.shqiperia.com\/blog\/wp-content\/uploads\/2026\/08\/Pamje-nga-Tirana-e-Zjarrit-ne-Dajt.jpeg?fit=661%2C441&ssl=1&resize=350%2C200 1x, https:\/\/i0.wp.com\/www.shqiperia.com\/blog\/wp-content\/uploads\/2026\/08\/Pamje-nga-Tirana-e-Zjarrit-ne-Dajt.jpeg?fit=661%2C441&ssl=1&resize=525%2C300 1.5x"},"classes":[]},{"id":104348,"url":"https:\/\/www.shqiperia.com\/blog\/42-vatra-zjarri-ne-te-gjithe-vendin-rritet-rreziku-ne-tirane-kruje-diber-dhe-mallakaster-nis-evakuimi-i-banoreve-839-forca-operacionale-ne-terren-ne-lufte-me-flaket\/","url_meta":{"origin":105659,"position":2},"title":"42 vatra zjarri n\u00eb t\u00eb gjith\u00eb vendin, rritet rreziku n\u00eb Tiran\u00eb, Kruj\u00eb, Dib\u00ebr dhe Mallakast\u00ebr. Nis evakuimi i banor\u00ebve, 839 forca operacionale n\u00eb terren n\u00eb luft\u00eb me flak\u00ebt","author":"Kurt Farka","date":"August 13, 2026","format":false,"excerpt":"13 Gusht 2026 Temperaturat e larta dhe era jan\u00eb b\u00ebr\u00eb faktor\u00ebt ky\u00e7 n\u00eb intensifikimi e zjarreve dhe rindezjen e vatrave q\u00eb m\u00eb par\u00eb jan\u00eb v\u00ebn\u00eb n\u00eb kontroll n\u00eb vendin ton\u00eb. N\u00eb 24 or\u00ebt e fundit, sipas Ministris\u00eb s\u00eb Mbrojtjes jan\u00eb raportuar 45 vatra zjarri, nga t\u00eb cilat 12 mbeten aktive\u2026","rel":"","context":"In &quot;Blogu i Udh\u00ebtarit&quot;","block_context":{"text":"Blogu i Udh\u00ebtarit","link":"https:\/\/www.shqiperia.com\/blog\/category\/blogu-i-udhetarit\/"},"img":{"alt_text":"","src":"https:\/\/i0.wp.com\/www.shqiperia.com\/blog\/wp-content\/uploads\/2026\/08\/762689152_3762198220600953_7001392962709730454_n-300x175.jpg?resize=350%2C200&ssl=1","width":350,"height":200,"srcset":"https:\/\/i0.wp.com\/www.shqiperia.com\/blog\/wp-content\/uploads\/2026\/08\/762689152_3762198220600953_7001392962709730454_n-300x175.jpg?resize=350%2C200&ssl=1 1x, https:\/\/i0.wp.com\/www.shqiperia.com\/blog\/wp-content\/uploads\/2026\/08\/762689152_3762198220600953_7001392962709730454_n-300x175.jpg?resize=525%2C300&ssl=1 1.5x, https:\/\/i0.wp.com\/www.shqiperia.com\/blog\/wp-content\/uploads\/2026\/08\/762689152_3762198220600953_7001392962709730454_n-300x175.jpg?resize=700%2C400&ssl=1 2x"},"classes":[]},{"id":104369,"url":"https:\/\/www.shqiperia.com\/blog\/45-vatra-zjarri-ne-total-12-aktive-tre-ministra-te-rames-ne-vlore-per-qetesine-ne-plazhe\/","url_meta":{"origin":105659,"position":3},"title":"45 vatra zjarri n\u00eb total, 12 aktive. &#8211; Tre Ministra te Rames n\u00eb Vlor\u00eb per qet\u00ebsine ne plazhe","author":"Kurt Farka","date":"August 13, 2026","format":false,"excerpt":"Situata e zjarreve n\u00eb vend vijon t\u00eb mbetet problematike, ku me dhjet\u00ebra vatra raportohen gjat\u00eb 24 or\u00ebve t\u00eb fundit. Sipas Agjencis\u00eb p\u00ebr Media dhe Informim, n\u00eb total jan\u00eb evidentuar 45 vatra zjarri, nd\u00ebrsa 12 prej tyre vijojn\u00eb t\u00eb jen\u00eb aktive Operacionet p\u00ebr shuarjen e flak\u00ebve po zhvillohen n\u00eb disa territore,\u2026","rel":"","context":"In &quot;Blogu i Udh\u00ebtarit&quot;","block_context":{"text":"Blogu i Udh\u00ebtarit","link":"https:\/\/www.shqiperia.com\/blog\/category\/blogu-i-udhetarit\/"},"img":{"alt_text":"","src":"https:\/\/i0.wp.com\/www.shqiperia.com\/blog\/wp-content\/uploads\/2026\/08\/greqi-zjarrettt.jpg?fit=1024%2C683&ssl=1&resize=350%2C200","width":350,"height":200,"srcset":"https:\/\/i0.wp.com\/www.shqiperia.com\/blog\/wp-content\/uploads\/2026\/08\/greqi-zjarrettt.jpg?fit=1024%2C683&ssl=1&resize=350%2C200 1x, https:\/\/i0.wp.com\/www.shqiperia.com\/blog\/wp-content\/uploads\/2026\/08\/greqi-zjarrettt.jpg?fit=1024%2C683&ssl=1&resize=525%2C300 1.5x, https:\/\/i0.wp.com\/www.shqiperia.com\/blog\/wp-content\/uploads\/2026\/08\/greqi-zjarrettt.jpg?fit=1024%2C683&ssl=1&resize=700%2C400 2x"},"classes":[]},{"id":104376,"url":"https:\/\/www.shqiperia.com\/blog\/31-vatra-zjarri-ne-te-gjithe-vendin\/","url_meta":{"origin":105659,"position":4},"title":"31 vatra zjarri n\u00eb t\u00eb gjith\u00eb vendin.","author":"Kurt Farka","date":"August 13, 2026","format":false,"excerpt":"13 Gusht 2026 Kat\u00ebr fshatra t\u00eb Tiran\u00ebs me prezenc\u00eb t\u00eb flak\u00ebve, situata n\u00eb Elbasan e r\u00ebnduar. N\u00eb operacionet p\u00ebr menaxhimin e situat\u00ebs vijon angazhimi i koordinuar i strukturave vendore dhe qendrore. Vet\u00ebm nga Forcat e Armatosura jan\u00eb angazhuar 309 efektiv\u00eb, 22 mjete, 1 autobot, 3 ambulanca, 9 mjete zjarrfik\u00ebse, 3\u2026","rel":"","context":"In &quot;Blogu i Udh\u00ebtarit&quot;","block_context":{"text":"Blogu i Udh\u00ebtarit","link":"https:\/\/www.shqiperia.com\/blog\/category\/blogu-i-udhetarit\/"},"img":{"alt_text":"","src":"https:\/\/i0.wp.com\/www.shqiperia.com\/blog\/wp-content\/uploads\/2026\/08\/zjarr-2026-shqiperi_sd.webp?fit=1200%2C675&ssl=1&resize=350%2C200","width":350,"height":200,"srcset":"https:\/\/i0.wp.com\/www.shqiperia.com\/blog\/wp-content\/uploads\/2026\/08\/zjarr-2026-shqiperi_sd.webp?fit=1200%2C675&ssl=1&resize=350%2C200 1x, https:\/\/i0.wp.com\/www.shqiperia.com\/blog\/wp-content\/uploads\/2026\/08\/zjarr-2026-shqiperi_sd.webp?fit=1200%2C675&ssl=1&resize=525%2C300 1.5x, https:\/\/i0.wp.com\/www.shqiperia.com\/blog\/wp-content\/uploads\/2026\/08\/zjarr-2026-shqiperi_sd.webp?fit=1200%2C675&ssl=1&resize=700%2C400 2x, https:\/\/i0.wp.com\/www.shqiperia.com\/blog\/wp-content\/uploads\/2026\/08\/zjarr-2026-shqiperi_sd.webp?fit=1200%2C675&ssl=1&resize=1050%2C600 3x"},"classes":[]},{"id":104640,"url":"https:\/\/www.shqiperia.com\/blog\/vijon-te-shkrumbohet-lura-dhe-terbuni-ne-puke-jane-33-vatra-zjarri-brenda-24-oreve\/","url_meta":{"origin":105659,"position":5},"title":"Vijon t\u00eb shkrumbohet Lura dhe Terbuni n\u00eb Puk\u00eb. &#8211; Jan\u00eb 33 vatra zjarri brenda 24 or\u00ebve!","author":"Kurt Farka","date":"August 17, 2026","format":false,"excerpt":"17 Gusht 2026 Gjat\u00eb 24 or\u00ebve t\u00eb fundit jan\u00eb raportuar 33 vatra zjarri, nga t\u00eb cilat 8 mbeten aktive dhe 5 jan\u00eb n\u00eb monitorim. Nd\u00ebr vatrat aktive jan\u00eb ajo n\u00eb Malin e Dajtit dhe Gur\u00eb- Lur\u00eb t\u00eb Dibr\u00ebs. Vatrat kryesore aktive, sipas ministris\u00eb s\u00eb Mbrojtjes * Mali i Dajtit, Tiran\u00eb\u2026","rel":"","context":"In &quot;Blogu i Udh\u00ebtarit&quot;","block_context":{"text":"Blogu i Udh\u00ebtarit","link":"https:\/\/www.shqiperia.com\/blog\/category\/blogu-i-udhetarit\/"},"img":{"alt_text":"","src":"https:\/\/i0.wp.com\/www.shqiperia.com\/blog\/wp-content\/uploads\/2026\/08\/auto_auto_auto_zjarri-4-770x438178669485617868087581786821238-1.jpg?fit=900%2C512&ssl=1&resize=350%2C200","width":350,"height":200,"srcset":"https:\/\/i0.wp.com\/www.shqiperia.com\/blog\/wp-content\/uploads\/2026\/08\/auto_auto_auto_zjarri-4-770x438178669485617868087581786821238-1.jpg?fit=900%2C512&ssl=1&resize=350%2C200 1x, https:\/\/i0.wp.com\/www.shqiperia.com\/blog\/wp-content\/uploads\/2026\/08\/auto_auto_auto_zjarri-4-770x438178669485617868087581786821238-1.jpg?fit=900%2C512&ssl=1&resize=525%2C300 1.5x, https:\/\/i0.wp.com\/www.shqiperia.com\/blog\/wp-content\/uploads\/2026\/08\/auto_auto_auto_zjarri-4-770x438178669485617868087581786821238-1.jpg?fit=900%2C512&ssl=1&resize=700%2C400 2x"},"classes":[]}],"_links":{"self":[{"href":"https:\/\/www.shqiperia.com\/blog\/wp-json\/wp\/v2\/posts\/105659","targetHints":{"allow":["GET"]}}],"collection":[{"href":"https:\/\/www.shqiperia.com\/blog\/wp-json\/wp\/v2\/posts"}],"about":[{"href":"https:\/\/www.shqiperia.com\/blog\/wp-json\/wp\/v2\/types\/post"}],"author":[{"embeddable":true,"href":"https:\/\/www.shqiperia.com\/blog\/wp-json\/wp\/v2\/users\/9"}],"replies":[{"embeddable":true,"href":"https:\/\/www.shqiperia.com\/blog\/wp-json\/wp\/v2\/comments?post=105659"}],"version-history":[{"count":1,"href":"https:\/\/www.shqiperia.com\/blog\/wp-json\/wp\/v2\/posts\/105659\/revisions"}],"predecessor-version":[{"id":105661,"href":"https:\/\/www.shqiperia.com\/blog\/wp-json\/wp\/v2\/posts\/105659\/revisions\/105661"}],"wp:featuredmedia":[{"embeddable":true,"href":"https:\/\/www.shqiperia.com\/blog\/wp-json\/wp\/v2\/media\/105660"}],"wp:attachment":[{"href":"https:\/\/www.shqiperia.com\/blog\/wp-json\/wp\/v2\/media?parent=105659"}],"wp:term":[{"taxonomy":"category","embeddable":true,"href":"https:\/\/www.shqiperia.com\/blog\/wp-json\/wp\/v2\/categories?post=105659"},{"taxonomy":"post_tag","embeddable":true,"href":"https:\/\/www.shqiperia.com\/blog\/wp-json\/wp\/v2\/tags?post=105659"}],"curies":[{"name":"wp","href":"https:\/\/api.w.org\/{rel}","templated":true}]}}