{"id":105656,"date":"2026-09-01T09:42:37","date_gmt":"2026-09-01T09:42:37","guid":{"rendered":"https:\/\/www.shqiperia.com\/blog\/?p=105656"},"modified":"2026-09-01T09:54:19","modified_gmt":"2026-09-01T09:54:19","slug":"mbi-45-ikona-nga-muzeu-kombetar-i-artit-mesjetar-te-korces-pjese-e-ekspozites-ne-chambery","status":"publish","type":"post","link":"https:\/\/www.shqiperia.com\/blog\/mbi-45-ikona-nga-muzeu-kombetar-i-artit-mesjetar-te-korces-pjese-e-ekspozites-ne-chambery\/","title":{"rendered":"Mbi 45 ikona nga Muzeu Komb\u00ebtar i Artit Mesjetar t\u00eb Kor\u00e7\u00ebs, pjes\u00eb e ekspozit\u00ebs n\u00eb Chamb\u00e9ry"},"content":{"rendered":"<p><img data-recalc-dims=\"1\" loading=\"lazy\" decoding=\"async\" data-attachment-id=\"105657\" data-permalink=\"https:\/\/www.shqiperia.com\/blog\/mbi-45-ikona-nga-muzeu-kombetar-i-artit-mesjetar-te-korces-pjese-e-ekspozites-ne-chambery\/800-0-ikonaaaa-faqe-18-2-6a96655973341\/\" data-orig-file=\"https:\/\/i0.wp.com\/www.shqiperia.com\/blog\/wp-content\/uploads\/2026\/09\/800-0-ikonaaaa-faqe-18-2-6a96655973341.jpg?fit=800%2C458&amp;ssl=1\" data-orig-size=\"800,458\" data-comments-opened=\"1\" data-image-meta=\"{&quot;aperture&quot;:&quot;0&quot;,&quot;credit&quot;:&quot;&quot;,&quot;camera&quot;:&quot;&quot;,&quot;caption&quot;:&quot;&quot;,&quot;created_timestamp&quot;:&quot;1788255587&quot;,&quot;copyright&quot;:&quot;&quot;,&quot;focal_length&quot;:&quot;0&quot;,&quot;iso&quot;:&quot;0&quot;,&quot;shutter_speed&quot;:&quot;0&quot;,&quot;title&quot;:&quot;&quot;,&quot;orientation&quot;:&quot;0&quot;}\" data-image-title=\"-800-0-ikonaaaa-faqe-18-2-6a96655973341\" data-image-description=\"\" data-image-caption=\"\" data-medium-file=\"https:\/\/i0.wp.com\/www.shqiperia.com\/blog\/wp-content\/uploads\/2026\/09\/800-0-ikonaaaa-faqe-18-2-6a96655973341.jpg?fit=300%2C172&amp;ssl=1\" data-large-file=\"https:\/\/i0.wp.com\/www.shqiperia.com\/blog\/wp-content\/uploads\/2026\/09\/800-0-ikonaaaa-faqe-18-2-6a96655973341.jpg?fit=800%2C458&amp;ssl=1\" class=\"alignnone wp-image-105657\" alt=\"\" src=\"https:\/\/i0.wp.com\/www.shqiperia.com\/blog\/wp-content\/uploads\/2026\/09\/800-0-ikonaaaa-faqe-18-2-6a96655973341.jpg?resize=651%2C373&#038;ssl=1\" width=\"651\" height=\"373\" srcset=\"https:\/\/i0.wp.com\/www.shqiperia.com\/blog\/wp-content\/uploads\/2026\/09\/800-0-ikonaaaa-faqe-18-2-6a96655973341.jpg?resize=300%2C172&amp;ssl=1 300w, https:\/\/i0.wp.com\/www.shqiperia.com\/blog\/wp-content\/uploads\/2026\/09\/800-0-ikonaaaa-faqe-18-2-6a96655973341.jpg?resize=768%2C440&amp;ssl=1 768w, https:\/\/i0.wp.com\/www.shqiperia.com\/blog\/wp-content\/uploads\/2026\/09\/800-0-ikonaaaa-faqe-18-2-6a96655973341.jpg?resize=450%2C258&amp;ssl=1 450w, https:\/\/i0.wp.com\/www.shqiperia.com\/blog\/wp-content\/uploads\/2026\/09\/800-0-ikonaaaa-faqe-18-2-6a96655973341.jpg?resize=600%2C344&amp;ssl=1 600w, https:\/\/i0.wp.com\/www.shqiperia.com\/blog\/wp-content\/uploads\/2026\/09\/800-0-ikonaaaa-faqe-18-2-6a96655973341.jpg?resize=400%2C229&amp;ssl=1 400w, https:\/\/i0.wp.com\/www.shqiperia.com\/blog\/wp-content\/uploads\/2026\/09\/800-0-ikonaaaa-faqe-18-2-6a96655973341.jpg?w=800&amp;ssl=1 800w\" sizes=\"auto, (max-width: 651px) 100vw, 651px\" \/><\/p>\n<p>1 Shtator 2026<\/p>\n<p>Mbi 45 ikona t\u00eb p\u00ebrzgjedhura nga Muzeu Komb\u00ebtar i Artit Mesjetar t\u00eb Kor\u00e7\u00ebs vijojn\u00eb t\u00eb prezantojn\u00eb n\u00eb Franc\u00eb vlerat e trash\u00ebgimis\u00eb dhe artit shqiptar. Ekspozita \u201cIkonat e Shqip\u00ebris\u00eb- Thesaret e Muzeut Komb\u00ebtar t\u00eb Artit Mesjetar t\u00eb Kor\u00e7\u00eb\u201d mbetet e hapur p\u00ebr publikun n\u00eb Chamb\u00e9ry, duke sjell\u00eb n\u00eb v\u00ebmendje vepra t\u00eb r\u00ebnd\u00ebsishme t\u00eb artit mesjetar shqiptar.<\/p>\n<p>Blendi Gonxhja minist\u00ebr i Turizmit, Kultur\u00ebs dhe Sportit shprehet se ekspozita \u00ebsht\u00eb nj\u00eb ftes\u00eb p\u00ebr publikun nd\u00ebrkomb\u00ebtar p\u00ebr t\u00eb zbuluar Shqip\u00ebrin\u00eb p\u00ebrmes kultur\u00ebs, artit dhe trash\u00ebgimis\u00eb s\u00eb saj t\u00eb jasht\u00ebzakonshme, duke promovuar nj\u00ebkoh\u00ebsisht Kor\u00e7\u00ebn si nj\u00eb destinacion t\u00eb r\u00ebnd\u00ebsish\u00ebm t\u00eb turizmit kulturor.<\/p>\n<p>\u201cMbi 45 ikona t\u00eb p\u00ebrzgjedhura, mes tyre vepra t\u00eb Onufrit, v\u00ebllez\u00ebrve Zografi dhe M\u00ebsues Kostandinit, sjellin n\u00eb Franc\u00eb nj\u00eb pjes\u00eb t\u00eb identitetit ton\u00eb dhe krijojn\u00eb nj\u00eb ur\u00eb t\u00eb re drejt Shqip\u00ebris\u00eb turistike, nj\u00eb vend q\u00eb ofron histori, kultur\u00eb, tradit\u00eb dhe p\u00ebrvoja autentike n\u00eb \u00e7do stin\u00eb\u201d, shprehet Gonxhja n\u00eb nj\u00eb reagim t\u00eb tij n\u00eb rrjete sociale.<\/p>\n<p>Ekspozita, q\u00eb do t\u00eb q\u00ebndroj\u00eb e hapur deri m\u00eb 13 n\u00ebntor, p\u00ebrb\u00ebn nj\u00eb ngjarje t\u00eb r\u00ebnd\u00ebsishme kulturore dhe nj\u00eb hap dometh\u00ebn\u00ebs n\u00eb promovimin nd\u00ebrkomb\u00ebtar t\u00eb trash\u00ebgimis\u00eb shqiptare. Ekspozita realizohet n\u00eb kuad\u00ebr t\u00eb bashk\u00ebpunimit mes qyteteve Kor\u00e7\u00eb dhe Chamb\u00e9ry, me mb\u00ebshtetjen e institucioneve partnere, Ambasad\u00ebs s\u00eb Franc\u00ebs n\u00eb Shqip\u00ebri dhe Ministris\u00eb s\u00eb Turizmit, Kultur\u00ebs dhe Sportit.<\/p>\n<p>N\u00eb kuad\u00ebr t\u00eb ekspozit\u00ebs \u201cIkonat e Shqip\u00ebris\u00eb -Thesaret e Muzeut Komb\u00ebtar t\u00eb Artit Mesjetar\u201d, e cila \u00ebsht\u00eb rezultati i nj\u00eb bashk\u00ebpunimi nd\u00ebrinstitucional, dhe q\u00eb q\u00ebndron e hapur n\u00eb Mus\u00e9e des Beaux-Arts, n\u00eb Chamb\u00e9ry, Franc\u00eb, u publikua dhe katalogu, i cili u p\u00ebrgatit nga studiues francez\u00eb dhe shqiptar\u00eb.<\/p>\n","protected":false},"excerpt":{"rendered":"<p>1 Shtator 2026 Mbi 45 ikona t\u00eb p\u00ebrzgjedhura nga Muzeu Komb\u00ebtar i Artit Mesjetar t\u00eb Kor\u00e7\u00ebs vijojn\u00eb t\u00eb prezantojn\u00eb n\u00eb Franc\u00eb vlerat e trash\u00ebgimis\u00eb dhe artit shqiptar. Ekspozita \u201cIkonat e Shqip\u00ebris\u00eb- Thesaret e Muzeut Komb\u00ebtar t\u00eb Artit Mesjetar t\u00eb Kor\u00e7\u00eb\u201d mbetet e hapur p\u00ebr publikun n\u00eb Chamb\u00e9ry, duke sjell\u00eb n\u00eb v\u00ebmendje vepra t\u00eb r\u00ebnd\u00ebsishme t\u00eb [&hellip;]<\/p>\n","protected":false},"author":9,"featured_media":105657,"comment_status":"open","ping_status":"open","sticky":false,"template":"","format":"standard","meta":{"jetpack_post_was_ever_published":false,"_jetpack_newsletter_access":"","_jetpack_dont_email_post_to_subs":false,"_jetpack_newsletter_tier_id":0,"_jetpack_memberships_contains_paywalled_content":false,"_jetpack_memberships_contains_paid_content":false,"footnotes":"","jetpack_publicize_message":"","jetpack_publicize_feature_enabled":true,"jetpack_social_post_already_shared":true,"jetpack_social_options":{"image_generator_settings":{"template":"highway","default_image_id":0,"font":"","enabled":false},"version":2}},"categories":[87,27,85,10,35,86],"tags":[],"class_list":["post-105656","post","type-post","status-publish","format-standard","has-post-thumbnail","hentry","category-arte","category-blogu-i-udhetarit","category-histori","category-kultura","category-shoqerore","category-trashegimi-kulturore"],"jetpack_publicize_connections":[],"jetpack_featured_media_url":"https:\/\/i0.wp.com\/www.shqiperia.com\/blog\/wp-content\/uploads\/2026\/09\/800-0-ikonaaaa-faqe-18-2-6a96655973341.jpg?fit=800%2C458&ssl=1","jetpack_sharing_enabled":true,"jetpack_shortlink":"https:\/\/wp.me\/p5Z6wp-ru8","jetpack-related-posts":[{"id":104999,"url":"https:\/\/www.shqiperia.com\/blog\/muzeu-kombetar-i-artit-mesjetar-ne-korce-nje-udhetim-ne-historine-e-artit-ikonografik\/","url_meta":{"origin":105656,"position":0},"title":"Muzeu Komb\u00ebtar i Artit Mesjetar n\u00eb Kor\u00e7\u00eb, nj\u00eb udh\u00ebtim n\u00eb historin\u00eb e artit ikonografik","author":"Kurt Farka","date":"August 23, 2026","format":false,"excerpt":"23 Gusht 2026 Muzeu Komb\u00ebtar i Artit Mesjetar n\u00eb Kor\u00e7\u00eb vijon t\u00eb mbetet nj\u00eb nga destinacionet m\u00eb t\u00eb r\u00ebnd\u00ebsishme t\u00eb turizmit kulturor n\u00eb Shqip\u00ebri, duke ruajtur nj\u00eb prej koleksioneve m\u00eb t\u00eb pasura t\u00eb artit mesjetar n\u00eb vend. P\u00ebrmes rrjeteve sociale, muzeu ndan her\u00eb pas here pamje nga ikonat e ekspozuara\u2026","rel":"","context":"In &quot;Arte&quot;","block_context":{"text":"Arte","link":"https:\/\/www.shqiperia.com\/blog\/category\/arte\/"},"img":{"alt_text":"","src":"https:\/\/i0.wp.com\/www.shqiperia.com\/blog\/wp-content\/uploads\/2026\/08\/Muzeu-Kombetar-i-Artit-Mesjetar-ne-Korce.jpg?fit=798%2C386&ssl=1&resize=350%2C200","width":350,"height":200,"srcset":"https:\/\/i0.wp.com\/www.shqiperia.com\/blog\/wp-content\/uploads\/2026\/08\/Muzeu-Kombetar-i-Artit-Mesjetar-ne-Korce.jpg?fit=798%2C386&ssl=1&resize=350%2C200 1x, https:\/\/i0.wp.com\/www.shqiperia.com\/blog\/wp-content\/uploads\/2026\/08\/Muzeu-Kombetar-i-Artit-Mesjetar-ne-Korce.jpg?fit=798%2C386&ssl=1&resize=525%2C300 1.5x, https:\/\/i0.wp.com\/www.shqiperia.com\/blog\/wp-content\/uploads\/2026\/08\/Muzeu-Kombetar-i-Artit-Mesjetar-ne-Korce.jpg?fit=798%2C386&ssl=1&resize=700%2C400 2x"},"classes":[]},{"id":65890,"url":"https:\/\/www.shqiperia.com\/blog\/ikona-lindja-e-krishtit-nje-nga-veprat-e-vecanta-qe-ruhen-ne-muzeun-e-artit-mesjetar-korce\/","url_meta":{"origin":105656,"position":1},"title":"Ikona \u201cLindja e Krishtit\u201d, nj\u00eb nga veprat e vecanta q\u00eb ruhen n\u00eb Muzeun e Artit Mesjetar Korce","author":"Kurt Farka","date":"December 31, 2022","format":false,"excerpt":"31 Dhjetor 2022 Gazeta Sot Muzeu Komb\u00ebtar i Artit Mesjetar, n\u00eb Kor\u00e7\u00eb, \u00ebsht\u00eb nj\u00eb nga qendrat muzeore m\u00eb t\u00eb r\u00ebnd\u00ebsishme t\u00eb Shqip\u00ebris\u00eb. N\u00eb ambientet e tij ruhet dhe ikona \u201cLindja e Krishtit\u201d. Muzeu b\u00ebn me dije se ikona ishte pjes\u00eb e ikonostasit t\u00eb katedrales \u201cBurimi Jet\u00ebdh\u00ebn\u00ebs\u201d. \u201cG\u00ebzuar nga Muzeu Komb\u00ebtar\u2026","rel":"","context":"In &quot;Arte&quot;","block_context":{"text":"Arte","link":"https:\/\/www.shqiperia.com\/blog\/category\/arte\/"},"img":{"alt_text":"","src":"https:\/\/i0.wp.com\/www.shqiperia.com\/blog\/wp-content\/uploads\/2022\/12\/Lindja-e-Krishtit-e-Konstandin-Zografit-ragment.jpg?fit=800%2C534&ssl=1&resize=350%2C200","width":350,"height":200,"srcset":"https:\/\/i0.wp.com\/www.shqiperia.com\/blog\/wp-content\/uploads\/2022\/12\/Lindja-e-Krishtit-e-Konstandin-Zografit-ragment.jpg?fit=800%2C534&ssl=1&resize=350%2C200 1x, https:\/\/i0.wp.com\/www.shqiperia.com\/blog\/wp-content\/uploads\/2022\/12\/Lindja-e-Krishtit-e-Konstandin-Zografit-ragment.jpg?fit=800%2C534&ssl=1&resize=525%2C300 1.5x, https:\/\/i0.wp.com\/www.shqiperia.com\/blog\/wp-content\/uploads\/2022\/12\/Lindja-e-Krishtit-e-Konstandin-Zografit-ragment.jpg?fit=800%2C534&ssl=1&resize=700%2C400 2x"},"classes":[]},{"id":105132,"url":"https:\/\/www.shqiperia.com\/blog\/bashkim-zahaj-kontrolli-mbi-veprat-e-artit-ne-hapesirat-publike-eshte-i-domosdoshem\/","url_meta":{"origin":105656,"position":2},"title":"Bashkim Zahaj: \u201cKontrolli\u201d mbi veprat e artit n\u00eb hap\u00ebsirat publike \u00ebsht\u00eb i domosdosh\u00ebm","author":"Kurt Farka","date":"August 25, 2026","format":false,"excerpt":"25 Gusht 2026 Vendosja e veprave t\u00eb artit n\u00eb hap\u00ebsirat publike po rikthehet n\u00eb qend\u00ebr t\u00eb debatit, pas nism\u00ebs p\u00ebr krijimin e nj\u00eb Komisioni Shtet\u00ebror t\u00eb Artit q\u00eb do t\u00eb shqyrtoj\u00eb dhe miratoj\u00eb nd\u00ebrhyrjet artistike n\u00eb mjedisin urban. Debati lidhet jo vet\u00ebm me vler\u00ebn artistike t\u00eb veprave, por edhe me\u2026","rel":"","context":"In &quot;Blogu i Udh\u00ebtarit&quot;","block_context":{"text":"Blogu i Udh\u00ebtarit","link":"https:\/\/www.shqiperia.com\/blog\/category\/blogu-i-udhetarit\/"},"img":{"alt_text":"","src":"https:\/\/i0.wp.com\/www.shqiperia.com\/blog\/wp-content\/uploads\/2026\/08\/zahajjj-6a8d31822ab43.png?fit=551%2C415&ssl=1&resize=350%2C200","width":350,"height":200,"srcset":"https:\/\/i0.wp.com\/www.shqiperia.com\/blog\/wp-content\/uploads\/2026\/08\/zahajjj-6a8d31822ab43.png?fit=551%2C415&ssl=1&resize=350%2C200 1x, https:\/\/i0.wp.com\/www.shqiperia.com\/blog\/wp-content\/uploads\/2026\/08\/zahajjj-6a8d31822ab43.png?fit=551%2C415&ssl=1&resize=525%2C300 1.5x"},"classes":[]},{"id":84337,"url":"https:\/\/www.shqiperia.com\/blog\/7-ikona-ne-proces-restaurimi-nga-specialistet-e-muzeut-te-artit-mesjetar\/","url_meta":{"origin":105656,"position":3},"title":"7 ikona n\u00eb proces restaurimi nga specialist\u00ebt e Muzeut t\u00eb Artit Mesjetar","author":"Kurt Farka","date":"September 11, 2024","format":false,"excerpt":"11 Shtator 2024 Specialist\u00ebt e laboratorit t\u00eb restaurimit n\u00eb Muzeun Komb\u00ebtar t\u00eb Artit Mesjetar n\u00eb Kor\u00e7\u00eb, me p\u00ebrkushtim shp\u00ebtojn\u00eb \u00e7do dit\u00eb thesaret e trash\u00ebgimis\u00eb son\u00eb kulturore. N\u00eb baz\u00eb t\u00eb nj\u00eb marr\u00ebveshjeje mes Muzeut Komb\u00ebtar t\u00eb Artit Mesjetar dhe Universitetit Politeknik Tiran\u00eb, n\u00eb kuad\u00ebr t\u00eb projektit \u201cHartografimi dhe dokumentimi i zonave\u2026","rel":"","context":"In &quot;Arte&quot;","block_context":{"text":"Arte","link":"https:\/\/www.shqiperia.com\/blog\/category\/arte\/"},"img":{"alt_text":"","src":"https:\/\/i0.wp.com\/www.shqiperia.com\/blog\/wp-content\/uploads\/2024\/09\/640-0-ja-1725787349-Kopjo.png?fit=640%2C439&ssl=1&resize=350%2C200","width":350,"height":200,"srcset":"https:\/\/i0.wp.com\/www.shqiperia.com\/blog\/wp-content\/uploads\/2024\/09\/640-0-ja-1725787349-Kopjo.png?fit=640%2C439&ssl=1&resize=350%2C200 1x, https:\/\/i0.wp.com\/www.shqiperia.com\/blog\/wp-content\/uploads\/2024\/09\/640-0-ja-1725787349-Kopjo.png?fit=640%2C439&ssl=1&resize=525%2C300 1.5x"},"classes":[]},{"id":102413,"url":"https:\/\/www.shqiperia.com\/blog\/jaho-brahaj-se-pari-muze-te-trashegimise-dhe-artit-kombetar-me-vone-te-qyteterimit-islamik-2\/","url_meta":{"origin":105656,"position":4},"title":"Jaho Brahaj: &#8211; S\u00eb pari muze t\u00eb trash\u00ebgimis\u00eb dhe artit komb\u00ebtar, m\u00eb von\u00eb t\u00eb qytet\u00ebrimit islamik","author":"Kurt Farka","date":"July 9, 2026","format":false,"excerpt":"9 Korrik 2026 ... N\u00eb vitin 2023 me nism\u00ebn e Bashkis\u00eb Tiran\u00eb me parat\u00eb e taksapaguesve t\u00eb qytetar\u00ebve u ble Saraji i Toptan\u00ebve me destinacion Muze Etnografik i Tiran\u00ebs...- Edvin Rama po ja shet nje shoqate per Muze islamik.... Tirana nuk ka nj\u00eb muze etnografik, por mungesa e tij ka\u2026","rel":"","context":"In &quot;Arte&quot;","block_context":{"text":"Arte","link":"https:\/\/www.shqiperia.com\/blog\/category\/arte\/"},"img":{"alt_text":"","src":"https:\/\/i0.wp.com\/www.shqiperia.com\/blog\/wp-content\/uploads\/2026\/07\/Jaho-Brahaj.jpg?fit=610%2C436&ssl=1&resize=350%2C200","width":350,"height":200,"srcset":"https:\/\/i0.wp.com\/www.shqiperia.com\/blog\/wp-content\/uploads\/2026\/07\/Jaho-Brahaj.jpg?fit=610%2C436&ssl=1&resize=350%2C200 1x, https:\/\/i0.wp.com\/www.shqiperia.com\/blog\/wp-content\/uploads\/2026\/07\/Jaho-Brahaj.jpg?fit=610%2C436&ssl=1&resize=525%2C300 1.5x"},"classes":[]},{"id":94015,"url":"https:\/\/www.shqiperia.com\/blog\/muzeu-kombetar-i-artit-mesjetar-ekspozon-per-here-te-pare-botime-religjioze-te-fondit-muzeal\/","url_meta":{"origin":105656,"position":5},"title":"Muzeu Komb\u00ebtar i Artit Mesjetar ekspozon p\u00ebr her\u00eb t\u00eb par\u00eb botime religjioze t\u00eb fondit muzeal","author":"Kurt Farka","date":"September 27, 2025","format":false,"excerpt":"27 Shtator 2025 Nga: Armand Braho\u00a0 Ekspozita jo vet\u00ebm prezantoi trash\u00ebgimin\u00eb e pasur t\u00eb qytetit, por gjithashtu ndri\u00e7oi figur\u00ebn e filantrop\u00ebve dhe kontribuesve t\u00eb kultur\u00ebs, t\u00eb cil\u00ebt me veprat e tyre kan\u00eb l\u00ebn\u00eb gjurm\u00eb t\u00eb pashlyeshme n\u00eb historin\u00eb shpirt\u00ebrore t\u00eb Kor\u00e7\u00ebs. N\u00eb kuad\u00ebr t\u00eb Dit\u00ebve Europiane t\u00eb Trash\u00ebgimis\u00eb Kulturore,\u00a0Muzeu Komb\u00ebtar\u2026","rel":"","context":"In &quot;Blogu i Udh\u00ebtarit&quot;","block_context":{"text":"Blogu i Udh\u00ebtarit","link":"https:\/\/www.shqiperia.com\/blog\/category\/blogu-i-udhetarit\/"},"img":{"alt_text":"","src":"https:\/\/i0.wp.com\/www.shqiperia.com\/blog\/wp-content\/uploads\/2025\/09\/1758811818_muzeumesjetarkorce.jpg?fit=780%2C440&ssl=1&resize=350%2C200","width":350,"height":200,"srcset":"https:\/\/i0.wp.com\/www.shqiperia.com\/blog\/wp-content\/uploads\/2025\/09\/1758811818_muzeumesjetarkorce.jpg?fit=780%2C440&ssl=1&resize=350%2C200 1x, https:\/\/i0.wp.com\/www.shqiperia.com\/blog\/wp-content\/uploads\/2025\/09\/1758811818_muzeumesjetarkorce.jpg?fit=780%2C440&ssl=1&resize=525%2C300 1.5x, https:\/\/i0.wp.com\/www.shqiperia.com\/blog\/wp-content\/uploads\/2025\/09\/1758811818_muzeumesjetarkorce.jpg?fit=780%2C440&ssl=1&resize=700%2C400 2x"},"classes":[]}],"_links":{"self":[{"href":"https:\/\/www.shqiperia.com\/blog\/wp-json\/wp\/v2\/posts\/105656","targetHints":{"allow":["GET"]}}],"collection":[{"href":"https:\/\/www.shqiperia.com\/blog\/wp-json\/wp\/v2\/posts"}],"about":[{"href":"https:\/\/www.shqiperia.com\/blog\/wp-json\/wp\/v2\/types\/post"}],"author":[{"embeddable":true,"href":"https:\/\/www.shqiperia.com\/blog\/wp-json\/wp\/v2\/users\/9"}],"replies":[{"embeddable":true,"href":"https:\/\/www.shqiperia.com\/blog\/wp-json\/wp\/v2\/comments?post=105656"}],"version-history":[{"count":1,"href":"https:\/\/www.shqiperia.com\/blog\/wp-json\/wp\/v2\/posts\/105656\/revisions"}],"predecessor-version":[{"id":105658,"href":"https:\/\/www.shqiperia.com\/blog\/wp-json\/wp\/v2\/posts\/105656\/revisions\/105658"}],"wp:featuredmedia":[{"embeddable":true,"href":"https:\/\/www.shqiperia.com\/blog\/wp-json\/wp\/v2\/media\/105657"}],"wp:attachment":[{"href":"https:\/\/www.shqiperia.com\/blog\/wp-json\/wp\/v2\/media?parent=105656"}],"wp:term":[{"taxonomy":"category","embeddable":true,"href":"https:\/\/www.shqiperia.com\/blog\/wp-json\/wp\/v2\/categories?post=105656"},{"taxonomy":"post_tag","embeddable":true,"href":"https:\/\/www.shqiperia.com\/blog\/wp-json\/wp\/v2\/tags?post=105656"}],"curies":[{"name":"wp","href":"https:\/\/api.w.org\/{rel}","templated":true}]}}