{"id":105649,"date":"2026-09-01T03:29:17","date_gmt":"2026-09-01T03:29:17","guid":{"rendered":"https:\/\/www.shqiperia.com\/blog\/?p=105649"},"modified":"2026-09-01T03:29:17","modified_gmt":"2026-09-01T03:29:17","slug":"gjendet-e-vdekur-ish-e-dashura-e-charls-mcgonigal-allison-guerriero-denoncoi-lidhjet-e-tij-me-edi-ramen","status":"publish","type":"post","link":"https:\/\/www.shqiperia.com\/blog\/gjendet-e-vdekur-ish-e-dashura-e-charls-mcgonigal-allison-guerriero-denoncoi-lidhjet-e-tij-me-edi-ramen\/","title":{"rendered":"Gjendet e vdekur ish-e dashura e Charls McGonigal, Allison Guerriero denoncoi lidhjet e tij me Edi Ram\u00ebn"},"content":{"rendered":"<div id=\"attachment_105650\" style=\"width: 780px\" class=\"wp-caption alignnone\"><img data-recalc-dims=\"1\" loading=\"lazy\" decoding=\"async\" aria-describedby=\"caption-attachment-105650\" data-attachment-id=\"105650\" data-permalink=\"https:\/\/www.shqiperia.com\/blog\/gjendet-e-vdekur-ish-e-dashura-e-charls-mcgonigal-allison-guerriero-denoncoi-lidhjet-e-tij-me-edi-ramen\/rama-mcgonigal-1\/\" data-orig-file=\"https:\/\/i0.wp.com\/www.shqiperia.com\/blog\/wp-content\/uploads\/2026\/09\/rama-mcgonigal-1.png?fit=677%2C401&amp;ssl=1\" data-orig-size=\"677,401\" data-comments-opened=\"1\" data-image-meta=\"{&quot;aperture&quot;:&quot;0&quot;,&quot;credit&quot;:&quot;&quot;,&quot;camera&quot;:&quot;&quot;,&quot;caption&quot;:&quot;&quot;,&quot;created_timestamp&quot;:&quot;0&quot;,&quot;copyright&quot;:&quot;&quot;,&quot;focal_length&quot;:&quot;0&quot;,&quot;iso&quot;:&quot;0&quot;,&quot;shutter_speed&quot;:&quot;0&quot;,&quot;title&quot;:&quot;&quot;,&quot;orientation&quot;:&quot;0&quot;}\" data-image-title=\"Rama Mcgonigal\" data-image-description=\"\" data-image-caption=\"&lt;p&gt;Rama Mcgonigal&lt;\/p&gt;\n\" data-medium-file=\"https:\/\/i0.wp.com\/www.shqiperia.com\/blog\/wp-content\/uploads\/2026\/09\/rama-mcgonigal-1.png?fit=300%2C178&amp;ssl=1\" data-large-file=\"https:\/\/i0.wp.com\/www.shqiperia.com\/blog\/wp-content\/uploads\/2026\/09\/rama-mcgonigal-1.png?fit=677%2C401&amp;ssl=1\" class=\" wp-image-105650\" alt=\"\" src=\"https:\/\/i0.wp.com\/www.shqiperia.com\/blog\/wp-content\/uploads\/2026\/09\/rama-mcgonigal-1.png?resize=770%2C457&#038;ssl=1\" width=\"770\" height=\"457\" srcset=\"https:\/\/i0.wp.com\/www.shqiperia.com\/blog\/wp-content\/uploads\/2026\/09\/rama-mcgonigal-1.png?resize=300%2C178&amp;ssl=1 300w, https:\/\/i0.wp.com\/www.shqiperia.com\/blog\/wp-content\/uploads\/2026\/09\/rama-mcgonigal-1.png?resize=450%2C267&amp;ssl=1 450w, https:\/\/i0.wp.com\/www.shqiperia.com\/blog\/wp-content\/uploads\/2026\/09\/rama-mcgonigal-1.png?resize=600%2C355&amp;ssl=1 600w, https:\/\/i0.wp.com\/www.shqiperia.com\/blog\/wp-content\/uploads\/2026\/09\/rama-mcgonigal-1.png?resize=400%2C237&amp;ssl=1 400w, https:\/\/i0.wp.com\/www.shqiperia.com\/blog\/wp-content\/uploads\/2026\/09\/rama-mcgonigal-1.png?w=677&amp;ssl=1 677w\" sizes=\"auto, (max-width: 770px) 100vw, 770px\" \/><p id=\"caption-attachment-105650\" class=\"wp-caption-text\">Rama Mcgonigal<\/p><\/div>\n<p>1 Shtator 2026<\/p>\n<p>Allison Guerriero, ish-e dashura e Charles McGonigal, ish-drejtorit t\u00eb zyr\u00ebs s\u00eb kund\u00ebrzbulimit t\u00eb FBI-s\u00eb n\u00eb Nju Jork, e cila kishte denoncuar tek autoritetet amerikane mbi aktivitetet e tij, \u00ebsht\u00eb gjetur e vdekur, shkruan<span>\u00a0<\/span><a href=\"https:\/\/www.dailymail.com\/news\/article-16093493\/allison-guerriero-mistress-FBI-spy-Charles-McGonigal-dead-russia.html\">Daily Mail.\u00a0<\/a><\/p>\n<p>Guerriero kishte folur publikisht p\u00ebr lidhjet e McGonigal me kryeministrin Edi Rama dhe udhetimet e ish-drejtorit t\u00eb FBI n\u00eb Shqip\u00ebri.<\/p>\n<p>Vdekja e Allison Guerrieros ka rikthyer n\u00eb v\u00ebmendje nj\u00eb prej episodeve m\u00eb t\u00eb bujshme t\u00eb dosjes McGonigal, ish-zyrtarit t\u00eb kund\u00ebrzbulimit t\u00eb FBI-s\u00eb, i cili u d\u00ebnua n\u00eb SHBA p\u00ebr vepra penale q\u00eb lidhen me shkeljen e sanksioneve ndaj Rusis\u00eb dhe fshehjen e pagesave q\u00eb kishte marr\u00eb nga nj\u00eb ish-punonj\u00ebs i inteligjenc\u00ebs shqiptare.<\/p>\n<p>Por emri i Guerrieros \u00ebsht\u00eb i r\u00ebnd\u00ebsish\u00ebm edhe p\u00ebr Shqip\u00ebrin\u00eb.<\/p>\n<p>Ajo kishte qen\u00eb n\u00eb nj\u00eb lidhje me McGonigalin dhe m\u00eb pas u kishte dh\u00ebn\u00eb autoriteteve amerikane informacion mbi aktivitetet e tij. Ajo ka denoncuar edhe marr\u00ebdh\u00ebnien e ish-partnerit t\u00eb saj me kryeministrin Edi Rama.<\/p>\n<p>Guerriero deklaroi se McGonigal i kishte treguar se do t\u00eb udh\u00ebtonte n\u00eb Shqip\u00ebri p\u00ebr t\u2019u takuar me Edi Ram\u00ebn.<\/p>\n<p>\u2018Ai po shkonte n\u00eb Shqip\u00ebri p\u00ebr t&#8217;u takuar me kryeministrin Edi Rama\u2019, kishte deklaruar ajo, duke shtuar se nuk i ishte treguar q\u00ebllimi i sakt\u00eb i takimit.<\/p>\n<p>Ajo deklaroi gjithashtu se McGonigal dhe Rama kishin nj\u00eb marr\u00ebdh\u00ebnie personale dhe se ish-zyrtari i FBI-s\u00eb fliste shpesh p\u00ebr kryeministrin shqiptar.<\/p>\n<p>Guerriero u kishte th\u00ebn\u00eb hetuesve amerikan\u00eb edhe p\u00ebr udh\u00ebtimet e McGonigal n\u00eb Shqip\u00ebri dhe marr\u00ebdh\u00ebniet e tij me Ram\u00ebn.<\/p>\n<p>K\u00ebto deklarata mor\u00ebn r\u00ebnd\u00ebsi t\u00eb ve\u00e7ant\u00eb pas publikimit t\u00eb aktakuz\u00ebs amerikane ndaj McGonigal, ku emri i Edi Ram\u00ebs p\u00ebrmendej n\u00eb disa pika t\u00eb dokumentit.<\/p>\n","protected":false},"excerpt":{"rendered":"<p>1 Shtator 2026 Allison Guerriero, ish-e dashura e Charles McGonigal, ish-drejtorit t\u00eb zyr\u00ebs s\u00eb kund\u00ebrzbulimit t\u00eb FBI-s\u00eb n\u00eb Nju Jork, e cila kishte denoncuar tek autoritetet amerikane mbi aktivitetet e tij, \u00ebsht\u00eb gjetur e vdekur, shkruan\u00a0Daily Mail.\u00a0 Guerriero kishte folur publikisht p\u00ebr lidhjet e McGonigal me kryeministrin Edi Rama dhe udhetimet e ish-drejtorit t\u00eb FBI [&hellip;]<\/p>\n","protected":false},"author":9,"featured_media":105650,"comment_status":"open","ping_status":"open","sticky":false,"template":"","format":"standard","meta":{"jetpack_post_was_ever_published":false,"_jetpack_newsletter_access":"","_jetpack_dont_email_post_to_subs":false,"_jetpack_newsletter_tier_id":0,"_jetpack_memberships_contains_paywalled_content":false,"_jetpack_memberships_contains_paid_content":false,"footnotes":"","jetpack_publicize_message":"","jetpack_publicize_feature_enabled":true,"jetpack_social_post_already_shared":true,"jetpack_social_options":{"image_generator_settings":{"template":"highway","default_image_id":0,"font":"","enabled":false},"version":2}},"categories":[27,1],"tags":[],"class_list":["post-105649","post","type-post","status-publish","format-standard","has-post-thumbnail","hentry","category-blogu-i-udhetarit","category-njoftime-shtypi"],"jetpack_publicize_connections":[],"jetpack_featured_media_url":"https:\/\/i0.wp.com\/www.shqiperia.com\/blog\/wp-content\/uploads\/2026\/09\/rama-mcgonigal-1.png?fit=677%2C401&ssl=1","jetpack_sharing_enabled":true,"jetpack_shortlink":"https:\/\/wp.me\/p5Z6wp-ru1","jetpack-related-posts":[{"id":105609,"url":"https:\/\/www.shqiperia.com\/blog\/gjendet-e-vdekur-ne-banesen-e-saj-ish-e-dashura-qe-denoncoi-mcgonigal-fjalet-e-fundit-te-saj-e-urrej-fbi-ne-babai-i-viktimes-ajo-sdo-e-vriste-kurre-veten\/","url_meta":{"origin":105649,"position":0},"title":"Gjendet e vdekur n\u00eb banes\u00ebn e saj ish e dashura q\u00eb denoncoi McGonigal\/ Fjal\u00ebt e fundit t\u00eb saj: &#8211; E urrej FBI-n\u00eb. Babai i viktim\u00ebs: Ajo s\u2019do e vriste kurr\u00eb veten","author":"Kurt Farka","date":"August 31, 2026","format":false,"excerpt":"1 Shtator 2026 Allison Guerriero, ish-e dashura e ish-zyrtarit t\u00eb lart\u00eb t\u00eb FBI-s\u00eb, Charles McGonigal, ka nd\u00ebrruar jet\u00eb papritur n\u00eb banes\u00ebn e saj n\u00eb Boynton Beach, Florida. Guerriero, e cila kishte pasur nj\u00eb lidhje 18-mujore me McGonigal, ishte b\u00ebr\u00eb e njohur p\u00ebr akuzat dhe denoncimet e saj publike ndaj ish-agjentit\u2026","rel":"","context":"In &quot;Blogu i Udh\u00ebtarit&quot;","block_context":{"text":"Blogu i Udh\u00ebtarit","link":"https:\/\/www.shqiperia.com\/blog\/category\/blogu-i-udhetarit\/"},"img":{"alt_text":"","src":"https:\/\/i0.wp.com\/www.shqiperia.com\/blog\/wp-content\/uploads\/2026\/08\/Untitled-design-51.webp?fit=1200%2C675&ssl=1&resize=350%2C200","width":350,"height":200,"srcset":"https:\/\/i0.wp.com\/www.shqiperia.com\/blog\/wp-content\/uploads\/2026\/08\/Untitled-design-51.webp?fit=1200%2C675&ssl=1&resize=350%2C200 1x, https:\/\/i0.wp.com\/www.shqiperia.com\/blog\/wp-content\/uploads\/2026\/08\/Untitled-design-51.webp?fit=1200%2C675&ssl=1&resize=525%2C300 1.5x, https:\/\/i0.wp.com\/www.shqiperia.com\/blog\/wp-content\/uploads\/2026\/08\/Untitled-design-51.webp?fit=1200%2C675&ssl=1&resize=700%2C400 2x, https:\/\/i0.wp.com\/www.shqiperia.com\/blog\/wp-content\/uploads\/2026\/08\/Untitled-design-51.webp?fit=1200%2C675&ssl=1&resize=1050%2C600 3x"},"classes":[]},{"id":105456,"url":"https:\/\/www.shqiperia.com\/blog\/ja-si-mcgonigal-i-edi-rames-ndikoi-per-arrestimin-e-krereve-te-uck-me-hashim-thacin-ne-krye\/","url_meta":{"origin":105649,"position":1},"title":"Ja si \u201cMcGonigal\u201d i Edi Ram\u00ebs ndikoi p\u00ebr arrestimin e krer\u00ebve t\u00eb U\u00c7K me Hashim Tha\u00e7in n\u00eb krye","author":"Kurt Farka","date":"August 29, 2026","format":false,"excerpt":"29 Gusht 2026 Gazetari i njohur kosovar, Fitim \u00c7eku, ka l\u00ebshuar nj\u00eb deklarat\u00eb t\u00eb fort\u00eb n\u00eb rrjetet sociale, ku nxjerr n\u00eb pah prapaskenat e arrestimit t\u00eb krer\u00ebve t\u00eb Ushtris\u00eb \u00c7lirimtare t\u00eb Kosov\u00ebs (U\u00c7K-s\u00eb). Ai rikujton se ish-zyrtari i FBI-s\u00eb, Charles McGonigal, njihet bot\u00ebrisht si mik i af\u00ebrt i kryeministrit t\u00eb\u2026","rel":"","context":"In &quot;Blogu i Udh\u00ebtarit&quot;","block_context":{"text":"Blogu i Udh\u00ebtarit","link":"https:\/\/www.shqiperia.com\/blog\/category\/blogu-i-udhetarit\/"},"img":{"alt_text":"","src":"https:\/\/i0.wp.com\/www.shqiperia.com\/blog\/wp-content\/uploads\/2026\/08\/Behxhet-Shala-Haga.jpg?fit=600%2C360&ssl=1&resize=350%2C200","width":350,"height":200,"srcset":"https:\/\/i0.wp.com\/www.shqiperia.com\/blog\/wp-content\/uploads\/2026\/08\/Behxhet-Shala-Haga.jpg?fit=600%2C360&ssl=1&resize=350%2C200 1x, https:\/\/i0.wp.com\/www.shqiperia.com\/blog\/wp-content\/uploads\/2026\/08\/Behxhet-Shala-Haga.jpg?fit=600%2C360&ssl=1&resize=525%2C300 1.5x"},"classes":[]},{"id":100364,"url":"https:\/\/www.shqiperia.com\/blog\/ish-ministri-socialist-kritika-te-forta-ndaj-kryeministrit-eshte-viktime-e-perbindeshave-te-rama-nuk-e-njeh-shtetin\/","url_meta":{"origin":105649,"position":2},"title":"Ish-ministri socialist kritika t\u00eb forta ndaj kryeministrit:- \u00cbsht\u00eb viktim\u00eb e p\u00ebrbind\u00ebshave t\u00eb.. \u201cRama nuk e njeh shtetin\u201d.","author":"Kurt Farka","date":"May 17, 2026","format":false,"excerpt":"17 Maji 2026 Ish-ministri i Financave, Arben Malaj, n\u00eb qeverin\u00eb socialiste kur kryeminist\u00ebr ishte Fatos Nano, ka folur n\u00eb nj\u00eb intervist\u00eb n\u00eb Euronews Albania lidhur me jet\u00ebn e tij politike dhe partiake.Malaj \u00ebsht\u00eb ndalur edhe te mendimi i tij p\u00ebr kryeministrin Edi Rama. Sipas tij, Rama nuk ka dije shtetformuese\u2026","rel":"","context":"In &quot;Blogu i Udh\u00ebtarit&quot;","block_context":{"text":"Blogu i Udh\u00ebtarit","link":"https:\/\/www.shqiperia.com\/blog\/category\/blogu-i-udhetarit\/"},"img":{"alt_text":"","src":"https:\/\/i0.wp.com\/www.shqiperia.com\/blog\/wp-content\/uploads\/2026\/05\/1200-630-Rama-Malaj-900x600-1-900x570-1.jpg?fit=900%2C570&ssl=1&resize=350%2C200","width":350,"height":200,"srcset":"https:\/\/i0.wp.com\/www.shqiperia.com\/blog\/wp-content\/uploads\/2026\/05\/1200-630-Rama-Malaj-900x600-1-900x570-1.jpg?fit=900%2C570&ssl=1&resize=350%2C200 1x, https:\/\/i0.wp.com\/www.shqiperia.com\/blog\/wp-content\/uploads\/2026\/05\/1200-630-Rama-Malaj-900x600-1-900x570-1.jpg?fit=900%2C570&ssl=1&resize=525%2C300 1.5x, https:\/\/i0.wp.com\/www.shqiperia.com\/blog\/wp-content\/uploads\/2026\/05\/1200-630-Rama-Malaj-900x600-1-900x570-1.jpg?fit=900%2C570&ssl=1&resize=700%2C400 2x"},"classes":[]},{"id":102192,"url":"https:\/\/www.shqiperia.com\/blog\/kumbari-rama-nga-financial-times-ne-kongresin-amerikan\/","url_meta":{"origin":105649,"position":3},"title":"Kumbari Rama: nga Financial Times n\u00eb Kongresin Amerikan","author":"Kurt Farka","date":"July 3, 2026","format":false,"excerpt":"3 Korrik 2026 Edi Rama e pag\u00ebzoi veten si \u201cKUMBARI\u201d, n\u00eb nj\u00eb intervist\u00eb nervoze me Financial Times. Mendoi se po tregonte shenj\u00eb force, por u b\u00eb kryetitull i lajmit q\u00eb b\u00ebri xhiron e bot\u00ebs. N\u00eb t\u00eb nj\u00ebjten intervist\u00eb Rama pranoi p\u00ebr Financial Times se: \u201cPastrimi i parave \u00ebsht\u00eb pjes\u00eb e\u2026","rel":"","context":"In &quot;Blogu i Udh\u00ebtarit&quot;","block_context":{"text":"Blogu i Udh\u00ebtarit","link":"https:\/\/www.shqiperia.com\/blog\/category\/blogu-i-udhetarit\/"},"img":{"alt_text":"","src":"https:\/\/i0.wp.com\/www.shqiperia.com\/blog\/wp-content\/uploads\/2026\/07\/Edi-Rama.webp?fit=382%2C234&ssl=1&resize=350%2C200","width":350,"height":200},"classes":[]},{"id":102262,"url":"https:\/\/www.shqiperia.com\/blog\/mijera-pergjime-fbi-i-ka-qepur-dosjen-edi-rames-dhe-bashkepunetoreve-te-tij-nen-monitorim\/","url_meta":{"origin":105649,"position":4},"title":"Mij\u00ebra p\u00ebrgjime,  FBI i ka qepur dosjen Edi Ram\u00ebs dhe bashk\u00ebpun\u00ebtor\u00ebve t\u00eb tij, n\u00ebn monitorim\u2026","author":"Kurt Farka","date":"July 5, 2026","format":false,"excerpt":"5 Korrik 2026 Gazetari Robert Papa pretendon se \u00e7do dit\u00eb dalin mij\u00ebra dosje p\u00ebrgjimesh p\u00ebr miliarda dollar\u00eb t\u00eb kapura n\u00eb Zvic\u00ebr e Dubai dhe se libri \u201cAlbanian files\u201d ka si q\u00ebllim d\u00ebrgimin e kryeministrit n\u00eb burg. Papa shprehet se Rama ka futur njer\u00ebz nga Banka e Shqip\u00ebris\u00eb te SPAK p\u00ebr\u2026","rel":"","context":"In &quot;Blogu i Udh\u00ebtarit&quot;","block_context":{"text":"Blogu i Udh\u00ebtarit","link":"https:\/\/www.shqiperia.com\/blog\/category\/blogu-i-udhetarit\/"},"img":{"alt_text":"","src":"https:\/\/i0.wp.com\/www.shqiperia.com\/blog\/wp-content\/uploads\/2026\/07\/foto-2-rama-papa-pergjime-FBI-AI-1140x570-2.jpg?fit=1140%2C570&ssl=1&resize=350%2C200","width":350,"height":200,"srcset":"https:\/\/i0.wp.com\/www.shqiperia.com\/blog\/wp-content\/uploads\/2026\/07\/foto-2-rama-papa-pergjime-FBI-AI-1140x570-2.jpg?fit=1140%2C570&ssl=1&resize=350%2C200 1x, https:\/\/i0.wp.com\/www.shqiperia.com\/blog\/wp-content\/uploads\/2026\/07\/foto-2-rama-papa-pergjime-FBI-AI-1140x570-2.jpg?fit=1140%2C570&ssl=1&resize=525%2C300 1.5x, https:\/\/i0.wp.com\/www.shqiperia.com\/blog\/wp-content\/uploads\/2026\/07\/foto-2-rama-papa-pergjime-FBI-AI-1140x570-2.jpg?fit=1140%2C570&ssl=1&resize=700%2C400 2x, https:\/\/i0.wp.com\/www.shqiperia.com\/blog\/wp-content\/uploads\/2026\/07\/foto-2-rama-papa-pergjime-FBI-AI-1140x570-2.jpg?fit=1140%2C570&ssl=1&resize=1050%2C600 3x"},"classes":[]},{"id":105179,"url":"https:\/\/www.shqiperia.com\/blog\/7-muaj-ne-krye-te-spak-braho-atrofizon-institucionin-asnje-arrestim-ne-politike\/","url_meta":{"origin":105649,"position":5},"title":"7 muaj n\u00eb krye t\u00eb SPAK, Braho atrofizon institucionin, asnj\u00eb arrestim n\u00eb politik\u00eb.","author":"Kurt Farka","date":"August 25, 2026","format":false,"excerpt":"25 Gusht 2026 Pritshm\u00ebrit\u00eb e m\u00ebdha q\u00eb shoq\u00ebruan marrjen e drejtimit t\u00eb Prokuroris\u00eb s\u00eb Posa\u00e7me (SPAK) nga Klodjan Braho n\u00eb dhjetor t\u00eb vitit 2025, t\u00eb mb\u00ebshtetura nga nj\u00eb proces p\u00ebrzgjedhjeje me bekimin e partner\u00ebve amerikan\u00eb dhe garancin\u00eb e Altin Dumanit, jan\u00eb shnd\u00ebrruar n\u00eb nj\u00eb zhg\u00ebnjim t\u00eb thell\u00eb publik. N\u00eb vend\u2026","rel":"","context":"In &quot;Blogu i Udh\u00ebtarit&quot;","block_context":{"text":"Blogu i Udh\u00ebtarit","link":"https:\/\/www.shqiperia.com\/blog\/category\/blogu-i-udhetarit\/"},"img":{"alt_text":"","src":"https:\/\/i0.wp.com\/www.shqiperia.com\/blog\/wp-content\/uploads\/2026\/08\/SPAKU.png?fit=658%2C364&ssl=1&resize=350%2C200","width":350,"height":200,"srcset":"https:\/\/i0.wp.com\/www.shqiperia.com\/blog\/wp-content\/uploads\/2026\/08\/SPAKU.png?fit=658%2C364&ssl=1&resize=350%2C200 1x, https:\/\/i0.wp.com\/www.shqiperia.com\/blog\/wp-content\/uploads\/2026\/08\/SPAKU.png?fit=658%2C364&ssl=1&resize=525%2C300 1.5x"},"classes":[]}],"_links":{"self":[{"href":"https:\/\/www.shqiperia.com\/blog\/wp-json\/wp\/v2\/posts\/105649","targetHints":{"allow":["GET"]}}],"collection":[{"href":"https:\/\/www.shqiperia.com\/blog\/wp-json\/wp\/v2\/posts"}],"about":[{"href":"https:\/\/www.shqiperia.com\/blog\/wp-json\/wp\/v2\/types\/post"}],"author":[{"embeddable":true,"href":"https:\/\/www.shqiperia.com\/blog\/wp-json\/wp\/v2\/users\/9"}],"replies":[{"embeddable":true,"href":"https:\/\/www.shqiperia.com\/blog\/wp-json\/wp\/v2\/comments?post=105649"}],"version-history":[{"count":1,"href":"https:\/\/www.shqiperia.com\/blog\/wp-json\/wp\/v2\/posts\/105649\/revisions"}],"predecessor-version":[{"id":105651,"href":"https:\/\/www.shqiperia.com\/blog\/wp-json\/wp\/v2\/posts\/105649\/revisions\/105651"}],"wp:featuredmedia":[{"embeddable":true,"href":"https:\/\/www.shqiperia.com\/blog\/wp-json\/wp\/v2\/media\/105650"}],"wp:attachment":[{"href":"https:\/\/www.shqiperia.com\/blog\/wp-json\/wp\/v2\/media?parent=105649"}],"wp:term":[{"taxonomy":"category","embeddable":true,"href":"https:\/\/www.shqiperia.com\/blog\/wp-json\/wp\/v2\/categories?post=105649"},{"taxonomy":"post_tag","embeddable":true,"href":"https:\/\/www.shqiperia.com\/blog\/wp-json\/wp\/v2\/tags?post=105649"}],"curies":[{"name":"wp","href":"https:\/\/api.w.org\/{rel}","templated":true}]}}