{"id":105646,"date":"2026-09-01T03:20:12","date_gmt":"2026-09-01T03:20:12","guid":{"rendered":"https:\/\/www.shqiperia.com\/blog\/?p=105646"},"modified":"2026-09-01T03:20:12","modified_gmt":"2026-09-01T03:20:12","slug":"piktoret-mblidhen-ne-pogradec-artiste-nga-vende-te-ndryshme-te-botes-pjese-e-kolonise-nderkombetare","status":"publish","type":"post","link":"https:\/\/www.shqiperia.com\/blog\/piktoret-mblidhen-ne-pogradec-artiste-nga-vende-te-ndryshme-te-botes-pjese-e-kolonise-nderkombetare\/","title":{"rendered":"Piktor\u00ebt mblidhen n\u00eb Pogradec, artist\u00eb nga vende t\u00eb ndryshme t\u00eb bot\u00ebs, pjes\u00eb e Kolonis\u00eb Nd\u00ebrkomb\u00ebtare"},"content":{"rendered":"<p><img data-recalc-dims=\"1\" loading=\"lazy\" decoding=\"async\" data-attachment-id=\"105647\" data-permalink=\"https:\/\/www.shqiperia.com\/blog\/piktoret-mblidhen-ne-pogradec-artiste-nga-vende-te-ndryshme-te-botes-pjese-e-kolonise-nderkombetare\/th-5\/\" data-orig-file=\"https:\/\/i0.wp.com\/www.shqiperia.com\/blog\/wp-content\/uploads\/2026\/09\/th.jpg?fit=410%2C260&amp;ssl=1\" data-orig-size=\"410,260\" data-comments-opened=\"1\" data-image-meta=\"{&quot;aperture&quot;:&quot;0&quot;,&quot;credit&quot;:&quot;&quot;,&quot;camera&quot;:&quot;&quot;,&quot;caption&quot;:&quot;&quot;,&quot;created_timestamp&quot;:&quot;0&quot;,&quot;copyright&quot;:&quot;&quot;,&quot;focal_length&quot;:&quot;0&quot;,&quot;iso&quot;:&quot;0&quot;,&quot;shutter_speed&quot;:&quot;0&quot;,&quot;title&quot;:&quot;&quot;,&quot;orientation&quot;:&quot;0&quot;}\" data-image-title=\"th\" data-image-description=\"\" data-image-caption=\"\" data-medium-file=\"https:\/\/i0.wp.com\/www.shqiperia.com\/blog\/wp-content\/uploads\/2026\/09\/th.jpg?fit=300%2C190&amp;ssl=1\" data-large-file=\"https:\/\/i0.wp.com\/www.shqiperia.com\/blog\/wp-content\/uploads\/2026\/09\/th.jpg?fit=410%2C260&amp;ssl=1\" class=\"alignnone  wp-image-105647\" alt=\"\" src=\"https:\/\/i0.wp.com\/www.shqiperia.com\/blog\/wp-content\/uploads\/2026\/09\/th.jpg?resize=598%2C379&#038;ssl=1\" width=\"598\" height=\"379\" srcset=\"https:\/\/i0.wp.com\/www.shqiperia.com\/blog\/wp-content\/uploads\/2026\/09\/th.jpg?resize=300%2C190&amp;ssl=1 300w, https:\/\/i0.wp.com\/www.shqiperia.com\/blog\/wp-content\/uploads\/2026\/09\/th.jpg?resize=400%2C254&amp;ssl=1 400w, https:\/\/i0.wp.com\/www.shqiperia.com\/blog\/wp-content\/uploads\/2026\/09\/th.jpg?w=410&amp;ssl=1 410w\" sizes=\"auto, (max-width: 598px) 100vw, 598px\" \/><\/p>\n<p>1 Shtator 2026<\/p>\n<p>Pogradeci ka mbledhur edhe k\u00ebt\u00eb vit artist\u00eb nga vende t\u00eb ndryshme t\u00eb bot\u00ebs n\u00eb edicionin e 17-t\u00eb t\u00eb Kolonis\u00eb Nd\u00ebrkomb\u00ebtare t\u00eb Artit. Rreth 20 piktor\u00eb nga mbi 10 shtete kan\u00eb sjell\u00eb n\u00eb telajo peizazhin e liqenit, natyr\u00ebn dhe element\u00eb t\u00eb kultur\u00ebs s\u00eb Pogradecit, duke e kthyer aktivitetin edhe n\u00eb nj\u00eb hap\u00ebsir\u00eb shk\u00ebmbimi kulturor.<\/p>\n<p>Organizatori i kolonis\u00eb, Saimir Ahmeti, u shpreh: \u201c<em>Jemi n\u00eb edicionin e 17. Ky \u00ebsht\u00eb nj\u00eb aktivitet q\u00eb ka nisur q\u00eb n\u00eb vitin 2010 dhe \u00ebsht\u00eb nj\u00eb aktivitet n\u00eb fush\u00ebn e artit viziv q\u00eb ka treguar jet\u00ebgjat\u00ebsi p\u00ebr shum\u00eb arsye. Un\u00eb do t\u00eb p\u00ebrmendja Pogradecin. Ai \u00ebsht\u00eb nj\u00eb muz\u00eb p\u00ebr artist\u00ebt, nj\u00eb muz\u00eb p\u00ebr krijuesit, dhe nj\u00eb qytet i hapur q\u00eb merr kultur\u00eb, por edhe jep kultur\u00eb<\/em>.\u201d<\/p>\n<p>P\u00ebrtej krijimtaris\u00eb, kolonia synon t\u00eb nxis\u00eb shk\u00ebmbimin kulturor dhe profesional mes artist\u00ebve, duke krijuar kontakte dhe ura bashk\u00ebpunimi mes vendeve t\u00eb ndryshme.<\/p>\n<p>Piktorja Anna Kostenko tha: \u201c<em>Kam njohur artist\u00eb t\u00eb jasht\u00ebzakonsh\u00ebm, kemi shk\u00ebmbyer frym\u00ebzim dhe kemi m\u00ebsuar shum\u00eb nga nj\u00ebri-tjetri. M\u00eb p\u00eblqen shum\u00eb Shqip\u00ebria dhe mendoj se do t\u00eb rikthehem s\u00ebrish<\/em>.\u201d<\/p>\n<p>\u201c<em>P\u00ebr nj\u00eb artist \u00ebsht\u00eb shum\u00eb e r\u00ebnd\u00ebsishme t\u00eb takohet her\u00eb pas here me koleg\u00eb nga e gjith\u00eb bota, pasi shk\u00ebmbimi i p\u00ebrvojave na ndihmon ta shohim artin ton\u00eb ndryshe dhe t\u00eb zhvillohemi.\u201d<\/em><span>\u00a0<\/span>Tha piktorja, Katerina Romanova.<\/p>\n<p>Ndwrsa piktorja Dhurata Begolli theksoi se \u201c<em>Ka qen\u00eb nj\u00eb bashk\u00ebpunim shum\u00eb i mir\u00eb edhe pse kemi qen\u00eb n\u00eb vende t\u00eb ndryshme, mir\u00ebpo kemi pasur nj\u00eb larmani shum\u00eb t\u00eb mir\u00eb t\u00eb pun\u00ebve dhe t\u00eb bisedave.\u201d<\/em><\/p>\n<p>Piktori Alejandro Cort\u00e9s tha: \u201c<em>\u00cbsht\u00eb shum\u00eb befasuese p\u00ebr mua t\u00eb shoh kaq shum\u00eb natyr\u00eb, talent dhe bukuri t\u00eb p\u00ebrmbledhura n\u00eb nj\u00eb vend t\u00eb vet\u00ebm. Jam shum\u00eb i nderuar q\u00eb jam k\u00ebtu<\/em>.\u201d<\/p>\n<p>Kolonia \u00ebsht\u00eb p\u00ebrmbyllur me ekspozimin e punimeve t\u00eb realizuara gjat\u00eb q\u00ebndrimit t\u00eb artist\u00ebve n\u00eb Pogradec.<\/p>\n","protected":false},"excerpt":{"rendered":"<p>1 Shtator 2026 Pogradeci ka mbledhur edhe k\u00ebt\u00eb vit artist\u00eb nga vende t\u00eb ndryshme t\u00eb bot\u00ebs n\u00eb edicionin e 17-t\u00eb t\u00eb Kolonis\u00eb Nd\u00ebrkomb\u00ebtare t\u00eb Artit. Rreth 20 piktor\u00eb nga mbi 10 shtete kan\u00eb sjell\u00eb n\u00eb telajo peizazhin e liqenit, natyr\u00ebn dhe element\u00eb t\u00eb kultur\u00ebs s\u00eb Pogradecit, duke e kthyer aktivitetin edhe n\u00eb nj\u00eb hap\u00ebsir\u00eb shk\u00ebmbimi [&hellip;]<\/p>\n","protected":false},"author":9,"featured_media":105647,"comment_status":"open","ping_status":"open","sticky":false,"template":"","format":"standard","meta":{"jetpack_post_was_ever_published":false,"_jetpack_newsletter_access":"","_jetpack_dont_email_post_to_subs":false,"_jetpack_newsletter_tier_id":0,"_jetpack_memberships_contains_paywalled_content":false,"_jetpack_memberships_contains_paid_content":false,"footnotes":"","jetpack_publicize_message":"","jetpack_publicize_feature_enabled":true,"jetpack_social_post_already_shared":true,"jetpack_social_options":{"image_generator_settings":{"template":"highway","default_image_id":0,"font":"","enabled":false},"version":2}},"categories":[87,27,10],"tags":[],"class_list":["post-105646","post","type-post","status-publish","format-standard","has-post-thumbnail","hentry","category-arte","category-blogu-i-udhetarit","category-kultura"],"jetpack_publicize_connections":[],"jetpack_featured_media_url":"https:\/\/i0.wp.com\/www.shqiperia.com\/blog\/wp-content\/uploads\/2026\/09\/th.jpg?fit=410%2C260&ssl=1","jetpack_sharing_enabled":true,"jetpack_shortlink":"https:\/\/wp.me\/p5Z6wp-rtY","jetpack-related-posts":[{"id":102413,"url":"https:\/\/www.shqiperia.com\/blog\/jaho-brahaj-se-pari-muze-te-trashegimise-dhe-artit-kombetar-me-vone-te-qyteterimit-islamik-2\/","url_meta":{"origin":105646,"position":0},"title":"Jaho Brahaj: &#8211; S\u00eb pari muze t\u00eb trash\u00ebgimis\u00eb dhe artit komb\u00ebtar, m\u00eb von\u00eb t\u00eb qytet\u00ebrimit islamik","author":"Kurt Farka","date":"July 9, 2026","format":false,"excerpt":"9 Korrik 2026 ... N\u00eb vitin 2023 me nism\u00ebn e Bashkis\u00eb Tiran\u00eb me parat\u00eb e taksapaguesve t\u00eb qytetar\u00ebve u ble Saraji i Toptan\u00ebve me destinacion Muze Etnografik i Tiran\u00ebs...- Edvin Rama po ja shet nje shoqate per Muze islamik.... Tirana nuk ka nj\u00eb muze etnografik, por mungesa e tij ka\u2026","rel":"","context":"In &quot;Arte&quot;","block_context":{"text":"Arte","link":"https:\/\/www.shqiperia.com\/blog\/category\/arte\/"},"img":{"alt_text":"","src":"https:\/\/i0.wp.com\/www.shqiperia.com\/blog\/wp-content\/uploads\/2026\/07\/Jaho-Brahaj.jpg?fit=610%2C436&ssl=1&resize=350%2C200","width":350,"height":200,"srcset":"https:\/\/i0.wp.com\/www.shqiperia.com\/blog\/wp-content\/uploads\/2026\/07\/Jaho-Brahaj.jpg?fit=610%2C436&ssl=1&resize=350%2C200 1x, https:\/\/i0.wp.com\/www.shqiperia.com\/blog\/wp-content\/uploads\/2026\/07\/Jaho-Brahaj.jpg?fit=610%2C436&ssl=1&resize=525%2C300 1.5x"},"classes":[]},{"id":105132,"url":"https:\/\/www.shqiperia.com\/blog\/bashkim-zahaj-kontrolli-mbi-veprat-e-artit-ne-hapesirat-publike-eshte-i-domosdoshem\/","url_meta":{"origin":105646,"position":1},"title":"Bashkim Zahaj: \u201cKontrolli\u201d mbi veprat e artit n\u00eb hap\u00ebsirat publike \u00ebsht\u00eb i domosdosh\u00ebm","author":"Kurt Farka","date":"August 25, 2026","format":false,"excerpt":"25 Gusht 2026 Vendosja e veprave t\u00eb artit n\u00eb hap\u00ebsirat publike po rikthehet n\u00eb qend\u00ebr t\u00eb debatit, pas nism\u00ebs p\u00ebr krijimin e nj\u00eb Komisioni Shtet\u00ebror t\u00eb Artit q\u00eb do t\u00eb shqyrtoj\u00eb dhe miratoj\u00eb nd\u00ebrhyrjet artistike n\u00eb mjedisin urban. Debati lidhet jo vet\u00ebm me vler\u00ebn artistike t\u00eb veprave, por edhe me\u2026","rel":"","context":"In &quot;Blogu i Udh\u00ebtarit&quot;","block_context":{"text":"Blogu i Udh\u00ebtarit","link":"https:\/\/www.shqiperia.com\/blog\/category\/blogu-i-udhetarit\/"},"img":{"alt_text":"","src":"https:\/\/i0.wp.com\/www.shqiperia.com\/blog\/wp-content\/uploads\/2026\/08\/zahajjj-6a8d31822ab43.png?fit=551%2C415&ssl=1&resize=350%2C200","width":350,"height":200,"srcset":"https:\/\/i0.wp.com\/www.shqiperia.com\/blog\/wp-content\/uploads\/2026\/08\/zahajjj-6a8d31822ab43.png?fit=551%2C415&ssl=1&resize=350%2C200 1x, https:\/\/i0.wp.com\/www.shqiperia.com\/blog\/wp-content\/uploads\/2026\/08\/zahajjj-6a8d31822ab43.png?fit=551%2C415&ssl=1&resize=525%2C300 1.5x"},"classes":[]},{"id":100266,"url":"https:\/\/www.shqiperia.com\/blog\/filmi-dua-qe-kthen-kohen-godet-ne-cannes-e-pret-rrugetim-i-gjate\/","url_meta":{"origin":105646,"position":2},"title":"Filmi \u201cDua\u201d q\u00eb kthen koh\u00ebn, godet n\u00eb Cannes, e pret rrug\u00ebtim i gjat\u00eb","author":"Kurt Farka","date":"May 14, 2026","format":false,"excerpt":"14 Maji 2026 Nj\u00eb vit m\u00eb her\u00ebt, regjisorja Blerta Basholli tok me ekipin do t\u00eb aterronin n\u00eb Cannes p\u00ebr ta bindur secilin se sa pesh\u00eb personale kishte rr\u00ebfimi q\u00eb synonin ta shnd\u00ebrronin n\u00eb film. T\u00eb m\u00ebrkur\u00ebn, jan\u00eb rikthyer aty me premier\u00ebn bot\u00ebrore t\u00eb filmit \u201cDua\u201d i cili sapo ka ndezur\u2026","rel":"","context":"In &quot;Arte&quot;","block_context":{"text":"Arte","link":"https:\/\/www.shqiperia.com\/blog\/category\/arte\/"},"img":{"alt_text":"","src":"https:\/\/i0.wp.com\/www.shqiperia.com\/blog\/wp-content\/uploads\/2026\/05\/37ef2b6b-d063-48f5-8586-83f85ce28603.webp?fit=1200%2C768&ssl=1&resize=350%2C200","width":350,"height":200,"srcset":"https:\/\/i0.wp.com\/www.shqiperia.com\/blog\/wp-content\/uploads\/2026\/05\/37ef2b6b-d063-48f5-8586-83f85ce28603.webp?fit=1200%2C768&ssl=1&resize=350%2C200 1x, https:\/\/i0.wp.com\/www.shqiperia.com\/blog\/wp-content\/uploads\/2026\/05\/37ef2b6b-d063-48f5-8586-83f85ce28603.webp?fit=1200%2C768&ssl=1&resize=525%2C300 1.5x, https:\/\/i0.wp.com\/www.shqiperia.com\/blog\/wp-content\/uploads\/2026\/05\/37ef2b6b-d063-48f5-8586-83f85ce28603.webp?fit=1200%2C768&ssl=1&resize=700%2C400 2x, https:\/\/i0.wp.com\/www.shqiperia.com\/blog\/wp-content\/uploads\/2026\/05\/37ef2b6b-d063-48f5-8586-83f85ce28603.webp?fit=1200%2C768&ssl=1&resize=1050%2C600 3x"},"classes":[]},{"id":100111,"url":"https:\/\/www.shqiperia.com\/blog\/e-shnderroi-shtepine-ne-berat-ne-muze-artizania-tefta-qose-500-kostume-popullore-puna-e-nje-jete\/","url_meta":{"origin":105646,"position":3},"title":"E shnd\u00ebrroi sht\u00ebpin\u00eb n\u00eb Berat n\u00eb muze, artizania Tefta Qose: &#8211; 500 kostume popullore, puna e nj\u00eb jete","author":"Kurt Farka","date":"May 11, 2026","format":false,"excerpt":"11 Mars 2026 N\u00eb nj\u00eb koh\u00eb kur shum\u00eb tradita rrezikojn\u00eb t\u00eb harrohen, Tefta Qose vazhdon t\u00eb mbaj\u00eb gjall\u00eb artin e krijimit t\u00eb veshjeve popullore. Prej disa vitesh, ajo e ka shnd\u00ebrruar sht\u00ebpin\u00eb e saj n\u00eb lagjen \u201cBarrikad\u00eb\u201d n\u00eb nj\u00eb muze t\u00eb ve\u00e7ant\u00eb, ku \u00e7do cep rr\u00ebfen histori, nd\u00ebrsa \u00e7do veshje\u2026","rel":"","context":"In &quot;Blogu i Udh\u00ebtarit&quot;","block_context":{"text":"Blogu i Udh\u00ebtarit","link":"https:\/\/www.shqiperia.com\/blog\/category\/blogu-i-udhetarit\/"},"img":{"alt_text":"","src":"https:\/\/i0.wp.com\/www.shqiperia.com\/blog\/wp-content\/uploads\/2026\/05\/Kostumet-e-Tefta-Qoses-1.jpg?fit=1200%2C798&ssl=1&resize=350%2C200","width":350,"height":200,"srcset":"https:\/\/i0.wp.com\/www.shqiperia.com\/blog\/wp-content\/uploads\/2026\/05\/Kostumet-e-Tefta-Qoses-1.jpg?fit=1200%2C798&ssl=1&resize=350%2C200 1x, https:\/\/i0.wp.com\/www.shqiperia.com\/blog\/wp-content\/uploads\/2026\/05\/Kostumet-e-Tefta-Qoses-1.jpg?fit=1200%2C798&ssl=1&resize=525%2C300 1.5x, https:\/\/i0.wp.com\/www.shqiperia.com\/blog\/wp-content\/uploads\/2026\/05\/Kostumet-e-Tefta-Qoses-1.jpg?fit=1200%2C798&ssl=1&resize=700%2C400 2x, https:\/\/i0.wp.com\/www.shqiperia.com\/blog\/wp-content\/uploads\/2026\/05\/Kostumet-e-Tefta-Qoses-1.jpg?fit=1200%2C798&ssl=1&resize=1050%2C600 3x"},"classes":[]},{"id":105367,"url":"https:\/\/www.shqiperia.com\/blog\/turizmi-nuk-eshte-industri-te-fortesh-as-nuk-behet-vetem-duke-numeruar-te-huajt-qe-hyjne-ne-vend\/","url_meta":{"origin":105646,"position":4},"title":"Turizmi nuk \u00ebsht\u00eb \u201cindustri t\u00eb fort\u00ebsh\u201d, as nuk b\u00ebhet vet\u00ebm duke num\u00ebruar t\u00eb huajt q\u00eb hyjn\u00eb n\u00eb vend","author":"Kurt Farka","date":"August 28, 2026","format":false,"excerpt":"28 Gusht 2026 Shqip\u00ebria po p\u00ebrjeton prej disa vitesh nj\u00eb rritje shum\u00eb t\u00eb fort\u00eb t\u00eb turizmit. Nga rreth 6.4 milion\u00eb hyrje t\u00eb shtetasve t\u00eb huaj n\u00eb vitin 2019, sot vendi pret mbi 12 milion\u00eb. Ky ndryshim nuk ka ardhur rast\u00ebsisht. Shqip\u00ebria ka p\u00ebrmir\u00ebsuar ndjesh\u00ebm imazhin e saj, \u00ebsht\u00eb promovuar m\u00eb\u2026","rel":"","context":"In &quot;Kultura&quot;","block_context":{"text":"Kultura","link":"https:\/\/www.shqiperia.com\/blog\/category\/kultura\/"},"img":{"alt_text":"","src":"https:\/\/i0.wp.com\/www.shqiperia.com\/blog\/wp-content\/uploads\/2026\/08\/kallithea-kassandra-halkidiki-53.jpg?fit=1200%2C800&ssl=1&resize=350%2C200","width":350,"height":200,"srcset":"https:\/\/i0.wp.com\/www.shqiperia.com\/blog\/wp-content\/uploads\/2026\/08\/kallithea-kassandra-halkidiki-53.jpg?fit=1200%2C800&ssl=1&resize=350%2C200 1x, https:\/\/i0.wp.com\/www.shqiperia.com\/blog\/wp-content\/uploads\/2026\/08\/kallithea-kassandra-halkidiki-53.jpg?fit=1200%2C800&ssl=1&resize=525%2C300 1.5x, https:\/\/i0.wp.com\/www.shqiperia.com\/blog\/wp-content\/uploads\/2026\/08\/kallithea-kassandra-halkidiki-53.jpg?fit=1200%2C800&ssl=1&resize=700%2C400 2x, https:\/\/i0.wp.com\/www.shqiperia.com\/blog\/wp-content\/uploads\/2026\/08\/kallithea-kassandra-halkidiki-53.jpg?fit=1200%2C800&ssl=1&resize=1050%2C600 3x"},"classes":[]},{"id":105516,"url":"https:\/\/www.shqiperia.com\/blog\/jo-vetem-duke-numeruar-turistet-turizmi-nuk-mund-te-trajtohet-si-nje-industri-te-fortesh\/","url_meta":{"origin":105646,"position":5},"title":"\u201cJo vet\u00ebm duke num\u00ebruar turist\u00ebt\u201d. Turizmi nuk mund t\u00eb trajtohet si nj\u00eb \u201cindustri t\u00eb fort\u00ebsh\u201d","author":"Kurt Farka","date":"August 30, 2026","format":false,"excerpt":"30 Gusht 2026 Shqip\u00ebria po p\u00ebrjeton prej disa vitesh nj\u00eb rritje shum\u00eb t\u00eb fort\u00eb t\u00eb turizmit. Nga rreth 6.4 milion\u00eb hyrje t\u00eb shtetasve t\u00eb huaj n\u00eb vitin 2019, sot vendi pret mbi 12 milion\u00eb. Ky ndryshim nuk ka ardhur rast\u00ebsisht. Shqip\u00ebria ka p\u00ebrmir\u00ebsuar ndjesh\u00ebm imazhin e saj, \u00ebsht\u00eb promovuar m\u00eb\u2026","rel":"","context":"In &quot;Blogu i Udh\u00ebtarit&quot;","block_context":{"text":"Blogu i Udh\u00ebtarit","link":"https:\/\/www.shqiperia.com\/blog\/category\/blogu-i-udhetarit\/"},"img":{"alt_text":"","src":"https:\/\/i0.wp.com\/www.shqiperia.com\/blog\/wp-content\/uploads\/2026\/08\/OIP-2.webp?fit=474%2C316&ssl=1&resize=350%2C200","width":350,"height":200},"classes":[]}],"_links":{"self":[{"href":"https:\/\/www.shqiperia.com\/blog\/wp-json\/wp\/v2\/posts\/105646","targetHints":{"allow":["GET"]}}],"collection":[{"href":"https:\/\/www.shqiperia.com\/blog\/wp-json\/wp\/v2\/posts"}],"about":[{"href":"https:\/\/www.shqiperia.com\/blog\/wp-json\/wp\/v2\/types\/post"}],"author":[{"embeddable":true,"href":"https:\/\/www.shqiperia.com\/blog\/wp-json\/wp\/v2\/users\/9"}],"replies":[{"embeddable":true,"href":"https:\/\/www.shqiperia.com\/blog\/wp-json\/wp\/v2\/comments?post=105646"}],"version-history":[{"count":1,"href":"https:\/\/www.shqiperia.com\/blog\/wp-json\/wp\/v2\/posts\/105646\/revisions"}],"predecessor-version":[{"id":105648,"href":"https:\/\/www.shqiperia.com\/blog\/wp-json\/wp\/v2\/posts\/105646\/revisions\/105648"}],"wp:featuredmedia":[{"embeddable":true,"href":"https:\/\/www.shqiperia.com\/blog\/wp-json\/wp\/v2\/media\/105647"}],"wp:attachment":[{"href":"https:\/\/www.shqiperia.com\/blog\/wp-json\/wp\/v2\/media?parent=105646"}],"wp:term":[{"taxonomy":"category","embeddable":true,"href":"https:\/\/www.shqiperia.com\/blog\/wp-json\/wp\/v2\/categories?post=105646"},{"taxonomy":"post_tag","embeddable":true,"href":"https:\/\/www.shqiperia.com\/blog\/wp-json\/wp\/v2\/tags?post=105646"}],"curies":[{"name":"wp","href":"https:\/\/api.w.org\/{rel}","templated":true}]}}