{"id":105639,"date":"2026-09-01T02:40:08","date_gmt":"2026-09-01T02:40:08","guid":{"rendered":"https:\/\/www.shqiperia.com\/blog\/?p=105639"},"modified":"2026-09-01T02:40:08","modified_gmt":"2026-09-01T02:40:08","slug":"librat-e-perdorur-po-zhduken-nga-tregu-po-kush-po-i-blen-dhe-per-cfare","status":"publish","type":"post","link":"https:\/\/www.shqiperia.com\/blog\/librat-e-perdorur-po-zhduken-nga-tregu-po-kush-po-i-blen-dhe-per-cfare\/","title":{"rendered":"Librat e p\u00ebrdorur po zhduken nga tregu, po kush po i blen dhe p\u00ebr \u00e7far\u00eb?"},"content":{"rendered":"<p><img data-recalc-dims=\"1\" loading=\"lazy\" decoding=\"async\" data-attachment-id=\"105640\" data-permalink=\"https:\/\/www.shqiperia.com\/blog\/librat-e-perdorur-po-zhduken-nga-tregu-po-kush-po-i-blen-dhe-per-cfare\/pngtree-room-filled-with-old-books-and-other-things-image_2529291\/\" data-orig-file=\"https:\/\/i0.wp.com\/www.shqiperia.com\/blog\/wp-content\/uploads\/2026\/09\/pngtree-room-filled-with-old-books-and-other-things-image_2529291.jpg?fit=640%2C359&amp;ssl=1\" data-orig-size=\"640,359\" data-comments-opened=\"1\" data-image-meta=\"{&quot;aperture&quot;:&quot;0&quot;,&quot;credit&quot;:&quot;&quot;,&quot;camera&quot;:&quot;&quot;,&quot;caption&quot;:&quot;&quot;,&quot;created_timestamp&quot;:&quot;0&quot;,&quot;copyright&quot;:&quot;&quot;,&quot;focal_length&quot;:&quot;0&quot;,&quot;iso&quot;:&quot;0&quot;,&quot;shutter_speed&quot;:&quot;0&quot;,&quot;title&quot;:&quot;&quot;,&quot;orientation&quot;:&quot;0&quot;}\" data-image-title=\"pngtree-room-filled-with-old-books-and-other-things-image_2529291\" data-image-description=\"\" data-image-caption=\"\" data-medium-file=\"https:\/\/i0.wp.com\/www.shqiperia.com\/blog\/wp-content\/uploads\/2026\/09\/pngtree-room-filled-with-old-books-and-other-things-image_2529291.jpg?fit=300%2C168&amp;ssl=1\" data-large-file=\"https:\/\/i0.wp.com\/www.shqiperia.com\/blog\/wp-content\/uploads\/2026\/09\/pngtree-room-filled-with-old-books-and-other-things-image_2529291.jpg?fit=640%2C359&amp;ssl=1\" class=\"alignnone  wp-image-105640\" alt=\"\" src=\"https:\/\/i0.wp.com\/www.shqiperia.com\/blog\/wp-content\/uploads\/2026\/09\/pngtree-room-filled-with-old-books-and-other-things-image_2529291.jpg?resize=582%2C326&#038;ssl=1\" width=\"582\" height=\"326\" srcset=\"https:\/\/i0.wp.com\/www.shqiperia.com\/blog\/wp-content\/uploads\/2026\/09\/pngtree-room-filled-with-old-books-and-other-things-image_2529291.jpg?resize=300%2C168&amp;ssl=1 300w, https:\/\/i0.wp.com\/www.shqiperia.com\/blog\/wp-content\/uploads\/2026\/09\/pngtree-room-filled-with-old-books-and-other-things-image_2529291.jpg?resize=450%2C252&amp;ssl=1 450w, https:\/\/i0.wp.com\/www.shqiperia.com\/blog\/wp-content\/uploads\/2026\/09\/pngtree-room-filled-with-old-books-and-other-things-image_2529291.jpg?resize=600%2C337&amp;ssl=1 600w, https:\/\/i0.wp.com\/www.shqiperia.com\/blog\/wp-content\/uploads\/2026\/09\/pngtree-room-filled-with-old-books-and-other-things-image_2529291.jpg?resize=400%2C224&amp;ssl=1 400w, https:\/\/i0.wp.com\/www.shqiperia.com\/blog\/wp-content\/uploads\/2026\/09\/pngtree-room-filled-with-old-books-and-other-things-image_2529291.jpg?w=640&amp;ssl=1 640w\" sizes=\"auto, (max-width: 582px) 100vw, 582px\" \/><\/p>\n<p>1 Shtator 2026<\/p>\n<p>Di\u00e7ka e pazakont\u00eb po ndodh n\u00eb tregun e librave t\u00eb p\u00ebrdorur. Gjat\u00eb muajve t\u00eb fundit, librashit\u00ebs t\u00eb pavarur n\u00eb vende t\u00eb ndryshme kan\u00eb v\u00ebn\u00eb re nj\u00eb val\u00eb porosish masive, ku mij\u00ebra libra po d\u00ebrgohen drejt magazinave t\u00eb larg\u00ebta, pa qen\u00eb e qart\u00eb se cili \u00ebsht\u00eb destinacioni i tyre p\u00ebrfundimtar.<\/p>\n<p>Stuart Manley, pronar i libraris\u00eb s\u00eb njohur Barter Books n\u00eb Northumberland t\u00eb Britanis\u00eb s\u00eb Madhe, thot\u00eb se zakonisht shet 2.000 deri n\u00eb 3.000 libra n\u00eb jav\u00eb. Por s\u00eb fundmi mori nj\u00eb porosi t\u00eb vetme nga nj\u00eb kompani kanadeze, e cila ishte sa shitjet e nj\u00eb jave t\u00eb t\u00ebr\u00eb.<\/p>\n<p><em>\u201cNuk kam par\u00eb kurr\u00eb di\u00e7ka t\u00eb till\u00eb n\u00eb 30 vjet q\u00eb merrem me tregtin\u00eb e librave t\u00eb p\u00ebrdorur\u201d<\/em>, tha ai.<\/p>\n<p>Fenomeni nuk kufizohet vet\u00ebm n\u00eb Britani. Librashit\u00ebs nga vende t\u00eb ndryshme raportojn\u00eb porosi t\u00eb ngjashme dhe t\u00eb pazakonta. Shum\u00eb prej tyre dyshojn\u00eb se librat nuk po blihen p\u00ebr lexues t\u00eb apasionuar, por p\u00ebr nj\u00eb konsumator krejt tjet\u00ebr: inteligjenc\u00ebn artificiale.<\/p>\n<p><strong>Vendimi gjyq\u00ebsor q\u00eb hapi rrug\u00ebn<\/strong><\/p>\n<p>Dyshimet lidhen me nj\u00eb vendim t\u00eb nj\u00eb gjykate amerikane n\u00eb vitin 2025, e cila vendosi se p\u00ebrdorimi i librave t\u00eb bler\u00eb ligj\u00ebrisht p\u00ebr trajnimin e sistemeve t\u00eb inteligjenc\u00ebs artificiale nuk p\u00ebrb\u00ebn shkelje t\u00eb ligjit amerikan p\u00ebr t\u00eb drejtat e autorit.<\/p>\n<p>Vendimi erdhi pas nj\u00eb padie t\u00eb ngritur kund\u00ebr kompanis\u00eb s\u00eb inteligjenc\u00ebs artificiale Anthropic nga tre autor\u00eb. Gjykat\u00ebsi William Alsup argumentoi se p\u00ebrdorimi i librave nga kompania ishte \u201cjasht\u00ebzakonisht transformues\u201d dhe p\u00ebr k\u00ebt\u00eb arsye i lejuesh\u00ebm sipas ligjit.<\/p>\n<p>Dokumentet gjyq\u00ebsore t\u00eb publikuara m\u00eb von\u00eb zbuluan gjithashtu se gjat\u00eb procesit t\u00eb trajnimit t\u00eb chatbot-it Claude, librat skanoheshin dhe m\u00eb pas shkat\u00ebrroheshin.<\/p>\n<p>Anthropic deklaroi se Claude trajnohet me t\u00eb dh\u00ebna publike nga interneti, baza t\u00eb dh\u00ebnash t\u00eb blera komercialisht dhe materiale t\u00eb krijuara nga vet\u00eb kompania. Sipas saj, p\u00ebrdorimi i librave p\u00ebr trajnim \u00ebsht\u00eb nj\u00eb praktik\u00eb e zakonshme n\u00eb industrin\u00eb e inteligjenc\u00ebs artificiale.<\/p>\n<p><strong>\u2018Skanimi shkat\u00ebrrues\u2019<\/strong><\/p>\n<p>Dokumentet zbuluan ekzistenc\u00ebn e nj\u00eb projekti t\u00eb brendsh\u00ebm t\u00eb quajtur \u201cProject Panama\u201d, q\u00eb synonte digjitalizimin masiv t\u00eb librave.<\/p>\n<p>Procesi, i njohur si<em><span>\u00a0<\/span>\u201cskanim shkat\u00ebrrues\u201d<\/em>, p\u00ebrfshin heqjen e kopertin\u00ebs dhe t\u00eb shtyll\u00ebs s\u00eb librit p\u00ebr t\u00eb skanuar me shpejt\u00ebsi \u00e7do faqe. Pas digjitalizimit, pjes\u00ebt e mbetura riciklohen.<\/p>\n<p>Sipas ekspert\u00ebve, shum\u00ebllojshm\u00ebria e librave q\u00eb po blihen \u2013 nga tekste t\u00eb rralla latine deri te romane western \u2013 sugjeron se q\u00ebllimi \u00ebsht\u00eb pasurimi i bazave t\u00eb t\u00eb dh\u00ebnave t\u00eb modeleve t\u00eb m\u00ebdha gjuh\u00ebsore, teknologjia q\u00eb q\u00ebndron pas chatbot-eve dhe mjeteve t\u00eb tjera t\u00eb inteligjenc\u00ebs artificiale.<\/p>\n<p><strong>Shqet\u00ebsimet etike<\/strong><\/p>\n<p>Librashit\u00ebsit jan\u00eb t\u00eb ndar\u00eb mes p\u00ebrfitimit ekonomik dhe shqet\u00ebsimeve morale.<\/p>\n<p>David Tobin, pronar i libraris\u00eb Walden Books n\u00eb Lond\u00ebr, thot\u00eb se \u00ebsht\u00eb pozitive q\u00eb disa libra t\u00eb pashitur prej vitesh po gjejn\u00eb m\u00eb n\u00eb fund bler\u00ebs, por do t\u00eb ishte zhg\u00ebnjyese n\u00ebse p\u00ebrfundimisht shkat\u00ebrrohen.<\/p>\n<p>Nd\u00ebrsa Derek Walker, pronar i libraris\u00eb McNaughtan&#8217;s n\u00eb Edinburg, paralajm\u00ebron se rreziku b\u00ebhet serioz kur b\u00ebhet fjal\u00eb p\u00ebr botime tep\u00ebr t\u00eb rralla.<\/p>\n<p><em>\u201cKemi pasur libra q\u00eb p\u00ebrb\u00ebjn\u00eb t\u00eb vetmin ekzemplar t\u00eb njohur t\u00eb nj\u00eb botimi t\u00eb shekullit XVIII. Do t\u00eb ishte nj\u00eb humbje e madhe n\u00ebse nj\u00eb lib\u00ebr i till\u00eb blihej vet\u00ebm p\u00ebr t\u2019u shkat\u00ebrruar\u201d,<span>\u00a0<\/span><\/em>tha ai.<\/p>\n<p>Megjithat\u00eb, disa librashit\u00ebs v\u00ebrejn\u00eb se p\u00ebr shum\u00eb tituj t\u00eb zakonsh\u00ebm, t\u00eb cil\u00ebt nuk kan\u00eb m\u00eb k\u00ebrkes\u00eb n\u00eb treg, riciklimi mund t\u00eb jet\u00eb nj\u00eb zgjidhje praktike.<\/p>\n<p><em>\u201cBota nuk ka m\u00eb nevoj\u00eb p\u00ebr pes\u00eb milion\u00eb kopje t\u00eb \u2018Kodit Da Vin\u00e7i\u2019\u201d, t<\/em>hot\u00eb Manley. \u201c<em>Kam pasur libra t\u00eb shpallur p\u00ebr shitje n\u00eb internet p\u00ebr 20 vjet dhe nuk jan\u00eb shitur deri tani.\u201d<a href=\"https:\/\/www.bbc.com\/news\/articles\/cp3rprx2wl4o\"><span>\u00a0<\/span>\/BBC\/<\/a><\/em><\/p>\n","protected":false},"excerpt":{"rendered":"<p>1 Shtator 2026 Di\u00e7ka e pazakont\u00eb po ndodh n\u00eb tregun e librave t\u00eb p\u00ebrdorur. Gjat\u00eb muajve t\u00eb fundit, librashit\u00ebs t\u00eb pavarur n\u00eb vende t\u00eb ndryshme kan\u00eb v\u00ebn\u00eb re nj\u00eb val\u00eb porosish masive, ku mij\u00ebra libra po d\u00ebrgohen drejt magazinave t\u00eb larg\u00ebta, pa qen\u00eb e qart\u00eb se cili \u00ebsht\u00eb destinacioni i tyre p\u00ebrfundimtar. Stuart Manley, pronar [&hellip;]<\/p>\n","protected":false},"author":9,"featured_media":105640,"comment_status":"open","ping_status":"open","sticky":false,"template":"","format":"standard","meta":{"jetpack_post_was_ever_published":false,"_jetpack_newsletter_access":"","_jetpack_dont_email_post_to_subs":false,"_jetpack_newsletter_tier_id":0,"_jetpack_memberships_contains_paywalled_content":false,"_jetpack_memberships_contains_paid_content":false,"footnotes":"","jetpack_publicize_message":"","jetpack_publicize_feature_enabled":true,"jetpack_social_post_already_shared":true,"jetpack_social_options":{"image_generator_settings":{"template":"highway","default_image_id":0,"font":"","enabled":false},"version":2}},"categories":[27,85,10,35,86],"tags":[],"class_list":["post-105639","post","type-post","status-publish","format-standard","has-post-thumbnail","hentry","category-blogu-i-udhetarit","category-histori","category-kultura","category-shoqerore","category-trashegimi-kulturore"],"jetpack_publicize_connections":[],"jetpack_featured_media_url":"https:\/\/i0.wp.com\/www.shqiperia.com\/blog\/wp-content\/uploads\/2026\/09\/pngtree-room-filled-with-old-books-and-other-things-image_2529291.jpg?fit=640%2C359&ssl=1","jetpack_sharing_enabled":true,"jetpack_shortlink":"https:\/\/wp.me\/p5Z6wp-rtR","jetpack-related-posts":[{"id":35422,"url":"https:\/\/www.shqiperia.com\/blog\/nxenesit-e-shkolles-se-mesme-naim-frasheri-ne-durres-riparojne-kopertinat-e-librave-te-demtuar\/","url_meta":{"origin":105639,"position":0},"title":"Nx\u00ebn\u00ebsit e shkoll\u00ebs s\u00eb mesme \u201cNaim Frash\u00ebri\u201d, n\u00eb Durr\u00ebs riparojn\u00eb kopertinat e librave t\u00eb d\u00ebmtuar.","author":"Kurt Farka","date":"June 5, 2020","format":false,"excerpt":"Nx\u00ebn\u00ebsit e shkoll\u00ebs s\u00eb mesme \u201cNaim Frash\u00ebri\u201d, n\u00eb Durr\u00ebs riparojn\u00eb kopertinat e librave t\u00eb d\u00ebmtuar. Nx\u00ebn\u00ebsit e shkoll\u00ebs s\u00eb mesme \u201cNaim Frash\u00ebri\u201d, n\u00eb Durr\u00ebs, kan\u00eb nd\u00ebrmarr\u00eb nj\u00eb nism\u00eb v\u00ebrtet interesante. Ata kan\u00eb themeluar nj\u00eb kompani t\u00eb quajtur Brooks, dhe riparojn\u00eb kopertinat e librave t\u00eb d\u00ebmtuar. Emri i kompanis\u00eb \u201cBrooks\u201d n\u00ebnkupton\u2026","rel":"","context":"In &quot;Blogu i Udh\u00ebtarit&quot;","block_context":{"text":"Blogu i Udh\u00ebtarit","link":"https:\/\/www.shqiperia.com\/blog\/category\/blogu-i-udhetarit\/"},"img":{"alt_text":"","src":"https:\/\/i0.wp.com\/www.shqiperia.com\/blog\/wp-content\/uploads\/2020\/06\/6-23.jpg?fit=578%2C275&ssl=1&resize=350%2C200","width":350,"height":200,"srcset":"https:\/\/i0.wp.com\/www.shqiperia.com\/blog\/wp-content\/uploads\/2020\/06\/6-23.jpg?fit=578%2C275&ssl=1&resize=350%2C200 1x, https:\/\/i0.wp.com\/www.shqiperia.com\/blog\/wp-content\/uploads\/2020\/06\/6-23.jpg?fit=578%2C275&ssl=1&resize=525%2C300 1.5x"},"classes":[]},{"id":100048,"url":"https:\/\/www.shqiperia.com\/blog\/meksiko-drejt-fundosjes\/","url_meta":{"origin":105639,"position":1},"title":"Meksiko drejt fundosjes?","author":"Kurt Farka","date":"May 9, 2026","format":false,"excerpt":"9 Maji 2026 Qyteti m\u00eb i madh n\u00eb Amerik\u00ebn e Veriut, Mexico City , po fundoset me nj\u00eb rit\u00ebm t\u00eb shpejt\u00eb, i duksh\u00ebm nga hap\u00ebsira. Imazhet satelitore t\u00eb NASA-s kan\u00eb treguar se metropoli meksikan po fundoset me nj\u00eb shpejt\u00ebsi prej gati 30 centimetrash n\u00eb vit, duke e b\u00ebr\u00eb at\u00eb nj\u00eb\u2026","rel":"","context":"In &quot;Blogu i Udh\u00ebtarit&quot;","block_context":{"text":"Blogu i Udh\u00ebtarit","link":"https:\/\/www.shqiperia.com\/blog\/category\/blogu-i-udhetarit\/"},"img":{"alt_text":"","src":"https:\/\/i0.wp.com\/www.shqiperia.com\/blog\/wp-content\/uploads\/2026\/05\/meksiko.jpg?fit=599%2C399&ssl=1&resize=350%2C200","width":350,"height":200,"srcset":"https:\/\/i0.wp.com\/www.shqiperia.com\/blog\/wp-content\/uploads\/2026\/05\/meksiko.jpg?fit=599%2C399&ssl=1&resize=350%2C200 1x, https:\/\/i0.wp.com\/www.shqiperia.com\/blog\/wp-content\/uploads\/2026\/05\/meksiko.jpg?fit=599%2C399&ssl=1&resize=525%2C300 1.5x"},"classes":[]},{"id":101679,"url":"https:\/\/www.shqiperia.com\/blog\/edi-rama-kerkon-te-terheqe-shba-ne-luften-ndaj-protestuesve-duke-e-konsideruar-levizjen-anti-trumpiste-ja\/","url_meta":{"origin":105639,"position":2},"title":"Edi Rama k\u00ebrkon t\u00eb t\u00ebrheq\u00eb SHBA n\u00eb \u201cluft\u00ebn\u201d ndaj protestuesve duke e konsideruar l\u00ebvizjen anti-Trumpiste, ja\u2026","author":"Kurt Farka","date":"June 21, 2026","format":false,"excerpt":"Kryeministri Edi Rama po tenton me \u00e7do kusht t\u00eb manipuloj\u00eb opinionin publik nd\u00ebrkomb\u00ebtar, duke i m\u00ebshuar fort faktit se protestat masive q\u00eb kan\u00eb mb\u00ebrthyer Shqip\u00ebrin\u00eb prej m\u00eb shum\u00eb se dy jav\u00ebsh jan\u00eb n\u00eb t\u00eb v\u00ebrtet\u00eb nj\u00eb l\u00ebvizje e organizuar kund\u00ebr Presidentit t\u00eb SHBA-ve, Donald Trump, dhe investimeve t\u00eb dh\u00ebndrit t\u00eb\u2026","rel":"","context":"In &quot;Blogu i Udh\u00ebtarit&quot;","block_context":{"text":"Blogu i Udh\u00ebtarit","link":"https:\/\/www.shqiperia.com\/blog\/category\/blogu-i-udhetarit\/"},"img":{"alt_text":"","src":"https:\/\/i0.wp.com\/www.shqiperia.com\/blog\/wp-content\/uploads\/2026\/06\/foto-6-6-750x375-1.jpg?fit=750%2C375&ssl=1&resize=350%2C200","width":350,"height":200,"srcset":"https:\/\/i0.wp.com\/www.shqiperia.com\/blog\/wp-content\/uploads\/2026\/06\/foto-6-6-750x375-1.jpg?fit=750%2C375&ssl=1&resize=350%2C200 1x, https:\/\/i0.wp.com\/www.shqiperia.com\/blog\/wp-content\/uploads\/2026\/06\/foto-6-6-750x375-1.jpg?fit=750%2C375&ssl=1&resize=525%2C300 1.5x, https:\/\/i0.wp.com\/www.shqiperia.com\/blog\/wp-content\/uploads\/2026\/06\/foto-6-6-750x375-1.jpg?fit=750%2C375&ssl=1&resize=700%2C400 2x"},"classes":[]},{"id":102688,"url":"https:\/\/www.shqiperia.com\/blog\/institucionet-ne-sherbim-te-droges-bushkolaj-albanian-files-skaneri-i-asaj-qe-ka-ndodhur-me-shqiperine-1901-14-07-2026-a-a-institucionet-ne-sherbim\/","url_meta":{"origin":105639,"position":3},"title":"\u2018Institucionet n\u00eb sh\u00ebrbim t\u00eb drog\u00ebs\u2019, Bushkolaj: \u2018Albanian Files\u2019, skaneri i asaj q\u00eb ka ndodhur me Shqip\u00ebrin\u00eb   19:01 | 14\/07\/2026 A A \u2018Institucionet n\u00eb sh\u00ebrbim t\u00eb drog\u00ebs\u2019, Bushkolaj: \u2018Albanian Files\u2019, skaneri i asaj q\u00eb ka ndodhur me Shqip\u00ebrin\u00eb Gazetari","author":"Kurt Farka","date":"July 14, 2026","format":false,"excerpt":"14 Korrik 2026 Gazetari Elklier Bushkolaj deklaroi n\u00eb nj\u00eb emision televiziv, se sfida m\u00eb e madhe e Shqip\u00ebris\u00eb n\u00eb rrug\u00ebn drejt Bashkimit Europian nuk lidhet me \u00e7\u00ebshtje dyt\u00ebsore, por me at\u00eb q\u00eb ai e cil\u00ebsoi si kapjen e shtetit nga krimi i organizuar dhe korrupsioni. Sipas Bushkolajt, libri Albanian Files\u2026","rel":"","context":"In &quot;Blogu i Udh\u00ebtarit&quot;","block_context":{"text":"Blogu i Udh\u00ebtarit","link":"https:\/\/www.shqiperia.com\/blog\/category\/blogu-i-udhetarit\/"},"img":{"alt_text":"","src":"https:\/\/i0.wp.com\/www.shqiperia.com\/blog\/wp-content\/uploads\/2026\/07\/900-0-1782635797xcoveri-image-jun-26-2026-12-54-56-pm-copy-958-900x570-1.png?fit=900%2C570&ssl=1&resize=350%2C200","width":350,"height":200,"srcset":"https:\/\/i0.wp.com\/www.shqiperia.com\/blog\/wp-content\/uploads\/2026\/07\/900-0-1782635797xcoveri-image-jun-26-2026-12-54-56-pm-copy-958-900x570-1.png?fit=900%2C570&ssl=1&resize=350%2C200 1x, https:\/\/i0.wp.com\/www.shqiperia.com\/blog\/wp-content\/uploads\/2026\/07\/900-0-1782635797xcoveri-image-jun-26-2026-12-54-56-pm-copy-958-900x570-1.png?fit=900%2C570&ssl=1&resize=525%2C300 1.5x, https:\/\/i0.wp.com\/www.shqiperia.com\/blog\/wp-content\/uploads\/2026\/07\/900-0-1782635797xcoveri-image-jun-26-2026-12-54-56-pm-copy-958-900x570-1.png?fit=900%2C570&ssl=1&resize=700%2C400 2x"},"classes":[]},{"id":101130,"url":"https:\/\/www.shqiperia.com\/blog\/elisa-spiropali-duhet-nje-marreveshje-e-re-per-shqiperine-kollaj-tu-sillesh-rrotull-protestave-te-sotme-me-fjale-boshe-dhe-konspiracione\/","url_meta":{"origin":105639,"position":4},"title":"Elisa Spiropali: &#8211; Duhet nj\u00eb marr\u00ebveshje e re p\u00ebr Shqip\u00ebrin\u00eb. &#8211; Kollaj t\u2019u sillesh rrotull protestave t\u00eb sotme me fjal\u00eb boshe dhe konspiracione\u201d.","author":"Kurt Farka","date":"June 5, 2026","format":false,"excerpt":"5 Qershor 2026 Ish-ministrja e Jashtme, Elisa Spiropali thot\u00eb se duhet nj\u00eb marr\u00ebveshje e re p\u00ebr Shqip\u00ebrin\u00eb. Duke iu referuar protestave t\u00eb nisura pes\u00eb dit\u00eb m\u00eb par\u00eb n\u00eb Zv\u00ebrnec, ajo thot\u00eb se \u00ebsht\u00eb kollaj ti sillesh rrotull me fjal\u00eb boshe dhe konspiracione. \u201cTani q\u00eb t\u00eb gjith\u00eb Makbethat vras\u00ebs dhe Hamletat\u2026","rel":"","context":"In &quot;Blogu i Udh\u00ebtarit&quot;","block_context":{"text":"Blogu i Udh\u00ebtarit","link":"https:\/\/www.shqiperia.com\/blog\/category\/blogu-i-udhetarit\/"},"img":{"alt_text":"","src":"https:\/\/i0.wp.com\/www.shqiperia.com\/blog\/wp-content\/uploads\/2026\/06\/elisa-spiropali.jpg?fit=1200%2C800&ssl=1&resize=350%2C200","width":350,"height":200,"srcset":"https:\/\/i0.wp.com\/www.shqiperia.com\/blog\/wp-content\/uploads\/2026\/06\/elisa-spiropali.jpg?fit=1200%2C800&ssl=1&resize=350%2C200 1x, https:\/\/i0.wp.com\/www.shqiperia.com\/blog\/wp-content\/uploads\/2026\/06\/elisa-spiropali.jpg?fit=1200%2C800&ssl=1&resize=525%2C300 1.5x, https:\/\/i0.wp.com\/www.shqiperia.com\/blog\/wp-content\/uploads\/2026\/06\/elisa-spiropali.jpg?fit=1200%2C800&ssl=1&resize=700%2C400 2x, https:\/\/i0.wp.com\/www.shqiperia.com\/blog\/wp-content\/uploads\/2026\/06\/elisa-spiropali.jpg?fit=1200%2C800&ssl=1&resize=1050%2C600 3x"},"classes":[]},{"id":102286,"url":"https:\/\/www.shqiperia.com\/blog\/ditmir-bushati-fryma-e-revoltes-nuk-do-te-shuhet\/","url_meta":{"origin":105639,"position":5},"title":"Ditmir Bushati: &#8211; Fryma e revolt\u00ebs nuk do t\u00eb shuhet","author":"Kurt Farka","date":"July 6, 2026","format":false,"excerpt":"6 Korrik 2026 Nga Ditmir Bushati E ARDHMJA \u00cbSHT\u00cb K\u00cbTU Kudo ku kam udh\u00ebtuar gjat\u00eb k\u00ebtyre jav\u00ebve p\u00ebr arsye pune, n\u00eb takime apo telefonata me miq anemban\u00eb bot\u00ebs, jam ndier krenar\u00eb p\u00ebr fjal\u00ebt e mira q\u00eb kam d\u00ebgjuar p\u00ebr Shqip\u00ebrin\u00eb. Pasqyrimi i protestave disa javore nga mediat prestigjioze nd\u00ebrkomb\u00ebtare e\u2026","rel":"","context":"In &quot;Blogu i Udh\u00ebtarit&quot;","block_context":{"text":"Blogu i Udh\u00ebtarit","link":"https:\/\/www.shqiperia.com\/blog\/category\/blogu-i-udhetarit\/"},"img":{"alt_text":"","src":"https:\/\/i0.wp.com\/www.shqiperia.com\/blog\/wp-content\/uploads\/2026\/07\/Capture-71-1.jpg?fit=1195%2C681&ssl=1&resize=350%2C200","width":350,"height":200,"srcset":"https:\/\/i0.wp.com\/www.shqiperia.com\/blog\/wp-content\/uploads\/2026\/07\/Capture-71-1.jpg?fit=1195%2C681&ssl=1&resize=350%2C200 1x, https:\/\/i0.wp.com\/www.shqiperia.com\/blog\/wp-content\/uploads\/2026\/07\/Capture-71-1.jpg?fit=1195%2C681&ssl=1&resize=525%2C300 1.5x, https:\/\/i0.wp.com\/www.shqiperia.com\/blog\/wp-content\/uploads\/2026\/07\/Capture-71-1.jpg?fit=1195%2C681&ssl=1&resize=700%2C400 2x, https:\/\/i0.wp.com\/www.shqiperia.com\/blog\/wp-content\/uploads\/2026\/07\/Capture-71-1.jpg?fit=1195%2C681&ssl=1&resize=1050%2C600 3x"},"classes":[]}],"_links":{"self":[{"href":"https:\/\/www.shqiperia.com\/blog\/wp-json\/wp\/v2\/posts\/105639","targetHints":{"allow":["GET"]}}],"collection":[{"href":"https:\/\/www.shqiperia.com\/blog\/wp-json\/wp\/v2\/posts"}],"about":[{"href":"https:\/\/www.shqiperia.com\/blog\/wp-json\/wp\/v2\/types\/post"}],"author":[{"embeddable":true,"href":"https:\/\/www.shqiperia.com\/blog\/wp-json\/wp\/v2\/users\/9"}],"replies":[{"embeddable":true,"href":"https:\/\/www.shqiperia.com\/blog\/wp-json\/wp\/v2\/comments?post=105639"}],"version-history":[{"count":1,"href":"https:\/\/www.shqiperia.com\/blog\/wp-json\/wp\/v2\/posts\/105639\/revisions"}],"predecessor-version":[{"id":105641,"href":"https:\/\/www.shqiperia.com\/blog\/wp-json\/wp\/v2\/posts\/105639\/revisions\/105641"}],"wp:featuredmedia":[{"embeddable":true,"href":"https:\/\/www.shqiperia.com\/blog\/wp-json\/wp\/v2\/media\/105640"}],"wp:attachment":[{"href":"https:\/\/www.shqiperia.com\/blog\/wp-json\/wp\/v2\/media?parent=105639"}],"wp:term":[{"taxonomy":"category","embeddable":true,"href":"https:\/\/www.shqiperia.com\/blog\/wp-json\/wp\/v2\/categories?post=105639"},{"taxonomy":"post_tag","embeddable":true,"href":"https:\/\/www.shqiperia.com\/blog\/wp-json\/wp\/v2\/tags?post=105639"}],"curies":[{"name":"wp","href":"https:\/\/api.w.org\/{rel}","templated":true}]}}