{"id":105636,"date":"2026-09-01T02:31:44","date_gmt":"2026-09-01T02:31:44","guid":{"rendered":"https:\/\/www.shqiperia.com\/blog\/?p=105636"},"modified":"2026-09-01T02:31:44","modified_gmt":"2026-09-01T02:31:44","slug":"pas-vapes-ekstreme-ekspertet-europa-te-pergatitet-per-reshje-te-medha-ne-shtator","status":"publish","type":"post","link":"https:\/\/www.shqiperia.com\/blog\/pas-vapes-ekstreme-ekspertet-europa-te-pergatitet-per-reshje-te-medha-ne-shtator\/","title":{"rendered":"Pas vap\u00ebs ekstreme, ekspert\u00ebt: Europa t\u00eb p\u00ebrgatitet p\u00ebr reshje t\u00eb m\u00ebdha n\u00eb shtator"},"content":{"rendered":"<p><img data-recalc-dims=\"1\" loading=\"lazy\" decoding=\"async\" data-attachment-id=\"105637\" data-permalink=\"https:\/\/www.shqiperia.com\/blog\/pas-vapes-ekstreme-ekspertet-europa-te-pergatitet-per-reshje-te-medha-ne-shtator\/auto_europe1788203356\/\" data-orig-file=\"https:\/\/i0.wp.com\/www.shqiperia.com\/blog\/wp-content\/uploads\/2026\/09\/auto_EUROPE1788203356.jpg?fit=900%2C506&amp;ssl=1\" data-orig-size=\"900,506\" data-comments-opened=\"1\" data-image-meta=\"{&quot;aperture&quot;:&quot;0&quot;,&quot;credit&quot;:&quot;&quot;,&quot;camera&quot;:&quot;&quot;,&quot;caption&quot;:&quot;&quot;,&quot;created_timestamp&quot;:&quot;0&quot;,&quot;copyright&quot;:&quot;&quot;,&quot;focal_length&quot;:&quot;0&quot;,&quot;iso&quot;:&quot;0&quot;,&quot;shutter_speed&quot;:&quot;0&quot;,&quot;title&quot;:&quot;&quot;,&quot;orientation&quot;:&quot;0&quot;}\" data-image-title=\"auto_EUROPE1788203356\" data-image-description=\"\" data-image-caption=\"\" data-medium-file=\"https:\/\/i0.wp.com\/www.shqiperia.com\/blog\/wp-content\/uploads\/2026\/09\/auto_EUROPE1788203356.jpg?fit=300%2C169&amp;ssl=1\" data-large-file=\"https:\/\/i0.wp.com\/www.shqiperia.com\/blog\/wp-content\/uploads\/2026\/09\/auto_EUROPE1788203356.jpg?fit=900%2C506&amp;ssl=1\" class=\"alignnone  wp-image-105637\" alt=\"\" src=\"https:\/\/i0.wp.com\/www.shqiperia.com\/blog\/wp-content\/uploads\/2026\/09\/auto_EUROPE1788203356.jpg?resize=682%2C384&#038;ssl=1\" width=\"682\" height=\"384\" srcset=\"https:\/\/i0.wp.com\/www.shqiperia.com\/blog\/wp-content\/uploads\/2026\/09\/auto_EUROPE1788203356.jpg?resize=300%2C169&amp;ssl=1 300w, https:\/\/i0.wp.com\/www.shqiperia.com\/blog\/wp-content\/uploads\/2026\/09\/auto_EUROPE1788203356.jpg?resize=768%2C432&amp;ssl=1 768w, https:\/\/i0.wp.com\/www.shqiperia.com\/blog\/wp-content\/uploads\/2026\/09\/auto_EUROPE1788203356.jpg?resize=450%2C253&amp;ssl=1 450w, https:\/\/i0.wp.com\/www.shqiperia.com\/blog\/wp-content\/uploads\/2026\/09\/auto_EUROPE1788203356.jpg?resize=600%2C337&amp;ssl=1 600w, https:\/\/i0.wp.com\/www.shqiperia.com\/blog\/wp-content\/uploads\/2026\/09\/auto_EUROPE1788203356.jpg?resize=400%2C225&amp;ssl=1 400w, https:\/\/i0.wp.com\/www.shqiperia.com\/blog\/wp-content\/uploads\/2026\/09\/auto_EUROPE1788203356.jpg?w=900&amp;ssl=1 900w\" sizes=\"auto, (max-width: 682px) 100vw, 682px\" \/><\/p>\n<p><strong>1 Shtator 2026<\/strong><\/p>\n<p><strong>Pas nj\u00eb vere p\u00ebrv\u00ebluese dhe val\u00ebve t\u00eb p\u00ebrs\u00ebritura t\u00eb t\u00eb nxehtit, Europa pritet t\u00eb p\u00ebrballet n\u00eb shtator me mot m\u00eb t\u00eb paq\u00ebndruesh\u00ebm.<\/strong><\/p>\n<p>Ekspert\u00ebt thon\u00eb se ndryshimet klimatike do t\u00eb vihen re m\u00eb tep\u00ebr n\u00eb rajonin e Mesdheut.<\/p>\n<p>Ata theksojn\u00eb se pas tre muajsh ngrohjeje, deti arrin temperaturat m\u00eb t\u00eb larta vjetore dhe p\u00ebrballet me masat e para ajrore t\u00eb ftohta. Ky kontrast mund t\u00eb krijoj\u00eb sisteme t\u00eb fuqishme atmosferike dhe reshje shum\u00eb intensive.<\/p>\n<p>Sipas meteorolog\u00ebve, vera e nxeht\u00eb e ka \u201cngarkuar\u201d Mesdheun me energji, duke rritur potencialin p\u00ebr mot ekstrem. Nd\u00ebrkoh\u00eb, El Ni\u00f1o po intensifikohet dhe pritet t\u00eb ndikoj\u00eb modelet klimatike globale gjat\u00eb muajve t\u00eb ardhsh\u00ebm.<\/p>\n<p>Ekspert\u00ebt paralajm\u00ebrojn\u00eb gjithashtu se temperaturat e vjesht\u00ebs mund t\u00eb mbeten mbi normalen, nd\u00ebrsa shkenc\u00ebtar\u00ebt druhen se viti 2027 mund t\u00eb b\u00ebhet m\u00eb i nxehti i regjistruar ndonj\u00ebher\u00eb.<\/p>\n","protected":false},"excerpt":{"rendered":"<p>1 Shtator 2026 Pas nj\u00eb vere p\u00ebrv\u00ebluese dhe val\u00ebve t\u00eb p\u00ebrs\u00ebritura t\u00eb t\u00eb nxehtit, Europa pritet t\u00eb p\u00ebrballet n\u00eb shtator me mot m\u00eb t\u00eb paq\u00ebndruesh\u00ebm. Ekspert\u00ebt thon\u00eb se ndryshimet klimatike do t\u00eb vihen re m\u00eb tep\u00ebr n\u00eb rajonin e Mesdheut. Ata theksojn\u00eb se pas tre muajsh ngrohjeje, deti arrin temperaturat m\u00eb t\u00eb larta vjetore dhe [&hellip;]<\/p>\n","protected":false},"author":9,"featured_media":105637,"comment_status":"open","ping_status":"open","sticky":false,"template":"","format":"standard","meta":{"jetpack_post_was_ever_published":false,"_jetpack_newsletter_access":"","_jetpack_dont_email_post_to_subs":false,"_jetpack_newsletter_tier_id":0,"_jetpack_memberships_contains_paywalled_content":false,"_jetpack_memberships_contains_paid_content":false,"footnotes":"","jetpack_publicize_message":"","jetpack_publicize_feature_enabled":true,"jetpack_social_post_already_shared":true,"jetpack_social_options":{"image_generator_settings":{"template":"highway","default_image_id":0,"font":"","enabled":false},"version":2}},"categories":[27,1],"tags":[],"class_list":["post-105636","post","type-post","status-publish","format-standard","has-post-thumbnail","hentry","category-blogu-i-udhetarit","category-njoftime-shtypi"],"jetpack_publicize_connections":[],"jetpack_featured_media_url":"https:\/\/i0.wp.com\/www.shqiperia.com\/blog\/wp-content\/uploads\/2026\/09\/auto_EUROPE1788203356.jpg?fit=900%2C506&ssl=1","jetpack_sharing_enabled":true,"jetpack_shortlink":"https:\/\/wp.me\/p5Z6wp-rtO","jetpack-related-posts":[{"id":105384,"url":"https:\/\/www.shqiperia.com\/blog\/vera-zgjatet-edhe-ne-shtator-temperaturat-mbeten-te-larta-termometri-pritet-te-arrije-deri-ne-42c\/","url_meta":{"origin":105636,"position":0},"title":"Vera zgjatet edhe n\u00eb shtator\/ Temperaturat mbeten t\u00eb larta, termometri pritet t\u00eb arrij\u00eb deri n\u00eb 42\u00b0C","author":"Kurt Farka","date":"August 28, 2026","format":false,"excerpt":"28 Gusht 2026 Vera duket se do t\u00eb zgjas\u00eb edhe n\u00eb dit\u00ebt e para t\u00eb shtatorit, me temperatura t\u00eb larta q\u00eb pritet t\u00eb vijojn\u00eb edhe gjat\u00eb jav\u00ebs s\u00eb ardhshme. Sinoptikania Elida Malo\u00e7ali, n\u00eb nj\u00eb lidhje t\u00eb drejtp\u00ebrdrejt\u00eb n\u00eb nj\u00eb studio televizive, dha parashikimin e motit p\u00ebr fundjav\u00ebn dhe dit\u00ebt n\u00eb\u2026","rel":"","context":"In &quot;Blogu i Udh\u00ebtarit&quot;","block_context":{"text":"Blogu i Udh\u00ebtarit","link":"https:\/\/www.shqiperia.com\/blog\/category\/blogu-i-udhetarit\/"},"img":{"alt_text":"","src":"https:\/\/i0.wp.com\/www.shqiperia.com\/blog\/wp-content\/uploads\/2026\/08\/640-0-greqi-vape-1724171595.webp?fit=640%2C428&ssl=1&resize=350%2C200","width":350,"height":200,"srcset":"https:\/\/i0.wp.com\/www.shqiperia.com\/blog\/wp-content\/uploads\/2026\/08\/640-0-greqi-vape-1724171595.webp?fit=640%2C428&ssl=1&resize=350%2C200 1x, https:\/\/i0.wp.com\/www.shqiperia.com\/blog\/wp-content\/uploads\/2026\/08\/640-0-greqi-vape-1724171595.webp?fit=640%2C428&ssl=1&resize=525%2C300 1.5x"},"classes":[]},{"id":104895,"url":"https:\/\/www.shqiperia.com\/blog\/nuk-kemi-pare-kurre-dicka-te-tille-el-nino-alarmon-shkencetaret-2027-do-te-jete-viti-me-i-nxehte-ndonjehere\/","url_meta":{"origin":105636,"position":1},"title":"\u201cNuk kemi par\u00eb kurr\u00eb di\u00e7ka t\u00eb till\u00eb\u201d\/ El Ni\u00f1o alarmon shkenc\u00ebtar\u00ebt, 2027 do t\u00eb jet\u00eb viti m\u00eb i nxeht\u00eb ndonj\u00ebher\u00eb","author":"Kurt Farka","date":"August 21, 2026","format":false,"excerpt":"21 Gusht 2026 Fenomeni El Ni\u00f1o q\u00eb po zhvillohet n\u00eb Oqeanin Paq\u00ebsor mund t\u00eb jet\u00eb m\u00eb i fuqishmi i regjistruar n\u00eb koh\u00ebt moderne, paralajm\u00ebrojn\u00eb ekspert\u00ebt e Met Office, sh\u00ebrbimit meteorologjik britanik. Fenomeni natyror klimatik pritet t\u00eb ndikoj\u00eb n\u00eb rritjen e temperaturave mesatare globale dhe t\u00eb shtoj\u00eb rrezikun p\u00ebr episode t\u00eb\u2026","rel":"","context":"In &quot;Blogu i Udh\u00ebtarit&quot;","block_context":{"text":"Blogu i Udh\u00ebtarit","link":"https:\/\/www.shqiperia.com\/blog\/category\/blogu-i-udhetarit\/"},"img":{"alt_text":"","src":"https:\/\/i0.wp.com\/www.shqiperia.com\/blog\/wp-content\/uploads\/2026\/08\/IMG_2857.webp?fit=976%2C549&ssl=1&resize=350%2C200","width":350,"height":200,"srcset":"https:\/\/i0.wp.com\/www.shqiperia.com\/blog\/wp-content\/uploads\/2026\/08\/IMG_2857.webp?fit=976%2C549&ssl=1&resize=350%2C200 1x, https:\/\/i0.wp.com\/www.shqiperia.com\/blog\/wp-content\/uploads\/2026\/08\/IMG_2857.webp?fit=976%2C549&ssl=1&resize=525%2C300 1.5x, https:\/\/i0.wp.com\/www.shqiperia.com\/blog\/wp-content\/uploads\/2026\/08\/IMG_2857.webp?fit=976%2C549&ssl=1&resize=700%2C400 2x"},"classes":[]},{"id":103257,"url":"https:\/\/www.shqiperia.com\/blog\/e-hena-me-reshje-intensive-shiu-ne-disa-qarqe-ulen-temperaturat\/","url_meta":{"origin":105636,"position":2},"title":"E h\u00ebna me reshje intensive shiu n\u00eb disa qarqe, ulen temperaturat","author":"Kurt Farka","date":"July 26, 2026","format":false,"excerpt":"26 Korrik 2026 Instituti i Gjeoshkencave ka ndar\u00eb sot nj\u00eb parashikim lidhur me kushtet e motit p\u00ebr fillimin e jav\u00ebs. Sipas t\u00eb dh\u00ebnave, e h\u00ebna do t\u00eb shoq\u00ebrohet me reshje shiu, q\u00eb do t\u00eb jen\u00eb m\u00eb intensive ve\u00e7an\u00ebrisht n\u00eb disa prej qarqeve t\u00eb vendit, nd\u00ebrsa n\u00eb zonat e tjera nuk\u2026","rel":"","context":"In &quot;Blogu i Udh\u00ebtarit&quot;","block_context":{"text":"Blogu i Udh\u00ebtarit","link":"https:\/\/www.shqiperia.com\/blog\/category\/blogu-i-udhetarit\/"},"img":{"alt_text":"","src":"https:\/\/i0.wp.com\/www.shqiperia.com\/blog\/wp-content\/uploads\/2026\/07\/640-0-shiu.png?fit=640%2C420&ssl=1&resize=350%2C200","width":350,"height":200,"srcset":"https:\/\/i0.wp.com\/www.shqiperia.com\/blog\/wp-content\/uploads\/2026\/07\/640-0-shiu.png?fit=640%2C420&ssl=1&resize=350%2C200 1x, https:\/\/i0.wp.com\/www.shqiperia.com\/blog\/wp-content\/uploads\/2026\/07\/640-0-shiu.png?fit=640%2C420&ssl=1&resize=525%2C300 1.5x"},"classes":[]},{"id":105430,"url":"https:\/\/www.shqiperia.com\/blog\/itali-vape-ekstreme-ne-jug-me-mbi-44c-veriut-i-mberrijne-stuhite\/","url_meta":{"origin":105636,"position":3},"title":"Itali\/ Vap\u00eb ekstreme n\u00eb jug me mbi 44\u00b0C, veriut i mb\u00ebrrijn\u00eb stuhit\u00eb","author":"Kurt Farka","date":"August 29, 2026","format":false,"excerpt":"29 Gusht 2026 Vala e pest\u00eb e t\u00eb nxehtit ka arritur kulmin n\u00eb Itali, duke sjell\u00eb temperatura mbi 40\u00b0C n\u00eb jug dhe n\u00eb ishuj, nd\u00ebrsa veriu i vendit po p\u00ebrballet me reshje t\u00eb dendura, stuhi dhe bresh\u00ebr. N\u00eb Kalabri \u00ebsht\u00eb regjistruar temperatura m\u00eb e lart\u00eb, me 44.6\u00b0C n\u00eb Torano Scalo,\u2026","rel":"","context":"In &quot;Blogu i Udh\u00ebtarit&quot;","block_context":{"text":"Blogu i Udh\u00ebtarit","link":"https:\/\/www.shqiperia.com\/blog\/category\/blogu-i-udhetarit\/"},"img":{"alt_text":"","src":"https:\/\/i0.wp.com\/www.shqiperia.com\/blog\/wp-content\/uploads\/2026\/08\/640-0-screenshot-2026-08-28-182424-1787934272.png?fit=640%2C358&ssl=1&resize=350%2C200","width":350,"height":200,"srcset":"https:\/\/i0.wp.com\/www.shqiperia.com\/blog\/wp-content\/uploads\/2026\/08\/640-0-screenshot-2026-08-28-182424-1787934272.png?fit=640%2C358&ssl=1&resize=350%2C200 1x, https:\/\/i0.wp.com\/www.shqiperia.com\/blog\/wp-content\/uploads\/2026\/08\/640-0-screenshot-2026-08-28-182424-1787934272.png?fit=640%2C358&ssl=1&resize=525%2C300 1.5x"},"classes":[]},{"id":103563,"url":"https:\/\/www.shqiperia.com\/blog\/thatesira-paralizon-lumin-ren-rin-nje-nga-arteriet-kryesore-tregtare-te-europes-bllokohen-transportet-rriten-shqetesimet-per-ekonomine\/","url_meta":{"origin":105636,"position":4},"title":"That\u00ebsira paralizon lumin Ren (Rin), nj\u00eb nga arteriet kryesore tregtare t\u00eb Europ\u00ebs! Bllokohen transportet, rriten shqet\u00ebsimet p\u00ebr ekonomin\u00eb","author":"Kurt Farka","date":"August 1, 2026","format":false,"excerpt":"1 Gusht 2026 Kushdo q\u00eb k\u00ebto dit\u00eb sh\u00ebtit apo thjesht ndalet buz\u00eb lumit Ren, n\u00eb Bonn apo n\u00eb nj\u00eb nga qytetet e tjera p\u00ebrgjat\u00eb brigjeve t\u00eb tij, e kupton menj\u00ebher\u00eb se di\u00e7ka mungon. Jan\u00eb anijet e mallrave, t\u00eb cilat zakonisht kalojn\u00eb pa nd\u00ebrprerje, pothuajse n\u00eb kolona, duke transportuar mallra dhe\u2026","rel":"","context":"In &quot;Blogu i Udh\u00ebtarit&quot;","block_context":{"text":"Blogu i Udh\u00ebtarit","link":"https:\/\/www.shqiperia.com\/blog\/category\/blogu-i-udhetarit\/"},"img":{"alt_text":"","src":"https:\/\/i0.wp.com\/www.shqiperia.com\/blog\/wp-content\/uploads\/2026\/08\/rinos.jpg?fit=1020%2C589&ssl=1&resize=350%2C200","width":350,"height":200,"srcset":"https:\/\/i0.wp.com\/www.shqiperia.com\/blog\/wp-content\/uploads\/2026\/08\/rinos.jpg?fit=1020%2C589&ssl=1&resize=350%2C200 1x, https:\/\/i0.wp.com\/www.shqiperia.com\/blog\/wp-content\/uploads\/2026\/08\/rinos.jpg?fit=1020%2C589&ssl=1&resize=525%2C300 1.5x, https:\/\/i0.wp.com\/www.shqiperia.com\/blog\/wp-content\/uploads\/2026\/08\/rinos.jpg?fit=1020%2C589&ssl=1&resize=700%2C400 2x"},"classes":[]},{"id":103560,"url":"https:\/\/www.shqiperia.com\/blog\/nga-energjia-te-bujqesia-e-cmimet-e-larta-kostoja-ekonomike-e-el-nino-s-si-e-prek-shqiperine\/","url_meta":{"origin":105636,"position":5},"title":"Nga energjia te bujq\u00ebsia e \u00e7mimet e larta, kostoja ekonomike e \u201cEl Ni\u00f1o-s\u201d! &#8211; Si e prek Shqip\u00ebrin\u00eb","author":"Kurt Farka","date":"August 1, 2026","format":false,"excerpt":"1 Gusht 2026 N\u00eb muajt e par\u00eb t\u00eb vitit, Shqip\u00ebria kishte energji p\u00ebr t\u00eb shitur. N\u00eb ver\u00eb, po paguan 41.5 milion\u00eb euro p\u00ebr ta importuar t\u00eb pakt\u00ebn deri tani. Kjo kthes\u00eb nuk \u00ebsht\u00eb e pazakont\u00eb. Ajo \u00ebsht\u00eb p\u00ebrs\u00ebritur nd\u00ebr vite, pasi var\u00ebsia e prodhimit vendas t\u00eb energjis\u00eb nga reshjet dhe\u2026","rel":"","context":"In &quot;Blogu i Udh\u00ebtarit&quot;","block_context":{"text":"Blogu i Udh\u00ebtarit","link":"https:\/\/www.shqiperia.com\/blog\/category\/blogu-i-udhetarit\/"},"img":{"alt_text":"","src":"https:\/\/i0.wp.com\/www.shqiperia.com\/blog\/wp-content\/uploads\/2026\/08\/Energji-hidrocentral-1242.jpg?fit=960%2C591&ssl=1&resize=350%2C200","width":350,"height":200,"srcset":"https:\/\/i0.wp.com\/www.shqiperia.com\/blog\/wp-content\/uploads\/2026\/08\/Energji-hidrocentral-1242.jpg?fit=960%2C591&ssl=1&resize=350%2C200 1x, https:\/\/i0.wp.com\/www.shqiperia.com\/blog\/wp-content\/uploads\/2026\/08\/Energji-hidrocentral-1242.jpg?fit=960%2C591&ssl=1&resize=525%2C300 1.5x, https:\/\/i0.wp.com\/www.shqiperia.com\/blog\/wp-content\/uploads\/2026\/08\/Energji-hidrocentral-1242.jpg?fit=960%2C591&ssl=1&resize=700%2C400 2x"},"classes":[]}],"_links":{"self":[{"href":"https:\/\/www.shqiperia.com\/blog\/wp-json\/wp\/v2\/posts\/105636","targetHints":{"allow":["GET"]}}],"collection":[{"href":"https:\/\/www.shqiperia.com\/blog\/wp-json\/wp\/v2\/posts"}],"about":[{"href":"https:\/\/www.shqiperia.com\/blog\/wp-json\/wp\/v2\/types\/post"}],"author":[{"embeddable":true,"href":"https:\/\/www.shqiperia.com\/blog\/wp-json\/wp\/v2\/users\/9"}],"replies":[{"embeddable":true,"href":"https:\/\/www.shqiperia.com\/blog\/wp-json\/wp\/v2\/comments?post=105636"}],"version-history":[{"count":1,"href":"https:\/\/www.shqiperia.com\/blog\/wp-json\/wp\/v2\/posts\/105636\/revisions"}],"predecessor-version":[{"id":105638,"href":"https:\/\/www.shqiperia.com\/blog\/wp-json\/wp\/v2\/posts\/105636\/revisions\/105638"}],"wp:featuredmedia":[{"embeddable":true,"href":"https:\/\/www.shqiperia.com\/blog\/wp-json\/wp\/v2\/media\/105637"}],"wp:attachment":[{"href":"https:\/\/www.shqiperia.com\/blog\/wp-json\/wp\/v2\/media?parent=105636"}],"wp:term":[{"taxonomy":"category","embeddable":true,"href":"https:\/\/www.shqiperia.com\/blog\/wp-json\/wp\/v2\/categories?post=105636"},{"taxonomy":"post_tag","embeddable":true,"href":"https:\/\/www.shqiperia.com\/blog\/wp-json\/wp\/v2\/tags?post=105636"}],"curies":[{"name":"wp","href":"https:\/\/api.w.org\/{rel}","templated":true}]}}